{"id":4401,"date":"2025-01-17T21:19:13","date_gmt":"2025-01-17T20:19:13","guid":{"rendered":"https:\/\/vieassociative.be\/actualites\/linvestiture-de-trump-a-ete-deplacee-au-capitole-en-raison-du-froid-glacial\/"},"modified":"2025-01-17T21:19:13","modified_gmt":"2025-01-17T20:19:13","slug":"linvestiture-de-trump-a-ete-deplacee-au-capitole-en-raison-du-froid-glacial","status":"publish","type":"post","link":"https:\/\/vieassociative.be\/actualites\/linvestiture-de-trump-a-ete-deplacee-au-capitole-en-raison-du-froid-glacial\/","title":{"rendered":"L&rsquo;investiture de Trump a \u00e9t\u00e9 d\u00e9plac\u00e9e au Capitole en raison du froid glacial"},"content":{"rendered":"<p><strong>En raison du froid glacial, l&rsquo;investiture du futur pr\u00e9sident am\u00e9ricain Donald Trump sera d\u00e9plac\u00e9e au Capitole. Il ne voulait pas que les gens soient bless\u00e9s ou bless\u00e9s de quelque mani\u00e8re que ce soit, et c&rsquo;est pourquoi il a ordonn\u00e9 que le discours d&rsquo;inauguration, les pri\u00e8res et autres discours aient lieu lundi dans le d\u00f4me du Capitole, a \u00e9crit Trump sur sa plateforme en ligne Truth Social.<\/strong><\/p>\n<p><span id=\"more-406292\"><\/span>Traditionnellement, la c\u00e9r\u00e9monie a lieu du c\u00f4t\u00e9 ouest du Parlement, en plein air. L&rsquo;inauguration attire g\u00e9n\u00e9ralement les foules au National Mall, la grande promenade entre le Capitole et le Lincoln Memorial.<\/p>\n<p>Trump a \u00e9crit qu&rsquo;une ar\u00e8ne sportive au centre-ville de Washington serait ouverte aux visiteurs pour assister \u00e0 l&rsquo;inauguration en direct par retransmission. Le d\u00e9fil\u00e9 traditionnel y aura \u00e9galement lieu &#8211; et lui-m\u00eame y sera apr\u00e8s sa prestation de serment, a \u00e9crit Trump.<\/p>\n<div id=\"attachment_406294\" class=\"wp-caption alignleft\" style=\"max-width: 300px\"><img fetchpriority=\"high\" decoding=\"async\" class=\"wp-image-406294 size-medium\" src=\"https:\/\/vieassociative.be\/actualites\/wp-content\/uploads\/2025\/01\/Linvestiture-de-Trump-a-ete-deplacee-au-Capitole-en-raison.jpg\" alt=\"\" width=\"300\" height=\"200\"><\/p>\n<p class=\"wp-caption-text\">16 janvier 2025, \u00c9tats-Unis, Washington : les travailleurs travaillent \u00e0 l&rsquo;ach\u00e8vement de la tribune pr\u00e9sidentielle devant la Maison Blanche avant l&rsquo;investiture du pr\u00e9sident \u00e9lu am\u00e9ricain Trump. Photo : Jon Elswick\/AP\/dpa<\/p>\n<\/div>\n<p>Washington, la capitale am\u00e9ricaine, ne peut \u00e9chapper aux temp\u00e9ratures n\u00e9gatives : lundi, il pourrait faire plus froid qu&rsquo;il ne l&rsquo;a \u00e9t\u00e9 pour une inauguration depuis des d\u00e9cennies. On ne s&rsquo;attend pas \u00e0 ce qu&rsquo;il fasse aussi froid que lors de la deuxi\u00e8me investiture de Ronald Reagan en 1985, lorsque, selon le National Weather Service, il faisait presque moins 14 degr\u00e9s \u00e0 midi. Les pr\u00e9visions pour dimanche soir sont actuellement d&rsquo;environ moins huit degr\u00e9s, la temp\u00e9rature maximale pour lundi devrait \u00eatre d&rsquo;environ moins six degr\u00e9s, mais il pourrait faire beaucoup plus froid.<\/p>\n<p>La deuxi\u00e8me investiture de Reagan devait \u00e9galement avoir lieu dans la Rotonde. Le service m\u00e9t\u00e9orologique rapporte que son inauguration a \u00e9t\u00e9 la plus froide depuis le d\u00e9but des relev\u00e9s m\u00e9t\u00e9orologiques en 1871. Le service m\u00e9t\u00e9orologique affirme que la temp\u00e9rature maximale \u00ab normale \u00bb le jour de l\u2019inauguration est de sept degr\u00e9s. La temp\u00e9rature minimale normale est de moins un degr\u00e9. A l&rsquo;heure du d\u00e9jeuner, il fait g\u00e9n\u00e9ralement autour de trois degr\u00e9s.<\/p>\n<p>Trump a utilis\u00e9 \u00e0 plusieurs reprises les vagues de froid dans le pass\u00e9 pour se moquer de l\u2019\u00e9volution du r\u00e9chauffement climatique. (dpa)<\/p>\n","protected":false},"excerpt":{"rendered":"<p>En raison du froid glacial, l&rsquo;investiture du futur pr\u00e9sident am\u00e9ricain Donald Trump sera d\u00e9plac\u00e9e au Capitole. Il ne voulait pas que les gens soient bless\u00e9s<\/p>\n","protected":false},"author":1,"featured_media":4402,"comment_status":"","ping_status":"","sticky":false,"template":"","format":"standard","meta":{"footnotes":""},"categories":[298],"tags":[4806,4805,217,1130,4807,4804,3261,2425],"class_list":["post-4401","post","type-post","status-publish","format-standard","has-post-thumbnail","hentry","category-belgique","tag-capitole","tag-deplacee","tag-ete","tag-froid","tag-glacial","tag-linvestiture","tag-raison","tag-trump","generate-columns","tablet-grid-50","mobile-grid-100","grid-parent","grid-33"],"yoast_head":"<!-- This site is optimized with the Yoast SEO plugin v24.0 - https:\/\/yoast.com\/wordpress\/plugins\/seo\/ -->\n<title>L&#039;investiture de Trump a \u00e9t\u00e9 d\u00e9plac\u00e9e au Capitole en raison du froid glacial | Vie Associative<\/title>\n<meta name=\"robots\" content=\"index, follow, max-snippet:-1, max-image-preview:large, max-video-preview:-1\" \/>\n<link rel=\"canonical\" href=\"https:\/\/vieassociative.be\/actualites\/linvestiture-de-trump-a-ete-deplacee-au-capitole-en-raison-du-froid-glacial\/\" \/>\n<meta property=\"og:locale\" content=\"fr_FR\" \/>\n<meta property=\"og:type\" content=\"article\" \/>\n<meta property=\"og:title\" content=\"L&#039;investiture de Trump a \u00e9t\u00e9 d\u00e9plac\u00e9e au Capitole en raison du froid glacial | Vie Associative\" \/>\n<meta property=\"og:description\" content=\"En raison du froid glacial, l&rsquo;investiture du futur pr\u00e9sident am\u00e9ricain Donald Trump sera d\u00e9plac\u00e9e au Capitole. Il ne voulait pas que les gens soient bless\u00e9s\" \/>\n<meta property=\"og:url\" content=\"https:\/\/vieassociative.be\/actualites\/linvestiture-de-trump-a-ete-deplacee-au-capitole-en-raison-du-froid-glacial\/\" \/>\n<meta property=\"og:site_name\" content=\"Vie Associative\" \/>\n<meta property=\"article:published_time\" content=\"2025-01-17T20:19:13+00:00\" \/>\n<meta property=\"og:image\" content=\"https:\/\/vieassociative.be\/actualites\/wp-content\/uploads\/2024\/09\/header_backgroundk-01-e1726694325946.png\" \/>\n\t<meta property=\"og:image:width\" content=\"279\" \/>\n\t<meta property=\"og:image:height\" content=\"92\" \/>\n\t<meta property=\"og:image:type\" content=\"image\/png\" \/>\n<meta name=\"author\" content=\"Julien\" \/>\n<meta name=\"twitter:card\" content=\"summary_large_image\" \/>\n<meta name=\"twitter:label1\" content=\"\u00c9crit par\" \/>\n\t<meta name=\"twitter:data1\" content=\"Julien\" \/>\n\t<meta name=\"twitter:label2\" content=\"Dur\u00e9e de lecture est.\" \/>\n\t<meta name=\"twitter:data2\" content=\"2 minutes\" \/>\n<script type=\"application\/ld+json\" class=\"yoast-schema-graph\">{\"@context\":\"https:\/\/schema.org\",\"@graph\":[{\"@type\":\"Article\",\"@id\":\"https:\/\/vieassociative.be\/actualites\/linvestiture-de-trump-a-ete-deplacee-au-capitole-en-raison-du-froid-glacial\/#article\",\"isPartOf\":{\"@id\":\"https:\/\/vieassociative.be\/actualites\/linvestiture-de-trump-a-ete-deplacee-au-capitole-en-raison-du-froid-glacial\/\"},\"author\":{\"name\":\"Julien\",\"@id\":\"https:\/\/vieassociative.be\/actualites\/#\/schema\/person\/b87ac4f82f9d4e7b7cec7395b679edc4\"},\"headline\":\"L&rsquo;investiture de Trump a \u00e9t\u00e9 d\u00e9plac\u00e9e au Capitole en raison du froid glacial\",\"datePublished\":\"2025-01-17T20:19:13+00:00\",\"dateModified\":\"2025-01-17T20:19:13+00:00\",\"mainEntityOfPage\":{\"@id\":\"https:\/\/vieassociative.be\/actualites\/linvestiture-de-trump-a-ete-deplacee-au-capitole-en-raison-du-froid-glacial\/\"},\"wordCount\":422,\"publisher\":{\"@id\":\"https:\/\/vieassociative.be\/actualites\/#organization\"},\"image\":{\"@id\":\"https:\/\/vieassociative.be\/actualites\/linvestiture-de-trump-a-ete-deplacee-au-capitole-en-raison-du-froid-glacial\/#primaryimage\"},\"thumbnailUrl\":\"https:\/\/vieassociative.be\/actualites\/wp-content\/uploads\/2025\/01\/1737145153_Linvestiture-de-Trump-a-ete-deplacee-au-Capitole-en-raison.jpg\",\"keywords\":[\"Capitole\",\"d\u00e9plac\u00e9e\",\"\u00e9t\u00e9\",\"froid\",\"glacial\",\"Linvestiture\",\"raison\",\"Trump\"],\"articleSection\":[\"Belgique\"],\"inLanguage\":\"fr-BE\"},{\"@type\":\"WebPage\",\"@id\":\"https:\/\/vieassociative.be\/actualites\/linvestiture-de-trump-a-ete-deplacee-au-capitole-en-raison-du-froid-glacial\/\",\"url\":\"https:\/\/vieassociative.be\/actualites\/linvestiture-de-trump-a-ete-deplacee-au-capitole-en-raison-du-froid-glacial\/\",\"name\":\"L'investiture de Trump a \u00e9t\u00e9 d\u00e9plac\u00e9e au Capitole en raison du froid glacial | Vie Associative\",\"isPartOf\":{\"@id\":\"https:\/\/vieassociative.be\/actualites\/#website\"},\"primaryImageOfPage\":{\"@id\":\"https:\/\/vieassociative.be\/actualites\/linvestiture-de-trump-a-ete-deplacee-au-capitole-en-raison-du-froid-glacial\/#primaryimage\"},\"image\":{\"@id\":\"https:\/\/vieassociative.be\/actualites\/linvestiture-de-trump-a-ete-deplacee-au-capitole-en-raison-du-froid-glacial\/#primaryimage\"},\"thumbnailUrl\":\"https:\/\/vieassociative.be\/actualites\/wp-content\/uploads\/2025\/01\/1737145153_Linvestiture-de-Trump-a-ete-deplacee-au-Capitole-en-raison.jpg\",\"datePublished\":\"2025-01-17T20:19:13+00:00\",\"dateModified\":\"2025-01-17T20:19:13+00:00\",\"breadcrumb\":{\"@id\":\"https:\/\/vieassociative.be\/actualites\/linvestiture-de-trump-a-ete-deplacee-au-capitole-en-raison-du-froid-glacial\/#breadcrumb\"},\"inLanguage\":\"fr-BE\",\"potentialAction\":[{\"@type\":\"ReadAction\",\"target\":[\"https:\/\/vieassociative.be\/actualites\/linvestiture-de-trump-a-ete-deplacee-au-capitole-en-raison-du-froid-glacial\/\"]}]},{\"@type\":\"ImageObject\",\"inLanguage\":\"fr-BE\",\"@id\":\"https:\/\/vieassociative.be\/actualites\/linvestiture-de-trump-a-ete-deplacee-au-capitole-en-raison-du-froid-glacial\/#primaryimage\",\"url\":\"https:\/\/vieassociative.be\/actualites\/wp-content\/uploads\/2025\/01\/1737145153_Linvestiture-de-Trump-a-ete-deplacee-au-Capitole-en-raison.jpg\",\"contentUrl\":\"https:\/\/vieassociative.be\/actualites\/wp-content\/uploads\/2025\/01\/1737145153_Linvestiture-de-Trump-a-ete-deplacee-au-Capitole-en-raison.jpg\",\"width\":1200,\"height\":800,\"caption\":\"L'investiture de Trump a \u00e9t\u00e9 d\u00e9plac\u00e9e au Capitole en raison du froid glacial\"},{\"@type\":\"BreadcrumbList\",\"@id\":\"https:\/\/vieassociative.be\/actualites\/linvestiture-de-trump-a-ete-deplacee-au-capitole-en-raison-du-froid-glacial\/#breadcrumb\",\"itemListElement\":[{\"@type\":\"ListItem\",\"position\":1,\"name\":\"Accueil\",\"item\":\"https:\/\/vieassociative.be\/actualites\/\"},{\"@type\":\"ListItem\",\"position\":2,\"name\":\"L&rsquo;investiture de Trump a \u00e9t\u00e9 d\u00e9plac\u00e9e au Capitole en raison du froid glacial\"}]},{\"@type\":\"WebSite\",\"@id\":\"https:\/\/vieassociative.be\/actualites\/#website\",\"url\":\"https:\/\/vieassociative.be\/actualites\/\",\"name\":\"Vie Associative\",\"description\":\"\",\"publisher\":{\"@id\":\"https:\/\/vieassociative.be\/actualites\/#organization\"},\"potentialAction\":[{\"@type\":\"SearchAction\",\"target\":{\"@type\":\"EntryPoint\",\"urlTemplate\":\"https:\/\/vieassociative.be\/actualites\/?s={search_term_string}\"},\"query-input\":{\"@type\":\"PropertyValueSpecification\",\"valueRequired\":true,\"valueName\":\"search_term_string\"}}],\"inLanguage\":\"fr-BE\"},{\"@type\":\"Organization\",\"@id\":\"https:\/\/vieassociative.be\/actualites\/#organization\",\"name\":\"Vie Associative\",\"url\":\"https:\/\/vieassociative.be\/actualites\/\",\"logo\":{\"@type\":\"ImageObject\",\"inLanguage\":\"fr-BE\",\"@id\":\"https:\/\/vieassociative.be\/actualites\/#\/schema\/logo\/image\/\",\"url\":\"https:\/\/vieassociative.be\/actualites\/wp-content\/uploads\/2024\/09\/cropped-vieassociative_favicon.ico.png\",\"contentUrl\":\"https:\/\/vieassociative.be\/actualites\/wp-content\/uploads\/2024\/09\/cropped-vieassociative_favicon.ico.png\",\"width\":512,\"height\":512,\"caption\":\"Vie Associative\"},\"image\":{\"@id\":\"https:\/\/vieassociative.be\/actualites\/#\/schema\/logo\/image\/\"}},{\"@type\":\"Person\",\"@id\":\"https:\/\/vieassociative.be\/actualites\/#\/schema\/person\/b87ac4f82f9d4e7b7cec7395b679edc4\",\"name\":\"Julien\",\"image\":{\"@type\":\"ImageObject\",\"inLanguage\":\"fr-BE\",\"@id\":\"https:\/\/vieassociative.be\/actualites\/#\/schema\/person\/image\/\",\"url\":\"https:\/\/vieassociative.be\/actualites\/wp-content\/uploads\/2024\/09\/vie-associative-1-150x150.jpg\",\"contentUrl\":\"https:\/\/vieassociative.be\/actualites\/wp-content\/uploads\/2024\/09\/vie-associative-1-150x150.jpg\",\"caption\":\"Julien\"},\"description\":\"Je suis Julien, r\u00e9dacteur pour Vie Associative. Passionn\u00e9 par le monde associatif depuis plus de 10 ans, j'ai \u00e0 c\u0153ur de partager des histoires inspirantes et de mettre en lumi\u00e8re les initiatives locales. Mon objectif est de sensibiliser et d'encourager l'engagement communautaire \u00e0 travers mes articles.\",\"sameAs\":[\"https:\/\/vieassociative.be\/\"]}]}<\/script>\n<!-- \/ Yoast SEO plugin. -->","yoast_head_json":{"title":"L'investiture de Trump a \u00e9t\u00e9 d\u00e9plac\u00e9e au Capitole en raison du froid glacial | Vie Associative","robots":{"index":"index","follow":"follow","max-snippet":"max-snippet:-1","max-image-preview":"max-image-preview:large","max-video-preview":"max-video-preview:-1"},"canonical":"https:\/\/vieassociative.be\/actualites\/linvestiture-de-trump-a-ete-deplacee-au-capitole-en-raison-du-froid-glacial\/","og_locale":"fr_FR","og_type":"article","og_title":"L'investiture de Trump a \u00e9t\u00e9 d\u00e9plac\u00e9e au Capitole en raison du froid glacial | Vie Associative","og_description":"En raison du froid glacial, l&rsquo;investiture du futur pr\u00e9sident am\u00e9ricain Donald Trump sera d\u00e9plac\u00e9e au Capitole. Il ne voulait pas que les gens soient bless\u00e9s","og_url":"https:\/\/vieassociative.be\/actualites\/linvestiture-de-trump-a-ete-deplacee-au-capitole-en-raison-du-froid-glacial\/","og_site_name":"Vie Associative","article_published_time":"2025-01-17T20:19:13+00:00","og_image":[{"width":279,"height":92,"url":"https:\/\/vieassociative.be\/actualites\/wp-content\/uploads\/2024\/09\/header_backgroundk-01-e1726694325946.png","type":"image\/png"}],"author":"Julien","twitter_card":"summary_large_image","twitter_misc":{"\u00c9crit par":"Julien","Dur\u00e9e de lecture est.":"2 minutes"},"schema":{"@context":"https:\/\/schema.org","@graph":[{"@type":"Article","@id":"https:\/\/vieassociative.be\/actualites\/linvestiture-de-trump-a-ete-deplacee-au-capitole-en-raison-du-froid-glacial\/#article","isPartOf":{"@id":"https:\/\/vieassociative.be\/actualites\/linvestiture-de-trump-a-ete-deplacee-au-capitole-en-raison-du-froid-glacial\/"},"author":{"name":"Julien","@id":"https:\/\/vieassociative.be\/actualites\/#\/schema\/person\/b87ac4f82f9d4e7b7cec7395b679edc4"},"headline":"L&rsquo;investiture de Trump a \u00e9t\u00e9 d\u00e9plac\u00e9e au Capitole en raison du froid glacial","datePublished":"2025-01-17T20:19:13+00:00","dateModified":"2025-01-17T20:19:13+00:00","mainEntityOfPage":{"@id":"https:\/\/vieassociative.be\/actualites\/linvestiture-de-trump-a-ete-deplacee-au-capitole-en-raison-du-froid-glacial\/"},"wordCount":422,"publisher":{"@id":"https:\/\/vieassociative.be\/actualites\/#organization"},"image":{"@id":"https:\/\/vieassociative.be\/actualites\/linvestiture-de-trump-a-ete-deplacee-au-capitole-en-raison-du-froid-glacial\/#primaryimage"},"thumbnailUrl":"https:\/\/vieassociative.be\/actualites\/wp-content\/uploads\/2025\/01\/1737145153_Linvestiture-de-Trump-a-ete-deplacee-au-Capitole-en-raison.jpg","keywords":["Capitole","d\u00e9plac\u00e9e","\u00e9t\u00e9","froid","glacial","Linvestiture","raison","Trump"],"articleSection":["Belgique"],"inLanguage":"fr-BE"},{"@type":"WebPage","@id":"https:\/\/vieassociative.be\/actualites\/linvestiture-de-trump-a-ete-deplacee-au-capitole-en-raison-du-froid-glacial\/","url":"https:\/\/vieassociative.be\/actualites\/linvestiture-de-trump-a-ete-deplacee-au-capitole-en-raison-du-froid-glacial\/","name":"L'investiture de Trump a \u00e9t\u00e9 d\u00e9plac\u00e9e au Capitole en raison du froid glacial | Vie Associative","isPartOf":{"@id":"https:\/\/vieassociative.be\/actualites\/#website"},"primaryImageOfPage":{"@id":"https:\/\/vieassociative.be\/actualites\/linvestiture-de-trump-a-ete-deplacee-au-capitole-en-raison-du-froid-glacial\/#primaryimage"},"image":{"@id":"https:\/\/vieassociative.be\/actualites\/linvestiture-de-trump-a-ete-deplacee-au-capitole-en-raison-du-froid-glacial\/#primaryimage"},"thumbnailUrl":"https:\/\/vieassociative.be\/actualites\/wp-content\/uploads\/2025\/01\/1737145153_Linvestiture-de-Trump-a-ete-deplacee-au-Capitole-en-raison.jpg","datePublished":"2025-01-17T20:19:13+00:00","dateModified":"2025-01-17T20:19:13+00:00","breadcrumb":{"@id":"https:\/\/vieassociative.be\/actualites\/linvestiture-de-trump-a-ete-deplacee-au-capitole-en-raison-du-froid-glacial\/#breadcrumb"},"inLanguage":"fr-BE","potentialAction":[{"@type":"ReadAction","target":["https:\/\/vieassociative.be\/actualites\/linvestiture-de-trump-a-ete-deplacee-au-capitole-en-raison-du-froid-glacial\/"]}]},{"@type":"ImageObject","inLanguage":"fr-BE","@id":"https:\/\/vieassociative.be\/actualites\/linvestiture-de-trump-a-ete-deplacee-au-capitole-en-raison-du-froid-glacial\/#primaryimage","url":"https:\/\/vieassociative.be\/actualites\/wp-content\/uploads\/2025\/01\/1737145153_Linvestiture-de-Trump-a-ete-deplacee-au-Capitole-en-raison.jpg","contentUrl":"https:\/\/vieassociative.be\/actualites\/wp-content\/uploads\/2025\/01\/1737145153_Linvestiture-de-Trump-a-ete-deplacee-au-Capitole-en-raison.jpg","width":1200,"height":800,"caption":"L'investiture de Trump a \u00e9t\u00e9 d\u00e9plac\u00e9e au Capitole en raison du froid glacial"},{"@type":"BreadcrumbList","@id":"https:\/\/vieassociative.be\/actualites\/linvestiture-de-trump-a-ete-deplacee-au-capitole-en-raison-du-froid-glacial\/#breadcrumb","itemListElement":[{"@type":"ListItem","position":1,"name":"Accueil","item":"https:\/\/vieassociative.be\/actualites\/"},{"@type":"ListItem","position":2,"name":"L&rsquo;investiture de Trump a \u00e9t\u00e9 d\u00e9plac\u00e9e au Capitole en raison du froid glacial"}]},{"@type":"WebSite","@id":"https:\/\/vieassociative.be\/actualites\/#website","url":"https:\/\/vieassociative.be\/actualites\/","name":"Vie Associative","description":"","publisher":{"@id":"https:\/\/vieassociative.be\/actualites\/#organization"},"potentialAction":[{"@type":"SearchAction","target":{"@type":"EntryPoint","urlTemplate":"https:\/\/vieassociative.be\/actualites\/?s={search_term_string}"},"query-input":{"@type":"PropertyValueSpecification","valueRequired":true,"valueName":"search_term_string"}}],"inLanguage":"fr-BE"},{"@type":"Organization","@id":"https:\/\/vieassociative.be\/actualites\/#organization","name":"Vie Associative","url":"https:\/\/vieassociative.be\/actualites\/","logo":{"@type":"ImageObject","inLanguage":"fr-BE","@id":"https:\/\/vieassociative.be\/actualites\/#\/schema\/logo\/image\/","url":"https:\/\/vieassociative.be\/actualites\/wp-content\/uploads\/2024\/09\/cropped-vieassociative_favicon.ico.png","contentUrl":"https:\/\/vieassociative.be\/actualites\/wp-content\/uploads\/2024\/09\/cropped-vieassociative_favicon.ico.png","width":512,"height":512,"caption":"Vie Associative"},"image":{"@id":"https:\/\/vieassociative.be\/actualites\/#\/schema\/logo\/image\/"}},{"@type":"Person","@id":"https:\/\/vieassociative.be\/actualites\/#\/schema\/person\/b87ac4f82f9d4e7b7cec7395b679edc4","name":"Julien","image":{"@type":"ImageObject","inLanguage":"fr-BE","@id":"https:\/\/vieassociative.be\/actualites\/#\/schema\/person\/image\/","url":"https:\/\/vieassociative.be\/actualites\/wp-content\/uploads\/2024\/09\/vie-associative-1-150x150.jpg","contentUrl":"https:\/\/vieassociative.be\/actualites\/wp-content\/uploads\/2024\/09\/vie-associative-1-150x150.jpg","caption":"Julien"},"description":"Je suis Julien, r\u00e9dacteur pour Vie Associative. Passionn\u00e9 par le monde associatif depuis plus de 10 ans, j'ai \u00e0 c\u0153ur de partager des histoires inspirantes et de mettre en lumi\u00e8re les initiatives locales. Mon objectif est de sensibiliser et d'encourager l'engagement communautaire \u00e0 travers mes articles.","sameAs":["https:\/\/vieassociative.be\/"]}]}},"_links":{"self":[{"href":"https:\/\/vieassociative.be\/actualites\/wp-json\/wp\/v2\/posts\/4401"}],"collection":[{"href":"https:\/\/vieassociative.be\/actualites\/wp-json\/wp\/v2\/posts"}],"about":[{"href":"https:\/\/vieassociative.be\/actualites\/wp-json\/wp\/v2\/types\/post"}],"author":[{"embeddable":true,"href":"https:\/\/vieassociative.be\/actualites\/wp-json\/wp\/v2\/users\/1"}],"replies":[{"embeddable":true,"href":"https:\/\/vieassociative.be\/actualites\/wp-json\/wp\/v2\/comments?post=4401"}],"version-history":[{"count":0,"href":"https:\/\/vieassociative.be\/actualites\/wp-json\/wp\/v2\/posts\/4401\/revisions"}],"wp:featuredmedia":[{"embeddable":true,"href":"https:\/\/vieassociative.be\/actualites\/wp-json\/wp\/v2\/media\/4402"}],"wp:attachment":[{"href":"https:\/\/vieassociative.be\/actualites\/wp-json\/wp\/v2\/media?parent=4401"}],"wp:term":[{"taxonomy":"category","embeddable":true,"href":"https:\/\/vieassociative.be\/actualites\/wp-json\/wp\/v2\/categories?post=4401"},{"taxonomy":"post_tag","embeddable":true,"href":"https:\/\/vieassociative.be\/actualites\/wp-json\/wp\/v2\/tags?post=4401"}],"curies":[{"name":"wp","href":"https:\/\/api.w.org\/{rel}","templated":true}]}}