{"id":4397,"date":"2025-01-17T18:17:23","date_gmt":"2025-01-17T17:17:23","guid":{"rendered":"https:\/\/vieassociative.be\/actualites\/dites-nous-vos-meilleures-astuces-parentales-en-cas-de-pandemie\/"},"modified":"2025-01-17T18:17:23","modified_gmt":"2025-01-17T17:17:23","slug":"dites-nous-vos-meilleures-astuces-parentales-en-cas-de-pandemie","status":"publish","type":"post","link":"https:\/\/vieassociative.be\/actualites\/dites-nous-vos-meilleures-astuces-parentales-en-cas-de-pandemie\/","title":{"rendered":"Dites-nous vos meilleures astuces parentales en cas de pand\u00e9mie"},"content":{"rendered":"<p>Avons-nous atteint le point dans la crise des coronavirus o\u00f9 nous commen\u00e7ons r\u00e9ellement \u00e0 nous am\u00e9liorer un peu en mati\u00e8re de parentalit\u00e9 en cas de pand\u00e9mie ? Beaucoup d\u2019entre nous sont dans cette situation depuis plusieurs semaines maintenant et ont, tr\u00e8s s\u00e9rieusement, travers\u00e9 de nombreuses \u00e9tapes, sinon la totalit\u00e9, de deuil face \u00e0 ce qu\u2019est devenue notre vie quotidienne. Et pourtant, nous faisons ce que font toujours les parents : nous trouvons un moyen de faire en sorte que cela fonctionne. Nous survivons un autre jour et parfois, nous d\u00e9couvrons m\u00eame un petit truc au hasard en cours de route.<\/p>\n<p>Ce qui fonctionne pour un parent et un enfant peut ne pas fonctionner pour un autre. Mais si nous mettons un tas de trucs et astuces dans un seul gros tas, nous trouverons tous probablement quelque chose de nouveau \u00e0 essayer. J&rsquo;ai donc commenc\u00e9 par demander \u00e0 notre groupe Facebook Offspring\u00a0: quelles sont vos meilleures astuces parentales en cas de pand\u00e9mie jusqu&rsquo;\u00e0 pr\u00e9sent\u00a0? Et les r\u00e9ponses ont \u00e9t\u00e9 rapides et furieuses. Voici mes favoris :<\/p>\n<ul>\n<li>\n<p>\u00ab\u00a0Si vous dites\u00a0:\u00a0\u00bb<strong>Venez ici les enfants, nous devons faire vos le\u00e7ons<\/strong>&lsquo;, ils vous laisseront tranquille pendant au moins deux heures. (Leigh)<\/p>\n<\/li>\n<li>\n<p>\u00ab M\u00eame avant la pand\u00e9mie, <strong>tout le monde a un temps de repos l&rsquo;apr\u00e8s-midi<\/strong> (sieste, non, je m&rsquo;en fiche) o\u00f9 ils sont seuls pendant 90 \u00e0 120 minutes. Cela est n\u00e9 de l\u2019heure de la sieste, lorsque chacun de nos enfants a arr\u00eat\u00e9 de faire la sieste. (Michelle)<\/p>\n<\/li>\n<li>\n<p>\u00ab\u00a0<strong>La chasse aux \u0153ufs de P\u00e2ques n&rsquo;est pas r\u00e9serv\u00e9e qu&rsquo;\u00e0 P\u00e2ques<\/strong>. Nous avons coll\u00e9 des craquelins d&rsquo;animaux (les pr\u00e9f\u00e9r\u00e9s des enfants) dans les \u0153ufs en plastique et les avons cach\u00e9s dans la maison. Cela nous fait gagner au moins 20 minutes de temps. (Pr\u00e9sident)<\/p>\n<\/li>\n<li>\n<p>\u00abNous avions <strong>chacun des enfants construit son propre coin<\/strong> o\u00f9 personne ne peut les d\u00e9ranger. Couvertures, oreillers, peluches, livres, peu importe. Nous avons un petit endroit (le coin de mon plus jeune est dans mon placard), mais de cette fa\u00e7on, chacun a un endroit o\u00f9 aller quand il veut \u00eatre laiss\u00e9 seul. Sauf les parents, bien s\u00fbr. (Julie)<\/p>\n<\/li>\n<li>\n<p>\u00abL&rsquo;une de mes plus grandes astuces pour \u00ab\u00a0interrompre la journ\u00e9e\u00a0\u00bb pour les enfants est de les faire <strong>prendre un bain ou une douche en milieu de journ\u00e9e<\/strong>. Cela rafra\u00eechit tout le monde et force une pause d\u2019\u00e9cran. (Jackie)<\/p>\n<\/li>\n<li>\n<p>\u00abNous faisons <strong>passages en voiture chez ses amis<\/strong>. Nous restons dans la voiture. Les amis restent dans leur cour. Ils se parlent\/se crient dessus et font des d\u00e9monstrations avec des jouets. (Marienne)<\/p>\n<\/li>\n<li>\n<p>\u00abNous avons utilis\u00e9 un \u00e9pisode Peg + Cat pour aider \u00e0 enseigner \u00e0 l&rsquo;enfant de 5 ans la notion de temps, puis <strong>demander \u00e0 Alexa de r\u00e9gler des minuteries<\/strong> combien de temps ils doivent faire une activit\u00e9 sans un adulte. Ils peuvent lui demander combien de temps il leur reste, disposer d\u2019un indicateur clair et promettre qu\u2019ils attireront bient\u00f4t notre attention. (Jenn)<\/p>\n<\/li>\n<li>\n<p>\u00ab\u00a0<strong>Faire des choses normales dans des endroits inhabituels<\/strong>\u2014on a pique-niqu\u00e9 sur la pelouse, on a test\u00e9 tous les rep\u00e8res sur la terrasse (sur papier), on a mang\u00e9 dans le hall, on a lu dans les escaliers. Une petite activit\u00e9 comme celle-ci fait une grande diff\u00e9rence. (Carrie)<\/p>\n<\/li>\n<li>\n<p>\u00ab\u00a0Si vous devez emmener votre enfant \u00e0 l&rsquo;\u00e9picerie (je sais, non, mais si vous devez le faire)&#8230; <strong>demander \u00e0 l&rsquo;enfant de porter son jouet le plus pr\u00e9cieux<\/strong> que vous ne les laisseriez jamais sortir de la maison. V\u00e9rifier s&rsquo;ils tiennent toujours le jouet est plus efficace que \u00ab arr\u00eater de toucher \u00e7a \u00bb. De plus, mon enfant a d\u00e9cid\u00e9 que si nous portions des masques dans le magasin, nous devions nous faufiler, donc tout ce qui se murmure sur sc\u00e8ne contribue \u00e0 rendre les choses plus idiotes. (Michael)<\/p>\n<\/li>\n<li>\n<p>\u00ab\u00a0Mon enfant de six ans a tendance \u00e0 me d\u00e9connecter, alors <strong>J&rsquo;ai commenc\u00e9 \u00e0 chuchoter pour attirer son attention<\/strong>. Elle pense que je partage un secret. (Katie)<\/p>\n<\/li>\n<\/ul>\n<p>Et enfin, l&rsquo;un de mes pr\u00e9f\u00e9r\u00e9s est un hack qui <em>deux<\/em> Les parents de notre groupe ont connu un succ\u00e8s continu en leur permettant de couper l&rsquo;herbe avec des ciseaux de s\u00e9curit\u00e9.<\/p>\n<div class=\"eloquent-imagery-image\">\n<div class=\"flex justify-center\">\n                    <img decoding=\"async\" class=\"border border-gray-100\" src=\"https:\/\/vieassociative.be\/actualites\/wp-content\/uploads\/2025\/01\/Dites-nous-vos-meilleures-astuces-parentales-en-cas-de-pandemie.jpg\" alt=\"Image de pirate de la vie\" width=\"2000\" height=\"2000\" loading=\"lazy\"  >\n            <\/div>\n<\/p><\/div>\n<p>\u00ab\u00a0Mes enfants ont coup\u00e9 l&rsquo;herbe avec des ciseaux pour enfants pendant PLUS de 40 minutes hier et ont demand\u00e9 \u00e0 le faire \u00e0 nouveau aujourd&rsquo;hui\u00a0\u00bb, explique Carrie, membre du groupe.<\/p>\n<p>Vous voyez, c&rsquo;est de cela que je parle. Ce sont les id\u00e9es dont nous avons besoin en ce moment.<\/p>\n<div class=\"mx-auto my-6 flex max-w-3xl flex-col overflow-hidden rounded-md border border-gray-300 sm:flex-row sm:items-center\">\n<p>                <img decoding=\"async\" class=\"!mt-0 w-full rounded-md border-gray-100\" src=\"https:\/\/vieassociative.be\/actualites\/wp-content\/uploads\/2025\/01\/1737134243_50_Dites-nous-vos-meilleures-astuces-parentales-en-cas-de-pandemie.jpg\" alt=\"Si vous avez du mal \u00e0 devenir parent en ce moment, vous n'\u00eates pas seul\" width=\"245\" height=\"138\" loading=\"lazy\"><\/p>\n<div class=\"p-4\">\n<p>                Si vous avez du mal \u00e0 devenir parent en ce moment, vous n&rsquo;\u00eates pas seul. Lire la suite\n        <\/p><\/div>\n<\/p><\/div>\n<p>Mon hack pr\u00e9f\u00e9r\u00e9 que j\u2019ai utilis\u00e9 jusqu\u2019\u00e0 pr\u00e9sent\u00a0? Des balades \u00e0 v\u00e9lo entre amis, de part et d&rsquo;autre de la rue. Un enfant reste d\u2019un c\u00f4t\u00e9 avec un parent derri\u00e8re lui. L\u2019autre enfant reste de l\u2019autre c\u00f4t\u00e9, suivi d\u2019un parent. Ils peuvent rouler ensemble, se crier de l&rsquo;autre c\u00f4t\u00e9 de la rue et m\u00eame \u00ab faire la course \u00bb sans que les parents ou les enfants ne se rapprochent jamais \u00e0 moins de six pieds les uns des autres. <\/p>\n<p>Je sais que tu en as aussi. Alors, dites-nous dans les commentaires\u00a0: quelles sont vos meilleures astuces parentales en cas de pand\u00e9mie jusqu&rsquo;\u00e0 pr\u00e9sent\u00a0?<\/p>\n<hr>\n<p><em>Rencontrez les parents les plus intelligents de la plan\u00e8te\u00a0! Rejoignez notre groupe Facebook parental.<\/em><\/p>\n","protected":false},"excerpt":{"rendered":"<p>Avons-nous atteint le point dans la crise des coronavirus o\u00f9 nous commen\u00e7ons r\u00e9ellement \u00e0 nous am\u00e9liorer un peu en mati\u00e8re de parentalit\u00e9 en cas de<\/p>\n","protected":false},"author":1,"featured_media":4398,"comment_status":"","ping_status":"","sticky":false,"template":"","format":"standard","meta":{"footnotes":""},"categories":[37],"tags":[301,2691,4801,79,4617,2162,27],"class_list":["post-4397","post","type-post","status-publish","format-standard","has-post-thumbnail","hentry","category-famille","tag-astuces","tag-cas","tag-ditesnous","tag-meilleures","tag-pandemie","tag-parentales","tag-vos","generate-columns","tablet-grid-50","mobile-grid-100","grid-parent","grid-33"],"yoast_head":"<!-- This site is optimized with the Yoast SEO plugin v24.0 - https:\/\/yoast.com\/wordpress\/plugins\/seo\/ -->\n<title>Dites-nous vos meilleures astuces parentales en cas de pand\u00e9mie | Vie Associative<\/title>\n<meta name=\"robots\" content=\"index, follow, max-snippet:-1, max-image-preview:large, max-video-preview:-1\" \/>\n<link rel=\"canonical\" href=\"https:\/\/vieassociative.be\/actualites\/dites-nous-vos-meilleures-astuces-parentales-en-cas-de-pandemie\/\" \/>\n<meta property=\"og:locale\" content=\"fr_FR\" \/>\n<meta property=\"og:type\" content=\"article\" \/>\n<meta property=\"og:title\" content=\"Dites-nous vos meilleures astuces parentales en cas de pand\u00e9mie | Vie Associative\" \/>\n<meta property=\"og:description\" content=\"Avons-nous atteint le point dans la crise des coronavirus o\u00f9 nous commen\u00e7ons r\u00e9ellement \u00e0 nous am\u00e9liorer un peu en mati\u00e8re de parentalit\u00e9 en cas de\" \/>\n<meta property=\"og:url\" content=\"https:\/\/vieassociative.be\/actualites\/dites-nous-vos-meilleures-astuces-parentales-en-cas-de-pandemie\/\" \/>\n<meta property=\"og:site_name\" content=\"Vie Associative\" \/>\n<meta property=\"article:published_time\" content=\"2025-01-17T17:17:23+00:00\" \/>\n<meta property=\"og:image\" content=\"https:\/\/vieassociative.be\/actualites\/wp-content\/uploads\/2025\/01\/Dites-nous-vos-meilleures-astuces-parentales-en-cas-de-pandemie.jpg\" \/>\n<meta name=\"author\" content=\"Julien\" \/>\n<meta name=\"twitter:card\" content=\"summary_large_image\" \/>\n<meta name=\"twitter:label1\" content=\"\u00c9crit par\" \/>\n\t<meta name=\"twitter:data1\" content=\"Julien\" \/>\n\t<meta name=\"twitter:label2\" content=\"Dur\u00e9e de lecture est.\" \/>\n\t<meta name=\"twitter:data2\" content=\"5 minutes\" \/>\n<script type=\"application\/ld+json\" class=\"yoast-schema-graph\">{\"@context\":\"https:\/\/schema.org\",\"@graph\":[{\"@type\":\"Article\",\"@id\":\"https:\/\/vieassociative.be\/actualites\/dites-nous-vos-meilleures-astuces-parentales-en-cas-de-pandemie\/#article\",\"isPartOf\":{\"@id\":\"https:\/\/vieassociative.be\/actualites\/dites-nous-vos-meilleures-astuces-parentales-en-cas-de-pandemie\/\"},\"author\":{\"name\":\"Julien\",\"@id\":\"https:\/\/vieassociative.be\/actualites\/#\/schema\/person\/b87ac4f82f9d4e7b7cec7395b679edc4\"},\"headline\":\"Dites-nous vos meilleures astuces parentales en cas de pand\u00e9mie\",\"datePublished\":\"2025-01-17T17:17:23+00:00\",\"dateModified\":\"2025-01-17T17:17:23+00:00\",\"mainEntityOfPage\":{\"@id\":\"https:\/\/vieassociative.be\/actualites\/dites-nous-vos-meilleures-astuces-parentales-en-cas-de-pandemie\/\"},\"wordCount\":927,\"publisher\":{\"@id\":\"https:\/\/vieassociative.be\/actualites\/#organization\"},\"image\":{\"@id\":\"https:\/\/vieassociative.be\/actualites\/dites-nous-vos-meilleures-astuces-parentales-en-cas-de-pandemie\/#primaryimage\"},\"thumbnailUrl\":\"https:\/\/vieassociative.be\/actualites\/wp-content\/uploads\/2025\/01\/1737134244_Dites-nous-vos-meilleures-astuces-parentales-en-cas-de-pandemie.jpg\",\"keywords\":[\"astuces\",\"cas\",\"Ditesnous\",\"meilleures\",\"pand\u00e9mie\",\"parentales\",\"vos\"],\"articleSection\":[\"Famille\"],\"inLanguage\":\"fr-BE\"},{\"@type\":\"WebPage\",\"@id\":\"https:\/\/vieassociative.be\/actualites\/dites-nous-vos-meilleures-astuces-parentales-en-cas-de-pandemie\/\",\"url\":\"https:\/\/vieassociative.be\/actualites\/dites-nous-vos-meilleures-astuces-parentales-en-cas-de-pandemie\/\",\"name\":\"Dites-nous vos meilleures astuces parentales en cas de pand\u00e9mie | Vie Associative\",\"isPartOf\":{\"@id\":\"https:\/\/vieassociative.be\/actualites\/#website\"},\"primaryImageOfPage\":{\"@id\":\"https:\/\/vieassociative.be\/actualites\/dites-nous-vos-meilleures-astuces-parentales-en-cas-de-pandemie\/#primaryimage\"},\"image\":{\"@id\":\"https:\/\/vieassociative.be\/actualites\/dites-nous-vos-meilleures-astuces-parentales-en-cas-de-pandemie\/#primaryimage\"},\"thumbnailUrl\":\"https:\/\/vieassociative.be\/actualites\/wp-content\/uploads\/2025\/01\/1737134244_Dites-nous-vos-meilleures-astuces-parentales-en-cas-de-pandemie.jpg\",\"datePublished\":\"2025-01-17T17:17:23+00:00\",\"dateModified\":\"2025-01-17T17:17:23+00:00\",\"breadcrumb\":{\"@id\":\"https:\/\/vieassociative.be\/actualites\/dites-nous-vos-meilleures-astuces-parentales-en-cas-de-pandemie\/#breadcrumb\"},\"inLanguage\":\"fr-BE\",\"potentialAction\":[{\"@type\":\"ReadAction\",\"target\":[\"https:\/\/vieassociative.be\/actualites\/dites-nous-vos-meilleures-astuces-parentales-en-cas-de-pandemie\/\"]}]},{\"@type\":\"ImageObject\",\"inLanguage\":\"fr-BE\",\"@id\":\"https:\/\/vieassociative.be\/actualites\/dites-nous-vos-meilleures-astuces-parentales-en-cas-de-pandemie\/#primaryimage\",\"url\":\"https:\/\/vieassociative.be\/actualites\/wp-content\/uploads\/2025\/01\/1737134244_Dites-nous-vos-meilleures-astuces-parentales-en-cas-de-pandemie.jpg\",\"contentUrl\":\"https:\/\/vieassociative.be\/actualites\/wp-content\/uploads\/2025\/01\/1737134244_Dites-nous-vos-meilleures-astuces-parentales-en-cas-de-pandemie.jpg\",\"width\":1200,\"height\":675,\"caption\":\"Dites-nous vos meilleures astuces parentales en cas de pand\u00e9mie\"},{\"@type\":\"BreadcrumbList\",\"@id\":\"https:\/\/vieassociative.be\/actualites\/dites-nous-vos-meilleures-astuces-parentales-en-cas-de-pandemie\/#breadcrumb\",\"itemListElement\":[{\"@type\":\"ListItem\",\"position\":1,\"name\":\"Accueil\",\"item\":\"https:\/\/vieassociative.be\/actualites\/\"},{\"@type\":\"ListItem\",\"position\":2,\"name\":\"Dites-nous vos meilleures astuces parentales en cas de pand\u00e9mie\"}]},{\"@type\":\"WebSite\",\"@id\":\"https:\/\/vieassociative.be\/actualites\/#website\",\"url\":\"https:\/\/vieassociative.be\/actualites\/\",\"name\":\"Vie Associative\",\"description\":\"\",\"publisher\":{\"@id\":\"https:\/\/vieassociative.be\/actualites\/#organization\"},\"potentialAction\":[{\"@type\":\"SearchAction\",\"target\":{\"@type\":\"EntryPoint\",\"urlTemplate\":\"https:\/\/vieassociative.be\/actualites\/?s={search_term_string}\"},\"query-input\":{\"@type\":\"PropertyValueSpecification\",\"valueRequired\":true,\"valueName\":\"search_term_string\"}}],\"inLanguage\":\"fr-BE\"},{\"@type\":\"Organization\",\"@id\":\"https:\/\/vieassociative.be\/actualites\/#organization\",\"name\":\"Vie Associative\",\"url\":\"https:\/\/vieassociative.be\/actualites\/\",\"logo\":{\"@type\":\"ImageObject\",\"inLanguage\":\"fr-BE\",\"@id\":\"https:\/\/vieassociative.be\/actualites\/#\/schema\/logo\/image\/\",\"url\":\"https:\/\/vieassociative.be\/actualites\/wp-content\/uploads\/2024\/09\/cropped-vieassociative_favicon.ico.png\",\"contentUrl\":\"https:\/\/vieassociative.be\/actualites\/wp-content\/uploads\/2024\/09\/cropped-vieassociative_favicon.ico.png\",\"width\":512,\"height\":512,\"caption\":\"Vie Associative\"},\"image\":{\"@id\":\"https:\/\/vieassociative.be\/actualites\/#\/schema\/logo\/image\/\"}},{\"@type\":\"Person\",\"@id\":\"https:\/\/vieassociative.be\/actualites\/#\/schema\/person\/b87ac4f82f9d4e7b7cec7395b679edc4\",\"name\":\"Julien\",\"image\":{\"@type\":\"ImageObject\",\"inLanguage\":\"fr-BE\",\"@id\":\"https:\/\/vieassociative.be\/actualites\/#\/schema\/person\/image\/\",\"url\":\"https:\/\/vieassociative.be\/actualites\/wp-content\/uploads\/2024\/09\/vie-associative-1-150x150.jpg\",\"contentUrl\":\"https:\/\/vieassociative.be\/actualites\/wp-content\/uploads\/2024\/09\/vie-associative-1-150x150.jpg\",\"caption\":\"Julien\"},\"description\":\"Je suis Julien, r\u00e9dacteur pour Vie Associative. Passionn\u00e9 par le monde associatif depuis plus de 10 ans, j'ai \u00e0 c\u0153ur de partager des histoires inspirantes et de mettre en lumi\u00e8re les initiatives locales. Mon objectif est de sensibiliser et d'encourager l'engagement communautaire \u00e0 travers mes articles.\",\"sameAs\":[\"https:\/\/vieassociative.be\/\"]}]}<\/script>\n<!-- \/ Yoast SEO plugin. -->","yoast_head_json":{"title":"Dites-nous vos meilleures astuces parentales en cas de pand\u00e9mie | Vie Associative","robots":{"index":"index","follow":"follow","max-snippet":"max-snippet:-1","max-image-preview":"max-image-preview:large","max-video-preview":"max-video-preview:-1"},"canonical":"https:\/\/vieassociative.be\/actualites\/dites-nous-vos-meilleures-astuces-parentales-en-cas-de-pandemie\/","og_locale":"fr_FR","og_type":"article","og_title":"Dites-nous vos meilleures astuces parentales en cas de pand\u00e9mie | Vie Associative","og_description":"Avons-nous atteint le point dans la crise des coronavirus o\u00f9 nous commen\u00e7ons r\u00e9ellement \u00e0 nous am\u00e9liorer un peu en mati\u00e8re de parentalit\u00e9 en cas de","og_url":"https:\/\/vieassociative.be\/actualites\/dites-nous-vos-meilleures-astuces-parentales-en-cas-de-pandemie\/","og_site_name":"Vie Associative","article_published_time":"2025-01-17T17:17:23+00:00","og_image":[{"url":"https:\/\/vieassociative.be\/actualites\/wp-content\/uploads\/2025\/01\/Dites-nous-vos-meilleures-astuces-parentales-en-cas-de-pandemie.jpg","type":"","width":"","height":""}],"author":"Julien","twitter_card":"summary_large_image","twitter_misc":{"\u00c9crit par":"Julien","Dur\u00e9e de lecture est.":"5 minutes"},"schema":{"@context":"https:\/\/schema.org","@graph":[{"@type":"Article","@id":"https:\/\/vieassociative.be\/actualites\/dites-nous-vos-meilleures-astuces-parentales-en-cas-de-pandemie\/#article","isPartOf":{"@id":"https:\/\/vieassociative.be\/actualites\/dites-nous-vos-meilleures-astuces-parentales-en-cas-de-pandemie\/"},"author":{"name":"Julien","@id":"https:\/\/vieassociative.be\/actualites\/#\/schema\/person\/b87ac4f82f9d4e7b7cec7395b679edc4"},"headline":"Dites-nous vos meilleures astuces parentales en cas de pand\u00e9mie","datePublished":"2025-01-17T17:17:23+00:00","dateModified":"2025-01-17T17:17:23+00:00","mainEntityOfPage":{"@id":"https:\/\/vieassociative.be\/actualites\/dites-nous-vos-meilleures-astuces-parentales-en-cas-de-pandemie\/"},"wordCount":927,"publisher":{"@id":"https:\/\/vieassociative.be\/actualites\/#organization"},"image":{"@id":"https:\/\/vieassociative.be\/actualites\/dites-nous-vos-meilleures-astuces-parentales-en-cas-de-pandemie\/#primaryimage"},"thumbnailUrl":"https:\/\/vieassociative.be\/actualites\/wp-content\/uploads\/2025\/01\/1737134244_Dites-nous-vos-meilleures-astuces-parentales-en-cas-de-pandemie.jpg","keywords":["astuces","cas","Ditesnous","meilleures","pand\u00e9mie","parentales","vos"],"articleSection":["Famille"],"inLanguage":"fr-BE"},{"@type":"WebPage","@id":"https:\/\/vieassociative.be\/actualites\/dites-nous-vos-meilleures-astuces-parentales-en-cas-de-pandemie\/","url":"https:\/\/vieassociative.be\/actualites\/dites-nous-vos-meilleures-astuces-parentales-en-cas-de-pandemie\/","name":"Dites-nous vos meilleures astuces parentales en cas de pand\u00e9mie | Vie Associative","isPartOf":{"@id":"https:\/\/vieassociative.be\/actualites\/#website"},"primaryImageOfPage":{"@id":"https:\/\/vieassociative.be\/actualites\/dites-nous-vos-meilleures-astuces-parentales-en-cas-de-pandemie\/#primaryimage"},"image":{"@id":"https:\/\/vieassociative.be\/actualites\/dites-nous-vos-meilleures-astuces-parentales-en-cas-de-pandemie\/#primaryimage"},"thumbnailUrl":"https:\/\/vieassociative.be\/actualites\/wp-content\/uploads\/2025\/01\/1737134244_Dites-nous-vos-meilleures-astuces-parentales-en-cas-de-pandemie.jpg","datePublished":"2025-01-17T17:17:23+00:00","dateModified":"2025-01-17T17:17:23+00:00","breadcrumb":{"@id":"https:\/\/vieassociative.be\/actualites\/dites-nous-vos-meilleures-astuces-parentales-en-cas-de-pandemie\/#breadcrumb"},"inLanguage":"fr-BE","potentialAction":[{"@type":"ReadAction","target":["https:\/\/vieassociative.be\/actualites\/dites-nous-vos-meilleures-astuces-parentales-en-cas-de-pandemie\/"]}]},{"@type":"ImageObject","inLanguage":"fr-BE","@id":"https:\/\/vieassociative.be\/actualites\/dites-nous-vos-meilleures-astuces-parentales-en-cas-de-pandemie\/#primaryimage","url":"https:\/\/vieassociative.be\/actualites\/wp-content\/uploads\/2025\/01\/1737134244_Dites-nous-vos-meilleures-astuces-parentales-en-cas-de-pandemie.jpg","contentUrl":"https:\/\/vieassociative.be\/actualites\/wp-content\/uploads\/2025\/01\/1737134244_Dites-nous-vos-meilleures-astuces-parentales-en-cas-de-pandemie.jpg","width":1200,"height":675,"caption":"Dites-nous vos meilleures astuces parentales en cas de pand\u00e9mie"},{"@type":"BreadcrumbList","@id":"https:\/\/vieassociative.be\/actualites\/dites-nous-vos-meilleures-astuces-parentales-en-cas-de-pandemie\/#breadcrumb","itemListElement":[{"@type":"ListItem","position":1,"name":"Accueil","item":"https:\/\/vieassociative.be\/actualites\/"},{"@type":"ListItem","position":2,"name":"Dites-nous vos meilleures astuces parentales en cas de pand\u00e9mie"}]},{"@type":"WebSite","@id":"https:\/\/vieassociative.be\/actualites\/#website","url":"https:\/\/vieassociative.be\/actualites\/","name":"Vie Associative","description":"","publisher":{"@id":"https:\/\/vieassociative.be\/actualites\/#organization"},"potentialAction":[{"@type":"SearchAction","target":{"@type":"EntryPoint","urlTemplate":"https:\/\/vieassociative.be\/actualites\/?s={search_term_string}"},"query-input":{"@type":"PropertyValueSpecification","valueRequired":true,"valueName":"search_term_string"}}],"inLanguage":"fr-BE"},{"@type":"Organization","@id":"https:\/\/vieassociative.be\/actualites\/#organization","name":"Vie Associative","url":"https:\/\/vieassociative.be\/actualites\/","logo":{"@type":"ImageObject","inLanguage":"fr-BE","@id":"https:\/\/vieassociative.be\/actualites\/#\/schema\/logo\/image\/","url":"https:\/\/vieassociative.be\/actualites\/wp-content\/uploads\/2024\/09\/cropped-vieassociative_favicon.ico.png","contentUrl":"https:\/\/vieassociative.be\/actualites\/wp-content\/uploads\/2024\/09\/cropped-vieassociative_favicon.ico.png","width":512,"height":512,"caption":"Vie Associative"},"image":{"@id":"https:\/\/vieassociative.be\/actualites\/#\/schema\/logo\/image\/"}},{"@type":"Person","@id":"https:\/\/vieassociative.be\/actualites\/#\/schema\/person\/b87ac4f82f9d4e7b7cec7395b679edc4","name":"Julien","image":{"@type":"ImageObject","inLanguage":"fr-BE","@id":"https:\/\/vieassociative.be\/actualites\/#\/schema\/person\/image\/","url":"https:\/\/vieassociative.be\/actualites\/wp-content\/uploads\/2024\/09\/vie-associative-1-150x150.jpg","contentUrl":"https:\/\/vieassociative.be\/actualites\/wp-content\/uploads\/2024\/09\/vie-associative-1-150x150.jpg","caption":"Julien"},"description":"Je suis Julien, r\u00e9dacteur pour Vie Associative. Passionn\u00e9 par le monde associatif depuis plus de 10 ans, j'ai \u00e0 c\u0153ur de partager des histoires inspirantes et de mettre en lumi\u00e8re les initiatives locales. Mon objectif est de sensibiliser et d'encourager l'engagement communautaire \u00e0 travers mes articles.","sameAs":["https:\/\/vieassociative.be\/"]}]}},"_links":{"self":[{"href":"https:\/\/vieassociative.be\/actualites\/wp-json\/wp\/v2\/posts\/4397"}],"collection":[{"href":"https:\/\/vieassociative.be\/actualites\/wp-json\/wp\/v2\/posts"}],"about":[{"href":"https:\/\/vieassociative.be\/actualites\/wp-json\/wp\/v2\/types\/post"}],"author":[{"embeddable":true,"href":"https:\/\/vieassociative.be\/actualites\/wp-json\/wp\/v2\/users\/1"}],"replies":[{"embeddable":true,"href":"https:\/\/vieassociative.be\/actualites\/wp-json\/wp\/v2\/comments?post=4397"}],"version-history":[{"count":0,"href":"https:\/\/vieassociative.be\/actualites\/wp-json\/wp\/v2\/posts\/4397\/revisions"}],"wp:featuredmedia":[{"embeddable":true,"href":"https:\/\/vieassociative.be\/actualites\/wp-json\/wp\/v2\/media\/4398"}],"wp:attachment":[{"href":"https:\/\/vieassociative.be\/actualites\/wp-json\/wp\/v2\/media?parent=4397"}],"wp:term":[{"taxonomy":"category","embeddable":true,"href":"https:\/\/vieassociative.be\/actualites\/wp-json\/wp\/v2\/categories?post=4397"},{"taxonomy":"post_tag","embeddable":true,"href":"https:\/\/vieassociative.be\/actualites\/wp-json\/wp\/v2\/tags?post=4397"}],"curies":[{"name":"wp","href":"https:\/\/api.w.org\/{rel}","templated":true}]}}