{"id":4393,"date":"2025-01-17T15:17:00","date_gmt":"2025-01-17T14:17:00","guid":{"rendered":"https:\/\/vieassociative.be\/actualites\/meloni-le-leader-du-vlaams-belang-van-grieken-lafd-et-dautres-extremistes-de-droite-lors-de-la-prestation-de-serment-de-trump\/"},"modified":"2025-01-17T15:17:00","modified_gmt":"2025-01-17T14:17:00","slug":"meloni-le-leader-du-vlaams-belang-van-grieken-lafd-et-dautres-extremistes-de-droite-lors-de-la-prestation-de-serment-de-trump","status":"publish","type":"post","link":"https:\/\/vieassociative.be\/actualites\/meloni-le-leader-du-vlaams-belang-van-grieken-lafd-et-dautres-extremistes-de-droite-lors-de-la-prestation-de-serment-de-trump\/","title":{"rendered":"Meloni, le leader du Vlaams-Belang Van Grieken, l&rsquo;AfD et d&rsquo;autres extr\u00e9mistes de droite lors de la prestation de serment de Trump"},"content":{"rendered":"<p><strong>L&rsquo;investiture de Donald Trump lundi prochain sera un m\u00e9ga-\u00e9v\u00e9nement qui sera retransmis dans le monde entier. Des hommes politiques des partis de droite viennent d\u2019Europe.<\/strong><\/p>\n<p><span id=\"more-406260\"><\/span>Apr\u00e8s la publicit\u00e9 remarqu\u00e9e de l&rsquo;AfD par le milliardaire technologique Elon Musk, plusieurs repr\u00e9sentants du parti se rendent aux \u00c9tats-Unis pour l&rsquo;investiture de Donald Trump. Comme l&rsquo;a annonc\u00e9 le groupe parlementaire de l&rsquo;AfD, le chef du parti Tino Chrupalla et la chef adjointe du groupe Beatrix von Storch seront \u00e0 Washington lundi. Damian Lohr, d\u00e9put\u00e9 de l&rsquo;AfD de Rh\u00e9nanie-Palatinat, suivra \u00e9galement en direct les c\u00e9l\u00e9brations autour du Capitole am\u00e9ricain, comme il l&rsquo;a confirm\u00e9 au dpa.<\/p>\n<p>Les autres partis ne sont pas ou peu repr\u00e9sent\u00e9s. L&rsquo;homme politique \u00e9tranger J\u00fcrgen Hardt (CDU) voyage au nom de l&rsquo;Union. Aucun membre du gouvernement f\u00e9d\u00e9ral rouge-vert n&rsquo;est encore invit\u00e9 \u00e0 la c\u00e9r\u00e9monie. Des repr\u00e9sentants de partis de droite ont annonc\u00e9 leur pr\u00e9sence en provenance d&rsquo;autres pays europ\u00e9ens.<\/p>\n<div id=\"attachment_406271\" class=\"wp-caption alignleft\" style=\"max-width: 300px\"><img fetchpriority=\"high\" decoding=\"async\" class=\"wp-image-406271 size-medium\" src=\"https:\/\/vieassociative.be\/actualites\/wp-content\/uploads\/2025\/01\/Meloni-le-leader-du-Vlaams-Belang-Van-Grieken-lAfD-et-dautres.jpg\" alt=\"\" width=\"300\" height=\"200\"><\/p>\n<p class=\"wp-caption-text\">12 janvier 2025, \u00c9tats-Unis, Washington : le Capitole des \u00c9tats-Unis s&rsquo;\u00e9l\u00e8ve au-dessus des membres du groupe marin am\u00e9ricain \u00ab The President&rsquo;s Own \u00bb lors de la r\u00e9p\u00e9tition de l&rsquo;assermentation du pr\u00e9sident \u00e9lu Trump. L&rsquo;investiture du pr\u00e9sident am\u00e9ricain Trump est pr\u00e9vue le 20 janvier. Photo : Pablo Martinez Monsivais\/AP\/dpa<\/p>\n<\/div>\n<p><b>\u2013 Invitation des r\u00e9publicains am\u00e9ricains : <\/b>Chrupalla a d\u00e9clar\u00e9 \u00e0 l&rsquo;agence de presse allemande qu&rsquo;il acceptait une invitation des milieux r\u00e9publicains am\u00e9ricains. \u00abCette pr\u00e9sidence changera le monde de mani\u00e8re durable.\u00bb Avec la candidate \u00e0 la chancellerie Alice Weidel, nous sommes pr\u00eats \u00e0 \u00eatre un partenaire solide sur le continent europ\u00e9en. \u00ab\u00a0L&rsquo;Allemagne doit entretenir de bonnes relations pacifiques avec tous les pays.\u00a0\u00bb Von Storch a \u00e9galement d\u00e9clar\u00e9 qu&rsquo;elle avait re\u00e7u une invitation. \u00ab Vous ne pouvez pas refuser cela. \u00bb Elle a expliqu\u00e9 qu\u2019elle \u00e9tait en contact avec une partie de l\u2019\u00e9quipe Trump depuis longtemps.<\/p>\n<p>Dans un premier temps, les participants de l&rsquo;AfD n&rsquo;ont pas comment\u00e9 les processus exacts sur place et ont \u00e9voqu\u00e9 la planification en cours. Par exemple, il n\u2019\u00e9tait pas clair s\u2019il y aurait des r\u00e9unions avec Trump, le futur vice-pr\u00e9sident JD Vance ou Musk. Von Storch, qui dit \u00eatre \u00e9galement accompagn\u00e9e de son mari, a confirm\u00e9 qu&rsquo;elle assisterait \u00e0 l&rsquo;un des bals apr\u00e8s l&rsquo;investiture, auquel le pr\u00e9sident \u00e9lu sera \u00e9galement pr\u00e9sent.<\/p>\n<p><b>\u2013 Weidel ne vient pas : <\/b>La co-leader du parti de Chrupalla, Alice Weidel, choisie par l&rsquo;AfD comme candidate \u00e0 la chanceli\u00e8re, ne participera pas \u00e0 l&rsquo;investiture. Votre porte-parole a fait r\u00e9f\u00e9rence au calendrier serr\u00e9 de la campagne \u00e9lectorale f\u00e9d\u00e9rale.<\/p>\n<p>Musk a r\u00e9cemment aid\u00e9 Weidel \u00e0 se faire conna\u00eetre au-del\u00e0 de l&rsquo;Allemagne gr\u00e2ce \u00e0 une conversation en direct sur sa plateforme X. Cette conversation a \u00e9t\u00e9 le point culminant d\u2019une campagne pro-AfD \u00e0 grande \u00e9chelle que l\u2019entrepreneur et confident de Trump a lanc\u00e9e peu avant No\u00ebl et avec laquelle il a provoqu\u00e9 beaucoup de troubles dans la campagne \u00e9lectorale f\u00e9d\u00e9rale.<\/p>\n<div id=\"attachment_214590\" class=\"wp-caption alignleft\" style=\"max-width: 300px\"><img decoding=\"async\" class=\"wp-image-214590 size-medium\" src=\"https:\/\/vieassociative.be\/actualites\/wp-content\/uploads\/2024\/10\/Pas-de-cordon-sanitaire-apres-Ranst-il.jpeg\" alt=\"\" width=\"300\" height=\"196\"  ><\/p>\n<p class=\"wp-caption-text\">27 mai 2019, Belgique, Bruxelles : Tom Van Grieken, pr\u00e9sident du parti Vlaams Belang, prend la parole lors d&rsquo;une conf\u00e9rence de presse. Photo : Virginie Mayo\/AP\/dpa<\/p>\n<\/div>\n<p>Le patron de Tesla avait \u00e9crit que seule l\u2019AfD pouvait \u00ab sauver \u00bb l\u2019Allemagne. Il a \u00e9galement insult\u00e9 de hauts responsables politiques allemands tels que le chancelier Olaf Scholz (SPD) et le pr\u00e9sident f\u00e9d\u00e9ral Frank-Walter Steinmeier. Les critiques accusent Musk de vouloir utiliser son \u00e9norme influence pour influencer le r\u00e9sultat des \u00e9lections f\u00e9d\u00e9rales en Allemagne. Ses messages sur X touchent th\u00e9oriquement plus de 210 millions d\u2019utilisateurs dans le monde.<\/p>\n<p>Vice Vance commente \u00e9galement l&rsquo;AfD : Le vice-pr\u00e9sident am\u00e9ricain d\u00e9sign\u00e9 JD Vance a \u00e9galement comment\u00e9 les \u00e9lections f\u00e9d\u00e9rales et l&rsquo;AfD sur X. Il ne soutient aucun parti lors des prochaines \u00e9lections, \u00ab\u00a0car ce n&rsquo;est pas mon pays et nous esp\u00e9rons avoir de bonnes relations avec tous les Allemands\u00a0\u00bb. Vance a toutefois critiqu\u00e9 la repr\u00e9sentation de l\u2019AfD dans les m\u00e9dias am\u00e9ricains. Cela d\u00e9nigrerait l\u2019AfD, m\u00eame si l\u2019AfD est plus populaire dans les r\u00e9gions d\u2019Allemagne o\u00f9 la r\u00e9sistance aux nazis a \u00e9t\u00e9 la plus grande dans le pass\u00e9.<\/p>\n<p>En tant que chef d&rsquo;un parti repr\u00e9sent\u00e9 au Bundestag, Chrupalla est actuellement l&rsquo;homme politique allemand le plus en vue lors de la c\u00e9r\u00e9monie d&rsquo;investiture. L&rsquo;Allemagne est officiellement repr\u00e9sent\u00e9e par l&rsquo;ambassadeur \u00e0 Washington Andreas Michaelis. \u00ab\u00a0C&rsquo;est \u00e9galement tr\u00e8s courant\u00a0\u00bb, a d\u00e9clar\u00e9 vendredi dernier la porte-parole adjointe du gouvernement, Christiane Hoffmann. Jusqu\u2019\u00e0 pr\u00e9sent, aucune invitation n\u2019a \u00e9t\u00e9 adress\u00e9e au chancelier Olaf Scholz (SPD) ou \u00e0 d\u2019autres membres du gouvernement f\u00e9d\u00e9ral rouge-vert.<\/p>\n<p>Cependant, la plus grande faction d&rsquo;opposition, la CDU\/CSU, est pr\u00e9sente aux c\u00f4t\u00e9s de l&rsquo;homme politique \u00e9tranger Hardt. \u00ab\u00a0Ce n&rsquo;est que par un dialogue ouvert que nous pourrons trouver des solutions b\u00e9n\u00e9fiques pour les deux parties\u00a0\u00bb, a-t-il d\u00e9clar\u00e9. En participant \u00e0 la c\u00e9r\u00e9monie, il \u00ab envoyait \u00e9galement le signal que les forces d\u00e9mocratiques en Allemagne comptent sur l\u2019amiti\u00e9 avec les \u00c9tats-Unis et veulent l\u2019approfondir \u00bb.<\/p>\n<div id=\"attachment_406268\" class=\"wp-caption alignleft\" style=\"max-width: 300px\"><img decoding=\"async\" class=\"wp-image-406268 size-medium\" src=\"https:\/\/vieassociative.be\/actualites\/wp-content\/uploads\/2025\/01\/1737123420_161_Meloni-le-leader-du-Vlaams-Belang-Van-Grieken-lAfD-et-dautres.jpg\" alt=\"\" width=\"300\" height=\"200\"><\/p>\n<p class=\"wp-caption-text\">01\/12\/2025, \u00c9tats-Unis, Washington : le Sgt. Matthew Nall, au centre, repr\u00e9sente le pr\u00e9sident \u00e9lu Donald Trump lors d&rsquo;une r\u00e9p\u00e9tition de l&rsquo;assermentation au Capitole des \u00c9tats-Unis. Photo : Pablo Martinez Monsivais\/AP\/dpa<\/p>\n<\/div>\n<p><b>\u2013 R\u00e9union de classe de la droite dirig\u00e9e par Meloni : <\/b>La c\u00e9r\u00e9monie devant le Capitole pourrait \u00eatre une sorte de r\u00e9union de classe pour la droite europ\u00e9enne \u2013 l\u2019AfD n\u2019est pas le seul parti de ce spectre.<\/p>\n<p>La Premi\u00e8re ministre italienne Giorgia Meloni s&rsquo;est annonc\u00e9e comme la repr\u00e9sentante la plus \u00e9minente. Elle a annonc\u00e9 la semaine derni\u00e8re qu\u2019elle avait re\u00e7u personnellement une invitation de Trump. La pr\u00e9sidente du parti de droite Fratelli d&rsquo;Italia (Fr\u00e8res d&rsquo;Italie) avait r\u00e9cemment rendu visite \u00e0 Trump dans son domaine priv\u00e9 de Mar-a-Lago en Floride. Le futur pr\u00e9sident am\u00e9ricain l\u2019a salu\u00e9e comme une \u00ab femme fantastique \u00bb.<\/p>\n<p><b>Les droits britanniques, fran\u00e7ais et belges arrivent \u00e9galement : <\/b>Le populiste de droite britannique et leader du parti Reform UK, Nigel Farage, sera \u00e9galement pr\u00e9sent \u00e0 l&rsquo;inauguration, comme l&rsquo;a confirm\u00e9 son porte-parole en r\u00e9ponse \u00e0 une demande de la DPA. Les extr\u00e9mistes de droite \u00c9ric Zemmour et Sarah Knafo souhaitent se rendre \u00e0 Washington depuis la France. Selon certaines informations, Marion Mar\u00e9chal, la ni\u00e8ce de la nationaliste de droite Marine Le Pen, devrait \u00e9galement se rendre \u00e0 Washington. Il n&rsquo;y a aucune annonce de voyage connue de Le Pen lui-m\u00eame.<\/p>\n<p>Le chef du parti d&rsquo;extr\u00eame droite Vlaams Belang, Tom Van Grieken, est venu de Belgique pour assister \u00e0 la c\u00e9r\u00e9monie d&rsquo;investiture. \u00ab\u00a0C&rsquo;est un honneur de participer avec des dirigeants mondiaux qui partagent nos valeurs \u00e0 un \u00e9v\u00e9nement qui met une fois de plus au premier plan le message de &lsquo;notre peuple d&rsquo;abord'\u00a0\u00bb, a d\u00e9clar\u00e9 le parti flamand.<\/p>\n<p><b>\u2013 Orban pas l\u00e0 : <\/b>Cependant, il manquera un chef de gouvernement europ\u00e9en dont on aurait peut-\u00eatre le plus attendu qu&rsquo;il participe : le Premier ministre hongrois Viktor Orban. Son porte-parole, Zoltan Kovacs, charg\u00e9 de la communication internationale, a confirm\u00e9 sur Facebook que son patron n&rsquo;y participerait pas. \u00ab L\u2019investiture d\u2019un pr\u00e9sident am\u00e9ricain est traditionnellement un \u00e9v\u00e9nement c\u00e9l\u00e9brant le transfert pacifique du pouvoir, plut\u00f4t qu\u2019un rassemblement de dignitaires \u00e9trangers \u00bb, a-t-il \u00e9crit \u00e0 l\u2019appui. (dpa)<\/p>\n<p><em><strong>Sur le sujet, voir aussi l&rsquo;article suivant sur l&rsquo;OD :<\/strong><\/em><\/p>\n<div class=\"responsive-embed widescreen\">\n<blockquote class=\"wp-embedded-content\" data-secret=\"T39GIM5m9H\">\n<p>Biden met en garde contre l\u2019oligarchie aux USA \u00ab qui menace notre d\u00e9mocratie \u00bb \u2013 Musk, Zuckerberg, Bezos\u2026<\/p>\n<\/blockquote>\n<p><iframe loading=\"lazy\" class=\"wp-embedded-content\" sandbox=\"allow-scripts\" security=\"restricted\" style=\"position: absolute; visibility: hidden;\" title=\"\u201eBiden warnt vor Oligarchie in den USA, \u201edie unsere Demokratie bedroht\u201c \u2013 Musk, Zuckerberg, Bezos\u2026\u201c \u2014 Ostbelgien Direkt\" src=\"https:\/\/ostbelgiendirekt.be\/about:blank\" data-secret=\"T39GIM5m9H\" width=\"500\" height=\"282\" frameborder=\"0\" marginwidth=\"0\" marginheight=\"0\" scrolling=\"no\" data-rocket-lazyload=\"fitvidscompatible\" data-lazy-src=\"https:\/\/ostbelgiendirekt.be\/biden-warnt-vor-oligarchie-406232\/embed#?secret=re1ZAO2N0x#?secret=T39GIM5m9H\"><\/iframe><noscript><iframe class=\"wp-embedded-content\" sandbox=\"allow-scripts\" security=\"restricted\" style=\"position: absolute; visibility: hidden;\" title=\"\u201eBiden warnt vor Oligarchie in den USA, \u201edie unsere Demokratie bedroht\u201c \u2013 Musk, Zuckerberg, Bezos\u2026\u201c \u2014 Ostbelgien Direkt\" src=\"https:\/\/ostbelgiendirekt.be\/biden-warnt-vor-oligarchie-406232\/embed#?secret=re1ZAO2N0x#?secret=T39GIM5m9H\" data-secret=\"T39GIM5m9H\" width=\"500\" height=\"282\" frameborder=\"0\" marginwidth=\"0\" marginheight=\"0\" scrolling=\"no\"><\/iframe><\/noscript><\/p>\n<\/div>\n","protected":false},"excerpt":{"rendered":"<p>L&rsquo;investiture de Donald Trump lundi prochain sera un m\u00e9ga-\u00e9v\u00e9nement qui sera retransmis dans le monde entier. Des hommes politiques des partis de droite viennent d\u2019Europe.<\/p>\n","protected":false},"author":1,"featured_media":4394,"comment_status":"","ping_status":"","sticky":false,"template":"","format":"standard","meta":{"footnotes":""},"categories":[298],"tags":[1850,2319,4800,4799,3439,4502,353,4797,2891,3704,2425,4100,4798],"class_list":["post-4393","post","type-post","status-publish","format-standard","has-post-thumbnail","hentry","category-belgique","tag-dautres","tag-droite","tag-extremistes","tag-grieken","tag-lafd","tag-leader","tag-lors","tag-meloni","tag-prestation","tag-serment","tag-trump","tag-van","tag-vlaamsbelang","generate-columns","tablet-grid-50","mobile-grid-100","grid-parent","grid-33"],"yoast_head":"<!-- This site is optimized with the Yoast SEO plugin v24.0 - https:\/\/yoast.com\/wordpress\/plugins\/seo\/ -->\n<title>Meloni, le leader du Vlaams-Belang Van Grieken, l&#039;AfD et d&#039;autres extr\u00e9mistes de droite lors de la prestation de serment de Trump | Vie Associative<\/title>\n<meta name=\"robots\" content=\"index, follow, max-snippet:-1, max-image-preview:large, max-video-preview:-1\" \/>\n<link rel=\"canonical\" href=\"https:\/\/vieassociative.be\/actualites\/meloni-le-leader-du-vlaams-belang-van-grieken-lafd-et-dautres-extremistes-de-droite-lors-de-la-prestation-de-serment-de-trump\/\" \/>\n<meta property=\"og:locale\" content=\"fr_FR\" \/>\n<meta property=\"og:type\" content=\"article\" \/>\n<meta property=\"og:title\" content=\"Meloni, le leader du Vlaams-Belang Van Grieken, l&#039;AfD et d&#039;autres extr\u00e9mistes de droite lors de la prestation de serment de Trump | Vie Associative\" \/>\n<meta property=\"og:description\" content=\"L&rsquo;investiture de Donald Trump lundi prochain sera un m\u00e9ga-\u00e9v\u00e9nement qui sera retransmis dans le monde entier. Des hommes politiques des partis de droite viennent d\u2019Europe.\" \/>\n<meta property=\"og:url\" content=\"https:\/\/vieassociative.be\/actualites\/meloni-le-leader-du-vlaams-belang-van-grieken-lafd-et-dautres-extremistes-de-droite-lors-de-la-prestation-de-serment-de-trump\/\" \/>\n<meta property=\"og:site_name\" content=\"Vie Associative\" \/>\n<meta property=\"article:published_time\" content=\"2025-01-17T14:17:00+00:00\" \/>\n<meta property=\"og:image\" content=\"https:\/\/vieassociative.be\/actualites\/wp-content\/uploads\/2024\/09\/header_backgroundk-01-e1726694325946.png\" \/>\n\t<meta property=\"og:image:width\" content=\"279\" \/>\n\t<meta property=\"og:image:height\" content=\"92\" \/>\n\t<meta property=\"og:image:type\" content=\"image\/png\" \/>\n<meta name=\"author\" content=\"Julien\" \/>\n<meta name=\"twitter:card\" content=\"summary_large_image\" \/>\n<meta name=\"twitter:label1\" content=\"\u00c9crit par\" \/>\n\t<meta name=\"twitter:data1\" content=\"Julien\" \/>\n\t<meta name=\"twitter:label2\" content=\"Dur\u00e9e de lecture est.\" \/>\n\t<meta name=\"twitter:data2\" content=\"6 minutes\" \/>\n<script type=\"application\/ld+json\" class=\"yoast-schema-graph\">{\"@context\":\"https:\/\/schema.org\",\"@graph\":[{\"@type\":\"Article\",\"@id\":\"https:\/\/vieassociative.be\/actualites\/meloni-le-leader-du-vlaams-belang-van-grieken-lafd-et-dautres-extremistes-de-droite-lors-de-la-prestation-de-serment-de-trump\/#article\",\"isPartOf\":{\"@id\":\"https:\/\/vieassociative.be\/actualites\/meloni-le-leader-du-vlaams-belang-van-grieken-lafd-et-dautres-extremistes-de-droite-lors-de-la-prestation-de-serment-de-trump\/\"},\"author\":{\"name\":\"Julien\",\"@id\":\"https:\/\/vieassociative.be\/actualites\/#\/schema\/person\/b87ac4f82f9d4e7b7cec7395b679edc4\"},\"headline\":\"Meloni, le leader du Vlaams-Belang Van Grieken, l&rsquo;AfD et d&rsquo;autres extr\u00e9mistes de droite lors de la prestation de serment de Trump\",\"datePublished\":\"2025-01-17T14:17:00+00:00\",\"dateModified\":\"2025-01-17T14:17:00+00:00\",\"mainEntityOfPage\":{\"@id\":\"https:\/\/vieassociative.be\/actualites\/meloni-le-leader-du-vlaams-belang-van-grieken-lafd-et-dautres-extremistes-de-droite-lors-de-la-prestation-de-serment-de-trump\/\"},\"wordCount\":1348,\"publisher\":{\"@id\":\"https:\/\/vieassociative.be\/actualites\/#organization\"},\"image\":{\"@id\":\"https:\/\/vieassociative.be\/actualites\/meloni-le-leader-du-vlaams-belang-van-grieken-lafd-et-dautres-extremistes-de-droite-lors-de-la-prestation-de-serment-de-trump\/#primaryimage\"},\"thumbnailUrl\":\"https:\/\/vieassociative.be\/actualites\/wp-content\/uploads\/2025\/01\/1737123420_Meloni-le-leader-du-Vlaams-Belang-Van-Grieken-lAfD-et-dautres.jpg\",\"keywords\":[\"dautres\",\"droite\",\"extr\u00e9mistes\",\"Grieken\",\"lAfD\",\"leader\",\"lors\",\"Meloni\",\"prestation\",\"serment\",\"Trump\",\"Van\",\"VlaamsBelang\"],\"articleSection\":[\"Belgique\"],\"inLanguage\":\"fr-BE\"},{\"@type\":\"WebPage\",\"@id\":\"https:\/\/vieassociative.be\/actualites\/meloni-le-leader-du-vlaams-belang-van-grieken-lafd-et-dautres-extremistes-de-droite-lors-de-la-prestation-de-serment-de-trump\/\",\"url\":\"https:\/\/vieassociative.be\/actualites\/meloni-le-leader-du-vlaams-belang-van-grieken-lafd-et-dautres-extremistes-de-droite-lors-de-la-prestation-de-serment-de-trump\/\",\"name\":\"Meloni, le leader du Vlaams-Belang Van Grieken, l'AfD et d'autres extr\u00e9mistes de droite lors de la prestation de serment de Trump | Vie Associative\",\"isPartOf\":{\"@id\":\"https:\/\/vieassociative.be\/actualites\/#website\"},\"primaryImageOfPage\":{\"@id\":\"https:\/\/vieassociative.be\/actualites\/meloni-le-leader-du-vlaams-belang-van-grieken-lafd-et-dautres-extremistes-de-droite-lors-de-la-prestation-de-serment-de-trump\/#primaryimage\"},\"image\":{\"@id\":\"https:\/\/vieassociative.be\/actualites\/meloni-le-leader-du-vlaams-belang-van-grieken-lafd-et-dautres-extremistes-de-droite-lors-de-la-prestation-de-serment-de-trump\/#primaryimage\"},\"thumbnailUrl\":\"https:\/\/vieassociative.be\/actualites\/wp-content\/uploads\/2025\/01\/1737123420_Meloni-le-leader-du-Vlaams-Belang-Van-Grieken-lAfD-et-dautres.jpg\",\"datePublished\":\"2025-01-17T14:17:00+00:00\",\"dateModified\":\"2025-01-17T14:17:00+00:00\",\"breadcrumb\":{\"@id\":\"https:\/\/vieassociative.be\/actualites\/meloni-le-leader-du-vlaams-belang-van-grieken-lafd-et-dautres-extremistes-de-droite-lors-de-la-prestation-de-serment-de-trump\/#breadcrumb\"},\"inLanguage\":\"fr-BE\",\"potentialAction\":[{\"@type\":\"ReadAction\",\"target\":[\"https:\/\/vieassociative.be\/actualites\/meloni-le-leader-du-vlaams-belang-van-grieken-lafd-et-dautres-extremistes-de-droite-lors-de-la-prestation-de-serment-de-trump\/\"]}]},{\"@type\":\"ImageObject\",\"inLanguage\":\"fr-BE\",\"@id\":\"https:\/\/vieassociative.be\/actualites\/meloni-le-leader-du-vlaams-belang-van-grieken-lafd-et-dautres-extremistes-de-droite-lors-de-la-prestation-de-serment-de-trump\/#primaryimage\",\"url\":\"https:\/\/vieassociative.be\/actualites\/wp-content\/uploads\/2025\/01\/1737123420_Meloni-le-leader-du-Vlaams-Belang-Van-Grieken-lAfD-et-dautres.jpg\",\"contentUrl\":\"https:\/\/vieassociative.be\/actualites\/wp-content\/uploads\/2025\/01\/1737123420_Meloni-le-leader-du-Vlaams-Belang-Van-Grieken-lAfD-et-dautres.jpg\",\"width\":1200,\"height\":800,\"caption\":\"Meloni, le leader du Vlaams-Belang Van Grieken, l'AfD et d'autres extr\u00e9mistes de droite lors de la prestation de serment de Trump\"},{\"@type\":\"BreadcrumbList\",\"@id\":\"https:\/\/vieassociative.be\/actualites\/meloni-le-leader-du-vlaams-belang-van-grieken-lafd-et-dautres-extremistes-de-droite-lors-de-la-prestation-de-serment-de-trump\/#breadcrumb\",\"itemListElement\":[{\"@type\":\"ListItem\",\"position\":1,\"name\":\"Accueil\",\"item\":\"https:\/\/vieassociative.be\/actualites\/\"},{\"@type\":\"ListItem\",\"position\":2,\"name\":\"Meloni, le leader du Vlaams-Belang Van Grieken, l&rsquo;AfD et d&rsquo;autres extr\u00e9mistes de droite lors de la prestation de serment de Trump\"}]},{\"@type\":\"WebSite\",\"@id\":\"https:\/\/vieassociative.be\/actualites\/#website\",\"url\":\"https:\/\/vieassociative.be\/actualites\/\",\"name\":\"Vie Associative\",\"description\":\"\",\"publisher\":{\"@id\":\"https:\/\/vieassociative.be\/actualites\/#organization\"},\"potentialAction\":[{\"@type\":\"SearchAction\",\"target\":{\"@type\":\"EntryPoint\",\"urlTemplate\":\"https:\/\/vieassociative.be\/actualites\/?s={search_term_string}\"},\"query-input\":{\"@type\":\"PropertyValueSpecification\",\"valueRequired\":true,\"valueName\":\"search_term_string\"}}],\"inLanguage\":\"fr-BE\"},{\"@type\":\"Organization\",\"@id\":\"https:\/\/vieassociative.be\/actualites\/#organization\",\"name\":\"Vie Associative\",\"url\":\"https:\/\/vieassociative.be\/actualites\/\",\"logo\":{\"@type\":\"ImageObject\",\"inLanguage\":\"fr-BE\",\"@id\":\"https:\/\/vieassociative.be\/actualites\/#\/schema\/logo\/image\/\",\"url\":\"https:\/\/vieassociative.be\/actualites\/wp-content\/uploads\/2024\/09\/cropped-vieassociative_favicon.ico.png\",\"contentUrl\":\"https:\/\/vieassociative.be\/actualites\/wp-content\/uploads\/2024\/09\/cropped-vieassociative_favicon.ico.png\",\"width\":512,\"height\":512,\"caption\":\"Vie Associative\"},\"image\":{\"@id\":\"https:\/\/vieassociative.be\/actualites\/#\/schema\/logo\/image\/\"}},{\"@type\":\"Person\",\"@id\":\"https:\/\/vieassociative.be\/actualites\/#\/schema\/person\/b87ac4f82f9d4e7b7cec7395b679edc4\",\"name\":\"Julien\",\"image\":{\"@type\":\"ImageObject\",\"inLanguage\":\"fr-BE\",\"@id\":\"https:\/\/vieassociative.be\/actualites\/#\/schema\/person\/image\/\",\"url\":\"https:\/\/vieassociative.be\/actualites\/wp-content\/uploads\/2024\/09\/vie-associative-1-150x150.jpg\",\"contentUrl\":\"https:\/\/vieassociative.be\/actualites\/wp-content\/uploads\/2024\/09\/vie-associative-1-150x150.jpg\",\"caption\":\"Julien\"},\"description\":\"Je suis Julien, r\u00e9dacteur pour Vie Associative. Passionn\u00e9 par le monde associatif depuis plus de 10 ans, j'ai \u00e0 c\u0153ur de partager des histoires inspirantes et de mettre en lumi\u00e8re les initiatives locales. Mon objectif est de sensibiliser et d'encourager l'engagement communautaire \u00e0 travers mes articles.\",\"sameAs\":[\"https:\/\/vieassociative.be\/\"]}]}<\/script>\n<!-- \/ Yoast SEO plugin. -->","yoast_head_json":{"title":"Meloni, le leader du Vlaams-Belang Van Grieken, l'AfD et d'autres extr\u00e9mistes de droite lors de la prestation de serment de Trump | Vie Associative","robots":{"index":"index","follow":"follow","max-snippet":"max-snippet:-1","max-image-preview":"max-image-preview:large","max-video-preview":"max-video-preview:-1"},"canonical":"https:\/\/vieassociative.be\/actualites\/meloni-le-leader-du-vlaams-belang-van-grieken-lafd-et-dautres-extremistes-de-droite-lors-de-la-prestation-de-serment-de-trump\/","og_locale":"fr_FR","og_type":"article","og_title":"Meloni, le leader du Vlaams-Belang Van Grieken, l'AfD et d'autres extr\u00e9mistes de droite lors de la prestation de serment de Trump | Vie Associative","og_description":"L&rsquo;investiture de Donald Trump lundi prochain sera un m\u00e9ga-\u00e9v\u00e9nement qui sera retransmis dans le monde entier. Des hommes politiques des partis de droite viennent d\u2019Europe.","og_url":"https:\/\/vieassociative.be\/actualites\/meloni-le-leader-du-vlaams-belang-van-grieken-lafd-et-dautres-extremistes-de-droite-lors-de-la-prestation-de-serment-de-trump\/","og_site_name":"Vie Associative","article_published_time":"2025-01-17T14:17:00+00:00","og_image":[{"width":279,"height":92,"url":"https:\/\/vieassociative.be\/actualites\/wp-content\/uploads\/2024\/09\/header_backgroundk-01-e1726694325946.png","type":"image\/png"}],"author":"Julien","twitter_card":"summary_large_image","twitter_misc":{"\u00c9crit par":"Julien","Dur\u00e9e de lecture est.":"6 minutes"},"schema":{"@context":"https:\/\/schema.org","@graph":[{"@type":"Article","@id":"https:\/\/vieassociative.be\/actualites\/meloni-le-leader-du-vlaams-belang-van-grieken-lafd-et-dautres-extremistes-de-droite-lors-de-la-prestation-de-serment-de-trump\/#article","isPartOf":{"@id":"https:\/\/vieassociative.be\/actualites\/meloni-le-leader-du-vlaams-belang-van-grieken-lafd-et-dautres-extremistes-de-droite-lors-de-la-prestation-de-serment-de-trump\/"},"author":{"name":"Julien","@id":"https:\/\/vieassociative.be\/actualites\/#\/schema\/person\/b87ac4f82f9d4e7b7cec7395b679edc4"},"headline":"Meloni, le leader du Vlaams-Belang Van Grieken, l&rsquo;AfD et d&rsquo;autres extr\u00e9mistes de droite lors de la prestation de serment de Trump","datePublished":"2025-01-17T14:17:00+00:00","dateModified":"2025-01-17T14:17:00+00:00","mainEntityOfPage":{"@id":"https:\/\/vieassociative.be\/actualites\/meloni-le-leader-du-vlaams-belang-van-grieken-lafd-et-dautres-extremistes-de-droite-lors-de-la-prestation-de-serment-de-trump\/"},"wordCount":1348,"publisher":{"@id":"https:\/\/vieassociative.be\/actualites\/#organization"},"image":{"@id":"https:\/\/vieassociative.be\/actualites\/meloni-le-leader-du-vlaams-belang-van-grieken-lafd-et-dautres-extremistes-de-droite-lors-de-la-prestation-de-serment-de-trump\/#primaryimage"},"thumbnailUrl":"https:\/\/vieassociative.be\/actualites\/wp-content\/uploads\/2025\/01\/1737123420_Meloni-le-leader-du-Vlaams-Belang-Van-Grieken-lAfD-et-dautres.jpg","keywords":["dautres","droite","extr\u00e9mistes","Grieken","lAfD","leader","lors","Meloni","prestation","serment","Trump","Van","VlaamsBelang"],"articleSection":["Belgique"],"inLanguage":"fr-BE"},{"@type":"WebPage","@id":"https:\/\/vieassociative.be\/actualites\/meloni-le-leader-du-vlaams-belang-van-grieken-lafd-et-dautres-extremistes-de-droite-lors-de-la-prestation-de-serment-de-trump\/","url":"https:\/\/vieassociative.be\/actualites\/meloni-le-leader-du-vlaams-belang-van-grieken-lafd-et-dautres-extremistes-de-droite-lors-de-la-prestation-de-serment-de-trump\/","name":"Meloni, le leader du Vlaams-Belang Van Grieken, l'AfD et d'autres extr\u00e9mistes de droite lors de la prestation de serment de Trump | Vie Associative","isPartOf":{"@id":"https:\/\/vieassociative.be\/actualites\/#website"},"primaryImageOfPage":{"@id":"https:\/\/vieassociative.be\/actualites\/meloni-le-leader-du-vlaams-belang-van-grieken-lafd-et-dautres-extremistes-de-droite-lors-de-la-prestation-de-serment-de-trump\/#primaryimage"},"image":{"@id":"https:\/\/vieassociative.be\/actualites\/meloni-le-leader-du-vlaams-belang-van-grieken-lafd-et-dautres-extremistes-de-droite-lors-de-la-prestation-de-serment-de-trump\/#primaryimage"},"thumbnailUrl":"https:\/\/vieassociative.be\/actualites\/wp-content\/uploads\/2025\/01\/1737123420_Meloni-le-leader-du-Vlaams-Belang-Van-Grieken-lAfD-et-dautres.jpg","datePublished":"2025-01-17T14:17:00+00:00","dateModified":"2025-01-17T14:17:00+00:00","breadcrumb":{"@id":"https:\/\/vieassociative.be\/actualites\/meloni-le-leader-du-vlaams-belang-van-grieken-lafd-et-dautres-extremistes-de-droite-lors-de-la-prestation-de-serment-de-trump\/#breadcrumb"},"inLanguage":"fr-BE","potentialAction":[{"@type":"ReadAction","target":["https:\/\/vieassociative.be\/actualites\/meloni-le-leader-du-vlaams-belang-van-grieken-lafd-et-dautres-extremistes-de-droite-lors-de-la-prestation-de-serment-de-trump\/"]}]},{"@type":"ImageObject","inLanguage":"fr-BE","@id":"https:\/\/vieassociative.be\/actualites\/meloni-le-leader-du-vlaams-belang-van-grieken-lafd-et-dautres-extremistes-de-droite-lors-de-la-prestation-de-serment-de-trump\/#primaryimage","url":"https:\/\/vieassociative.be\/actualites\/wp-content\/uploads\/2025\/01\/1737123420_Meloni-le-leader-du-Vlaams-Belang-Van-Grieken-lAfD-et-dautres.jpg","contentUrl":"https:\/\/vieassociative.be\/actualites\/wp-content\/uploads\/2025\/01\/1737123420_Meloni-le-leader-du-Vlaams-Belang-Van-Grieken-lAfD-et-dautres.jpg","width":1200,"height":800,"caption":"Meloni, le leader du Vlaams-Belang Van Grieken, l'AfD et d'autres extr\u00e9mistes de droite lors de la prestation de serment de Trump"},{"@type":"BreadcrumbList","@id":"https:\/\/vieassociative.be\/actualites\/meloni-le-leader-du-vlaams-belang-van-grieken-lafd-et-dautres-extremistes-de-droite-lors-de-la-prestation-de-serment-de-trump\/#breadcrumb","itemListElement":[{"@type":"ListItem","position":1,"name":"Accueil","item":"https:\/\/vieassociative.be\/actualites\/"},{"@type":"ListItem","position":2,"name":"Meloni, le leader du Vlaams-Belang Van Grieken, l&rsquo;AfD et d&rsquo;autres extr\u00e9mistes de droite lors de la prestation de serment de Trump"}]},{"@type":"WebSite","@id":"https:\/\/vieassociative.be\/actualites\/#website","url":"https:\/\/vieassociative.be\/actualites\/","name":"Vie Associative","description":"","publisher":{"@id":"https:\/\/vieassociative.be\/actualites\/#organization"},"potentialAction":[{"@type":"SearchAction","target":{"@type":"EntryPoint","urlTemplate":"https:\/\/vieassociative.be\/actualites\/?s={search_term_string}"},"query-input":{"@type":"PropertyValueSpecification","valueRequired":true,"valueName":"search_term_string"}}],"inLanguage":"fr-BE"},{"@type":"Organization","@id":"https:\/\/vieassociative.be\/actualites\/#organization","name":"Vie Associative","url":"https:\/\/vieassociative.be\/actualites\/","logo":{"@type":"ImageObject","inLanguage":"fr-BE","@id":"https:\/\/vieassociative.be\/actualites\/#\/schema\/logo\/image\/","url":"https:\/\/vieassociative.be\/actualites\/wp-content\/uploads\/2024\/09\/cropped-vieassociative_favicon.ico.png","contentUrl":"https:\/\/vieassociative.be\/actualites\/wp-content\/uploads\/2024\/09\/cropped-vieassociative_favicon.ico.png","width":512,"height":512,"caption":"Vie Associative"},"image":{"@id":"https:\/\/vieassociative.be\/actualites\/#\/schema\/logo\/image\/"}},{"@type":"Person","@id":"https:\/\/vieassociative.be\/actualites\/#\/schema\/person\/b87ac4f82f9d4e7b7cec7395b679edc4","name":"Julien","image":{"@type":"ImageObject","inLanguage":"fr-BE","@id":"https:\/\/vieassociative.be\/actualites\/#\/schema\/person\/image\/","url":"https:\/\/vieassociative.be\/actualites\/wp-content\/uploads\/2024\/09\/vie-associative-1-150x150.jpg","contentUrl":"https:\/\/vieassociative.be\/actualites\/wp-content\/uploads\/2024\/09\/vie-associative-1-150x150.jpg","caption":"Julien"},"description":"Je suis Julien, r\u00e9dacteur pour Vie Associative. Passionn\u00e9 par le monde associatif depuis plus de 10 ans, j'ai \u00e0 c\u0153ur de partager des histoires inspirantes et de mettre en lumi\u00e8re les initiatives locales. Mon objectif est de sensibiliser et d'encourager l'engagement communautaire \u00e0 travers mes articles.","sameAs":["https:\/\/vieassociative.be\/"]}]}},"_links":{"self":[{"href":"https:\/\/vieassociative.be\/actualites\/wp-json\/wp\/v2\/posts\/4393"}],"collection":[{"href":"https:\/\/vieassociative.be\/actualites\/wp-json\/wp\/v2\/posts"}],"about":[{"href":"https:\/\/vieassociative.be\/actualites\/wp-json\/wp\/v2\/types\/post"}],"author":[{"embeddable":true,"href":"https:\/\/vieassociative.be\/actualites\/wp-json\/wp\/v2\/users\/1"}],"replies":[{"embeddable":true,"href":"https:\/\/vieassociative.be\/actualites\/wp-json\/wp\/v2\/comments?post=4393"}],"version-history":[{"count":0,"href":"https:\/\/vieassociative.be\/actualites\/wp-json\/wp\/v2\/posts\/4393\/revisions"}],"wp:featuredmedia":[{"embeddable":true,"href":"https:\/\/vieassociative.be\/actualites\/wp-json\/wp\/v2\/media\/4394"}],"wp:attachment":[{"href":"https:\/\/vieassociative.be\/actualites\/wp-json\/wp\/v2\/media?parent=4393"}],"wp:term":[{"taxonomy":"category","embeddable":true,"href":"https:\/\/vieassociative.be\/actualites\/wp-json\/wp\/v2\/categories?post=4393"},{"taxonomy":"post_tag","embeddable":true,"href":"https:\/\/vieassociative.be\/actualites\/wp-json\/wp\/v2\/tags?post=4393"}],"curies":[{"name":"wp","href":"https:\/\/api.w.org\/{rel}","templated":true}]}}