{"id":4391,"date":"2025-01-17T14:17:25","date_gmt":"2025-01-17T13:17:25","guid":{"rendered":"https:\/\/vieassociative.be\/actualites\/a-quoi-sattendre-du-flux-deballe-du-galaxy-s25-de-samsung\/"},"modified":"2025-01-17T14:17:25","modified_gmt":"2025-01-17T13:17:25","slug":"a-quoi-sattendre-du-flux-deballe-du-galaxy-s25-de-samsung","status":"publish","type":"post","link":"https:\/\/vieassociative.be\/actualites\/a-quoi-sattendre-du-flux-deballe-du-galaxy-s25-de-samsung\/","title":{"rendered":"\u00c0 quoi s&rsquo;attendre du flux d\u00e9ball\u00e9 du Galaxy S25 de Samsung"},"content":{"rendered":"<div class=\"mt-4 leading-6 md:mb-8\">Le prochain Galaxy Unpacked de Samsung est dans moins d\u2019une semaine.<\/div>\n<p><\/p>\n<p>Une autre ann\u00e9e, un autre Samsung Galaxy Unpacked. Le g\u00e9ant Android a pris l&rsquo;habitude d&rsquo;organiser au moins deux de ces \u00e9v\u00e9nements par an, un pour les pliables et un pour \u00e0 peu pr\u00e8s tout le reste. Les appareils pliables ayant occup\u00e9 le devant de la sc\u00e8ne la derni\u00e8re fois, il est probablement temps pour le reste de ses produits, y compris la s\u00e9rie Samsung Galaxy S25, d&rsquo;avoir leur tour. Bien que seuls ceux sous NDA sachent avec certitude ce que nous verrons, voici ce que nous nous attendons \u00e0 voir lors de la diffusion du prochain Samsung Galaxy Unpacked le 22 janvier \u00e0 13 h HE.<\/p>\n<h2 id=\"samsung-galaxy-s25-s25-and-s25-ultra\">Samsung Galaxy S25, S25+ et S25 Ultra<\/h2>\n<p>Samsung aime d\u00e9marrer chaque ann\u00e9e en annon\u00e7ant ses derniers t\u00e9l\u00e9phones non pliables, et il n&rsquo;y a aucune raison de s&rsquo;attendre \u00e0 ce que cette ann\u00e9e soit diff\u00e9rente. En r\u00e8gle g\u00e9n\u00e9rale, cela signifie une variante standard, une taille d\u2019\u00e9cran \u00ab plus \u00bb plus grande et une version \u00ab ultra \u00bb plus puissante. \u00c9tant donn\u00e9 que Samsung a d\u00e9j\u00e0 enregistr\u00e9 trois nouveaux num\u00e9ros de mod\u00e8le aupr\u00e8s de la FCC (merci, 91Mobiles), c&rsquo;est \u00e9galement ce \u00e0 quoi nous pouvons nous attendre cette ann\u00e9e (des fuites ant\u00e9rieures pointaient vers un mod\u00e8le \u00ab\u00a0mince\u00a0\u00bb, bien qu&rsquo;il n&rsquo;y ait pas encore de liste FCC).<\/p>\n<p>En ce qui concerne les sp\u00e9cifications, c&rsquo;est l\u00e0 que \u00e7a devient un peu int\u00e9ressant. Le plus gros d\u00e9tail des fuites de la FCC est la prise en charge potentielle de la charge rapide de 45 W, bien qu&rsquo;Android Headlines pr\u00e9tende avoir des photos des appareils eux-m\u00eames. Ceux-ci montrent une \u00e9volution vers des coins arrondis et des cadres plus fins, mais le reste du design semble largement intact.<\/p>\n<p>En ce qui concerne les composants internes, les fuites s&rsquo;attendent \u00e0 ce que tous les mod\u00e8les S25 utilisent la puce Qualcomm Snapdragon 8 Elite, qui a \u00e9t\u00e9 r\u00e9v\u00e9l\u00e9e en octobre et qui devrait \u00eatre int\u00e9gr\u00e9e aux produits Samsung. Cela correspond aux appareils Galaxy pr\u00e9c\u00e9dents, qui utilisaient \u00e9galement la m\u00eame puce sur tous les mod\u00e8les, bien que les d\u00e9tails aient diff\u00e9r\u00e9 d&rsquo;une r\u00e9gion \u00e0 l&rsquo;autre auparavant. D\u00e9sormais, ces diff\u00e9rences r\u00e9gionales ne seraient pas en jeu.<\/p>\n<p>Le Snapdragon 8 Elite promet des am\u00e9liorations allant de 35 \u00e0 62 % selon la t\u00e2che \u00e0 accomplir, la plus grande am\u00e9lioration \u00e9tant la navigation Web, essentielle pour un t\u00e9l\u00e9phone mobile.<\/p>\n<p>Les t\u00e9l\u00e9phones Samsung sont \u00e9galement connus pour leurs appareils photo, bien qu&rsquo;Android Headlines et le populaire leaker Ice Universe affirment que seul le Galaxy S25 Ultra verra une am\u00e9lioration ici, et uniquement pour son objectif ultra-large, qui passera de 12MP \u00e0 50MP.<\/p>\n<p>Il est peu probable que les \u00e9crans changent par rapport \u00e0 leur configuration OLED actuelle, et en ce qui concerne les logiciels, les t\u00e9l\u00e9phones sont configur\u00e9s pour utiliser One UI 7 de Samsung, qui est d\u00e9j\u00e0 en version b\u00eata et fonctionne sur Android 15. Attendez-vous \u00e9galement \u00e0 un tas d&rsquo;annonces centr\u00e9es sur l&rsquo;IA, bien que solides. des fuites n\u2019y sont pas encore apparues.<\/p>\n<p>Il y a \u00e9galement des nouveaut\u00e9s potentielles en mati\u00e8re d&rsquo;accessoires \u00e0 l&rsquo;horizon, puisque le Wireless Power Consortium a d\u00e9clar\u00e9 que Samsung prendrait en charge le chargement sans fil Qi2 sur ses nouveaux t\u00e9l\u00e9phones. Selon le fuyard chunvn8888, cela ne signifie pas qu&rsquo;il aura des aimants int\u00e9gr\u00e9s (que Qi2 prend en charge), mais Samsung vendra un \u00e9tui avec un anneau magn\u00e9tique int\u00e9gr\u00e9.<\/p>\n<h2 id=\"galaxy-ring-2\">Anneau Galactique 2<\/h2>\n<p>Les nouvelles sur le Galaxy Ring 2 sont un peu moins claires, mais la publication ta\u00efwanaise DigiTimes indique que Samsung pourrait en parler pendant l&rsquo;\u00e9v\u00e9nement. La publication s&rsquo;attend \u00e0 deux tailles suppl\u00e9mentaires, des capteurs mis \u00e0 jour et de nouvelles fonctionnalit\u00e9s d&rsquo;IA, mais \u00e9tant donn\u00e9 que le premier mod\u00e8le a \u00e9t\u00e9 lanc\u00e9 en juillet, il faudra probablement un certain temps avant que vous puissiez acheter un suivi. Cependant, le leaker cor\u00e9en Lanzuk affirme que Samsung pourrait lancer le portable un peu plus t\u00f4t que pr\u00e9vu.<\/p>\n<h2 id=\"samsung-ar-and-xr\">Samsung AR et XR<\/h2>\n<p>Enfin, il est possible que nous en sachions davantage sur les initiatives de r\u00e9alit\u00e9 augment\u00e9e et \u00e9tendue de Samsung. Samsung a d\u00e9j\u00e0 annonc\u00e9 un casque de r\u00e9alit\u00e9 \u00e9tendue bas\u00e9 sur Android aux c\u00f4t\u00e9s de Google appel\u00e9 Project Moohan. Il est donc possible que la soci\u00e9t\u00e9 en fasse une d\u00e9monstration lors d&rsquo;Unpacked, mais ne vous attendez pas \u00e0 ce qu&rsquo;il soit disponible imm\u00e9diatement. Google continue de fournir aux d\u00e9veloppeurs des logiciels et des \u00e9quipements pour la nouvelle plate-forme, m\u00eame si la soci\u00e9t\u00e9 d\u00e9clare s&rsquo;attendre \u00e0 ce que Moohan commence \u00e0 vendre d&rsquo;ici la fin de l&rsquo;ann\u00e9e.<\/p>\n<p>Sur cette note, ne vous attendez pas non plus \u00e0 voir quoi que ce soit de substantiel concernant les lunettes AR pr\u00e9c\u00e9demment confirm\u00e9es par Samsung. DigiTimes affirme que les verres auront l&rsquo;air plut\u00f4t modestes, mais \u00e9tant donn\u00e9 qu&rsquo;ils s&rsquo;appuieront \u00e9galement sur la technologie de Google, ils sont probablement encore au four.<\/p>\n","protected":false},"excerpt":{"rendered":"<p>Le prochain Galaxy Unpacked de Samsung est dans moins d\u2019une semaine. Une autre ann\u00e9e, un autre Samsung Galaxy Unpacked. Le g\u00e9ant Android a pris l&rsquo;habitude<\/p>\n","protected":false},"author":1,"featured_media":4392,"comment_status":"","ping_status":"","sticky":false,"template":"","format":"standard","meta":{"footnotes":""},"categories":[13],"tags":[4795,34,4183,202,4796,1878,4794],"class_list":["post-4391","post","type-post","status-publish","format-standard","has-post-thumbnail","hentry","category-technologie","tag-deballe","tag-flux","tag-galaxy","tag-quoi","tag-s25","tag-samsung","tag-sattendre","generate-columns","tablet-grid-50","mobile-grid-100","grid-parent","grid-33"],"yoast_head":"<!-- This site is optimized with the Yoast SEO plugin v24.0 - https:\/\/yoast.com\/wordpress\/plugins\/seo\/ -->\n<title>\u00c0 quoi s&#039;attendre du flux d\u00e9ball\u00e9 du Galaxy S25 de Samsung | Vie Associative<\/title>\n<meta name=\"robots\" content=\"index, follow, max-snippet:-1, max-image-preview:large, max-video-preview:-1\" \/>\n<link rel=\"canonical\" href=\"https:\/\/vieassociative.be\/actualites\/a-quoi-sattendre-du-flux-deballe-du-galaxy-s25-de-samsung\/\" \/>\n<meta property=\"og:locale\" content=\"fr_FR\" \/>\n<meta property=\"og:type\" content=\"article\" \/>\n<meta property=\"og:title\" content=\"\u00c0 quoi s&#039;attendre du flux d\u00e9ball\u00e9 du Galaxy S25 de Samsung | Vie Associative\" \/>\n<meta property=\"og:description\" content=\"Le prochain Galaxy Unpacked de Samsung est dans moins d\u2019une semaine. Une autre ann\u00e9e, un autre Samsung Galaxy Unpacked. Le g\u00e9ant Android a pris l&rsquo;habitude\" \/>\n<meta property=\"og:url\" content=\"https:\/\/vieassociative.be\/actualites\/a-quoi-sattendre-du-flux-deballe-du-galaxy-s25-de-samsung\/\" \/>\n<meta property=\"og:site_name\" content=\"Vie Associative\" \/>\n<meta property=\"article:published_time\" content=\"2025-01-17T13:17:25+00:00\" \/>\n<meta property=\"og:image\" content=\"https:\/\/vieassociative.be\/actualites\/wp-content\/uploads\/2024\/09\/header_backgroundk-01-e1726694325946.png\" \/>\n\t<meta property=\"og:image:width\" content=\"279\" \/>\n\t<meta property=\"og:image:height\" content=\"92\" \/>\n\t<meta property=\"og:image:type\" content=\"image\/png\" \/>\n<meta name=\"author\" content=\"Julien\" \/>\n<meta name=\"twitter:card\" content=\"summary_large_image\" \/>\n<meta name=\"twitter:label1\" content=\"\u00c9crit par\" \/>\n\t<meta name=\"twitter:data1\" content=\"Julien\" \/>\n\t<meta name=\"twitter:label2\" content=\"Dur\u00e9e de lecture est.\" \/>\n\t<meta name=\"twitter:data2\" content=\"4 minutes\" \/>\n<script type=\"application\/ld+json\" class=\"yoast-schema-graph\">{\"@context\":\"https:\/\/schema.org\",\"@graph\":[{\"@type\":\"Article\",\"@id\":\"https:\/\/vieassociative.be\/actualites\/a-quoi-sattendre-du-flux-deballe-du-galaxy-s25-de-samsung\/#article\",\"isPartOf\":{\"@id\":\"https:\/\/vieassociative.be\/actualites\/a-quoi-sattendre-du-flux-deballe-du-galaxy-s25-de-samsung\/\"},\"author\":{\"name\":\"Julien\",\"@id\":\"https:\/\/vieassociative.be\/actualites\/#\/schema\/person\/b87ac4f82f9d4e7b7cec7395b679edc4\"},\"headline\":\"\u00c0 quoi s&rsquo;attendre du flux d\u00e9ball\u00e9 du Galaxy S25 de Samsung\",\"datePublished\":\"2025-01-17T13:17:25+00:00\",\"dateModified\":\"2025-01-17T13:17:25+00:00\",\"mainEntityOfPage\":{\"@id\":\"https:\/\/vieassociative.be\/actualites\/a-quoi-sattendre-du-flux-deballe-du-galaxy-s25-de-samsung\/\"},\"wordCount\":901,\"publisher\":{\"@id\":\"https:\/\/vieassociative.be\/actualites\/#organization\"},\"image\":{\"@id\":\"https:\/\/vieassociative.be\/actualites\/a-quoi-sattendre-du-flux-deballe-du-galaxy-s25-de-samsung\/#primaryimage\"},\"thumbnailUrl\":\"https:\/\/vieassociative.be\/actualites\/wp-content\/uploads\/2025\/01\/A-quoi-sattendre-du-flux-deballe-du-Galaxy-S25-de.webp.webp\",\"keywords\":[\"d\u00e9ball\u00e9\",\"flux\",\"Galaxy\",\"quoi\",\"S25\",\"Samsung\",\"sattendre\"],\"articleSection\":[\"Technologie\"],\"inLanguage\":\"fr-BE\"},{\"@type\":\"WebPage\",\"@id\":\"https:\/\/vieassociative.be\/actualites\/a-quoi-sattendre-du-flux-deballe-du-galaxy-s25-de-samsung\/\",\"url\":\"https:\/\/vieassociative.be\/actualites\/a-quoi-sattendre-du-flux-deballe-du-galaxy-s25-de-samsung\/\",\"name\":\"\u00c0 quoi s'attendre du flux d\u00e9ball\u00e9 du Galaxy S25 de Samsung | Vie Associative\",\"isPartOf\":{\"@id\":\"https:\/\/vieassociative.be\/actualites\/#website\"},\"primaryImageOfPage\":{\"@id\":\"https:\/\/vieassociative.be\/actualites\/a-quoi-sattendre-du-flux-deballe-du-galaxy-s25-de-samsung\/#primaryimage\"},\"image\":{\"@id\":\"https:\/\/vieassociative.be\/actualites\/a-quoi-sattendre-du-flux-deballe-du-galaxy-s25-de-samsung\/#primaryimage\"},\"thumbnailUrl\":\"https:\/\/vieassociative.be\/actualites\/wp-content\/uploads\/2025\/01\/A-quoi-sattendre-du-flux-deballe-du-Galaxy-S25-de.webp.webp\",\"datePublished\":\"2025-01-17T13:17:25+00:00\",\"dateModified\":\"2025-01-17T13:17:25+00:00\",\"breadcrumb\":{\"@id\":\"https:\/\/vieassociative.be\/actualites\/a-quoi-sattendre-du-flux-deballe-du-galaxy-s25-de-samsung\/#breadcrumb\"},\"inLanguage\":\"fr-BE\",\"potentialAction\":[{\"@type\":\"ReadAction\",\"target\":[\"https:\/\/vieassociative.be\/actualites\/a-quoi-sattendre-du-flux-deballe-du-galaxy-s25-de-samsung\/\"]}]},{\"@type\":\"ImageObject\",\"inLanguage\":\"fr-BE\",\"@id\":\"https:\/\/vieassociative.be\/actualites\/a-quoi-sattendre-du-flux-deballe-du-galaxy-s25-de-samsung\/#primaryimage\",\"url\":\"https:\/\/vieassociative.be\/actualites\/wp-content\/uploads\/2025\/01\/A-quoi-sattendre-du-flux-deballe-du-Galaxy-S25-de.webp.webp\",\"contentUrl\":\"https:\/\/vieassociative.be\/actualites\/wp-content\/uploads\/2025\/01\/A-quoi-sattendre-du-flux-deballe-du-Galaxy-S25-de.webp.webp\",\"width\":1200,\"height\":675,\"caption\":\"\u00c0 quoi s'attendre du flux d\u00e9ball\u00e9 du Galaxy S25 de Samsung\"},{\"@type\":\"BreadcrumbList\",\"@id\":\"https:\/\/vieassociative.be\/actualites\/a-quoi-sattendre-du-flux-deballe-du-galaxy-s25-de-samsung\/#breadcrumb\",\"itemListElement\":[{\"@type\":\"ListItem\",\"position\":1,\"name\":\"Accueil\",\"item\":\"https:\/\/vieassociative.be\/actualites\/\"},{\"@type\":\"ListItem\",\"position\":2,\"name\":\"\u00c0 quoi s&rsquo;attendre du flux d\u00e9ball\u00e9 du Galaxy S25 de Samsung\"}]},{\"@type\":\"WebSite\",\"@id\":\"https:\/\/vieassociative.be\/actualites\/#website\",\"url\":\"https:\/\/vieassociative.be\/actualites\/\",\"name\":\"Vie Associative\",\"description\":\"\",\"publisher\":{\"@id\":\"https:\/\/vieassociative.be\/actualites\/#organization\"},\"potentialAction\":[{\"@type\":\"SearchAction\",\"target\":{\"@type\":\"EntryPoint\",\"urlTemplate\":\"https:\/\/vieassociative.be\/actualites\/?s={search_term_string}\"},\"query-input\":{\"@type\":\"PropertyValueSpecification\",\"valueRequired\":true,\"valueName\":\"search_term_string\"}}],\"inLanguage\":\"fr-BE\"},{\"@type\":\"Organization\",\"@id\":\"https:\/\/vieassociative.be\/actualites\/#organization\",\"name\":\"Vie Associative\",\"url\":\"https:\/\/vieassociative.be\/actualites\/\",\"logo\":{\"@type\":\"ImageObject\",\"inLanguage\":\"fr-BE\",\"@id\":\"https:\/\/vieassociative.be\/actualites\/#\/schema\/logo\/image\/\",\"url\":\"https:\/\/vieassociative.be\/actualites\/wp-content\/uploads\/2024\/09\/cropped-vieassociative_favicon.ico.png\",\"contentUrl\":\"https:\/\/vieassociative.be\/actualites\/wp-content\/uploads\/2024\/09\/cropped-vieassociative_favicon.ico.png\",\"width\":512,\"height\":512,\"caption\":\"Vie Associative\"},\"image\":{\"@id\":\"https:\/\/vieassociative.be\/actualites\/#\/schema\/logo\/image\/\"}},{\"@type\":\"Person\",\"@id\":\"https:\/\/vieassociative.be\/actualites\/#\/schema\/person\/b87ac4f82f9d4e7b7cec7395b679edc4\",\"name\":\"Julien\",\"image\":{\"@type\":\"ImageObject\",\"inLanguage\":\"fr-BE\",\"@id\":\"https:\/\/vieassociative.be\/actualites\/#\/schema\/person\/image\/\",\"url\":\"https:\/\/vieassociative.be\/actualites\/wp-content\/uploads\/2024\/09\/vie-associative-1-150x150.jpg\",\"contentUrl\":\"https:\/\/vieassociative.be\/actualites\/wp-content\/uploads\/2024\/09\/vie-associative-1-150x150.jpg\",\"caption\":\"Julien\"},\"description\":\"Je suis Julien, r\u00e9dacteur pour Vie Associative. Passionn\u00e9 par le monde associatif depuis plus de 10 ans, j'ai \u00e0 c\u0153ur de partager des histoires inspirantes et de mettre en lumi\u00e8re les initiatives locales. Mon objectif est de sensibiliser et d'encourager l'engagement communautaire \u00e0 travers mes articles.\",\"sameAs\":[\"https:\/\/vieassociative.be\/\"]}]}<\/script>\n<!-- \/ Yoast SEO plugin. -->","yoast_head_json":{"title":"\u00c0 quoi s'attendre du flux d\u00e9ball\u00e9 du Galaxy S25 de Samsung | Vie Associative","robots":{"index":"index","follow":"follow","max-snippet":"max-snippet:-1","max-image-preview":"max-image-preview:large","max-video-preview":"max-video-preview:-1"},"canonical":"https:\/\/vieassociative.be\/actualites\/a-quoi-sattendre-du-flux-deballe-du-galaxy-s25-de-samsung\/","og_locale":"fr_FR","og_type":"article","og_title":"\u00c0 quoi s'attendre du flux d\u00e9ball\u00e9 du Galaxy S25 de Samsung | Vie Associative","og_description":"Le prochain Galaxy Unpacked de Samsung est dans moins d\u2019une semaine. Une autre ann\u00e9e, un autre Samsung Galaxy Unpacked. Le g\u00e9ant Android a pris l&rsquo;habitude","og_url":"https:\/\/vieassociative.be\/actualites\/a-quoi-sattendre-du-flux-deballe-du-galaxy-s25-de-samsung\/","og_site_name":"Vie Associative","article_published_time":"2025-01-17T13:17:25+00:00","og_image":[{"width":279,"height":92,"url":"https:\/\/vieassociative.be\/actualites\/wp-content\/uploads\/2024\/09\/header_backgroundk-01-e1726694325946.png","type":"image\/png"}],"author":"Julien","twitter_card":"summary_large_image","twitter_misc":{"\u00c9crit par":"Julien","Dur\u00e9e de lecture est.":"4 minutes"},"schema":{"@context":"https:\/\/schema.org","@graph":[{"@type":"Article","@id":"https:\/\/vieassociative.be\/actualites\/a-quoi-sattendre-du-flux-deballe-du-galaxy-s25-de-samsung\/#article","isPartOf":{"@id":"https:\/\/vieassociative.be\/actualites\/a-quoi-sattendre-du-flux-deballe-du-galaxy-s25-de-samsung\/"},"author":{"name":"Julien","@id":"https:\/\/vieassociative.be\/actualites\/#\/schema\/person\/b87ac4f82f9d4e7b7cec7395b679edc4"},"headline":"\u00c0 quoi s&rsquo;attendre du flux d\u00e9ball\u00e9 du Galaxy S25 de Samsung","datePublished":"2025-01-17T13:17:25+00:00","dateModified":"2025-01-17T13:17:25+00:00","mainEntityOfPage":{"@id":"https:\/\/vieassociative.be\/actualites\/a-quoi-sattendre-du-flux-deballe-du-galaxy-s25-de-samsung\/"},"wordCount":901,"publisher":{"@id":"https:\/\/vieassociative.be\/actualites\/#organization"},"image":{"@id":"https:\/\/vieassociative.be\/actualites\/a-quoi-sattendre-du-flux-deballe-du-galaxy-s25-de-samsung\/#primaryimage"},"thumbnailUrl":"https:\/\/vieassociative.be\/actualites\/wp-content\/uploads\/2025\/01\/A-quoi-sattendre-du-flux-deballe-du-Galaxy-S25-de.webp.webp","keywords":["d\u00e9ball\u00e9","flux","Galaxy","quoi","S25","Samsung","sattendre"],"articleSection":["Technologie"],"inLanguage":"fr-BE"},{"@type":"WebPage","@id":"https:\/\/vieassociative.be\/actualites\/a-quoi-sattendre-du-flux-deballe-du-galaxy-s25-de-samsung\/","url":"https:\/\/vieassociative.be\/actualites\/a-quoi-sattendre-du-flux-deballe-du-galaxy-s25-de-samsung\/","name":"\u00c0 quoi s'attendre du flux d\u00e9ball\u00e9 du Galaxy S25 de Samsung | Vie Associative","isPartOf":{"@id":"https:\/\/vieassociative.be\/actualites\/#website"},"primaryImageOfPage":{"@id":"https:\/\/vieassociative.be\/actualites\/a-quoi-sattendre-du-flux-deballe-du-galaxy-s25-de-samsung\/#primaryimage"},"image":{"@id":"https:\/\/vieassociative.be\/actualites\/a-quoi-sattendre-du-flux-deballe-du-galaxy-s25-de-samsung\/#primaryimage"},"thumbnailUrl":"https:\/\/vieassociative.be\/actualites\/wp-content\/uploads\/2025\/01\/A-quoi-sattendre-du-flux-deballe-du-Galaxy-S25-de.webp.webp","datePublished":"2025-01-17T13:17:25+00:00","dateModified":"2025-01-17T13:17:25+00:00","breadcrumb":{"@id":"https:\/\/vieassociative.be\/actualites\/a-quoi-sattendre-du-flux-deballe-du-galaxy-s25-de-samsung\/#breadcrumb"},"inLanguage":"fr-BE","potentialAction":[{"@type":"ReadAction","target":["https:\/\/vieassociative.be\/actualites\/a-quoi-sattendre-du-flux-deballe-du-galaxy-s25-de-samsung\/"]}]},{"@type":"ImageObject","inLanguage":"fr-BE","@id":"https:\/\/vieassociative.be\/actualites\/a-quoi-sattendre-du-flux-deballe-du-galaxy-s25-de-samsung\/#primaryimage","url":"https:\/\/vieassociative.be\/actualites\/wp-content\/uploads\/2025\/01\/A-quoi-sattendre-du-flux-deballe-du-Galaxy-S25-de.webp.webp","contentUrl":"https:\/\/vieassociative.be\/actualites\/wp-content\/uploads\/2025\/01\/A-quoi-sattendre-du-flux-deballe-du-Galaxy-S25-de.webp.webp","width":1200,"height":675,"caption":"\u00c0 quoi s'attendre du flux d\u00e9ball\u00e9 du Galaxy S25 de Samsung"},{"@type":"BreadcrumbList","@id":"https:\/\/vieassociative.be\/actualites\/a-quoi-sattendre-du-flux-deballe-du-galaxy-s25-de-samsung\/#breadcrumb","itemListElement":[{"@type":"ListItem","position":1,"name":"Accueil","item":"https:\/\/vieassociative.be\/actualites\/"},{"@type":"ListItem","position":2,"name":"\u00c0 quoi s&rsquo;attendre du flux d\u00e9ball\u00e9 du Galaxy S25 de Samsung"}]},{"@type":"WebSite","@id":"https:\/\/vieassociative.be\/actualites\/#website","url":"https:\/\/vieassociative.be\/actualites\/","name":"Vie Associative","description":"","publisher":{"@id":"https:\/\/vieassociative.be\/actualites\/#organization"},"potentialAction":[{"@type":"SearchAction","target":{"@type":"EntryPoint","urlTemplate":"https:\/\/vieassociative.be\/actualites\/?s={search_term_string}"},"query-input":{"@type":"PropertyValueSpecification","valueRequired":true,"valueName":"search_term_string"}}],"inLanguage":"fr-BE"},{"@type":"Organization","@id":"https:\/\/vieassociative.be\/actualites\/#organization","name":"Vie Associative","url":"https:\/\/vieassociative.be\/actualites\/","logo":{"@type":"ImageObject","inLanguage":"fr-BE","@id":"https:\/\/vieassociative.be\/actualites\/#\/schema\/logo\/image\/","url":"https:\/\/vieassociative.be\/actualites\/wp-content\/uploads\/2024\/09\/cropped-vieassociative_favicon.ico.png","contentUrl":"https:\/\/vieassociative.be\/actualites\/wp-content\/uploads\/2024\/09\/cropped-vieassociative_favicon.ico.png","width":512,"height":512,"caption":"Vie Associative"},"image":{"@id":"https:\/\/vieassociative.be\/actualites\/#\/schema\/logo\/image\/"}},{"@type":"Person","@id":"https:\/\/vieassociative.be\/actualites\/#\/schema\/person\/b87ac4f82f9d4e7b7cec7395b679edc4","name":"Julien","image":{"@type":"ImageObject","inLanguage":"fr-BE","@id":"https:\/\/vieassociative.be\/actualites\/#\/schema\/person\/image\/","url":"https:\/\/vieassociative.be\/actualites\/wp-content\/uploads\/2024\/09\/vie-associative-1-150x150.jpg","contentUrl":"https:\/\/vieassociative.be\/actualites\/wp-content\/uploads\/2024\/09\/vie-associative-1-150x150.jpg","caption":"Julien"},"description":"Je suis Julien, r\u00e9dacteur pour Vie Associative. Passionn\u00e9 par le monde associatif depuis plus de 10 ans, j'ai \u00e0 c\u0153ur de partager des histoires inspirantes et de mettre en lumi\u00e8re les initiatives locales. Mon objectif est de sensibiliser et d'encourager l'engagement communautaire \u00e0 travers mes articles.","sameAs":["https:\/\/vieassociative.be\/"]}]}},"_links":{"self":[{"href":"https:\/\/vieassociative.be\/actualites\/wp-json\/wp\/v2\/posts\/4391"}],"collection":[{"href":"https:\/\/vieassociative.be\/actualites\/wp-json\/wp\/v2\/posts"}],"about":[{"href":"https:\/\/vieassociative.be\/actualites\/wp-json\/wp\/v2\/types\/post"}],"author":[{"embeddable":true,"href":"https:\/\/vieassociative.be\/actualites\/wp-json\/wp\/v2\/users\/1"}],"replies":[{"embeddable":true,"href":"https:\/\/vieassociative.be\/actualites\/wp-json\/wp\/v2\/comments?post=4391"}],"version-history":[{"count":0,"href":"https:\/\/vieassociative.be\/actualites\/wp-json\/wp\/v2\/posts\/4391\/revisions"}],"wp:featuredmedia":[{"embeddable":true,"href":"https:\/\/vieassociative.be\/actualites\/wp-json\/wp\/v2\/media\/4392"}],"wp:attachment":[{"href":"https:\/\/vieassociative.be\/actualites\/wp-json\/wp\/v2\/media?parent=4391"}],"wp:term":[{"taxonomy":"category","embeddable":true,"href":"https:\/\/vieassociative.be\/actualites\/wp-json\/wp\/v2\/categories?post=4391"},{"taxonomy":"post_tag","embeddable":true,"href":"https:\/\/vieassociative.be\/actualites\/wp-json\/wp\/v2\/tags?post=4391"}],"curies":[{"name":"wp","href":"https:\/\/api.w.org\/{rel}","templated":true}]}}