{"id":4382,"date":"2025-01-17T03:17:56","date_gmt":"2025-01-17T02:17:56","guid":{"rendered":"https:\/\/vieassociative.be\/actualites\/consommateurs-incertains-industrie-en-difficulte-et-exportations-en-baisse-lallemagne-senfonce-a-nouveau-dans-la-recession\/"},"modified":"2025-01-17T03:17:56","modified_gmt":"2025-01-17T02:17:56","slug":"consommateurs-incertains-industrie-en-difficulte-et-exportations-en-baisse-lallemagne-senfonce-a-nouveau-dans-la-recession","status":"publish","type":"post","link":"https:\/\/vieassociative.be\/actualites\/consommateurs-incertains-industrie-en-difficulte-et-exportations-en-baisse-lallemagne-senfonce-a-nouveau-dans-la-recession\/","title":{"rendered":"Consommateurs incertains, industrie en difficult\u00e9 et exportations en baisse : l\u2019Allemagne s\u2019enfonce \u00e0 nouveau dans la r\u00e9cession"},"content":{"rendered":"<p><strong>L\u2019\u00e9conomie allemande est de nouveau entr\u00e9e en r\u00e9cession en 2024. Le produit int\u00e9rieur brut (PIB) a diminu\u00e9 de 0,2 pour cent par rapport \u00e0 l&rsquo;ann\u00e9e pr\u00e9c\u00e9dente, comme l&rsquo;a annonc\u00e9 l&rsquo;Office f\u00e9d\u00e9ral de la statistique sur la base de donn\u00e9es pr\u00e9liminaires obtenues \u00e0 Wiesbaden.<\/strong><\/p>\n<p><span id=\"more-406177\"><\/span>Cela signifie que l&rsquo;\u00e9conomie se contracte l\u00e9g\u00e8rement pour la deuxi\u00e8me ann\u00e9e cons\u00e9cutive : en 2023, le produit int\u00e9rieur brut, corrig\u00e9 des prix, avait d\u00e9j\u00e0 diminu\u00e9 de 0,3 pour cent par rapport \u00e0 l&rsquo;ann\u00e9e pr\u00e9c\u00e9dente.<\/p>\n<p>\u00ab\u00a0Les contraintes \u00e9conomiques et structurelles faisaient obstacle \u00e0 un meilleur d\u00e9veloppement \u00e9conomique en 2024\u00a0\u00bb, a d\u00e9clar\u00e9 la chef des autorit\u00e9s Ruth Brand \u00e0 Berlin. \u00ab\u00a0Il s&rsquo;agit notamment d&rsquo;une concurrence croissante pour l&rsquo;industrie exportatrice allemande sur d&rsquo;importants march\u00e9s de vente, de co\u00fbts \u00e9nerg\u00e9tiques \u00e9lev\u00e9s, de taux d&rsquo;int\u00e9r\u00eat toujours \u00e9lev\u00e9s, mais aussi de perspectives \u00e9conomiques incertaines.\u00a0\u00bb<\/p>\n<div id=\"attachment_406183\" class=\"wp-caption alignleft\" style=\"max-width: 300px\"><img fetchpriority=\"high\" decoding=\"async\" class=\"wp-image-406183 size-medium\" src=\"https:\/\/vieassociative.be\/actualites\/wp-content\/uploads\/2025\/01\/Consommateurs-incertains-industrie-en-difficulte-et-exportations-en-baisse.jpg\" alt=\"\" width=\"300\" height=\"195\"><\/p>\n<p class=\"wp-caption-text\">02\/02\/2022, Saxe, Leipzig : un employ\u00e9 assemble des faisceaux de c\u00e2bles dans une Porsche Panamera Hybrid \u00e0 l&rsquo;usine Porsche de Leipzig. Photo : Jan Woitas\/dpa-Zentralbild\/dpa<\/p>\n<\/div>\n<p>L\u2019Allemagne aborde la nouvelle ann\u00e9e avec les prochaines \u00e9lections f\u00e9d\u00e9rales sans vent favorable. Selon une premi\u00e8re estimation des statisticiens, au quatri\u00e8me trimestre 2024, la plus grande \u00e9conomie europ\u00e9enne aura probablement recul\u00e9 de 0,1 pour cent par rapport au trimestre pr\u00e9c\u00e9dent, en tenant compte des prix, des saisons et du calendrier. Une reprise significative n\u2019est pas en vue. L&rsquo;\u00e9volution future de l&rsquo;\u00e9conomie joue un r\u00f4le majeur dans la campagne \u00e9lectorale f\u00e9d\u00e9rale.<\/p>\n<p><strong>\u2013 Taux de d\u00e9ficit public inchang\u00e9 :<\/strong> De nombreux \u00e9conomistes ne s\u2019attendent qu\u2019\u00e0 une l\u00e9g\u00e8re croissance en 2025. L\u2019ann\u00e9e derni\u00e8re, le fisc allemand a encore d\u00e9pens\u00e9 plus d\u2019argent qu\u2019il n\u2019en a re\u00e7u. Selon des donn\u00e9es pr\u00e9liminaires, le d\u00e9ficit cumul\u00e9 des syst\u00e8mes de s\u00e9curit\u00e9 f\u00e9d\u00e9ral, \u00e9tatiques, locaux et sociaux s&rsquo;\u00e9l\u00e8ve \u00e0 113 milliards d&rsquo;euros, apr\u00e8s 107,5 milliards l&rsquo;ann\u00e9e pr\u00e9c\u00e9dente.<\/p>\n<p>Cela signifie que l\u2019Allemagne s\u2019est \u00e0 nouveau conform\u00e9e aux r\u00e8gles europ\u00e9ennes en mati\u00e8re de dette. Sur la base de la production \u00e9conomique globale, selon des calculs pr\u00e9liminaires, le d\u00e9ficit \u00e9tait de 2,6 % l&rsquo;ann\u00e9e derni\u00e8re, soit exactement le taux de 2023.<\/p>\n<p><strong>\u2013 Les consommateurs sont r\u00e9ticents \u00e0 consommer :<\/strong> En 2024, la consommation des m\u00e9nages, actuellement le meilleur espoir pour une \u00e9conomie allemande affaiblie, n\u2019a pas vraiment pris d\u2019ampleur. Les d\u00e9penses de consommation priv\u00e9e n&rsquo;ont augment\u00e9 que de 0,3% apr\u00e8s ajustement des prix, tandis que les d\u00e9penses publiques ont augment\u00e9 de mani\u00e8re significative.<\/p>\n<div id=\"attachment_406185\" class=\"wp-caption alignleft\" style=\"max-width: 300px\"><img decoding=\"async\" class=\"wp-image-406185 size-medium\" src=\"https:\/\/vieassociative.be\/actualites\/wp-content\/uploads\/2025\/01\/1737080276_928_Consommateurs-incertains-industrie-en-difficulte-et-exportations-en-baisse.jpg\" alt=\"\" width=\"300\" height=\"190\"><\/p>\n<p class=\"wp-caption-text\">28 octobre 2022, Berlin : un ouvrier du b\u00e2timent travaille sur un chantier de construction. Photo : Monika Skolimowska\/dpa<\/p>\n<\/div>\n<p>De nombreuses personnes \u00e9conomisent face \u00e0 des prix nettement plus \u00e9lev\u00e9s et \u00e0 des inqui\u00e9tudes pour leur emploi &#8211; m\u00eame si les salaires r\u00e9els ont augment\u00e9 et que les consommateurs ont plus d&rsquo;argent en poches. La vague d&rsquo;inflation cons\u00e9cutive \u00e0 la guerre d&rsquo;agression russe contre l&rsquo;Ukraine s&rsquo;est att\u00e9nu\u00e9e : l&rsquo;ann\u00e9e derni\u00e8re, le taux d&rsquo;inflation en Allemagne est tomb\u00e9 \u00e0 une moyenne de 2,2 pour cent, apr\u00e8s 5,9 pour cent en 2023.<\/p>\n<p><strong>\u2013 Faible industrie :<\/strong> L&rsquo;ann\u00e9e derni\u00e8re, la faiblesse de l&rsquo;industrie a eu un impact particulier, avec une valeur ajout\u00e9e brute en baisse significative de 3,0 pour cent par rapport \u00e0 l&rsquo;ann\u00e9e pr\u00e9c\u00e9dente. Des secteurs importants tels que la construction m\u00e9canique et la construction automobile ont produit nettement moins, tandis que la production des industries chimiques et m\u00e9tallurgiques \u00e0 forte consommation d&rsquo;\u00e9nergie est rest\u00e9e \u00e0 un faible niveau. Les investissements dans les \u00e9quipements tels que les machines, les appareils et les v\u00e9hicules ont fortement chut\u00e9 de 5,5 pour cent par rapport \u00e0 l&rsquo;ann\u00e9e pr\u00e9c\u00e9dente. Le secteur de la construction a souffert de la crise du logement.<\/p>\n<p>Le commerce ext\u00e9rieur s&rsquo;est \u00e9galement affaibli. Les exportations de biens et services ont chut\u00e9 de 0,8 pour cent. La raison en \u00e9tait, entre autres, la baisse des exportations de machines et de voitures.<\/p>\n<p><strong>\u2013 Pr\u00e9visions pour 2025 revues \u00e0 la baisse :<\/strong> Les perspectives pour la nouvelle ann\u00e9e ne sont pas tr\u00e8s prometteuses. A l&rsquo;approche des \u00e9lections f\u00e9d\u00e9rales du 23 f\u00e9vrier, les associations professionnelles esp\u00e8rent des r\u00e9formes de la part d&rsquo;un nouveau gouvernement f\u00e9d\u00e9ral qui pourraient rem\u00e9dier aux faiblesses de la r\u00e9gion. Mais avec la victoire \u00e9lectorale de Donald Trump aux \u00c9tats-Unis, l\u2019incertitude s\u2019est accrue.<\/p>\n<div id=\"attachment_406184\" class=\"wp-caption alignleft\" style=\"max-width: 300px\"><img decoding=\"async\" class=\"wp-image-406184 size-medium\" src=\"https:\/\/vieassociative.be\/actualites\/wp-content\/uploads\/2025\/01\/1737080276_756_Consommateurs-incertains-industrie-en-difficulte-et-exportations-en-baisse.jpg\" alt=\"\" width=\"300\" height=\"180\"><\/p>\n<p class=\"wp-caption-text\">26 juillet 2024, Hambourg : les conteneurs sont stock\u00e9s et charg\u00e9s dans le port de Hambourg. Photo : Christian Charisius\/dpa<\/p>\n<\/div>\n<p>Si le pr\u00e9sident \u00e9lu des \u00c9tats-Unis devait imposer des droits de douane \u00e9lev\u00e9s sur les importations en provenance d\u2019Europe, comme il l\u2019a annonc\u00e9, cela toucherait probablement particuli\u00e8rement durement l\u2019Allemagne en tant que pays exportateur. Les \u00e9conomistes craignent des conflits commerciaux entre les \u00c9tats-Unis et l\u2019UE, qui pourraient r\u00e9agir par des contre-mesures. Cependant, on ne sait pas exactement dans quelle mesure Trump mettra en \u0153uvre ses plans.<\/p>\n<p>La Bundesbank a d\u00e9j\u00e0 revu \u00e0 la baisse ses pr\u00e9visions pour l&rsquo;\u00e9conomie allemande et table seulement sur une mini-croissance de 0,2% pour 2025. Le Conseil d\u2019experts (\u00ab \u00c9conomie \u00bb) s\u2019attend \u00e0 une augmentation de 0,4 pour cent.<\/p>\n<p><strong>\u2013 Beaucoup de vents contraires pour l\u2019\u00e9conomie allemande :<\/strong> L\u2019\u00e9conomie allemande souffre depuis des ann\u00e9es d\u2019une faible croissance et est sous pression de plusieurs c\u00f4t\u00e9s. La Chine a perdu son \u00e9lan en tant que moteur de croissance sur les march\u00e9s mondiaux, et le nombre de faillites d\u2019entreprises augmente au niveau national. Dans le m\u00eame temps, les perspectives d\u2019exportation du secteur sont sombres. Des industries cl\u00e9s telles que la construction automobile et la chimie sont en crise, tout comme la construction de logements. Les consommateurs sont incertains et conservent leur argent. Dans le m\u00eame temps, les prix \u00e9lev\u00e9s de l\u2019\u00e9nergie et la lourdeur bureaucratique mettent le site \u00e0 rude \u00e9preuve. (dpa)<\/p>\n","protected":false},"excerpt":{"rendered":"<p>L\u2019\u00e9conomie allemande est de nouveau entr\u00e9e en r\u00e9cession en 2024. Le produit int\u00e9rieur brut (PIB) a diminu\u00e9 de 0,2 pour cent par rapport \u00e0 l&rsquo;ann\u00e9e<\/p>\n","protected":false},"author":1,"featured_media":4383,"comment_status":"","ping_status":"","sticky":false,"template":"","format":"standard","meta":{"footnotes":""},"categories":[298],"tags":[4786,4781,166,4784,4785,4782,4783,2375,553,4788,4787],"class_list":["post-4382","post","type-post","status-publish","format-standard","has-post-thumbnail","hentry","category-belgique","tag-baisse","tag-consommateurs","tag-dans","tag-difficulte","tag-exportations","tag-incertains","tag-industrie","tag-lallemagne","tag-nouveau","tag-recession","tag-senfonce","generate-columns","tablet-grid-50","mobile-grid-100","grid-parent","grid-33"],"yoast_head":"<!-- This site is optimized with the Yoast SEO plugin v24.0 - https:\/\/yoast.com\/wordpress\/plugins\/seo\/ -->\n<title>Consommateurs incertains, industrie en difficult\u00e9 et exportations en baisse : l\u2019Allemagne s\u2019enfonce \u00e0 nouveau dans la r\u00e9cession | Vie Associative<\/title>\n<meta name=\"robots\" content=\"index, follow, max-snippet:-1, max-image-preview:large, max-video-preview:-1\" \/>\n<link rel=\"canonical\" href=\"https:\/\/vieassociative.be\/actualites\/consommateurs-incertains-industrie-en-difficulte-et-exportations-en-baisse-lallemagne-senfonce-a-nouveau-dans-la-recession\/\" \/>\n<meta property=\"og:locale\" content=\"fr_FR\" \/>\n<meta property=\"og:type\" content=\"article\" \/>\n<meta property=\"og:title\" content=\"Consommateurs incertains, industrie en difficult\u00e9 et exportations en baisse : l\u2019Allemagne s\u2019enfonce \u00e0 nouveau dans la r\u00e9cession | Vie Associative\" \/>\n<meta property=\"og:description\" content=\"L\u2019\u00e9conomie allemande est de nouveau entr\u00e9e en r\u00e9cession en 2024. Le produit int\u00e9rieur brut (PIB) a diminu\u00e9 de 0,2 pour cent par rapport \u00e0 l&rsquo;ann\u00e9e\" \/>\n<meta property=\"og:url\" content=\"https:\/\/vieassociative.be\/actualites\/consommateurs-incertains-industrie-en-difficulte-et-exportations-en-baisse-lallemagne-senfonce-a-nouveau-dans-la-recession\/\" \/>\n<meta property=\"og:site_name\" content=\"Vie Associative\" \/>\n<meta property=\"article:published_time\" content=\"2025-01-17T02:17:56+00:00\" \/>\n<meta property=\"og:image\" content=\"https:\/\/vieassociative.be\/actualites\/wp-content\/uploads\/2024\/09\/header_backgroundk-01-e1726694325946.png\" \/>\n\t<meta property=\"og:image:width\" content=\"279\" \/>\n\t<meta property=\"og:image:height\" content=\"92\" \/>\n\t<meta property=\"og:image:type\" content=\"image\/png\" \/>\n<meta name=\"author\" content=\"Julien\" \/>\n<meta name=\"twitter:card\" content=\"summary_large_image\" \/>\n<meta name=\"twitter:label1\" content=\"\u00c9crit par\" \/>\n\t<meta name=\"twitter:data1\" content=\"Julien\" \/>\n\t<meta name=\"twitter:label2\" content=\"Dur\u00e9e de lecture est.\" \/>\n\t<meta name=\"twitter:data2\" content=\"5 minutes\" \/>\n<script type=\"application\/ld+json\" class=\"yoast-schema-graph\">{\"@context\":\"https:\/\/schema.org\",\"@graph\":[{\"@type\":\"Article\",\"@id\":\"https:\/\/vieassociative.be\/actualites\/consommateurs-incertains-industrie-en-difficulte-et-exportations-en-baisse-lallemagne-senfonce-a-nouveau-dans-la-recession\/#article\",\"isPartOf\":{\"@id\":\"https:\/\/vieassociative.be\/actualites\/consommateurs-incertains-industrie-en-difficulte-et-exportations-en-baisse-lallemagne-senfonce-a-nouveau-dans-la-recession\/\"},\"author\":{\"name\":\"Julien\",\"@id\":\"https:\/\/vieassociative.be\/actualites\/#\/schema\/person\/b87ac4f82f9d4e7b7cec7395b679edc4\"},\"headline\":\"Consommateurs incertains, industrie en difficult\u00e9 et exportations en baisse : l\u2019Allemagne s\u2019enfonce \u00e0 nouveau dans la r\u00e9cession\",\"datePublished\":\"2025-01-17T02:17:56+00:00\",\"dateModified\":\"2025-01-17T02:17:56+00:00\",\"mainEntityOfPage\":{\"@id\":\"https:\/\/vieassociative.be\/actualites\/consommateurs-incertains-industrie-en-difficulte-et-exportations-en-baisse-lallemagne-senfonce-a-nouveau-dans-la-recession\/\"},\"wordCount\":1039,\"publisher\":{\"@id\":\"https:\/\/vieassociative.be\/actualites\/#organization\"},\"image\":{\"@id\":\"https:\/\/vieassociative.be\/actualites\/consommateurs-incertains-industrie-en-difficulte-et-exportations-en-baisse-lallemagne-senfonce-a-nouveau-dans-la-recession\/#primaryimage\"},\"thumbnailUrl\":\"https:\/\/vieassociative.be\/actualites\/wp-content\/uploads\/2025\/01\/1737080276_Consommateurs-incertains-industrie-en-difficulte-et-exportations-en-baisse.jpg\",\"keywords\":[\"baisse\",\"Consommateurs\",\"dans\",\"difficult\u00e9\",\"exportations\",\"incertains\",\"industrie\",\"lAllemagne\",\"nouveau\",\"r\u00e9cession\",\"senfonce\"],\"articleSection\":[\"Belgique\"],\"inLanguage\":\"fr-BE\"},{\"@type\":\"WebPage\",\"@id\":\"https:\/\/vieassociative.be\/actualites\/consommateurs-incertains-industrie-en-difficulte-et-exportations-en-baisse-lallemagne-senfonce-a-nouveau-dans-la-recession\/\",\"url\":\"https:\/\/vieassociative.be\/actualites\/consommateurs-incertains-industrie-en-difficulte-et-exportations-en-baisse-lallemagne-senfonce-a-nouveau-dans-la-recession\/\",\"name\":\"Consommateurs incertains, industrie en difficult\u00e9 et exportations en baisse : l\u2019Allemagne s\u2019enfonce \u00e0 nouveau dans la r\u00e9cession | Vie Associative\",\"isPartOf\":{\"@id\":\"https:\/\/vieassociative.be\/actualites\/#website\"},\"primaryImageOfPage\":{\"@id\":\"https:\/\/vieassociative.be\/actualites\/consommateurs-incertains-industrie-en-difficulte-et-exportations-en-baisse-lallemagne-senfonce-a-nouveau-dans-la-recession\/#primaryimage\"},\"image\":{\"@id\":\"https:\/\/vieassociative.be\/actualites\/consommateurs-incertains-industrie-en-difficulte-et-exportations-en-baisse-lallemagne-senfonce-a-nouveau-dans-la-recession\/#primaryimage\"},\"thumbnailUrl\":\"https:\/\/vieassociative.be\/actualites\/wp-content\/uploads\/2025\/01\/1737080276_Consommateurs-incertains-industrie-en-difficulte-et-exportations-en-baisse.jpg\",\"datePublished\":\"2025-01-17T02:17:56+00:00\",\"dateModified\":\"2025-01-17T02:17:56+00:00\",\"breadcrumb\":{\"@id\":\"https:\/\/vieassociative.be\/actualites\/consommateurs-incertains-industrie-en-difficulte-et-exportations-en-baisse-lallemagne-senfonce-a-nouveau-dans-la-recession\/#breadcrumb\"},\"inLanguage\":\"fr-BE\",\"potentialAction\":[{\"@type\":\"ReadAction\",\"target\":[\"https:\/\/vieassociative.be\/actualites\/consommateurs-incertains-industrie-en-difficulte-et-exportations-en-baisse-lallemagne-senfonce-a-nouveau-dans-la-recession\/\"]}]},{\"@type\":\"ImageObject\",\"inLanguage\":\"fr-BE\",\"@id\":\"https:\/\/vieassociative.be\/actualites\/consommateurs-incertains-industrie-en-difficulte-et-exportations-en-baisse-lallemagne-senfonce-a-nouveau-dans-la-recession\/#primaryimage\",\"url\":\"https:\/\/vieassociative.be\/actualites\/wp-content\/uploads\/2025\/01\/1737080276_Consommateurs-incertains-industrie-en-difficulte-et-exportations-en-baisse.jpg\",\"contentUrl\":\"https:\/\/vieassociative.be\/actualites\/wp-content\/uploads\/2025\/01\/1737080276_Consommateurs-incertains-industrie-en-difficulte-et-exportations-en-baisse.jpg\",\"width\":1300,\"height\":813,\"caption\":\"Consommateurs incertains, industrie en difficult\u00e9 et exportations en baisse : l\u2019Allemagne s\u2019enfonce \u00e0 nouveau dans la r\u00e9cession\"},{\"@type\":\"BreadcrumbList\",\"@id\":\"https:\/\/vieassociative.be\/actualites\/consommateurs-incertains-industrie-en-difficulte-et-exportations-en-baisse-lallemagne-senfonce-a-nouveau-dans-la-recession\/#breadcrumb\",\"itemListElement\":[{\"@type\":\"ListItem\",\"position\":1,\"name\":\"Accueil\",\"item\":\"https:\/\/vieassociative.be\/actualites\/\"},{\"@type\":\"ListItem\",\"position\":2,\"name\":\"Consommateurs incertains, industrie en difficult\u00e9 et exportations en baisse : l\u2019Allemagne s\u2019enfonce \u00e0 nouveau dans la r\u00e9cession\"}]},{\"@type\":\"WebSite\",\"@id\":\"https:\/\/vieassociative.be\/actualites\/#website\",\"url\":\"https:\/\/vieassociative.be\/actualites\/\",\"name\":\"Vie Associative\",\"description\":\"\",\"publisher\":{\"@id\":\"https:\/\/vieassociative.be\/actualites\/#organization\"},\"potentialAction\":[{\"@type\":\"SearchAction\",\"target\":{\"@type\":\"EntryPoint\",\"urlTemplate\":\"https:\/\/vieassociative.be\/actualites\/?s={search_term_string}\"},\"query-input\":{\"@type\":\"PropertyValueSpecification\",\"valueRequired\":true,\"valueName\":\"search_term_string\"}}],\"inLanguage\":\"fr-BE\"},{\"@type\":\"Organization\",\"@id\":\"https:\/\/vieassociative.be\/actualites\/#organization\",\"name\":\"Vie Associative\",\"url\":\"https:\/\/vieassociative.be\/actualites\/\",\"logo\":{\"@type\":\"ImageObject\",\"inLanguage\":\"fr-BE\",\"@id\":\"https:\/\/vieassociative.be\/actualites\/#\/schema\/logo\/image\/\",\"url\":\"https:\/\/vieassociative.be\/actualites\/wp-content\/uploads\/2024\/09\/cropped-vieassociative_favicon.ico.png\",\"contentUrl\":\"https:\/\/vieassociative.be\/actualites\/wp-content\/uploads\/2024\/09\/cropped-vieassociative_favicon.ico.png\",\"width\":512,\"height\":512,\"caption\":\"Vie Associative\"},\"image\":{\"@id\":\"https:\/\/vieassociative.be\/actualites\/#\/schema\/logo\/image\/\"}},{\"@type\":\"Person\",\"@id\":\"https:\/\/vieassociative.be\/actualites\/#\/schema\/person\/b87ac4f82f9d4e7b7cec7395b679edc4\",\"name\":\"Julien\",\"image\":{\"@type\":\"ImageObject\",\"inLanguage\":\"fr-BE\",\"@id\":\"https:\/\/vieassociative.be\/actualites\/#\/schema\/person\/image\/\",\"url\":\"https:\/\/vieassociative.be\/actualites\/wp-content\/uploads\/2024\/09\/vie-associative-1-150x150.jpg\",\"contentUrl\":\"https:\/\/vieassociative.be\/actualites\/wp-content\/uploads\/2024\/09\/vie-associative-1-150x150.jpg\",\"caption\":\"Julien\"},\"description\":\"Je suis Julien, r\u00e9dacteur pour Vie Associative. Passionn\u00e9 par le monde associatif depuis plus de 10 ans, j'ai \u00e0 c\u0153ur de partager des histoires inspirantes et de mettre en lumi\u00e8re les initiatives locales. Mon objectif est de sensibiliser et d'encourager l'engagement communautaire \u00e0 travers mes articles.\",\"sameAs\":[\"https:\/\/vieassociative.be\/\"]}]}<\/script>\n<!-- \/ Yoast SEO plugin. -->","yoast_head_json":{"title":"Consommateurs incertains, industrie en difficult\u00e9 et exportations en baisse : l\u2019Allemagne s\u2019enfonce \u00e0 nouveau dans la r\u00e9cession | Vie Associative","robots":{"index":"index","follow":"follow","max-snippet":"max-snippet:-1","max-image-preview":"max-image-preview:large","max-video-preview":"max-video-preview:-1"},"canonical":"https:\/\/vieassociative.be\/actualites\/consommateurs-incertains-industrie-en-difficulte-et-exportations-en-baisse-lallemagne-senfonce-a-nouveau-dans-la-recession\/","og_locale":"fr_FR","og_type":"article","og_title":"Consommateurs incertains, industrie en difficult\u00e9 et exportations en baisse : l\u2019Allemagne s\u2019enfonce \u00e0 nouveau dans la r\u00e9cession | Vie Associative","og_description":"L\u2019\u00e9conomie allemande est de nouveau entr\u00e9e en r\u00e9cession en 2024. Le produit int\u00e9rieur brut (PIB) a diminu\u00e9 de 0,2 pour cent par rapport \u00e0 l&rsquo;ann\u00e9e","og_url":"https:\/\/vieassociative.be\/actualites\/consommateurs-incertains-industrie-en-difficulte-et-exportations-en-baisse-lallemagne-senfonce-a-nouveau-dans-la-recession\/","og_site_name":"Vie Associative","article_published_time":"2025-01-17T02:17:56+00:00","og_image":[{"width":279,"height":92,"url":"https:\/\/vieassociative.be\/actualites\/wp-content\/uploads\/2024\/09\/header_backgroundk-01-e1726694325946.png","type":"image\/png"}],"author":"Julien","twitter_card":"summary_large_image","twitter_misc":{"\u00c9crit par":"Julien","Dur\u00e9e de lecture est.":"5 minutes"},"schema":{"@context":"https:\/\/schema.org","@graph":[{"@type":"Article","@id":"https:\/\/vieassociative.be\/actualites\/consommateurs-incertains-industrie-en-difficulte-et-exportations-en-baisse-lallemagne-senfonce-a-nouveau-dans-la-recession\/#article","isPartOf":{"@id":"https:\/\/vieassociative.be\/actualites\/consommateurs-incertains-industrie-en-difficulte-et-exportations-en-baisse-lallemagne-senfonce-a-nouveau-dans-la-recession\/"},"author":{"name":"Julien","@id":"https:\/\/vieassociative.be\/actualites\/#\/schema\/person\/b87ac4f82f9d4e7b7cec7395b679edc4"},"headline":"Consommateurs incertains, industrie en difficult\u00e9 et exportations en baisse : l\u2019Allemagne s\u2019enfonce \u00e0 nouveau dans la r\u00e9cession","datePublished":"2025-01-17T02:17:56+00:00","dateModified":"2025-01-17T02:17:56+00:00","mainEntityOfPage":{"@id":"https:\/\/vieassociative.be\/actualites\/consommateurs-incertains-industrie-en-difficulte-et-exportations-en-baisse-lallemagne-senfonce-a-nouveau-dans-la-recession\/"},"wordCount":1039,"publisher":{"@id":"https:\/\/vieassociative.be\/actualites\/#organization"},"image":{"@id":"https:\/\/vieassociative.be\/actualites\/consommateurs-incertains-industrie-en-difficulte-et-exportations-en-baisse-lallemagne-senfonce-a-nouveau-dans-la-recession\/#primaryimage"},"thumbnailUrl":"https:\/\/vieassociative.be\/actualites\/wp-content\/uploads\/2025\/01\/1737080276_Consommateurs-incertains-industrie-en-difficulte-et-exportations-en-baisse.jpg","keywords":["baisse","Consommateurs","dans","difficult\u00e9","exportations","incertains","industrie","lAllemagne","nouveau","r\u00e9cession","senfonce"],"articleSection":["Belgique"],"inLanguage":"fr-BE"},{"@type":"WebPage","@id":"https:\/\/vieassociative.be\/actualites\/consommateurs-incertains-industrie-en-difficulte-et-exportations-en-baisse-lallemagne-senfonce-a-nouveau-dans-la-recession\/","url":"https:\/\/vieassociative.be\/actualites\/consommateurs-incertains-industrie-en-difficulte-et-exportations-en-baisse-lallemagne-senfonce-a-nouveau-dans-la-recession\/","name":"Consommateurs incertains, industrie en difficult\u00e9 et exportations en baisse : l\u2019Allemagne s\u2019enfonce \u00e0 nouveau dans la r\u00e9cession | Vie Associative","isPartOf":{"@id":"https:\/\/vieassociative.be\/actualites\/#website"},"primaryImageOfPage":{"@id":"https:\/\/vieassociative.be\/actualites\/consommateurs-incertains-industrie-en-difficulte-et-exportations-en-baisse-lallemagne-senfonce-a-nouveau-dans-la-recession\/#primaryimage"},"image":{"@id":"https:\/\/vieassociative.be\/actualites\/consommateurs-incertains-industrie-en-difficulte-et-exportations-en-baisse-lallemagne-senfonce-a-nouveau-dans-la-recession\/#primaryimage"},"thumbnailUrl":"https:\/\/vieassociative.be\/actualites\/wp-content\/uploads\/2025\/01\/1737080276_Consommateurs-incertains-industrie-en-difficulte-et-exportations-en-baisse.jpg","datePublished":"2025-01-17T02:17:56+00:00","dateModified":"2025-01-17T02:17:56+00:00","breadcrumb":{"@id":"https:\/\/vieassociative.be\/actualites\/consommateurs-incertains-industrie-en-difficulte-et-exportations-en-baisse-lallemagne-senfonce-a-nouveau-dans-la-recession\/#breadcrumb"},"inLanguage":"fr-BE","potentialAction":[{"@type":"ReadAction","target":["https:\/\/vieassociative.be\/actualites\/consommateurs-incertains-industrie-en-difficulte-et-exportations-en-baisse-lallemagne-senfonce-a-nouveau-dans-la-recession\/"]}]},{"@type":"ImageObject","inLanguage":"fr-BE","@id":"https:\/\/vieassociative.be\/actualites\/consommateurs-incertains-industrie-en-difficulte-et-exportations-en-baisse-lallemagne-senfonce-a-nouveau-dans-la-recession\/#primaryimage","url":"https:\/\/vieassociative.be\/actualites\/wp-content\/uploads\/2025\/01\/1737080276_Consommateurs-incertains-industrie-en-difficulte-et-exportations-en-baisse.jpg","contentUrl":"https:\/\/vieassociative.be\/actualites\/wp-content\/uploads\/2025\/01\/1737080276_Consommateurs-incertains-industrie-en-difficulte-et-exportations-en-baisse.jpg","width":1300,"height":813,"caption":"Consommateurs incertains, industrie en difficult\u00e9 et exportations en baisse : l\u2019Allemagne s\u2019enfonce \u00e0 nouveau dans la r\u00e9cession"},{"@type":"BreadcrumbList","@id":"https:\/\/vieassociative.be\/actualites\/consommateurs-incertains-industrie-en-difficulte-et-exportations-en-baisse-lallemagne-senfonce-a-nouveau-dans-la-recession\/#breadcrumb","itemListElement":[{"@type":"ListItem","position":1,"name":"Accueil","item":"https:\/\/vieassociative.be\/actualites\/"},{"@type":"ListItem","position":2,"name":"Consommateurs incertains, industrie en difficult\u00e9 et exportations en baisse : l\u2019Allemagne s\u2019enfonce \u00e0 nouveau dans la r\u00e9cession"}]},{"@type":"WebSite","@id":"https:\/\/vieassociative.be\/actualites\/#website","url":"https:\/\/vieassociative.be\/actualites\/","name":"Vie Associative","description":"","publisher":{"@id":"https:\/\/vieassociative.be\/actualites\/#organization"},"potentialAction":[{"@type":"SearchAction","target":{"@type":"EntryPoint","urlTemplate":"https:\/\/vieassociative.be\/actualites\/?s={search_term_string}"},"query-input":{"@type":"PropertyValueSpecification","valueRequired":true,"valueName":"search_term_string"}}],"inLanguage":"fr-BE"},{"@type":"Organization","@id":"https:\/\/vieassociative.be\/actualites\/#organization","name":"Vie Associative","url":"https:\/\/vieassociative.be\/actualites\/","logo":{"@type":"ImageObject","inLanguage":"fr-BE","@id":"https:\/\/vieassociative.be\/actualites\/#\/schema\/logo\/image\/","url":"https:\/\/vieassociative.be\/actualites\/wp-content\/uploads\/2024\/09\/cropped-vieassociative_favicon.ico.png","contentUrl":"https:\/\/vieassociative.be\/actualites\/wp-content\/uploads\/2024\/09\/cropped-vieassociative_favicon.ico.png","width":512,"height":512,"caption":"Vie Associative"},"image":{"@id":"https:\/\/vieassociative.be\/actualites\/#\/schema\/logo\/image\/"}},{"@type":"Person","@id":"https:\/\/vieassociative.be\/actualites\/#\/schema\/person\/b87ac4f82f9d4e7b7cec7395b679edc4","name":"Julien","image":{"@type":"ImageObject","inLanguage":"fr-BE","@id":"https:\/\/vieassociative.be\/actualites\/#\/schema\/person\/image\/","url":"https:\/\/vieassociative.be\/actualites\/wp-content\/uploads\/2024\/09\/vie-associative-1-150x150.jpg","contentUrl":"https:\/\/vieassociative.be\/actualites\/wp-content\/uploads\/2024\/09\/vie-associative-1-150x150.jpg","caption":"Julien"},"description":"Je suis Julien, r\u00e9dacteur pour Vie Associative. Passionn\u00e9 par le monde associatif depuis plus de 10 ans, j'ai \u00e0 c\u0153ur de partager des histoires inspirantes et de mettre en lumi\u00e8re les initiatives locales. Mon objectif est de sensibiliser et d'encourager l'engagement communautaire \u00e0 travers mes articles.","sameAs":["https:\/\/vieassociative.be\/"]}]}},"_links":{"self":[{"href":"https:\/\/vieassociative.be\/actualites\/wp-json\/wp\/v2\/posts\/4382"}],"collection":[{"href":"https:\/\/vieassociative.be\/actualites\/wp-json\/wp\/v2\/posts"}],"about":[{"href":"https:\/\/vieassociative.be\/actualites\/wp-json\/wp\/v2\/types\/post"}],"author":[{"embeddable":true,"href":"https:\/\/vieassociative.be\/actualites\/wp-json\/wp\/v2\/users\/1"}],"replies":[{"embeddable":true,"href":"https:\/\/vieassociative.be\/actualites\/wp-json\/wp\/v2\/comments?post=4382"}],"version-history":[{"count":0,"href":"https:\/\/vieassociative.be\/actualites\/wp-json\/wp\/v2\/posts\/4382\/revisions"}],"wp:featuredmedia":[{"embeddable":true,"href":"https:\/\/vieassociative.be\/actualites\/wp-json\/wp\/v2\/media\/4383"}],"wp:attachment":[{"href":"https:\/\/vieassociative.be\/actualites\/wp-json\/wp\/v2\/media?parent=4382"}],"wp:term":[{"taxonomy":"category","embeddable":true,"href":"https:\/\/vieassociative.be\/actualites\/wp-json\/wp\/v2\/categories?post=4382"},{"taxonomy":"post_tag","embeddable":true,"href":"https:\/\/vieassociative.be\/actualites\/wp-json\/wp\/v2\/tags?post=4382"}],"curies":[{"name":"wp","href":"https:\/\/api.w.org\/{rel}","templated":true}]}}