{"id":4378,"date":"2025-01-17T01:17:55","date_gmt":"2025-01-17T00:17:55","guid":{"rendered":"https:\/\/vieassociative.be\/actualites\/ce-que-les-fuites-ont-bien-compris-a-propos-du-switch-2\/"},"modified":"2025-01-17T01:17:55","modified_gmt":"2025-01-17T00:17:55","slug":"ce-que-les-fuites-ont-bien-compris-a-propos-du-switch-2","status":"publish","type":"post","link":"https:\/\/vieassociative.be\/actualites\/ce-que-les-fuites-ont-bien-compris-a-propos-du-switch-2\/","title":{"rendered":"Ce que les fuites ont bien compris \u00e0 propos du Switch 2"},"content":{"rendered":"<div class=\"mt-4 leading-6 md:mb-8\">\u00c0 peu pr\u00e8s tout, du moins jusqu&rsquo;\u00e0 pr\u00e9sent.<\/div>\n<p><\/p>\n<p>T\u00f4t ce matin, Nintendo a finalement d\u00e9voil\u00e9 la Nintendo Switch 2 dans une annonce vid\u00e9o surprise. Cela en soi n\u2019\u00e9tait pas n\u00e9cessairement une grande surprise : des rumeurs r\u00e9centes sugg\u00e9raient que l\u2019entreprise ferait autant, et le plus t\u00f4t possible. Mais dans un geste l\u00e9g\u00e8rement inattendu, Nintendo a publi\u00e9 la vid\u00e9o sur YouTube sans grande fanfare ni battage m\u00e9diatique. Mis \u00e0 part un article \u00e9logieux sur X, la soci\u00e9t\u00e9 a essentiellement dit: \u00ab\u00a0Eh bien, c&rsquo;est parti.\u00a0\u00bb<\/p>\n<p>C&rsquo;est peut-\u00eatre d\u00fb au fait que le Switch 2 lui-m\u00eame a \u00e9t\u00e9 divulgu\u00e9 \u00e0 mort que la soci\u00e9t\u00e9 prend moins de plaisir \u00e0 cette annonce. Apr\u00e8s tout, le fabricant d&rsquo;accessoires Genki a essentiellement montr\u00e9 au monde de la technologie le design de la Switch 2 au CES la semaine derni\u00e8re (bien que Nintendo affirme que les produits de Genki \u00e9taient bas\u00e9s sur du mat\u00e9riel non officiel, il est donc possible que Nintendo ait estim\u00e9 qu&rsquo;une longue r\u00e9v\u00e9lation n&rsquo;\u00e9tait pas n\u00e9cessaire. Quoi qu&rsquo;il en soit, c&rsquo;est vous Si vous \u00eates vraiment int\u00e9ress\u00e9 par la Switch 2, il y a de fortes chances que vous en sachiez d\u00e9j\u00e0 beaucoup. Maintenant, vous l&rsquo;avez vu en vrai.<\/p>\n<h2 id=\"this-is-the-switch-2\">C&rsquo;est la Switch 2<\/h2>\n<div class=\"mx-auto mt-8 w-full max-w-4xl\">\n<div id=\"video-container-itpcsQQvgAQ\"><\/div>\n<\/div>\n<p>Dans l&rsquo;annonce vid\u00e9o, Nintendo nous propose une comparaison directe entre la Switch originale (et non la Switch OLED) et la nouvelle console. Vous pouvez voir \u00e0 quel point l&rsquo;\u00e9cran et le mat\u00e9riel du Switch 2 sont plus grands, ainsi que quelques ajustements subtils dans les E\/S. La conception de la b\u00e9quille est tr\u00e8s diff\u00e9rente et beaucoup plus flexible, car vous pouvez plier la console \u00e0 un degr\u00e9 plus prononc\u00e9. <\/p>\n<p>Mais les changements les plus importants, du moins esth\u00e9tiquement, semblent concerner les Joy-Cons. Nintendo a choisi de les agrandir, de modifier l\u00e9g\u00e8rement leur forme et d&rsquo;augmenter la taille des boutons d&rsquo;\u00e9paule. La soci\u00e9t\u00e9 a \u00e9galement invers\u00e9 la palette de couleurs\u00a0: les Joy-Cons color\u00e9s sur le commutateur OG avaient des accents noirs sur les rails, mais les nouveaux Joy-Cons sont presque enti\u00e8rement noirs, les couleurs \u00e9tant ajout\u00e9es comme accents sur les rails et sous les joysticks. Comme pr\u00e9vu, les Joy-Cons se connectent magn\u00e9tiquement au nouveau Switch, au lieu d\u2019aligner les rails avec la console et de s\u2019enclencher.<\/p>\n<p>La r\u00e9v\u00e9lation n&rsquo;offre pas un aper\u00e7u tr\u00e8s attentif du dock, mais elle semble similaire \u00e0 celle du Switch OLED, mais en noir, \u00e0 l&rsquo;exception, bien s\u00fbr, du grand \u00ab 2 \u00bb \u00e0 c\u00f4t\u00e9 du logo Switch. Il en va de m\u00eame pour la poign\u00e9e du Joy-Con\u00a0: elle ressemble \u00e0 une version plus grande et plus raffin\u00e9e de la poign\u00e9e de l&rsquo;OG Switch, bien que Nintendo ait montr\u00e9 comment \u00ab\u00a0faire sortir\u00a0\u00bb le Joy-Con sur le c\u00f4t\u00e9, montrant sa connexion magn\u00e9tique. <\/p>\n<h2 id=\"did-we-get-any-news-of-switch-2-exclusive-games\">Avons-nous eu des nouvelles des jeux exclusifs Switch 2 ?<\/h2>\n<p>Oui! M\u00eame si nous ne connaissons pas encore beaucoup de d\u00e9tails. Dans la bande-annonce, nous semblons avoir un aper\u00e7u d&rsquo;un nouveau <em>Mario Kart<\/em>car la conception des personnages n&rsquo;est d\u00e9finitivement pas la m\u00eame que celle de <em>Mario Kart 8\u00a0: Deluxe<\/em>.<\/p>\n<div class=\"eloquent-imagery-image\">\n<div class=\"flex justify-center\">\n                    <img decoding=\"async\" class=\"border border-gray-100\" src=\"https:\/\/vieassociative.be\/actualites\/wp-content\/uploads\/2025\/01\/Ce-que-les-fuites-ont-bien-compris-a-propos-du.jpg\" alt=\"Mario Kart sur Switch2\" width=\"2000\" height=\"1125\" loading=\"lazy\"  >\n            <\/div>\n<\/p><\/div>\n<p>En dehors de cela, il n\u2019y a aucun mot sur les titres r\u00e9els, disponibles au lancement ou autrement. Cependant, Nintendo a d\u00e9clar\u00e9 que Switch 2 jouerait \u00e0 la fois en exclusivit\u00e9 <em>et<\/em> jeux Switch originaux, ainsi que des copies physiques et num\u00e9riques, vos cartouches existantes devraient donc fonctionner avec la nouvelle console. Cela dit, certains jeux Switch peuvent ne pas \u00eatre pris en charge ou enti\u00e8rement compatibles avec la Switch 2. Nintendo ne donne pas plus de d\u00e9tails, mais cela pourrait \u00eatre une situation dans laquelle il est logique de conserver votre Switch d&rsquo;origine, au lieu de l&rsquo;\u00e9changer contre le nouveau. console. <\/p>\n<h2 id=\"did-the-switch-2-reveal-include-anything-else\">La r\u00e9v\u00e9lation de Switch 2 incluait-elle autre chose ?<\/h2>\n<p>Pas vraiment! Nintendo \u00e9tant Nintendo, ce n&rsquo;est qu&rsquo;un avant-go\u00fbt confirmant plus ou moins la quantit\u00e9 massive de fuites et de rumeurs que nous avons d\u00e9j\u00e0 pass\u00e9es au crible. Nintendo promet depuis longtemps une r\u00e9v\u00e9lation de la Switch 2 au premier trimestre 2025, et nous l\u2019avons obtenu. Maintenant, nous attendons plus d&rsquo;informations. <\/p>\n<p>Nintendo dirige les clients vers une page de son site Web pour plus de d\u00e9tails sur la Switch 2, mais \u00e0 partir de cet article, il h\u00e9berge simplement un lien vers la vid\u00e9o de r\u00e9v\u00e9lation. Peut-\u00eatre qu&rsquo;ils mettront \u00e0 jour le site avec plus d&rsquo;informations au fil du temps. Pour l&rsquo;instant, il s&rsquo;agit de la Switch 2. Ce n&rsquo;est peut-\u00eatre pas surprenant, mais apr\u00e8s tant de temps et tant de fuites, il est difficile de croire que c&rsquo;est enfin officiel. <\/p>\n","protected":false},"excerpt":{"rendered":"<p>\u00c0 peu pr\u00e8s tout, du moins jusqu&rsquo;\u00e0 pr\u00e9sent. T\u00f4t ce matin, Nintendo a finalement d\u00e9voil\u00e9 la Nintendo Switch 2 dans une annonce vid\u00e9o surprise. Cela<\/p>\n","protected":false},"author":1,"featured_media":4379,"comment_status":"","ping_status":"","sticky":false,"template":"","format":"standard","meta":{"footnotes":""},"categories":[36],"tags":[254,4779,3188,14,1374,1496,1390],"class_list":["post-4378","post","type-post","status-publish","format-standard","has-post-thumbnail","hentry","category-divertissement","tag-bien","tag-compris","tag-fuites","tag-les","tag-ont","tag-propos","tag-switch","generate-columns","tablet-grid-50","mobile-grid-100","grid-parent","grid-33"],"yoast_head":"<!-- This site is optimized with the Yoast SEO plugin v24.0 - https:\/\/yoast.com\/wordpress\/plugins\/seo\/ -->\n<title>Ce que les fuites ont bien compris \u00e0 propos du Switch 2 | Vie Associative<\/title>\n<meta name=\"robots\" content=\"index, follow, max-snippet:-1, max-image-preview:large, max-video-preview:-1\" \/>\n<link rel=\"canonical\" href=\"https:\/\/vieassociative.be\/actualites\/ce-que-les-fuites-ont-bien-compris-a-propos-du-switch-2\/\" \/>\n<meta property=\"og:locale\" content=\"fr_FR\" \/>\n<meta property=\"og:type\" content=\"article\" \/>\n<meta property=\"og:title\" content=\"Ce que les fuites ont bien compris \u00e0 propos du Switch 2 | Vie Associative\" \/>\n<meta property=\"og:description\" content=\"\u00c0 peu pr\u00e8s tout, du moins jusqu&rsquo;\u00e0 pr\u00e9sent. T\u00f4t ce matin, Nintendo a finalement d\u00e9voil\u00e9 la Nintendo Switch 2 dans une annonce vid\u00e9o surprise. Cela\" \/>\n<meta property=\"og:url\" content=\"https:\/\/vieassociative.be\/actualites\/ce-que-les-fuites-ont-bien-compris-a-propos-du-switch-2\/\" \/>\n<meta property=\"og:site_name\" content=\"Vie Associative\" \/>\n<meta property=\"article:published_time\" content=\"2025-01-17T00:17:55+00:00\" \/>\n<meta property=\"og:image\" content=\"https:\/\/vieassociative.be\/actualites\/wp-content\/uploads\/2025\/01\/Ce-que-les-fuites-ont-bien-compris-a-propos-du.jpg\" \/>\n<meta name=\"author\" content=\"Julien\" \/>\n<meta name=\"twitter:card\" content=\"summary_large_image\" \/>\n<meta name=\"twitter:label1\" content=\"\u00c9crit par\" \/>\n\t<meta name=\"twitter:data1\" content=\"Julien\" \/>\n\t<meta name=\"twitter:label2\" content=\"Dur\u00e9e de lecture est.\" \/>\n\t<meta name=\"twitter:data2\" content=\"4 minutes\" \/>\n<script type=\"application\/ld+json\" class=\"yoast-schema-graph\">{\"@context\":\"https:\/\/schema.org\",\"@graph\":[{\"@type\":\"Article\",\"@id\":\"https:\/\/vieassociative.be\/actualites\/ce-que-les-fuites-ont-bien-compris-a-propos-du-switch-2\/#article\",\"isPartOf\":{\"@id\":\"https:\/\/vieassociative.be\/actualites\/ce-que-les-fuites-ont-bien-compris-a-propos-du-switch-2\/\"},\"author\":{\"name\":\"Julien\",\"@id\":\"https:\/\/vieassociative.be\/actualites\/#\/schema\/person\/b87ac4f82f9d4e7b7cec7395b679edc4\"},\"headline\":\"Ce que les fuites ont bien compris \u00e0 propos du Switch 2\",\"datePublished\":\"2025-01-17T00:17:55+00:00\",\"dateModified\":\"2025-01-17T00:17:55+00:00\",\"mainEntityOfPage\":{\"@id\":\"https:\/\/vieassociative.be\/actualites\/ce-que-les-fuites-ont-bien-compris-a-propos-du-switch-2\/\"},\"wordCount\":824,\"publisher\":{\"@id\":\"https:\/\/vieassociative.be\/actualites\/#organization\"},\"image\":{\"@id\":\"https:\/\/vieassociative.be\/actualites\/ce-que-les-fuites-ont-bien-compris-a-propos-du-switch-2\/#primaryimage\"},\"thumbnailUrl\":\"https:\/\/vieassociative.be\/actualites\/wp-content\/uploads\/2025\/01\/1737073075_Ce-que-les-fuites-ont-bien-compris-a-propos-du.jpg\",\"keywords\":[\"bien\",\"compris\",\"fuites\",\"Les\",\"ont\",\"propos\",\"Switch\"],\"articleSection\":[\"Divertissement\"],\"inLanguage\":\"fr-BE\"},{\"@type\":\"WebPage\",\"@id\":\"https:\/\/vieassociative.be\/actualites\/ce-que-les-fuites-ont-bien-compris-a-propos-du-switch-2\/\",\"url\":\"https:\/\/vieassociative.be\/actualites\/ce-que-les-fuites-ont-bien-compris-a-propos-du-switch-2\/\",\"name\":\"Ce que les fuites ont bien compris \u00e0 propos du Switch 2 | Vie Associative\",\"isPartOf\":{\"@id\":\"https:\/\/vieassociative.be\/actualites\/#website\"},\"primaryImageOfPage\":{\"@id\":\"https:\/\/vieassociative.be\/actualites\/ce-que-les-fuites-ont-bien-compris-a-propos-du-switch-2\/#primaryimage\"},\"image\":{\"@id\":\"https:\/\/vieassociative.be\/actualites\/ce-que-les-fuites-ont-bien-compris-a-propos-du-switch-2\/#primaryimage\"},\"thumbnailUrl\":\"https:\/\/vieassociative.be\/actualites\/wp-content\/uploads\/2025\/01\/1737073075_Ce-que-les-fuites-ont-bien-compris-a-propos-du.jpg\",\"datePublished\":\"2025-01-17T00:17:55+00:00\",\"dateModified\":\"2025-01-17T00:17:55+00:00\",\"breadcrumb\":{\"@id\":\"https:\/\/vieassociative.be\/actualites\/ce-que-les-fuites-ont-bien-compris-a-propos-du-switch-2\/#breadcrumb\"},\"inLanguage\":\"fr-BE\",\"potentialAction\":[{\"@type\":\"ReadAction\",\"target\":[\"https:\/\/vieassociative.be\/actualites\/ce-que-les-fuites-ont-bien-compris-a-propos-du-switch-2\/\"]}]},{\"@type\":\"ImageObject\",\"inLanguage\":\"fr-BE\",\"@id\":\"https:\/\/vieassociative.be\/actualites\/ce-que-les-fuites-ont-bien-compris-a-propos-du-switch-2\/#primaryimage\",\"url\":\"https:\/\/vieassociative.be\/actualites\/wp-content\/uploads\/2025\/01\/1737073075_Ce-que-les-fuites-ont-bien-compris-a-propos-du.jpg\",\"contentUrl\":\"https:\/\/vieassociative.be\/actualites\/wp-content\/uploads\/2025\/01\/1737073075_Ce-que-les-fuites-ont-bien-compris-a-propos-du.jpg\",\"width\":1200,\"height\":675,\"caption\":\"Ce que les fuites ont bien compris \u00e0 propos du Switch 2\"},{\"@type\":\"BreadcrumbList\",\"@id\":\"https:\/\/vieassociative.be\/actualites\/ce-que-les-fuites-ont-bien-compris-a-propos-du-switch-2\/#breadcrumb\",\"itemListElement\":[{\"@type\":\"ListItem\",\"position\":1,\"name\":\"Accueil\",\"item\":\"https:\/\/vieassociative.be\/actualites\/\"},{\"@type\":\"ListItem\",\"position\":2,\"name\":\"Ce que les fuites ont bien compris \u00e0 propos du Switch 2\"}]},{\"@type\":\"WebSite\",\"@id\":\"https:\/\/vieassociative.be\/actualites\/#website\",\"url\":\"https:\/\/vieassociative.be\/actualites\/\",\"name\":\"Vie Associative\",\"description\":\"\",\"publisher\":{\"@id\":\"https:\/\/vieassociative.be\/actualites\/#organization\"},\"potentialAction\":[{\"@type\":\"SearchAction\",\"target\":{\"@type\":\"EntryPoint\",\"urlTemplate\":\"https:\/\/vieassociative.be\/actualites\/?s={search_term_string}\"},\"query-input\":{\"@type\":\"PropertyValueSpecification\",\"valueRequired\":true,\"valueName\":\"search_term_string\"}}],\"inLanguage\":\"fr-BE\"},{\"@type\":\"Organization\",\"@id\":\"https:\/\/vieassociative.be\/actualites\/#organization\",\"name\":\"Vie Associative\",\"url\":\"https:\/\/vieassociative.be\/actualites\/\",\"logo\":{\"@type\":\"ImageObject\",\"inLanguage\":\"fr-BE\",\"@id\":\"https:\/\/vieassociative.be\/actualites\/#\/schema\/logo\/image\/\",\"url\":\"https:\/\/vieassociative.be\/actualites\/wp-content\/uploads\/2024\/09\/cropped-vieassociative_favicon.ico.png\",\"contentUrl\":\"https:\/\/vieassociative.be\/actualites\/wp-content\/uploads\/2024\/09\/cropped-vieassociative_favicon.ico.png\",\"width\":512,\"height\":512,\"caption\":\"Vie Associative\"},\"image\":{\"@id\":\"https:\/\/vieassociative.be\/actualites\/#\/schema\/logo\/image\/\"}},{\"@type\":\"Person\",\"@id\":\"https:\/\/vieassociative.be\/actualites\/#\/schema\/person\/b87ac4f82f9d4e7b7cec7395b679edc4\",\"name\":\"Julien\",\"image\":{\"@type\":\"ImageObject\",\"inLanguage\":\"fr-BE\",\"@id\":\"https:\/\/vieassociative.be\/actualites\/#\/schema\/person\/image\/\",\"url\":\"https:\/\/vieassociative.be\/actualites\/wp-content\/uploads\/2024\/09\/vie-associative-1-150x150.jpg\",\"contentUrl\":\"https:\/\/vieassociative.be\/actualites\/wp-content\/uploads\/2024\/09\/vie-associative-1-150x150.jpg\",\"caption\":\"Julien\"},\"description\":\"Je suis Julien, r\u00e9dacteur pour Vie Associative. Passionn\u00e9 par le monde associatif depuis plus de 10 ans, j'ai \u00e0 c\u0153ur de partager des histoires inspirantes et de mettre en lumi\u00e8re les initiatives locales. Mon objectif est de sensibiliser et d'encourager l'engagement communautaire \u00e0 travers mes articles.\",\"sameAs\":[\"https:\/\/vieassociative.be\/\"]}]}<\/script>\n<!-- \/ Yoast SEO plugin. -->","yoast_head_json":{"title":"Ce que les fuites ont bien compris \u00e0 propos du Switch 2 | Vie Associative","robots":{"index":"index","follow":"follow","max-snippet":"max-snippet:-1","max-image-preview":"max-image-preview:large","max-video-preview":"max-video-preview:-1"},"canonical":"https:\/\/vieassociative.be\/actualites\/ce-que-les-fuites-ont-bien-compris-a-propos-du-switch-2\/","og_locale":"fr_FR","og_type":"article","og_title":"Ce que les fuites ont bien compris \u00e0 propos du Switch 2 | Vie Associative","og_description":"\u00c0 peu pr\u00e8s tout, du moins jusqu&rsquo;\u00e0 pr\u00e9sent. T\u00f4t ce matin, Nintendo a finalement d\u00e9voil\u00e9 la Nintendo Switch 2 dans une annonce vid\u00e9o surprise. Cela","og_url":"https:\/\/vieassociative.be\/actualites\/ce-que-les-fuites-ont-bien-compris-a-propos-du-switch-2\/","og_site_name":"Vie Associative","article_published_time":"2025-01-17T00:17:55+00:00","og_image":[{"url":"https:\/\/vieassociative.be\/actualites\/wp-content\/uploads\/2025\/01\/Ce-que-les-fuites-ont-bien-compris-a-propos-du.jpg","type":"","width":"","height":""}],"author":"Julien","twitter_card":"summary_large_image","twitter_misc":{"\u00c9crit par":"Julien","Dur\u00e9e de lecture est.":"4 minutes"},"schema":{"@context":"https:\/\/schema.org","@graph":[{"@type":"Article","@id":"https:\/\/vieassociative.be\/actualites\/ce-que-les-fuites-ont-bien-compris-a-propos-du-switch-2\/#article","isPartOf":{"@id":"https:\/\/vieassociative.be\/actualites\/ce-que-les-fuites-ont-bien-compris-a-propos-du-switch-2\/"},"author":{"name":"Julien","@id":"https:\/\/vieassociative.be\/actualites\/#\/schema\/person\/b87ac4f82f9d4e7b7cec7395b679edc4"},"headline":"Ce que les fuites ont bien compris \u00e0 propos du Switch 2","datePublished":"2025-01-17T00:17:55+00:00","dateModified":"2025-01-17T00:17:55+00:00","mainEntityOfPage":{"@id":"https:\/\/vieassociative.be\/actualites\/ce-que-les-fuites-ont-bien-compris-a-propos-du-switch-2\/"},"wordCount":824,"publisher":{"@id":"https:\/\/vieassociative.be\/actualites\/#organization"},"image":{"@id":"https:\/\/vieassociative.be\/actualites\/ce-que-les-fuites-ont-bien-compris-a-propos-du-switch-2\/#primaryimage"},"thumbnailUrl":"https:\/\/vieassociative.be\/actualites\/wp-content\/uploads\/2025\/01\/1737073075_Ce-que-les-fuites-ont-bien-compris-a-propos-du.jpg","keywords":["bien","compris","fuites","Les","ont","propos","Switch"],"articleSection":["Divertissement"],"inLanguage":"fr-BE"},{"@type":"WebPage","@id":"https:\/\/vieassociative.be\/actualites\/ce-que-les-fuites-ont-bien-compris-a-propos-du-switch-2\/","url":"https:\/\/vieassociative.be\/actualites\/ce-que-les-fuites-ont-bien-compris-a-propos-du-switch-2\/","name":"Ce que les fuites ont bien compris \u00e0 propos du Switch 2 | Vie Associative","isPartOf":{"@id":"https:\/\/vieassociative.be\/actualites\/#website"},"primaryImageOfPage":{"@id":"https:\/\/vieassociative.be\/actualites\/ce-que-les-fuites-ont-bien-compris-a-propos-du-switch-2\/#primaryimage"},"image":{"@id":"https:\/\/vieassociative.be\/actualites\/ce-que-les-fuites-ont-bien-compris-a-propos-du-switch-2\/#primaryimage"},"thumbnailUrl":"https:\/\/vieassociative.be\/actualites\/wp-content\/uploads\/2025\/01\/1737073075_Ce-que-les-fuites-ont-bien-compris-a-propos-du.jpg","datePublished":"2025-01-17T00:17:55+00:00","dateModified":"2025-01-17T00:17:55+00:00","breadcrumb":{"@id":"https:\/\/vieassociative.be\/actualites\/ce-que-les-fuites-ont-bien-compris-a-propos-du-switch-2\/#breadcrumb"},"inLanguage":"fr-BE","potentialAction":[{"@type":"ReadAction","target":["https:\/\/vieassociative.be\/actualites\/ce-que-les-fuites-ont-bien-compris-a-propos-du-switch-2\/"]}]},{"@type":"ImageObject","inLanguage":"fr-BE","@id":"https:\/\/vieassociative.be\/actualites\/ce-que-les-fuites-ont-bien-compris-a-propos-du-switch-2\/#primaryimage","url":"https:\/\/vieassociative.be\/actualites\/wp-content\/uploads\/2025\/01\/1737073075_Ce-que-les-fuites-ont-bien-compris-a-propos-du.jpg","contentUrl":"https:\/\/vieassociative.be\/actualites\/wp-content\/uploads\/2025\/01\/1737073075_Ce-que-les-fuites-ont-bien-compris-a-propos-du.jpg","width":1200,"height":675,"caption":"Ce que les fuites ont bien compris \u00e0 propos du Switch 2"},{"@type":"BreadcrumbList","@id":"https:\/\/vieassociative.be\/actualites\/ce-que-les-fuites-ont-bien-compris-a-propos-du-switch-2\/#breadcrumb","itemListElement":[{"@type":"ListItem","position":1,"name":"Accueil","item":"https:\/\/vieassociative.be\/actualites\/"},{"@type":"ListItem","position":2,"name":"Ce que les fuites ont bien compris \u00e0 propos du Switch 2"}]},{"@type":"WebSite","@id":"https:\/\/vieassociative.be\/actualites\/#website","url":"https:\/\/vieassociative.be\/actualites\/","name":"Vie Associative","description":"","publisher":{"@id":"https:\/\/vieassociative.be\/actualites\/#organization"},"potentialAction":[{"@type":"SearchAction","target":{"@type":"EntryPoint","urlTemplate":"https:\/\/vieassociative.be\/actualites\/?s={search_term_string}"},"query-input":{"@type":"PropertyValueSpecification","valueRequired":true,"valueName":"search_term_string"}}],"inLanguage":"fr-BE"},{"@type":"Organization","@id":"https:\/\/vieassociative.be\/actualites\/#organization","name":"Vie Associative","url":"https:\/\/vieassociative.be\/actualites\/","logo":{"@type":"ImageObject","inLanguage":"fr-BE","@id":"https:\/\/vieassociative.be\/actualites\/#\/schema\/logo\/image\/","url":"https:\/\/vieassociative.be\/actualites\/wp-content\/uploads\/2024\/09\/cropped-vieassociative_favicon.ico.png","contentUrl":"https:\/\/vieassociative.be\/actualites\/wp-content\/uploads\/2024\/09\/cropped-vieassociative_favicon.ico.png","width":512,"height":512,"caption":"Vie Associative"},"image":{"@id":"https:\/\/vieassociative.be\/actualites\/#\/schema\/logo\/image\/"}},{"@type":"Person","@id":"https:\/\/vieassociative.be\/actualites\/#\/schema\/person\/b87ac4f82f9d4e7b7cec7395b679edc4","name":"Julien","image":{"@type":"ImageObject","inLanguage":"fr-BE","@id":"https:\/\/vieassociative.be\/actualites\/#\/schema\/person\/image\/","url":"https:\/\/vieassociative.be\/actualites\/wp-content\/uploads\/2024\/09\/vie-associative-1-150x150.jpg","contentUrl":"https:\/\/vieassociative.be\/actualites\/wp-content\/uploads\/2024\/09\/vie-associative-1-150x150.jpg","caption":"Julien"},"description":"Je suis Julien, r\u00e9dacteur pour Vie Associative. Passionn\u00e9 par le monde associatif depuis plus de 10 ans, j'ai \u00e0 c\u0153ur de partager des histoires inspirantes et de mettre en lumi\u00e8re les initiatives locales. Mon objectif est de sensibiliser et d'encourager l'engagement communautaire \u00e0 travers mes articles.","sameAs":["https:\/\/vieassociative.be\/"]}]}},"_links":{"self":[{"href":"https:\/\/vieassociative.be\/actualites\/wp-json\/wp\/v2\/posts\/4378"}],"collection":[{"href":"https:\/\/vieassociative.be\/actualites\/wp-json\/wp\/v2\/posts"}],"about":[{"href":"https:\/\/vieassociative.be\/actualites\/wp-json\/wp\/v2\/types\/post"}],"author":[{"embeddable":true,"href":"https:\/\/vieassociative.be\/actualites\/wp-json\/wp\/v2\/users\/1"}],"replies":[{"embeddable":true,"href":"https:\/\/vieassociative.be\/actualites\/wp-json\/wp\/v2\/comments?post=4378"}],"version-history":[{"count":0,"href":"https:\/\/vieassociative.be\/actualites\/wp-json\/wp\/v2\/posts\/4378\/revisions"}],"wp:featuredmedia":[{"embeddable":true,"href":"https:\/\/vieassociative.be\/actualites\/wp-json\/wp\/v2\/media\/4379"}],"wp:attachment":[{"href":"https:\/\/vieassociative.be\/actualites\/wp-json\/wp\/v2\/media?parent=4378"}],"wp:term":[{"taxonomy":"category","embeddable":true,"href":"https:\/\/vieassociative.be\/actualites\/wp-json\/wp\/v2\/categories?post=4378"},{"taxonomy":"post_tag","embeddable":true,"href":"https:\/\/vieassociative.be\/actualites\/wp-json\/wp\/v2\/tags?post=4378"}],"curies":[{"name":"wp","href":"https:\/\/api.w.org\/{rel}","templated":true}]}}