{"id":4375,"date":"2025-01-16T21:17:57","date_gmt":"2025-01-16T20:17:57","guid":{"rendered":"https:\/\/vieassociative.be\/actualites\/mauel-mr-pff-salue-les-economies-realisees-par-les-gouvernements-de-la-partie-francophone-du-pays\/"},"modified":"2025-01-16T21:17:57","modified_gmt":"2025-01-16T20:17:57","slug":"mauel-mr-pff-salue-les-economies-realisees-par-les-gouvernements-de-la-partie-francophone-du-pays","status":"publish","type":"post","link":"https:\/\/vieassociative.be\/actualites\/mauel-mr-pff-salue-les-economies-realisees-par-les-gouvernements-de-la-partie-francophone-du-pays\/","title":{"rendered":"Mauel (MR\/PFF) salue les \u00e9conomies r\u00e9alis\u00e9es par les gouvernements de la partie francophone du pays"},"content":{"rendered":"<p><strong>La repr\u00e9sentante r\u00e9gionale de l&rsquo;Est de la Belgique, Christine Mauel (MR\/PFF), a express\u00e9ment salu\u00e9 les \u00e9conomies massives au niveau gouvernemental d\u00e9cid\u00e9es par la R\u00e9gion wallonne et la Communaut\u00e9 fran\u00e7aise.<\/strong><\/p>\n<p><span id=\"more-406249\"><\/span>\u00ab M\u00eame si la situation financi\u00e8re de la R\u00e9gion wallonne et de la Communaut\u00e9 fran\u00e7aise reste compliqu\u00e9e \u00bb, a d\u00e9clar\u00e9 le d\u00e9put\u00e9 lib\u00e9ral de l&rsquo;Est de la Belgique \u00e0 Namur, \u00ab les mesures prises au niveau gouvernemental portent d\u00e9j\u00e0 leurs fruits. En 2025, 7,1 millions d\u2019euros seront \u00e9conomis\u00e9s au niveau gouvernemental par rapport \u00e0 2024. \u00ab Nous tenons parole \u00bb, a d\u00e9clar\u00e9 Mauel.<\/p>\n<p>Le nombre de ministres en Wallonie et en Communaut\u00e9 fran\u00e7aise a \u00e9t\u00e9 r\u00e9duit de 13 \u00e0 10. En outre, selon Mauel, il a \u00e9t\u00e9 d\u00e9montr\u00e9 que les \u00e9conomies ne sont pas de 6 millions d&rsquo;euros, mais de 7,1 millions d&rsquo;euros.<\/p>\n<\/p>\n<div id=\"attachment_399556\" class=\"wp-caption alignleft\" style=\"max-width: 300px\"><img fetchpriority=\"high\" decoding=\"async\" class=\"wp-image-399556 size-medium\" src=\"https:\/\/vieassociative.be\/actualites\/wp-content\/uploads\/2025\/01\/Mauel-MRPFF-salue-les-economies-realisees-par-les-gouvernements-de.jpg\" alt=\"\" width=\"300\" height=\"200\"><\/p>\n<p class=\"wp-caption-text\">10 octobre 2024, Belgique, Namur : les chefs de gouvernement de la DG, Oliver Paasch (r), et de Wallonie, Adrien Dolimont (l), lors de leur r\u00e9union \u00e0 Namur. Photo : Serge Heinen<\/p>\n<\/div>\n<p>Le Premier ministre wallon Adrien Dolimont (MR) a expliqu\u00e9 au journal \u00ab La Meuse \u00bb : \u00ab Si vous exigez des efforts de chacun \u00e0 tous les niveaux, vous devez aussi les mettre en \u0153uvre vous-m\u00eame. \u00bb<\/p>\n<p>\u00ab\u00a0En appliquant le principe de la double casquette &#8211; c&rsquo;est-\u00e0-dire que les ministres du gouvernement wallon sont aussi ministres du gouvernement de la Communaut\u00e9 fran\u00e7aise ou de la F\u00e9d\u00e9ration Wallonie-Bruxelles &#8211; trois postes minist\u00e9riels et trois cabinets ont \u00e9t\u00e9 sauv\u00e9s\u00a0\u00bb, explique Christine Mauel. En outre, le budget de chaque cabinet a \u00e9t\u00e9 r\u00e9duit de 10 pour cent. Selon Mauel, le Premier ministre Dolimont souhaite rationaliser davantage le gouvernement et se concentrer sur une coop\u00e9ration accrue entre la politique et l&rsquo;administration.<\/p>\n<p>Dans leur pr\u00e9sentation conjointe de la d\u00e9claration gouvernementale pour la r\u00e9gion et la collectivit\u00e9, les pr\u00e9sidents des deux partis gouvernementaux MR et Les Engag\u00e9s, Georges-Louis Bouchez et Maxime Pr\u00e9vot, ont vis\u00e9 six millions d&rsquo;euros d&rsquo;\u00e9conomies. \u00ab\u00a0Maintenant, c&rsquo;est 7,1 millions d&rsquo;euros, je m&rsquo;en r\u00e9jouis vraiment\u00a0\u00bb, a d\u00e9clar\u00e9 Mauel. \u00ab Le co\u00fbt total pour les deux gouvernements en 2024 s&rsquo;\u00e9l\u00e8ve \u00e0 62 millions d&rsquo;euros. En 2025, ces d\u00e9penses se sont limit\u00e9es \u00e0 54,9 millions. Cela repr\u00e9sente une \u00e9conomie de 11,5 pour cent \u00bb, conclut Mauel. (cr\u00e9er)<\/p>\n","protected":false},"excerpt":{"rendered":"<p>La repr\u00e9sentante r\u00e9gionale de l&rsquo;Est de la Belgique, Christine Mauel (MR\/PFF), a express\u00e9ment salu\u00e9 les \u00e9conomies massives au niveau gouvernemental d\u00e9cid\u00e9es par la R\u00e9gion wallonne<\/p>\n","protected":false},"author":1,"featured_media":4376,"comment_status":"","ping_status":"","sticky":false,"template":"","format":"standard","meta":{"footnotes":""},"categories":[298],"tags":[2931,4778,4777,14,4773,4774,676,1663,3513,4776,4775],"class_list":["post-4375","post","type-post","status-publish","format-standard","has-post-thumbnail","hentry","category-belgique","tag-economies","tag-francophone","tag-gouvernements","tag-les","tag-mauel","tag-mrpff","tag-par","tag-partie","tag-pays","tag-realisees","tag-salue","generate-columns","tablet-grid-50","mobile-grid-100","grid-parent","grid-33"],"yoast_head":"<!-- This site is optimized with the Yoast SEO plugin v24.0 - https:\/\/yoast.com\/wordpress\/plugins\/seo\/ -->\n<title>Mauel (MR\/PFF) salue les \u00e9conomies r\u00e9alis\u00e9es par les gouvernements de la partie francophone du pays | Vie Associative<\/title>\n<meta name=\"robots\" content=\"index, follow, max-snippet:-1, max-image-preview:large, max-video-preview:-1\" \/>\n<link rel=\"canonical\" href=\"https:\/\/vieassociative.be\/actualites\/mauel-mr-pff-salue-les-economies-realisees-par-les-gouvernements-de-la-partie-francophone-du-pays\/\" \/>\n<meta property=\"og:locale\" content=\"fr_FR\" \/>\n<meta property=\"og:type\" content=\"article\" \/>\n<meta property=\"og:title\" content=\"Mauel (MR\/PFF) salue les \u00e9conomies r\u00e9alis\u00e9es par les gouvernements de la partie francophone du pays | Vie Associative\" \/>\n<meta property=\"og:description\" content=\"La repr\u00e9sentante r\u00e9gionale de l&rsquo;Est de la Belgique, Christine Mauel (MR\/PFF), a express\u00e9ment salu\u00e9 les \u00e9conomies massives au niveau gouvernemental d\u00e9cid\u00e9es par la R\u00e9gion wallonne\" \/>\n<meta property=\"og:url\" content=\"https:\/\/vieassociative.be\/actualites\/mauel-mr-pff-salue-les-economies-realisees-par-les-gouvernements-de-la-partie-francophone-du-pays\/\" \/>\n<meta property=\"og:site_name\" content=\"Vie Associative\" \/>\n<meta property=\"article:published_time\" content=\"2025-01-16T20:17:57+00:00\" \/>\n<meta property=\"og:image\" content=\"https:\/\/vieassociative.be\/actualites\/wp-content\/uploads\/2024\/09\/header_backgroundk-01-e1726694325946.png\" \/>\n\t<meta property=\"og:image:width\" content=\"279\" \/>\n\t<meta property=\"og:image:height\" content=\"92\" \/>\n\t<meta property=\"og:image:type\" content=\"image\/png\" \/>\n<meta name=\"author\" content=\"Julien\" \/>\n<meta name=\"twitter:card\" content=\"summary_large_image\" \/>\n<meta name=\"twitter:label1\" content=\"\u00c9crit par\" \/>\n\t<meta name=\"twitter:data1\" content=\"Julien\" \/>\n\t<meta name=\"twitter:label2\" content=\"Dur\u00e9e de lecture est.\" \/>\n\t<meta name=\"twitter:data2\" content=\"2 minutes\" \/>\n<script type=\"application\/ld+json\" class=\"yoast-schema-graph\">{\"@context\":\"https:\/\/schema.org\",\"@graph\":[{\"@type\":\"Article\",\"@id\":\"https:\/\/vieassociative.be\/actualites\/mauel-mr-pff-salue-les-economies-realisees-par-les-gouvernements-de-la-partie-francophone-du-pays\/#article\",\"isPartOf\":{\"@id\":\"https:\/\/vieassociative.be\/actualites\/mauel-mr-pff-salue-les-economies-realisees-par-les-gouvernements-de-la-partie-francophone-du-pays\/\"},\"author\":{\"name\":\"Julien\",\"@id\":\"https:\/\/vieassociative.be\/actualites\/#\/schema\/person\/b87ac4f82f9d4e7b7cec7395b679edc4\"},\"headline\":\"Mauel (MR\/PFF) salue les \u00e9conomies r\u00e9alis\u00e9es par les gouvernements de la partie francophone du pays\",\"datePublished\":\"2025-01-16T20:17:57+00:00\",\"dateModified\":\"2025-01-16T20:17:57+00:00\",\"mainEntityOfPage\":{\"@id\":\"https:\/\/vieassociative.be\/actualites\/mauel-mr-pff-salue-les-economies-realisees-par-les-gouvernements-de-la-partie-francophone-du-pays\/\"},\"wordCount\":406,\"publisher\":{\"@id\":\"https:\/\/vieassociative.be\/actualites\/#organization\"},\"image\":{\"@id\":\"https:\/\/vieassociative.be\/actualites\/mauel-mr-pff-salue-les-economies-realisees-par-les-gouvernements-de-la-partie-francophone-du-pays\/#primaryimage\"},\"thumbnailUrl\":\"https:\/\/vieassociative.be\/actualites\/wp-content\/uploads\/2025\/01\/1737058678_Mauel-MRPFF-salue-les-economies-realisees-par-les-gouvernements-de.jpg\",\"keywords\":[\"\u00c9conomies\",\"francophone\",\"gouvernements\",\"Les\",\"Mauel\",\"MRPFF\",\"par\",\"partie\",\"pays\",\"r\u00e9alis\u00e9es\",\"salue\"],\"articleSection\":[\"Belgique\"],\"inLanguage\":\"fr-BE\"},{\"@type\":\"WebPage\",\"@id\":\"https:\/\/vieassociative.be\/actualites\/mauel-mr-pff-salue-les-economies-realisees-par-les-gouvernements-de-la-partie-francophone-du-pays\/\",\"url\":\"https:\/\/vieassociative.be\/actualites\/mauel-mr-pff-salue-les-economies-realisees-par-les-gouvernements-de-la-partie-francophone-du-pays\/\",\"name\":\"Mauel (MR\/PFF) salue les \u00e9conomies r\u00e9alis\u00e9es par les gouvernements de la partie francophone du pays | Vie Associative\",\"isPartOf\":{\"@id\":\"https:\/\/vieassociative.be\/actualites\/#website\"},\"primaryImageOfPage\":{\"@id\":\"https:\/\/vieassociative.be\/actualites\/mauel-mr-pff-salue-les-economies-realisees-par-les-gouvernements-de-la-partie-francophone-du-pays\/#primaryimage\"},\"image\":{\"@id\":\"https:\/\/vieassociative.be\/actualites\/mauel-mr-pff-salue-les-economies-realisees-par-les-gouvernements-de-la-partie-francophone-du-pays\/#primaryimage\"},\"thumbnailUrl\":\"https:\/\/vieassociative.be\/actualites\/wp-content\/uploads\/2025\/01\/1737058678_Mauel-MRPFF-salue-les-economies-realisees-par-les-gouvernements-de.jpg\",\"datePublished\":\"2025-01-16T20:17:57+00:00\",\"dateModified\":\"2025-01-16T20:17:57+00:00\",\"breadcrumb\":{\"@id\":\"https:\/\/vieassociative.be\/actualites\/mauel-mr-pff-salue-les-economies-realisees-par-les-gouvernements-de-la-partie-francophone-du-pays\/#breadcrumb\"},\"inLanguage\":\"fr-BE\",\"potentialAction\":[{\"@type\":\"ReadAction\",\"target\":[\"https:\/\/vieassociative.be\/actualites\/mauel-mr-pff-salue-les-economies-realisees-par-les-gouvernements-de-la-partie-francophone-du-pays\/\"]}]},{\"@type\":\"ImageObject\",\"inLanguage\":\"fr-BE\",\"@id\":\"https:\/\/vieassociative.be\/actualites\/mauel-mr-pff-salue-les-economies-realisees-par-les-gouvernements-de-la-partie-francophone-du-pays\/#primaryimage\",\"url\":\"https:\/\/vieassociative.be\/actualites\/wp-content\/uploads\/2025\/01\/1737058678_Mauel-MRPFF-salue-les-economies-realisees-par-les-gouvernements-de.jpg\",\"contentUrl\":\"https:\/\/vieassociative.be\/actualites\/wp-content\/uploads\/2025\/01\/1737058678_Mauel-MRPFF-salue-les-economies-realisees-par-les-gouvernements-de.jpg\",\"width\":1284,\"height\":848,\"caption\":\"Mauel (MR\/PFF) salue les \u00e9conomies r\u00e9alis\u00e9es par les gouvernements de la partie francophone du pays\"},{\"@type\":\"BreadcrumbList\",\"@id\":\"https:\/\/vieassociative.be\/actualites\/mauel-mr-pff-salue-les-economies-realisees-par-les-gouvernements-de-la-partie-francophone-du-pays\/#breadcrumb\",\"itemListElement\":[{\"@type\":\"ListItem\",\"position\":1,\"name\":\"Accueil\",\"item\":\"https:\/\/vieassociative.be\/actualites\/\"},{\"@type\":\"ListItem\",\"position\":2,\"name\":\"Mauel (MR\/PFF) salue les \u00e9conomies r\u00e9alis\u00e9es par les gouvernements de la partie francophone du pays\"}]},{\"@type\":\"WebSite\",\"@id\":\"https:\/\/vieassociative.be\/actualites\/#website\",\"url\":\"https:\/\/vieassociative.be\/actualites\/\",\"name\":\"Vie Associative\",\"description\":\"\",\"publisher\":{\"@id\":\"https:\/\/vieassociative.be\/actualites\/#organization\"},\"potentialAction\":[{\"@type\":\"SearchAction\",\"target\":{\"@type\":\"EntryPoint\",\"urlTemplate\":\"https:\/\/vieassociative.be\/actualites\/?s={search_term_string}\"},\"query-input\":{\"@type\":\"PropertyValueSpecification\",\"valueRequired\":true,\"valueName\":\"search_term_string\"}}],\"inLanguage\":\"fr-BE\"},{\"@type\":\"Organization\",\"@id\":\"https:\/\/vieassociative.be\/actualites\/#organization\",\"name\":\"Vie Associative\",\"url\":\"https:\/\/vieassociative.be\/actualites\/\",\"logo\":{\"@type\":\"ImageObject\",\"inLanguage\":\"fr-BE\",\"@id\":\"https:\/\/vieassociative.be\/actualites\/#\/schema\/logo\/image\/\",\"url\":\"https:\/\/vieassociative.be\/actualites\/wp-content\/uploads\/2024\/09\/cropped-vieassociative_favicon.ico.png\",\"contentUrl\":\"https:\/\/vieassociative.be\/actualites\/wp-content\/uploads\/2024\/09\/cropped-vieassociative_favicon.ico.png\",\"width\":512,\"height\":512,\"caption\":\"Vie Associative\"},\"image\":{\"@id\":\"https:\/\/vieassociative.be\/actualites\/#\/schema\/logo\/image\/\"}},{\"@type\":\"Person\",\"@id\":\"https:\/\/vieassociative.be\/actualites\/#\/schema\/person\/b87ac4f82f9d4e7b7cec7395b679edc4\",\"name\":\"Julien\",\"image\":{\"@type\":\"ImageObject\",\"inLanguage\":\"fr-BE\",\"@id\":\"https:\/\/vieassociative.be\/actualites\/#\/schema\/person\/image\/\",\"url\":\"https:\/\/vieassociative.be\/actualites\/wp-content\/uploads\/2024\/09\/vie-associative-1-150x150.jpg\",\"contentUrl\":\"https:\/\/vieassociative.be\/actualites\/wp-content\/uploads\/2024\/09\/vie-associative-1-150x150.jpg\",\"caption\":\"Julien\"},\"description\":\"Je suis Julien, r\u00e9dacteur pour Vie Associative. Passionn\u00e9 par le monde associatif depuis plus de 10 ans, j'ai \u00e0 c\u0153ur de partager des histoires inspirantes et de mettre en lumi\u00e8re les initiatives locales. Mon objectif est de sensibiliser et d'encourager l'engagement communautaire \u00e0 travers mes articles.\",\"sameAs\":[\"https:\/\/vieassociative.be\/\"]}]}<\/script>\n<!-- \/ Yoast SEO plugin. -->","yoast_head_json":{"title":"Mauel (MR\/PFF) salue les \u00e9conomies r\u00e9alis\u00e9es par les gouvernements de la partie francophone du pays | Vie Associative","robots":{"index":"index","follow":"follow","max-snippet":"max-snippet:-1","max-image-preview":"max-image-preview:large","max-video-preview":"max-video-preview:-1"},"canonical":"https:\/\/vieassociative.be\/actualites\/mauel-mr-pff-salue-les-economies-realisees-par-les-gouvernements-de-la-partie-francophone-du-pays\/","og_locale":"fr_FR","og_type":"article","og_title":"Mauel (MR\/PFF) salue les \u00e9conomies r\u00e9alis\u00e9es par les gouvernements de la partie francophone du pays | Vie Associative","og_description":"La repr\u00e9sentante r\u00e9gionale de l&rsquo;Est de la Belgique, Christine Mauel (MR\/PFF), a express\u00e9ment salu\u00e9 les \u00e9conomies massives au niveau gouvernemental d\u00e9cid\u00e9es par la R\u00e9gion wallonne","og_url":"https:\/\/vieassociative.be\/actualites\/mauel-mr-pff-salue-les-economies-realisees-par-les-gouvernements-de-la-partie-francophone-du-pays\/","og_site_name":"Vie Associative","article_published_time":"2025-01-16T20:17:57+00:00","og_image":[{"width":279,"height":92,"url":"https:\/\/vieassociative.be\/actualites\/wp-content\/uploads\/2024\/09\/header_backgroundk-01-e1726694325946.png","type":"image\/png"}],"author":"Julien","twitter_card":"summary_large_image","twitter_misc":{"\u00c9crit par":"Julien","Dur\u00e9e de lecture est.":"2 minutes"},"schema":{"@context":"https:\/\/schema.org","@graph":[{"@type":"Article","@id":"https:\/\/vieassociative.be\/actualites\/mauel-mr-pff-salue-les-economies-realisees-par-les-gouvernements-de-la-partie-francophone-du-pays\/#article","isPartOf":{"@id":"https:\/\/vieassociative.be\/actualites\/mauel-mr-pff-salue-les-economies-realisees-par-les-gouvernements-de-la-partie-francophone-du-pays\/"},"author":{"name":"Julien","@id":"https:\/\/vieassociative.be\/actualites\/#\/schema\/person\/b87ac4f82f9d4e7b7cec7395b679edc4"},"headline":"Mauel (MR\/PFF) salue les \u00e9conomies r\u00e9alis\u00e9es par les gouvernements de la partie francophone du pays","datePublished":"2025-01-16T20:17:57+00:00","dateModified":"2025-01-16T20:17:57+00:00","mainEntityOfPage":{"@id":"https:\/\/vieassociative.be\/actualites\/mauel-mr-pff-salue-les-economies-realisees-par-les-gouvernements-de-la-partie-francophone-du-pays\/"},"wordCount":406,"publisher":{"@id":"https:\/\/vieassociative.be\/actualites\/#organization"},"image":{"@id":"https:\/\/vieassociative.be\/actualites\/mauel-mr-pff-salue-les-economies-realisees-par-les-gouvernements-de-la-partie-francophone-du-pays\/#primaryimage"},"thumbnailUrl":"https:\/\/vieassociative.be\/actualites\/wp-content\/uploads\/2025\/01\/1737058678_Mauel-MRPFF-salue-les-economies-realisees-par-les-gouvernements-de.jpg","keywords":["\u00c9conomies","francophone","gouvernements","Les","Mauel","MRPFF","par","partie","pays","r\u00e9alis\u00e9es","salue"],"articleSection":["Belgique"],"inLanguage":"fr-BE"},{"@type":"WebPage","@id":"https:\/\/vieassociative.be\/actualites\/mauel-mr-pff-salue-les-economies-realisees-par-les-gouvernements-de-la-partie-francophone-du-pays\/","url":"https:\/\/vieassociative.be\/actualites\/mauel-mr-pff-salue-les-economies-realisees-par-les-gouvernements-de-la-partie-francophone-du-pays\/","name":"Mauel (MR\/PFF) salue les \u00e9conomies r\u00e9alis\u00e9es par les gouvernements de la partie francophone du pays | Vie Associative","isPartOf":{"@id":"https:\/\/vieassociative.be\/actualites\/#website"},"primaryImageOfPage":{"@id":"https:\/\/vieassociative.be\/actualites\/mauel-mr-pff-salue-les-economies-realisees-par-les-gouvernements-de-la-partie-francophone-du-pays\/#primaryimage"},"image":{"@id":"https:\/\/vieassociative.be\/actualites\/mauel-mr-pff-salue-les-economies-realisees-par-les-gouvernements-de-la-partie-francophone-du-pays\/#primaryimage"},"thumbnailUrl":"https:\/\/vieassociative.be\/actualites\/wp-content\/uploads\/2025\/01\/1737058678_Mauel-MRPFF-salue-les-economies-realisees-par-les-gouvernements-de.jpg","datePublished":"2025-01-16T20:17:57+00:00","dateModified":"2025-01-16T20:17:57+00:00","breadcrumb":{"@id":"https:\/\/vieassociative.be\/actualites\/mauel-mr-pff-salue-les-economies-realisees-par-les-gouvernements-de-la-partie-francophone-du-pays\/#breadcrumb"},"inLanguage":"fr-BE","potentialAction":[{"@type":"ReadAction","target":["https:\/\/vieassociative.be\/actualites\/mauel-mr-pff-salue-les-economies-realisees-par-les-gouvernements-de-la-partie-francophone-du-pays\/"]}]},{"@type":"ImageObject","inLanguage":"fr-BE","@id":"https:\/\/vieassociative.be\/actualites\/mauel-mr-pff-salue-les-economies-realisees-par-les-gouvernements-de-la-partie-francophone-du-pays\/#primaryimage","url":"https:\/\/vieassociative.be\/actualites\/wp-content\/uploads\/2025\/01\/1737058678_Mauel-MRPFF-salue-les-economies-realisees-par-les-gouvernements-de.jpg","contentUrl":"https:\/\/vieassociative.be\/actualites\/wp-content\/uploads\/2025\/01\/1737058678_Mauel-MRPFF-salue-les-economies-realisees-par-les-gouvernements-de.jpg","width":1284,"height":848,"caption":"Mauel (MR\/PFF) salue les \u00e9conomies r\u00e9alis\u00e9es par les gouvernements de la partie francophone du pays"},{"@type":"BreadcrumbList","@id":"https:\/\/vieassociative.be\/actualites\/mauel-mr-pff-salue-les-economies-realisees-par-les-gouvernements-de-la-partie-francophone-du-pays\/#breadcrumb","itemListElement":[{"@type":"ListItem","position":1,"name":"Accueil","item":"https:\/\/vieassociative.be\/actualites\/"},{"@type":"ListItem","position":2,"name":"Mauel (MR\/PFF) salue les \u00e9conomies r\u00e9alis\u00e9es par les gouvernements de la partie francophone du pays"}]},{"@type":"WebSite","@id":"https:\/\/vieassociative.be\/actualites\/#website","url":"https:\/\/vieassociative.be\/actualites\/","name":"Vie Associative","description":"","publisher":{"@id":"https:\/\/vieassociative.be\/actualites\/#organization"},"potentialAction":[{"@type":"SearchAction","target":{"@type":"EntryPoint","urlTemplate":"https:\/\/vieassociative.be\/actualites\/?s={search_term_string}"},"query-input":{"@type":"PropertyValueSpecification","valueRequired":true,"valueName":"search_term_string"}}],"inLanguage":"fr-BE"},{"@type":"Organization","@id":"https:\/\/vieassociative.be\/actualites\/#organization","name":"Vie Associative","url":"https:\/\/vieassociative.be\/actualites\/","logo":{"@type":"ImageObject","inLanguage":"fr-BE","@id":"https:\/\/vieassociative.be\/actualites\/#\/schema\/logo\/image\/","url":"https:\/\/vieassociative.be\/actualites\/wp-content\/uploads\/2024\/09\/cropped-vieassociative_favicon.ico.png","contentUrl":"https:\/\/vieassociative.be\/actualites\/wp-content\/uploads\/2024\/09\/cropped-vieassociative_favicon.ico.png","width":512,"height":512,"caption":"Vie Associative"},"image":{"@id":"https:\/\/vieassociative.be\/actualites\/#\/schema\/logo\/image\/"}},{"@type":"Person","@id":"https:\/\/vieassociative.be\/actualites\/#\/schema\/person\/b87ac4f82f9d4e7b7cec7395b679edc4","name":"Julien","image":{"@type":"ImageObject","inLanguage":"fr-BE","@id":"https:\/\/vieassociative.be\/actualites\/#\/schema\/person\/image\/","url":"https:\/\/vieassociative.be\/actualites\/wp-content\/uploads\/2024\/09\/vie-associative-1-150x150.jpg","contentUrl":"https:\/\/vieassociative.be\/actualites\/wp-content\/uploads\/2024\/09\/vie-associative-1-150x150.jpg","caption":"Julien"},"description":"Je suis Julien, r\u00e9dacteur pour Vie Associative. Passionn\u00e9 par le monde associatif depuis plus de 10 ans, j'ai \u00e0 c\u0153ur de partager des histoires inspirantes et de mettre en lumi\u00e8re les initiatives locales. Mon objectif est de sensibiliser et d'encourager l'engagement communautaire \u00e0 travers mes articles.","sameAs":["https:\/\/vieassociative.be\/"]}]}},"_links":{"self":[{"href":"https:\/\/vieassociative.be\/actualites\/wp-json\/wp\/v2\/posts\/4375"}],"collection":[{"href":"https:\/\/vieassociative.be\/actualites\/wp-json\/wp\/v2\/posts"}],"about":[{"href":"https:\/\/vieassociative.be\/actualites\/wp-json\/wp\/v2\/types\/post"}],"author":[{"embeddable":true,"href":"https:\/\/vieassociative.be\/actualites\/wp-json\/wp\/v2\/users\/1"}],"replies":[{"embeddable":true,"href":"https:\/\/vieassociative.be\/actualites\/wp-json\/wp\/v2\/comments?post=4375"}],"version-history":[{"count":0,"href":"https:\/\/vieassociative.be\/actualites\/wp-json\/wp\/v2\/posts\/4375\/revisions"}],"wp:featuredmedia":[{"embeddable":true,"href":"https:\/\/vieassociative.be\/actualites\/wp-json\/wp\/v2\/media\/4376"}],"wp:attachment":[{"href":"https:\/\/vieassociative.be\/actualites\/wp-json\/wp\/v2\/media?parent=4375"}],"wp:term":[{"taxonomy":"category","embeddable":true,"href":"https:\/\/vieassociative.be\/actualites\/wp-json\/wp\/v2\/categories?post=4375"},{"taxonomy":"post_tag","embeddable":true,"href":"https:\/\/vieassociative.be\/actualites\/wp-json\/wp\/v2\/tags?post=4375"}],"curies":[{"name":"wp","href":"https:\/\/api.w.org\/{rel}","templated":true}]}}