{"id":4368,"date":"2025-01-16T15:18:11","date_gmt":"2025-01-16T14:18:11","guid":{"rendered":"https:\/\/vieassociative.be\/actualites\/biden-met-en-garde-contre-loligarchie-aux-usa-qui-menace-notre-democratie-musk-zuckerberg-bezos\/"},"modified":"2025-01-16T15:18:11","modified_gmt":"2025-01-16T14:18:11","slug":"biden-met-en-garde-contre-loligarchie-aux-usa-qui-menace-notre-democratie-musk-zuckerberg-bezos","status":"publish","type":"post","link":"https:\/\/vieassociative.be\/actualites\/biden-met-en-garde-contre-loligarchie-aux-usa-qui-menace-notre-democratie-musk-zuckerberg-bezos\/","title":{"rendered":"Biden met en garde contre l\u2019oligarchie aux USA \u00ab qui menace notre d\u00e9mocratie \u00bb \u2013 Musk, Zuckerberg, Bezos\u2026"},"content":{"rendered":"<p><strong>Quiconque s\u2019attendait \u00e0 ce que le discours d\u2019adieu de Joe Biden soit ax\u00e9 sur les \u00e9motions et l\u2019\u00e9loge de soi s\u2019est tromp\u00e9. L&rsquo;homme de 82 ans donne quelques avertissements urgents \u00e0 ses compatriotes.<\/strong><\/p>\n<p><span id=\"more-406232\"><\/span>Alors qu\u2019il quittait ses fonctions, le pr\u00e9sident am\u00e9ricain Joe Biden a mis en garde les Am\u00e9ricains contre l\u2019\u00e9mergence d\u2019une oligarchie mena\u00e7ante dans le pays. Biden, dans un discours puissant \u00e0 la nation depuis son bureau de la Maison Blanche, s&rsquo;est d\u00e9clar\u00e9 pr\u00e9occup\u00e9 par \u00ab\u00a0la dangereuse concentration du pouvoir entre les mains de quelques personnes extr\u00eamement riches &#8211; et les cons\u00e9quences dangereuses si leur abus de pouvoir n&rsquo;est pas contr\u00f4l\u00e9\u00a0\u00bb.<\/p>\n<p>Le d\u00e9mocrate faisait allusion \u00e0 l\u2019influence croissante de plusieurs milliardaires qui se rallient \u00e0 son successeur Donald Trump. Trump pr\u00eatera serment lundi.<\/p>\n<div id=\"attachment_406243\" class=\"wp-caption alignleft\" style=\"max-width: 300px\"><img fetchpriority=\"high\" decoding=\"async\" class=\"wp-image-406243 size-medium\" src=\"https:\/\/vieassociative.be\/actualites\/wp-content\/uploads\/2025\/01\/Biden-met-en-garde-contre-loligarchie-aux-USA-qui.jpg\" alt=\"\" width=\"300\" height=\"200\"><\/p>\n<p class=\"wp-caption-text\">19 novembre 2024, \u00c9tats-Unis, Brownsville : le pr\u00e9sident \u00e9lu am\u00e9ricain Donald Trump (r) salue Elon Musk avant le d\u00e9but du sixi\u00e8me vol d&rsquo;essai de la fus\u00e9e SpaceX Starship. Photo : Brandon Bell\/Pool Getty Images Am\u00e9rique du Nord\/AP\/dpa<\/p>\n<\/div>\n<p><strong>\u2013 Avertissements concernant les mensonges et l\u2019avidit\u00e9 du profit\u00a0:<\/strong> Biden a utilis\u00e9 son discours, retransmis en direct \u00e0 la t\u00e9l\u00e9vision, pour s&rsquo;adresser \u00e0 la conscience de ses compatriotes. \u00ab Aujourd\u2019hui, une oligarchie extr\u00eamement riche, puissante et influente \u00e9merge en Am\u00e9rique, qui menace litt\u00e9ralement toute notre d\u00e9mocratie, nos droits fondamentaux, nos libert\u00e9s et la possibilit\u00e9 \u00e9quitable pour chacun de progresser \u00bb, a-t-il averti.<\/p>\n<p>\u00ab\u00a0Les Am\u00e9ricains sont bombard\u00e9s de d\u00e9sinformation et de d\u00e9sinformation, ce qui permet des abus de pouvoir\u00a0\u00bb, a d\u00e9clar\u00e9 l&rsquo;homme de 82 ans. \u00ab La presse libre s\u2019effondre, les r\u00e9dacteurs disparaissent, les v\u00e9rifications des faits sont abandonn\u00e9es sur les r\u00e9seaux sociaux. La v\u00e9rit\u00e9 est \u00e9touff\u00e9e par des mensonges propag\u00e9s pour le pouvoir et le profit. \u00bb Biden a appel\u00e9 \u00e0 ce que les plateformes sociales soient tenues pour responsables afin de prot\u00e9ger les enfants, les familles et la d\u00e9mocratie elle-m\u00eame contre les abus de pouvoir.<\/p>\n<p><strong>\u2013 Les milliardaires affili\u00e9s \u00e0 Trump :<\/strong> Biden a probablement fait allusion aux tr\u00e8s riches entrepreneurs am\u00e9ricains Elon Musk, Mark Zuckerberg et Jeff Bezos, entre autres, sans citer nomm\u00e9ment les milliardaires. Ce ne sont pas seulement les hommes les plus riches d\u2019Am\u00e9rique, mais aussi du monde, et ils recherchent ostensiblement la proximit\u00e9 de Trump.<\/p>\n<div id=\"attachment_406245\" class=\"wp-caption alignleft\" style=\"max-width: 300px\"><img decoding=\"async\" class=\"wp-image-406245 size-medium\" src=\"https:\/\/vieassociative.be\/actualites\/wp-content\/uploads\/2025\/01\/1737037091_240_Biden-met-en-garde-contre-loligarchie-aux-USA-qui.jpg\" alt=\"\" width=\"300\" height=\"208\"><\/p>\n<p class=\"wp-caption-text\">15 janvier 2025, \u00c9tats-Unis, Washington : le pr\u00e9sident am\u00e9ricain Joe Biden accueille le vice-pr\u00e9sident Kamala Harris apr\u00e8s son discours d&rsquo;adieu dans le Bureau ovale de la Maison Blanche. Photo : Mandel Ngan\/Pool AFP\/AP\/dpa<\/p>\n<\/div>\n<p>Le patron de Tesla et SpaceX, Musk, entretient des relations particuli\u00e8rement \u00e9troites avec le r\u00e9publicain. Musk, qui poss\u00e8de \u00e9galement Platform<\/p>\n<p>Zuckerberg, chef du groupe Facebook Meta, a r\u00e9cemment amorc\u00e9 un changement de cap en s&rsquo;\u00e9loignant du pr\u00e9c\u00e9dent mod\u00e8le de mod\u00e9ration sur ses plateformes sociales et en se rapprochant clairement de Trump et de son parti. Ce faisant, il a suivi la ligne de Musk, qui a largement supprim\u00e9 les restrictions sur les d\u00e9clarations sur la plateforme apr\u00e8s avoir repris Twitter. Les chercheurs et de nombreux utilisateurs accusent depuis lors la plate-forme X, qui lui a succ\u00e9d\u00e9, de permettre des discours de haine d\u00e9brid\u00e9s. X rejette cela.<\/p>\n<p>En revanche, le fondateur d&rsquo;Amazon, Bezos, qui veut devenir un concurrent de SpaceX de Musk avec sa soci\u00e9t\u00e9 spatiale Blue Origin et qui poss\u00e8de le \u00ab\u00a0Washington Post\u00a0\u00bb depuis plusieurs ann\u00e9es, a \u00e9t\u00e9 accus\u00e9 avant les \u00e9lections am\u00e9ricaines de s&rsquo;appuyer sur une recommandation \u00e9lectorale. de la r\u00e9daction par consid\u00e9rations entrepreneuriales pour la d\u00e9mocrate Kamala Harris.<\/p>\n<div id=\"attachment_406241\" class=\"wp-caption alignleft\" style=\"max-width: 300px\"><img decoding=\"async\" class=\"wp-image-406241 size-medium\" src=\"https:\/\/vieassociative.be\/actualites\/wp-content\/uploads\/2025\/01\/1737037091_895_Biden-met-en-garde-contre-loligarchie-aux-USA-qui.jpg\" alt=\"\" width=\"300\" height=\"200\"><\/p>\n<p class=\"wp-caption-text\">01\/15\/2025, \u00c9tats-Unis, Washington : vu \u00e0 travers une fen\u00eatre depuis la colonnade \u00e0 l&rsquo;ext\u00e9rieur du Bureau ovale, Doug Emhoff, le vice-pr\u00e9sident am\u00e9ricain Kamala Harris, la premi\u00e8re dame Jill Biden, Hunter Biden et Melissa Cohen Biden regardent le pr\u00e9sident am\u00e9ricain Biden pendant ses adieux discours \u00e0 la Maison Blanche. Photo : Mark Schiefelbein\/AP\/dpa<\/p>\n<\/div>\n<p>Les trois entrepreneurs esp\u00e8rent que leur proximit\u00e9 avec Trump profitera \u00e0 leurs entreprises. Musk, Zuckerberg et Bezos sont \u00e9galement attendus lundi \u00e0 l&rsquo;investiture de Trump \u00e0 Washington.<\/p>\n<p><strong>\u2013 Inqui\u00e9tudes concernant le pouvoir pr\u00e9sidentiel :<\/strong> Biden a \u00e9galement exprim\u00e9 sa prudence \u00e0 l\u2019\u00e9gard du pr\u00e9sident \u00e9lu. Il a demand\u00e9 que la Constitution pr\u00e9cise qu&rsquo;aucun pr\u00e9sident n&rsquo;est \u00e0 l&rsquo;abri de poursuites pour des crimes commis pendant son mandat. \u00ab Le pouvoir du pr\u00e9sident n&rsquo;est pas illimit\u00e9. Ce n\u2019est pas absolu \u00bb, a d\u00e9clar\u00e9 Biden.<\/p>\n<p>Il faisait r\u00e9f\u00e9rence \u00e0 une d\u00e9cision controvers\u00e9e de la Cour supr\u00eame des \u00c9tats-Unis. La Cour supr\u00eame, avec sa majorit\u00e9 conservatrice de droite, a statu\u00e9 en juillet que Trump b\u00e9n\u00e9ficiait de l\u2019immunit\u00e9 pour certaines actions d\u00e8s son premier mandat.<\/p>\n<p>Cette d\u00e9cision historique fait suite \u00e0 une inculpation contre Trump pour fraude \u00e9lectorale. Le futur pr\u00e9sident n\u2019a pas obtenu un ch\u00e8que en blanc pour tout acte r\u00e9pr\u00e9hensible, mais cela lui a donn\u00e9 une dangereuse marge de man\u0153uvre pour son deuxi\u00e8me mandat.<\/p>\n<p>Biden, \u00e0 son tour, a invoqu\u00e9 la d\u00e9mocratie et les droits fondamentaux dans son discours et a appel\u00e9 \u00e0 leur d\u00e9fense. Biden a d\u00e9clar\u00e9 qu&rsquo;il avait servi le pays pendant 50 ans &#8211; et s&rsquo;est adress\u00e9 \u00e0 ses compatriotes : \u00ab\u00a0Maintenant, c&rsquo;est \u00e0 vous de surveiller (dpa)\u00a0\u00bb.<\/p>\n","protected":false},"excerpt":{"rendered":"<p>Quiconque s\u2019attendait \u00e0 ce que le discours d\u2019adieu de Joe Biden soit ax\u00e9 sur les \u00e9motions et l\u2019\u00e9loge de soi s\u2019est tromp\u00e9. L&rsquo;homme de 82<\/p>\n","protected":false},"author":1,"featured_media":4369,"comment_status":"","ping_status":"","sticky":false,"template":"","format":"standard","meta":{"footnotes":""},"categories":[298],"tags":[289,4770,3147,796,4768,903,4767,3396,3593,3149,609,99,2664,4769],"class_list":["post-4368","post","type-post","status-publish","format-standard","has-post-thumbnail","hentry","category-belgique","tag-aux","tag-bezos","tag-biden","tag-contre","tag-democratie","tag-garde","tag-loligarchie","tag-menace","tag-met","tag-musk","tag-notre","tag-qui","tag-usa","tag-zuckerberg","generate-columns","tablet-grid-50","mobile-grid-100","grid-parent","grid-33"],"yoast_head":"<!-- This site is optimized with the Yoast SEO plugin v24.0 - https:\/\/yoast.com\/wordpress\/plugins\/seo\/ -->\n<title>Biden met en garde contre l\u2019oligarchie aux USA \u00ab qui menace notre d\u00e9mocratie \u00bb \u2013 Musk, Zuckerberg, Bezos\u2026 | Vie Associative<\/title>\n<meta name=\"robots\" content=\"index, follow, max-snippet:-1, max-image-preview:large, max-video-preview:-1\" \/>\n<link rel=\"canonical\" href=\"https:\/\/vieassociative.be\/actualites\/biden-met-en-garde-contre-loligarchie-aux-usa-qui-menace-notre-democratie-musk-zuckerberg-bezos\/\" \/>\n<meta property=\"og:locale\" content=\"fr_FR\" \/>\n<meta property=\"og:type\" content=\"article\" \/>\n<meta property=\"og:title\" content=\"Biden met en garde contre l\u2019oligarchie aux USA \u00ab qui menace notre d\u00e9mocratie \u00bb \u2013 Musk, Zuckerberg, Bezos\u2026 | Vie Associative\" \/>\n<meta property=\"og:description\" content=\"Quiconque s\u2019attendait \u00e0 ce que le discours d\u2019adieu de Joe Biden soit ax\u00e9 sur les \u00e9motions et l\u2019\u00e9loge de soi s\u2019est tromp\u00e9. L&rsquo;homme de 82\" \/>\n<meta property=\"og:url\" content=\"https:\/\/vieassociative.be\/actualites\/biden-met-en-garde-contre-loligarchie-aux-usa-qui-menace-notre-democratie-musk-zuckerberg-bezos\/\" \/>\n<meta property=\"og:site_name\" content=\"Vie Associative\" \/>\n<meta property=\"article:published_time\" content=\"2025-01-16T14:18:11+00:00\" \/>\n<meta property=\"og:image\" content=\"https:\/\/vieassociative.be\/actualites\/wp-content\/uploads\/2024\/09\/header_backgroundk-01-e1726694325946.png\" \/>\n\t<meta property=\"og:image:width\" content=\"279\" \/>\n\t<meta property=\"og:image:height\" content=\"92\" \/>\n\t<meta property=\"og:image:type\" content=\"image\/png\" \/>\n<meta name=\"author\" content=\"Julien\" \/>\n<meta name=\"twitter:card\" content=\"summary_large_image\" \/>\n<meta name=\"twitter:label1\" content=\"\u00c9crit par\" \/>\n\t<meta name=\"twitter:data1\" content=\"Julien\" \/>\n\t<meta name=\"twitter:label2\" content=\"Dur\u00e9e de lecture est.\" \/>\n\t<meta name=\"twitter:data2\" content=\"4 minutes\" \/>\n<script type=\"application\/ld+json\" class=\"yoast-schema-graph\">{\"@context\":\"https:\/\/schema.org\",\"@graph\":[{\"@type\":\"Article\",\"@id\":\"https:\/\/vieassociative.be\/actualites\/biden-met-en-garde-contre-loligarchie-aux-usa-qui-menace-notre-democratie-musk-zuckerberg-bezos\/#article\",\"isPartOf\":{\"@id\":\"https:\/\/vieassociative.be\/actualites\/biden-met-en-garde-contre-loligarchie-aux-usa-qui-menace-notre-democratie-musk-zuckerberg-bezos\/\"},\"author\":{\"name\":\"Julien\",\"@id\":\"https:\/\/vieassociative.be\/actualites\/#\/schema\/person\/b87ac4f82f9d4e7b7cec7395b679edc4\"},\"headline\":\"Biden met en garde contre l\u2019oligarchie aux USA \u00ab qui menace notre d\u00e9mocratie \u00bb \u2013 Musk, Zuckerberg, Bezos\u2026\",\"datePublished\":\"2025-01-16T14:18:11+00:00\",\"dateModified\":\"2025-01-16T14:18:11+00:00\",\"mainEntityOfPage\":{\"@id\":\"https:\/\/vieassociative.be\/actualites\/biden-met-en-garde-contre-loligarchie-aux-usa-qui-menace-notre-democratie-musk-zuckerberg-bezos\/\"},\"wordCount\":927,\"publisher\":{\"@id\":\"https:\/\/vieassociative.be\/actualites\/#organization\"},\"image\":{\"@id\":\"https:\/\/vieassociative.be\/actualites\/biden-met-en-garde-contre-loligarchie-aux-usa-qui-menace-notre-democratie-musk-zuckerberg-bezos\/#primaryimage\"},\"thumbnailUrl\":\"https:\/\/vieassociative.be\/actualites\/wp-content\/uploads\/2025\/01\/1737037091_Biden-met-en-garde-contre-loligarchie-aux-USA-qui.jpg\",\"keywords\":[\"aux\",\"Bezos\",\"Biden\",\"contre\",\"d\u00e9mocratie\",\"garde\",\"loligarchie\",\"menac\u00e9\",\"met\",\"Musk\",\"notre\",\"qui\",\"USA\",\"Zuckerberg\"],\"articleSection\":[\"Belgique\"],\"inLanguage\":\"fr-BE\"},{\"@type\":\"WebPage\",\"@id\":\"https:\/\/vieassociative.be\/actualites\/biden-met-en-garde-contre-loligarchie-aux-usa-qui-menace-notre-democratie-musk-zuckerberg-bezos\/\",\"url\":\"https:\/\/vieassociative.be\/actualites\/biden-met-en-garde-contre-loligarchie-aux-usa-qui-menace-notre-democratie-musk-zuckerberg-bezos\/\",\"name\":\"Biden met en garde contre l\u2019oligarchie aux USA \u00ab qui menace notre d\u00e9mocratie \u00bb \u2013 Musk, Zuckerberg, Bezos\u2026 | Vie Associative\",\"isPartOf\":{\"@id\":\"https:\/\/vieassociative.be\/actualites\/#website\"},\"primaryImageOfPage\":{\"@id\":\"https:\/\/vieassociative.be\/actualites\/biden-met-en-garde-contre-loligarchie-aux-usa-qui-menace-notre-democratie-musk-zuckerberg-bezos\/#primaryimage\"},\"image\":{\"@id\":\"https:\/\/vieassociative.be\/actualites\/biden-met-en-garde-contre-loligarchie-aux-usa-qui-menace-notre-democratie-musk-zuckerberg-bezos\/#primaryimage\"},\"thumbnailUrl\":\"https:\/\/vieassociative.be\/actualites\/wp-content\/uploads\/2025\/01\/1737037091_Biden-met-en-garde-contre-loligarchie-aux-USA-qui.jpg\",\"datePublished\":\"2025-01-16T14:18:11+00:00\",\"dateModified\":\"2025-01-16T14:18:11+00:00\",\"breadcrumb\":{\"@id\":\"https:\/\/vieassociative.be\/actualites\/biden-met-en-garde-contre-loligarchie-aux-usa-qui-menace-notre-democratie-musk-zuckerberg-bezos\/#breadcrumb\"},\"inLanguage\":\"fr-BE\",\"potentialAction\":[{\"@type\":\"ReadAction\",\"target\":[\"https:\/\/vieassociative.be\/actualites\/biden-met-en-garde-contre-loligarchie-aux-usa-qui-menace-notre-democratie-musk-zuckerberg-bezos\/\"]}]},{\"@type\":\"ImageObject\",\"inLanguage\":\"fr-BE\",\"@id\":\"https:\/\/vieassociative.be\/actualites\/biden-met-en-garde-contre-loligarchie-aux-usa-qui-menace-notre-democratie-musk-zuckerberg-bezos\/#primaryimage\",\"url\":\"https:\/\/vieassociative.be\/actualites\/wp-content\/uploads\/2025\/01\/1737037091_Biden-met-en-garde-contre-loligarchie-aux-USA-qui.jpg\",\"contentUrl\":\"https:\/\/vieassociative.be\/actualites\/wp-content\/uploads\/2025\/01\/1737037091_Biden-met-en-garde-contre-loligarchie-aux-USA-qui.jpg\",\"width\":1200,\"height\":799,\"caption\":\"Biden met en garde contre l\u2019oligarchie aux USA \u00ab qui menace notre d\u00e9mocratie \u00bb \u2013 Musk, Zuckerberg, Bezos\u2026\"},{\"@type\":\"BreadcrumbList\",\"@id\":\"https:\/\/vieassociative.be\/actualites\/biden-met-en-garde-contre-loligarchie-aux-usa-qui-menace-notre-democratie-musk-zuckerberg-bezos\/#breadcrumb\",\"itemListElement\":[{\"@type\":\"ListItem\",\"position\":1,\"name\":\"Accueil\",\"item\":\"https:\/\/vieassociative.be\/actualites\/\"},{\"@type\":\"ListItem\",\"position\":2,\"name\":\"Biden met en garde contre l\u2019oligarchie aux USA \u00ab qui menace notre d\u00e9mocratie \u00bb \u2013 Musk, Zuckerberg, Bezos\u2026\"}]},{\"@type\":\"WebSite\",\"@id\":\"https:\/\/vieassociative.be\/actualites\/#website\",\"url\":\"https:\/\/vieassociative.be\/actualites\/\",\"name\":\"Vie Associative\",\"description\":\"\",\"publisher\":{\"@id\":\"https:\/\/vieassociative.be\/actualites\/#organization\"},\"potentialAction\":[{\"@type\":\"SearchAction\",\"target\":{\"@type\":\"EntryPoint\",\"urlTemplate\":\"https:\/\/vieassociative.be\/actualites\/?s={search_term_string}\"},\"query-input\":{\"@type\":\"PropertyValueSpecification\",\"valueRequired\":true,\"valueName\":\"search_term_string\"}}],\"inLanguage\":\"fr-BE\"},{\"@type\":\"Organization\",\"@id\":\"https:\/\/vieassociative.be\/actualites\/#organization\",\"name\":\"Vie Associative\",\"url\":\"https:\/\/vieassociative.be\/actualites\/\",\"logo\":{\"@type\":\"ImageObject\",\"inLanguage\":\"fr-BE\",\"@id\":\"https:\/\/vieassociative.be\/actualites\/#\/schema\/logo\/image\/\",\"url\":\"https:\/\/vieassociative.be\/actualites\/wp-content\/uploads\/2024\/09\/cropped-vieassociative_favicon.ico.png\",\"contentUrl\":\"https:\/\/vieassociative.be\/actualites\/wp-content\/uploads\/2024\/09\/cropped-vieassociative_favicon.ico.png\",\"width\":512,\"height\":512,\"caption\":\"Vie Associative\"},\"image\":{\"@id\":\"https:\/\/vieassociative.be\/actualites\/#\/schema\/logo\/image\/\"}},{\"@type\":\"Person\",\"@id\":\"https:\/\/vieassociative.be\/actualites\/#\/schema\/person\/b87ac4f82f9d4e7b7cec7395b679edc4\",\"name\":\"Julien\",\"image\":{\"@type\":\"ImageObject\",\"inLanguage\":\"fr-BE\",\"@id\":\"https:\/\/vieassociative.be\/actualites\/#\/schema\/person\/image\/\",\"url\":\"https:\/\/vieassociative.be\/actualites\/wp-content\/uploads\/2024\/09\/vie-associative-1-150x150.jpg\",\"contentUrl\":\"https:\/\/vieassociative.be\/actualites\/wp-content\/uploads\/2024\/09\/vie-associative-1-150x150.jpg\",\"caption\":\"Julien\"},\"description\":\"Je suis Julien, r\u00e9dacteur pour Vie Associative. Passionn\u00e9 par le monde associatif depuis plus de 10 ans, j'ai \u00e0 c\u0153ur de partager des histoires inspirantes et de mettre en lumi\u00e8re les initiatives locales. Mon objectif est de sensibiliser et d'encourager l'engagement communautaire \u00e0 travers mes articles.\",\"sameAs\":[\"https:\/\/vieassociative.be\/\"]}]}<\/script>\n<!-- \/ Yoast SEO plugin. -->","yoast_head_json":{"title":"Biden met en garde contre l\u2019oligarchie aux USA \u00ab qui menace notre d\u00e9mocratie \u00bb \u2013 Musk, Zuckerberg, Bezos\u2026 | Vie Associative","robots":{"index":"index","follow":"follow","max-snippet":"max-snippet:-1","max-image-preview":"max-image-preview:large","max-video-preview":"max-video-preview:-1"},"canonical":"https:\/\/vieassociative.be\/actualites\/biden-met-en-garde-contre-loligarchie-aux-usa-qui-menace-notre-democratie-musk-zuckerberg-bezos\/","og_locale":"fr_FR","og_type":"article","og_title":"Biden met en garde contre l\u2019oligarchie aux USA \u00ab qui menace notre d\u00e9mocratie \u00bb \u2013 Musk, Zuckerberg, Bezos\u2026 | Vie Associative","og_description":"Quiconque s\u2019attendait \u00e0 ce que le discours d\u2019adieu de Joe Biden soit ax\u00e9 sur les \u00e9motions et l\u2019\u00e9loge de soi s\u2019est tromp\u00e9. L&rsquo;homme de 82","og_url":"https:\/\/vieassociative.be\/actualites\/biden-met-en-garde-contre-loligarchie-aux-usa-qui-menace-notre-democratie-musk-zuckerberg-bezos\/","og_site_name":"Vie Associative","article_published_time":"2025-01-16T14:18:11+00:00","og_image":[{"width":279,"height":92,"url":"https:\/\/vieassociative.be\/actualites\/wp-content\/uploads\/2024\/09\/header_backgroundk-01-e1726694325946.png","type":"image\/png"}],"author":"Julien","twitter_card":"summary_large_image","twitter_misc":{"\u00c9crit par":"Julien","Dur\u00e9e de lecture est.":"4 minutes"},"schema":{"@context":"https:\/\/schema.org","@graph":[{"@type":"Article","@id":"https:\/\/vieassociative.be\/actualites\/biden-met-en-garde-contre-loligarchie-aux-usa-qui-menace-notre-democratie-musk-zuckerberg-bezos\/#article","isPartOf":{"@id":"https:\/\/vieassociative.be\/actualites\/biden-met-en-garde-contre-loligarchie-aux-usa-qui-menace-notre-democratie-musk-zuckerberg-bezos\/"},"author":{"name":"Julien","@id":"https:\/\/vieassociative.be\/actualites\/#\/schema\/person\/b87ac4f82f9d4e7b7cec7395b679edc4"},"headline":"Biden met en garde contre l\u2019oligarchie aux USA \u00ab qui menace notre d\u00e9mocratie \u00bb \u2013 Musk, Zuckerberg, Bezos\u2026","datePublished":"2025-01-16T14:18:11+00:00","dateModified":"2025-01-16T14:18:11+00:00","mainEntityOfPage":{"@id":"https:\/\/vieassociative.be\/actualites\/biden-met-en-garde-contre-loligarchie-aux-usa-qui-menace-notre-democratie-musk-zuckerberg-bezos\/"},"wordCount":927,"publisher":{"@id":"https:\/\/vieassociative.be\/actualites\/#organization"},"image":{"@id":"https:\/\/vieassociative.be\/actualites\/biden-met-en-garde-contre-loligarchie-aux-usa-qui-menace-notre-democratie-musk-zuckerberg-bezos\/#primaryimage"},"thumbnailUrl":"https:\/\/vieassociative.be\/actualites\/wp-content\/uploads\/2025\/01\/1737037091_Biden-met-en-garde-contre-loligarchie-aux-USA-qui.jpg","keywords":["aux","Bezos","Biden","contre","d\u00e9mocratie","garde","loligarchie","menac\u00e9","met","Musk","notre","qui","USA","Zuckerberg"],"articleSection":["Belgique"],"inLanguage":"fr-BE"},{"@type":"WebPage","@id":"https:\/\/vieassociative.be\/actualites\/biden-met-en-garde-contre-loligarchie-aux-usa-qui-menace-notre-democratie-musk-zuckerberg-bezos\/","url":"https:\/\/vieassociative.be\/actualites\/biden-met-en-garde-contre-loligarchie-aux-usa-qui-menace-notre-democratie-musk-zuckerberg-bezos\/","name":"Biden met en garde contre l\u2019oligarchie aux USA \u00ab qui menace notre d\u00e9mocratie \u00bb \u2013 Musk, Zuckerberg, Bezos\u2026 | Vie Associative","isPartOf":{"@id":"https:\/\/vieassociative.be\/actualites\/#website"},"primaryImageOfPage":{"@id":"https:\/\/vieassociative.be\/actualites\/biden-met-en-garde-contre-loligarchie-aux-usa-qui-menace-notre-democratie-musk-zuckerberg-bezos\/#primaryimage"},"image":{"@id":"https:\/\/vieassociative.be\/actualites\/biden-met-en-garde-contre-loligarchie-aux-usa-qui-menace-notre-democratie-musk-zuckerberg-bezos\/#primaryimage"},"thumbnailUrl":"https:\/\/vieassociative.be\/actualites\/wp-content\/uploads\/2025\/01\/1737037091_Biden-met-en-garde-contre-loligarchie-aux-USA-qui.jpg","datePublished":"2025-01-16T14:18:11+00:00","dateModified":"2025-01-16T14:18:11+00:00","breadcrumb":{"@id":"https:\/\/vieassociative.be\/actualites\/biden-met-en-garde-contre-loligarchie-aux-usa-qui-menace-notre-democratie-musk-zuckerberg-bezos\/#breadcrumb"},"inLanguage":"fr-BE","potentialAction":[{"@type":"ReadAction","target":["https:\/\/vieassociative.be\/actualites\/biden-met-en-garde-contre-loligarchie-aux-usa-qui-menace-notre-democratie-musk-zuckerberg-bezos\/"]}]},{"@type":"ImageObject","inLanguage":"fr-BE","@id":"https:\/\/vieassociative.be\/actualites\/biden-met-en-garde-contre-loligarchie-aux-usa-qui-menace-notre-democratie-musk-zuckerberg-bezos\/#primaryimage","url":"https:\/\/vieassociative.be\/actualites\/wp-content\/uploads\/2025\/01\/1737037091_Biden-met-en-garde-contre-loligarchie-aux-USA-qui.jpg","contentUrl":"https:\/\/vieassociative.be\/actualites\/wp-content\/uploads\/2025\/01\/1737037091_Biden-met-en-garde-contre-loligarchie-aux-USA-qui.jpg","width":1200,"height":799,"caption":"Biden met en garde contre l\u2019oligarchie aux USA \u00ab qui menace notre d\u00e9mocratie \u00bb \u2013 Musk, Zuckerberg, Bezos\u2026"},{"@type":"BreadcrumbList","@id":"https:\/\/vieassociative.be\/actualites\/biden-met-en-garde-contre-loligarchie-aux-usa-qui-menace-notre-democratie-musk-zuckerberg-bezos\/#breadcrumb","itemListElement":[{"@type":"ListItem","position":1,"name":"Accueil","item":"https:\/\/vieassociative.be\/actualites\/"},{"@type":"ListItem","position":2,"name":"Biden met en garde contre l\u2019oligarchie aux USA \u00ab qui menace notre d\u00e9mocratie \u00bb \u2013 Musk, Zuckerberg, Bezos\u2026"}]},{"@type":"WebSite","@id":"https:\/\/vieassociative.be\/actualites\/#website","url":"https:\/\/vieassociative.be\/actualites\/","name":"Vie Associative","description":"","publisher":{"@id":"https:\/\/vieassociative.be\/actualites\/#organization"},"potentialAction":[{"@type":"SearchAction","target":{"@type":"EntryPoint","urlTemplate":"https:\/\/vieassociative.be\/actualites\/?s={search_term_string}"},"query-input":{"@type":"PropertyValueSpecification","valueRequired":true,"valueName":"search_term_string"}}],"inLanguage":"fr-BE"},{"@type":"Organization","@id":"https:\/\/vieassociative.be\/actualites\/#organization","name":"Vie Associative","url":"https:\/\/vieassociative.be\/actualites\/","logo":{"@type":"ImageObject","inLanguage":"fr-BE","@id":"https:\/\/vieassociative.be\/actualites\/#\/schema\/logo\/image\/","url":"https:\/\/vieassociative.be\/actualites\/wp-content\/uploads\/2024\/09\/cropped-vieassociative_favicon.ico.png","contentUrl":"https:\/\/vieassociative.be\/actualites\/wp-content\/uploads\/2024\/09\/cropped-vieassociative_favicon.ico.png","width":512,"height":512,"caption":"Vie Associative"},"image":{"@id":"https:\/\/vieassociative.be\/actualites\/#\/schema\/logo\/image\/"}},{"@type":"Person","@id":"https:\/\/vieassociative.be\/actualites\/#\/schema\/person\/b87ac4f82f9d4e7b7cec7395b679edc4","name":"Julien","image":{"@type":"ImageObject","inLanguage":"fr-BE","@id":"https:\/\/vieassociative.be\/actualites\/#\/schema\/person\/image\/","url":"https:\/\/vieassociative.be\/actualites\/wp-content\/uploads\/2024\/09\/vie-associative-1-150x150.jpg","contentUrl":"https:\/\/vieassociative.be\/actualites\/wp-content\/uploads\/2024\/09\/vie-associative-1-150x150.jpg","caption":"Julien"},"description":"Je suis Julien, r\u00e9dacteur pour Vie Associative. Passionn\u00e9 par le monde associatif depuis plus de 10 ans, j'ai \u00e0 c\u0153ur de partager des histoires inspirantes et de mettre en lumi\u00e8re les initiatives locales. Mon objectif est de sensibiliser et d'encourager l'engagement communautaire \u00e0 travers mes articles.","sameAs":["https:\/\/vieassociative.be\/"]}]}},"_links":{"self":[{"href":"https:\/\/vieassociative.be\/actualites\/wp-json\/wp\/v2\/posts\/4368"}],"collection":[{"href":"https:\/\/vieassociative.be\/actualites\/wp-json\/wp\/v2\/posts"}],"about":[{"href":"https:\/\/vieassociative.be\/actualites\/wp-json\/wp\/v2\/types\/post"}],"author":[{"embeddable":true,"href":"https:\/\/vieassociative.be\/actualites\/wp-json\/wp\/v2\/users\/1"}],"replies":[{"embeddable":true,"href":"https:\/\/vieassociative.be\/actualites\/wp-json\/wp\/v2\/comments?post=4368"}],"version-history":[{"count":0,"href":"https:\/\/vieassociative.be\/actualites\/wp-json\/wp\/v2\/posts\/4368\/revisions"}],"wp:featuredmedia":[{"embeddable":true,"href":"https:\/\/vieassociative.be\/actualites\/wp-json\/wp\/v2\/media\/4369"}],"wp:attachment":[{"href":"https:\/\/vieassociative.be\/actualites\/wp-json\/wp\/v2\/media?parent=4368"}],"wp:term":[{"taxonomy":"category","embeddable":true,"href":"https:\/\/vieassociative.be\/actualites\/wp-json\/wp\/v2\/categories?post=4368"},{"taxonomy":"post_tag","embeddable":true,"href":"https:\/\/vieassociative.be\/actualites\/wp-json\/wp\/v2\/tags?post=4368"}],"curies":[{"name":"wp","href":"https:\/\/api.w.org\/{rel}","templated":true}]}}