{"id":4366,"date":"2025-01-16T14:18:14","date_gmt":"2025-01-16T13:18:14","guid":{"rendered":"https:\/\/vieassociative.be\/actualites\/voici-comment-empecher-votre-bracelet-de-montre-dirriter-votre-peau\/"},"modified":"2025-01-16T14:18:14","modified_gmt":"2025-01-16T13:18:14","slug":"voici-comment-empecher-votre-bracelet-de-montre-dirriter-votre-peau","status":"publish","type":"post","link":"https:\/\/vieassociative.be\/actualites\/voici-comment-empecher-votre-bracelet-de-montre-dirriter-votre-peau\/","title":{"rendered":"Voici comment emp\u00eacher votre bracelet de montre d&rsquo;irriter votre peau"},"content":{"rendered":"<div class=\"mt-4 leading-6 md:mb-8\">Les trackers de fitness et les montres intelligentes sont port\u00e9s 24 heures sur 24, 7 jours sur 7, ce qui peut entra\u00eener une irritation cutan\u00e9e si vous ne faites pas attention.<\/div>\n<p><\/p>\n<p>Les trackers de fitness et les montres intelligentes veulent vivre \u00e0 votre poignet 24h\/24 et 7j\/7. Vous les voudrez bien s\u00fbr pendant une s\u00e9ance d&rsquo;entra\u00eenement, puis pour le suivi du sommeil, et bien s\u00fbr, vous ne voudriez pas manquer les lectures de stress et les affichages de donn\u00e9es tout au long de la journ\u00e9e. Mais apr\u00e8s un certain temps \u00e0 porter un bracelet en silicone serr\u00e9 \u00e0 chaque minute de la journ\u00e9e, vous constaterez peut-\u00eatre que votre peau commence \u00e0 rougir ou \u00e0 d\u00e9manger. Voici quelques conseils sur la fa\u00e7on de r\u00e9duire les risques d\u2019irritation et sur ce que vous pouvez faire si vous avez d\u00e9j\u00e0 une \u00e9ruption cutan\u00e9e. <\/p>\n<h2 id=\"wear-your-watch-loosely-when-youre-not-working-out\">Portez votre montre de mani\u00e8re d\u00e9contract\u00e9e lorsque vous ne vous entra\u00eenez pas<\/h2>\n<p>La plupart des fabricants de montres intelligentes et de trackers de fitness affirment que vous devez les porter de mani\u00e8re ample au quotidien. Fitbit, par exemple, \u00e9crit que vous devez porter le bracelet \u00ab suffisamment l\u00e2che pour qu&rsquo;il puisse bouger d&rsquo;avant en arri\u00e8re sur votre poignet \u00bb et vous demande de \u00ab baisser le bracelet de votre poignet et de le desserrer apr\u00e8s l&rsquo;exercice \u00bb.<\/p>\n<p>Cette coupe ample permet \u00e0 l&rsquo;air d&rsquo;entrer en contact avec votre peau lorsque la montre se d\u00e9place pendant la journ\u00e9e. De cette fa\u00e7on, aucune partie de votre peau ne re\u00e7oit d\u2019humidit\u00e9 ou de sueur. <\/p>\n<p>Garmin et Apple (pour n&rsquo;en nommer que quelques-uns) disent tous essentiellement la m\u00eame chose. Pendant l&rsquo;exercice, vous souhaiterez porter la montre bien au-dessus de l&rsquo;os de votre poignet (de sorte qu&rsquo;elle soit \u00e0 au moins un pouce ou deux de l&rsquo;articulation r\u00e9elle de votre poignet). Cela vous permet d&rsquo;obtenir un contact agr\u00e9able et confortable entre le capteur de fr\u00e9quence cardiaque et votre peau. Mais une fois l\u2019entra\u00eenement termin\u00e9, d\u00e9tendez la montre dans une position plus confortable. <\/p>\n<p>Une bonne r\u00e8gle de base est que lorsque vous \u00eates <em>pas<\/em> pendant l&rsquo;entra\u00eenement, la montre doit pouvoir bouger d&rsquo;avant en arri\u00e8re sur votre poignet. Mais pendant une s\u00e9ance d\u2019entra\u00eenement, si vous essayez de faire glisser la montre, votre peau devrait bouger avec elle. <\/p>\n<h2 id=\"rinse-the-watch-band-daily\">Rincez le bracelet de la montre quotidiennement<\/h2>\n<p>L&rsquo;irritation peut survenir lorsque la sueur, l&rsquo;humidit\u00e9 ou d&rsquo;autres substances (comme, par exemple, du savon) restent emprisonn\u00e9es contre votre peau. Un moyen simple d&rsquo;\u00e9viter cela est d&rsquo;enlever la montre et de la rincer lorsque vous \u00eates sous la douche. <\/p>\n<p>Si vous n&rsquo;\u00eates pas sous la douche, essayez de trouver un autre moment dans la journ\u00e9e, peut-\u00eatre pendant que vous vous lavez les mains, pour retirer la montre et vous assurer qu&rsquo;elle est propre. V\u00e9rifiez les instructions d&rsquo;entretien fournies avec votre appareil\u00a0; il vous sera peut-\u00eatre conseill\u00e9 de <em>pas<\/em> utiliser du savon. <\/p>\n<h2 id=\"consider-a-different-material-for-the-band\">Envisagez un mat\u00e9riau diff\u00e9rent pour le groupe<\/h2>\n<p>Les mat\u00e9riaux imperm\u00e9ables comme le silicone ont tendance \u00e0 \u00eatre les pires responsables d&rsquo;irritation, probablement en raison de la fa\u00e7on dont ils peuvent retenir la sueur et l&rsquo;humidit\u00e9 contre la peau. S&rsquo;il s&rsquo;agit d&rsquo;un probl\u00e8me persistant pour vous, envisagez un bracelet de montre en tissu qui respire un peu mieux. Par exemple, voici un pack de cinq \u00e9lastiques adapt\u00e9s au Fitbit Charge 6. Quel que soit votre appareil, il existe probablement une tonne d&rsquo;\u00e9lastiques tiers dans une vari\u00e9t\u00e9 de mat\u00e9riaux. <\/p>\n<div class=\"pogoClear mb-12 mt-10 rounded-md border-2 border-gray-100 py-7 shadow-xl md:py-6\">\n<div class=\"flex flex-wrap justify-between px-7 text-black no-underline md:flex-nowrap md:px-8\">\n<div class=\"order-1 mx-auto flex flex-col justify-center md:order-2 md:ml-4 md:w-full md:grow\">\n<div class=\"block cursor-pointer text-center font-akshar text-2xl font-medium leading-7 text-brand-green duration-200 ease-in-out hover:text-brand-green-700 md:text-left md:text-xl md:leading-6\">Folavii Lot de cinq bandes \u00e9lastiques pour Fitbit Charge 6\n                <\/div>\n<div class=\"mt-4 hidden md:flex md:justify-between\">\n<div class=\"self-end\">\n<div class=\"mb-0 h-11 md:flex md:flex-col md:justify-center\">\n<div class=\" font-sans leading-4 text-black\">\n<div class=\"flex flex-wrap items-center justify-center gap-x-1 md:justify-start\">\n        <span class=\"font-bold\"><\/p>\n<p>            14,99\u00a0$<br \/>\n                            <span class=\"font-medium\">chez Amazon<\/span><br \/>\n                    <\/span><br \/>\n                    <img decoding=\"async\" class=\"mt-0 h-(15px)\" src=\"https:\/\/vieassociative.be\/actualites\/wp-content\/uploads\/2025\/01\/Voici-comment-empecher-votre-bracelet-de-montre-dirriter-votre-peau.svg.svg+xml\" title=\"Amazon Premier\" alt=\"Amazon Premier\">\n            <\/div>\n<\/p><\/div>\n<\/p><\/div>\n<\/p><\/div>\n<div class=\"w-44 self-end\">\n                            <button class=\"flex justify-center items-center w-full bg-brand-green text-white text-base font-sans font-medium rounded-md hover:bg-brand-green-700 hover:cursor-pointer md:text-sm h-11\"><\/p>\n<p>    Obtenez une offre<br \/>\n<\/button>\n                        <\/div>\n<\/p><\/div>\n<\/p><\/div>\n<div class=\"order-2 mt-5 h-auto w-full md:order-1 md:mt-0 md:hidden\">\n<div class=\"flex aspect-video items-center justify-center\">\n                                            <img decoding=\"async\" class=\"m-0 max-h-full max-w-full rounded-md\" src=\"https:\/\/vieassociative.be\/actualites\/wp-content\/uploads\/2025\/01\/Voici-comment-empecher-votre-bracelet-de-montre-dirriter-votre-peau.jpg\" alt=\"Folavii Lot de 5 bracelets en nylon extensible compatibles avec les bracelets Fitbit Charge 6\/Fitbit Charge 5 pour femmes et hommes, sangles \u00e9lastiques r\u00e9glables, bracelets de rechange pour montre Fitbit Charge 5\/6\" width=\"auto\" height=\"auto\" loading=\"lazy\">\n                                    <\/div>\n<\/p><\/div>\n<div class=\"order-2 ml-2 hidden w-32 shrink-0 items-center md:order-1 md:ml-0 md:flex\">\n<div class=\"flex aspect-video items-center justify-center\">\n                                            <img decoding=\"async\" class=\"m-0 max-h-full max-w-full rounded-md\" src=\"https:\/\/vieassociative.be\/actualites\/wp-content\/uploads\/2025\/01\/Voici-comment-empecher-votre-bracelet-de-montre-dirriter-votre-peau.jpg\" alt=\"Folavii Lot de 5 bracelets en nylon extensible compatibles avec les bracelets Fitbit Charge 6\/Fitbit Charge 5 pour femmes et hommes, sangles \u00e9lastiques r\u00e9glables, bracelets de rechange pour montre Fitbit Charge 5\/6\" width=\"auto\" height=\"auto\" loading=\"lazy\">\n                                    <\/div>\n<\/p><\/div>\n<div class=\"order-3 flex grow flex-wrap md:hidden md:grow-0\">\n<div class=\"mt-4 w-full\">\n                        <button class=\"flex justify-center items-center w-full bg-brand-green text-white text-base font-sans font-medium rounded-md hover:bg-brand-green-700 hover:cursor-pointer md:text-sm h-11\"><\/p>\n<p>    Obtenez une offre<br \/>\n<\/button>\n                    <\/div>\n<div class=\"mx-2 mt-4 w-full\">\n<div class=\" font-sans leading-4 text-black\">\n<div class=\"flex flex-wrap items-center justify-center gap-x-1 md:justify-start\">\n        <span class=\"font-bold\"><\/p>\n<p>            14,99\u00a0$<br \/>\n                            <span class=\"font-medium\">chez Amazon<\/span><br \/>\n                    <\/span><br \/>\n                    <img decoding=\"async\" class=\"mt-0 h-(15px)\" src=\"https:\/\/vieassociative.be\/actualites\/wp-content\/uploads\/2025\/01\/Voici-comment-empecher-votre-bracelet-de-montre-dirriter-votre-peau.svg.svg+xml\" title=\"Amazon Premier\" alt=\"Amazon Premier\">\n            <\/div>\n<\/p><\/div>\n<\/p><\/div>\n<\/p><\/div>\n<\/p><\/div>\n<\/div>\n<p>Un conseil de pro, cependant : si vous souhaitez vous procurer un bracelet en tissu, achetez-en deux. De cette fa\u00e7on, vous pouvez toujours les laver (ou les porter sous la douche ou \u00e0 la piscine), puis les \u00e9changer contre un sec plut\u00f4t que de porter celui d\u00e9tremp\u00e9 pour le reste de la journ\u00e9e.<\/p>\n<h2 id=\"give-your-skin-a-break-if-its-already-irritated\">Donnez une pause \u00e0 votre peau si elle est d\u00e9j\u00e0 irrit\u00e9e<\/h2>\n<p>Si vous avez d\u00e9j\u00e0 eu une \u00e9ruption cutan\u00e9e sur la peau, le plus important est de <em>arr\u00eate de porter la montre<\/em> en attendant que \u00e7a gu\u00e9risse. Si vous arr\u00eatez votre montre d\u00e8s les premiers signes d\u2019irritation, celle-ci dispara\u00eetra probablement rapidement. <\/p>\n<p>La seule fois o\u00f9 j&rsquo;ai eu des rougeurs et des d\u00e9mangeaisons \u00e0 cause d&rsquo;un bracelet Garmin, j&rsquo;ai imm\u00e9diatement lav\u00e9 la montre puis, une fois s\u00e8che, je l&rsquo;ai remise sur mon <em>autre<\/em> poignet. Oui, cela fait bizarre de porter sa montre au \u00ab mauvais \u00bb poignet, mais vous devez donner \u00e0 votre peau une chance de gu\u00e9rir. Il est \u00e9galement possible de ne pas porter la montre pendant un certain temps. <\/p>\n","protected":false},"excerpt":{"rendered":"<p>Les trackers de fitness et les montres intelligentes sont port\u00e9s 24 heures sur 24, 7 jours sur 7, ce qui peut entra\u00eener une irritation cutan\u00e9e<\/p>\n","protected":false},"author":1,"featured_media":4367,"comment_status":"","ping_status":"","sticky":false,"template":"","format":"standard","meta":{"footnotes":""},"categories":[38],"tags":[4765,44,4766,1889,1252,2255,529,8],"class_list":["post-4366","post","type-post","status-publish","format-standard","has-post-thumbnail","hentry","category-sante","tag-bracelet","tag-comment","tag-dirriter","tag-empecher","tag-montre","tag-peau","tag-voici","tag-votre","generate-columns","tablet-grid-50","mobile-grid-100","grid-parent","grid-33"],"yoast_head":"<!-- This site is optimized with the Yoast SEO plugin v24.0 - https:\/\/yoast.com\/wordpress\/plugins\/seo\/ -->\n<title>Voici comment emp\u00eacher votre bracelet de montre d&#039;irriter votre peau | Vie Associative<\/title>\n<meta name=\"robots\" content=\"index, follow, max-snippet:-1, max-image-preview:large, max-video-preview:-1\" \/>\n<link rel=\"canonical\" href=\"https:\/\/vieassociative.be\/actualites\/voici-comment-empecher-votre-bracelet-de-montre-dirriter-votre-peau\/\" \/>\n<meta property=\"og:locale\" content=\"fr_FR\" \/>\n<meta property=\"og:type\" content=\"article\" \/>\n<meta property=\"og:title\" content=\"Voici comment emp\u00eacher votre bracelet de montre d&#039;irriter votre peau | Vie Associative\" \/>\n<meta property=\"og:description\" content=\"Les trackers de fitness et les montres intelligentes sont port\u00e9s 24 heures sur 24, 7 jours sur 7, ce qui peut entra\u00eener une irritation cutan\u00e9e\" \/>\n<meta property=\"og:url\" content=\"https:\/\/vieassociative.be\/actualites\/voici-comment-empecher-votre-bracelet-de-montre-dirriter-votre-peau\/\" \/>\n<meta property=\"og:site_name\" content=\"Vie Associative\" \/>\n<meta property=\"article:published_time\" content=\"2025-01-16T13:18:14+00:00\" \/>\n<meta property=\"og:image\" content=\"https:\/\/vieassociative.be\/actualites\/wp-content\/uploads\/2025\/01\/Voici-comment-empecher-votre-bracelet-de-montre-dirriter-votre-peau.svg.svg+xml\" \/>\n<meta name=\"author\" content=\"Julien\" \/>\n<meta name=\"twitter:card\" content=\"summary_large_image\" \/>\n<meta name=\"twitter:label1\" content=\"\u00c9crit par\" \/>\n\t<meta name=\"twitter:data1\" content=\"Julien\" \/>\n\t<meta name=\"twitter:label2\" content=\"Dur\u00e9e de lecture est.\" \/>\n\t<meta name=\"twitter:data2\" content=\"4 minutes\" \/>\n<script type=\"application\/ld+json\" class=\"yoast-schema-graph\">{\"@context\":\"https:\/\/schema.org\",\"@graph\":[{\"@type\":\"Article\",\"@id\":\"https:\/\/vieassociative.be\/actualites\/voici-comment-empecher-votre-bracelet-de-montre-dirriter-votre-peau\/#article\",\"isPartOf\":{\"@id\":\"https:\/\/vieassociative.be\/actualites\/voici-comment-empecher-votre-bracelet-de-montre-dirriter-votre-peau\/\"},\"author\":{\"name\":\"Julien\",\"@id\":\"https:\/\/vieassociative.be\/actualites\/#\/schema\/person\/b87ac4f82f9d4e7b7cec7395b679edc4\"},\"headline\":\"Voici comment emp\u00eacher votre bracelet de montre d&rsquo;irriter votre peau\",\"datePublished\":\"2025-01-16T13:18:14+00:00\",\"dateModified\":\"2025-01-16T13:18:14+00:00\",\"mainEntityOfPage\":{\"@id\":\"https:\/\/vieassociative.be\/actualites\/voici-comment-empecher-votre-bracelet-de-montre-dirriter-votre-peau\/\"},\"wordCount\":844,\"publisher\":{\"@id\":\"https:\/\/vieassociative.be\/actualites\/#organization\"},\"image\":{\"@id\":\"https:\/\/vieassociative.be\/actualites\/voici-comment-empecher-votre-bracelet-de-montre-dirriter-votre-peau\/#primaryimage\"},\"thumbnailUrl\":\"https:\/\/vieassociative.be\/actualites\/wp-content\/uploads\/2025\/01\/1737033494_Voici-comment-empecher-votre-bracelet-de-montre-dirriter-votre-peau.jpg\",\"keywords\":[\"bracelet\",\"Comment\",\"dirriter\",\"emp\u00eacher\",\"montre\",\"peau\",\"Voici\",\"votre\"],\"articleSection\":[\"Sant\u00e9\"],\"inLanguage\":\"fr-BE\"},{\"@type\":\"WebPage\",\"@id\":\"https:\/\/vieassociative.be\/actualites\/voici-comment-empecher-votre-bracelet-de-montre-dirriter-votre-peau\/\",\"url\":\"https:\/\/vieassociative.be\/actualites\/voici-comment-empecher-votre-bracelet-de-montre-dirriter-votre-peau\/\",\"name\":\"Voici comment emp\u00eacher votre bracelet de montre d'irriter votre peau | Vie Associative\",\"isPartOf\":{\"@id\":\"https:\/\/vieassociative.be\/actualites\/#website\"},\"primaryImageOfPage\":{\"@id\":\"https:\/\/vieassociative.be\/actualites\/voici-comment-empecher-votre-bracelet-de-montre-dirriter-votre-peau\/#primaryimage\"},\"image\":{\"@id\":\"https:\/\/vieassociative.be\/actualites\/voici-comment-empecher-votre-bracelet-de-montre-dirriter-votre-peau\/#primaryimage\"},\"thumbnailUrl\":\"https:\/\/vieassociative.be\/actualites\/wp-content\/uploads\/2025\/01\/1737033494_Voici-comment-empecher-votre-bracelet-de-montre-dirriter-votre-peau.jpg\",\"datePublished\":\"2025-01-16T13:18:14+00:00\",\"dateModified\":\"2025-01-16T13:18:14+00:00\",\"breadcrumb\":{\"@id\":\"https:\/\/vieassociative.be\/actualites\/voici-comment-empecher-votre-bracelet-de-montre-dirriter-votre-peau\/#breadcrumb\"},\"inLanguage\":\"fr-BE\",\"potentialAction\":[{\"@type\":\"ReadAction\",\"target\":[\"https:\/\/vieassociative.be\/actualites\/voici-comment-empecher-votre-bracelet-de-montre-dirriter-votre-peau\/\"]}]},{\"@type\":\"ImageObject\",\"inLanguage\":\"fr-BE\",\"@id\":\"https:\/\/vieassociative.be\/actualites\/voici-comment-empecher-votre-bracelet-de-montre-dirriter-votre-peau\/#primaryimage\",\"url\":\"https:\/\/vieassociative.be\/actualites\/wp-content\/uploads\/2025\/01\/1737033494_Voici-comment-empecher-votre-bracelet-de-montre-dirriter-votre-peau.jpg\",\"contentUrl\":\"https:\/\/vieassociative.be\/actualites\/wp-content\/uploads\/2025\/01\/1737033494_Voici-comment-empecher-votre-bracelet-de-montre-dirriter-votre-peau.jpg\",\"width\":1200,\"height\":675,\"caption\":\"Voici comment emp\u00eacher votre bracelet de montre d'irriter votre peau\"},{\"@type\":\"BreadcrumbList\",\"@id\":\"https:\/\/vieassociative.be\/actualites\/voici-comment-empecher-votre-bracelet-de-montre-dirriter-votre-peau\/#breadcrumb\",\"itemListElement\":[{\"@type\":\"ListItem\",\"position\":1,\"name\":\"Accueil\",\"item\":\"https:\/\/vieassociative.be\/actualites\/\"},{\"@type\":\"ListItem\",\"position\":2,\"name\":\"Voici comment emp\u00eacher votre bracelet de montre d&rsquo;irriter votre peau\"}]},{\"@type\":\"WebSite\",\"@id\":\"https:\/\/vieassociative.be\/actualites\/#website\",\"url\":\"https:\/\/vieassociative.be\/actualites\/\",\"name\":\"Vie Associative\",\"description\":\"\",\"publisher\":{\"@id\":\"https:\/\/vieassociative.be\/actualites\/#organization\"},\"potentialAction\":[{\"@type\":\"SearchAction\",\"target\":{\"@type\":\"EntryPoint\",\"urlTemplate\":\"https:\/\/vieassociative.be\/actualites\/?s={search_term_string}\"},\"query-input\":{\"@type\":\"PropertyValueSpecification\",\"valueRequired\":true,\"valueName\":\"search_term_string\"}}],\"inLanguage\":\"fr-BE\"},{\"@type\":\"Organization\",\"@id\":\"https:\/\/vieassociative.be\/actualites\/#organization\",\"name\":\"Vie Associative\",\"url\":\"https:\/\/vieassociative.be\/actualites\/\",\"logo\":{\"@type\":\"ImageObject\",\"inLanguage\":\"fr-BE\",\"@id\":\"https:\/\/vieassociative.be\/actualites\/#\/schema\/logo\/image\/\",\"url\":\"https:\/\/vieassociative.be\/actualites\/wp-content\/uploads\/2024\/09\/cropped-vieassociative_favicon.ico.png\",\"contentUrl\":\"https:\/\/vieassociative.be\/actualites\/wp-content\/uploads\/2024\/09\/cropped-vieassociative_favicon.ico.png\",\"width\":512,\"height\":512,\"caption\":\"Vie Associative\"},\"image\":{\"@id\":\"https:\/\/vieassociative.be\/actualites\/#\/schema\/logo\/image\/\"}},{\"@type\":\"Person\",\"@id\":\"https:\/\/vieassociative.be\/actualites\/#\/schema\/person\/b87ac4f82f9d4e7b7cec7395b679edc4\",\"name\":\"Julien\",\"image\":{\"@type\":\"ImageObject\",\"inLanguage\":\"fr-BE\",\"@id\":\"https:\/\/vieassociative.be\/actualites\/#\/schema\/person\/image\/\",\"url\":\"https:\/\/vieassociative.be\/actualites\/wp-content\/uploads\/2024\/09\/vie-associative-1-150x150.jpg\",\"contentUrl\":\"https:\/\/vieassociative.be\/actualites\/wp-content\/uploads\/2024\/09\/vie-associative-1-150x150.jpg\",\"caption\":\"Julien\"},\"description\":\"Je suis Julien, r\u00e9dacteur pour Vie Associative. Passionn\u00e9 par le monde associatif depuis plus de 10 ans, j'ai \u00e0 c\u0153ur de partager des histoires inspirantes et de mettre en lumi\u00e8re les initiatives locales. Mon objectif est de sensibiliser et d'encourager l'engagement communautaire \u00e0 travers mes articles.\",\"sameAs\":[\"https:\/\/vieassociative.be\/\"]}]}<\/script>\n<!-- \/ Yoast SEO plugin. -->","yoast_head_json":{"title":"Voici comment emp\u00eacher votre bracelet de montre d'irriter votre peau | Vie Associative","robots":{"index":"index","follow":"follow","max-snippet":"max-snippet:-1","max-image-preview":"max-image-preview:large","max-video-preview":"max-video-preview:-1"},"canonical":"https:\/\/vieassociative.be\/actualites\/voici-comment-empecher-votre-bracelet-de-montre-dirriter-votre-peau\/","og_locale":"fr_FR","og_type":"article","og_title":"Voici comment emp\u00eacher votre bracelet de montre d'irriter votre peau | Vie Associative","og_description":"Les trackers de fitness et les montres intelligentes sont port\u00e9s 24 heures sur 24, 7 jours sur 7, ce qui peut entra\u00eener une irritation cutan\u00e9e","og_url":"https:\/\/vieassociative.be\/actualites\/voici-comment-empecher-votre-bracelet-de-montre-dirriter-votre-peau\/","og_site_name":"Vie Associative","article_published_time":"2025-01-16T13:18:14+00:00","og_image":[{"url":"https:\/\/vieassociative.be\/actualites\/wp-content\/uploads\/2025\/01\/Voici-comment-empecher-votre-bracelet-de-montre-dirriter-votre-peau.svg.svg+xml","type":"","width":"","height":""}],"author":"Julien","twitter_card":"summary_large_image","twitter_misc":{"\u00c9crit par":"Julien","Dur\u00e9e de lecture est.":"4 minutes"},"schema":{"@context":"https:\/\/schema.org","@graph":[{"@type":"Article","@id":"https:\/\/vieassociative.be\/actualites\/voici-comment-empecher-votre-bracelet-de-montre-dirriter-votre-peau\/#article","isPartOf":{"@id":"https:\/\/vieassociative.be\/actualites\/voici-comment-empecher-votre-bracelet-de-montre-dirriter-votre-peau\/"},"author":{"name":"Julien","@id":"https:\/\/vieassociative.be\/actualites\/#\/schema\/person\/b87ac4f82f9d4e7b7cec7395b679edc4"},"headline":"Voici comment emp\u00eacher votre bracelet de montre d&rsquo;irriter votre peau","datePublished":"2025-01-16T13:18:14+00:00","dateModified":"2025-01-16T13:18:14+00:00","mainEntityOfPage":{"@id":"https:\/\/vieassociative.be\/actualites\/voici-comment-empecher-votre-bracelet-de-montre-dirriter-votre-peau\/"},"wordCount":844,"publisher":{"@id":"https:\/\/vieassociative.be\/actualites\/#organization"},"image":{"@id":"https:\/\/vieassociative.be\/actualites\/voici-comment-empecher-votre-bracelet-de-montre-dirriter-votre-peau\/#primaryimage"},"thumbnailUrl":"https:\/\/vieassociative.be\/actualites\/wp-content\/uploads\/2025\/01\/1737033494_Voici-comment-empecher-votre-bracelet-de-montre-dirriter-votre-peau.jpg","keywords":["bracelet","Comment","dirriter","emp\u00eacher","montre","peau","Voici","votre"],"articleSection":["Sant\u00e9"],"inLanguage":"fr-BE"},{"@type":"WebPage","@id":"https:\/\/vieassociative.be\/actualites\/voici-comment-empecher-votre-bracelet-de-montre-dirriter-votre-peau\/","url":"https:\/\/vieassociative.be\/actualites\/voici-comment-empecher-votre-bracelet-de-montre-dirriter-votre-peau\/","name":"Voici comment emp\u00eacher votre bracelet de montre d'irriter votre peau | Vie Associative","isPartOf":{"@id":"https:\/\/vieassociative.be\/actualites\/#website"},"primaryImageOfPage":{"@id":"https:\/\/vieassociative.be\/actualites\/voici-comment-empecher-votre-bracelet-de-montre-dirriter-votre-peau\/#primaryimage"},"image":{"@id":"https:\/\/vieassociative.be\/actualites\/voici-comment-empecher-votre-bracelet-de-montre-dirriter-votre-peau\/#primaryimage"},"thumbnailUrl":"https:\/\/vieassociative.be\/actualites\/wp-content\/uploads\/2025\/01\/1737033494_Voici-comment-empecher-votre-bracelet-de-montre-dirriter-votre-peau.jpg","datePublished":"2025-01-16T13:18:14+00:00","dateModified":"2025-01-16T13:18:14+00:00","breadcrumb":{"@id":"https:\/\/vieassociative.be\/actualites\/voici-comment-empecher-votre-bracelet-de-montre-dirriter-votre-peau\/#breadcrumb"},"inLanguage":"fr-BE","potentialAction":[{"@type":"ReadAction","target":["https:\/\/vieassociative.be\/actualites\/voici-comment-empecher-votre-bracelet-de-montre-dirriter-votre-peau\/"]}]},{"@type":"ImageObject","inLanguage":"fr-BE","@id":"https:\/\/vieassociative.be\/actualites\/voici-comment-empecher-votre-bracelet-de-montre-dirriter-votre-peau\/#primaryimage","url":"https:\/\/vieassociative.be\/actualites\/wp-content\/uploads\/2025\/01\/1737033494_Voici-comment-empecher-votre-bracelet-de-montre-dirriter-votre-peau.jpg","contentUrl":"https:\/\/vieassociative.be\/actualites\/wp-content\/uploads\/2025\/01\/1737033494_Voici-comment-empecher-votre-bracelet-de-montre-dirriter-votre-peau.jpg","width":1200,"height":675,"caption":"Voici comment emp\u00eacher votre bracelet de montre d'irriter votre peau"},{"@type":"BreadcrumbList","@id":"https:\/\/vieassociative.be\/actualites\/voici-comment-empecher-votre-bracelet-de-montre-dirriter-votre-peau\/#breadcrumb","itemListElement":[{"@type":"ListItem","position":1,"name":"Accueil","item":"https:\/\/vieassociative.be\/actualites\/"},{"@type":"ListItem","position":2,"name":"Voici comment emp\u00eacher votre bracelet de montre d&rsquo;irriter votre peau"}]},{"@type":"WebSite","@id":"https:\/\/vieassociative.be\/actualites\/#website","url":"https:\/\/vieassociative.be\/actualites\/","name":"Vie Associative","description":"","publisher":{"@id":"https:\/\/vieassociative.be\/actualites\/#organization"},"potentialAction":[{"@type":"SearchAction","target":{"@type":"EntryPoint","urlTemplate":"https:\/\/vieassociative.be\/actualites\/?s={search_term_string}"},"query-input":{"@type":"PropertyValueSpecification","valueRequired":true,"valueName":"search_term_string"}}],"inLanguage":"fr-BE"},{"@type":"Organization","@id":"https:\/\/vieassociative.be\/actualites\/#organization","name":"Vie Associative","url":"https:\/\/vieassociative.be\/actualites\/","logo":{"@type":"ImageObject","inLanguage":"fr-BE","@id":"https:\/\/vieassociative.be\/actualites\/#\/schema\/logo\/image\/","url":"https:\/\/vieassociative.be\/actualites\/wp-content\/uploads\/2024\/09\/cropped-vieassociative_favicon.ico.png","contentUrl":"https:\/\/vieassociative.be\/actualites\/wp-content\/uploads\/2024\/09\/cropped-vieassociative_favicon.ico.png","width":512,"height":512,"caption":"Vie Associative"},"image":{"@id":"https:\/\/vieassociative.be\/actualites\/#\/schema\/logo\/image\/"}},{"@type":"Person","@id":"https:\/\/vieassociative.be\/actualites\/#\/schema\/person\/b87ac4f82f9d4e7b7cec7395b679edc4","name":"Julien","image":{"@type":"ImageObject","inLanguage":"fr-BE","@id":"https:\/\/vieassociative.be\/actualites\/#\/schema\/person\/image\/","url":"https:\/\/vieassociative.be\/actualites\/wp-content\/uploads\/2024\/09\/vie-associative-1-150x150.jpg","contentUrl":"https:\/\/vieassociative.be\/actualites\/wp-content\/uploads\/2024\/09\/vie-associative-1-150x150.jpg","caption":"Julien"},"description":"Je suis Julien, r\u00e9dacteur pour Vie Associative. Passionn\u00e9 par le monde associatif depuis plus de 10 ans, j'ai \u00e0 c\u0153ur de partager des histoires inspirantes et de mettre en lumi\u00e8re les initiatives locales. Mon objectif est de sensibiliser et d'encourager l'engagement communautaire \u00e0 travers mes articles.","sameAs":["https:\/\/vieassociative.be\/"]}]}},"_links":{"self":[{"href":"https:\/\/vieassociative.be\/actualites\/wp-json\/wp\/v2\/posts\/4366"}],"collection":[{"href":"https:\/\/vieassociative.be\/actualites\/wp-json\/wp\/v2\/posts"}],"about":[{"href":"https:\/\/vieassociative.be\/actualites\/wp-json\/wp\/v2\/types\/post"}],"author":[{"embeddable":true,"href":"https:\/\/vieassociative.be\/actualites\/wp-json\/wp\/v2\/users\/1"}],"replies":[{"embeddable":true,"href":"https:\/\/vieassociative.be\/actualites\/wp-json\/wp\/v2\/comments?post=4366"}],"version-history":[{"count":0,"href":"https:\/\/vieassociative.be\/actualites\/wp-json\/wp\/v2\/posts\/4366\/revisions"}],"wp:featuredmedia":[{"embeddable":true,"href":"https:\/\/vieassociative.be\/actualites\/wp-json\/wp\/v2\/media\/4367"}],"wp:attachment":[{"href":"https:\/\/vieassociative.be\/actualites\/wp-json\/wp\/v2\/media?parent=4366"}],"wp:term":[{"taxonomy":"category","embeddable":true,"href":"https:\/\/vieassociative.be\/actualites\/wp-json\/wp\/v2\/categories?post=4366"},{"taxonomy":"post_tag","embeddable":true,"href":"https:\/\/vieassociative.be\/actualites\/wp-json\/wp\/v2\/tags?post=4366"}],"curies":[{"name":"wp","href":"https:\/\/api.w.org\/{rel}","templated":true}]}}