{"id":4363,"date":"2025-01-16T09:18:02","date_gmt":"2025-01-16T08:18:02","guid":{"rendered":"https:\/\/vieassociative.be\/actualites\/le-prix-charlemagne-2025-revient-a-ursula-von-der-leyen\/"},"modified":"2025-01-16T09:18:02","modified_gmt":"2025-01-16T08:18:02","slug":"le-prix-charlemagne-2025-revient-a-ursula-von-der-leyen","status":"publish","type":"post","link":"https:\/\/vieassociative.be\/actualites\/le-prix-charlemagne-2025-revient-a-ursula-von-der-leyen\/","title":{"rendered":"Le Prix Charlemagne 2025 revient \u00e0 Ursula von der Leyen"},"content":{"rendered":"<p><strong>Il y a longtemps qu&rsquo;aucun pr\u00e9sident de la Commission europ\u00e9enne de Bruxelles n&rsquo;avait re\u00e7u le prix Charlemagne. Aujourd&rsquo;hui, c&rsquo;est Ursula von der Leyen qui est honor\u00e9e. Raison : C\u2019est elle qui maintient l\u2019unit\u00e9 de l\u2019Europe dans les moments les plus difficiles.<\/strong><\/p>\n<p><span id=\"more-406190\"><\/span>En tant que \u00ab voix forte de l\u2019Europe dans le monde \u00bb, la pr\u00e9sidente de la Commission europ\u00e9enne, Ursula von der Leyen, recevra le prix Charlemagne 2025. A une \u00e9poque de d\u00e9fis historiques, o\u00f9 l&rsquo;Union europ\u00e9enne est menac\u00e9e de l&rsquo;ext\u00e9rieur par la guerre d&rsquo;agression de la Russie et de l&rsquo;int\u00e9rieur par les racistes et les d\u00e9magogues, elle repr\u00e9sente vigoureusement les int\u00e9r\u00eats de l&rsquo;Europe, a expliqu\u00e9 la direction du Prix Charlemagne pour sa d\u00e9cision.<\/p>\n<p>Les r\u00e9alisations particuli\u00e8res de von der Leyen ont \u00e9t\u00e9 l&rsquo;endiguement de la pand\u00e9mie du coronavirus, la position unie et d\u00e9cisive contre la Russie et l&rsquo;impulsion du \u00ab Green Deal \u00bb, avec lequel l&rsquo;UE veut devenir neutre sur le plan climatique d&rsquo;ici 2050. Le Prix International Charlemagne d&rsquo;Aix-la-Chapelle est consid\u00e9r\u00e9 comme la r\u00e9compense la plus importante pour les services rendus \u00e0 l&rsquo;unification europ\u00e9enne.<\/p>\n<div id=\"attachment_339107\" class=\"wp-caption alignleft\" style=\"max-width: 300px\"><img fetchpriority=\"high\" decoding=\"async\" class=\"wp-image-339107 size-medium\" src=\"https:\/\/vieassociative.be\/actualites\/wp-content\/uploads\/2025\/01\/Le-Prix-Charlemagne-2025-revient-a-Ursula-von-der-Leyen.jpeg\" alt=\"\" width=\"300\" height=\"200\"><\/p>\n<p class=\"wp-caption-text\">La m\u00e9daille du prix Charlemagne. Photo : Federico Gambarini\/dpa<\/p>\n<\/div>\n<p>von der Leyen, 66 ans, est pr\u00e9sidente de la Commission europ\u00e9enne \u00e0 Bruxelles depuis 2019. Apr\u00e8s les \u00e9lections europ\u00e9ennes de juin dernier, au cours desquelles son alliance de centre-droit PPE a obtenu le plus de voix, elle a \u00e9t\u00e9 confirm\u00e9e pour son deuxi\u00e8me mandat. Avant de s&rsquo;installer \u00e0 Bruxelles, le politicien de la CDU a \u00e9t\u00e9, entre autres, ministre f\u00e9d\u00e9ral de la D\u00e9fense pendant six ans.<\/p>\n<p><strong>\u2013 La Direction du Prix Charlemagne tire la sonnette d\u2019alarme :<\/strong> Dans sa justification, la Direction du prix Charlemagne dresse le tableau d&rsquo;un syndicat menac\u00e9. \u00ab Le mod\u00e8le europ\u00e9en de vie fond\u00e9 sur la libert\u00e9, la paix, la d\u00e9mocratie et la prosp\u00e9rit\u00e9 est en danger \u00bb, affirme le texte des 19 membres du conseil d&rsquo;administration. \u00ab L\u2019ordre mondial est en train de changer et l\u2019Europe doit agir. Ursula von der Leyen est la personne responsable de cette t\u00e2che strat\u00e9gique pour l\u2019Union europ\u00e9enne et qui la ma\u00eetrise. Elle a jou\u00e9 un r\u00f4le cl\u00e9 en veillant \u00e0 ce que l\u2019UE traite \u00ab de pr\u00e8s et avec succ\u00e8s \u00bb des crises d\u2019une ampleur historique.<\/p>\n<p>Apr\u00e8s les \u00e9lections europ\u00e9ennes de juin dernier, elle a r\u00e9ussi \u00e0 rassembler derri\u00e8re elle une grande partie du centre politique et \u00e0 cr\u00e9er une nette majorit\u00e9 pro-europ\u00e9enne. \u00abGr\u00e2ce \u00e0 von der Leyen et \u00e0 son habile action diplomatique, l\u2019Europe a r\u00e9ussi \u00e0 mettre les opposants, les sceptiques et les sceptiques en minorit\u00e9.\u00bb<\/p>\n<div id=\"attachment_351377\" class=\"wp-caption alignleft\" style=\"max-width: 300px\"><img decoding=\"async\" class=\"wp-image-351377 size-medium\" src=\"https:\/\/vieassociative.be\/actualites\/wp-content\/uploads\/2025\/01\/1737015482_978_Le-Prix-Charlemagne-2025-revient-a-Ursula-von-der-Leyen.jpeg\" alt=\"\" width=\"300\" height=\"204\"  ><\/p>\n<p class=\"wp-caption-text\">14 mai 2023, Rh\u00e9nanie-du-Nord-Westphalie, Aix-la-Chapelle : Volodymyr Selenskyj (avant), Pr\u00e9sident de l&rsquo;Ukraine, vient \u00e0 la salle de couronnement de la mairie avec Sibylle Keupen (ind\u00e9pendant, M), maire d&rsquo;Aix-la-Chapelle, pour l&rsquo;attribution du Charlemagne Prix. Photo : Ina Fassbender\/Pool AFP\/dpa<\/p>\n<\/div>\n<p>Le Prix Charlemagne a \u00e9t\u00e9 fond\u00e9 peu apr\u00e8s la Seconde Guerre mondiale par des citoyens d&rsquo;Aix-la-Chapelle sur proposition de l&rsquo;entrepreneur Kurt Pfeiffer. Il porte le nom de l&#8217;empereur Charlemagne, dont l&#8217;empire franc s&rsquo;\u00e9tendait sur une grande partie de l&rsquo;Europe occidentale au d\u00e9but du Moyen \u00c2ge et qui est donc parfois appel\u00e9 le \u00ab P\u00e8re de l&rsquo;Europe \u00bb.<\/p>\n<p><strong>\u2013 Parmi les premiers gagnants figuraient Adenauer et Churchill :<\/strong> Parmi les premiers laur\u00e9ats figurent le chancelier Konrad Adenauer (1954) et l&rsquo;ancien Premier ministre britannique Winston Churchill (1955), qui a fait campagne pour les \u00ab \u00c9tats-Unis d&rsquo;Europe \u00bb apr\u00e8s la fin de la guerre. Le pr\u00e9d\u00e9cesseur de von der Leyen \u00e0 la pr\u00e9sidence de la Commission, Jean-Claude Juncker, a \u00e9galement \u00e9t\u00e9 honor\u00e9, bien qu&rsquo;en tant que chef du gouvernement luxembourgeois en 2006.<\/p>\n<p>Le dernier pr\u00e9sident de la Commission \u00e0 recevoir ce prix fut Jacques Delors en 1992, consid\u00e9r\u00e9 comme l&rsquo;auteur de l&rsquo;ach\u00e8vement du march\u00e9 int\u00e9rieur europ\u00e9en et du pionnier de l&rsquo;euro. Il est donc rare qu&rsquo;un responsable de commission remporte le prix.<\/p>\n<p>Cette ann\u00e9e, le prix est pour la premi\u00e8re fois dot\u00e9 d&rsquo;un million d&rsquo;euros. Selon le souhait des fondateurs \u2013 un couple d&rsquo;Aix-la-Chapelle \u2013 l&rsquo;argent devrait \u00eatre utilis\u00e9 pour des projets pro-europ\u00e9ens. (dpa)<\/p>\n","protected":false},"excerpt":{"rendered":"<p>Il y a longtemps qu&rsquo;aucun pr\u00e9sident de la Commission europ\u00e9enne de Bruxelles n&rsquo;avait re\u00e7u le prix Charlemagne. Aujourd&rsquo;hui, c&rsquo;est Ursula von der Leyen qui est<\/p>\n","protected":false},"author":1,"featured_media":4364,"comment_status":"","ping_status":"","sticky":false,"template":"","format":"standard","meta":{"footnotes":""},"categories":[298],"tags":[4761,668,4764,1399,4762,4763,3558],"class_list":["post-4363","post","type-post","status-publish","format-standard","has-post-thumbnail","hentry","category-belgique","tag-charlemagne","tag-der","tag-leyen","tag-prix","tag-revient","tag-ursula","tag-von","generate-columns","tablet-grid-50","mobile-grid-100","grid-parent","grid-33"],"yoast_head":"<!-- This site is optimized with the Yoast SEO plugin v24.0 - https:\/\/yoast.com\/wordpress\/plugins\/seo\/ -->\n<title>Le Prix Charlemagne 2025 revient \u00e0 Ursula von der Leyen | Vie Associative<\/title>\n<meta name=\"robots\" content=\"index, follow, max-snippet:-1, max-image-preview:large, max-video-preview:-1\" \/>\n<link rel=\"canonical\" href=\"https:\/\/vieassociative.be\/actualites\/le-prix-charlemagne-2025-revient-a-ursula-von-der-leyen\/\" \/>\n<meta property=\"og:locale\" content=\"fr_FR\" \/>\n<meta property=\"og:type\" content=\"article\" \/>\n<meta property=\"og:title\" content=\"Le Prix Charlemagne 2025 revient \u00e0 Ursula von der Leyen | Vie Associative\" \/>\n<meta property=\"og:description\" content=\"Il y a longtemps qu&rsquo;aucun pr\u00e9sident de la Commission europ\u00e9enne de Bruxelles n&rsquo;avait re\u00e7u le prix Charlemagne. Aujourd&rsquo;hui, c&rsquo;est Ursula von der Leyen qui est\" \/>\n<meta property=\"og:url\" content=\"https:\/\/vieassociative.be\/actualites\/le-prix-charlemagne-2025-revient-a-ursula-von-der-leyen\/\" \/>\n<meta property=\"og:site_name\" content=\"Vie Associative\" \/>\n<meta property=\"article:published_time\" content=\"2025-01-16T08:18:02+00:00\" \/>\n<meta property=\"og:image\" content=\"https:\/\/vieassociative.be\/actualites\/wp-content\/uploads\/2024\/09\/header_backgroundk-01-e1726694325946.png\" \/>\n\t<meta property=\"og:image:width\" content=\"279\" \/>\n\t<meta property=\"og:image:height\" content=\"92\" \/>\n\t<meta property=\"og:image:type\" content=\"image\/png\" \/>\n<meta name=\"author\" content=\"Julien\" \/>\n<meta name=\"twitter:card\" content=\"summary_large_image\" \/>\n<meta name=\"twitter:label1\" content=\"\u00c9crit par\" \/>\n\t<meta name=\"twitter:data1\" content=\"Julien\" \/>\n\t<meta name=\"twitter:label2\" content=\"Dur\u00e9e de lecture est.\" \/>\n\t<meta name=\"twitter:data2\" content=\"3 minutes\" \/>\n<script type=\"application\/ld+json\" class=\"yoast-schema-graph\">{\"@context\":\"https:\/\/schema.org\",\"@graph\":[{\"@type\":\"Article\",\"@id\":\"https:\/\/vieassociative.be\/actualites\/le-prix-charlemagne-2025-revient-a-ursula-von-der-leyen\/#article\",\"isPartOf\":{\"@id\":\"https:\/\/vieassociative.be\/actualites\/le-prix-charlemagne-2025-revient-a-ursula-von-der-leyen\/\"},\"author\":{\"name\":\"Julien\",\"@id\":\"https:\/\/vieassociative.be\/actualites\/#\/schema\/person\/b87ac4f82f9d4e7b7cec7395b679edc4\"},\"headline\":\"Le Prix Charlemagne 2025 revient \u00e0 Ursula von der Leyen\",\"datePublished\":\"2025-01-16T08:18:02+00:00\",\"dateModified\":\"2025-01-16T08:18:02+00:00\",\"mainEntityOfPage\":{\"@id\":\"https:\/\/vieassociative.be\/actualites\/le-prix-charlemagne-2025-revient-a-ursula-von-der-leyen\/\"},\"wordCount\":739,\"publisher\":{\"@id\":\"https:\/\/vieassociative.be\/actualites\/#organization\"},\"image\":{\"@id\":\"https:\/\/vieassociative.be\/actualites\/le-prix-charlemagne-2025-revient-a-ursula-von-der-leyen\/#primaryimage\"},\"thumbnailUrl\":\"https:\/\/vieassociative.be\/actualites\/wp-content\/uploads\/2025\/01\/1737015482_Le-Prix-Charlemagne-2025-revient-a-Ursula-von-der-Leyen.jpeg\",\"keywords\":[\"Charlemagne\",\"der\",\"Leyen\",\"prix\",\"revient\",\"Ursula\",\"von\"],\"articleSection\":[\"Belgique\"],\"inLanguage\":\"fr-BE\"},{\"@type\":\"WebPage\",\"@id\":\"https:\/\/vieassociative.be\/actualites\/le-prix-charlemagne-2025-revient-a-ursula-von-der-leyen\/\",\"url\":\"https:\/\/vieassociative.be\/actualites\/le-prix-charlemagne-2025-revient-a-ursula-von-der-leyen\/\",\"name\":\"Le Prix Charlemagne 2025 revient \u00e0 Ursula von der Leyen | Vie Associative\",\"isPartOf\":{\"@id\":\"https:\/\/vieassociative.be\/actualites\/#website\"},\"primaryImageOfPage\":{\"@id\":\"https:\/\/vieassociative.be\/actualites\/le-prix-charlemagne-2025-revient-a-ursula-von-der-leyen\/#primaryimage\"},\"image\":{\"@id\":\"https:\/\/vieassociative.be\/actualites\/le-prix-charlemagne-2025-revient-a-ursula-von-der-leyen\/#primaryimage\"},\"thumbnailUrl\":\"https:\/\/vieassociative.be\/actualites\/wp-content\/uploads\/2025\/01\/1737015482_Le-Prix-Charlemagne-2025-revient-a-Ursula-von-der-Leyen.jpeg\",\"datePublished\":\"2025-01-16T08:18:02+00:00\",\"dateModified\":\"2025-01-16T08:18:02+00:00\",\"breadcrumb\":{\"@id\":\"https:\/\/vieassociative.be\/actualites\/le-prix-charlemagne-2025-revient-a-ursula-von-der-leyen\/#breadcrumb\"},\"inLanguage\":\"fr-BE\",\"potentialAction\":[{\"@type\":\"ReadAction\",\"target\":[\"https:\/\/vieassociative.be\/actualites\/le-prix-charlemagne-2025-revient-a-ursula-von-der-leyen\/\"]}]},{\"@type\":\"ImageObject\",\"inLanguage\":\"fr-BE\",\"@id\":\"https:\/\/vieassociative.be\/actualites\/le-prix-charlemagne-2025-revient-a-ursula-von-der-leyen\/#primaryimage\",\"url\":\"https:\/\/vieassociative.be\/actualites\/wp-content\/uploads\/2025\/01\/1737015482_Le-Prix-Charlemagne-2025-revient-a-Ursula-von-der-Leyen.jpeg\",\"contentUrl\":\"https:\/\/vieassociative.be\/actualites\/wp-content\/uploads\/2025\/01\/1737015482_Le-Prix-Charlemagne-2025-revient-a-Ursula-von-der-Leyen.jpeg\",\"width\":1200,\"height\":801,\"caption\":\"Le Prix Charlemagne 2025 revient \u00e0 Ursula von der Leyen\"},{\"@type\":\"BreadcrumbList\",\"@id\":\"https:\/\/vieassociative.be\/actualites\/le-prix-charlemagne-2025-revient-a-ursula-von-der-leyen\/#breadcrumb\",\"itemListElement\":[{\"@type\":\"ListItem\",\"position\":1,\"name\":\"Accueil\",\"item\":\"https:\/\/vieassociative.be\/actualites\/\"},{\"@type\":\"ListItem\",\"position\":2,\"name\":\"Le Prix Charlemagne 2025 revient \u00e0 Ursula von der Leyen\"}]},{\"@type\":\"WebSite\",\"@id\":\"https:\/\/vieassociative.be\/actualites\/#website\",\"url\":\"https:\/\/vieassociative.be\/actualites\/\",\"name\":\"Vie Associative\",\"description\":\"\",\"publisher\":{\"@id\":\"https:\/\/vieassociative.be\/actualites\/#organization\"},\"potentialAction\":[{\"@type\":\"SearchAction\",\"target\":{\"@type\":\"EntryPoint\",\"urlTemplate\":\"https:\/\/vieassociative.be\/actualites\/?s={search_term_string}\"},\"query-input\":{\"@type\":\"PropertyValueSpecification\",\"valueRequired\":true,\"valueName\":\"search_term_string\"}}],\"inLanguage\":\"fr-BE\"},{\"@type\":\"Organization\",\"@id\":\"https:\/\/vieassociative.be\/actualites\/#organization\",\"name\":\"Vie Associative\",\"url\":\"https:\/\/vieassociative.be\/actualites\/\",\"logo\":{\"@type\":\"ImageObject\",\"inLanguage\":\"fr-BE\",\"@id\":\"https:\/\/vieassociative.be\/actualites\/#\/schema\/logo\/image\/\",\"url\":\"https:\/\/vieassociative.be\/actualites\/wp-content\/uploads\/2024\/09\/cropped-vieassociative_favicon.ico.png\",\"contentUrl\":\"https:\/\/vieassociative.be\/actualites\/wp-content\/uploads\/2024\/09\/cropped-vieassociative_favicon.ico.png\",\"width\":512,\"height\":512,\"caption\":\"Vie Associative\"},\"image\":{\"@id\":\"https:\/\/vieassociative.be\/actualites\/#\/schema\/logo\/image\/\"}},{\"@type\":\"Person\",\"@id\":\"https:\/\/vieassociative.be\/actualites\/#\/schema\/person\/b87ac4f82f9d4e7b7cec7395b679edc4\",\"name\":\"Julien\",\"image\":{\"@type\":\"ImageObject\",\"inLanguage\":\"fr-BE\",\"@id\":\"https:\/\/vieassociative.be\/actualites\/#\/schema\/person\/image\/\",\"url\":\"https:\/\/vieassociative.be\/actualites\/wp-content\/uploads\/2024\/09\/vie-associative-1-150x150.jpg\",\"contentUrl\":\"https:\/\/vieassociative.be\/actualites\/wp-content\/uploads\/2024\/09\/vie-associative-1-150x150.jpg\",\"caption\":\"Julien\"},\"description\":\"Je suis Julien, r\u00e9dacteur pour Vie Associative. Passionn\u00e9 par le monde associatif depuis plus de 10 ans, j'ai \u00e0 c\u0153ur de partager des histoires inspirantes et de mettre en lumi\u00e8re les initiatives locales. Mon objectif est de sensibiliser et d'encourager l'engagement communautaire \u00e0 travers mes articles.\",\"sameAs\":[\"https:\/\/vieassociative.be\/\"]}]}<\/script>\n<!-- \/ Yoast SEO plugin. -->","yoast_head_json":{"title":"Le Prix Charlemagne 2025 revient \u00e0 Ursula von der Leyen | Vie Associative","robots":{"index":"index","follow":"follow","max-snippet":"max-snippet:-1","max-image-preview":"max-image-preview:large","max-video-preview":"max-video-preview:-1"},"canonical":"https:\/\/vieassociative.be\/actualites\/le-prix-charlemagne-2025-revient-a-ursula-von-der-leyen\/","og_locale":"fr_FR","og_type":"article","og_title":"Le Prix Charlemagne 2025 revient \u00e0 Ursula von der Leyen | Vie Associative","og_description":"Il y a longtemps qu&rsquo;aucun pr\u00e9sident de la Commission europ\u00e9enne de Bruxelles n&rsquo;avait re\u00e7u le prix Charlemagne. Aujourd&rsquo;hui, c&rsquo;est Ursula von der Leyen qui est","og_url":"https:\/\/vieassociative.be\/actualites\/le-prix-charlemagne-2025-revient-a-ursula-von-der-leyen\/","og_site_name":"Vie Associative","article_published_time":"2025-01-16T08:18:02+00:00","og_image":[{"width":279,"height":92,"url":"https:\/\/vieassociative.be\/actualites\/wp-content\/uploads\/2024\/09\/header_backgroundk-01-e1726694325946.png","type":"image\/png"}],"author":"Julien","twitter_card":"summary_large_image","twitter_misc":{"\u00c9crit par":"Julien","Dur\u00e9e de lecture est.":"3 minutes"},"schema":{"@context":"https:\/\/schema.org","@graph":[{"@type":"Article","@id":"https:\/\/vieassociative.be\/actualites\/le-prix-charlemagne-2025-revient-a-ursula-von-der-leyen\/#article","isPartOf":{"@id":"https:\/\/vieassociative.be\/actualites\/le-prix-charlemagne-2025-revient-a-ursula-von-der-leyen\/"},"author":{"name":"Julien","@id":"https:\/\/vieassociative.be\/actualites\/#\/schema\/person\/b87ac4f82f9d4e7b7cec7395b679edc4"},"headline":"Le Prix Charlemagne 2025 revient \u00e0 Ursula von der Leyen","datePublished":"2025-01-16T08:18:02+00:00","dateModified":"2025-01-16T08:18:02+00:00","mainEntityOfPage":{"@id":"https:\/\/vieassociative.be\/actualites\/le-prix-charlemagne-2025-revient-a-ursula-von-der-leyen\/"},"wordCount":739,"publisher":{"@id":"https:\/\/vieassociative.be\/actualites\/#organization"},"image":{"@id":"https:\/\/vieassociative.be\/actualites\/le-prix-charlemagne-2025-revient-a-ursula-von-der-leyen\/#primaryimage"},"thumbnailUrl":"https:\/\/vieassociative.be\/actualites\/wp-content\/uploads\/2025\/01\/1737015482_Le-Prix-Charlemagne-2025-revient-a-Ursula-von-der-Leyen.jpeg","keywords":["Charlemagne","der","Leyen","prix","revient","Ursula","von"],"articleSection":["Belgique"],"inLanguage":"fr-BE"},{"@type":"WebPage","@id":"https:\/\/vieassociative.be\/actualites\/le-prix-charlemagne-2025-revient-a-ursula-von-der-leyen\/","url":"https:\/\/vieassociative.be\/actualites\/le-prix-charlemagne-2025-revient-a-ursula-von-der-leyen\/","name":"Le Prix Charlemagne 2025 revient \u00e0 Ursula von der Leyen | Vie Associative","isPartOf":{"@id":"https:\/\/vieassociative.be\/actualites\/#website"},"primaryImageOfPage":{"@id":"https:\/\/vieassociative.be\/actualites\/le-prix-charlemagne-2025-revient-a-ursula-von-der-leyen\/#primaryimage"},"image":{"@id":"https:\/\/vieassociative.be\/actualites\/le-prix-charlemagne-2025-revient-a-ursula-von-der-leyen\/#primaryimage"},"thumbnailUrl":"https:\/\/vieassociative.be\/actualites\/wp-content\/uploads\/2025\/01\/1737015482_Le-Prix-Charlemagne-2025-revient-a-Ursula-von-der-Leyen.jpeg","datePublished":"2025-01-16T08:18:02+00:00","dateModified":"2025-01-16T08:18:02+00:00","breadcrumb":{"@id":"https:\/\/vieassociative.be\/actualites\/le-prix-charlemagne-2025-revient-a-ursula-von-der-leyen\/#breadcrumb"},"inLanguage":"fr-BE","potentialAction":[{"@type":"ReadAction","target":["https:\/\/vieassociative.be\/actualites\/le-prix-charlemagne-2025-revient-a-ursula-von-der-leyen\/"]}]},{"@type":"ImageObject","inLanguage":"fr-BE","@id":"https:\/\/vieassociative.be\/actualites\/le-prix-charlemagne-2025-revient-a-ursula-von-der-leyen\/#primaryimage","url":"https:\/\/vieassociative.be\/actualites\/wp-content\/uploads\/2025\/01\/1737015482_Le-Prix-Charlemagne-2025-revient-a-Ursula-von-der-Leyen.jpeg","contentUrl":"https:\/\/vieassociative.be\/actualites\/wp-content\/uploads\/2025\/01\/1737015482_Le-Prix-Charlemagne-2025-revient-a-Ursula-von-der-Leyen.jpeg","width":1200,"height":801,"caption":"Le Prix Charlemagne 2025 revient \u00e0 Ursula von der Leyen"},{"@type":"BreadcrumbList","@id":"https:\/\/vieassociative.be\/actualites\/le-prix-charlemagne-2025-revient-a-ursula-von-der-leyen\/#breadcrumb","itemListElement":[{"@type":"ListItem","position":1,"name":"Accueil","item":"https:\/\/vieassociative.be\/actualites\/"},{"@type":"ListItem","position":2,"name":"Le Prix Charlemagne 2025 revient \u00e0 Ursula von der Leyen"}]},{"@type":"WebSite","@id":"https:\/\/vieassociative.be\/actualites\/#website","url":"https:\/\/vieassociative.be\/actualites\/","name":"Vie Associative","description":"","publisher":{"@id":"https:\/\/vieassociative.be\/actualites\/#organization"},"potentialAction":[{"@type":"SearchAction","target":{"@type":"EntryPoint","urlTemplate":"https:\/\/vieassociative.be\/actualites\/?s={search_term_string}"},"query-input":{"@type":"PropertyValueSpecification","valueRequired":true,"valueName":"search_term_string"}}],"inLanguage":"fr-BE"},{"@type":"Organization","@id":"https:\/\/vieassociative.be\/actualites\/#organization","name":"Vie Associative","url":"https:\/\/vieassociative.be\/actualites\/","logo":{"@type":"ImageObject","inLanguage":"fr-BE","@id":"https:\/\/vieassociative.be\/actualites\/#\/schema\/logo\/image\/","url":"https:\/\/vieassociative.be\/actualites\/wp-content\/uploads\/2024\/09\/cropped-vieassociative_favicon.ico.png","contentUrl":"https:\/\/vieassociative.be\/actualites\/wp-content\/uploads\/2024\/09\/cropped-vieassociative_favicon.ico.png","width":512,"height":512,"caption":"Vie Associative"},"image":{"@id":"https:\/\/vieassociative.be\/actualites\/#\/schema\/logo\/image\/"}},{"@type":"Person","@id":"https:\/\/vieassociative.be\/actualites\/#\/schema\/person\/b87ac4f82f9d4e7b7cec7395b679edc4","name":"Julien","image":{"@type":"ImageObject","inLanguage":"fr-BE","@id":"https:\/\/vieassociative.be\/actualites\/#\/schema\/person\/image\/","url":"https:\/\/vieassociative.be\/actualites\/wp-content\/uploads\/2024\/09\/vie-associative-1-150x150.jpg","contentUrl":"https:\/\/vieassociative.be\/actualites\/wp-content\/uploads\/2024\/09\/vie-associative-1-150x150.jpg","caption":"Julien"},"description":"Je suis Julien, r\u00e9dacteur pour Vie Associative. Passionn\u00e9 par le monde associatif depuis plus de 10 ans, j'ai \u00e0 c\u0153ur de partager des histoires inspirantes et de mettre en lumi\u00e8re les initiatives locales. Mon objectif est de sensibiliser et d'encourager l'engagement communautaire \u00e0 travers mes articles.","sameAs":["https:\/\/vieassociative.be\/"]}]}},"_links":{"self":[{"href":"https:\/\/vieassociative.be\/actualites\/wp-json\/wp\/v2\/posts\/4363"}],"collection":[{"href":"https:\/\/vieassociative.be\/actualites\/wp-json\/wp\/v2\/posts"}],"about":[{"href":"https:\/\/vieassociative.be\/actualites\/wp-json\/wp\/v2\/types\/post"}],"author":[{"embeddable":true,"href":"https:\/\/vieassociative.be\/actualites\/wp-json\/wp\/v2\/users\/1"}],"replies":[{"embeddable":true,"href":"https:\/\/vieassociative.be\/actualites\/wp-json\/wp\/v2\/comments?post=4363"}],"version-history":[{"count":0,"href":"https:\/\/vieassociative.be\/actualites\/wp-json\/wp\/v2\/posts\/4363\/revisions"}],"wp:featuredmedia":[{"embeddable":true,"href":"https:\/\/vieassociative.be\/actualites\/wp-json\/wp\/v2\/media\/4364"}],"wp:attachment":[{"href":"https:\/\/vieassociative.be\/actualites\/wp-json\/wp\/v2\/media?parent=4363"}],"wp:term":[{"taxonomy":"category","embeddable":true,"href":"https:\/\/vieassociative.be\/actualites\/wp-json\/wp\/v2\/categories?post=4363"},{"taxonomy":"post_tag","embeddable":true,"href":"https:\/\/vieassociative.be\/actualites\/wp-json\/wp\/v2\/tags?post=4363"}],"curies":[{"name":"wp","href":"https:\/\/api.w.org\/{rel}","templated":true}]}}