{"id":436,"date":"2024-09-25T03:25:04","date_gmt":"2024-09-25T01:25:04","guid":{"rendered":"https:\/\/vieassociative.be\/actualites\/le-parc-miniature-de-bruxelles-repond-au-brexit\/"},"modified":"2024-09-25T03:25:07","modified_gmt":"2024-09-25T01:25:07","slug":"le-parc-miniature-de-bruxelles-repond-au-brexit","status":"publish","type":"post","link":"https:\/\/vieassociative.be\/actualites\/le-parc-miniature-de-bruxelles-repond-au-brexit\/","title":{"rendered":"Le Parc Miniature de Bruxelles r\u00e9pond au Brexit"},"content":{"rendered":"<p><\/p>\n<p class=\"font-sans font-medium\">  Le 14 mars commence la saison. 2019 n\u2019a pas \u00e9t\u00e9 l\u2019ann\u00e9e des 28 \u00c9tats de l\u2019UE. Mais la passion \u00e9tait-elle d\u00e9sormais avec la Grande-Bretagne ?<\/p>\n<aside class=\"h-ad-280+text lg:h-0 \" data-slot-id=\"pos1_sm\" data-breakpoint=\"sm\" data-hide-ad-text=\"false\" data-module-id=\"SparkAdSlotModule\"><\/aside>\n<p>Le Brexit est le Macher des Miniaturenparks Mini-Europa \u00e0 Bruxelles zum Handeln : L&rsquo;Anlage mit W\u00fcrdigkeiten de tous les 28 \u00c9tats de l&rsquo;UE avec le Londonien Big Ben, la Forteresse sur les Falaises Blanches de Douvres et d&rsquo;autres Geb\u00e4ude britanniques \u00e0 Massab 1:25 .<\/p>\n<p>Toutefois, apr\u00e8s l&rsquo;arriv\u00e9e des Britanniques dans l&rsquo;Union europ\u00e9enne, \u00ab\u00a0nous serons heureux de discuter de la d\u00e9cision \u00e0 14. Mais il sera peut-\u00eatre possible de passer outre\u00a0\u00bb, a d\u00e9clar\u00e9 le Betreiber Thierry Mee\u00f9s.<\/p>\n<p>\u00ab\u00a0Wir behalten Gro\u00dfbritannien\u00a0\u00bb, les K\u00fcndigte Mee\u00f9s an &#8211; schlie\u00dflich habe die Insel zur europ\u00e4ischen Geschichte beigetragen et Modelle wie the 12 Meter-long-Palast Westminster avec seinem 4,5 Meter hohen Glockenturm seien \u00ab\u00a0beliebte Builde\u00a0\u00bb des parcs pr\u00e8s de l&rsquo;Atomium. Mais si nous vivons aux Pays-Bas en Angleterre, nous pouvons venir sur le canal romain et avoir une fantastique Zollstation. Auch auf dem weiteren Weg von der Britischen Insel nach Irland oder frankreich sollen Painter auf die ver\u00e4nderte Low suggestweisen, a d\u00e9clar\u00e9 Mee\u00f9s.<\/p>\n<div id=\"piano-banner-kampagne\" class=\"mb-4 block\"><\/div>\n<div id=\"piano-reco-widget\" class=\"mb-4 block\"><\/div>\n","protected":false},"excerpt":{"rendered":"<p>Le 14 mars commence la saison. 2019 n\u2019a pas \u00e9t\u00e9 l\u2019ann\u00e9e des 28 \u00c9tats de l\u2019UE. Mais la passion \u00e9tait-elle d\u00e9sormais avec la Grande-Bretagne ?<\/p>\n","protected":false},"author":1,"featured_media":437,"comment_status":"closed","ping_status":"","sticky":false,"template":"","format":"standard","meta":{"footnotes":""},"categories":[298],"tags":[708,455,707,706,543],"class_list":["post-436","post","type-post","status-publish","format-standard","has-post-thumbnail","hentry","category-belgique","tag-brexit","tag-bruxelles","tag-miniature","tag-parc","tag-repond","generate-columns","tablet-grid-50","mobile-grid-100","grid-parent","grid-33"],"yoast_head":"<!-- This site is optimized with the Yoast SEO plugin v24.0 - https:\/\/yoast.com\/wordpress\/plugins\/seo\/ -->\n<title>Le Parc Miniature de Bruxelles r\u00e9pond au Brexit | Vie Associative<\/title>\n<meta name=\"robots\" content=\"index, follow, max-snippet:-1, max-image-preview:large, max-video-preview:-1\" \/>\n<link rel=\"canonical\" href=\"https:\/\/vieassociative.be\/actualites\/le-parc-miniature-de-bruxelles-repond-au-brexit\/\" \/>\n<meta property=\"og:locale\" content=\"fr_FR\" \/>\n<meta property=\"og:type\" content=\"article\" \/>\n<meta property=\"og:title\" content=\"Le Parc Miniature de Bruxelles r\u00e9pond au Brexit | Vie Associative\" \/>\n<meta property=\"og:description\" content=\"Le 14 mars commence la saison. 2019 n\u2019a pas \u00e9t\u00e9 l\u2019ann\u00e9e des 28 \u00c9tats de l\u2019UE. Mais la passion \u00e9tait-elle d\u00e9sormais avec la Grande-Bretagne ?\" \/>\n<meta property=\"og:url\" content=\"https:\/\/vieassociative.be\/actualites\/le-parc-miniature-de-bruxelles-repond-au-brexit\/\" \/>\n<meta property=\"og:site_name\" content=\"Vie Associative\" \/>\n<meta property=\"article:published_time\" content=\"2024-09-25T01:25:04+00:00\" \/>\n<meta property=\"article:modified_time\" content=\"2024-09-25T01:25:07+00:00\" \/>\n<meta property=\"og:image\" content=\"https:\/\/vieassociative.be\/actualites\/wp-content\/uploads\/2024\/09\/1727227505_Le-Parc-Miniature-de-Bruxelles-repond-au-Brexit.jpeg\" \/>\n\t<meta property=\"og:image:width\" content=\"1600\" \/>\n\t<meta property=\"og:image:height\" content=\"900\" \/>\n\t<meta property=\"og:image:type\" content=\"image\/jpeg\" \/>\n<meta name=\"author\" content=\"Julien\" \/>\n<meta name=\"twitter:card\" content=\"summary_large_image\" \/>\n<meta name=\"twitter:label1\" content=\"\u00c9crit par\" \/>\n\t<meta name=\"twitter:data1\" content=\"Julien\" \/>\n\t<meta name=\"twitter:label2\" content=\"Dur\u00e9e de lecture est.\" \/>\n\t<meta name=\"twitter:data2\" content=\"1 minute\" \/>\n<script type=\"application\/ld+json\" class=\"yoast-schema-graph\">{\"@context\":\"https:\/\/schema.org\",\"@graph\":[{\"@type\":\"Article\",\"@id\":\"https:\/\/vieassociative.be\/actualites\/le-parc-miniature-de-bruxelles-repond-au-brexit\/#article\",\"isPartOf\":{\"@id\":\"https:\/\/vieassociative.be\/actualites\/le-parc-miniature-de-bruxelles-repond-au-brexit\/\"},\"author\":{\"name\":\"Julien\",\"@id\":\"https:\/\/vieassociative.be\/actualites\/#\/schema\/person\/b87ac4f82f9d4e7b7cec7395b679edc4\"},\"headline\":\"Le Parc Miniature de Bruxelles r\u00e9pond au Brexit\",\"datePublished\":\"2024-09-25T01:25:04+00:00\",\"dateModified\":\"2024-09-25T01:25:07+00:00\",\"mainEntityOfPage\":{\"@id\":\"https:\/\/vieassociative.be\/actualites\/le-parc-miniature-de-bruxelles-repond-au-brexit\/\"},\"wordCount\":205,\"publisher\":{\"@id\":\"https:\/\/vieassociative.be\/actualites\/#organization\"},\"image\":{\"@id\":\"https:\/\/vieassociative.be\/actualites\/le-parc-miniature-de-bruxelles-repond-au-brexit\/#primaryimage\"},\"thumbnailUrl\":\"https:\/\/vieassociative.be\/actualites\/wp-content\/uploads\/2024\/09\/1727227505_Le-Parc-Miniature-de-Bruxelles-repond-au-Brexit.jpeg\",\"keywords\":[\"Brexit\",\"Bruxelles\",\"Miniature\",\"Parc\",\"r\u00e9pond\"],\"articleSection\":[\"Belgique\"],\"inLanguage\":\"fr-BE\"},{\"@type\":\"WebPage\",\"@id\":\"https:\/\/vieassociative.be\/actualites\/le-parc-miniature-de-bruxelles-repond-au-brexit\/\",\"url\":\"https:\/\/vieassociative.be\/actualites\/le-parc-miniature-de-bruxelles-repond-au-brexit\/\",\"name\":\"Le Parc Miniature de Bruxelles r\u00e9pond au Brexit | Vie Associative\",\"isPartOf\":{\"@id\":\"https:\/\/vieassociative.be\/actualites\/#website\"},\"primaryImageOfPage\":{\"@id\":\"https:\/\/vieassociative.be\/actualites\/le-parc-miniature-de-bruxelles-repond-au-brexit\/#primaryimage\"},\"image\":{\"@id\":\"https:\/\/vieassociative.be\/actualites\/le-parc-miniature-de-bruxelles-repond-au-brexit\/#primaryimage\"},\"thumbnailUrl\":\"https:\/\/vieassociative.be\/actualites\/wp-content\/uploads\/2024\/09\/1727227505_Le-Parc-Miniature-de-Bruxelles-repond-au-Brexit.jpeg\",\"datePublished\":\"2024-09-25T01:25:04+00:00\",\"dateModified\":\"2024-09-25T01:25:07+00:00\",\"breadcrumb\":{\"@id\":\"https:\/\/vieassociative.be\/actualites\/le-parc-miniature-de-bruxelles-repond-au-brexit\/#breadcrumb\"},\"inLanguage\":\"fr-BE\",\"potentialAction\":[{\"@type\":\"ReadAction\",\"target\":[\"https:\/\/vieassociative.be\/actualites\/le-parc-miniature-de-bruxelles-repond-au-brexit\/\"]}]},{\"@type\":\"ImageObject\",\"inLanguage\":\"fr-BE\",\"@id\":\"https:\/\/vieassociative.be\/actualites\/le-parc-miniature-de-bruxelles-repond-au-brexit\/#primaryimage\",\"url\":\"https:\/\/vieassociative.be\/actualites\/wp-content\/uploads\/2024\/09\/1727227505_Le-Parc-Miniature-de-Bruxelles-repond-au-Brexit.jpeg\",\"contentUrl\":\"https:\/\/vieassociative.be\/actualites\/wp-content\/uploads\/2024\/09\/1727227505_Le-Parc-Miniature-de-Bruxelles-repond-au-Brexit.jpeg\",\"width\":1600,\"height\":900,\"caption\":\"Le Parc Miniature de Bruxelles r\u00e9pond au Brexit\"},{\"@type\":\"BreadcrumbList\",\"@id\":\"https:\/\/vieassociative.be\/actualites\/le-parc-miniature-de-bruxelles-repond-au-brexit\/#breadcrumb\",\"itemListElement\":[{\"@type\":\"ListItem\",\"position\":1,\"name\":\"Accueil\",\"item\":\"https:\/\/vieassociative.be\/actualites\/\"},{\"@type\":\"ListItem\",\"position\":2,\"name\":\"Le Parc Miniature de Bruxelles r\u00e9pond au Brexit\"}]},{\"@type\":\"WebSite\",\"@id\":\"https:\/\/vieassociative.be\/actualites\/#website\",\"url\":\"https:\/\/vieassociative.be\/actualites\/\",\"name\":\"Vie Associative\",\"description\":\"\",\"publisher\":{\"@id\":\"https:\/\/vieassociative.be\/actualites\/#organization\"},\"potentialAction\":[{\"@type\":\"SearchAction\",\"target\":{\"@type\":\"EntryPoint\",\"urlTemplate\":\"https:\/\/vieassociative.be\/actualites\/?s={search_term_string}\"},\"query-input\":{\"@type\":\"PropertyValueSpecification\",\"valueRequired\":true,\"valueName\":\"search_term_string\"}}],\"inLanguage\":\"fr-BE\"},{\"@type\":\"Organization\",\"@id\":\"https:\/\/vieassociative.be\/actualites\/#organization\",\"name\":\"Vie Associative\",\"url\":\"https:\/\/vieassociative.be\/actualites\/\",\"logo\":{\"@type\":\"ImageObject\",\"inLanguage\":\"fr-BE\",\"@id\":\"https:\/\/vieassociative.be\/actualites\/#\/schema\/logo\/image\/\",\"url\":\"https:\/\/vieassociative.be\/actualites\/wp-content\/uploads\/2024\/09\/cropped-vieassociative_favicon.ico.png\",\"contentUrl\":\"https:\/\/vieassociative.be\/actualites\/wp-content\/uploads\/2024\/09\/cropped-vieassociative_favicon.ico.png\",\"width\":512,\"height\":512,\"caption\":\"Vie Associative\"},\"image\":{\"@id\":\"https:\/\/vieassociative.be\/actualites\/#\/schema\/logo\/image\/\"}},{\"@type\":\"Person\",\"@id\":\"https:\/\/vieassociative.be\/actualites\/#\/schema\/person\/b87ac4f82f9d4e7b7cec7395b679edc4\",\"name\":\"Julien\",\"image\":{\"@type\":\"ImageObject\",\"inLanguage\":\"fr-BE\",\"@id\":\"https:\/\/vieassociative.be\/actualites\/#\/schema\/person\/image\/\",\"url\":\"https:\/\/vieassociative.be\/actualites\/wp-content\/uploads\/2024\/09\/vie-associative-1-150x150.jpg\",\"contentUrl\":\"https:\/\/vieassociative.be\/actualites\/wp-content\/uploads\/2024\/09\/vie-associative-1-150x150.jpg\",\"caption\":\"Julien\"},\"description\":\"Je suis Julien, r\u00e9dacteur pour Vie Associative. Passionn\u00e9 par le monde associatif depuis plus de 10 ans, j'ai \u00e0 c\u0153ur de partager des histoires inspirantes et de mettre en lumi\u00e8re les initiatives locales. Mon objectif est de sensibiliser et d'encourager l'engagement communautaire \u00e0 travers mes articles.\",\"sameAs\":[\"https:\/\/vieassociative.be\/\"]}]}<\/script>\n<!-- \/ Yoast SEO plugin. -->","yoast_head_json":{"title":"Le Parc Miniature de Bruxelles r\u00e9pond au Brexit | Vie Associative","robots":{"index":"index","follow":"follow","max-snippet":"max-snippet:-1","max-image-preview":"max-image-preview:large","max-video-preview":"max-video-preview:-1"},"canonical":"https:\/\/vieassociative.be\/actualites\/le-parc-miniature-de-bruxelles-repond-au-brexit\/","og_locale":"fr_FR","og_type":"article","og_title":"Le Parc Miniature de Bruxelles r\u00e9pond au Brexit | Vie Associative","og_description":"Le 14 mars commence la saison. 2019 n\u2019a pas \u00e9t\u00e9 l\u2019ann\u00e9e des 28 \u00c9tats de l\u2019UE. Mais la passion \u00e9tait-elle d\u00e9sormais avec la Grande-Bretagne ?","og_url":"https:\/\/vieassociative.be\/actualites\/le-parc-miniature-de-bruxelles-repond-au-brexit\/","og_site_name":"Vie Associative","article_published_time":"2024-09-25T01:25:04+00:00","article_modified_time":"2024-09-25T01:25:07+00:00","og_image":[{"width":1600,"height":900,"url":"https:\/\/vieassociative.be\/actualites\/wp-content\/uploads\/2024\/09\/1727227505_Le-Parc-Miniature-de-Bruxelles-repond-au-Brexit.jpeg","type":"image\/jpeg"}],"author":"Julien","twitter_card":"summary_large_image","twitter_misc":{"\u00c9crit par":"Julien","Dur\u00e9e de lecture est.":"1 minute"},"schema":{"@context":"https:\/\/schema.org","@graph":[{"@type":"Article","@id":"https:\/\/vieassociative.be\/actualites\/le-parc-miniature-de-bruxelles-repond-au-brexit\/#article","isPartOf":{"@id":"https:\/\/vieassociative.be\/actualites\/le-parc-miniature-de-bruxelles-repond-au-brexit\/"},"author":{"name":"Julien","@id":"https:\/\/vieassociative.be\/actualites\/#\/schema\/person\/b87ac4f82f9d4e7b7cec7395b679edc4"},"headline":"Le Parc Miniature de Bruxelles r\u00e9pond au Brexit","datePublished":"2024-09-25T01:25:04+00:00","dateModified":"2024-09-25T01:25:07+00:00","mainEntityOfPage":{"@id":"https:\/\/vieassociative.be\/actualites\/le-parc-miniature-de-bruxelles-repond-au-brexit\/"},"wordCount":205,"publisher":{"@id":"https:\/\/vieassociative.be\/actualites\/#organization"},"image":{"@id":"https:\/\/vieassociative.be\/actualites\/le-parc-miniature-de-bruxelles-repond-au-brexit\/#primaryimage"},"thumbnailUrl":"https:\/\/vieassociative.be\/actualites\/wp-content\/uploads\/2024\/09\/1727227505_Le-Parc-Miniature-de-Bruxelles-repond-au-Brexit.jpeg","keywords":["Brexit","Bruxelles","Miniature","Parc","r\u00e9pond"],"articleSection":["Belgique"],"inLanguage":"fr-BE"},{"@type":"WebPage","@id":"https:\/\/vieassociative.be\/actualites\/le-parc-miniature-de-bruxelles-repond-au-brexit\/","url":"https:\/\/vieassociative.be\/actualites\/le-parc-miniature-de-bruxelles-repond-au-brexit\/","name":"Le Parc Miniature de Bruxelles r\u00e9pond au Brexit | Vie Associative","isPartOf":{"@id":"https:\/\/vieassociative.be\/actualites\/#website"},"primaryImageOfPage":{"@id":"https:\/\/vieassociative.be\/actualites\/le-parc-miniature-de-bruxelles-repond-au-brexit\/#primaryimage"},"image":{"@id":"https:\/\/vieassociative.be\/actualites\/le-parc-miniature-de-bruxelles-repond-au-brexit\/#primaryimage"},"thumbnailUrl":"https:\/\/vieassociative.be\/actualites\/wp-content\/uploads\/2024\/09\/1727227505_Le-Parc-Miniature-de-Bruxelles-repond-au-Brexit.jpeg","datePublished":"2024-09-25T01:25:04+00:00","dateModified":"2024-09-25T01:25:07+00:00","breadcrumb":{"@id":"https:\/\/vieassociative.be\/actualites\/le-parc-miniature-de-bruxelles-repond-au-brexit\/#breadcrumb"},"inLanguage":"fr-BE","potentialAction":[{"@type":"ReadAction","target":["https:\/\/vieassociative.be\/actualites\/le-parc-miniature-de-bruxelles-repond-au-brexit\/"]}]},{"@type":"ImageObject","inLanguage":"fr-BE","@id":"https:\/\/vieassociative.be\/actualites\/le-parc-miniature-de-bruxelles-repond-au-brexit\/#primaryimage","url":"https:\/\/vieassociative.be\/actualites\/wp-content\/uploads\/2024\/09\/1727227505_Le-Parc-Miniature-de-Bruxelles-repond-au-Brexit.jpeg","contentUrl":"https:\/\/vieassociative.be\/actualites\/wp-content\/uploads\/2024\/09\/1727227505_Le-Parc-Miniature-de-Bruxelles-repond-au-Brexit.jpeg","width":1600,"height":900,"caption":"Le Parc Miniature de Bruxelles r\u00e9pond au Brexit"},{"@type":"BreadcrumbList","@id":"https:\/\/vieassociative.be\/actualites\/le-parc-miniature-de-bruxelles-repond-au-brexit\/#breadcrumb","itemListElement":[{"@type":"ListItem","position":1,"name":"Accueil","item":"https:\/\/vieassociative.be\/actualites\/"},{"@type":"ListItem","position":2,"name":"Le Parc Miniature de Bruxelles r\u00e9pond au Brexit"}]},{"@type":"WebSite","@id":"https:\/\/vieassociative.be\/actualites\/#website","url":"https:\/\/vieassociative.be\/actualites\/","name":"Vie Associative","description":"","publisher":{"@id":"https:\/\/vieassociative.be\/actualites\/#organization"},"potentialAction":[{"@type":"SearchAction","target":{"@type":"EntryPoint","urlTemplate":"https:\/\/vieassociative.be\/actualites\/?s={search_term_string}"},"query-input":{"@type":"PropertyValueSpecification","valueRequired":true,"valueName":"search_term_string"}}],"inLanguage":"fr-BE"},{"@type":"Organization","@id":"https:\/\/vieassociative.be\/actualites\/#organization","name":"Vie Associative","url":"https:\/\/vieassociative.be\/actualites\/","logo":{"@type":"ImageObject","inLanguage":"fr-BE","@id":"https:\/\/vieassociative.be\/actualites\/#\/schema\/logo\/image\/","url":"https:\/\/vieassociative.be\/actualites\/wp-content\/uploads\/2024\/09\/cropped-vieassociative_favicon.ico.png","contentUrl":"https:\/\/vieassociative.be\/actualites\/wp-content\/uploads\/2024\/09\/cropped-vieassociative_favicon.ico.png","width":512,"height":512,"caption":"Vie Associative"},"image":{"@id":"https:\/\/vieassociative.be\/actualites\/#\/schema\/logo\/image\/"}},{"@type":"Person","@id":"https:\/\/vieassociative.be\/actualites\/#\/schema\/person\/b87ac4f82f9d4e7b7cec7395b679edc4","name":"Julien","image":{"@type":"ImageObject","inLanguage":"fr-BE","@id":"https:\/\/vieassociative.be\/actualites\/#\/schema\/person\/image\/","url":"https:\/\/vieassociative.be\/actualites\/wp-content\/uploads\/2024\/09\/vie-associative-1-150x150.jpg","contentUrl":"https:\/\/vieassociative.be\/actualites\/wp-content\/uploads\/2024\/09\/vie-associative-1-150x150.jpg","caption":"Julien"},"description":"Je suis Julien, r\u00e9dacteur pour Vie Associative. Passionn\u00e9 par le monde associatif depuis plus de 10 ans, j'ai \u00e0 c\u0153ur de partager des histoires inspirantes et de mettre en lumi\u00e8re les initiatives locales. Mon objectif est de sensibiliser et d'encourager l'engagement communautaire \u00e0 travers mes articles.","sameAs":["https:\/\/vieassociative.be\/"]}]}},"_links":{"self":[{"href":"https:\/\/vieassociative.be\/actualites\/wp-json\/wp\/v2\/posts\/436"}],"collection":[{"href":"https:\/\/vieassociative.be\/actualites\/wp-json\/wp\/v2\/posts"}],"about":[{"href":"https:\/\/vieassociative.be\/actualites\/wp-json\/wp\/v2\/types\/post"}],"author":[{"embeddable":true,"href":"https:\/\/vieassociative.be\/actualites\/wp-json\/wp\/v2\/users\/1"}],"replies":[{"embeddable":true,"href":"https:\/\/vieassociative.be\/actualites\/wp-json\/wp\/v2\/comments?post=436"}],"version-history":[{"count":1,"href":"https:\/\/vieassociative.be\/actualites\/wp-json\/wp\/v2\/posts\/436\/revisions"}],"predecessor-version":[{"id":438,"href":"https:\/\/vieassociative.be\/actualites\/wp-json\/wp\/v2\/posts\/436\/revisions\/438"}],"wp:featuredmedia":[{"embeddable":true,"href":"https:\/\/vieassociative.be\/actualites\/wp-json\/wp\/v2\/media\/437"}],"wp:attachment":[{"href":"https:\/\/vieassociative.be\/actualites\/wp-json\/wp\/v2\/media?parent=436"}],"wp:term":[{"taxonomy":"category","embeddable":true,"href":"https:\/\/vieassociative.be\/actualites\/wp-json\/wp\/v2\/categories?post=436"},{"taxonomy":"post_tag","embeddable":true,"href":"https:\/\/vieassociative.be\/actualites\/wp-json\/wp\/v2\/tags?post=436"}],"curies":[{"name":"wp","href":"https:\/\/api.w.org\/{rel}","templated":true}]}}