{"id":4356,"date":"2025-01-16T03:17:21","date_gmt":"2025-01-16T02:17:21","guid":{"rendered":"https:\/\/vieassociative.be\/actualites\/accord-sur-le-cessez-le-feu-a-gaza-et-la-liberation-des-otages\/"},"modified":"2025-01-16T03:17:21","modified_gmt":"2025-01-16T02:17:21","slug":"accord-sur-le-cessez-le-feu-a-gaza-et-la-liberation-des-otages","status":"publish","type":"post","link":"https:\/\/vieassociative.be\/actualites\/accord-sur-le-cessez-le-feu-a-gaza-et-la-liberation-des-otages\/","title":{"rendered":"Accord sur le cessez-le-feu \u00e0 Gaza et la lib\u00e9ration des otages"},"content":{"rendered":"<p><strong>La guerre dans la bande de Gaza fait rage depuis plus de 15 mois et le sort des otages reste incertain. Le Qatar annonce aujourd\u2019hui sa perc\u00e9e \u2013 peu avant que Trump ne pr\u00eate serment en tant que nouveau pr\u00e9sident am\u00e9ricain.<\/strong><\/p>\n<p><span id=\"more-406205\"><\/span>Apr\u00e8s plus de 15 mois de combats acharn\u00e9s, Isra\u00ebl et le Hamas islamiste se sont mis d&rsquo;accord sur un cessez-le-feu dans la bande de Gaza et sur la lib\u00e9ration d&rsquo;otages en \u00e9change de prisonniers palestiniens, selon le m\u00e9diateur Qatar. Cela a \u00e9t\u00e9 annonc\u00e9 par le Premier ministre qatari Mohammed bin Abdulrahman Al Thani apr\u00e8s les entretiens \u00e0 Doha. Il devrait entrer en vigueur dimanche et durer 42 jours dans une premi\u00e8re phase.<\/p>\n<p>Il s&rsquo;agit du premier accord de ce type depuis un cessez-le-feu il y a plus d&rsquo;un an. Cela signifie que la population civile de la bande c\u00f4ti\u00e8re largement d\u00e9truite peut \u00e9galement esp\u00e9rer que ses souffrances seront att\u00e9nu\u00e9es. \u00ab\u00a0Aujourd&rsquo;hui, nous appelons au calme jusqu&rsquo;\u00e0 la mise en \u0153uvre\u00a0\u00bb, a d\u00e9clar\u00e9 Al Thani.<\/p>\n<div id=\"attachment_406209\" class=\"wp-caption alignleft\" style=\"max-width: 300px\"><img fetchpriority=\"high\" decoding=\"async\" class=\"wp-image-406209 size-medium\" src=\"https:\/\/vieassociative.be\/actualites\/wp-content\/uploads\/2025\/01\/Accord-sur-le-cessez-le-feu-a-Gaza-et-la-liberation-des.jpg\" alt=\"\" width=\"300\" height=\"200\"><\/p>\n<p class=\"wp-caption-text\">15 janvier 2025, Territoires palestiniens, Khan Yunis : les Palestiniens c\u00e9l\u00e8brent l&rsquo;annonce prochaine d&rsquo;un accord de cessez-le-feu entre le Hamas et Isra\u00ebl \u00e0 Khan Yunis, dans le centre de la bande de Gaza. Photo : Mariam Dagga\/AP\/dpa<\/p>\n<\/div>\n<p>Les efforts des \u00c9tats-Unis, de l&rsquo;\u00c9gypte et du Qatar sont en cours depuis des mois pour persuader Isra\u00ebl d&rsquo;accepter un cessez-le-feu et le Hamas de lib\u00e9rer ses otages par le biais de n\u00e9gociations indirectes. Mais les n\u00e9gociations sont rest\u00e9es au point mort pendant des mois.<\/p>\n<p><strong>\u2013 \u00ab Diplomatie persistante \u00bb :<\/strong> Selon les observateurs, la fin temporaire des combats dans la zone c\u00f4ti\u00e8re largement d\u00e9truite a \u00e9galement \u00e9t\u00e9 rendue possible par les revers de \u00ab l&rsquo;Axe de la R\u00e9sistance \u00bb organis\u00e9 par l&rsquo;Iran au Liban et en Syrie et par les menaces du pr\u00e9sident \u00e9lu am\u00e9ricain Donald Trump, qui avait atteint un accord pour la lib\u00e9ration des otages r\u00e9clam\u00e9s avec v\u00e9h\u00e9mence.<\/p>\n<p>Le pr\u00e9sident am\u00e9ricain sortant Joe Biden a toutefois soulign\u00e9 que l\u2019accord \u00e9tait \u00e9galement d\u00fb \u00e0 \u00ab une diplomatie am\u00e9ricaine persistante et m\u00e9ticuleuse \u00bb. Biden a d\u00e9clar\u00e9 que ses efforts diplomatiques n\u2019avaient jamais faibli. L&rsquo;accord s&rsquo;appuie sur un plan qu&rsquo;il avait d\u00e9j\u00e0 pr\u00e9sent\u00e9 en mai.<\/p>\n<p><strong>\u2013 Premi\u00e8rement, 33 otages devraient \u00eatre lib\u00e9r\u00e9s :<\/strong> Le cessez-le-feu durera initialement six semaines, a d\u00e9clar\u00e9 Al Thani. Pendant ce temps, 33 des otages d\u00e9tenus par le Hamas doivent \u00eatre lib\u00e9r\u00e9s. En \u00e9change, comme lors d\u2019un pr\u00e9c\u00e9dent cessez-le-feu, les prisonniers palestiniens doivent \u00eatre lib\u00e9r\u00e9s des prisons isra\u00e9liennes. Al Thani n\u2019a initialement pas donn\u00e9 de chiffre.<\/p>\n<p>Selon les informations isra\u00e9liennes, 98 personnes au total sont toujours d\u00e9tenues dans la bande de Gaza, dont au moins 34 seraient mortes. Le minist\u00e8re des Affaires \u00e9trang\u00e8res de Berlin affirme que parmi les otages figurent \u00e9galement \u00ab un nombre faible \u00e0 deux chiffres de personnes ayant des liens avec l\u2019Allemagne \u00bb. Parall\u00e8lement \u00e0 l&rsquo;\u00e9change d&rsquo;otages contre des prisonniers, l&rsquo;arm\u00e9e isra\u00e9lienne doit commencer \u00e0 se retirer de la bande de Gaza.<\/p>\n<div id=\"attachment_406210\" class=\"wp-caption alignleft\" style=\"max-width: 300px\"><img decoding=\"async\" class=\"wp-image-406210 size-medium\" src=\"https:\/\/vieassociative.be\/actualites\/wp-content\/uploads\/2025\/01\/1736993841_335_Accord-sur-le-cessez-le-feu-a-Gaza-et-la-liberation-des.jpg\" alt=\"\" width=\"300\" height=\"200\"><\/p>\n<p class=\"wp-caption-text\">30 mai 2024, Territoires palestiniens, Jabalia : les Palestiniens traversent les destructions cons\u00e9cutives aux offensives a\u00e9riennes et terrestres isra\u00e9liennes dans le nord de la bande de Gaza. Photo : Enas Rami\/AP\/dpa<\/p>\n<\/div>\n<p>Selon Al Thani, trois phases sont pr\u00e9vues, l&rsquo;accord d\u00e9sormais conclu ne concerne que la premi\u00e8re phase. Les d\u00e9tails de ce qui suit seront annonc\u00e9s lorsque le cessez-le-feu entrera en vigueur.<\/p>\n<p>La deuxi\u00e8me phase, qui, selon les m\u00e9dias, sera n\u00e9goci\u00e9e \u00e0 partir du 16\u00e8me jour apr\u00e8s l&rsquo;entr\u00e9e en vigueur du cessez-le-feu, impliquera probablement la lib\u00e9ration des otages encore vivants et la poursuite du retrait de l&rsquo;arm\u00e9e isra\u00e9lienne.<\/p>\n<p><strong>\u2013 Des centaines de camions sont cens\u00e9s livrer des secours :<\/strong> Au point de passage important de Rafah avec la bande de Gaza, l\u2019\u00c9gypte s\u2019\u00e9tait d\u00e9j\u00e0 pr\u00e9par\u00e9e \u00e0 une \u00e9ventuelle ouverture et \u00e0 de nouvelles livraisons d\u2019aide. L&rsquo;arm\u00e9e isra\u00e9lienne a occup\u00e9 le poste fronti\u00e8re de Rafah, du c\u00f4t\u00e9 palestinien, en mai de l&rsquo;ann\u00e9e derni\u00e8re. Peu de temps apr\u00e8s, les livraisons d\u2019aide \u00e9gyptienne ont cess\u00e9 d\u2019arriver via Rafah.<\/p>\n<p>Selon les m\u00e9dias, l&rsquo;arm\u00e9e isra\u00e9lienne devrait se retirer progressivement des zones habit\u00e9es de la bande de Gaza, mais dans un premier temps pas du soi-disant corridor de Philadelphie, le long de la fronti\u00e8re avec l&rsquo;\u00c9gypte. Isra\u00ebl craint que le Hamas puisse \u00e0 nouveau introduire clandestinement des armes dans la bande de Gaza. Les r\u00e9sidents qui ont fui vers le sud de la bande c\u00f4ti\u00e8re devraient \u00eatre autoris\u00e9s \u00e0 nouveau \u00e0 circuler librement dans la bande de Gaza et \u00e0 retourner dans leurs zones r\u00e9sidentielles du nord sous surveillance internationale.<\/p>\n<p><strong>\u2013 Isra\u00ebl veut un retrait complet seulement apr\u00e8s le retour de tous les otages :<\/strong> Les responsables du gouvernement isra\u00e9lien ont soulign\u00e9 que l&rsquo;arm\u00e9e ne quitterait pas la bande de Gaza tant que tous les otages ne seraient pas rapatri\u00e9s chez eux. M\u00eame apr\u00e8s le d\u00e9but du cessez-le-feu, les soldats devraient rester dans une zone tampon \u00e0 la limite de la bande de Gaza et d\u2019autres zones.<\/p>\n<p>Selon un reportage de CNN, la deuxi\u00e8me phase des n\u00e9gociations portera \u00e9galement sur la fin de la guerre. Le Hamas a accept\u00e9 les garanties des \u00c9tats-Unis, du Qatar, de l&rsquo;\u00c9gypte et de la Turquie selon lesquelles Isra\u00ebl poursuivrait les n\u00e9gociations, a appris le Wall Street Journal aupr\u00e8s des m\u00e9diateurs.<\/p>\n<div id=\"attachment_406211\" class=\"wp-caption alignleft\" style=\"max-width: 300px\"><img decoding=\"async\" class=\"wp-image-406211 size-medium\" src=\"https:\/\/vieassociative.be\/actualites\/wp-content\/uploads\/2025\/01\/1736993841_497_Accord-sur-le-cessez-le-feu-a-Gaza-et-la-liberation-des.jpg\" alt=\"\" width=\"300\" height=\"200\"><\/p>\n<p class=\"wp-caption-text\">15 janvier 2025, \u00c9tats-Unis, Washington : le pr\u00e9sident am\u00e9ricain Joe Biden (M), avec le vice-pr\u00e9sident Kamala Harris et le secr\u00e9taire d&rsquo;\u00c9tat Anthony Blinken, parle dans le Cross Hall de la Maison Blanche de l&rsquo;annonce d&rsquo;un accord de cessez-le-feu dans la bande de Gaza et de la lib\u00e9ration de dizaines d&rsquo;otages apr\u00e8s plus de 15 mois de guerre. Photo : Evan Vucci\/AP\/dpa<\/p>\n<\/div>\n<p>Avant m\u00eame l\u2019annonce officielle, Trump avait r\u00e9agi avec soulagement aux informations faisant \u00e9tat d\u2019un accord. \u00ab Nous avons un accord pour les otages au Moyen-Orient \u00bb, a-t-il \u00e9crit en majuscules sur son porte-parole en ligne Truth Social. \u00ab Vous serez bient\u00f4t lib\u00e9r\u00e9. Merci. \u00bb Dans un autre message sur Truth Social, il a parl\u00e9 d\u2019un \u00ab accord de cessez-le-feu \u00e9pique \u00bb.<\/p>\n<p>L\u2019accord doit encore \u00eatre approuv\u00e9 par le cabinet de s\u00e9curit\u00e9 isra\u00e9lien et le gouvernement isra\u00e9lien. Selon les m\u00e9dias isra\u00e9liens, il devrait se r\u00e9unir jeudi \u00e0 11 heures locales (10 heures CET) pour approuver l\u2019accord. Le gouvernement devrait \u00e9galement se r\u00e9unir imm\u00e9diatement apr\u00e8s. Selon son cabinet, le ministre des Affaires \u00e9trang\u00e8res Gideon Saar a interrompu son voyage en Europe pour participer aux votes. Les partenaires de la coalition d&rsquo;extr\u00eame droite du Premier ministre isra\u00e9lien Benjamin Netanyahu avaient menac\u00e9 de quitter le gouvernement en cas de cessez-le-feu.<\/p>\n<p><strong>\u2013 Le massacre a d\u00e9clench\u00e9 la guerre :<\/strong> Le d\u00e9clencheur du plus long conflit arm\u00e9 de l\u2019histoire de l\u2019\u00c9tat d\u2019Isra\u00ebl a \u00e9t\u00e9 le massacre perp\u00e9tr\u00e9 par le Hamas et d\u2019autres groupes extr\u00e9mistes en Isra\u00ebl le 7 octobre 2023, avec 1\u00a0200 morts et plus de 250 enl\u00e8vements. Isra\u00ebl a r\u00e9pondu par des attaques contre le Hamas \u00e0 Gaza, tuant plus de 46 700 personnes et en blessant plus de 110 200, selon les chiffres palestiniens. Les chiffres des victimes, qui ne font pas de distinction entre combattants et civils, ne peuvent pas \u00eatre v\u00e9rifi\u00e9s de mani\u00e8re ind\u00e9pendante, mais ont \u00e9t\u00e9 jug\u00e9s cr\u00e9dibles par les Nations Unies.<\/p>\n<p>Dans le cadre d\u2019un cessez-le-feu d\u2019une semaine en novembre 2023, le Hamas a lib\u00e9r\u00e9 105 otages. En \u00e9change, Isra\u00ebl a lib\u00e9r\u00e9 240 prisonniers palestiniens de ses prisons. (dpa)<\/p>\n","protected":false},"excerpt":{"rendered":"<p>La guerre dans la bande de Gaza fait rage depuis plus de 15 mois et le sort des otages reste incertain. Le Qatar annonce aujourd\u2019hui<\/p>\n","protected":false},"author":1,"featured_media":4357,"comment_status":"","ping_status":"","sticky":false,"template":"","format":"standard","meta":{"footnotes":""},"categories":[298],"tags":[1628,4754,29,4755,4756,4757,33],"class_list":["post-4356","post","type-post","status-publish","format-standard","has-post-thumbnail","hentry","category-belgique","tag-accord","tag-cessezlefeu","tag-des","tag-gaza","tag-liberation","tag-otages","tag-sur","generate-columns","tablet-grid-50","mobile-grid-100","grid-parent","grid-33"],"yoast_head":"<!-- This site is optimized with the Yoast SEO plugin v24.0 - https:\/\/yoast.com\/wordpress\/plugins\/seo\/ -->\n<title>Accord sur le cessez-le-feu \u00e0 Gaza et la lib\u00e9ration des otages | Vie Associative<\/title>\n<meta name=\"robots\" content=\"index, follow, max-snippet:-1, max-image-preview:large, max-video-preview:-1\" \/>\n<link rel=\"canonical\" href=\"https:\/\/vieassociative.be\/actualites\/accord-sur-le-cessez-le-feu-a-gaza-et-la-liberation-des-otages\/\" \/>\n<meta property=\"og:locale\" content=\"fr_FR\" \/>\n<meta property=\"og:type\" content=\"article\" \/>\n<meta property=\"og:title\" content=\"Accord sur le cessez-le-feu \u00e0 Gaza et la lib\u00e9ration des otages | Vie Associative\" \/>\n<meta property=\"og:description\" content=\"La guerre dans la bande de Gaza fait rage depuis plus de 15 mois et le sort des otages reste incertain. Le Qatar annonce aujourd\u2019hui\" \/>\n<meta property=\"og:url\" content=\"https:\/\/vieassociative.be\/actualites\/accord-sur-le-cessez-le-feu-a-gaza-et-la-liberation-des-otages\/\" \/>\n<meta property=\"og:site_name\" content=\"Vie Associative\" \/>\n<meta property=\"article:published_time\" content=\"2025-01-16T02:17:21+00:00\" \/>\n<meta property=\"og:image\" content=\"https:\/\/vieassociative.be\/actualites\/wp-content\/uploads\/2024\/09\/header_backgroundk-01-e1726694325946.png\" \/>\n\t<meta property=\"og:image:width\" content=\"279\" \/>\n\t<meta property=\"og:image:height\" content=\"92\" \/>\n\t<meta property=\"og:image:type\" content=\"image\/png\" \/>\n<meta name=\"author\" content=\"Julien\" \/>\n<meta name=\"twitter:card\" content=\"summary_large_image\" \/>\n<meta name=\"twitter:label1\" content=\"\u00c9crit par\" \/>\n\t<meta name=\"twitter:data1\" content=\"Julien\" \/>\n\t<meta name=\"twitter:label2\" content=\"Dur\u00e9e de lecture est.\" \/>\n\t<meta name=\"twitter:data2\" content=\"7 minutes\" \/>\n<script type=\"application\/ld+json\" class=\"yoast-schema-graph\">{\"@context\":\"https:\/\/schema.org\",\"@graph\":[{\"@type\":\"Article\",\"@id\":\"https:\/\/vieassociative.be\/actualites\/accord-sur-le-cessez-le-feu-a-gaza-et-la-liberation-des-otages\/#article\",\"isPartOf\":{\"@id\":\"https:\/\/vieassociative.be\/actualites\/accord-sur-le-cessez-le-feu-a-gaza-et-la-liberation-des-otages\/\"},\"author\":{\"name\":\"Julien\",\"@id\":\"https:\/\/vieassociative.be\/actualites\/#\/schema\/person\/b87ac4f82f9d4e7b7cec7395b679edc4\"},\"headline\":\"Accord sur le cessez-le-feu \u00e0 Gaza et la lib\u00e9ration des otages\",\"datePublished\":\"2025-01-16T02:17:21+00:00\",\"dateModified\":\"2025-01-16T02:17:21+00:00\",\"mainEntityOfPage\":{\"@id\":\"https:\/\/vieassociative.be\/actualites\/accord-sur-le-cessez-le-feu-a-gaza-et-la-liberation-des-otages\/\"},\"wordCount\":1343,\"publisher\":{\"@id\":\"https:\/\/vieassociative.be\/actualites\/#organization\"},\"image\":{\"@id\":\"https:\/\/vieassociative.be\/actualites\/accord-sur-le-cessez-le-feu-a-gaza-et-la-liberation-des-otages\/#primaryimage\"},\"thumbnailUrl\":\"https:\/\/vieassociative.be\/actualites\/wp-content\/uploads\/2025\/01\/1736993842_Accord-sur-le-cessez-le-feu-a-Gaza-et-la-liberation-des.jpg\",\"keywords\":[\"accord\",\"cessezlefeu\",\"Des\",\"Gaza\",\"lib\u00e9ration\",\"otages\",\"sur\"],\"articleSection\":[\"Belgique\"],\"inLanguage\":\"fr-BE\"},{\"@type\":\"WebPage\",\"@id\":\"https:\/\/vieassociative.be\/actualites\/accord-sur-le-cessez-le-feu-a-gaza-et-la-liberation-des-otages\/\",\"url\":\"https:\/\/vieassociative.be\/actualites\/accord-sur-le-cessez-le-feu-a-gaza-et-la-liberation-des-otages\/\",\"name\":\"Accord sur le cessez-le-feu \u00e0 Gaza et la lib\u00e9ration des otages | Vie Associative\",\"isPartOf\":{\"@id\":\"https:\/\/vieassociative.be\/actualites\/#website\"},\"primaryImageOfPage\":{\"@id\":\"https:\/\/vieassociative.be\/actualites\/accord-sur-le-cessez-le-feu-a-gaza-et-la-liberation-des-otages\/#primaryimage\"},\"image\":{\"@id\":\"https:\/\/vieassociative.be\/actualites\/accord-sur-le-cessez-le-feu-a-gaza-et-la-liberation-des-otages\/#primaryimage\"},\"thumbnailUrl\":\"https:\/\/vieassociative.be\/actualites\/wp-content\/uploads\/2025\/01\/1736993842_Accord-sur-le-cessez-le-feu-a-Gaza-et-la-liberation-des.jpg\",\"datePublished\":\"2025-01-16T02:17:21+00:00\",\"dateModified\":\"2025-01-16T02:17:21+00:00\",\"breadcrumb\":{\"@id\":\"https:\/\/vieassociative.be\/actualites\/accord-sur-le-cessez-le-feu-a-gaza-et-la-liberation-des-otages\/#breadcrumb\"},\"inLanguage\":\"fr-BE\",\"potentialAction\":[{\"@type\":\"ReadAction\",\"target\":[\"https:\/\/vieassociative.be\/actualites\/accord-sur-le-cessez-le-feu-a-gaza-et-la-liberation-des-otages\/\"]}]},{\"@type\":\"ImageObject\",\"inLanguage\":\"fr-BE\",\"@id\":\"https:\/\/vieassociative.be\/actualites\/accord-sur-le-cessez-le-feu-a-gaza-et-la-liberation-des-otages\/#primaryimage\",\"url\":\"https:\/\/vieassociative.be\/actualites\/wp-content\/uploads\/2025\/01\/1736993842_Accord-sur-le-cessez-le-feu-a-Gaza-et-la-liberation-des.jpg\",\"contentUrl\":\"https:\/\/vieassociative.be\/actualites\/wp-content\/uploads\/2025\/01\/1736993842_Accord-sur-le-cessez-le-feu-a-Gaza-et-la-liberation-des.jpg\",\"width\":1200,\"height\":800,\"caption\":\"Accord sur le cessez-le-feu \u00e0 Gaza et la lib\u00e9ration des otages\"},{\"@type\":\"BreadcrumbList\",\"@id\":\"https:\/\/vieassociative.be\/actualites\/accord-sur-le-cessez-le-feu-a-gaza-et-la-liberation-des-otages\/#breadcrumb\",\"itemListElement\":[{\"@type\":\"ListItem\",\"position\":1,\"name\":\"Accueil\",\"item\":\"https:\/\/vieassociative.be\/actualites\/\"},{\"@type\":\"ListItem\",\"position\":2,\"name\":\"Accord sur le cessez-le-feu \u00e0 Gaza et la lib\u00e9ration des otages\"}]},{\"@type\":\"WebSite\",\"@id\":\"https:\/\/vieassociative.be\/actualites\/#website\",\"url\":\"https:\/\/vieassociative.be\/actualites\/\",\"name\":\"Vie Associative\",\"description\":\"\",\"publisher\":{\"@id\":\"https:\/\/vieassociative.be\/actualites\/#organization\"},\"potentialAction\":[{\"@type\":\"SearchAction\",\"target\":{\"@type\":\"EntryPoint\",\"urlTemplate\":\"https:\/\/vieassociative.be\/actualites\/?s={search_term_string}\"},\"query-input\":{\"@type\":\"PropertyValueSpecification\",\"valueRequired\":true,\"valueName\":\"search_term_string\"}}],\"inLanguage\":\"fr-BE\"},{\"@type\":\"Organization\",\"@id\":\"https:\/\/vieassociative.be\/actualites\/#organization\",\"name\":\"Vie Associative\",\"url\":\"https:\/\/vieassociative.be\/actualites\/\",\"logo\":{\"@type\":\"ImageObject\",\"inLanguage\":\"fr-BE\",\"@id\":\"https:\/\/vieassociative.be\/actualites\/#\/schema\/logo\/image\/\",\"url\":\"https:\/\/vieassociative.be\/actualites\/wp-content\/uploads\/2024\/09\/cropped-vieassociative_favicon.ico.png\",\"contentUrl\":\"https:\/\/vieassociative.be\/actualites\/wp-content\/uploads\/2024\/09\/cropped-vieassociative_favicon.ico.png\",\"width\":512,\"height\":512,\"caption\":\"Vie Associative\"},\"image\":{\"@id\":\"https:\/\/vieassociative.be\/actualites\/#\/schema\/logo\/image\/\"}},{\"@type\":\"Person\",\"@id\":\"https:\/\/vieassociative.be\/actualites\/#\/schema\/person\/b87ac4f82f9d4e7b7cec7395b679edc4\",\"name\":\"Julien\",\"image\":{\"@type\":\"ImageObject\",\"inLanguage\":\"fr-BE\",\"@id\":\"https:\/\/vieassociative.be\/actualites\/#\/schema\/person\/image\/\",\"url\":\"https:\/\/vieassociative.be\/actualites\/wp-content\/uploads\/2024\/09\/vie-associative-1-150x150.jpg\",\"contentUrl\":\"https:\/\/vieassociative.be\/actualites\/wp-content\/uploads\/2024\/09\/vie-associative-1-150x150.jpg\",\"caption\":\"Julien\"},\"description\":\"Je suis Julien, r\u00e9dacteur pour Vie Associative. Passionn\u00e9 par le monde associatif depuis plus de 10 ans, j'ai \u00e0 c\u0153ur de partager des histoires inspirantes et de mettre en lumi\u00e8re les initiatives locales. Mon objectif est de sensibiliser et d'encourager l'engagement communautaire \u00e0 travers mes articles.\",\"sameAs\":[\"https:\/\/vieassociative.be\/\"]}]}<\/script>\n<!-- \/ Yoast SEO plugin. -->","yoast_head_json":{"title":"Accord sur le cessez-le-feu \u00e0 Gaza et la lib\u00e9ration des otages | Vie Associative","robots":{"index":"index","follow":"follow","max-snippet":"max-snippet:-1","max-image-preview":"max-image-preview:large","max-video-preview":"max-video-preview:-1"},"canonical":"https:\/\/vieassociative.be\/actualites\/accord-sur-le-cessez-le-feu-a-gaza-et-la-liberation-des-otages\/","og_locale":"fr_FR","og_type":"article","og_title":"Accord sur le cessez-le-feu \u00e0 Gaza et la lib\u00e9ration des otages | Vie Associative","og_description":"La guerre dans la bande de Gaza fait rage depuis plus de 15 mois et le sort des otages reste incertain. Le Qatar annonce aujourd\u2019hui","og_url":"https:\/\/vieassociative.be\/actualites\/accord-sur-le-cessez-le-feu-a-gaza-et-la-liberation-des-otages\/","og_site_name":"Vie Associative","article_published_time":"2025-01-16T02:17:21+00:00","og_image":[{"width":279,"height":92,"url":"https:\/\/vieassociative.be\/actualites\/wp-content\/uploads\/2024\/09\/header_backgroundk-01-e1726694325946.png","type":"image\/png"}],"author":"Julien","twitter_card":"summary_large_image","twitter_misc":{"\u00c9crit par":"Julien","Dur\u00e9e de lecture est.":"7 minutes"},"schema":{"@context":"https:\/\/schema.org","@graph":[{"@type":"Article","@id":"https:\/\/vieassociative.be\/actualites\/accord-sur-le-cessez-le-feu-a-gaza-et-la-liberation-des-otages\/#article","isPartOf":{"@id":"https:\/\/vieassociative.be\/actualites\/accord-sur-le-cessez-le-feu-a-gaza-et-la-liberation-des-otages\/"},"author":{"name":"Julien","@id":"https:\/\/vieassociative.be\/actualites\/#\/schema\/person\/b87ac4f82f9d4e7b7cec7395b679edc4"},"headline":"Accord sur le cessez-le-feu \u00e0 Gaza et la lib\u00e9ration des otages","datePublished":"2025-01-16T02:17:21+00:00","dateModified":"2025-01-16T02:17:21+00:00","mainEntityOfPage":{"@id":"https:\/\/vieassociative.be\/actualites\/accord-sur-le-cessez-le-feu-a-gaza-et-la-liberation-des-otages\/"},"wordCount":1343,"publisher":{"@id":"https:\/\/vieassociative.be\/actualites\/#organization"},"image":{"@id":"https:\/\/vieassociative.be\/actualites\/accord-sur-le-cessez-le-feu-a-gaza-et-la-liberation-des-otages\/#primaryimage"},"thumbnailUrl":"https:\/\/vieassociative.be\/actualites\/wp-content\/uploads\/2025\/01\/1736993842_Accord-sur-le-cessez-le-feu-a-Gaza-et-la-liberation-des.jpg","keywords":["accord","cessezlefeu","Des","Gaza","lib\u00e9ration","otages","sur"],"articleSection":["Belgique"],"inLanguage":"fr-BE"},{"@type":"WebPage","@id":"https:\/\/vieassociative.be\/actualites\/accord-sur-le-cessez-le-feu-a-gaza-et-la-liberation-des-otages\/","url":"https:\/\/vieassociative.be\/actualites\/accord-sur-le-cessez-le-feu-a-gaza-et-la-liberation-des-otages\/","name":"Accord sur le cessez-le-feu \u00e0 Gaza et la lib\u00e9ration des otages | Vie Associative","isPartOf":{"@id":"https:\/\/vieassociative.be\/actualites\/#website"},"primaryImageOfPage":{"@id":"https:\/\/vieassociative.be\/actualites\/accord-sur-le-cessez-le-feu-a-gaza-et-la-liberation-des-otages\/#primaryimage"},"image":{"@id":"https:\/\/vieassociative.be\/actualites\/accord-sur-le-cessez-le-feu-a-gaza-et-la-liberation-des-otages\/#primaryimage"},"thumbnailUrl":"https:\/\/vieassociative.be\/actualites\/wp-content\/uploads\/2025\/01\/1736993842_Accord-sur-le-cessez-le-feu-a-Gaza-et-la-liberation-des.jpg","datePublished":"2025-01-16T02:17:21+00:00","dateModified":"2025-01-16T02:17:21+00:00","breadcrumb":{"@id":"https:\/\/vieassociative.be\/actualites\/accord-sur-le-cessez-le-feu-a-gaza-et-la-liberation-des-otages\/#breadcrumb"},"inLanguage":"fr-BE","potentialAction":[{"@type":"ReadAction","target":["https:\/\/vieassociative.be\/actualites\/accord-sur-le-cessez-le-feu-a-gaza-et-la-liberation-des-otages\/"]}]},{"@type":"ImageObject","inLanguage":"fr-BE","@id":"https:\/\/vieassociative.be\/actualites\/accord-sur-le-cessez-le-feu-a-gaza-et-la-liberation-des-otages\/#primaryimage","url":"https:\/\/vieassociative.be\/actualites\/wp-content\/uploads\/2025\/01\/1736993842_Accord-sur-le-cessez-le-feu-a-Gaza-et-la-liberation-des.jpg","contentUrl":"https:\/\/vieassociative.be\/actualites\/wp-content\/uploads\/2025\/01\/1736993842_Accord-sur-le-cessez-le-feu-a-Gaza-et-la-liberation-des.jpg","width":1200,"height":800,"caption":"Accord sur le cessez-le-feu \u00e0 Gaza et la lib\u00e9ration des otages"},{"@type":"BreadcrumbList","@id":"https:\/\/vieassociative.be\/actualites\/accord-sur-le-cessez-le-feu-a-gaza-et-la-liberation-des-otages\/#breadcrumb","itemListElement":[{"@type":"ListItem","position":1,"name":"Accueil","item":"https:\/\/vieassociative.be\/actualites\/"},{"@type":"ListItem","position":2,"name":"Accord sur le cessez-le-feu \u00e0 Gaza et la lib\u00e9ration des otages"}]},{"@type":"WebSite","@id":"https:\/\/vieassociative.be\/actualites\/#website","url":"https:\/\/vieassociative.be\/actualites\/","name":"Vie Associative","description":"","publisher":{"@id":"https:\/\/vieassociative.be\/actualites\/#organization"},"potentialAction":[{"@type":"SearchAction","target":{"@type":"EntryPoint","urlTemplate":"https:\/\/vieassociative.be\/actualites\/?s={search_term_string}"},"query-input":{"@type":"PropertyValueSpecification","valueRequired":true,"valueName":"search_term_string"}}],"inLanguage":"fr-BE"},{"@type":"Organization","@id":"https:\/\/vieassociative.be\/actualites\/#organization","name":"Vie Associative","url":"https:\/\/vieassociative.be\/actualites\/","logo":{"@type":"ImageObject","inLanguage":"fr-BE","@id":"https:\/\/vieassociative.be\/actualites\/#\/schema\/logo\/image\/","url":"https:\/\/vieassociative.be\/actualites\/wp-content\/uploads\/2024\/09\/cropped-vieassociative_favicon.ico.png","contentUrl":"https:\/\/vieassociative.be\/actualites\/wp-content\/uploads\/2024\/09\/cropped-vieassociative_favicon.ico.png","width":512,"height":512,"caption":"Vie Associative"},"image":{"@id":"https:\/\/vieassociative.be\/actualites\/#\/schema\/logo\/image\/"}},{"@type":"Person","@id":"https:\/\/vieassociative.be\/actualites\/#\/schema\/person\/b87ac4f82f9d4e7b7cec7395b679edc4","name":"Julien","image":{"@type":"ImageObject","inLanguage":"fr-BE","@id":"https:\/\/vieassociative.be\/actualites\/#\/schema\/person\/image\/","url":"https:\/\/vieassociative.be\/actualites\/wp-content\/uploads\/2024\/09\/vie-associative-1-150x150.jpg","contentUrl":"https:\/\/vieassociative.be\/actualites\/wp-content\/uploads\/2024\/09\/vie-associative-1-150x150.jpg","caption":"Julien"},"description":"Je suis Julien, r\u00e9dacteur pour Vie Associative. Passionn\u00e9 par le monde associatif depuis plus de 10 ans, j'ai \u00e0 c\u0153ur de partager des histoires inspirantes et de mettre en lumi\u00e8re les initiatives locales. Mon objectif est de sensibiliser et d'encourager l'engagement communautaire \u00e0 travers mes articles.","sameAs":["https:\/\/vieassociative.be\/"]}]}},"_links":{"self":[{"href":"https:\/\/vieassociative.be\/actualites\/wp-json\/wp\/v2\/posts\/4356"}],"collection":[{"href":"https:\/\/vieassociative.be\/actualites\/wp-json\/wp\/v2\/posts"}],"about":[{"href":"https:\/\/vieassociative.be\/actualites\/wp-json\/wp\/v2\/types\/post"}],"author":[{"embeddable":true,"href":"https:\/\/vieassociative.be\/actualites\/wp-json\/wp\/v2\/users\/1"}],"replies":[{"embeddable":true,"href":"https:\/\/vieassociative.be\/actualites\/wp-json\/wp\/v2\/comments?post=4356"}],"version-history":[{"count":0,"href":"https:\/\/vieassociative.be\/actualites\/wp-json\/wp\/v2\/posts\/4356\/revisions"}],"wp:featuredmedia":[{"embeddable":true,"href":"https:\/\/vieassociative.be\/actualites\/wp-json\/wp\/v2\/media\/4357"}],"wp:attachment":[{"href":"https:\/\/vieassociative.be\/actualites\/wp-json\/wp\/v2\/media?parent=4356"}],"wp:term":[{"taxonomy":"category","embeddable":true,"href":"https:\/\/vieassociative.be\/actualites\/wp-json\/wp\/v2\/categories?post=4356"},{"taxonomy":"post_tag","embeddable":true,"href":"https:\/\/vieassociative.be\/actualites\/wp-json\/wp\/v2\/tags?post=4356"}],"curies":[{"name":"wp","href":"https:\/\/api.w.org\/{rel}","templated":true}]}}