{"id":4354,"date":"2025-01-16T02:18:54","date_gmt":"2025-01-16T01:18:54","guid":{"rendered":"https:\/\/vieassociative.be\/actualites\/bluesky-obtient-son-propre-instagram-en-quelque-sorte\/"},"modified":"2025-01-16T02:18:54","modified_gmt":"2025-01-16T01:18:54","slug":"bluesky-obtient-son-propre-instagram-en-quelque-sorte","status":"publish","type":"post","link":"https:\/\/vieassociative.be\/actualites\/bluesky-obtient-son-propre-instagram-en-quelque-sorte\/","title":{"rendered":"Bluesky obtient son propre Instagram (en quelque sorte)"},"content":{"rendered":"<div class=\"mt-4 leading-6 md:mb-8\">Si vous avez d\u00e9j\u00e0 investi dans Bluesky, vous allez aimer Flashes.<\/div>\n<p><\/p>\n<p>Si vous faites partie des millions de personnes qui ont rejoint Bluesky ces derniers mois, il est probable que les plateformes de m\u00e9dias sociaux \u00e9tablies vous rebutent. Vous n&rsquo;aimez probablement pas les sites dot\u00e9s de politiques de confidentialit\u00e9 des donn\u00e9es pr\u00e9datrices, ou ceux qui apaisent les nouvelles administrations pr\u00e9sidentielles avec un m\u00e9pris pour la v\u00e9rit\u00e9. Peut-\u00eatre que vous appr\u00e9ciez un espace en ligne o\u00f9 les gens peuvent partager des pens\u00e9es, du contenu et des blagues d&rsquo;une mani\u00e8re qui ne cherche pas explicitement \u00e0 mettre en col\u00e8re ou \u00e0 blesser qui que ce soit dans un but lucratif.<\/p>\n<p>Bien s\u00fbr, Bluesky vous couvre, au moins en remplacement de X. Mais si vous aimez partager des photos et des vid\u00e9os avec l&rsquo;Internet au sens large, vous \u00eates probablement toujours li\u00e9 \u00e0 Instagram, que cela vous plaise ou non. Il existe d&rsquo;autres options, comme Pixelfed, une plateforme de partage de photos d\u00e9centralis\u00e9e qui dispose d\u00e9sormais d&rsquo;une application officielle. Mais si vous \u00eates \u00e0 fond sur Bluesky, ce serait formidable si vous pouviez exploiter la m\u00eame exp\u00e9rience avec la communaut\u00e9 que vous avez commenc\u00e9 \u00e0 construire l\u00e0-bas.<\/p>\n<p>C&rsquo;est pourquoi Flashes est l&rsquo;un des concepts de m\u00e9dias sociaux les plus int\u00e9ressants que j&rsquo;ai vu r\u00e9cemment. L&rsquo;application, d\u00e9velopp\u00e9e par Sebastian Vogelsang, est bas\u00e9e sur sa pr\u00e9c\u00e9dente application Skeets, un client Bluesky en option avec abonnement mettant l&rsquo;accent sur l&rsquo;accessibilit\u00e9, entre autres fonctionnalit\u00e9s (si vous souhaitez pouvoir modifier vos publications, par exemple, Skeets utilise un astucieuse solution de contournement pour le faire). Mais pour Flashses, l&rsquo;objectif de Vogelsang \u00e9tait de cr\u00e9er une exp\u00e9rience de type Instagram pour les photos et vid\u00e9os partag\u00e9es sur Bluesky. <\/p>\n<div class=\"eloquent-imagery-image\">\n<div class=\"flex justify-center\">\n                    <img decoding=\"async\" class=\"border border-gray-100\" src=\"https:\/\/vieassociative.be\/actualites\/wp-content\/uploads\/2025\/01\/Bluesky-obtient-son-propre-Instagram-en-quelque-sorte.jpg\" alt=\"clignote une capture d'\u00e9cran\" width=\"373\" height=\"750\" loading=\"lazy\"  >\n            <\/div>\n<\/p><\/div>\n<p>C&rsquo;est le probl\u00e8me : Flashes n&rsquo;est pas vraiment un concurrent d&rsquo;Instagram. Il n&rsquo;y a pas de plateforme Flashes, vous ne cr\u00e9erez pas de compte Flashes et vous ne publierez pas de photos ou de vid\u00e9os sur un flux Flashes d\u00e9di\u00e9. Au lieu de cela, l&rsquo;application est un \u00ab client de visualisation de photos \u00bb pour Bluesky. Il extrait essentiellement toutes les photos et vid\u00e9os de votre flux Bluesky et les affiche dans une interface utilisateur rappelant Instagram. Vous pouvez publier des photos et des vid\u00e9os via Flashes, mais vous les publiez simplement sur Bluesky. Toutes les publications sur Flashes, ainsi que tous les commentaires sur ces publications, appara\u00eetront \u00e9galement sur votre compte Bluesky. <\/p>\n<p>Si vous \u00eates intrigu\u00e9, vous devrez malheureusement attendre un peu avant de pouvoir l&rsquo;essayer : le compte officiel Flashes App Bluesky n&rsquo;a commenc\u00e9 \u00e0 publier qu&rsquo;aujourd&rsquo;hui, et Vogelsang pr\u00e9voit de lancer une version b\u00eata ouverte de Testflight la semaine prochaine pour les utilisateurs iOS. Mais une fois l&rsquo;application officiellement lanc\u00e9e, vous pourrez l&rsquo;utiliser pour publier quatre photos ou vid\u00e9os \u00e0 la fois. (Les vid\u00e9os peuvent durer jusqu&rsquo;\u00e0 une minute chacune.) <\/p>\n<p>Selon TechCrunch, Vogelsand pr\u00e9voit \u00e9galement de lancer une version uniquement vid\u00e9o de Flashes, appel\u00e9e Blue Screen. Ce sera peut-\u00eatre une alternative TikTok valable pour les utilisateurs vraiment passionn\u00e9s de Bluesky.<\/p>\n<div class=\"raw-embed\">\n<blockquote class=\"bluesky-embed\" data-bluesky-uri=\"at:\/\/did:plc:24kqkpfy6z7avtgu3qg57vvl\/app.bsky.feed.post\/3lfrbsvnzak2q\" data-bluesky-cid=\"bafyreiasjc4hr7incey6bfozw4kvyi5hyuyfzd42lp4zwj2dw4m745onse\">\n<p>(image ou int\u00e9gration)<\/p>\n<p>\u2013 Application Flashes \ud83d\udcf1 (@flashesapp.bsky.social) 15 janvier 2025 \u00e0 02h51<\/p><\/blockquote>\n<\/div>\n<p>La nouvelle de Flashes arrive \u00e0 un moment incertain pour les m\u00e9dias sociaux traditionnels. Les utilisateurs sont pass\u00e9s de X \u00e0 des alternatives comme Bluesky\u00a0; le gouvernement des \u00c9tats-Unis est sur le point d\u2019interdire TikTok, incitant les utilisateurs \u00e0 fuir vers d\u2019autres applications chinoises en signe de protestation ; et Meta repousse beaucoup de ses utilisateurs avec ses d\u00e9cisions bizarres et frustrantes. Nous semblons \u00eatre \u00e0 un point d\u2019inflexion et les gens recherchent de nouvelles plateformes alternatives. Si vous avez d\u00e9j\u00e0 cr\u00e9\u00e9 vos abonn\u00e9s Bluesky, je ne vois pas de meilleure solution de partage de photos que celle qui fonctionne simplement avec l&rsquo;application dans laquelle vous \u00eates d\u00e9j\u00e0 tant investi.<\/p>\n","protected":false},"excerpt":{"rendered":"<p>Si vous avez d\u00e9j\u00e0 investi dans Bluesky, vous allez aimer Flashes. Si vous faites partie des millions de personnes qui ont rejoint Bluesky ces derniers<\/p>\n","protected":false},"author":1,"featured_media":4355,"comment_status":"","ping_status":"","sticky":false,"template":"","format":"standard","meta":{"footnotes":""},"categories":[13],"tags":[2030,2282,4304,2292,1061,800,1062],"class_list":["post-4354","post","type-post","status-publish","format-standard","has-post-thumbnail","hentry","category-technologie","tag-bluesky","tag-instagram","tag-obtient","tag-propre","tag-quelque","tag-son","tag-sorte","generate-columns","tablet-grid-50","mobile-grid-100","grid-parent","grid-33"],"yoast_head":"<!-- This site is optimized with the Yoast SEO plugin v24.0 - https:\/\/yoast.com\/wordpress\/plugins\/seo\/ -->\n<title>Bluesky obtient son propre Instagram (en quelque sorte) | Vie Associative<\/title>\n<meta name=\"robots\" content=\"index, follow, max-snippet:-1, max-image-preview:large, max-video-preview:-1\" \/>\n<link rel=\"canonical\" href=\"https:\/\/vieassociative.be\/actualites\/bluesky-obtient-son-propre-instagram-en-quelque-sorte\/\" \/>\n<meta property=\"og:locale\" content=\"fr_FR\" \/>\n<meta property=\"og:type\" content=\"article\" \/>\n<meta property=\"og:title\" content=\"Bluesky obtient son propre Instagram (en quelque sorte) | Vie Associative\" \/>\n<meta property=\"og:description\" content=\"Si vous avez d\u00e9j\u00e0 investi dans Bluesky, vous allez aimer Flashes. Si vous faites partie des millions de personnes qui ont rejoint Bluesky ces derniers\" \/>\n<meta property=\"og:url\" content=\"https:\/\/vieassociative.be\/actualites\/bluesky-obtient-son-propre-instagram-en-quelque-sorte\/\" \/>\n<meta property=\"og:site_name\" content=\"Vie Associative\" \/>\n<meta property=\"article:published_time\" content=\"2025-01-16T01:18:54+00:00\" \/>\n<meta property=\"og:image\" content=\"https:\/\/vieassociative.be\/actualites\/wp-content\/uploads\/2025\/01\/Bluesky-obtient-son-propre-Instagram-en-quelque-sorte.jpg\" \/>\n<meta name=\"author\" content=\"Julien\" \/>\n<meta name=\"twitter:card\" content=\"summary_large_image\" \/>\n<meta name=\"twitter:label1\" content=\"\u00c9crit par\" \/>\n\t<meta name=\"twitter:data1\" content=\"Julien\" \/>\n\t<meta name=\"twitter:label2\" content=\"Dur\u00e9e de lecture est.\" \/>\n\t<meta name=\"twitter:data2\" content=\"3 minutes\" \/>\n<script type=\"application\/ld+json\" class=\"yoast-schema-graph\">{\"@context\":\"https:\/\/schema.org\",\"@graph\":[{\"@type\":\"Article\",\"@id\":\"https:\/\/vieassociative.be\/actualites\/bluesky-obtient-son-propre-instagram-en-quelque-sorte\/#article\",\"isPartOf\":{\"@id\":\"https:\/\/vieassociative.be\/actualites\/bluesky-obtient-son-propre-instagram-en-quelque-sorte\/\"},\"author\":{\"name\":\"Julien\",\"@id\":\"https:\/\/vieassociative.be\/actualites\/#\/schema\/person\/b87ac4f82f9d4e7b7cec7395b679edc4\"},\"headline\":\"Bluesky obtient son propre Instagram (en quelque sorte)\",\"datePublished\":\"2025-01-16T01:18:54+00:00\",\"dateModified\":\"2025-01-16T01:18:54+00:00\",\"mainEntityOfPage\":{\"@id\":\"https:\/\/vieassociative.be\/actualites\/bluesky-obtient-son-propre-instagram-en-quelque-sorte\/\"},\"wordCount\":688,\"publisher\":{\"@id\":\"https:\/\/vieassociative.be\/actualites\/#organization\"},\"image\":{\"@id\":\"https:\/\/vieassociative.be\/actualites\/bluesky-obtient-son-propre-instagram-en-quelque-sorte\/#primaryimage\"},\"thumbnailUrl\":\"https:\/\/vieassociative.be\/actualites\/wp-content\/uploads\/2025\/01\/Bluesky-obtient-son-propre-Instagram-en-quelque-sorte.png\",\"keywords\":[\"Bluesky\",\"Instagram\",\"obtient\",\"propre\",\"quelque\",\"son\",\"sorte\"],\"articleSection\":[\"Technologie\"],\"inLanguage\":\"fr-BE\"},{\"@type\":\"WebPage\",\"@id\":\"https:\/\/vieassociative.be\/actualites\/bluesky-obtient-son-propre-instagram-en-quelque-sorte\/\",\"url\":\"https:\/\/vieassociative.be\/actualites\/bluesky-obtient-son-propre-instagram-en-quelque-sorte\/\",\"name\":\"Bluesky obtient son propre Instagram (en quelque sorte) | Vie Associative\",\"isPartOf\":{\"@id\":\"https:\/\/vieassociative.be\/actualites\/#website\"},\"primaryImageOfPage\":{\"@id\":\"https:\/\/vieassociative.be\/actualites\/bluesky-obtient-son-propre-instagram-en-quelque-sorte\/#primaryimage\"},\"image\":{\"@id\":\"https:\/\/vieassociative.be\/actualites\/bluesky-obtient-son-propre-instagram-en-quelque-sorte\/#primaryimage\"},\"thumbnailUrl\":\"https:\/\/vieassociative.be\/actualites\/wp-content\/uploads\/2025\/01\/Bluesky-obtient-son-propre-Instagram-en-quelque-sorte.png\",\"datePublished\":\"2025-01-16T01:18:54+00:00\",\"dateModified\":\"2025-01-16T01:18:54+00:00\",\"breadcrumb\":{\"@id\":\"https:\/\/vieassociative.be\/actualites\/bluesky-obtient-son-propre-instagram-en-quelque-sorte\/#breadcrumb\"},\"inLanguage\":\"fr-BE\",\"potentialAction\":[{\"@type\":\"ReadAction\",\"target\":[\"https:\/\/vieassociative.be\/actualites\/bluesky-obtient-son-propre-instagram-en-quelque-sorte\/\"]}]},{\"@type\":\"ImageObject\",\"inLanguage\":\"fr-BE\",\"@id\":\"https:\/\/vieassociative.be\/actualites\/bluesky-obtient-son-propre-instagram-en-quelque-sorte\/#primaryimage\",\"url\":\"https:\/\/vieassociative.be\/actualites\/wp-content\/uploads\/2025\/01\/Bluesky-obtient-son-propre-Instagram-en-quelque-sorte.png\",\"contentUrl\":\"https:\/\/vieassociative.be\/actualites\/wp-content\/uploads\/2025\/01\/Bluesky-obtient-son-propre-Instagram-en-quelque-sorte.png\",\"width\":1200,\"height\":675,\"caption\":\"Bluesky obtient son propre Instagram (en quelque sorte)\"},{\"@type\":\"BreadcrumbList\",\"@id\":\"https:\/\/vieassociative.be\/actualites\/bluesky-obtient-son-propre-instagram-en-quelque-sorte\/#breadcrumb\",\"itemListElement\":[{\"@type\":\"ListItem\",\"position\":1,\"name\":\"Accueil\",\"item\":\"https:\/\/vieassociative.be\/actualites\/\"},{\"@type\":\"ListItem\",\"position\":2,\"name\":\"Bluesky obtient son propre Instagram (en quelque sorte)\"}]},{\"@type\":\"WebSite\",\"@id\":\"https:\/\/vieassociative.be\/actualites\/#website\",\"url\":\"https:\/\/vieassociative.be\/actualites\/\",\"name\":\"Vie Associative\",\"description\":\"\",\"publisher\":{\"@id\":\"https:\/\/vieassociative.be\/actualites\/#organization\"},\"potentialAction\":[{\"@type\":\"SearchAction\",\"target\":{\"@type\":\"EntryPoint\",\"urlTemplate\":\"https:\/\/vieassociative.be\/actualites\/?s={search_term_string}\"},\"query-input\":{\"@type\":\"PropertyValueSpecification\",\"valueRequired\":true,\"valueName\":\"search_term_string\"}}],\"inLanguage\":\"fr-BE\"},{\"@type\":\"Organization\",\"@id\":\"https:\/\/vieassociative.be\/actualites\/#organization\",\"name\":\"Vie Associative\",\"url\":\"https:\/\/vieassociative.be\/actualites\/\",\"logo\":{\"@type\":\"ImageObject\",\"inLanguage\":\"fr-BE\",\"@id\":\"https:\/\/vieassociative.be\/actualites\/#\/schema\/logo\/image\/\",\"url\":\"https:\/\/vieassociative.be\/actualites\/wp-content\/uploads\/2024\/09\/cropped-vieassociative_favicon.ico.png\",\"contentUrl\":\"https:\/\/vieassociative.be\/actualites\/wp-content\/uploads\/2024\/09\/cropped-vieassociative_favicon.ico.png\",\"width\":512,\"height\":512,\"caption\":\"Vie Associative\"},\"image\":{\"@id\":\"https:\/\/vieassociative.be\/actualites\/#\/schema\/logo\/image\/\"}},{\"@type\":\"Person\",\"@id\":\"https:\/\/vieassociative.be\/actualites\/#\/schema\/person\/b87ac4f82f9d4e7b7cec7395b679edc4\",\"name\":\"Julien\",\"image\":{\"@type\":\"ImageObject\",\"inLanguage\":\"fr-BE\",\"@id\":\"https:\/\/vieassociative.be\/actualites\/#\/schema\/person\/image\/\",\"url\":\"https:\/\/vieassociative.be\/actualites\/wp-content\/uploads\/2024\/09\/vie-associative-1-150x150.jpg\",\"contentUrl\":\"https:\/\/vieassociative.be\/actualites\/wp-content\/uploads\/2024\/09\/vie-associative-1-150x150.jpg\",\"caption\":\"Julien\"},\"description\":\"Je suis Julien, r\u00e9dacteur pour Vie Associative. Passionn\u00e9 par le monde associatif depuis plus de 10 ans, j'ai \u00e0 c\u0153ur de partager des histoires inspirantes et de mettre en lumi\u00e8re les initiatives locales. Mon objectif est de sensibiliser et d'encourager l'engagement communautaire \u00e0 travers mes articles.\",\"sameAs\":[\"https:\/\/vieassociative.be\/\"]}]}<\/script>\n<!-- \/ Yoast SEO plugin. -->","yoast_head_json":{"title":"Bluesky obtient son propre Instagram (en quelque sorte) | Vie Associative","robots":{"index":"index","follow":"follow","max-snippet":"max-snippet:-1","max-image-preview":"max-image-preview:large","max-video-preview":"max-video-preview:-1"},"canonical":"https:\/\/vieassociative.be\/actualites\/bluesky-obtient-son-propre-instagram-en-quelque-sorte\/","og_locale":"fr_FR","og_type":"article","og_title":"Bluesky obtient son propre Instagram (en quelque sorte) | Vie Associative","og_description":"Si vous avez d\u00e9j\u00e0 investi dans Bluesky, vous allez aimer Flashes. Si vous faites partie des millions de personnes qui ont rejoint Bluesky ces derniers","og_url":"https:\/\/vieassociative.be\/actualites\/bluesky-obtient-son-propre-instagram-en-quelque-sorte\/","og_site_name":"Vie Associative","article_published_time":"2025-01-16T01:18:54+00:00","og_image":[{"url":"https:\/\/vieassociative.be\/actualites\/wp-content\/uploads\/2025\/01\/Bluesky-obtient-son-propre-Instagram-en-quelque-sorte.jpg","type":"","width":"","height":""}],"author":"Julien","twitter_card":"summary_large_image","twitter_misc":{"\u00c9crit par":"Julien","Dur\u00e9e de lecture est.":"3 minutes"},"schema":{"@context":"https:\/\/schema.org","@graph":[{"@type":"Article","@id":"https:\/\/vieassociative.be\/actualites\/bluesky-obtient-son-propre-instagram-en-quelque-sorte\/#article","isPartOf":{"@id":"https:\/\/vieassociative.be\/actualites\/bluesky-obtient-son-propre-instagram-en-quelque-sorte\/"},"author":{"name":"Julien","@id":"https:\/\/vieassociative.be\/actualites\/#\/schema\/person\/b87ac4f82f9d4e7b7cec7395b679edc4"},"headline":"Bluesky obtient son propre Instagram (en quelque sorte)","datePublished":"2025-01-16T01:18:54+00:00","dateModified":"2025-01-16T01:18:54+00:00","mainEntityOfPage":{"@id":"https:\/\/vieassociative.be\/actualites\/bluesky-obtient-son-propre-instagram-en-quelque-sorte\/"},"wordCount":688,"publisher":{"@id":"https:\/\/vieassociative.be\/actualites\/#organization"},"image":{"@id":"https:\/\/vieassociative.be\/actualites\/bluesky-obtient-son-propre-instagram-en-quelque-sorte\/#primaryimage"},"thumbnailUrl":"https:\/\/vieassociative.be\/actualites\/wp-content\/uploads\/2025\/01\/Bluesky-obtient-son-propre-Instagram-en-quelque-sorte.png","keywords":["Bluesky","Instagram","obtient","propre","quelque","son","sorte"],"articleSection":["Technologie"],"inLanguage":"fr-BE"},{"@type":"WebPage","@id":"https:\/\/vieassociative.be\/actualites\/bluesky-obtient-son-propre-instagram-en-quelque-sorte\/","url":"https:\/\/vieassociative.be\/actualites\/bluesky-obtient-son-propre-instagram-en-quelque-sorte\/","name":"Bluesky obtient son propre Instagram (en quelque sorte) | Vie Associative","isPartOf":{"@id":"https:\/\/vieassociative.be\/actualites\/#website"},"primaryImageOfPage":{"@id":"https:\/\/vieassociative.be\/actualites\/bluesky-obtient-son-propre-instagram-en-quelque-sorte\/#primaryimage"},"image":{"@id":"https:\/\/vieassociative.be\/actualites\/bluesky-obtient-son-propre-instagram-en-quelque-sorte\/#primaryimage"},"thumbnailUrl":"https:\/\/vieassociative.be\/actualites\/wp-content\/uploads\/2025\/01\/Bluesky-obtient-son-propre-Instagram-en-quelque-sorte.png","datePublished":"2025-01-16T01:18:54+00:00","dateModified":"2025-01-16T01:18:54+00:00","breadcrumb":{"@id":"https:\/\/vieassociative.be\/actualites\/bluesky-obtient-son-propre-instagram-en-quelque-sorte\/#breadcrumb"},"inLanguage":"fr-BE","potentialAction":[{"@type":"ReadAction","target":["https:\/\/vieassociative.be\/actualites\/bluesky-obtient-son-propre-instagram-en-quelque-sorte\/"]}]},{"@type":"ImageObject","inLanguage":"fr-BE","@id":"https:\/\/vieassociative.be\/actualites\/bluesky-obtient-son-propre-instagram-en-quelque-sorte\/#primaryimage","url":"https:\/\/vieassociative.be\/actualites\/wp-content\/uploads\/2025\/01\/Bluesky-obtient-son-propre-Instagram-en-quelque-sorte.png","contentUrl":"https:\/\/vieassociative.be\/actualites\/wp-content\/uploads\/2025\/01\/Bluesky-obtient-son-propre-Instagram-en-quelque-sorte.png","width":1200,"height":675,"caption":"Bluesky obtient son propre Instagram (en quelque sorte)"},{"@type":"BreadcrumbList","@id":"https:\/\/vieassociative.be\/actualites\/bluesky-obtient-son-propre-instagram-en-quelque-sorte\/#breadcrumb","itemListElement":[{"@type":"ListItem","position":1,"name":"Accueil","item":"https:\/\/vieassociative.be\/actualites\/"},{"@type":"ListItem","position":2,"name":"Bluesky obtient son propre Instagram (en quelque sorte)"}]},{"@type":"WebSite","@id":"https:\/\/vieassociative.be\/actualites\/#website","url":"https:\/\/vieassociative.be\/actualites\/","name":"Vie Associative","description":"","publisher":{"@id":"https:\/\/vieassociative.be\/actualites\/#organization"},"potentialAction":[{"@type":"SearchAction","target":{"@type":"EntryPoint","urlTemplate":"https:\/\/vieassociative.be\/actualites\/?s={search_term_string}"},"query-input":{"@type":"PropertyValueSpecification","valueRequired":true,"valueName":"search_term_string"}}],"inLanguage":"fr-BE"},{"@type":"Organization","@id":"https:\/\/vieassociative.be\/actualites\/#organization","name":"Vie Associative","url":"https:\/\/vieassociative.be\/actualites\/","logo":{"@type":"ImageObject","inLanguage":"fr-BE","@id":"https:\/\/vieassociative.be\/actualites\/#\/schema\/logo\/image\/","url":"https:\/\/vieassociative.be\/actualites\/wp-content\/uploads\/2024\/09\/cropped-vieassociative_favicon.ico.png","contentUrl":"https:\/\/vieassociative.be\/actualites\/wp-content\/uploads\/2024\/09\/cropped-vieassociative_favicon.ico.png","width":512,"height":512,"caption":"Vie Associative"},"image":{"@id":"https:\/\/vieassociative.be\/actualites\/#\/schema\/logo\/image\/"}},{"@type":"Person","@id":"https:\/\/vieassociative.be\/actualites\/#\/schema\/person\/b87ac4f82f9d4e7b7cec7395b679edc4","name":"Julien","image":{"@type":"ImageObject","inLanguage":"fr-BE","@id":"https:\/\/vieassociative.be\/actualites\/#\/schema\/person\/image\/","url":"https:\/\/vieassociative.be\/actualites\/wp-content\/uploads\/2024\/09\/vie-associative-1-150x150.jpg","contentUrl":"https:\/\/vieassociative.be\/actualites\/wp-content\/uploads\/2024\/09\/vie-associative-1-150x150.jpg","caption":"Julien"},"description":"Je suis Julien, r\u00e9dacteur pour Vie Associative. Passionn\u00e9 par le monde associatif depuis plus de 10 ans, j'ai \u00e0 c\u0153ur de partager des histoires inspirantes et de mettre en lumi\u00e8re les initiatives locales. Mon objectif est de sensibiliser et d'encourager l'engagement communautaire \u00e0 travers mes articles.","sameAs":["https:\/\/vieassociative.be\/"]}]}},"_links":{"self":[{"href":"https:\/\/vieassociative.be\/actualites\/wp-json\/wp\/v2\/posts\/4354"}],"collection":[{"href":"https:\/\/vieassociative.be\/actualites\/wp-json\/wp\/v2\/posts"}],"about":[{"href":"https:\/\/vieassociative.be\/actualites\/wp-json\/wp\/v2\/types\/post"}],"author":[{"embeddable":true,"href":"https:\/\/vieassociative.be\/actualites\/wp-json\/wp\/v2\/users\/1"}],"replies":[{"embeddable":true,"href":"https:\/\/vieassociative.be\/actualites\/wp-json\/wp\/v2\/comments?post=4354"}],"version-history":[{"count":0,"href":"https:\/\/vieassociative.be\/actualites\/wp-json\/wp\/v2\/posts\/4354\/revisions"}],"wp:featuredmedia":[{"embeddable":true,"href":"https:\/\/vieassociative.be\/actualites\/wp-json\/wp\/v2\/media\/4355"}],"wp:attachment":[{"href":"https:\/\/vieassociative.be\/actualites\/wp-json\/wp\/v2\/media?parent=4354"}],"wp:term":[{"taxonomy":"category","embeddable":true,"href":"https:\/\/vieassociative.be\/actualites\/wp-json\/wp\/v2\/categories?post=4354"},{"taxonomy":"post_tag","embeddable":true,"href":"https:\/\/vieassociative.be\/actualites\/wp-json\/wp\/v2\/tags?post=4354"}],"curies":[{"name":"wp","href":"https:\/\/api.w.org\/{rel}","templated":true}]}}