{"id":4349,"date":"2025-01-15T21:18:16","date_gmt":"2025-01-15T20:18:16","guid":{"rendered":"https:\/\/vieassociative.be\/actualites\/les-athletes-se-plaignent-de-la-mauvaise-qualite-de-leurs-medailles-olympiques\/"},"modified":"2025-01-15T21:18:16","modified_gmt":"2025-01-15T20:18:16","slug":"les-athletes-se-plaignent-de-la-mauvaise-qualite-de-leurs-medailles-olympiques","status":"publish","type":"post","link":"https:\/\/vieassociative.be\/actualites\/les-athletes-se-plaignent-de-la-mauvaise-qualite-de-leurs-medailles-olympiques\/","title":{"rendered":"Les athl\u00e8tes se plaignent de la mauvaise qualit\u00e9 de leurs m\u00e9dailles olympiques"},"content":{"rendered":"<p><strong>Les m\u00e9dailles de Paris suscitent apparemment le m\u00e9contentement. Un certain nombre d&rsquo;athl\u00e8tes auraient rendu des copies endommag\u00e9es. La Monnaie fran\u00e7aise promet des \u00e9claircissements.<\/strong><\/p>\n<p><span id=\"more-406213\"><\/span>Un peu plus de cinq mois apr\u00e8s la fin des Jeux Olympiques de Paris, la qualit\u00e9 de certaines m\u00e9dailles se serait consid\u00e9rablement d\u00e9grad\u00e9e.<\/p>\n<p>Comme le rapporte le portail fran\u00e7ais \u00ab La Lettre \u00bb, plus de 100 athl\u00e8tes auraient restitu\u00e9 leurs m\u00e9dailles endommag\u00e9es. Interrog\u00e9e par la dpa, la Monnaie de Paris, qui a produit environ 5 000 m\u00e9dailles olympiques, n&rsquo;a fourni aucun chiffre, mais a confirm\u00e9 qu&rsquo;il y avait d\u00e9j\u00e0 eu une premi\u00e8re demande d&rsquo;\u00e9change en ao\u00fbt.<\/p>\n<p>La Monnaie a indiqu\u00e9 \u00e0 Paris qu&rsquo;elle \u00e9tait en train de traiter les enqu\u00eates et de tenter de comprendre l&rsquo;origine des d\u00e9g\u00e2ts. Toutes les m\u00e9dailles endommag\u00e9es seront remplac\u00e9es dans les trois prochains mois. (dpa)<\/p>\n","protected":false},"excerpt":{"rendered":"<p>Les m\u00e9dailles de Paris suscitent apparemment le m\u00e9contentement. Un certain nombre d&rsquo;athl\u00e8tes auraient rendu des copies endommag\u00e9es. La Monnaie fran\u00e7aise promet des \u00e9claircissements. Un peu<\/p>\n","protected":false},"author":1,"featured_media":4350,"comment_status":"","ping_status":"","sticky":false,"template":"","format":"standard","meta":{"footnotes":""},"categories":[298],"tags":[4747,14,845,1657,4749,4661,4748,791],"class_list":["post-4349","post","type-post","status-publish","format-standard","has-post-thumbnail","hentry","category-belgique","tag-athletes","tag-les","tag-leurs","tag-mauvaise","tag-medailles","tag-olympiques","tag-plaignent","tag-qualite","generate-columns","tablet-grid-50","mobile-grid-100","grid-parent","grid-33"],"yoast_head":"<!-- This site is optimized with the Yoast SEO plugin v24.0 - https:\/\/yoast.com\/wordpress\/plugins\/seo\/ -->\n<title>Les athl\u00e8tes se plaignent de la mauvaise qualit\u00e9 de leurs m\u00e9dailles olympiques | Vie Associative<\/title>\n<meta name=\"robots\" content=\"index, follow, max-snippet:-1, max-image-preview:large, max-video-preview:-1\" \/>\n<link rel=\"canonical\" href=\"https:\/\/vieassociative.be\/actualites\/les-athletes-se-plaignent-de-la-mauvaise-qualite-de-leurs-medailles-olympiques\/\" \/>\n<meta property=\"og:locale\" content=\"fr_FR\" \/>\n<meta property=\"og:type\" content=\"article\" \/>\n<meta property=\"og:title\" content=\"Les athl\u00e8tes se plaignent de la mauvaise qualit\u00e9 de leurs m\u00e9dailles olympiques | Vie Associative\" \/>\n<meta property=\"og:description\" content=\"Les m\u00e9dailles de Paris suscitent apparemment le m\u00e9contentement. Un certain nombre d&rsquo;athl\u00e8tes auraient rendu des copies endommag\u00e9es. La Monnaie fran\u00e7aise promet des \u00e9claircissements. Un peu\" \/>\n<meta property=\"og:url\" content=\"https:\/\/vieassociative.be\/actualites\/les-athletes-se-plaignent-de-la-mauvaise-qualite-de-leurs-medailles-olympiques\/\" \/>\n<meta property=\"og:site_name\" content=\"Vie Associative\" \/>\n<meta property=\"article:published_time\" content=\"2025-01-15T20:18:16+00:00\" \/>\n<meta property=\"og:image\" content=\"https:\/\/vieassociative.be\/actualites\/wp-content\/uploads\/2024\/09\/header_backgroundk-01-e1726694325946.png\" \/>\n\t<meta property=\"og:image:width\" content=\"279\" \/>\n\t<meta property=\"og:image:height\" content=\"92\" \/>\n\t<meta property=\"og:image:type\" content=\"image\/png\" \/>\n<meta name=\"author\" content=\"Julien\" \/>\n<meta name=\"twitter:card\" content=\"summary_large_image\" \/>\n<meta name=\"twitter:label1\" content=\"\u00c9crit par\" \/>\n\t<meta name=\"twitter:data1\" content=\"Julien\" \/>\n\t<meta name=\"twitter:label2\" content=\"Dur\u00e9e de lecture est.\" \/>\n\t<meta name=\"twitter:data2\" content=\"1 minute\" \/>\n<script type=\"application\/ld+json\" class=\"yoast-schema-graph\">{\"@context\":\"https:\/\/schema.org\",\"@graph\":[{\"@type\":\"Article\",\"@id\":\"https:\/\/vieassociative.be\/actualites\/les-athletes-se-plaignent-de-la-mauvaise-qualite-de-leurs-medailles-olympiques\/#article\",\"isPartOf\":{\"@id\":\"https:\/\/vieassociative.be\/actualites\/les-athletes-se-plaignent-de-la-mauvaise-qualite-de-leurs-medailles-olympiques\/\"},\"author\":{\"name\":\"Julien\",\"@id\":\"https:\/\/vieassociative.be\/actualites\/#\/schema\/person\/b87ac4f82f9d4e7b7cec7395b679edc4\"},\"headline\":\"Les athl\u00e8tes se plaignent de la mauvaise qualit\u00e9 de leurs m\u00e9dailles olympiques\",\"datePublished\":\"2025-01-15T20:18:16+00:00\",\"dateModified\":\"2025-01-15T20:18:16+00:00\",\"mainEntityOfPage\":{\"@id\":\"https:\/\/vieassociative.be\/actualites\/les-athletes-se-plaignent-de-la-mauvaise-qualite-de-leurs-medailles-olympiques\/\"},\"wordCount\":172,\"publisher\":{\"@id\":\"https:\/\/vieassociative.be\/actualites\/#organization\"},\"image\":{\"@id\":\"https:\/\/vieassociative.be\/actualites\/les-athletes-se-plaignent-de-la-mauvaise-qualite-de-leurs-medailles-olympiques\/#primaryimage\"},\"thumbnailUrl\":\"https:\/\/vieassociative.be\/actualites\/wp-content\/uploads\/2025\/01\/Les-athletes-se-plaignent-de-la-mauvaise-qualite-de-leurs.jpg\",\"keywords\":[\"athl\u00e8tes\",\"Les\",\"leurs\",\"mauvaise\",\"m\u00e9dailles\",\"olympiques\",\"plaignent\",\"qualit\u00e9\"],\"articleSection\":[\"Belgique\"],\"inLanguage\":\"fr-BE\"},{\"@type\":\"WebPage\",\"@id\":\"https:\/\/vieassociative.be\/actualites\/les-athletes-se-plaignent-de-la-mauvaise-qualite-de-leurs-medailles-olympiques\/\",\"url\":\"https:\/\/vieassociative.be\/actualites\/les-athletes-se-plaignent-de-la-mauvaise-qualite-de-leurs-medailles-olympiques\/\",\"name\":\"Les athl\u00e8tes se plaignent de la mauvaise qualit\u00e9 de leurs m\u00e9dailles olympiques | Vie Associative\",\"isPartOf\":{\"@id\":\"https:\/\/vieassociative.be\/actualites\/#website\"},\"primaryImageOfPage\":{\"@id\":\"https:\/\/vieassociative.be\/actualites\/les-athletes-se-plaignent-de-la-mauvaise-qualite-de-leurs-medailles-olympiques\/#primaryimage\"},\"image\":{\"@id\":\"https:\/\/vieassociative.be\/actualites\/les-athletes-se-plaignent-de-la-mauvaise-qualite-de-leurs-medailles-olympiques\/#primaryimage\"},\"thumbnailUrl\":\"https:\/\/vieassociative.be\/actualites\/wp-content\/uploads\/2025\/01\/Les-athletes-se-plaignent-de-la-mauvaise-qualite-de-leurs.jpg\",\"datePublished\":\"2025-01-15T20:18:16+00:00\",\"dateModified\":\"2025-01-15T20:18:16+00:00\",\"breadcrumb\":{\"@id\":\"https:\/\/vieassociative.be\/actualites\/les-athletes-se-plaignent-de-la-mauvaise-qualite-de-leurs-medailles-olympiques\/#breadcrumb\"},\"inLanguage\":\"fr-BE\",\"potentialAction\":[{\"@type\":\"ReadAction\",\"target\":[\"https:\/\/vieassociative.be\/actualites\/les-athletes-se-plaignent-de-la-mauvaise-qualite-de-leurs-medailles-olympiques\/\"]}]},{\"@type\":\"ImageObject\",\"inLanguage\":\"fr-BE\",\"@id\":\"https:\/\/vieassociative.be\/actualites\/les-athletes-se-plaignent-de-la-mauvaise-qualite-de-leurs-medailles-olympiques\/#primaryimage\",\"url\":\"https:\/\/vieassociative.be\/actualites\/wp-content\/uploads\/2025\/01\/Les-athletes-se-plaignent-de-la-mauvaise-qualite-de-leurs.jpg\",\"contentUrl\":\"https:\/\/vieassociative.be\/actualites\/wp-content\/uploads\/2025\/01\/Les-athletes-se-plaignent-de-la-mauvaise-qualite-de-leurs.jpg\",\"width\":1200,\"height\":800,\"caption\":\"Les athl\u00e8tes se plaignent de la mauvaise qualit\u00e9 de leurs m\u00e9dailles olympiques\"},{\"@type\":\"BreadcrumbList\",\"@id\":\"https:\/\/vieassociative.be\/actualites\/les-athletes-se-plaignent-de-la-mauvaise-qualite-de-leurs-medailles-olympiques\/#breadcrumb\",\"itemListElement\":[{\"@type\":\"ListItem\",\"position\":1,\"name\":\"Accueil\",\"item\":\"https:\/\/vieassociative.be\/actualites\/\"},{\"@type\":\"ListItem\",\"position\":2,\"name\":\"Les athl\u00e8tes se plaignent de la mauvaise qualit\u00e9 de leurs m\u00e9dailles olympiques\"}]},{\"@type\":\"WebSite\",\"@id\":\"https:\/\/vieassociative.be\/actualites\/#website\",\"url\":\"https:\/\/vieassociative.be\/actualites\/\",\"name\":\"Vie Associative\",\"description\":\"\",\"publisher\":{\"@id\":\"https:\/\/vieassociative.be\/actualites\/#organization\"},\"potentialAction\":[{\"@type\":\"SearchAction\",\"target\":{\"@type\":\"EntryPoint\",\"urlTemplate\":\"https:\/\/vieassociative.be\/actualites\/?s={search_term_string}\"},\"query-input\":{\"@type\":\"PropertyValueSpecification\",\"valueRequired\":true,\"valueName\":\"search_term_string\"}}],\"inLanguage\":\"fr-BE\"},{\"@type\":\"Organization\",\"@id\":\"https:\/\/vieassociative.be\/actualites\/#organization\",\"name\":\"Vie Associative\",\"url\":\"https:\/\/vieassociative.be\/actualites\/\",\"logo\":{\"@type\":\"ImageObject\",\"inLanguage\":\"fr-BE\",\"@id\":\"https:\/\/vieassociative.be\/actualites\/#\/schema\/logo\/image\/\",\"url\":\"https:\/\/vieassociative.be\/actualites\/wp-content\/uploads\/2024\/09\/cropped-vieassociative_favicon.ico.png\",\"contentUrl\":\"https:\/\/vieassociative.be\/actualites\/wp-content\/uploads\/2024\/09\/cropped-vieassociative_favicon.ico.png\",\"width\":512,\"height\":512,\"caption\":\"Vie Associative\"},\"image\":{\"@id\":\"https:\/\/vieassociative.be\/actualites\/#\/schema\/logo\/image\/\"}},{\"@type\":\"Person\",\"@id\":\"https:\/\/vieassociative.be\/actualites\/#\/schema\/person\/b87ac4f82f9d4e7b7cec7395b679edc4\",\"name\":\"Julien\",\"image\":{\"@type\":\"ImageObject\",\"inLanguage\":\"fr-BE\",\"@id\":\"https:\/\/vieassociative.be\/actualites\/#\/schema\/person\/image\/\",\"url\":\"https:\/\/vieassociative.be\/actualites\/wp-content\/uploads\/2024\/09\/vie-associative-1-150x150.jpg\",\"contentUrl\":\"https:\/\/vieassociative.be\/actualites\/wp-content\/uploads\/2024\/09\/vie-associative-1-150x150.jpg\",\"caption\":\"Julien\"},\"description\":\"Je suis Julien, r\u00e9dacteur pour Vie Associative. Passionn\u00e9 par le monde associatif depuis plus de 10 ans, j'ai \u00e0 c\u0153ur de partager des histoires inspirantes et de mettre en lumi\u00e8re les initiatives locales. Mon objectif est de sensibiliser et d'encourager l'engagement communautaire \u00e0 travers mes articles.\",\"sameAs\":[\"https:\/\/vieassociative.be\/\"]}]}<\/script>\n<!-- \/ Yoast SEO plugin. -->","yoast_head_json":{"title":"Les athl\u00e8tes se plaignent de la mauvaise qualit\u00e9 de leurs m\u00e9dailles olympiques | Vie Associative","robots":{"index":"index","follow":"follow","max-snippet":"max-snippet:-1","max-image-preview":"max-image-preview:large","max-video-preview":"max-video-preview:-1"},"canonical":"https:\/\/vieassociative.be\/actualites\/les-athletes-se-plaignent-de-la-mauvaise-qualite-de-leurs-medailles-olympiques\/","og_locale":"fr_FR","og_type":"article","og_title":"Les athl\u00e8tes se plaignent de la mauvaise qualit\u00e9 de leurs m\u00e9dailles olympiques | Vie Associative","og_description":"Les m\u00e9dailles de Paris suscitent apparemment le m\u00e9contentement. Un certain nombre d&rsquo;athl\u00e8tes auraient rendu des copies endommag\u00e9es. La Monnaie fran\u00e7aise promet des \u00e9claircissements. Un peu","og_url":"https:\/\/vieassociative.be\/actualites\/les-athletes-se-plaignent-de-la-mauvaise-qualite-de-leurs-medailles-olympiques\/","og_site_name":"Vie Associative","article_published_time":"2025-01-15T20:18:16+00:00","og_image":[{"width":279,"height":92,"url":"https:\/\/vieassociative.be\/actualites\/wp-content\/uploads\/2024\/09\/header_backgroundk-01-e1726694325946.png","type":"image\/png"}],"author":"Julien","twitter_card":"summary_large_image","twitter_misc":{"\u00c9crit par":"Julien","Dur\u00e9e de lecture est.":"1 minute"},"schema":{"@context":"https:\/\/schema.org","@graph":[{"@type":"Article","@id":"https:\/\/vieassociative.be\/actualites\/les-athletes-se-plaignent-de-la-mauvaise-qualite-de-leurs-medailles-olympiques\/#article","isPartOf":{"@id":"https:\/\/vieassociative.be\/actualites\/les-athletes-se-plaignent-de-la-mauvaise-qualite-de-leurs-medailles-olympiques\/"},"author":{"name":"Julien","@id":"https:\/\/vieassociative.be\/actualites\/#\/schema\/person\/b87ac4f82f9d4e7b7cec7395b679edc4"},"headline":"Les athl\u00e8tes se plaignent de la mauvaise qualit\u00e9 de leurs m\u00e9dailles olympiques","datePublished":"2025-01-15T20:18:16+00:00","dateModified":"2025-01-15T20:18:16+00:00","mainEntityOfPage":{"@id":"https:\/\/vieassociative.be\/actualites\/les-athletes-se-plaignent-de-la-mauvaise-qualite-de-leurs-medailles-olympiques\/"},"wordCount":172,"publisher":{"@id":"https:\/\/vieassociative.be\/actualites\/#organization"},"image":{"@id":"https:\/\/vieassociative.be\/actualites\/les-athletes-se-plaignent-de-la-mauvaise-qualite-de-leurs-medailles-olympiques\/#primaryimage"},"thumbnailUrl":"https:\/\/vieassociative.be\/actualites\/wp-content\/uploads\/2025\/01\/Les-athletes-se-plaignent-de-la-mauvaise-qualite-de-leurs.jpg","keywords":["athl\u00e8tes","Les","leurs","mauvaise","m\u00e9dailles","olympiques","plaignent","qualit\u00e9"],"articleSection":["Belgique"],"inLanguage":"fr-BE"},{"@type":"WebPage","@id":"https:\/\/vieassociative.be\/actualites\/les-athletes-se-plaignent-de-la-mauvaise-qualite-de-leurs-medailles-olympiques\/","url":"https:\/\/vieassociative.be\/actualites\/les-athletes-se-plaignent-de-la-mauvaise-qualite-de-leurs-medailles-olympiques\/","name":"Les athl\u00e8tes se plaignent de la mauvaise qualit\u00e9 de leurs m\u00e9dailles olympiques | Vie Associative","isPartOf":{"@id":"https:\/\/vieassociative.be\/actualites\/#website"},"primaryImageOfPage":{"@id":"https:\/\/vieassociative.be\/actualites\/les-athletes-se-plaignent-de-la-mauvaise-qualite-de-leurs-medailles-olympiques\/#primaryimage"},"image":{"@id":"https:\/\/vieassociative.be\/actualites\/les-athletes-se-plaignent-de-la-mauvaise-qualite-de-leurs-medailles-olympiques\/#primaryimage"},"thumbnailUrl":"https:\/\/vieassociative.be\/actualites\/wp-content\/uploads\/2025\/01\/Les-athletes-se-plaignent-de-la-mauvaise-qualite-de-leurs.jpg","datePublished":"2025-01-15T20:18:16+00:00","dateModified":"2025-01-15T20:18:16+00:00","breadcrumb":{"@id":"https:\/\/vieassociative.be\/actualites\/les-athletes-se-plaignent-de-la-mauvaise-qualite-de-leurs-medailles-olympiques\/#breadcrumb"},"inLanguage":"fr-BE","potentialAction":[{"@type":"ReadAction","target":["https:\/\/vieassociative.be\/actualites\/les-athletes-se-plaignent-de-la-mauvaise-qualite-de-leurs-medailles-olympiques\/"]}]},{"@type":"ImageObject","inLanguage":"fr-BE","@id":"https:\/\/vieassociative.be\/actualites\/les-athletes-se-plaignent-de-la-mauvaise-qualite-de-leurs-medailles-olympiques\/#primaryimage","url":"https:\/\/vieassociative.be\/actualites\/wp-content\/uploads\/2025\/01\/Les-athletes-se-plaignent-de-la-mauvaise-qualite-de-leurs.jpg","contentUrl":"https:\/\/vieassociative.be\/actualites\/wp-content\/uploads\/2025\/01\/Les-athletes-se-plaignent-de-la-mauvaise-qualite-de-leurs.jpg","width":1200,"height":800,"caption":"Les athl\u00e8tes se plaignent de la mauvaise qualit\u00e9 de leurs m\u00e9dailles olympiques"},{"@type":"BreadcrumbList","@id":"https:\/\/vieassociative.be\/actualites\/les-athletes-se-plaignent-de-la-mauvaise-qualite-de-leurs-medailles-olympiques\/#breadcrumb","itemListElement":[{"@type":"ListItem","position":1,"name":"Accueil","item":"https:\/\/vieassociative.be\/actualites\/"},{"@type":"ListItem","position":2,"name":"Les athl\u00e8tes se plaignent de la mauvaise qualit\u00e9 de leurs m\u00e9dailles olympiques"}]},{"@type":"WebSite","@id":"https:\/\/vieassociative.be\/actualites\/#website","url":"https:\/\/vieassociative.be\/actualites\/","name":"Vie Associative","description":"","publisher":{"@id":"https:\/\/vieassociative.be\/actualites\/#organization"},"potentialAction":[{"@type":"SearchAction","target":{"@type":"EntryPoint","urlTemplate":"https:\/\/vieassociative.be\/actualites\/?s={search_term_string}"},"query-input":{"@type":"PropertyValueSpecification","valueRequired":true,"valueName":"search_term_string"}}],"inLanguage":"fr-BE"},{"@type":"Organization","@id":"https:\/\/vieassociative.be\/actualites\/#organization","name":"Vie Associative","url":"https:\/\/vieassociative.be\/actualites\/","logo":{"@type":"ImageObject","inLanguage":"fr-BE","@id":"https:\/\/vieassociative.be\/actualites\/#\/schema\/logo\/image\/","url":"https:\/\/vieassociative.be\/actualites\/wp-content\/uploads\/2024\/09\/cropped-vieassociative_favicon.ico.png","contentUrl":"https:\/\/vieassociative.be\/actualites\/wp-content\/uploads\/2024\/09\/cropped-vieassociative_favicon.ico.png","width":512,"height":512,"caption":"Vie Associative"},"image":{"@id":"https:\/\/vieassociative.be\/actualites\/#\/schema\/logo\/image\/"}},{"@type":"Person","@id":"https:\/\/vieassociative.be\/actualites\/#\/schema\/person\/b87ac4f82f9d4e7b7cec7395b679edc4","name":"Julien","image":{"@type":"ImageObject","inLanguage":"fr-BE","@id":"https:\/\/vieassociative.be\/actualites\/#\/schema\/person\/image\/","url":"https:\/\/vieassociative.be\/actualites\/wp-content\/uploads\/2024\/09\/vie-associative-1-150x150.jpg","contentUrl":"https:\/\/vieassociative.be\/actualites\/wp-content\/uploads\/2024\/09\/vie-associative-1-150x150.jpg","caption":"Julien"},"description":"Je suis Julien, r\u00e9dacteur pour Vie Associative. Passionn\u00e9 par le monde associatif depuis plus de 10 ans, j'ai \u00e0 c\u0153ur de partager des histoires inspirantes et de mettre en lumi\u00e8re les initiatives locales. Mon objectif est de sensibiliser et d'encourager l'engagement communautaire \u00e0 travers mes articles.","sameAs":["https:\/\/vieassociative.be\/"]}]}},"_links":{"self":[{"href":"https:\/\/vieassociative.be\/actualites\/wp-json\/wp\/v2\/posts\/4349"}],"collection":[{"href":"https:\/\/vieassociative.be\/actualites\/wp-json\/wp\/v2\/posts"}],"about":[{"href":"https:\/\/vieassociative.be\/actualites\/wp-json\/wp\/v2\/types\/post"}],"author":[{"embeddable":true,"href":"https:\/\/vieassociative.be\/actualites\/wp-json\/wp\/v2\/users\/1"}],"replies":[{"embeddable":true,"href":"https:\/\/vieassociative.be\/actualites\/wp-json\/wp\/v2\/comments?post=4349"}],"version-history":[{"count":0,"href":"https:\/\/vieassociative.be\/actualites\/wp-json\/wp\/v2\/posts\/4349\/revisions"}],"wp:featuredmedia":[{"embeddable":true,"href":"https:\/\/vieassociative.be\/actualites\/wp-json\/wp\/v2\/media\/4350"}],"wp:attachment":[{"href":"https:\/\/vieassociative.be\/actualites\/wp-json\/wp\/v2\/media?parent=4349"}],"wp:term":[{"taxonomy":"category","embeddable":true,"href":"https:\/\/vieassociative.be\/actualites\/wp-json\/wp\/v2\/categories?post=4349"},{"taxonomy":"post_tag","embeddable":true,"href":"https:\/\/vieassociative.be\/actualites\/wp-json\/wp\/v2\/tags?post=4349"}],"curies":[{"name":"wp","href":"https:\/\/api.w.org\/{rel}","templated":true}]}}