{"id":4345,"date":"2025-01-15T15:17:05","date_gmt":"2025-01-15T14:17:05","guid":{"rendered":"https:\/\/vieassociative.be\/actualites\/la-prochaine-arnaque-arrivera-certainement-2x-permis-de-conduire-perdu\/"},"modified":"2025-01-15T15:17:05","modified_gmt":"2025-01-15T14:17:05","slug":"la-prochaine-arnaque-arrivera-certainement-2x-permis-de-conduire-perdu","status":"publish","type":"post","link":"https:\/\/vieassociative.be\/actualites\/la-prochaine-arnaque-arrivera-certainement-2x-permis-de-conduire-perdu\/","title":{"rendered":"La prochaine arnaque arrivera certainement \u2013 \u200b\u200b2x permis de conduire perdu"},"content":{"rendered":"<p><strong>La zone de police de Weser-G\u00f6hl a signal\u00e9 un autre cas de fraude dans son rapport du mercredi 15 janvier.<\/strong><\/p>\n<p><span id=\"more-406199\"><\/span><strong>&#8211; Fraude:<\/strong> Le 14 janvier, une femme s&rsquo;est pr\u00e9sent\u00e9e au commissariat d&rsquo;Eupen et a signal\u00e9 avoir \u00e9t\u00e9 victime d&rsquo;une escroquerie. La femme est appel\u00e9e par un inconnu qui pr\u00e9tend travailler pour la banque BELFIUS. La femme est inform\u00e9e que sa carte Visa a \u00e9t\u00e9 pirat\u00e9e et on lui demande de fournir diverses informations. Apr\u00e8s avoir suivi les instructions, la femme d\u00e9couvre que de l\u2019argent a \u00e9t\u00e9 retir\u00e9 plusieurs fois de son compte.<\/p>\n<p><strong>\u2013 R\u00e9vocation du permis de conduire (1) :<\/strong> Le 15 janvier, \u00e0 00h11, les services de la zone de police de Weser-G\u00f6hl ont voulu contr\u00f4ler une voiture qui circulait dans la Neutralstrasse \u00e0 Lontzen. Le conducteur ignore les signaux d&rsquo;arr\u00eat des policiers et poursuit sa route. L&rsquo;homme s&rsquo;arr\u00eate \u00e0 sa r\u00e9sidence, qui se trouve \u00e9galement sur Neutral Street. Le conducteur peut \u00eatre contr\u00f4l\u00e9. Il est fortement sous l&#8217;emprise de l&rsquo;alcool. Le permis de conduire de l&rsquo;homme est imm\u00e9diatement confisqu\u00e9.<\/p>\n<p><b>\u2013 R\u00e9vocation du permis de conduire (2) : <\/b>Le 15 janvier \u00e0 2h12, les services de la zone de police Weser-G\u00f6hl ont contr\u00f4l\u00e9 une voiture dans la Herbesthaler Stra\u00dfe \u00e0 Eupen. Le conducteur est sous l\u2019emprise de drogues. Son permis de conduire lui sera imm\u00e9diatement confisqu\u00e9.<\/p>\n","protected":false},"excerpt":{"rendered":"<p>La zone de police de Weser-G\u00f6hl a signal\u00e9 un autre cas de fraude dans son rapport du mercredi 15 janvier. &#8211; Fraude: Le 14 janvier,<\/p>\n","protected":false},"author":1,"featured_media":1939,"comment_status":"","ping_status":"","sticky":false,"template":"","format":"standard","meta":{"footnotes":""},"categories":[298],"tags":[2109,4090,3543,4744,2207,4743,773],"class_list":["post-4345","post","type-post","status-publish","format-standard","has-post-thumbnail","hentry","category-belgique","tag-arnaque","tag-arrivera","tag-certainement","tag-conduire","tag-perdu","tag-permis","tag-prochaine","generate-columns","tablet-grid-50","mobile-grid-100","grid-parent","grid-33"],"yoast_head":"<!-- This site is optimized with the Yoast SEO plugin v24.0 - https:\/\/yoast.com\/wordpress\/plugins\/seo\/ -->\n<title>La prochaine arnaque arrivera certainement \u2013 \u200b\u200b2x permis de conduire perdu | Vie Associative<\/title>\n<meta name=\"robots\" content=\"index, follow, max-snippet:-1, max-image-preview:large, max-video-preview:-1\" \/>\n<link rel=\"canonical\" href=\"https:\/\/vieassociative.be\/actualites\/la-prochaine-arnaque-arrivera-certainement-2x-permis-de-conduire-perdu\/\" \/>\n<meta property=\"og:locale\" content=\"fr_FR\" \/>\n<meta property=\"og:type\" content=\"article\" \/>\n<meta property=\"og:title\" content=\"La prochaine arnaque arrivera certainement \u2013 \u200b\u200b2x permis de conduire perdu | Vie Associative\" \/>\n<meta property=\"og:description\" content=\"La zone de police de Weser-G\u00f6hl a signal\u00e9 un autre cas de fraude dans son rapport du mercredi 15 janvier. &#8211; Fraude: Le 14 janvier,\" \/>\n<meta property=\"og:url\" content=\"https:\/\/vieassociative.be\/actualites\/la-prochaine-arnaque-arrivera-certainement-2x-permis-de-conduire-perdu\/\" \/>\n<meta property=\"og:site_name\" content=\"Vie Associative\" \/>\n<meta property=\"article:published_time\" content=\"2025-01-15T14:17:05+00:00\" \/>\n<meta property=\"og:image\" content=\"https:\/\/vieassociative.be\/actualites\/wp-content\/uploads\/2024\/09\/header_backgroundk-01-e1726694325946.png\" \/>\n\t<meta property=\"og:image:width\" content=\"279\" \/>\n\t<meta property=\"og:image:height\" content=\"92\" \/>\n\t<meta property=\"og:image:type\" content=\"image\/png\" \/>\n<meta name=\"author\" content=\"Julien\" \/>\n<meta name=\"twitter:card\" content=\"summary_large_image\" \/>\n<meta name=\"twitter:label1\" content=\"\u00c9crit par\" \/>\n\t<meta name=\"twitter:data1\" content=\"Julien\" \/>\n\t<meta name=\"twitter:label2\" content=\"Dur\u00e9e de lecture est.\" \/>\n\t<meta name=\"twitter:data2\" content=\"1 minute\" \/>\n<script type=\"application\/ld+json\" class=\"yoast-schema-graph\">{\"@context\":\"https:\/\/schema.org\",\"@graph\":[{\"@type\":\"Article\",\"@id\":\"https:\/\/vieassociative.be\/actualites\/la-prochaine-arnaque-arrivera-certainement-2x-permis-de-conduire-perdu\/#article\",\"isPartOf\":{\"@id\":\"https:\/\/vieassociative.be\/actualites\/la-prochaine-arnaque-arrivera-certainement-2x-permis-de-conduire-perdu\/\"},\"author\":{\"name\":\"Julien\",\"@id\":\"https:\/\/vieassociative.be\/actualites\/#\/schema\/person\/b87ac4f82f9d4e7b7cec7395b679edc4\"},\"headline\":\"La prochaine arnaque arrivera certainement \u2013 \u200b\u200b2x permis de conduire perdu\",\"datePublished\":\"2025-01-15T14:17:05+00:00\",\"dateModified\":\"2025-01-15T14:17:05+00:00\",\"mainEntityOfPage\":{\"@id\":\"https:\/\/vieassociative.be\/actualites\/la-prochaine-arnaque-arrivera-certainement-2x-permis-de-conduire-perdu\/\"},\"wordCount\":245,\"publisher\":{\"@id\":\"https:\/\/vieassociative.be\/actualites\/#organization\"},\"image\":{\"@id\":\"https:\/\/vieassociative.be\/actualites\/la-prochaine-arnaque-arrivera-certainement-2x-permis-de-conduire-perdu\/#primaryimage\"},\"thumbnailUrl\":\"https:\/\/vieassociative.be\/actualites\/wp-content\/uploads\/2024\/11\/Raeren-Le-conducteur-tombe-dans-un-micro-sommeil-a-midi.jpeg\",\"keywords\":[\"arnaque\",\"arrivera\",\"certainement\",\"conduire\",\"perdu\",\"permis\",\"prochaine\"],\"articleSection\":[\"Belgique\"],\"inLanguage\":\"fr-BE\"},{\"@type\":\"WebPage\",\"@id\":\"https:\/\/vieassociative.be\/actualites\/la-prochaine-arnaque-arrivera-certainement-2x-permis-de-conduire-perdu\/\",\"url\":\"https:\/\/vieassociative.be\/actualites\/la-prochaine-arnaque-arrivera-certainement-2x-permis-de-conduire-perdu\/\",\"name\":\"La prochaine arnaque arrivera certainement \u2013 \u200b\u200b2x permis de conduire perdu | Vie Associative\",\"isPartOf\":{\"@id\":\"https:\/\/vieassociative.be\/actualites\/#website\"},\"primaryImageOfPage\":{\"@id\":\"https:\/\/vieassociative.be\/actualites\/la-prochaine-arnaque-arrivera-certainement-2x-permis-de-conduire-perdu\/#primaryimage\"},\"image\":{\"@id\":\"https:\/\/vieassociative.be\/actualites\/la-prochaine-arnaque-arrivera-certainement-2x-permis-de-conduire-perdu\/#primaryimage\"},\"thumbnailUrl\":\"https:\/\/vieassociative.be\/actualites\/wp-content\/uploads\/2024\/11\/Raeren-Le-conducteur-tombe-dans-un-micro-sommeil-a-midi.jpeg\",\"datePublished\":\"2025-01-15T14:17:05+00:00\",\"dateModified\":\"2025-01-15T14:17:05+00:00\",\"breadcrumb\":{\"@id\":\"https:\/\/vieassociative.be\/actualites\/la-prochaine-arnaque-arrivera-certainement-2x-permis-de-conduire-perdu\/#breadcrumb\"},\"inLanguage\":\"fr-BE\",\"potentialAction\":[{\"@type\":\"ReadAction\",\"target\":[\"https:\/\/vieassociative.be\/actualites\/la-prochaine-arnaque-arrivera-certainement-2x-permis-de-conduire-perdu\/\"]}]},{\"@type\":\"ImageObject\",\"inLanguage\":\"fr-BE\",\"@id\":\"https:\/\/vieassociative.be\/actualites\/la-prochaine-arnaque-arrivera-certainement-2x-permis-de-conduire-perdu\/#primaryimage\",\"url\":\"https:\/\/vieassociative.be\/actualites\/wp-content\/uploads\/2024\/11\/Raeren-Le-conducteur-tombe-dans-un-micro-sommeil-a-midi.jpeg\",\"contentUrl\":\"https:\/\/vieassociative.be\/actualites\/wp-content\/uploads\/2024\/11\/Raeren-Le-conducteur-tombe-dans-un-micro-sommeil-a-midi.jpeg\",\"width\":1200,\"height\":800,\"caption\":\"Raeren : Le conducteur tombe dans un micro-sommeil \u00e0 midi\"},{\"@type\":\"BreadcrumbList\",\"@id\":\"https:\/\/vieassociative.be\/actualites\/la-prochaine-arnaque-arrivera-certainement-2x-permis-de-conduire-perdu\/#breadcrumb\",\"itemListElement\":[{\"@type\":\"ListItem\",\"position\":1,\"name\":\"Accueil\",\"item\":\"https:\/\/vieassociative.be\/actualites\/\"},{\"@type\":\"ListItem\",\"position\":2,\"name\":\"La prochaine arnaque arrivera certainement \u2013 \u200b\u200b2x permis de conduire perdu\"}]},{\"@type\":\"WebSite\",\"@id\":\"https:\/\/vieassociative.be\/actualites\/#website\",\"url\":\"https:\/\/vieassociative.be\/actualites\/\",\"name\":\"Vie Associative\",\"description\":\"\",\"publisher\":{\"@id\":\"https:\/\/vieassociative.be\/actualites\/#organization\"},\"potentialAction\":[{\"@type\":\"SearchAction\",\"target\":{\"@type\":\"EntryPoint\",\"urlTemplate\":\"https:\/\/vieassociative.be\/actualites\/?s={search_term_string}\"},\"query-input\":{\"@type\":\"PropertyValueSpecification\",\"valueRequired\":true,\"valueName\":\"search_term_string\"}}],\"inLanguage\":\"fr-BE\"},{\"@type\":\"Organization\",\"@id\":\"https:\/\/vieassociative.be\/actualites\/#organization\",\"name\":\"Vie Associative\",\"url\":\"https:\/\/vieassociative.be\/actualites\/\",\"logo\":{\"@type\":\"ImageObject\",\"inLanguage\":\"fr-BE\",\"@id\":\"https:\/\/vieassociative.be\/actualites\/#\/schema\/logo\/image\/\",\"url\":\"https:\/\/vieassociative.be\/actualites\/wp-content\/uploads\/2024\/09\/cropped-vieassociative_favicon.ico.png\",\"contentUrl\":\"https:\/\/vieassociative.be\/actualites\/wp-content\/uploads\/2024\/09\/cropped-vieassociative_favicon.ico.png\",\"width\":512,\"height\":512,\"caption\":\"Vie Associative\"},\"image\":{\"@id\":\"https:\/\/vieassociative.be\/actualites\/#\/schema\/logo\/image\/\"}},{\"@type\":\"Person\",\"@id\":\"https:\/\/vieassociative.be\/actualites\/#\/schema\/person\/b87ac4f82f9d4e7b7cec7395b679edc4\",\"name\":\"Julien\",\"image\":{\"@type\":\"ImageObject\",\"inLanguage\":\"fr-BE\",\"@id\":\"https:\/\/vieassociative.be\/actualites\/#\/schema\/person\/image\/\",\"url\":\"https:\/\/vieassociative.be\/actualites\/wp-content\/uploads\/2024\/09\/vie-associative-1-150x150.jpg\",\"contentUrl\":\"https:\/\/vieassociative.be\/actualites\/wp-content\/uploads\/2024\/09\/vie-associative-1-150x150.jpg\",\"caption\":\"Julien\"},\"description\":\"Je suis Julien, r\u00e9dacteur pour Vie Associative. Passionn\u00e9 par le monde associatif depuis plus de 10 ans, j'ai \u00e0 c\u0153ur de partager des histoires inspirantes et de mettre en lumi\u00e8re les initiatives locales. Mon objectif est de sensibiliser et d'encourager l'engagement communautaire \u00e0 travers mes articles.\",\"sameAs\":[\"https:\/\/vieassociative.be\/\"]}]}<\/script>\n<!-- \/ Yoast SEO plugin. -->","yoast_head_json":{"title":"La prochaine arnaque arrivera certainement \u2013 \u200b\u200b2x permis de conduire perdu | Vie Associative","robots":{"index":"index","follow":"follow","max-snippet":"max-snippet:-1","max-image-preview":"max-image-preview:large","max-video-preview":"max-video-preview:-1"},"canonical":"https:\/\/vieassociative.be\/actualites\/la-prochaine-arnaque-arrivera-certainement-2x-permis-de-conduire-perdu\/","og_locale":"fr_FR","og_type":"article","og_title":"La prochaine arnaque arrivera certainement \u2013 \u200b\u200b2x permis de conduire perdu | Vie Associative","og_description":"La zone de police de Weser-G\u00f6hl a signal\u00e9 un autre cas de fraude dans son rapport du mercredi 15 janvier. &#8211; Fraude: Le 14 janvier,","og_url":"https:\/\/vieassociative.be\/actualites\/la-prochaine-arnaque-arrivera-certainement-2x-permis-de-conduire-perdu\/","og_site_name":"Vie Associative","article_published_time":"2025-01-15T14:17:05+00:00","og_image":[{"width":279,"height":92,"url":"https:\/\/vieassociative.be\/actualites\/wp-content\/uploads\/2024\/09\/header_backgroundk-01-e1726694325946.png","type":"image\/png"}],"author":"Julien","twitter_card":"summary_large_image","twitter_misc":{"\u00c9crit par":"Julien","Dur\u00e9e de lecture est.":"1 minute"},"schema":{"@context":"https:\/\/schema.org","@graph":[{"@type":"Article","@id":"https:\/\/vieassociative.be\/actualites\/la-prochaine-arnaque-arrivera-certainement-2x-permis-de-conduire-perdu\/#article","isPartOf":{"@id":"https:\/\/vieassociative.be\/actualites\/la-prochaine-arnaque-arrivera-certainement-2x-permis-de-conduire-perdu\/"},"author":{"name":"Julien","@id":"https:\/\/vieassociative.be\/actualites\/#\/schema\/person\/b87ac4f82f9d4e7b7cec7395b679edc4"},"headline":"La prochaine arnaque arrivera certainement \u2013 \u200b\u200b2x permis de conduire perdu","datePublished":"2025-01-15T14:17:05+00:00","dateModified":"2025-01-15T14:17:05+00:00","mainEntityOfPage":{"@id":"https:\/\/vieassociative.be\/actualites\/la-prochaine-arnaque-arrivera-certainement-2x-permis-de-conduire-perdu\/"},"wordCount":245,"publisher":{"@id":"https:\/\/vieassociative.be\/actualites\/#organization"},"image":{"@id":"https:\/\/vieassociative.be\/actualites\/la-prochaine-arnaque-arrivera-certainement-2x-permis-de-conduire-perdu\/#primaryimage"},"thumbnailUrl":"https:\/\/vieassociative.be\/actualites\/wp-content\/uploads\/2024\/11\/Raeren-Le-conducteur-tombe-dans-un-micro-sommeil-a-midi.jpeg","keywords":["arnaque","arrivera","certainement","conduire","perdu","permis","prochaine"],"articleSection":["Belgique"],"inLanguage":"fr-BE"},{"@type":"WebPage","@id":"https:\/\/vieassociative.be\/actualites\/la-prochaine-arnaque-arrivera-certainement-2x-permis-de-conduire-perdu\/","url":"https:\/\/vieassociative.be\/actualites\/la-prochaine-arnaque-arrivera-certainement-2x-permis-de-conduire-perdu\/","name":"La prochaine arnaque arrivera certainement \u2013 \u200b\u200b2x permis de conduire perdu | Vie Associative","isPartOf":{"@id":"https:\/\/vieassociative.be\/actualites\/#website"},"primaryImageOfPage":{"@id":"https:\/\/vieassociative.be\/actualites\/la-prochaine-arnaque-arrivera-certainement-2x-permis-de-conduire-perdu\/#primaryimage"},"image":{"@id":"https:\/\/vieassociative.be\/actualites\/la-prochaine-arnaque-arrivera-certainement-2x-permis-de-conduire-perdu\/#primaryimage"},"thumbnailUrl":"https:\/\/vieassociative.be\/actualites\/wp-content\/uploads\/2024\/11\/Raeren-Le-conducteur-tombe-dans-un-micro-sommeil-a-midi.jpeg","datePublished":"2025-01-15T14:17:05+00:00","dateModified":"2025-01-15T14:17:05+00:00","breadcrumb":{"@id":"https:\/\/vieassociative.be\/actualites\/la-prochaine-arnaque-arrivera-certainement-2x-permis-de-conduire-perdu\/#breadcrumb"},"inLanguage":"fr-BE","potentialAction":[{"@type":"ReadAction","target":["https:\/\/vieassociative.be\/actualites\/la-prochaine-arnaque-arrivera-certainement-2x-permis-de-conduire-perdu\/"]}]},{"@type":"ImageObject","inLanguage":"fr-BE","@id":"https:\/\/vieassociative.be\/actualites\/la-prochaine-arnaque-arrivera-certainement-2x-permis-de-conduire-perdu\/#primaryimage","url":"https:\/\/vieassociative.be\/actualites\/wp-content\/uploads\/2024\/11\/Raeren-Le-conducteur-tombe-dans-un-micro-sommeil-a-midi.jpeg","contentUrl":"https:\/\/vieassociative.be\/actualites\/wp-content\/uploads\/2024\/11\/Raeren-Le-conducteur-tombe-dans-un-micro-sommeil-a-midi.jpeg","width":1200,"height":800,"caption":"Raeren : Le conducteur tombe dans un micro-sommeil \u00e0 midi"},{"@type":"BreadcrumbList","@id":"https:\/\/vieassociative.be\/actualites\/la-prochaine-arnaque-arrivera-certainement-2x-permis-de-conduire-perdu\/#breadcrumb","itemListElement":[{"@type":"ListItem","position":1,"name":"Accueil","item":"https:\/\/vieassociative.be\/actualites\/"},{"@type":"ListItem","position":2,"name":"La prochaine arnaque arrivera certainement \u2013 \u200b\u200b2x permis de conduire perdu"}]},{"@type":"WebSite","@id":"https:\/\/vieassociative.be\/actualites\/#website","url":"https:\/\/vieassociative.be\/actualites\/","name":"Vie Associative","description":"","publisher":{"@id":"https:\/\/vieassociative.be\/actualites\/#organization"},"potentialAction":[{"@type":"SearchAction","target":{"@type":"EntryPoint","urlTemplate":"https:\/\/vieassociative.be\/actualites\/?s={search_term_string}"},"query-input":{"@type":"PropertyValueSpecification","valueRequired":true,"valueName":"search_term_string"}}],"inLanguage":"fr-BE"},{"@type":"Organization","@id":"https:\/\/vieassociative.be\/actualites\/#organization","name":"Vie Associative","url":"https:\/\/vieassociative.be\/actualites\/","logo":{"@type":"ImageObject","inLanguage":"fr-BE","@id":"https:\/\/vieassociative.be\/actualites\/#\/schema\/logo\/image\/","url":"https:\/\/vieassociative.be\/actualites\/wp-content\/uploads\/2024\/09\/cropped-vieassociative_favicon.ico.png","contentUrl":"https:\/\/vieassociative.be\/actualites\/wp-content\/uploads\/2024\/09\/cropped-vieassociative_favicon.ico.png","width":512,"height":512,"caption":"Vie Associative"},"image":{"@id":"https:\/\/vieassociative.be\/actualites\/#\/schema\/logo\/image\/"}},{"@type":"Person","@id":"https:\/\/vieassociative.be\/actualites\/#\/schema\/person\/b87ac4f82f9d4e7b7cec7395b679edc4","name":"Julien","image":{"@type":"ImageObject","inLanguage":"fr-BE","@id":"https:\/\/vieassociative.be\/actualites\/#\/schema\/person\/image\/","url":"https:\/\/vieassociative.be\/actualites\/wp-content\/uploads\/2024\/09\/vie-associative-1-150x150.jpg","contentUrl":"https:\/\/vieassociative.be\/actualites\/wp-content\/uploads\/2024\/09\/vie-associative-1-150x150.jpg","caption":"Julien"},"description":"Je suis Julien, r\u00e9dacteur pour Vie Associative. Passionn\u00e9 par le monde associatif depuis plus de 10 ans, j'ai \u00e0 c\u0153ur de partager des histoires inspirantes et de mettre en lumi\u00e8re les initiatives locales. Mon objectif est de sensibiliser et d'encourager l'engagement communautaire \u00e0 travers mes articles.","sameAs":["https:\/\/vieassociative.be\/"]}]}},"_links":{"self":[{"href":"https:\/\/vieassociative.be\/actualites\/wp-json\/wp\/v2\/posts\/4345"}],"collection":[{"href":"https:\/\/vieassociative.be\/actualites\/wp-json\/wp\/v2\/posts"}],"about":[{"href":"https:\/\/vieassociative.be\/actualites\/wp-json\/wp\/v2\/types\/post"}],"author":[{"embeddable":true,"href":"https:\/\/vieassociative.be\/actualites\/wp-json\/wp\/v2\/users\/1"}],"replies":[{"embeddable":true,"href":"https:\/\/vieassociative.be\/actualites\/wp-json\/wp\/v2\/comments?post=4345"}],"version-history":[{"count":0,"href":"https:\/\/vieassociative.be\/actualites\/wp-json\/wp\/v2\/posts\/4345\/revisions"}],"wp:featuredmedia":[{"embeddable":true,"href":"https:\/\/vieassociative.be\/actualites\/wp-json\/wp\/v2\/media\/1939"}],"wp:attachment":[{"href":"https:\/\/vieassociative.be\/actualites\/wp-json\/wp\/v2\/media?parent=4345"}],"wp:term":[{"taxonomy":"category","embeddable":true,"href":"https:\/\/vieassociative.be\/actualites\/wp-json\/wp\/v2\/categories?post=4345"},{"taxonomy":"post_tag","embeddable":true,"href":"https:\/\/vieassociative.be\/actualites\/wp-json\/wp\/v2\/tags?post=4345"}],"curies":[{"name":"wp","href":"https:\/\/api.w.org\/{rel}","templated":true}]}}