{"id":4338,"date":"2025-01-15T09:17:21","date_gmt":"2025-01-15T08:17:21","guid":{"rendered":"https:\/\/vieassociative.be\/actualites\/le-monde-est-mon-bureau-jurgen-klopp-officiellement-presente-comme-nouveau-responsable-du-football-mondial-chez-red-bull\/"},"modified":"2025-01-15T09:17:21","modified_gmt":"2025-01-15T08:17:21","slug":"le-monde-est-mon-bureau-jurgen-klopp-officiellement-presente-comme-nouveau-responsable-du-football-mondial-chez-red-bull","status":"publish","type":"post","link":"https:\/\/vieassociative.be\/actualites\/le-monde-est-mon-bureau-jurgen-klopp-officiellement-presente-comme-nouveau-responsable-du-football-mondial-chez-red-bull\/","title":{"rendered":"\u00ab Le monde est mon bureau \u00bb : J\u00fcrgen Klopp officiellement pr\u00e9sent\u00e9 comme nouveau responsable du football mondial chez Red Bull"},"content":{"rendered":"<p><strong>\u00ab\u00a0Je ne veux pas \u00eatre un passager\u00a0\u00bb, a d\u00e9clar\u00e9 J\u00fcrgen Klopp lorsqu&rsquo;il a \u00e9t\u00e9 pr\u00e9sent\u00e9 comme responsable du football de Red Bull. L&rsquo;ancien entra\u00eeneur veut laisser sa marque, mais il y a une chose qu&rsquo;il exclut d\u00e9finitivement.<\/strong><\/p>\n<p><span id=\"more-406151\"><\/span>J\u00fcrgen Klopp est en paix. Mince, bien bronz\u00e9 et toujours avec son rire bruyant et contagieux, il est assis entre les voitures de Formule 1 et les avions &#8211; et parle de sa vision en tant que nouveau responsable mondial du football du groupe Red Bull.<\/p>\n<p>\u00ab Je ne veux pas \u00eatre un passager ou une c\u00e9l\u00e9brit\u00e9 dans la salle. Je veux apporter ma contribution et cr\u00e9er de la valeur \u00bb, d\u00e9clare l&rsquo;homme de 57 ans lors de sa pr\u00e9sentation \u00e0 l&rsquo;a\u00e9roport de Salzbourg.<\/p>\n<div id=\"attachment_406155\" class=\"wp-caption alignleft\" style=\"max-width: 300px\"><img fetchpriority=\"high\" decoding=\"async\" class=\"wp-image-406155 size-medium\" src=\"https:\/\/vieassociative.be\/actualites\/wp-content\/uploads\/2025\/01\/Le-monde-est-mon-bureau-Jurgen-Klopp.jpg\" alt=\"\" width=\"300\" height=\"200\"><\/p>\n<p class=\"wp-caption-text\">14 janvier 2025, Autriche, Salzbourg : J\u00fcrgen Klopp (l) et Oliver Mintzlaff, directeur g\u00e9n\u00e9ral de Red Bull, si\u00e8gent lors de l&rsquo;introduction de Klopp en tant que nouveau responsable du football mondial dans le Red Bull Hangar-7. Photo : Jan Woitas\/dpa<\/p>\n<\/div>\n<p>Il a laiss\u00e9 son temps d\u2019entra\u00eeneur derri\u00e8re lui. \u00ab\u00a0J&rsquo;ai \u00e9t\u00e9 absent pendant plus de 1 000 matchs, je ne voulais plus faire \u00e7a\u00a0\u00bb, souligne Klopp et dissipe imm\u00e9diatement toutes les sp\u00e9culations qui auraient pu surgir avec une promesse : \u00ab\u00a0Je ne serai pas l&rsquo;entra\u00eeneur d&rsquo;un Red \u00c9quipe Bull, il y a un accord clair. Je ne remplacerai aucun des entra\u00eeneurs de Red Bull.<\/p>\n<p><strong>\u2013 Le poste d\u2019entra\u00eeneur national ne pose pas de probl\u00e8me :<\/strong> Il en va de m\u00eame pour le poste d\u2019entra\u00eeneur national. Il n&rsquo;y a pas d&rsquo;accord avec le directeur g\u00e9n\u00e9ral de Red Bull, Oliver Mintzlaff. \u00ab\u00a0Nous n&rsquo;en avons pas parl\u00e9\u00a0\u00bb, a d\u00e9clar\u00e9 Klopp. \u00ab Je pense que nous avons d\u00e9j\u00e0 le meilleur homme pour le poste. J\u2019esp\u00e8re qu\u2019il restera encore de nombreuses ann\u00e9es.<\/p>\n<p>Apr\u00e8s avoir quitt\u00e9 volontairement le Liverpool FC apr\u00e8s neuf ans, Klopp occupe son nouveau poste depuis le 1er janvier. L\u00e0, il veut donner un nouvel \u00e9lan \u00e0 la r\u00e9ussite chancelante du football sous la banni\u00e8re de la canette.<\/p>\n<div id=\"attachment_406156\" class=\"wp-caption alignleft\" style=\"max-width: 300px\"><img decoding=\"async\" class=\"wp-image-406156 size-medium\" src=\"https:\/\/vieassociative.be\/actualites\/wp-content\/uploads\/2025\/01\/1736929041_279_Le-monde-est-mon-bureau-Jurgen-Klopp.jpg\" alt=\"\" width=\"300\" height=\"200\"><\/p>\n<p class=\"wp-caption-text\">14 janvier 2025, Autriche, Salzbourg : Christian Baier (lr), pr\u00e9sentateur, J\u00fcrgen Klopp et Oliver Mintzlaff, directeur g\u00e9n\u00e9ral de Red Bull, si\u00e8gent lors de l&rsquo;introduction de Klopp en tant que nouveau responsable du football mondial dans le Red Bull Hangar-7. Photo : Jan Woitas\/dpa<\/p>\n<\/div>\n<p>\u00abJe veux que nous soyons reconnaissables. Nous ne sommes les favoris d\u2019aucun championnat, nous sommes les challengers \u00bb, d\u00e9clare l\u2019entra\u00eeneur champion du Borussia Dortmund et du Liverpool FC. Il consid\u00e8re l&rsquo;h\u00e9ritage de l&rsquo;ancien architecte du RB Ralf Rangnick comme une \u00ab merveilleuse fondation sur laquelle nous devons construire \u00bb.<\/p>\n<p>Klopp ne veut pas nommer d\u2019objectifs sp\u00e9cifiques ; cela ne ferait que provoquer des troubles. Son patron le dit. \u00ab\u00a0En fin de compte, nous faisons du sport professionnel pour gagner : la Formule 1, le Tour de France et un jour le championnat d&rsquo;Allemagne\u00a0\u00bb, explique Mintzlaff. Leipzig a \u00e9t\u00e9 le premier club purement RB visit\u00e9 par Klopp dimanche.<\/p>\n<p><strong>\u2013 Domaine de travail du Br\u00e9sil au Japon :<\/strong> Succ\u00e8s \u00e0 tous les niveaux, de pr\u00e9f\u00e9rence avec le personnel actuel. \u00ab\u00a0Nous avons d&rsquo;excellents entra\u00eeneurs en ce moment, en ce qui me concerne, nous pouvons travailler avec eux pendant les dix prochaines ann\u00e9es\u00a0\u00bb, d\u00e9clare Klopp, ravissant peut-\u00eatre son vieil ami Marco Rose. L&rsquo;entra\u00eeneur de Leipzig a \u00e9t\u00e9 critiqu\u00e9 \u00e0 la fin de l&rsquo;ann\u00e9e derni\u00e8re lorsque les Saxons n&rsquo;avaient pas gagn\u00e9 un seul match en novembre.<\/p>\n<p>Mais le champ de responsabilit\u00e9 de Klopp est bien plus vaste que celui de Leipzig. New York, le Br\u00e9silien Bragantino, Salzbourg et Omiya Ardija au Japon font partie du cosmos RB, ainsi que des participations dans le FC Paris et Leeds United. \u00ab\u00a0Il n&rsquo;existe pas de m\u00e9dicament pour tout le monde, ni d&rsquo;antibiotique qui aide toujours\u00a0\u00bb, d\u00e9clare Klopp. \u00ab\u00a0J&rsquo;ai de l&rsquo;exp\u00e9rience et je veux la partager, mais aux bons moments.\u00a0\u00bb<\/p>\n<div id=\"attachment_406157\" class=\"wp-caption alignleft\" style=\"max-width: 300px\"><img decoding=\"async\" class=\"wp-image-406157 size-medium\" src=\"https:\/\/vieassociative.be\/actualites\/wp-content\/uploads\/2025\/01\/1736929041_696_Le-monde-est-mon-bureau-Jurgen-Klopp.jpg\" alt=\"\" width=\"300\" height=\"200\"><\/p>\n<p class=\"wp-caption-text\">12 janvier 2025, Saxe, Leipzig : Football : Bundesliga, RB Leipzig \u2013 Werder Br\u00eame, 16e journ\u00e9e, Red Bull Arena. Marcel Sch\u00e4fer (\u00e0 gauche), directeur g\u00e9n\u00e9ral des sports de Leipzig, J\u00fcrgen Klopp, responsable du football mondial chez Red Bull, et Mario Gomez, directeur technique de Red Bull Soccer International, sont assis dans les tribunes. Photo : Jan Woitas\/dpa<\/p>\n<\/div>\n<p><strong>\u2013 La contre-pression comme loi :<\/strong> Les affaires quotidiennes sont taboues pour lui, mais Klopp cherche toujours \u00e0 influencer. \u00abJe me consid\u00e8re comme un conseiller et un bon conseiller fait partie de la d\u00e9cision\u00bb, d\u00e9clare le Souabe. Son credo devrait \u00eatre ancr\u00e9 dans tous les clubs : \u00ab Nous l\u2019\u00e9crirons probablement un jour sur les murs des acad\u00e9mies : la contre-pression n\u2019est pas une suggestion, c\u2019est une loi. \u00bb<\/p>\n<p>Klopp n&rsquo;a pas d&#8217;emploi permanent. \u00ab Le monde est mon bureau \u00bb, dit-il en souriant. Et en plus de tout le travail, une chose lui tient \u00e0 c\u0153ur : il ne veut pas manquer de s&rsquo;amuser. \u00ab J&rsquo;ai toute une liste de sports que je n&rsquo;ai jamais vu en direct. J&rsquo;aurai le temps pour \u00e7a\u00a0\u00bb, d\u00e9clare Klopp. Au bout de 90 bonnes minutes, il dispara\u00eet entre quelques palmiers et un avion dans le Hangar 7. C&rsquo;est le d\u00e9but d&rsquo;un voyage autour du monde.<\/p>\n<p><strong>\u2013 Entra\u00eeneur culte \u00e0 Liverpool, Dortmund et Mayence :<\/strong> Avant son passage \u00e0 Liverpool, au cours duquel Klopp a \u00e9galement men\u00e9 les Reds \u00e0 remporter la Ligue des champions, l&rsquo;ancien professionnel s&rsquo;est fait un nom en tant qu&rsquo;entra\u00eeneur-chef du 1. FSV Mayence 05 et du Borussia Dortmund et est devenu culte.<\/p>\n<p>Le fait qu&rsquo;il travaille d\u00e9sormais pour Red Bull, dont l&rsquo;implication dans le sport est consid\u00e9r\u00e9e avec une grande m\u00e9fiance, notamment par les traditionalistes du football, a \u00e9galement suscit\u00e9 des critiques parmi ses supporters. (dpa\/cr\u00e9)<\/p>\n","protected":false},"excerpt":{"rendered":"<p>\u00ab\u00a0Je ne veux pas \u00eatre un passager\u00a0\u00bb, a d\u00e9clar\u00e9 J\u00fcrgen Klopp lorsqu&rsquo;il a \u00e9t\u00e9 pr\u00e9sent\u00e9 comme responsable du football de Red Bull. L&rsquo;ancien entra\u00eeneur veut<\/p>\n","protected":false},"author":1,"featured_media":4339,"comment_status":"","ping_status":"","sticky":false,"template":"","format":"standard","meta":{"footnotes":""},"categories":[298],"tags":[4740,4737,1287,1254,76,1104,4738,875,49,237,3995,553,4739,2790,3312,2019],"class_list":["post-4338","post","type-post","status-publish","format-standard","has-post-thumbnail","hentry","category-belgique","tag-bull","tag-bureau","tag-chez","tag-comme","tag-est","tag-football","tag-jurgen","tag-klopp","tag-mon","tag-monde","tag-mondial","tag-nouveau","tag-officiellement","tag-presente","tag-red","tag-responsable","generate-columns","tablet-grid-50","mobile-grid-100","grid-parent","grid-33"],"yoast_head":"<!-- This site is optimized with the Yoast SEO plugin v24.0 - https:\/\/yoast.com\/wordpress\/plugins\/seo\/ -->\n<title>\u00ab Le monde est mon bureau \u00bb : J\u00fcrgen Klopp officiellement pr\u00e9sent\u00e9 comme nouveau responsable du football mondial chez Red Bull | Vie Associative<\/title>\n<meta name=\"robots\" content=\"index, follow, max-snippet:-1, max-image-preview:large, max-video-preview:-1\" \/>\n<link rel=\"canonical\" href=\"https:\/\/vieassociative.be\/actualites\/le-monde-est-mon-bureau-jurgen-klopp-officiellement-presente-comme-nouveau-responsable-du-football-mondial-chez-red-bull\/\" \/>\n<meta property=\"og:locale\" content=\"fr_FR\" \/>\n<meta property=\"og:type\" content=\"article\" \/>\n<meta property=\"og:title\" content=\"\u00ab Le monde est mon bureau \u00bb : J\u00fcrgen Klopp officiellement pr\u00e9sent\u00e9 comme nouveau responsable du football mondial chez Red Bull | Vie Associative\" \/>\n<meta property=\"og:description\" content=\"\u00ab\u00a0Je ne veux pas \u00eatre un passager\u00a0\u00bb, a d\u00e9clar\u00e9 J\u00fcrgen Klopp lorsqu&rsquo;il a \u00e9t\u00e9 pr\u00e9sent\u00e9 comme responsable du football de Red Bull. L&rsquo;ancien entra\u00eeneur veut\" \/>\n<meta property=\"og:url\" content=\"https:\/\/vieassociative.be\/actualites\/le-monde-est-mon-bureau-jurgen-klopp-officiellement-presente-comme-nouveau-responsable-du-football-mondial-chez-red-bull\/\" \/>\n<meta property=\"og:site_name\" content=\"Vie Associative\" \/>\n<meta property=\"article:published_time\" content=\"2025-01-15T08:17:21+00:00\" \/>\n<meta property=\"og:image\" content=\"https:\/\/vieassociative.be\/actualites\/wp-content\/uploads\/2024\/09\/header_backgroundk-01-e1726694325946.png\" \/>\n\t<meta property=\"og:image:width\" content=\"279\" \/>\n\t<meta property=\"og:image:height\" content=\"92\" \/>\n\t<meta property=\"og:image:type\" content=\"image\/png\" \/>\n<meta name=\"author\" content=\"Julien\" \/>\n<meta name=\"twitter:card\" content=\"summary_large_image\" \/>\n<meta name=\"twitter:label1\" content=\"\u00c9crit par\" \/>\n\t<meta name=\"twitter:data1\" content=\"Julien\" \/>\n\t<meta name=\"twitter:label2\" content=\"Dur\u00e9e de lecture est.\" \/>\n\t<meta name=\"twitter:data2\" content=\"5 minutes\" \/>\n<script type=\"application\/ld+json\" class=\"yoast-schema-graph\">{\"@context\":\"https:\/\/schema.org\",\"@graph\":[{\"@type\":\"Article\",\"@id\":\"https:\/\/vieassociative.be\/actualites\/le-monde-est-mon-bureau-jurgen-klopp-officiellement-presente-comme-nouveau-responsable-du-football-mondial-chez-red-bull\/#article\",\"isPartOf\":{\"@id\":\"https:\/\/vieassociative.be\/actualites\/le-monde-est-mon-bureau-jurgen-klopp-officiellement-presente-comme-nouveau-responsable-du-football-mondial-chez-red-bull\/\"},\"author\":{\"name\":\"Julien\",\"@id\":\"https:\/\/vieassociative.be\/actualites\/#\/schema\/person\/b87ac4f82f9d4e7b7cec7395b679edc4\"},\"headline\":\"\u00ab Le monde est mon bureau \u00bb : J\u00fcrgen Klopp officiellement pr\u00e9sent\u00e9 comme nouveau responsable du football mondial chez Red Bull\",\"datePublished\":\"2025-01-15T08:17:21+00:00\",\"dateModified\":\"2025-01-15T08:17:21+00:00\",\"mainEntityOfPage\":{\"@id\":\"https:\/\/vieassociative.be\/actualites\/le-monde-est-mon-bureau-jurgen-klopp-officiellement-presente-comme-nouveau-responsable-du-football-mondial-chez-red-bull\/\"},\"wordCount\":1008,\"publisher\":{\"@id\":\"https:\/\/vieassociative.be\/actualites\/#organization\"},\"image\":{\"@id\":\"https:\/\/vieassociative.be\/actualites\/le-monde-est-mon-bureau-jurgen-klopp-officiellement-presente-comme-nouveau-responsable-du-football-mondial-chez-red-bull\/#primaryimage\"},\"thumbnailUrl\":\"https:\/\/vieassociative.be\/actualites\/wp-content\/uploads\/2025\/01\/1736929041_Le-monde-est-mon-bureau-Jurgen-Klopp.jpg\",\"keywords\":[\"Bull\",\"bureau\",\"chez\",\"comme\",\"est\",\"football\",\"J\u00fcrgen\",\"Klopp\",\"Mon\",\"monde\",\"Mondial\",\"nouveau\",\"officiellement\",\"pr\u00e9sente\",\"Red\",\"responsable\"],\"articleSection\":[\"Belgique\"],\"inLanguage\":\"fr-BE\"},{\"@type\":\"WebPage\",\"@id\":\"https:\/\/vieassociative.be\/actualites\/le-monde-est-mon-bureau-jurgen-klopp-officiellement-presente-comme-nouveau-responsable-du-football-mondial-chez-red-bull\/\",\"url\":\"https:\/\/vieassociative.be\/actualites\/le-monde-est-mon-bureau-jurgen-klopp-officiellement-presente-comme-nouveau-responsable-du-football-mondial-chez-red-bull\/\",\"name\":\"\u00ab Le monde est mon bureau \u00bb : J\u00fcrgen Klopp officiellement pr\u00e9sent\u00e9 comme nouveau responsable du football mondial chez Red Bull | Vie Associative\",\"isPartOf\":{\"@id\":\"https:\/\/vieassociative.be\/actualites\/#website\"},\"primaryImageOfPage\":{\"@id\":\"https:\/\/vieassociative.be\/actualites\/le-monde-est-mon-bureau-jurgen-klopp-officiellement-presente-comme-nouveau-responsable-du-football-mondial-chez-red-bull\/#primaryimage\"},\"image\":{\"@id\":\"https:\/\/vieassociative.be\/actualites\/le-monde-est-mon-bureau-jurgen-klopp-officiellement-presente-comme-nouveau-responsable-du-football-mondial-chez-red-bull\/#primaryimage\"},\"thumbnailUrl\":\"https:\/\/vieassociative.be\/actualites\/wp-content\/uploads\/2025\/01\/1736929041_Le-monde-est-mon-bureau-Jurgen-Klopp.jpg\",\"datePublished\":\"2025-01-15T08:17:21+00:00\",\"dateModified\":\"2025-01-15T08:17:21+00:00\",\"breadcrumb\":{\"@id\":\"https:\/\/vieassociative.be\/actualites\/le-monde-est-mon-bureau-jurgen-klopp-officiellement-presente-comme-nouveau-responsable-du-football-mondial-chez-red-bull\/#breadcrumb\"},\"inLanguage\":\"fr-BE\",\"potentialAction\":[{\"@type\":\"ReadAction\",\"target\":[\"https:\/\/vieassociative.be\/actualites\/le-monde-est-mon-bureau-jurgen-klopp-officiellement-presente-comme-nouveau-responsable-du-football-mondial-chez-red-bull\/\"]}]},{\"@type\":\"ImageObject\",\"inLanguage\":\"fr-BE\",\"@id\":\"https:\/\/vieassociative.be\/actualites\/le-monde-est-mon-bureau-jurgen-klopp-officiellement-presente-comme-nouveau-responsable-du-football-mondial-chez-red-bull\/#primaryimage\",\"url\":\"https:\/\/vieassociative.be\/actualites\/wp-content\/uploads\/2025\/01\/1736929041_Le-monde-est-mon-bureau-Jurgen-Klopp.jpg\",\"contentUrl\":\"https:\/\/vieassociative.be\/actualites\/wp-content\/uploads\/2025\/01\/1736929041_Le-monde-est-mon-bureau-Jurgen-Klopp.jpg\",\"width\":1200,\"height\":800,\"caption\":\"\u00ab Le monde est mon bureau \u00bb : J\u00fcrgen Klopp officiellement pr\u00e9sent\u00e9 comme nouveau responsable du football mondial chez Red Bull\"},{\"@type\":\"BreadcrumbList\",\"@id\":\"https:\/\/vieassociative.be\/actualites\/le-monde-est-mon-bureau-jurgen-klopp-officiellement-presente-comme-nouveau-responsable-du-football-mondial-chez-red-bull\/#breadcrumb\",\"itemListElement\":[{\"@type\":\"ListItem\",\"position\":1,\"name\":\"Accueil\",\"item\":\"https:\/\/vieassociative.be\/actualites\/\"},{\"@type\":\"ListItem\",\"position\":2,\"name\":\"\u00ab Le monde est mon bureau \u00bb : J\u00fcrgen Klopp officiellement pr\u00e9sent\u00e9 comme nouveau responsable du football mondial chez Red Bull\"}]},{\"@type\":\"WebSite\",\"@id\":\"https:\/\/vieassociative.be\/actualites\/#website\",\"url\":\"https:\/\/vieassociative.be\/actualites\/\",\"name\":\"Vie Associative\",\"description\":\"\",\"publisher\":{\"@id\":\"https:\/\/vieassociative.be\/actualites\/#organization\"},\"potentialAction\":[{\"@type\":\"SearchAction\",\"target\":{\"@type\":\"EntryPoint\",\"urlTemplate\":\"https:\/\/vieassociative.be\/actualites\/?s={search_term_string}\"},\"query-input\":{\"@type\":\"PropertyValueSpecification\",\"valueRequired\":true,\"valueName\":\"search_term_string\"}}],\"inLanguage\":\"fr-BE\"},{\"@type\":\"Organization\",\"@id\":\"https:\/\/vieassociative.be\/actualites\/#organization\",\"name\":\"Vie Associative\",\"url\":\"https:\/\/vieassociative.be\/actualites\/\",\"logo\":{\"@type\":\"ImageObject\",\"inLanguage\":\"fr-BE\",\"@id\":\"https:\/\/vieassociative.be\/actualites\/#\/schema\/logo\/image\/\",\"url\":\"https:\/\/vieassociative.be\/actualites\/wp-content\/uploads\/2024\/09\/cropped-vieassociative_favicon.ico.png\",\"contentUrl\":\"https:\/\/vieassociative.be\/actualites\/wp-content\/uploads\/2024\/09\/cropped-vieassociative_favicon.ico.png\",\"width\":512,\"height\":512,\"caption\":\"Vie Associative\"},\"image\":{\"@id\":\"https:\/\/vieassociative.be\/actualites\/#\/schema\/logo\/image\/\"}},{\"@type\":\"Person\",\"@id\":\"https:\/\/vieassociative.be\/actualites\/#\/schema\/person\/b87ac4f82f9d4e7b7cec7395b679edc4\",\"name\":\"Julien\",\"image\":{\"@type\":\"ImageObject\",\"inLanguage\":\"fr-BE\",\"@id\":\"https:\/\/vieassociative.be\/actualites\/#\/schema\/person\/image\/\",\"url\":\"https:\/\/vieassociative.be\/actualites\/wp-content\/uploads\/2024\/09\/vie-associative-1-150x150.jpg\",\"contentUrl\":\"https:\/\/vieassociative.be\/actualites\/wp-content\/uploads\/2024\/09\/vie-associative-1-150x150.jpg\",\"caption\":\"Julien\"},\"description\":\"Je suis Julien, r\u00e9dacteur pour Vie Associative. Passionn\u00e9 par le monde associatif depuis plus de 10 ans, j'ai \u00e0 c\u0153ur de partager des histoires inspirantes et de mettre en lumi\u00e8re les initiatives locales. Mon objectif est de sensibiliser et d'encourager l'engagement communautaire \u00e0 travers mes articles.\",\"sameAs\":[\"https:\/\/vieassociative.be\/\"]}]}<\/script>\n<!-- \/ Yoast SEO plugin. -->","yoast_head_json":{"title":"\u00ab Le monde est mon bureau \u00bb : J\u00fcrgen Klopp officiellement pr\u00e9sent\u00e9 comme nouveau responsable du football mondial chez Red Bull | Vie Associative","robots":{"index":"index","follow":"follow","max-snippet":"max-snippet:-1","max-image-preview":"max-image-preview:large","max-video-preview":"max-video-preview:-1"},"canonical":"https:\/\/vieassociative.be\/actualites\/le-monde-est-mon-bureau-jurgen-klopp-officiellement-presente-comme-nouveau-responsable-du-football-mondial-chez-red-bull\/","og_locale":"fr_FR","og_type":"article","og_title":"\u00ab Le monde est mon bureau \u00bb : J\u00fcrgen Klopp officiellement pr\u00e9sent\u00e9 comme nouveau responsable du football mondial chez Red Bull | Vie Associative","og_description":"\u00ab\u00a0Je ne veux pas \u00eatre un passager\u00a0\u00bb, a d\u00e9clar\u00e9 J\u00fcrgen Klopp lorsqu&rsquo;il a \u00e9t\u00e9 pr\u00e9sent\u00e9 comme responsable du football de Red Bull. L&rsquo;ancien entra\u00eeneur veut","og_url":"https:\/\/vieassociative.be\/actualites\/le-monde-est-mon-bureau-jurgen-klopp-officiellement-presente-comme-nouveau-responsable-du-football-mondial-chez-red-bull\/","og_site_name":"Vie Associative","article_published_time":"2025-01-15T08:17:21+00:00","og_image":[{"width":279,"height":92,"url":"https:\/\/vieassociative.be\/actualites\/wp-content\/uploads\/2024\/09\/header_backgroundk-01-e1726694325946.png","type":"image\/png"}],"author":"Julien","twitter_card":"summary_large_image","twitter_misc":{"\u00c9crit par":"Julien","Dur\u00e9e de lecture est.":"5 minutes"},"schema":{"@context":"https:\/\/schema.org","@graph":[{"@type":"Article","@id":"https:\/\/vieassociative.be\/actualites\/le-monde-est-mon-bureau-jurgen-klopp-officiellement-presente-comme-nouveau-responsable-du-football-mondial-chez-red-bull\/#article","isPartOf":{"@id":"https:\/\/vieassociative.be\/actualites\/le-monde-est-mon-bureau-jurgen-klopp-officiellement-presente-comme-nouveau-responsable-du-football-mondial-chez-red-bull\/"},"author":{"name":"Julien","@id":"https:\/\/vieassociative.be\/actualites\/#\/schema\/person\/b87ac4f82f9d4e7b7cec7395b679edc4"},"headline":"\u00ab Le monde est mon bureau \u00bb : J\u00fcrgen Klopp officiellement pr\u00e9sent\u00e9 comme nouveau responsable du football mondial chez Red Bull","datePublished":"2025-01-15T08:17:21+00:00","dateModified":"2025-01-15T08:17:21+00:00","mainEntityOfPage":{"@id":"https:\/\/vieassociative.be\/actualites\/le-monde-est-mon-bureau-jurgen-klopp-officiellement-presente-comme-nouveau-responsable-du-football-mondial-chez-red-bull\/"},"wordCount":1008,"publisher":{"@id":"https:\/\/vieassociative.be\/actualites\/#organization"},"image":{"@id":"https:\/\/vieassociative.be\/actualites\/le-monde-est-mon-bureau-jurgen-klopp-officiellement-presente-comme-nouveau-responsable-du-football-mondial-chez-red-bull\/#primaryimage"},"thumbnailUrl":"https:\/\/vieassociative.be\/actualites\/wp-content\/uploads\/2025\/01\/1736929041_Le-monde-est-mon-bureau-Jurgen-Klopp.jpg","keywords":["Bull","bureau","chez","comme","est","football","J\u00fcrgen","Klopp","Mon","monde","Mondial","nouveau","officiellement","pr\u00e9sente","Red","responsable"],"articleSection":["Belgique"],"inLanguage":"fr-BE"},{"@type":"WebPage","@id":"https:\/\/vieassociative.be\/actualites\/le-monde-est-mon-bureau-jurgen-klopp-officiellement-presente-comme-nouveau-responsable-du-football-mondial-chez-red-bull\/","url":"https:\/\/vieassociative.be\/actualites\/le-monde-est-mon-bureau-jurgen-klopp-officiellement-presente-comme-nouveau-responsable-du-football-mondial-chez-red-bull\/","name":"\u00ab Le monde est mon bureau \u00bb : J\u00fcrgen Klopp officiellement pr\u00e9sent\u00e9 comme nouveau responsable du football mondial chez Red Bull | Vie Associative","isPartOf":{"@id":"https:\/\/vieassociative.be\/actualites\/#website"},"primaryImageOfPage":{"@id":"https:\/\/vieassociative.be\/actualites\/le-monde-est-mon-bureau-jurgen-klopp-officiellement-presente-comme-nouveau-responsable-du-football-mondial-chez-red-bull\/#primaryimage"},"image":{"@id":"https:\/\/vieassociative.be\/actualites\/le-monde-est-mon-bureau-jurgen-klopp-officiellement-presente-comme-nouveau-responsable-du-football-mondial-chez-red-bull\/#primaryimage"},"thumbnailUrl":"https:\/\/vieassociative.be\/actualites\/wp-content\/uploads\/2025\/01\/1736929041_Le-monde-est-mon-bureau-Jurgen-Klopp.jpg","datePublished":"2025-01-15T08:17:21+00:00","dateModified":"2025-01-15T08:17:21+00:00","breadcrumb":{"@id":"https:\/\/vieassociative.be\/actualites\/le-monde-est-mon-bureau-jurgen-klopp-officiellement-presente-comme-nouveau-responsable-du-football-mondial-chez-red-bull\/#breadcrumb"},"inLanguage":"fr-BE","potentialAction":[{"@type":"ReadAction","target":["https:\/\/vieassociative.be\/actualites\/le-monde-est-mon-bureau-jurgen-klopp-officiellement-presente-comme-nouveau-responsable-du-football-mondial-chez-red-bull\/"]}]},{"@type":"ImageObject","inLanguage":"fr-BE","@id":"https:\/\/vieassociative.be\/actualites\/le-monde-est-mon-bureau-jurgen-klopp-officiellement-presente-comme-nouveau-responsable-du-football-mondial-chez-red-bull\/#primaryimage","url":"https:\/\/vieassociative.be\/actualites\/wp-content\/uploads\/2025\/01\/1736929041_Le-monde-est-mon-bureau-Jurgen-Klopp.jpg","contentUrl":"https:\/\/vieassociative.be\/actualites\/wp-content\/uploads\/2025\/01\/1736929041_Le-monde-est-mon-bureau-Jurgen-Klopp.jpg","width":1200,"height":800,"caption":"\u00ab Le monde est mon bureau \u00bb : J\u00fcrgen Klopp officiellement pr\u00e9sent\u00e9 comme nouveau responsable du football mondial chez Red Bull"},{"@type":"BreadcrumbList","@id":"https:\/\/vieassociative.be\/actualites\/le-monde-est-mon-bureau-jurgen-klopp-officiellement-presente-comme-nouveau-responsable-du-football-mondial-chez-red-bull\/#breadcrumb","itemListElement":[{"@type":"ListItem","position":1,"name":"Accueil","item":"https:\/\/vieassociative.be\/actualites\/"},{"@type":"ListItem","position":2,"name":"\u00ab Le monde est mon bureau \u00bb : J\u00fcrgen Klopp officiellement pr\u00e9sent\u00e9 comme nouveau responsable du football mondial chez Red Bull"}]},{"@type":"WebSite","@id":"https:\/\/vieassociative.be\/actualites\/#website","url":"https:\/\/vieassociative.be\/actualites\/","name":"Vie Associative","description":"","publisher":{"@id":"https:\/\/vieassociative.be\/actualites\/#organization"},"potentialAction":[{"@type":"SearchAction","target":{"@type":"EntryPoint","urlTemplate":"https:\/\/vieassociative.be\/actualites\/?s={search_term_string}"},"query-input":{"@type":"PropertyValueSpecification","valueRequired":true,"valueName":"search_term_string"}}],"inLanguage":"fr-BE"},{"@type":"Organization","@id":"https:\/\/vieassociative.be\/actualites\/#organization","name":"Vie Associative","url":"https:\/\/vieassociative.be\/actualites\/","logo":{"@type":"ImageObject","inLanguage":"fr-BE","@id":"https:\/\/vieassociative.be\/actualites\/#\/schema\/logo\/image\/","url":"https:\/\/vieassociative.be\/actualites\/wp-content\/uploads\/2024\/09\/cropped-vieassociative_favicon.ico.png","contentUrl":"https:\/\/vieassociative.be\/actualites\/wp-content\/uploads\/2024\/09\/cropped-vieassociative_favicon.ico.png","width":512,"height":512,"caption":"Vie Associative"},"image":{"@id":"https:\/\/vieassociative.be\/actualites\/#\/schema\/logo\/image\/"}},{"@type":"Person","@id":"https:\/\/vieassociative.be\/actualites\/#\/schema\/person\/b87ac4f82f9d4e7b7cec7395b679edc4","name":"Julien","image":{"@type":"ImageObject","inLanguage":"fr-BE","@id":"https:\/\/vieassociative.be\/actualites\/#\/schema\/person\/image\/","url":"https:\/\/vieassociative.be\/actualites\/wp-content\/uploads\/2024\/09\/vie-associative-1-150x150.jpg","contentUrl":"https:\/\/vieassociative.be\/actualites\/wp-content\/uploads\/2024\/09\/vie-associative-1-150x150.jpg","caption":"Julien"},"description":"Je suis Julien, r\u00e9dacteur pour Vie Associative. Passionn\u00e9 par le monde associatif depuis plus de 10 ans, j'ai \u00e0 c\u0153ur de partager des histoires inspirantes et de mettre en lumi\u00e8re les initiatives locales. Mon objectif est de sensibiliser et d'encourager l'engagement communautaire \u00e0 travers mes articles.","sameAs":["https:\/\/vieassociative.be\/"]}]}},"_links":{"self":[{"href":"https:\/\/vieassociative.be\/actualites\/wp-json\/wp\/v2\/posts\/4338"}],"collection":[{"href":"https:\/\/vieassociative.be\/actualites\/wp-json\/wp\/v2\/posts"}],"about":[{"href":"https:\/\/vieassociative.be\/actualites\/wp-json\/wp\/v2\/types\/post"}],"author":[{"embeddable":true,"href":"https:\/\/vieassociative.be\/actualites\/wp-json\/wp\/v2\/users\/1"}],"replies":[{"embeddable":true,"href":"https:\/\/vieassociative.be\/actualites\/wp-json\/wp\/v2\/comments?post=4338"}],"version-history":[{"count":0,"href":"https:\/\/vieassociative.be\/actualites\/wp-json\/wp\/v2\/posts\/4338\/revisions"}],"wp:featuredmedia":[{"embeddable":true,"href":"https:\/\/vieassociative.be\/actualites\/wp-json\/wp\/v2\/media\/4339"}],"wp:attachment":[{"href":"https:\/\/vieassociative.be\/actualites\/wp-json\/wp\/v2\/media?parent=4338"}],"wp:term":[{"taxonomy":"category","embeddable":true,"href":"https:\/\/vieassociative.be\/actualites\/wp-json\/wp\/v2\/categories?post=4338"},{"taxonomy":"post_tag","embeddable":true,"href":"https:\/\/vieassociative.be\/actualites\/wp-json\/wp\/v2\/tags?post=4338"}],"curies":[{"name":"wp","href":"https:\/\/api.w.org\/{rel}","templated":true}]}}