{"id":4336,"date":"2025-01-15T08:17:25","date_gmt":"2025-01-15T07:17:25","guid":{"rendered":"https:\/\/vieassociative.be\/actualites\/le-nouveau-google-pixel-9-pro-est-deja-a-150-de-reduction\/"},"modified":"2025-01-15T08:17:25","modified_gmt":"2025-01-15T07:17:25","slug":"le-nouveau-google-pixel-9-pro-est-deja-a-150-de-reduction","status":"publish","type":"post","link":"https:\/\/vieassociative.be\/actualites\/le-nouveau-google-pixel-9-pro-est-deja-a-150-de-reduction\/","title":{"rendered":"Le nouveau Google Pixel 9 Pro est d\u00e9j\u00e0 \u00e0 150 $ de r\u00e9duction"},"content":{"rendered":"<div class=\"mt-4 leading-6 md:mb-8\">Son dernier t\u00e9l\u00e9phone phare est dot\u00e9 de fonctionnalit\u00e9s d&rsquo;IA, d&rsquo;une longue dur\u00e9e de vie de la batterie et de la promesse de support de Google pour de nombreuses ann\u00e9es \u00e0 venir.<\/div>\n<p><\/p>\n<p>Le Pixel 9 Pro est le mod\u00e8le le plus r\u00e9cent et le plus haut de gamme de la gamme Pixel, et pour le moment, le Google Pixel 9 Pro d\u00e9bloqu\u00e9 de 128 Go est r\u00e9duit \u00e0 <strong>849\u00a0$<\/strong> (\u00e0 l&rsquo;origine 999 $). C&rsquo;est le prix le plus bas jamais enregistr\u00e9 sur Amazon, selon les outils de suivi des prix. La version 256 Go est \u00e9galement \u00e0 son prix le plus bas de <strong>947,46\u00a0$<\/strong> (\u00e0 l&rsquo;origine 1 099 $), doublant votre stockage pour moins de 100 $, tout comme la version 512 Go, actuellement <strong>1 069 $<\/strong> (\u00e0 l&rsquo;origine 1 219 $).<\/p>\n<div class=\"shadow-b-2 mb-12 mt-10 rounded-md border-2 border-(#F0F0F0) px-6 py-2 shadow-lg md:px-12\" role=\"region\" aria-label=\"Products List\" x-data=\"{ showMore: false }\">\n<div class=\"flex w-full gap-x-5\">\n<div class=\"flex w-full flex-col flex-nowrap justify-center gap-2 text-black no-underline md:order-2 md:gap-y-6\">\n<div class=\"flex flex-col justify-between gap-y-2 md:w-full md:gap-y-1\">\n<div class=\"block font-sans text-xs font-semibold capitalize leading-3 text-gray-900 md:leading-4\">Syst\u00e8me d&rsquo;exploitation : Android 14, CPU : Google Tensor G4, Dimensions : 6,0 x 2,8 x 0,3 pouces.<\/div>\n<div class=\"block w-fit cursor-pointer font-akshar text-lg font-medium leading-5 text-brand-green duration-200 ease-in-out hover:text-brand-green-700 md:text-xl md:leading-6\">\n<p>                            Google Pixel 9 Pro, 128 Go\n                        <\/p><\/div>\n<\/p><\/div>\n<div class=\"hidden md:flex md:justify-between md:gap-x-4\">\n<div class=\"w-full mb-0 md:flex md:flex-col md:justify-center font-sans leading-4 text-black\">\n<div class=\"flex flex-wrap items-center justify-center gap-x-1 md:justify-start\">\n        <span class=\"font-bold\"><\/p>\n<p>            849,00\u00a0$<br \/>\n                            <span class=\"font-medium\">chez Amazon<\/span><br \/>\n                    <\/span><br \/>\n                    <img decoding=\"async\" class=\"mt-0 h-(15px)\" src=\"https:\/\/vieassociative.be\/actualites\/wp-content\/uploads\/2025\/01\/Le-nouveau-Google-Pixel-9-Pro-est-deja-a-150.svg.svg+xml\" title=\"Amazon Premier\" alt=\"Amazon Premier\">\n            <\/div>\n<div class=\"flex items-center justify-center gap-x-1 font-bold md:justify-start\">\n            <span class=\"text-sm line-through\">999,00\u00a0$<\/span><br \/>\n            <span class=\"text-sm text-brand-green\">\u00c9conomisez 150,00\u00a0$<\/span>\n        <\/div>\n<\/p><\/div>\n<p>                            <button class=\"flex justify-center items-center w-full bg-brand-green text-white text-base font-sans font-medium rounded-md hover:bg-brand-green-700 hover:cursor-pointer md:text-sm hidden self-end h-12 max-w-(10rem) duration-200 ease-in-out hover:bg-brand-green-700 md:flex md:h-10\"><\/p>\n<p>    Obtenez une offre<br \/>\n<\/button>\n                        <\/div>\n<\/p><\/div>\n<div class=\"flex aspect-video h-(90px) shrink-0 items-center justify-center self-center md:order-1\">\n                        <img decoding=\"async\" class=\"m-0 max-h-full max-w-full rounded-md\" src=\"https:\/\/vieassociative.be\/actualites\/wp-content\/uploads\/2025\/01\/Le-nouveau-Google-Pixel-9-Pro-est-deja-a-150.jpg\" alt=\"Google Pixel 9 Pro - Smartphone Android d\u00e9bloqu\u00e9 avec Gemini, syst\u00e8me de triple cam\u00e9ra arri\u00e8re, batterie 24 heures et 6.3\" super actua display hazel gb width=\"auto\" height=\"auto\" loading=\"lazy\">\n                    <\/div>\n<\/p><\/div>\n<p>                            <button class=\"flex justify-center items-center w-full bg-brand-green text-white text-base font-sans font-medium rounded-md hover:bg-brand-green-700 hover:cursor-pointer md:text-sm w-full h-12 duration-200 ease-in-out hover:bg-brand-green-700 md:hidden md:h-10\"><\/p>\n<p>    Obtenez une offre<br \/>\n<\/button><\/p>\n<div class=\"flex flex-col items-center w-full md:hidden font-sans leading-4 text-black\">\n<div class=\"flex flex-wrap items-center justify-center gap-x-1 md:justify-start\">\n        <span class=\"font-bold\"><\/p>\n<p>            849,00\u00a0$<br \/>\n                            <span class=\"font-medium\">chez Amazon<\/span><br \/>\n                    <\/span><br \/>\n                    <img decoding=\"async\" class=\"mt-0 h-(15px)\" src=\"https:\/\/vieassociative.be\/actualites\/wp-content\/uploads\/2025\/01\/Le-nouveau-Google-Pixel-9-Pro-est-deja-a-150.svg.svg+xml\" title=\"Amazon Premier\" alt=\"Amazon Premier\">\n            <\/div>\n<div class=\"flex items-center justify-center gap-x-1 font-bold md:justify-start\">\n            <span class=\"text-sm line-through\">999,00\u00a0$<\/span><br \/>\n            <span class=\"text-sm text-brand-green\">\u00c9conomisez 150,00\u00a0$<\/span>\n        <\/div>\n<\/p><\/div>\n<div class=\"flex w-full gap-x-5\">\n<div class=\"flex w-full flex-col flex-nowrap justify-center gap-2 text-black no-underline md:order-2 md:gap-y-6\">\n<div class=\"flex flex-col justify-between gap-y-2 md:w-full md:gap-y-1\">\n<div class=\"block font-sans text-xs font-semibold capitalize leading-3 text-gray-900 md:leading-4\">Syst\u00e8me d&rsquo;exploitation : Android 14, CPU : Google Tensor G4, Dimensions : 6,0 x 2,8 x 0,3 pouces.<\/div>\n<div class=\"block w-fit cursor-pointer font-akshar text-lg font-medium leading-5 text-brand-green duration-200 ease-in-out hover:text-brand-green-700 md:text-xl md:leading-6\">\n<p>                            Google Pixel 9 Pro, 256 Go\n                        <\/p><\/div>\n<\/p><\/div>\n<div class=\"hidden md:flex md:justify-between md:gap-x-4\">\n<div class=\"w-full mb-0 md:flex md:flex-col md:justify-center font-sans leading-4 text-black\">\n<div class=\"flex flex-wrap items-center justify-center gap-x-1 md:justify-start\">\n        <span class=\"font-bold\"><\/p>\n<p>            949,00\u00a0$<br \/>\n                            <span class=\"font-medium\">chez Amazon<\/span><br \/>\n                    <\/span><br \/>\n                    <img decoding=\"async\" class=\"mt-0 h-(15px)\" src=\"https:\/\/vieassociative.be\/actualites\/wp-content\/uploads\/2025\/01\/Le-nouveau-Google-Pixel-9-Pro-est-deja-a-150.svg.svg+xml\" title=\"Amazon Premier\" alt=\"Amazon Premier\">\n            <\/div>\n<div class=\"flex items-center justify-center gap-x-1 font-bold md:justify-start\">\n            <span class=\"text-sm line-through\">1\u00a0099,00\u00a0$<\/span><br \/>\n            <span class=\"text-sm text-brand-green\">\u00c9conomisez 150,00\u00a0$<\/span>\n        <\/div>\n<\/p><\/div>\n<p>                            <button class=\"flex justify-center items-center w-full bg-brand-green text-white text-base font-sans font-medium rounded-md hover:bg-brand-green-700 hover:cursor-pointer md:text-sm hidden self-end h-12 max-w-(10rem) duration-200 ease-in-out hover:bg-brand-green-700 md:flex md:h-10\"><\/p>\n<p>    Obtenez une offre<br \/>\n<\/button>\n                        <\/div>\n<\/p><\/div>\n<div class=\"flex aspect-video h-(90px) shrink-0 items-center justify-center self-center md:order-1\">\n                        <img decoding=\"async\" class=\"m-0 max-h-full max-w-full rounded-md\" src=\"https:\/\/vieassociative.be\/actualites\/wp-content\/uploads\/2025\/01\/1736925445_591_Le-nouveau-Google-Pixel-9-Pro-est-deja-a-150.jpg\" alt=\"Google Pixel 9 Pro - Smartphone Android d\u00e9bloqu\u00e9 avec Gemini, syst\u00e8me de triple cam\u00e9ra arri\u00e8re, batterie 24 heures et 6.3\" super actua display hazel gb width=\"auto\" height=\"auto\" loading=\"lazy\">\n                    <\/div>\n<\/p><\/div>\n<p>                            <button class=\"flex justify-center items-center w-full bg-brand-green text-white text-base font-sans font-medium rounded-md hover:bg-brand-green-700 hover:cursor-pointer md:text-sm w-full h-12 duration-200 ease-in-out hover:bg-brand-green-700 md:hidden md:h-10\"><\/p>\n<p>    Obtenez une offre<br \/>\n<\/button><\/p>\n<div class=\"flex flex-col items-center w-full md:hidden font-sans leading-4 text-black\">\n<div class=\"flex flex-wrap items-center justify-center gap-x-1 md:justify-start\">\n        <span class=\"font-bold\"><\/p>\n<p>            949,00\u00a0$<br \/>\n                            <span class=\"font-medium\">chez Amazon<\/span><br \/>\n                    <\/span><br \/>\n                    <img decoding=\"async\" class=\"mt-0 h-(15px)\" src=\"https:\/\/vieassociative.be\/actualites\/wp-content\/uploads\/2025\/01\/Le-nouveau-Google-Pixel-9-Pro-est-deja-a-150.svg.svg+xml\" title=\"Amazon Premier\" alt=\"Amazon Premier\">\n            <\/div>\n<div class=\"flex items-center justify-center gap-x-1 font-bold md:justify-start\">\n            <span class=\"text-sm line-through\">1\u00a0099,00\u00a0$<\/span><br \/>\n            <span class=\"text-sm text-brand-green\">\u00c9conomisez 150,00\u00a0$<\/span>\n        <\/div>\n<\/p><\/div>\n<div class=\"flex w-full gap-x-5\">\n<div class=\"flex w-full flex-col flex-nowrap justify-center gap-2 text-black no-underline md:order-2 md:gap-y-6\">\n<div class=\"flex flex-col justify-between gap-y-2 md:w-full md:gap-y-1\">\n<div class=\"block font-sans text-xs font-semibold capitalize leading-3 text-gray-900 md:leading-4\">Syst\u00e8me d&rsquo;exploitation : Android 14, CPU : Google Tensor G4, Dimensions : 6,0 x 2,8 x 0,3 pouces.<\/div>\n<div class=\"block w-fit cursor-pointer font-akshar text-lg font-medium leading-5 text-brand-green duration-200 ease-in-out hover:text-brand-green-700 md:text-xl md:leading-6\">\n<p>                            Google Pixel 9 Pro, 512 Go\n                        <\/p><\/div>\n<\/p><\/div>\n<div class=\"hidden md:flex md:justify-between md:gap-x-4\">\n<div class=\"w-full mb-0 md:flex md:flex-col md:justify-center font-sans leading-4 text-black\">\n<div class=\"flex flex-wrap items-center justify-center gap-x-1 md:justify-start\">\n        <span class=\"font-bold\"><\/p>\n<p>            1\u00a0069,00\u00a0$<br \/>\n                            <span class=\"font-medium\">chez Amazon<\/span><br \/>\n                    <\/span><br \/>\n                    <img decoding=\"async\" class=\"mt-0 h-(15px)\" src=\"https:\/\/vieassociative.be\/actualites\/wp-content\/uploads\/2025\/01\/Le-nouveau-Google-Pixel-9-Pro-est-deja-a-150.svg.svg+xml\" title=\"Amazon Premier\" alt=\"Amazon Premier\">\n            <\/div>\n<div class=\"flex items-center justify-center gap-x-1 font-bold md:justify-start\">\n            <span class=\"text-sm line-through\">1\u00a0219,00\u00a0$<\/span><br \/>\n            <span class=\"text-sm text-brand-green\">\u00c9conomisez 150,00\u00a0$<\/span>\n        <\/div>\n<\/p><\/div>\n<p>                            <button class=\"flex justify-center items-center w-full bg-brand-green text-white text-base font-sans font-medium rounded-md hover:bg-brand-green-700 hover:cursor-pointer md:text-sm hidden self-end h-12 max-w-(10rem) duration-200 ease-in-out hover:bg-brand-green-700 md:flex md:h-10\"><\/p>\n<p>    Obtenez une offre<br \/>\n<\/button>\n                        <\/div>\n<\/p><\/div>\n<div class=\"flex aspect-video h-(90px) shrink-0 items-center justify-center self-center md:order-1\">\n                        <img decoding=\"async\" class=\"m-0 max-h-full max-w-full rounded-md\" src=\"https:\/\/vieassociative.be\/actualites\/wp-content\/uploads\/2025\/01\/1736925445_600_Le-nouveau-Google-Pixel-9-Pro-est-deja-a-150.jpg\" alt=\"Google Pixel 9 Pro - Smartphone Android d\u00e9bloqu\u00e9 avec Gemini, syst\u00e8me de triple cam\u00e9ra arri\u00e8re, batterie 24 heures et 6.3\" super actua display hazel gb width=\"auto\" height=\"auto\" loading=\"lazy\">\n                    <\/div>\n<\/p><\/div>\n<p>                            <button class=\"flex justify-center items-center w-full bg-brand-green text-white text-base font-sans font-medium rounded-md hover:bg-brand-green-700 hover:cursor-pointer md:text-sm w-full h-12 duration-200 ease-in-out hover:bg-brand-green-700 md:hidden md:h-10\"><\/p>\n<p>    Obtenez une offre<br \/>\n<\/button><\/p>\n<div class=\"flex flex-col items-center w-full md:hidden font-sans leading-4 text-black\">\n<div class=\"flex flex-wrap items-center justify-center gap-x-1 md:justify-start\">\n        <span class=\"font-bold\"><\/p>\n<p>            1\u00a0069,00\u00a0$<br \/>\n                            <span class=\"font-medium\">chez Amazon<\/span><br \/>\n                    <\/span><br \/>\n                    <img decoding=\"async\" class=\"mt-0 h-(15px)\" src=\"https:\/\/vieassociative.be\/actualites\/wp-content\/uploads\/2025\/01\/Le-nouveau-Google-Pixel-9-Pro-est-deja-a-150.svg.svg+xml\" title=\"Amazon Premier\" alt=\"Amazon Premier\">\n            <\/div>\n<div class=\"flex items-center justify-center gap-x-1 font-bold md:justify-start\">\n            <span class=\"text-sm line-through\">1\u00a0219,00\u00a0$<\/span><br \/>\n            <span class=\"text-sm text-brand-green\">\u00c9conomisez 150,00\u00a0$<\/span>\n        <\/div>\n<\/p><\/div>\n<\/div>\n<p>Le Pixel 9 Pro est l\u2019option interm\u00e9diaire, prise en sandwich entre le Pixel 9 moins cher et le Pixel 9 Pro Fold. (le Pixel 9 Pro XL est essentiellement le m\u00eame t\u00e9l\u00e9phone, juste plus gros). Le Pixel 9 Pro est livr\u00e9 avec 16 Go de RAM, 128 Go de stockage m\u00e9moire, un taux de rafra\u00eechissement maximum de 120 Hz et le syst\u00e8me d&rsquo;exploitation Android 14. Comme Michelle Ehrhardt, r\u00e9dactrice technique associ\u00e9e de Vie Associative, l&rsquo;a expliqu\u00e9 dans son examen du Pixel 9 Pro, le mat\u00e9riel du t\u00e9l\u00e9phone est le meilleur que Google ait fabriqu\u00e9 jusqu&rsquo;\u00e0 pr\u00e9sent, mais ses fonctionnalit\u00e9s d&rsquo;IA ont encore des rat\u00e9s. Cependant, les fonctionnalit\u00e9s de l\u2019IA continueront de s\u2019am\u00e9liorer au fil du temps ; la chose la plus importante \u00e0 faire est le mat\u00e9riel.<\/p>\n<p>La dur\u00e9e de vie de la batterie peut durer environ 18 heures et 40 minutes, selon l&rsquo;avis de Michelle (elle regardait des vid\u00e9os YouTube tout le temps). L&rsquo;appareil photo principal dispose d&rsquo;un jeu de tir de 50 MP, d&rsquo;un appareil photo ultra-large de 48 MP avec un champ de vision de 123 degr\u00e9s et d&rsquo;un t\u00e9l\u00e9objectif de 48 MP avec un zoom Super Res 30x.<\/p>\n<p>Si vous poss\u00e9dez le Pixel 8 Pro, vous ne remarquerez peut-\u00eatre pas une \u00e9norme mise \u00e0 niveau vers cette version. Cependant, si vous effectuez une mise \u00e0 niveau \u00e0 partir d\u2019une ancienne version ou si vous passez d\u2019un t\u00e9l\u00e9phone autre que Pixel, le 9 Pro a beaucoup \u00e0 aimer. L\u2019une de mes choses pr\u00e9f\u00e9r\u00e9es \u00e0 propos des t\u00e9l\u00e9phones Pixel est le support continu depuis de nombreuses ann\u00e9es. Mon Pixel 6A re\u00e7oit toujours toutes les mises \u00e0 jour et des tonnes de fonctionnalit\u00e9s d&rsquo;IA qui donnent au t\u00e9l\u00e9phone une sensation de fra\u00eecheur plusieurs ann\u00e9es plus tard, les derni\u00e8res \u00e9tant tomb\u00e9es le mois dernier. Avec le Pixel 9 Pro, vous b\u00e9n\u00e9ficierez d&rsquo;un t\u00e9l\u00e9phone de qualit\u00e9 avec des mises \u00e0 jour logicielles pendant un certain temps (jusqu&rsquo;\u00e0 sept ans). <\/p>\n","protected":false},"excerpt":{"rendered":"<p>Son dernier t\u00e9l\u00e9phone phare est dot\u00e9 de fonctionnalit\u00e9s d&rsquo;IA, d&rsquo;une longue dur\u00e9e de vie de la batterie et de la promesse de support de Google<\/p>\n","protected":false},"author":1,"featured_media":4337,"comment_status":"","ping_status":"","sticky":false,"template":"","format":"standard","meta":{"footnotes":""},"categories":[13],"tags":[1936,76,968,553,1278,630,308],"class_list":["post-4336","post","type-post","status-publish","format-standard","has-post-thumbnail","hentry","category-technologie","tag-deja","tag-est","tag-google","tag-nouveau","tag-pixel","tag-pro","tag-reduction","generate-columns","tablet-grid-50","mobile-grid-100","grid-parent","grid-33"],"yoast_head":"<!-- This site is optimized with the Yoast SEO plugin v24.0 - https:\/\/yoast.com\/wordpress\/plugins\/seo\/ -->\n<title>Le nouveau Google Pixel 9 Pro est d\u00e9j\u00e0 \u00e0 150 $ de r\u00e9duction | Vie Associative<\/title>\n<meta name=\"robots\" content=\"index, follow, max-snippet:-1, max-image-preview:large, max-video-preview:-1\" \/>\n<link rel=\"canonical\" href=\"https:\/\/vieassociative.be\/actualites\/le-nouveau-google-pixel-9-pro-est-deja-a-150-de-reduction\/\" \/>\n<meta property=\"og:locale\" content=\"fr_FR\" \/>\n<meta property=\"og:type\" content=\"article\" \/>\n<meta property=\"og:title\" content=\"Le nouveau Google Pixel 9 Pro est d\u00e9j\u00e0 \u00e0 150 $ de r\u00e9duction | Vie Associative\" \/>\n<meta property=\"og:description\" content=\"Son dernier t\u00e9l\u00e9phone phare est dot\u00e9 de fonctionnalit\u00e9s d&rsquo;IA, d&rsquo;une longue dur\u00e9e de vie de la batterie et de la promesse de support de Google\" \/>\n<meta property=\"og:url\" content=\"https:\/\/vieassociative.be\/actualites\/le-nouveau-google-pixel-9-pro-est-deja-a-150-de-reduction\/\" \/>\n<meta property=\"og:site_name\" content=\"Vie Associative\" \/>\n<meta property=\"article:published_time\" content=\"2025-01-15T07:17:25+00:00\" \/>\n<meta property=\"og:image\" content=\"https:\/\/vieassociative.be\/actualites\/wp-content\/uploads\/2025\/01\/Le-nouveau-Google-Pixel-9-Pro-est-deja-a-150.svg.svg+xml\" \/>\n<meta name=\"author\" content=\"Julien\" \/>\n<meta name=\"twitter:card\" content=\"summary_large_image\" \/>\n<meta name=\"twitter:label1\" content=\"\u00c9crit par\" \/>\n\t<meta name=\"twitter:data1\" content=\"Julien\" \/>\n\t<meta name=\"twitter:label2\" content=\"Dur\u00e9e de lecture est.\" \/>\n\t<meta name=\"twitter:data2\" content=\"3 minutes\" \/>\n<script type=\"application\/ld+json\" class=\"yoast-schema-graph\">{\"@context\":\"https:\/\/schema.org\",\"@graph\":[{\"@type\":\"Article\",\"@id\":\"https:\/\/vieassociative.be\/actualites\/le-nouveau-google-pixel-9-pro-est-deja-a-150-de-reduction\/#article\",\"isPartOf\":{\"@id\":\"https:\/\/vieassociative.be\/actualites\/le-nouveau-google-pixel-9-pro-est-deja-a-150-de-reduction\/\"},\"author\":{\"name\":\"Julien\",\"@id\":\"https:\/\/vieassociative.be\/actualites\/#\/schema\/person\/b87ac4f82f9d4e7b7cec7395b679edc4\"},\"headline\":\"Le nouveau Google Pixel 9 Pro est d\u00e9j\u00e0 \u00e0 150 $ de r\u00e9duction\",\"datePublished\":\"2025-01-15T07:17:25+00:00\",\"dateModified\":\"2025-01-15T07:17:25+00:00\",\"mainEntityOfPage\":{\"@id\":\"https:\/\/vieassociative.be\/actualites\/le-nouveau-google-pixel-9-pro-est-deja-a-150-de-reduction\/\"},\"wordCount\":569,\"publisher\":{\"@id\":\"https:\/\/vieassociative.be\/actualites\/#organization\"},\"image\":{\"@id\":\"https:\/\/vieassociative.be\/actualites\/le-nouveau-google-pixel-9-pro-est-deja-a-150-de-reduction\/#primaryimage\"},\"thumbnailUrl\":\"https:\/\/vieassociative.be\/actualites\/wp-content\/uploads\/2025\/01\/Le-nouveau-Google-Pixel-9-Pro-est-deja-a-150.png\",\"keywords\":[\"d\u00e9j\u00e0\",\"est\",\"Google\",\"nouveau\",\"Pixel\",\"Pro\",\"r\u00e9duction\"],\"articleSection\":[\"Technologie\"],\"inLanguage\":\"fr-BE\"},{\"@type\":\"WebPage\",\"@id\":\"https:\/\/vieassociative.be\/actualites\/le-nouveau-google-pixel-9-pro-est-deja-a-150-de-reduction\/\",\"url\":\"https:\/\/vieassociative.be\/actualites\/le-nouveau-google-pixel-9-pro-est-deja-a-150-de-reduction\/\",\"name\":\"Le nouveau Google Pixel 9 Pro est d\u00e9j\u00e0 \u00e0 150 $ de r\u00e9duction | Vie Associative\",\"isPartOf\":{\"@id\":\"https:\/\/vieassociative.be\/actualites\/#website\"},\"primaryImageOfPage\":{\"@id\":\"https:\/\/vieassociative.be\/actualites\/le-nouveau-google-pixel-9-pro-est-deja-a-150-de-reduction\/#primaryimage\"},\"image\":{\"@id\":\"https:\/\/vieassociative.be\/actualites\/le-nouveau-google-pixel-9-pro-est-deja-a-150-de-reduction\/#primaryimage\"},\"thumbnailUrl\":\"https:\/\/vieassociative.be\/actualites\/wp-content\/uploads\/2025\/01\/Le-nouveau-Google-Pixel-9-Pro-est-deja-a-150.png\",\"datePublished\":\"2025-01-15T07:17:25+00:00\",\"dateModified\":\"2025-01-15T07:17:25+00:00\",\"breadcrumb\":{\"@id\":\"https:\/\/vieassociative.be\/actualites\/le-nouveau-google-pixel-9-pro-est-deja-a-150-de-reduction\/#breadcrumb\"},\"inLanguage\":\"fr-BE\",\"potentialAction\":[{\"@type\":\"ReadAction\",\"target\":[\"https:\/\/vieassociative.be\/actualites\/le-nouveau-google-pixel-9-pro-est-deja-a-150-de-reduction\/\"]}]},{\"@type\":\"ImageObject\",\"inLanguage\":\"fr-BE\",\"@id\":\"https:\/\/vieassociative.be\/actualites\/le-nouveau-google-pixel-9-pro-est-deja-a-150-de-reduction\/#primaryimage\",\"url\":\"https:\/\/vieassociative.be\/actualites\/wp-content\/uploads\/2025\/01\/Le-nouveau-Google-Pixel-9-Pro-est-deja-a-150.png\",\"contentUrl\":\"https:\/\/vieassociative.be\/actualites\/wp-content\/uploads\/2025\/01\/Le-nouveau-Google-Pixel-9-Pro-est-deja-a-150.png\",\"width\":1200,\"height\":675,\"caption\":\"Le nouveau Google Pixel 9 Pro est d\u00e9j\u00e0 \u00e0 150 $ de r\u00e9duction\"},{\"@type\":\"BreadcrumbList\",\"@id\":\"https:\/\/vieassociative.be\/actualites\/le-nouveau-google-pixel-9-pro-est-deja-a-150-de-reduction\/#breadcrumb\",\"itemListElement\":[{\"@type\":\"ListItem\",\"position\":1,\"name\":\"Accueil\",\"item\":\"https:\/\/vieassociative.be\/actualites\/\"},{\"@type\":\"ListItem\",\"position\":2,\"name\":\"Le nouveau Google Pixel 9 Pro est d\u00e9j\u00e0 \u00e0 150 $ de r\u00e9duction\"}]},{\"@type\":\"WebSite\",\"@id\":\"https:\/\/vieassociative.be\/actualites\/#website\",\"url\":\"https:\/\/vieassociative.be\/actualites\/\",\"name\":\"Vie Associative\",\"description\":\"\",\"publisher\":{\"@id\":\"https:\/\/vieassociative.be\/actualites\/#organization\"},\"potentialAction\":[{\"@type\":\"SearchAction\",\"target\":{\"@type\":\"EntryPoint\",\"urlTemplate\":\"https:\/\/vieassociative.be\/actualites\/?s={search_term_string}\"},\"query-input\":{\"@type\":\"PropertyValueSpecification\",\"valueRequired\":true,\"valueName\":\"search_term_string\"}}],\"inLanguage\":\"fr-BE\"},{\"@type\":\"Organization\",\"@id\":\"https:\/\/vieassociative.be\/actualites\/#organization\",\"name\":\"Vie Associative\",\"url\":\"https:\/\/vieassociative.be\/actualites\/\",\"logo\":{\"@type\":\"ImageObject\",\"inLanguage\":\"fr-BE\",\"@id\":\"https:\/\/vieassociative.be\/actualites\/#\/schema\/logo\/image\/\",\"url\":\"https:\/\/vieassociative.be\/actualites\/wp-content\/uploads\/2024\/09\/cropped-vieassociative_favicon.ico.png\",\"contentUrl\":\"https:\/\/vieassociative.be\/actualites\/wp-content\/uploads\/2024\/09\/cropped-vieassociative_favicon.ico.png\",\"width\":512,\"height\":512,\"caption\":\"Vie Associative\"},\"image\":{\"@id\":\"https:\/\/vieassociative.be\/actualites\/#\/schema\/logo\/image\/\"}},{\"@type\":\"Person\",\"@id\":\"https:\/\/vieassociative.be\/actualites\/#\/schema\/person\/b87ac4f82f9d4e7b7cec7395b679edc4\",\"name\":\"Julien\",\"image\":{\"@type\":\"ImageObject\",\"inLanguage\":\"fr-BE\",\"@id\":\"https:\/\/vieassociative.be\/actualites\/#\/schema\/person\/image\/\",\"url\":\"https:\/\/vieassociative.be\/actualites\/wp-content\/uploads\/2024\/09\/vie-associative-1-150x150.jpg\",\"contentUrl\":\"https:\/\/vieassociative.be\/actualites\/wp-content\/uploads\/2024\/09\/vie-associative-1-150x150.jpg\",\"caption\":\"Julien\"},\"description\":\"Je suis Julien, r\u00e9dacteur pour Vie Associative. Passionn\u00e9 par le monde associatif depuis plus de 10 ans, j'ai \u00e0 c\u0153ur de partager des histoires inspirantes et de mettre en lumi\u00e8re les initiatives locales. Mon objectif est de sensibiliser et d'encourager l'engagement communautaire \u00e0 travers mes articles.\",\"sameAs\":[\"https:\/\/vieassociative.be\/\"]}]}<\/script>\n<!-- \/ Yoast SEO plugin. -->","yoast_head_json":{"title":"Le nouveau Google Pixel 9 Pro est d\u00e9j\u00e0 \u00e0 150 $ de r\u00e9duction | Vie Associative","robots":{"index":"index","follow":"follow","max-snippet":"max-snippet:-1","max-image-preview":"max-image-preview:large","max-video-preview":"max-video-preview:-1"},"canonical":"https:\/\/vieassociative.be\/actualites\/le-nouveau-google-pixel-9-pro-est-deja-a-150-de-reduction\/","og_locale":"fr_FR","og_type":"article","og_title":"Le nouveau Google Pixel 9 Pro est d\u00e9j\u00e0 \u00e0 150 $ de r\u00e9duction | Vie Associative","og_description":"Son dernier t\u00e9l\u00e9phone phare est dot\u00e9 de fonctionnalit\u00e9s d&rsquo;IA, d&rsquo;une longue dur\u00e9e de vie de la batterie et de la promesse de support de Google","og_url":"https:\/\/vieassociative.be\/actualites\/le-nouveau-google-pixel-9-pro-est-deja-a-150-de-reduction\/","og_site_name":"Vie Associative","article_published_time":"2025-01-15T07:17:25+00:00","og_image":[{"url":"https:\/\/vieassociative.be\/actualites\/wp-content\/uploads\/2025\/01\/Le-nouveau-Google-Pixel-9-Pro-est-deja-a-150.svg.svg+xml","type":"","width":"","height":""}],"author":"Julien","twitter_card":"summary_large_image","twitter_misc":{"\u00c9crit par":"Julien","Dur\u00e9e de lecture est.":"3 minutes"},"schema":{"@context":"https:\/\/schema.org","@graph":[{"@type":"Article","@id":"https:\/\/vieassociative.be\/actualites\/le-nouveau-google-pixel-9-pro-est-deja-a-150-de-reduction\/#article","isPartOf":{"@id":"https:\/\/vieassociative.be\/actualites\/le-nouveau-google-pixel-9-pro-est-deja-a-150-de-reduction\/"},"author":{"name":"Julien","@id":"https:\/\/vieassociative.be\/actualites\/#\/schema\/person\/b87ac4f82f9d4e7b7cec7395b679edc4"},"headline":"Le nouveau Google Pixel 9 Pro est d\u00e9j\u00e0 \u00e0 150 $ de r\u00e9duction","datePublished":"2025-01-15T07:17:25+00:00","dateModified":"2025-01-15T07:17:25+00:00","mainEntityOfPage":{"@id":"https:\/\/vieassociative.be\/actualites\/le-nouveau-google-pixel-9-pro-est-deja-a-150-de-reduction\/"},"wordCount":569,"publisher":{"@id":"https:\/\/vieassociative.be\/actualites\/#organization"},"image":{"@id":"https:\/\/vieassociative.be\/actualites\/le-nouveau-google-pixel-9-pro-est-deja-a-150-de-reduction\/#primaryimage"},"thumbnailUrl":"https:\/\/vieassociative.be\/actualites\/wp-content\/uploads\/2025\/01\/Le-nouveau-Google-Pixel-9-Pro-est-deja-a-150.png","keywords":["d\u00e9j\u00e0","est","Google","nouveau","Pixel","Pro","r\u00e9duction"],"articleSection":["Technologie"],"inLanguage":"fr-BE"},{"@type":"WebPage","@id":"https:\/\/vieassociative.be\/actualites\/le-nouveau-google-pixel-9-pro-est-deja-a-150-de-reduction\/","url":"https:\/\/vieassociative.be\/actualites\/le-nouveau-google-pixel-9-pro-est-deja-a-150-de-reduction\/","name":"Le nouveau Google Pixel 9 Pro est d\u00e9j\u00e0 \u00e0 150 $ de r\u00e9duction | Vie Associative","isPartOf":{"@id":"https:\/\/vieassociative.be\/actualites\/#website"},"primaryImageOfPage":{"@id":"https:\/\/vieassociative.be\/actualites\/le-nouveau-google-pixel-9-pro-est-deja-a-150-de-reduction\/#primaryimage"},"image":{"@id":"https:\/\/vieassociative.be\/actualites\/le-nouveau-google-pixel-9-pro-est-deja-a-150-de-reduction\/#primaryimage"},"thumbnailUrl":"https:\/\/vieassociative.be\/actualites\/wp-content\/uploads\/2025\/01\/Le-nouveau-Google-Pixel-9-Pro-est-deja-a-150.png","datePublished":"2025-01-15T07:17:25+00:00","dateModified":"2025-01-15T07:17:25+00:00","breadcrumb":{"@id":"https:\/\/vieassociative.be\/actualites\/le-nouveau-google-pixel-9-pro-est-deja-a-150-de-reduction\/#breadcrumb"},"inLanguage":"fr-BE","potentialAction":[{"@type":"ReadAction","target":["https:\/\/vieassociative.be\/actualites\/le-nouveau-google-pixel-9-pro-est-deja-a-150-de-reduction\/"]}]},{"@type":"ImageObject","inLanguage":"fr-BE","@id":"https:\/\/vieassociative.be\/actualites\/le-nouveau-google-pixel-9-pro-est-deja-a-150-de-reduction\/#primaryimage","url":"https:\/\/vieassociative.be\/actualites\/wp-content\/uploads\/2025\/01\/Le-nouveau-Google-Pixel-9-Pro-est-deja-a-150.png","contentUrl":"https:\/\/vieassociative.be\/actualites\/wp-content\/uploads\/2025\/01\/Le-nouveau-Google-Pixel-9-Pro-est-deja-a-150.png","width":1200,"height":675,"caption":"Le nouveau Google Pixel 9 Pro est d\u00e9j\u00e0 \u00e0 150 $ de r\u00e9duction"},{"@type":"BreadcrumbList","@id":"https:\/\/vieassociative.be\/actualites\/le-nouveau-google-pixel-9-pro-est-deja-a-150-de-reduction\/#breadcrumb","itemListElement":[{"@type":"ListItem","position":1,"name":"Accueil","item":"https:\/\/vieassociative.be\/actualites\/"},{"@type":"ListItem","position":2,"name":"Le nouveau Google Pixel 9 Pro est d\u00e9j\u00e0 \u00e0 150 $ de r\u00e9duction"}]},{"@type":"WebSite","@id":"https:\/\/vieassociative.be\/actualites\/#website","url":"https:\/\/vieassociative.be\/actualites\/","name":"Vie Associative","description":"","publisher":{"@id":"https:\/\/vieassociative.be\/actualites\/#organization"},"potentialAction":[{"@type":"SearchAction","target":{"@type":"EntryPoint","urlTemplate":"https:\/\/vieassociative.be\/actualites\/?s={search_term_string}"},"query-input":{"@type":"PropertyValueSpecification","valueRequired":true,"valueName":"search_term_string"}}],"inLanguage":"fr-BE"},{"@type":"Organization","@id":"https:\/\/vieassociative.be\/actualites\/#organization","name":"Vie Associative","url":"https:\/\/vieassociative.be\/actualites\/","logo":{"@type":"ImageObject","inLanguage":"fr-BE","@id":"https:\/\/vieassociative.be\/actualites\/#\/schema\/logo\/image\/","url":"https:\/\/vieassociative.be\/actualites\/wp-content\/uploads\/2024\/09\/cropped-vieassociative_favicon.ico.png","contentUrl":"https:\/\/vieassociative.be\/actualites\/wp-content\/uploads\/2024\/09\/cropped-vieassociative_favicon.ico.png","width":512,"height":512,"caption":"Vie Associative"},"image":{"@id":"https:\/\/vieassociative.be\/actualites\/#\/schema\/logo\/image\/"}},{"@type":"Person","@id":"https:\/\/vieassociative.be\/actualites\/#\/schema\/person\/b87ac4f82f9d4e7b7cec7395b679edc4","name":"Julien","image":{"@type":"ImageObject","inLanguage":"fr-BE","@id":"https:\/\/vieassociative.be\/actualites\/#\/schema\/person\/image\/","url":"https:\/\/vieassociative.be\/actualites\/wp-content\/uploads\/2024\/09\/vie-associative-1-150x150.jpg","contentUrl":"https:\/\/vieassociative.be\/actualites\/wp-content\/uploads\/2024\/09\/vie-associative-1-150x150.jpg","caption":"Julien"},"description":"Je suis Julien, r\u00e9dacteur pour Vie Associative. Passionn\u00e9 par le monde associatif depuis plus de 10 ans, j'ai \u00e0 c\u0153ur de partager des histoires inspirantes et de mettre en lumi\u00e8re les initiatives locales. Mon objectif est de sensibiliser et d'encourager l'engagement communautaire \u00e0 travers mes articles.","sameAs":["https:\/\/vieassociative.be\/"]}]}},"_links":{"self":[{"href":"https:\/\/vieassociative.be\/actualites\/wp-json\/wp\/v2\/posts\/4336"}],"collection":[{"href":"https:\/\/vieassociative.be\/actualites\/wp-json\/wp\/v2\/posts"}],"about":[{"href":"https:\/\/vieassociative.be\/actualites\/wp-json\/wp\/v2\/types\/post"}],"author":[{"embeddable":true,"href":"https:\/\/vieassociative.be\/actualites\/wp-json\/wp\/v2\/users\/1"}],"replies":[{"embeddable":true,"href":"https:\/\/vieassociative.be\/actualites\/wp-json\/wp\/v2\/comments?post=4336"}],"version-history":[{"count":0,"href":"https:\/\/vieassociative.be\/actualites\/wp-json\/wp\/v2\/posts\/4336\/revisions"}],"wp:featuredmedia":[{"embeddable":true,"href":"https:\/\/vieassociative.be\/actualites\/wp-json\/wp\/v2\/media\/4337"}],"wp:attachment":[{"href":"https:\/\/vieassociative.be\/actualites\/wp-json\/wp\/v2\/media?parent=4336"}],"wp:term":[{"taxonomy":"category","embeddable":true,"href":"https:\/\/vieassociative.be\/actualites\/wp-json\/wp\/v2\/categories?post=4336"},{"taxonomy":"post_tag","embeddable":true,"href":"https:\/\/vieassociative.be\/actualites\/wp-json\/wp\/v2\/tags?post=4336"}],"curies":[{"name":"wp","href":"https:\/\/api.w.org\/{rel}","templated":true}]}}