{"id":4334,"date":"2025-01-15T07:17:23","date_gmt":"2025-01-15T06:17:23","guid":{"rendered":"https:\/\/vieassociative.be\/actualites\/notez-des-maintenant-ces-huit-dates-et-echeances-fiscales\/"},"modified":"2025-01-15T07:17:23","modified_gmt":"2025-01-15T06:17:23","slug":"notez-des-maintenant-ces-huit-dates-et-echeances-fiscales","status":"publish","type":"post","link":"https:\/\/vieassociative.be\/actualites\/notez-des-maintenant-ces-huit-dates-et-echeances-fiscales\/","title":{"rendered":"Notez d\u00e8s maintenant ces huit dates et \u00e9ch\u00e9ances fiscales"},"content":{"rendered":"<div class=\"mt-4 leading-6 md:mb-8\">Le jour des imp\u00f4ts est le 15 avril, mais il y a d&rsquo;autres dates importantes \u00e0 ne pas manquer.<\/div>\n<p><\/p>\n<p>La saison des imp\u00f4ts est \u00e0 nos portes, ce qui signifie que le moment est venu de passer \u00e0 la vitesse sup\u00e9rieure. Plus t\u00f4t vous d\u00e9posez votre demande, plus t\u00f4t vous recevrez votre remboursement ou plus t\u00f4t vous disposerez de temps pour r\u00e9cup\u00e9rer l&rsquo;argent correspondant \u00e0 un solde impay\u00e9. L&rsquo;IRS commencera \u00e0 accepter les d\u00e9clarations plus tard ce mois-ci, et bien que la date limite la plus importante pour la plupart des contribuables soit le 15 avril, il existe d&rsquo;autres dates importantes que vous devez conna\u00eetre en 2025. <\/p>\n<h2 id=\"january-15-estimated-tax-payment-for-q4-2024\">15 janvier\u00a0: paiement d&rsquo;imp\u00f4t estim\u00e9 pour le quatri\u00e8me trimestre\u00a02024<\/h2>\n<p>La premi\u00e8re date limite en 2025 est en fait le paiement final estim\u00e9 de l&rsquo;imp\u00f4t pour 2024. Toute personne travaillant \u00e0 son compte (entrepreneurs et ind\u00e9pendants, par exemple) ou qui effectue des paiements d&rsquo;imp\u00f4ts estim\u00e9s tout au long de l&rsquo;ann\u00e9e devrait pr\u00e9voir de d\u00e9clarer tout revenu gagn\u00e9 au quatri\u00e8me trimestre du dernier trimestre. ann\u00e9e (\u00e0 des fins fiscales, c\u2019est du 1er septembre au 31 d\u00e9cembre). Le fait de ne pas effectuer les paiements estim\u00e9s ou de payer trop peu peut entra\u00eener des p\u00e9nalit\u00e9s. Notez que si vous produisez votre d\u00e9claration <em>et<\/em> Si vous payez votre facture de taxes avant le 31 janvier, vous pouvez ignorer le paiement du 15 janvier. <\/p>\n<h2 id=\"january-27-tax-filing-opens\">27 janvier\u00a0: ouverture des d\u00e9clarations de revenus<\/h2>\n<p>L&rsquo;IRS vient d&rsquo;annoncer qu&rsquo;il commencerait \u00e0 accepter les d\u00e9clarations de revenus 2024 le 27 janvier. De nombreux contribuables sont \u00e9ligibles au d\u00e9p\u00f4t gratuit soit via IRS Free File, qui peut \u00eatre pr\u00e9par\u00e9 maintenant et conserv\u00e9 jusqu&rsquo;au d\u00e9but de la p\u00e9riode de d\u00e9claration, soit par IRS Direct File, qui \u00e9tait a \u00e9t\u00e9 test\u00e9 l&rsquo;ann\u00e9e derni\u00e8re et est d\u00e9sormais disponible dans 25 \u00c9tats\u00a0: Alaska, Arizona, Californie, Connecticut, Floride, Idaho, Illinois, Kansas, Maine, Maryland, Massachusetts, Nevada, New Hampshire, New Jersey, Nouveau-Mexique, Nouveau-Mexique. York, Caroline du Nord, Oregon, Pennsylvanie, Dakota du Sud, Tennessee, Texas, Washington, Wisconsin et Wyoming.<\/p>\n<p>Bien que vous puissiez soumettre votre d\u00e9claration de revenus \u00e0 partir du 27 janvier, les entreprises ont jusqu&rsquo;au 31 janvier pour finaliser et envoyer 1 099 formulaires. Assurez-vous d&rsquo;avoir tous vos documents avant de d\u00e9poser. <\/p>\n<h2 id=\"march-17-business-filing-deadline\">17 mars\u00a0: date limite de d\u00e9p\u00f4t des entreprises<\/h2>\n<p>Le 17 mars est la date limite de d\u00e9claration pour les entreprises impos\u00e9es en tant que soci\u00e9t\u00e9s de personnes ou soci\u00e9t\u00e9s S. C\u2019est \u00e9galement la date limite pour choisir d\u2019\u00eatre trait\u00e9 comme une S corp pour 2025. <\/p>\n<h2 id=\"april-15-tax-filing-and-retirement-contribution-deadline\">15 avril\u00a0: date limite de d\u00e9claration de revenus et de cotisation de retraite <\/h2>\n<p>La date la plus importante de l\u2019ann\u00e9e est la Journ\u00e9e des imp\u00f4ts. Il y a une poign\u00e9e d\u2019\u00e9ch\u00e9ances importantes qui tombent le 15 avril\u00a0: <\/p>\n<ul>\n<li>\n<p><strong>Les d\u00e9clarations de revenus et les paiements sont dus pour les particuliers et les soci\u00e9t\u00e9s<\/strong>. \u00c0 moins que vous ne demandiez une prolongation, vous devez soumettre votre d\u00e9claration et payer tous les imp\u00f4ts dus pour \u00e9viter les p\u00e9nalit\u00e9s et les int\u00e9r\u00eats. Si vous n\u2019\u00eates pas en mesure de payer votre facture fiscale avant la date limite, n\u2019\u00e9vitez pas le probl\u00e8me. Examinez les plans de paiement IRS. <\/p>\n<\/li>\n<li>\n<p><strong>Demander une prolongation<\/strong>. Si vous avez besoin d&rsquo;une prolongation (qui vous donne jusqu&rsquo;au 15 octobre pour soumettre votre d\u00e9claration), demandez-la avant la date limite de production d&rsquo;avril. Les prolongations ne s\u2019appliquent pas aux imp\u00f4ts impay\u00e9s, qui doivent encore \u00eatre pay\u00e9s avant le 15 avril. <\/p>\n<\/li>\n<li>\n<p><strong>Effectuez votre paiement d&rsquo;imp\u00f4t estim\u00e9 pour le premier trimestre<\/strong>. Malheureusement, le premier paiement d&rsquo;imp\u00f4t estim\u00e9 pour 2025 doit \u00e9galement \u00eatre pay\u00e9 le 15 avril. Cela couvre les revenus gagn\u00e9s en janvier, f\u00e9vrier et mars. <\/p>\n<\/li>\n<li>\n<p><strong>Finaliser les contributions \u00e0 votre IRA et\/ou HSA<\/strong>. Vous avez jusqu&rsquo;\u00e0 la date limite de d\u00e9claration de revenus pour verser des cotisations \u00e0 votre IRA et HSA et les appliquer \u00e0 l&rsquo;ann\u00e9e fiscale pr\u00e9c\u00e9dente. Si vous n\u2019avez pas atteint le plafond de cotisation pour 2024 et disposez de fonds suppl\u00e9mentaires, vous pouvez envisager de cotiser sur ces comptes fiscalement avantageux. <\/p>\n<\/li>\n<\/ul>\n<p>Il existe quelques exceptions \u00e0 ce d\u00e9lai de d\u00e9p\u00f4t. Ceux qui se trouvent dans les zones sinistr\u00e9es b\u00e9n\u00e9ficient de prolongations, qui varient en fonction du lieu. Pour les d\u00e9clarations (et les paiements) de 2024, l&rsquo;IRS a d\u00e9j\u00e0 prolong\u00e9 la date limite jusqu&rsquo;au 1er mai pour les r\u00e9sidents de l&rsquo;Alabama, de la Floride, de la G\u00e9orgie, de la Caroline du Nord et de la Caroline du Sud, ainsi que ceux de certaines parties de l&rsquo;Alaska, du Nouveau-Mexique, du Tennessee, de la Virginie, et la Virginie occidentale. L&rsquo;IRS n&rsquo;a pas encore annonc\u00e9 de prolongation pour les r\u00e9sidents californiens touch\u00e9s par les incendies de for\u00eat, mais vous pouvez trouver les informations les plus r\u00e9centes sur le site Web de l&rsquo;agence. <\/p>\n<h2 id=\"june-16-estimated-tax-payment-for-q2\">16\u00a0juin\u00a0:\u00a0paiement estim\u00e9 des imp\u00f4ts pour le deuxi\u00e8me trimestre<\/h2>\n<p>Le deuxi\u00e8me paiement d\u2019imp\u00f4t estim\u00e9 pour les revenus de 2025 tombe le 16 juin et couvre les revenus gagn\u00e9s du 1er avril au 30 mai. <\/p>\n<h2 id=\"september-15-estimated-tax-payment-for-q3\">15 septembre\u00a0: paiement d&rsquo;imp\u00f4t estim\u00e9 pour le troisi\u00e8me trimestre<\/h2>\n<p>Le troisi\u00e8me paiement d&rsquo;imp\u00f4t estim\u00e9 pour les revenus de 2025 tombe le 15 septembre et couvre les revenus gagn\u00e9s du 1er juin au 31 ao\u00fbt. <\/p>\n<h2 id=\"october-15-extended-tax-filing-deadline\">15 octobre\u00a0: date limite de d\u00e9claration de revenus prolong\u00e9e<\/h2>\n<p>Si vous avez demand\u00e9 une prolongation pour produire votre d\u00e9claration, celle-ci est due le 15 octobre. <\/p>\n<h2 id=\"january-15-2026-estimated-tax-payment-for-q4\">15\u00a0janvier\u00a02026\u00a0: paiement d&rsquo;imp\u00f4t estim\u00e9 pour le quatri\u00e8me trimestre<\/h2>\n<p>Le paiement final de l\u2019imp\u00f4t estim\u00e9 pour les revenus de 2025 tombe le 15 janvier 2026 et couvre les revenus gagn\u00e9s du 1er septembre au 31 d\u00e9cembre. <\/p>\n","protected":false},"excerpt":{"rendered":"<p>Le jour des imp\u00f4ts est le 15 avril, mais il y a d&rsquo;autres dates importantes \u00e0 ne pas manquer. La saison des imp\u00f4ts est \u00e0<\/p>\n","protected":false},"author":1,"featured_media":4335,"comment_status":"","ping_status":"","sticky":false,"template":"","format":"standard","meta":{"footnotes":""},"categories":[41],"tags":[248,935,29,4735,4736,78,233,4734],"class_list":["post-4334","post","type-post","status-publish","format-standard","has-post-thumbnail","hentry","category-argent","tag-ces","tag-dates","tag-des","tag-echeances","tag-fiscales","tag-huit","tag-maintenant","tag-notez","generate-columns","tablet-grid-50","mobile-grid-100","grid-parent","grid-33"],"yoast_head":"<!-- This site is optimized with the Yoast SEO plugin v24.0 - https:\/\/yoast.com\/wordpress\/plugins\/seo\/ -->\n<title>Notez d\u00e8s maintenant ces huit dates et \u00e9ch\u00e9ances fiscales | Vie Associative<\/title>\n<meta name=\"robots\" content=\"index, follow, max-snippet:-1, max-image-preview:large, max-video-preview:-1\" \/>\n<link rel=\"canonical\" href=\"https:\/\/vieassociative.be\/actualites\/notez-des-maintenant-ces-huit-dates-et-echeances-fiscales\/\" \/>\n<meta property=\"og:locale\" content=\"fr_FR\" \/>\n<meta property=\"og:type\" content=\"article\" \/>\n<meta property=\"og:title\" content=\"Notez d\u00e8s maintenant ces huit dates et \u00e9ch\u00e9ances fiscales | Vie Associative\" \/>\n<meta property=\"og:description\" content=\"Le jour des imp\u00f4ts est le 15 avril, mais il y a d&rsquo;autres dates importantes \u00e0 ne pas manquer. La saison des imp\u00f4ts est \u00e0\" \/>\n<meta property=\"og:url\" content=\"https:\/\/vieassociative.be\/actualites\/notez-des-maintenant-ces-huit-dates-et-echeances-fiscales\/\" \/>\n<meta property=\"og:site_name\" content=\"Vie Associative\" \/>\n<meta property=\"article:published_time\" content=\"2025-01-15T06:17:23+00:00\" \/>\n<meta property=\"og:image\" content=\"https:\/\/vieassociative.be\/actualites\/wp-content\/uploads\/2024\/09\/header_backgroundk-01-e1726694325946.png\" \/>\n\t<meta property=\"og:image:width\" content=\"279\" \/>\n\t<meta property=\"og:image:height\" content=\"92\" \/>\n\t<meta property=\"og:image:type\" content=\"image\/png\" \/>\n<meta name=\"author\" content=\"Julien\" \/>\n<meta name=\"twitter:card\" content=\"summary_large_image\" \/>\n<meta name=\"twitter:label1\" content=\"\u00c9crit par\" \/>\n\t<meta name=\"twitter:data1\" content=\"Julien\" \/>\n\t<meta name=\"twitter:label2\" content=\"Dur\u00e9e de lecture est.\" \/>\n\t<meta name=\"twitter:data2\" content=\"5 minutes\" \/>\n<script type=\"application\/ld+json\" class=\"yoast-schema-graph\">{\"@context\":\"https:\/\/schema.org\",\"@graph\":[{\"@type\":\"Article\",\"@id\":\"https:\/\/vieassociative.be\/actualites\/notez-des-maintenant-ces-huit-dates-et-echeances-fiscales\/#article\",\"isPartOf\":{\"@id\":\"https:\/\/vieassociative.be\/actualites\/notez-des-maintenant-ces-huit-dates-et-echeances-fiscales\/\"},\"author\":{\"name\":\"Julien\",\"@id\":\"https:\/\/vieassociative.be\/actualites\/#\/schema\/person\/b87ac4f82f9d4e7b7cec7395b679edc4\"},\"headline\":\"Notez d\u00e8s maintenant ces huit dates et \u00e9ch\u00e9ances fiscales\",\"datePublished\":\"2025-01-15T06:17:23+00:00\",\"dateModified\":\"2025-01-15T06:17:23+00:00\",\"mainEntityOfPage\":{\"@id\":\"https:\/\/vieassociative.be\/actualites\/notez-des-maintenant-ces-huit-dates-et-echeances-fiscales\/\"},\"wordCount\":1004,\"publisher\":{\"@id\":\"https:\/\/vieassociative.be\/actualites\/#organization\"},\"image\":{\"@id\":\"https:\/\/vieassociative.be\/actualites\/notez-des-maintenant-ces-huit-dates-et-echeances-fiscales\/#primaryimage\"},\"thumbnailUrl\":\"https:\/\/vieassociative.be\/actualites\/wp-content\/uploads\/2025\/01\/Notez-des-maintenant-ces-huit-dates-et-echeances-fiscales.png\",\"keywords\":[\"ces\",\"dates\",\"Des\",\"\u00e9ch\u00e9ances\",\"fiscales\",\"Huit\",\"maintenant\",\"Notez\"],\"articleSection\":[\"Argent\"],\"inLanguage\":\"fr-BE\"},{\"@type\":\"WebPage\",\"@id\":\"https:\/\/vieassociative.be\/actualites\/notez-des-maintenant-ces-huit-dates-et-echeances-fiscales\/\",\"url\":\"https:\/\/vieassociative.be\/actualites\/notez-des-maintenant-ces-huit-dates-et-echeances-fiscales\/\",\"name\":\"Notez d\u00e8s maintenant ces huit dates et \u00e9ch\u00e9ances fiscales | Vie Associative\",\"isPartOf\":{\"@id\":\"https:\/\/vieassociative.be\/actualites\/#website\"},\"primaryImageOfPage\":{\"@id\":\"https:\/\/vieassociative.be\/actualites\/notez-des-maintenant-ces-huit-dates-et-echeances-fiscales\/#primaryimage\"},\"image\":{\"@id\":\"https:\/\/vieassociative.be\/actualites\/notez-des-maintenant-ces-huit-dates-et-echeances-fiscales\/#primaryimage\"},\"thumbnailUrl\":\"https:\/\/vieassociative.be\/actualites\/wp-content\/uploads\/2025\/01\/Notez-des-maintenant-ces-huit-dates-et-echeances-fiscales.png\",\"datePublished\":\"2025-01-15T06:17:23+00:00\",\"dateModified\":\"2025-01-15T06:17:23+00:00\",\"breadcrumb\":{\"@id\":\"https:\/\/vieassociative.be\/actualites\/notez-des-maintenant-ces-huit-dates-et-echeances-fiscales\/#breadcrumb\"},\"inLanguage\":\"fr-BE\",\"potentialAction\":[{\"@type\":\"ReadAction\",\"target\":[\"https:\/\/vieassociative.be\/actualites\/notez-des-maintenant-ces-huit-dates-et-echeances-fiscales\/\"]}]},{\"@type\":\"ImageObject\",\"inLanguage\":\"fr-BE\",\"@id\":\"https:\/\/vieassociative.be\/actualites\/notez-des-maintenant-ces-huit-dates-et-echeances-fiscales\/#primaryimage\",\"url\":\"https:\/\/vieassociative.be\/actualites\/wp-content\/uploads\/2025\/01\/Notez-des-maintenant-ces-huit-dates-et-echeances-fiscales.png\",\"contentUrl\":\"https:\/\/vieassociative.be\/actualites\/wp-content\/uploads\/2025\/01\/Notez-des-maintenant-ces-huit-dates-et-echeances-fiscales.png\",\"width\":1200,\"height\":675,\"caption\":\"Notez d\u00e8s maintenant ces huit dates et \u00e9ch\u00e9ances fiscales\"},{\"@type\":\"BreadcrumbList\",\"@id\":\"https:\/\/vieassociative.be\/actualites\/notez-des-maintenant-ces-huit-dates-et-echeances-fiscales\/#breadcrumb\",\"itemListElement\":[{\"@type\":\"ListItem\",\"position\":1,\"name\":\"Accueil\",\"item\":\"https:\/\/vieassociative.be\/actualites\/\"},{\"@type\":\"ListItem\",\"position\":2,\"name\":\"Notez d\u00e8s maintenant ces huit dates et \u00e9ch\u00e9ances fiscales\"}]},{\"@type\":\"WebSite\",\"@id\":\"https:\/\/vieassociative.be\/actualites\/#website\",\"url\":\"https:\/\/vieassociative.be\/actualites\/\",\"name\":\"Vie Associative\",\"description\":\"\",\"publisher\":{\"@id\":\"https:\/\/vieassociative.be\/actualites\/#organization\"},\"potentialAction\":[{\"@type\":\"SearchAction\",\"target\":{\"@type\":\"EntryPoint\",\"urlTemplate\":\"https:\/\/vieassociative.be\/actualites\/?s={search_term_string}\"},\"query-input\":{\"@type\":\"PropertyValueSpecification\",\"valueRequired\":true,\"valueName\":\"search_term_string\"}}],\"inLanguage\":\"fr-BE\"},{\"@type\":\"Organization\",\"@id\":\"https:\/\/vieassociative.be\/actualites\/#organization\",\"name\":\"Vie Associative\",\"url\":\"https:\/\/vieassociative.be\/actualites\/\",\"logo\":{\"@type\":\"ImageObject\",\"inLanguage\":\"fr-BE\",\"@id\":\"https:\/\/vieassociative.be\/actualites\/#\/schema\/logo\/image\/\",\"url\":\"https:\/\/vieassociative.be\/actualites\/wp-content\/uploads\/2024\/09\/cropped-vieassociative_favicon.ico.png\",\"contentUrl\":\"https:\/\/vieassociative.be\/actualites\/wp-content\/uploads\/2024\/09\/cropped-vieassociative_favicon.ico.png\",\"width\":512,\"height\":512,\"caption\":\"Vie Associative\"},\"image\":{\"@id\":\"https:\/\/vieassociative.be\/actualites\/#\/schema\/logo\/image\/\"}},{\"@type\":\"Person\",\"@id\":\"https:\/\/vieassociative.be\/actualites\/#\/schema\/person\/b87ac4f82f9d4e7b7cec7395b679edc4\",\"name\":\"Julien\",\"image\":{\"@type\":\"ImageObject\",\"inLanguage\":\"fr-BE\",\"@id\":\"https:\/\/vieassociative.be\/actualites\/#\/schema\/person\/image\/\",\"url\":\"https:\/\/vieassociative.be\/actualites\/wp-content\/uploads\/2024\/09\/vie-associative-1-150x150.jpg\",\"contentUrl\":\"https:\/\/vieassociative.be\/actualites\/wp-content\/uploads\/2024\/09\/vie-associative-1-150x150.jpg\",\"caption\":\"Julien\"},\"description\":\"Je suis Julien, r\u00e9dacteur pour Vie Associative. Passionn\u00e9 par le monde associatif depuis plus de 10 ans, j'ai \u00e0 c\u0153ur de partager des histoires inspirantes et de mettre en lumi\u00e8re les initiatives locales. Mon objectif est de sensibiliser et d'encourager l'engagement communautaire \u00e0 travers mes articles.\",\"sameAs\":[\"https:\/\/vieassociative.be\/\"]}]}<\/script>\n<!-- \/ Yoast SEO plugin. -->","yoast_head_json":{"title":"Notez d\u00e8s maintenant ces huit dates et \u00e9ch\u00e9ances fiscales | Vie Associative","robots":{"index":"index","follow":"follow","max-snippet":"max-snippet:-1","max-image-preview":"max-image-preview:large","max-video-preview":"max-video-preview:-1"},"canonical":"https:\/\/vieassociative.be\/actualites\/notez-des-maintenant-ces-huit-dates-et-echeances-fiscales\/","og_locale":"fr_FR","og_type":"article","og_title":"Notez d\u00e8s maintenant ces huit dates et \u00e9ch\u00e9ances fiscales | Vie Associative","og_description":"Le jour des imp\u00f4ts est le 15 avril, mais il y a d&rsquo;autres dates importantes \u00e0 ne pas manquer. La saison des imp\u00f4ts est \u00e0","og_url":"https:\/\/vieassociative.be\/actualites\/notez-des-maintenant-ces-huit-dates-et-echeances-fiscales\/","og_site_name":"Vie Associative","article_published_time":"2025-01-15T06:17:23+00:00","og_image":[{"width":279,"height":92,"url":"https:\/\/vieassociative.be\/actualites\/wp-content\/uploads\/2024\/09\/header_backgroundk-01-e1726694325946.png","type":"image\/png"}],"author":"Julien","twitter_card":"summary_large_image","twitter_misc":{"\u00c9crit par":"Julien","Dur\u00e9e de lecture est.":"5 minutes"},"schema":{"@context":"https:\/\/schema.org","@graph":[{"@type":"Article","@id":"https:\/\/vieassociative.be\/actualites\/notez-des-maintenant-ces-huit-dates-et-echeances-fiscales\/#article","isPartOf":{"@id":"https:\/\/vieassociative.be\/actualites\/notez-des-maintenant-ces-huit-dates-et-echeances-fiscales\/"},"author":{"name":"Julien","@id":"https:\/\/vieassociative.be\/actualites\/#\/schema\/person\/b87ac4f82f9d4e7b7cec7395b679edc4"},"headline":"Notez d\u00e8s maintenant ces huit dates et \u00e9ch\u00e9ances fiscales","datePublished":"2025-01-15T06:17:23+00:00","dateModified":"2025-01-15T06:17:23+00:00","mainEntityOfPage":{"@id":"https:\/\/vieassociative.be\/actualites\/notez-des-maintenant-ces-huit-dates-et-echeances-fiscales\/"},"wordCount":1004,"publisher":{"@id":"https:\/\/vieassociative.be\/actualites\/#organization"},"image":{"@id":"https:\/\/vieassociative.be\/actualites\/notez-des-maintenant-ces-huit-dates-et-echeances-fiscales\/#primaryimage"},"thumbnailUrl":"https:\/\/vieassociative.be\/actualites\/wp-content\/uploads\/2025\/01\/Notez-des-maintenant-ces-huit-dates-et-echeances-fiscales.png","keywords":["ces","dates","Des","\u00e9ch\u00e9ances","fiscales","Huit","maintenant","Notez"],"articleSection":["Argent"],"inLanguage":"fr-BE"},{"@type":"WebPage","@id":"https:\/\/vieassociative.be\/actualites\/notez-des-maintenant-ces-huit-dates-et-echeances-fiscales\/","url":"https:\/\/vieassociative.be\/actualites\/notez-des-maintenant-ces-huit-dates-et-echeances-fiscales\/","name":"Notez d\u00e8s maintenant ces huit dates et \u00e9ch\u00e9ances fiscales | Vie Associative","isPartOf":{"@id":"https:\/\/vieassociative.be\/actualites\/#website"},"primaryImageOfPage":{"@id":"https:\/\/vieassociative.be\/actualites\/notez-des-maintenant-ces-huit-dates-et-echeances-fiscales\/#primaryimage"},"image":{"@id":"https:\/\/vieassociative.be\/actualites\/notez-des-maintenant-ces-huit-dates-et-echeances-fiscales\/#primaryimage"},"thumbnailUrl":"https:\/\/vieassociative.be\/actualites\/wp-content\/uploads\/2025\/01\/Notez-des-maintenant-ces-huit-dates-et-echeances-fiscales.png","datePublished":"2025-01-15T06:17:23+00:00","dateModified":"2025-01-15T06:17:23+00:00","breadcrumb":{"@id":"https:\/\/vieassociative.be\/actualites\/notez-des-maintenant-ces-huit-dates-et-echeances-fiscales\/#breadcrumb"},"inLanguage":"fr-BE","potentialAction":[{"@type":"ReadAction","target":["https:\/\/vieassociative.be\/actualites\/notez-des-maintenant-ces-huit-dates-et-echeances-fiscales\/"]}]},{"@type":"ImageObject","inLanguage":"fr-BE","@id":"https:\/\/vieassociative.be\/actualites\/notez-des-maintenant-ces-huit-dates-et-echeances-fiscales\/#primaryimage","url":"https:\/\/vieassociative.be\/actualites\/wp-content\/uploads\/2025\/01\/Notez-des-maintenant-ces-huit-dates-et-echeances-fiscales.png","contentUrl":"https:\/\/vieassociative.be\/actualites\/wp-content\/uploads\/2025\/01\/Notez-des-maintenant-ces-huit-dates-et-echeances-fiscales.png","width":1200,"height":675,"caption":"Notez d\u00e8s maintenant ces huit dates et \u00e9ch\u00e9ances fiscales"},{"@type":"BreadcrumbList","@id":"https:\/\/vieassociative.be\/actualites\/notez-des-maintenant-ces-huit-dates-et-echeances-fiscales\/#breadcrumb","itemListElement":[{"@type":"ListItem","position":1,"name":"Accueil","item":"https:\/\/vieassociative.be\/actualites\/"},{"@type":"ListItem","position":2,"name":"Notez d\u00e8s maintenant ces huit dates et \u00e9ch\u00e9ances fiscales"}]},{"@type":"WebSite","@id":"https:\/\/vieassociative.be\/actualites\/#website","url":"https:\/\/vieassociative.be\/actualites\/","name":"Vie Associative","description":"","publisher":{"@id":"https:\/\/vieassociative.be\/actualites\/#organization"},"potentialAction":[{"@type":"SearchAction","target":{"@type":"EntryPoint","urlTemplate":"https:\/\/vieassociative.be\/actualites\/?s={search_term_string}"},"query-input":{"@type":"PropertyValueSpecification","valueRequired":true,"valueName":"search_term_string"}}],"inLanguage":"fr-BE"},{"@type":"Organization","@id":"https:\/\/vieassociative.be\/actualites\/#organization","name":"Vie Associative","url":"https:\/\/vieassociative.be\/actualites\/","logo":{"@type":"ImageObject","inLanguage":"fr-BE","@id":"https:\/\/vieassociative.be\/actualites\/#\/schema\/logo\/image\/","url":"https:\/\/vieassociative.be\/actualites\/wp-content\/uploads\/2024\/09\/cropped-vieassociative_favicon.ico.png","contentUrl":"https:\/\/vieassociative.be\/actualites\/wp-content\/uploads\/2024\/09\/cropped-vieassociative_favicon.ico.png","width":512,"height":512,"caption":"Vie Associative"},"image":{"@id":"https:\/\/vieassociative.be\/actualites\/#\/schema\/logo\/image\/"}},{"@type":"Person","@id":"https:\/\/vieassociative.be\/actualites\/#\/schema\/person\/b87ac4f82f9d4e7b7cec7395b679edc4","name":"Julien","image":{"@type":"ImageObject","inLanguage":"fr-BE","@id":"https:\/\/vieassociative.be\/actualites\/#\/schema\/person\/image\/","url":"https:\/\/vieassociative.be\/actualites\/wp-content\/uploads\/2024\/09\/vie-associative-1-150x150.jpg","contentUrl":"https:\/\/vieassociative.be\/actualites\/wp-content\/uploads\/2024\/09\/vie-associative-1-150x150.jpg","caption":"Julien"},"description":"Je suis Julien, r\u00e9dacteur pour Vie Associative. Passionn\u00e9 par le monde associatif depuis plus de 10 ans, j'ai \u00e0 c\u0153ur de partager des histoires inspirantes et de mettre en lumi\u00e8re les initiatives locales. Mon objectif est de sensibiliser et d'encourager l'engagement communautaire \u00e0 travers mes articles.","sameAs":["https:\/\/vieassociative.be\/"]}]}},"_links":{"self":[{"href":"https:\/\/vieassociative.be\/actualites\/wp-json\/wp\/v2\/posts\/4334"}],"collection":[{"href":"https:\/\/vieassociative.be\/actualites\/wp-json\/wp\/v2\/posts"}],"about":[{"href":"https:\/\/vieassociative.be\/actualites\/wp-json\/wp\/v2\/types\/post"}],"author":[{"embeddable":true,"href":"https:\/\/vieassociative.be\/actualites\/wp-json\/wp\/v2\/users\/1"}],"replies":[{"embeddable":true,"href":"https:\/\/vieassociative.be\/actualites\/wp-json\/wp\/v2\/comments?post=4334"}],"version-history":[{"count":0,"href":"https:\/\/vieassociative.be\/actualites\/wp-json\/wp\/v2\/posts\/4334\/revisions"}],"wp:featuredmedia":[{"embeddable":true,"href":"https:\/\/vieassociative.be\/actualites\/wp-json\/wp\/v2\/media\/4335"}],"wp:attachment":[{"href":"https:\/\/vieassociative.be\/actualites\/wp-json\/wp\/v2\/media?parent=4334"}],"wp:term":[{"taxonomy":"category","embeddable":true,"href":"https:\/\/vieassociative.be\/actualites\/wp-json\/wp\/v2\/categories?post=4334"},{"taxonomy":"post_tag","embeddable":true,"href":"https:\/\/vieassociative.be\/actualites\/wp-json\/wp\/v2\/tags?post=4334"}],"curies":[{"name":"wp","href":"https:\/\/api.w.org\/{rel}","templated":true}]}}