{"id":4331,"date":"2025-01-15T03:18:27","date_gmt":"2025-01-15T02:18:27","guid":{"rendered":"https:\/\/vieassociative.be\/actualites\/des-chanteurs-vedettes-de-hunningen-pres-de-bullange-au-parlement-europeen\/"},"modified":"2025-01-15T03:18:27","modified_gmt":"2025-01-15T02:18:27","slug":"des-chanteurs-vedettes-de-hunningen-pres-de-bullange-au-parlement-europeen","status":"publish","type":"post","link":"https:\/\/vieassociative.be\/actualites\/des-chanteurs-vedettes-de-hunningen-pres-de-bullange-au-parlement-europeen\/","title":{"rendered":"Des chanteurs vedettes de H\u00fcnningen pr\u00e8s de Bullange au Parlement europ\u00e9en"},"content":{"rendered":"<p><strong>Cette ann\u00e9e, la campagne des chanteurs vedettes a eu lieu pour la 41e fois dans l&rsquo;Est de la Belgique. Une fois de plus, environ 800 enfants se sont d\u00e9plac\u00e9s dans de nombreuses villes de l&rsquo;est de la Belgique pour une bonne cause et ont donn\u00e9 leur b\u00e9n\u00e9diction.<\/strong><\/p>\n<p><span id=\"more-406164\"><\/span>Comme chaque ann\u00e9e, une d\u00e9l\u00e9gation de l&rsquo;Est de la Belgique visite le Parlement europ\u00e9en \u00e0 Bruxelles au nom de ces chanteurs vedettes &#8211; cette fois en provenance de la ville de H\u00fcnningen, pr\u00e8s de Bullange. Le groupe y a \u00e9t\u00e9 re\u00e7u aujourd&rsquo;hui par le d\u00e9put\u00e9 europ\u00e9en de l&rsquo;Est de la Belgique Pascal Arimont (CSP-PPE).<\/p>\n<p>Le groupe de chanteurs vedettes de l&rsquo;Est de la Belgique repr\u00e9sente notre pays au sommet europ\u00e9en avec des chanteurs vedettes d&rsquo;Allemagne, d&rsquo;Autriche, du Tyrol du Sud, de Hongrie, de Roumanie et de Belgique (est). L&rsquo;ordre du jour de la visite comprend une r\u00e9ception avec la vice-pr\u00e9sidente du Parlement europ\u00e9en Sabine Verheyen (CDU) et au bureau de la COMECE, la Commission des conf\u00e9rences \u00e9piscopales de l&rsquo;UE. Le Parlement europ\u00e9en soutient depuis de nombreuses ann\u00e9es la campagne Star Singers, consid\u00e9r\u00e9e comme la plus grande campagne de solidarit\u00e9 au monde men\u00e9e par des enfants pour les enfants.<\/p>\n<div id=\"attachment_406168\" class=\"wp-caption alignleft\" style=\"max-width: 300px\"><img fetchpriority=\"high\" decoding=\"async\" class=\"wp-image-406168 size-medium\" src=\"https:\/\/vieassociative.be\/actualites\/wp-content\/uploads\/2025\/01\/Des-chanteurs-vedettes-de-Hunningen-pres-de-Bullange-au-Parlement.jpg\" alt=\"\" width=\"300\" height=\"225\"><\/p>\n<p class=\"wp-caption-text\">Pascal Arimont (M) avec les chanteurs vedettes lors d&rsquo;une tourn\u00e9e au Parlement europ\u00e9en. Photo : Parlement europ\u00e9en<\/p>\n<\/div>\n<p>L&rsquo;eurod\u00e9put\u00e9 de l&rsquo;Est de la Belgique Pascal Arimont a conduit la d\u00e9l\u00e9gation \u00e0 travers le Parlement et a donn\u00e9 aux enfants et \u00e0 leurs accompagnantes Linda Huby et Sandra Schommers un aper\u00e7u des coulisses de l&rsquo;institution europ\u00e9enne.<\/p>\n<p>\u00ab Comme chaque ann\u00e9e, je suis tr\u00e8s heureux de pouvoir accueillir ici au Parlement europ\u00e9en un groupe au nom des nombreux chanteurs vedettes de l&rsquo;Est de la Belgique. C&rsquo;est toujours formidable de voir \u00e0 quel point les enfants et leurs soignants s&rsquo;engagent \u00e0 donner vie \u00e0 la campagne de collecte dans notre pays. Je voudrais \u00e9galement vous en remercier personnellement. Cet engagement au niveau local est devenu une belle tradition, qui b\u00e9n\u00e9ficie heureusement encore de beaucoup de soutien dans l&rsquo;Est de la Belgique\u00bb, a d\u00e9clar\u00e9 l&rsquo;eurod\u00e9put\u00e9.<\/p>\n<p>Le th\u00e8me de la campagne du chanteur vedette de cette ann\u00e9e \u00e9tait \u00ab \u00c9levez la voix ! Des \u00e9toiles chantent pour les droits des enfants \u00bb au centre. L&rsquo;ann\u00e9e derni\u00e8re, un total d&rsquo;environ 118.000 euros ont \u00e9t\u00e9 collect\u00e9s pour une bonne cause dans l&rsquo;Est de la Belgique<\/p>\n","protected":false},"excerpt":{"rendered":"<p>Cette ann\u00e9e, la campagne des chanteurs vedettes a eu lieu pour la 41e fois dans l&rsquo;Est de la Belgique. Une fois de plus, environ 800<\/p>\n","protected":false},"author":1,"featured_media":4332,"comment_status":"","ping_status":"","sticky":false,"template":"","format":"standard","meta":{"footnotes":""},"categories":[298],"tags":[4733,4730,29,2896,4732,2895,1750,4731],"class_list":["post-4331","post","type-post","status-publish","format-standard","has-post-thumbnail","hentry","category-belgique","tag-bullange","tag-chanteurs","tag-des","tag-europeen","tag-hunningen","tag-parlement","tag-pres","tag-vedettes","generate-columns","tablet-grid-50","mobile-grid-100","grid-parent","grid-33"],"yoast_head":"<!-- This site is optimized with the Yoast SEO plugin v24.0 - https:\/\/yoast.com\/wordpress\/plugins\/seo\/ -->\n<title>Des chanteurs vedettes de H\u00fcnningen pr\u00e8s de Bullange au Parlement europ\u00e9en | Vie Associative<\/title>\n<meta name=\"robots\" content=\"index, follow, max-snippet:-1, max-image-preview:large, max-video-preview:-1\" \/>\n<link rel=\"canonical\" href=\"https:\/\/vieassociative.be\/actualites\/des-chanteurs-vedettes-de-hunningen-pres-de-bullange-au-parlement-europeen\/\" \/>\n<meta property=\"og:locale\" content=\"fr_FR\" \/>\n<meta property=\"og:type\" content=\"article\" \/>\n<meta property=\"og:title\" content=\"Des chanteurs vedettes de H\u00fcnningen pr\u00e8s de Bullange au Parlement europ\u00e9en | Vie Associative\" \/>\n<meta property=\"og:description\" content=\"Cette ann\u00e9e, la campagne des chanteurs vedettes a eu lieu pour la 41e fois dans l&rsquo;Est de la Belgique. Une fois de plus, environ 800\" \/>\n<meta property=\"og:url\" content=\"https:\/\/vieassociative.be\/actualites\/des-chanteurs-vedettes-de-hunningen-pres-de-bullange-au-parlement-europeen\/\" \/>\n<meta property=\"og:site_name\" content=\"Vie Associative\" \/>\n<meta property=\"article:published_time\" content=\"2025-01-15T02:18:27+00:00\" \/>\n<meta property=\"og:image\" content=\"https:\/\/vieassociative.be\/actualites\/wp-content\/uploads\/2024\/09\/header_backgroundk-01-e1726694325946.png\" \/>\n\t<meta property=\"og:image:width\" content=\"279\" \/>\n\t<meta property=\"og:image:height\" content=\"92\" \/>\n\t<meta property=\"og:image:type\" content=\"image\/png\" \/>\n<meta name=\"author\" content=\"Julien\" \/>\n<meta name=\"twitter:card\" content=\"summary_large_image\" \/>\n<meta name=\"twitter:label1\" content=\"\u00c9crit par\" \/>\n\t<meta name=\"twitter:data1\" content=\"Julien\" \/>\n\t<meta name=\"twitter:label2\" content=\"Dur\u00e9e de lecture est.\" \/>\n\t<meta name=\"twitter:data2\" content=\"2 minutes\" \/>\n<script type=\"application\/ld+json\" class=\"yoast-schema-graph\">{\"@context\":\"https:\/\/schema.org\",\"@graph\":[{\"@type\":\"Article\",\"@id\":\"https:\/\/vieassociative.be\/actualites\/des-chanteurs-vedettes-de-hunningen-pres-de-bullange-au-parlement-europeen\/#article\",\"isPartOf\":{\"@id\":\"https:\/\/vieassociative.be\/actualites\/des-chanteurs-vedettes-de-hunningen-pres-de-bullange-au-parlement-europeen\/\"},\"author\":{\"name\":\"Julien\",\"@id\":\"https:\/\/vieassociative.be\/actualites\/#\/schema\/person\/b87ac4f82f9d4e7b7cec7395b679edc4\"},\"headline\":\"Des chanteurs vedettes de H\u00fcnningen pr\u00e8s de Bullange au Parlement europ\u00e9en\",\"datePublished\":\"2025-01-15T02:18:27+00:00\",\"dateModified\":\"2025-01-15T02:18:27+00:00\",\"mainEntityOfPage\":{\"@id\":\"https:\/\/vieassociative.be\/actualites\/des-chanteurs-vedettes-de-hunningen-pres-de-bullange-au-parlement-europeen\/\"},\"wordCount\":450,\"publisher\":{\"@id\":\"https:\/\/vieassociative.be\/actualites\/#organization\"},\"image\":{\"@id\":\"https:\/\/vieassociative.be\/actualites\/des-chanteurs-vedettes-de-hunningen-pres-de-bullange-au-parlement-europeen\/#primaryimage\"},\"thumbnailUrl\":\"https:\/\/vieassociative.be\/actualites\/wp-content\/uploads\/2025\/01\/Des-chanteurs-vedettes-de-Hunningen-pres-de-Bullange-au-Parlement.jpeg\",\"keywords\":[\"Bullange\",\"chanteurs\",\"Des\",\"europ\u00e9en\",\"H\u00fcnningen\",\"Parlement\",\"pr\u00e8s\",\"vedettes\"],\"articleSection\":[\"Belgique\"],\"inLanguage\":\"fr-BE\"},{\"@type\":\"WebPage\",\"@id\":\"https:\/\/vieassociative.be\/actualites\/des-chanteurs-vedettes-de-hunningen-pres-de-bullange-au-parlement-europeen\/\",\"url\":\"https:\/\/vieassociative.be\/actualites\/des-chanteurs-vedettes-de-hunningen-pres-de-bullange-au-parlement-europeen\/\",\"name\":\"Des chanteurs vedettes de H\u00fcnningen pr\u00e8s de Bullange au Parlement europ\u00e9en | Vie Associative\",\"isPartOf\":{\"@id\":\"https:\/\/vieassociative.be\/actualites\/#website\"},\"primaryImageOfPage\":{\"@id\":\"https:\/\/vieassociative.be\/actualites\/des-chanteurs-vedettes-de-hunningen-pres-de-bullange-au-parlement-europeen\/#primaryimage\"},\"image\":{\"@id\":\"https:\/\/vieassociative.be\/actualites\/des-chanteurs-vedettes-de-hunningen-pres-de-bullange-au-parlement-europeen\/#primaryimage\"},\"thumbnailUrl\":\"https:\/\/vieassociative.be\/actualites\/wp-content\/uploads\/2025\/01\/Des-chanteurs-vedettes-de-Hunningen-pres-de-Bullange-au-Parlement.jpeg\",\"datePublished\":\"2025-01-15T02:18:27+00:00\",\"dateModified\":\"2025-01-15T02:18:27+00:00\",\"breadcrumb\":{\"@id\":\"https:\/\/vieassociative.be\/actualites\/des-chanteurs-vedettes-de-hunningen-pres-de-bullange-au-parlement-europeen\/#breadcrumb\"},\"inLanguage\":\"fr-BE\",\"potentialAction\":[{\"@type\":\"ReadAction\",\"target\":[\"https:\/\/vieassociative.be\/actualites\/des-chanteurs-vedettes-de-hunningen-pres-de-bullange-au-parlement-europeen\/\"]}]},{\"@type\":\"ImageObject\",\"inLanguage\":\"fr-BE\",\"@id\":\"https:\/\/vieassociative.be\/actualites\/des-chanteurs-vedettes-de-hunningen-pres-de-bullange-au-parlement-europeen\/#primaryimage\",\"url\":\"https:\/\/vieassociative.be\/actualites\/wp-content\/uploads\/2025\/01\/Des-chanteurs-vedettes-de-Hunningen-pres-de-Bullange-au-Parlement.jpeg\",\"contentUrl\":\"https:\/\/vieassociative.be\/actualites\/wp-content\/uploads\/2025\/01\/Des-chanteurs-vedettes-de-Hunningen-pres-de-Bullange-au-Parlement.jpeg\",\"width\":1200,\"height\":900,\"caption\":\"Des chanteurs vedettes de H\u00fcnningen pr\u00e8s de Bullange au Parlement europ\u00e9en\"},{\"@type\":\"BreadcrumbList\",\"@id\":\"https:\/\/vieassociative.be\/actualites\/des-chanteurs-vedettes-de-hunningen-pres-de-bullange-au-parlement-europeen\/#breadcrumb\",\"itemListElement\":[{\"@type\":\"ListItem\",\"position\":1,\"name\":\"Accueil\",\"item\":\"https:\/\/vieassociative.be\/actualites\/\"},{\"@type\":\"ListItem\",\"position\":2,\"name\":\"Des chanteurs vedettes de H\u00fcnningen pr\u00e8s de Bullange au Parlement europ\u00e9en\"}]},{\"@type\":\"WebSite\",\"@id\":\"https:\/\/vieassociative.be\/actualites\/#website\",\"url\":\"https:\/\/vieassociative.be\/actualites\/\",\"name\":\"Vie Associative\",\"description\":\"\",\"publisher\":{\"@id\":\"https:\/\/vieassociative.be\/actualites\/#organization\"},\"potentialAction\":[{\"@type\":\"SearchAction\",\"target\":{\"@type\":\"EntryPoint\",\"urlTemplate\":\"https:\/\/vieassociative.be\/actualites\/?s={search_term_string}\"},\"query-input\":{\"@type\":\"PropertyValueSpecification\",\"valueRequired\":true,\"valueName\":\"search_term_string\"}}],\"inLanguage\":\"fr-BE\"},{\"@type\":\"Organization\",\"@id\":\"https:\/\/vieassociative.be\/actualites\/#organization\",\"name\":\"Vie Associative\",\"url\":\"https:\/\/vieassociative.be\/actualites\/\",\"logo\":{\"@type\":\"ImageObject\",\"inLanguage\":\"fr-BE\",\"@id\":\"https:\/\/vieassociative.be\/actualites\/#\/schema\/logo\/image\/\",\"url\":\"https:\/\/vieassociative.be\/actualites\/wp-content\/uploads\/2024\/09\/cropped-vieassociative_favicon.ico.png\",\"contentUrl\":\"https:\/\/vieassociative.be\/actualites\/wp-content\/uploads\/2024\/09\/cropped-vieassociative_favicon.ico.png\",\"width\":512,\"height\":512,\"caption\":\"Vie Associative\"},\"image\":{\"@id\":\"https:\/\/vieassociative.be\/actualites\/#\/schema\/logo\/image\/\"}},{\"@type\":\"Person\",\"@id\":\"https:\/\/vieassociative.be\/actualites\/#\/schema\/person\/b87ac4f82f9d4e7b7cec7395b679edc4\",\"name\":\"Julien\",\"image\":{\"@type\":\"ImageObject\",\"inLanguage\":\"fr-BE\",\"@id\":\"https:\/\/vieassociative.be\/actualites\/#\/schema\/person\/image\/\",\"url\":\"https:\/\/vieassociative.be\/actualites\/wp-content\/uploads\/2024\/09\/vie-associative-1-150x150.jpg\",\"contentUrl\":\"https:\/\/vieassociative.be\/actualites\/wp-content\/uploads\/2024\/09\/vie-associative-1-150x150.jpg\",\"caption\":\"Julien\"},\"description\":\"Je suis Julien, r\u00e9dacteur pour Vie Associative. Passionn\u00e9 par le monde associatif depuis plus de 10 ans, j'ai \u00e0 c\u0153ur de partager des histoires inspirantes et de mettre en lumi\u00e8re les initiatives locales. Mon objectif est de sensibiliser et d'encourager l'engagement communautaire \u00e0 travers mes articles.\",\"sameAs\":[\"https:\/\/vieassociative.be\/\"]}]}<\/script>\n<!-- \/ Yoast SEO plugin. -->","yoast_head_json":{"title":"Des chanteurs vedettes de H\u00fcnningen pr\u00e8s de Bullange au Parlement europ\u00e9en | Vie Associative","robots":{"index":"index","follow":"follow","max-snippet":"max-snippet:-1","max-image-preview":"max-image-preview:large","max-video-preview":"max-video-preview:-1"},"canonical":"https:\/\/vieassociative.be\/actualites\/des-chanteurs-vedettes-de-hunningen-pres-de-bullange-au-parlement-europeen\/","og_locale":"fr_FR","og_type":"article","og_title":"Des chanteurs vedettes de H\u00fcnningen pr\u00e8s de Bullange au Parlement europ\u00e9en | Vie Associative","og_description":"Cette ann\u00e9e, la campagne des chanteurs vedettes a eu lieu pour la 41e fois dans l&rsquo;Est de la Belgique. Une fois de plus, environ 800","og_url":"https:\/\/vieassociative.be\/actualites\/des-chanteurs-vedettes-de-hunningen-pres-de-bullange-au-parlement-europeen\/","og_site_name":"Vie Associative","article_published_time":"2025-01-15T02:18:27+00:00","og_image":[{"width":279,"height":92,"url":"https:\/\/vieassociative.be\/actualites\/wp-content\/uploads\/2024\/09\/header_backgroundk-01-e1726694325946.png","type":"image\/png"}],"author":"Julien","twitter_card":"summary_large_image","twitter_misc":{"\u00c9crit par":"Julien","Dur\u00e9e de lecture est.":"2 minutes"},"schema":{"@context":"https:\/\/schema.org","@graph":[{"@type":"Article","@id":"https:\/\/vieassociative.be\/actualites\/des-chanteurs-vedettes-de-hunningen-pres-de-bullange-au-parlement-europeen\/#article","isPartOf":{"@id":"https:\/\/vieassociative.be\/actualites\/des-chanteurs-vedettes-de-hunningen-pres-de-bullange-au-parlement-europeen\/"},"author":{"name":"Julien","@id":"https:\/\/vieassociative.be\/actualites\/#\/schema\/person\/b87ac4f82f9d4e7b7cec7395b679edc4"},"headline":"Des chanteurs vedettes de H\u00fcnningen pr\u00e8s de Bullange au Parlement europ\u00e9en","datePublished":"2025-01-15T02:18:27+00:00","dateModified":"2025-01-15T02:18:27+00:00","mainEntityOfPage":{"@id":"https:\/\/vieassociative.be\/actualites\/des-chanteurs-vedettes-de-hunningen-pres-de-bullange-au-parlement-europeen\/"},"wordCount":450,"publisher":{"@id":"https:\/\/vieassociative.be\/actualites\/#organization"},"image":{"@id":"https:\/\/vieassociative.be\/actualites\/des-chanteurs-vedettes-de-hunningen-pres-de-bullange-au-parlement-europeen\/#primaryimage"},"thumbnailUrl":"https:\/\/vieassociative.be\/actualites\/wp-content\/uploads\/2025\/01\/Des-chanteurs-vedettes-de-Hunningen-pres-de-Bullange-au-Parlement.jpeg","keywords":["Bullange","chanteurs","Des","europ\u00e9en","H\u00fcnningen","Parlement","pr\u00e8s","vedettes"],"articleSection":["Belgique"],"inLanguage":"fr-BE"},{"@type":"WebPage","@id":"https:\/\/vieassociative.be\/actualites\/des-chanteurs-vedettes-de-hunningen-pres-de-bullange-au-parlement-europeen\/","url":"https:\/\/vieassociative.be\/actualites\/des-chanteurs-vedettes-de-hunningen-pres-de-bullange-au-parlement-europeen\/","name":"Des chanteurs vedettes de H\u00fcnningen pr\u00e8s de Bullange au Parlement europ\u00e9en | Vie Associative","isPartOf":{"@id":"https:\/\/vieassociative.be\/actualites\/#website"},"primaryImageOfPage":{"@id":"https:\/\/vieassociative.be\/actualites\/des-chanteurs-vedettes-de-hunningen-pres-de-bullange-au-parlement-europeen\/#primaryimage"},"image":{"@id":"https:\/\/vieassociative.be\/actualites\/des-chanteurs-vedettes-de-hunningen-pres-de-bullange-au-parlement-europeen\/#primaryimage"},"thumbnailUrl":"https:\/\/vieassociative.be\/actualites\/wp-content\/uploads\/2025\/01\/Des-chanteurs-vedettes-de-Hunningen-pres-de-Bullange-au-Parlement.jpeg","datePublished":"2025-01-15T02:18:27+00:00","dateModified":"2025-01-15T02:18:27+00:00","breadcrumb":{"@id":"https:\/\/vieassociative.be\/actualites\/des-chanteurs-vedettes-de-hunningen-pres-de-bullange-au-parlement-europeen\/#breadcrumb"},"inLanguage":"fr-BE","potentialAction":[{"@type":"ReadAction","target":["https:\/\/vieassociative.be\/actualites\/des-chanteurs-vedettes-de-hunningen-pres-de-bullange-au-parlement-europeen\/"]}]},{"@type":"ImageObject","inLanguage":"fr-BE","@id":"https:\/\/vieassociative.be\/actualites\/des-chanteurs-vedettes-de-hunningen-pres-de-bullange-au-parlement-europeen\/#primaryimage","url":"https:\/\/vieassociative.be\/actualites\/wp-content\/uploads\/2025\/01\/Des-chanteurs-vedettes-de-Hunningen-pres-de-Bullange-au-Parlement.jpeg","contentUrl":"https:\/\/vieassociative.be\/actualites\/wp-content\/uploads\/2025\/01\/Des-chanteurs-vedettes-de-Hunningen-pres-de-Bullange-au-Parlement.jpeg","width":1200,"height":900,"caption":"Des chanteurs vedettes de H\u00fcnningen pr\u00e8s de Bullange au Parlement europ\u00e9en"},{"@type":"BreadcrumbList","@id":"https:\/\/vieassociative.be\/actualites\/des-chanteurs-vedettes-de-hunningen-pres-de-bullange-au-parlement-europeen\/#breadcrumb","itemListElement":[{"@type":"ListItem","position":1,"name":"Accueil","item":"https:\/\/vieassociative.be\/actualites\/"},{"@type":"ListItem","position":2,"name":"Des chanteurs vedettes de H\u00fcnningen pr\u00e8s de Bullange au Parlement europ\u00e9en"}]},{"@type":"WebSite","@id":"https:\/\/vieassociative.be\/actualites\/#website","url":"https:\/\/vieassociative.be\/actualites\/","name":"Vie Associative","description":"","publisher":{"@id":"https:\/\/vieassociative.be\/actualites\/#organization"},"potentialAction":[{"@type":"SearchAction","target":{"@type":"EntryPoint","urlTemplate":"https:\/\/vieassociative.be\/actualites\/?s={search_term_string}"},"query-input":{"@type":"PropertyValueSpecification","valueRequired":true,"valueName":"search_term_string"}}],"inLanguage":"fr-BE"},{"@type":"Organization","@id":"https:\/\/vieassociative.be\/actualites\/#organization","name":"Vie Associative","url":"https:\/\/vieassociative.be\/actualites\/","logo":{"@type":"ImageObject","inLanguage":"fr-BE","@id":"https:\/\/vieassociative.be\/actualites\/#\/schema\/logo\/image\/","url":"https:\/\/vieassociative.be\/actualites\/wp-content\/uploads\/2024\/09\/cropped-vieassociative_favicon.ico.png","contentUrl":"https:\/\/vieassociative.be\/actualites\/wp-content\/uploads\/2024\/09\/cropped-vieassociative_favicon.ico.png","width":512,"height":512,"caption":"Vie Associative"},"image":{"@id":"https:\/\/vieassociative.be\/actualites\/#\/schema\/logo\/image\/"}},{"@type":"Person","@id":"https:\/\/vieassociative.be\/actualites\/#\/schema\/person\/b87ac4f82f9d4e7b7cec7395b679edc4","name":"Julien","image":{"@type":"ImageObject","inLanguage":"fr-BE","@id":"https:\/\/vieassociative.be\/actualites\/#\/schema\/person\/image\/","url":"https:\/\/vieassociative.be\/actualites\/wp-content\/uploads\/2024\/09\/vie-associative-1-150x150.jpg","contentUrl":"https:\/\/vieassociative.be\/actualites\/wp-content\/uploads\/2024\/09\/vie-associative-1-150x150.jpg","caption":"Julien"},"description":"Je suis Julien, r\u00e9dacteur pour Vie Associative. Passionn\u00e9 par le monde associatif depuis plus de 10 ans, j'ai \u00e0 c\u0153ur de partager des histoires inspirantes et de mettre en lumi\u00e8re les initiatives locales. Mon objectif est de sensibiliser et d'encourager l'engagement communautaire \u00e0 travers mes articles.","sameAs":["https:\/\/vieassociative.be\/"]}]}},"_links":{"self":[{"href":"https:\/\/vieassociative.be\/actualites\/wp-json\/wp\/v2\/posts\/4331"}],"collection":[{"href":"https:\/\/vieassociative.be\/actualites\/wp-json\/wp\/v2\/posts"}],"about":[{"href":"https:\/\/vieassociative.be\/actualites\/wp-json\/wp\/v2\/types\/post"}],"author":[{"embeddable":true,"href":"https:\/\/vieassociative.be\/actualites\/wp-json\/wp\/v2\/users\/1"}],"replies":[{"embeddable":true,"href":"https:\/\/vieassociative.be\/actualites\/wp-json\/wp\/v2\/comments?post=4331"}],"version-history":[{"count":0,"href":"https:\/\/vieassociative.be\/actualites\/wp-json\/wp\/v2\/posts\/4331\/revisions"}],"wp:featuredmedia":[{"embeddable":true,"href":"https:\/\/vieassociative.be\/actualites\/wp-json\/wp\/v2\/media\/4332"}],"wp:attachment":[{"href":"https:\/\/vieassociative.be\/actualites\/wp-json\/wp\/v2\/media?parent=4331"}],"wp:term":[{"taxonomy":"category","embeddable":true,"href":"https:\/\/vieassociative.be\/actualites\/wp-json\/wp\/v2\/categories?post=4331"},{"taxonomy":"post_tag","embeddable":true,"href":"https:\/\/vieassociative.be\/actualites\/wp-json\/wp\/v2\/tags?post=4331"}],"curies":[{"name":"wp","href":"https:\/\/api.w.org\/{rel}","templated":true}]}}