{"id":4325,"date":"2025-01-14T21:31:39","date_gmt":"2025-01-14T20:31:39","guid":{"rendered":"https:\/\/vieassociative.be\/actualites\/defaite-desastreuse-de-dortmund-a-holstein-kiel\/"},"modified":"2025-01-14T21:31:39","modified_gmt":"2025-01-14T20:31:39","slug":"defaite-desastreuse-de-dortmund-a-holstein-kiel","status":"publish","type":"post","link":"https:\/\/vieassociative.be\/actualites\/defaite-desastreuse-de-dortmund-a-holstein-kiel\/","title":{"rendered":"D\u00e9faite d\u00e9sastreuse de Dortmund \u00e0 Holstein Kiel"},"content":{"rendered":"<p><strong>Une premi\u00e8re mi-temps catastrophique chez Holstein Kiel, nouvellement promu, plonge le Borussia Dortmund dans sa prochaine crise grave.<\/strong><\/p>\n<p><span id=\"more-406171\"><\/span>Lors de la d\u00e9faite 2:4 (0:3), le BVB, qui semblait compl\u00e8tement indispos\u00e9, a encaiss\u00e9 trois buts dans les 45 premi\u00e8res minutes. Le finaliste de la Ligue des champions a termin\u00e9 la premi\u00e8re moiti\u00e9 de la saison en Bundesliga avec 25 points, ce qui est clairement en dehors des rangs internationaux. L&rsquo;entra\u00eeneur du BVB, Nuri Sahin, traverse des jours difficiles.<\/p>\n<p>Shuto Machino (27e minute), Phil Harres (32e) et Alexander Bernhardsson (45e + 4e) ont marqu\u00e9 pour Kiel, qui jouait parfois furieusement et qui a d\u00e9sormais r\u00e9colt\u00e9 onze points en tant qu&rsquo;avant-derni\u00e8re \u00e9quipe.<\/p>\n<p>Apr\u00e8s le remplacement, Giovanni Reyna (71&prime;) et Jamie Gittens (77&prime;) ont r\u00e9duit le score, tandis que le v\u00e9t\u00e9ran rempla\u00e7ant de Kiel, Lewis Holtby, a re\u00e7u un carton rouge pour faute grave (86&prime;). Fiete Arp (90+8) a pris la d\u00e9cision d&rsquo;un tir lointain dans le but vide. (dpa)<\/p>\n","protected":false},"excerpt":{"rendered":"<p>Une premi\u00e8re mi-temps catastrophique chez Holstein Kiel, nouvellement promu, plonge le Borussia Dortmund dans sa prochaine crise grave. Lors de la d\u00e9faite 2:4 (0:3), le<\/p>\n","protected":false},"author":1,"featured_media":4326,"comment_status":"","ping_status":"","sticky":false,"template":"","format":"standard","meta":{"footnotes":""},"categories":[298],"tags":[2350,4724,2475,4725,4726],"class_list":["post-4325","post","type-post","status-publish","format-standard","has-post-thumbnail","hentry","category-belgique","tag-defaite","tag-desastreuse","tag-dortmund","tag-holstein","tag-kiel","generate-columns","tablet-grid-50","mobile-grid-100","grid-parent","grid-33"],"yoast_head":"<!-- This site is optimized with the Yoast SEO plugin v24.0 - https:\/\/yoast.com\/wordpress\/plugins\/seo\/ -->\n<title>D\u00e9faite d\u00e9sastreuse de Dortmund \u00e0 Holstein Kiel | Vie Associative<\/title>\n<meta name=\"robots\" content=\"index, follow, max-snippet:-1, max-image-preview:large, max-video-preview:-1\" \/>\n<link rel=\"canonical\" href=\"https:\/\/vieassociative.be\/actualites\/defaite-desastreuse-de-dortmund-a-holstein-kiel\/\" \/>\n<meta property=\"og:locale\" content=\"fr_FR\" \/>\n<meta property=\"og:type\" content=\"article\" \/>\n<meta property=\"og:title\" content=\"D\u00e9faite d\u00e9sastreuse de Dortmund \u00e0 Holstein Kiel | Vie Associative\" \/>\n<meta property=\"og:description\" content=\"Une premi\u00e8re mi-temps catastrophique chez Holstein Kiel, nouvellement promu, plonge le Borussia Dortmund dans sa prochaine crise grave. Lors de la d\u00e9faite 2:4 (0:3), le\" \/>\n<meta property=\"og:url\" content=\"https:\/\/vieassociative.be\/actualites\/defaite-desastreuse-de-dortmund-a-holstein-kiel\/\" \/>\n<meta property=\"og:site_name\" content=\"Vie Associative\" \/>\n<meta property=\"article:published_time\" content=\"2025-01-14T20:31:39+00:00\" \/>\n<meta property=\"og:image\" content=\"https:\/\/vieassociative.be\/actualites\/wp-content\/uploads\/2024\/09\/header_backgroundk-01-e1726694325946.png\" \/>\n\t<meta property=\"og:image:width\" content=\"279\" \/>\n\t<meta property=\"og:image:height\" content=\"92\" \/>\n\t<meta property=\"og:image:type\" content=\"image\/png\" \/>\n<meta name=\"author\" content=\"Julien\" \/>\n<meta name=\"twitter:card\" content=\"summary_large_image\" \/>\n<meta name=\"twitter:label1\" content=\"\u00c9crit par\" \/>\n\t<meta name=\"twitter:data1\" content=\"Julien\" \/>\n\t<meta name=\"twitter:label2\" content=\"Dur\u00e9e de lecture est.\" \/>\n\t<meta name=\"twitter:data2\" content=\"1 minute\" \/>\n<script type=\"application\/ld+json\" class=\"yoast-schema-graph\">{\"@context\":\"https:\/\/schema.org\",\"@graph\":[{\"@type\":\"Article\",\"@id\":\"https:\/\/vieassociative.be\/actualites\/defaite-desastreuse-de-dortmund-a-holstein-kiel\/#article\",\"isPartOf\":{\"@id\":\"https:\/\/vieassociative.be\/actualites\/defaite-desastreuse-de-dortmund-a-holstein-kiel\/\"},\"author\":{\"name\":\"Julien\",\"@id\":\"https:\/\/vieassociative.be\/actualites\/#\/schema\/person\/b87ac4f82f9d4e7b7cec7395b679edc4\"},\"headline\":\"D\u00e9faite d\u00e9sastreuse de Dortmund \u00e0 Holstein Kiel\",\"datePublished\":\"2025-01-14T20:31:39+00:00\",\"dateModified\":\"2025-01-14T20:31:39+00:00\",\"mainEntityOfPage\":{\"@id\":\"https:\/\/vieassociative.be\/actualites\/defaite-desastreuse-de-dortmund-a-holstein-kiel\/\"},\"wordCount\":174,\"publisher\":{\"@id\":\"https:\/\/vieassociative.be\/actualites\/#organization\"},\"image\":{\"@id\":\"https:\/\/vieassociative.be\/actualites\/defaite-desastreuse-de-dortmund-a-holstein-kiel\/#primaryimage\"},\"thumbnailUrl\":\"https:\/\/vieassociative.be\/actualites\/wp-content\/uploads\/2025\/01\/Defaite-desastreuse-de-Dortmund-a-Holstein-Kiel.jpg\",\"keywords\":[\"D\u00e9faite\",\"d\u00e9sastreuse\",\"Dortmund\",\"Holstein\",\"Kiel\"],\"articleSection\":[\"Belgique\"],\"inLanguage\":\"fr-BE\"},{\"@type\":\"WebPage\",\"@id\":\"https:\/\/vieassociative.be\/actualites\/defaite-desastreuse-de-dortmund-a-holstein-kiel\/\",\"url\":\"https:\/\/vieassociative.be\/actualites\/defaite-desastreuse-de-dortmund-a-holstein-kiel\/\",\"name\":\"D\u00e9faite d\u00e9sastreuse de Dortmund \u00e0 Holstein Kiel | Vie Associative\",\"isPartOf\":{\"@id\":\"https:\/\/vieassociative.be\/actualites\/#website\"},\"primaryImageOfPage\":{\"@id\":\"https:\/\/vieassociative.be\/actualites\/defaite-desastreuse-de-dortmund-a-holstein-kiel\/#primaryimage\"},\"image\":{\"@id\":\"https:\/\/vieassociative.be\/actualites\/defaite-desastreuse-de-dortmund-a-holstein-kiel\/#primaryimage\"},\"thumbnailUrl\":\"https:\/\/vieassociative.be\/actualites\/wp-content\/uploads\/2025\/01\/Defaite-desastreuse-de-Dortmund-a-Holstein-Kiel.jpg\",\"datePublished\":\"2025-01-14T20:31:39+00:00\",\"dateModified\":\"2025-01-14T20:31:39+00:00\",\"breadcrumb\":{\"@id\":\"https:\/\/vieassociative.be\/actualites\/defaite-desastreuse-de-dortmund-a-holstein-kiel\/#breadcrumb\"},\"inLanguage\":\"fr-BE\",\"potentialAction\":[{\"@type\":\"ReadAction\",\"target\":[\"https:\/\/vieassociative.be\/actualites\/defaite-desastreuse-de-dortmund-a-holstein-kiel\/\"]}]},{\"@type\":\"ImageObject\",\"inLanguage\":\"fr-BE\",\"@id\":\"https:\/\/vieassociative.be\/actualites\/defaite-desastreuse-de-dortmund-a-holstein-kiel\/#primaryimage\",\"url\":\"https:\/\/vieassociative.be\/actualites\/wp-content\/uploads\/2025\/01\/Defaite-desastreuse-de-Dortmund-a-Holstein-Kiel.jpg\",\"contentUrl\":\"https:\/\/vieassociative.be\/actualites\/wp-content\/uploads\/2025\/01\/Defaite-desastreuse-de-Dortmund-a-Holstein-Kiel.jpg\",\"width\":1200,\"height\":795,\"caption\":\"D\u00e9faite d\u00e9sastreuse de Dortmund \u00e0 Holstein Kiel\"},{\"@type\":\"BreadcrumbList\",\"@id\":\"https:\/\/vieassociative.be\/actualites\/defaite-desastreuse-de-dortmund-a-holstein-kiel\/#breadcrumb\",\"itemListElement\":[{\"@type\":\"ListItem\",\"position\":1,\"name\":\"Accueil\",\"item\":\"https:\/\/vieassociative.be\/actualites\/\"},{\"@type\":\"ListItem\",\"position\":2,\"name\":\"D\u00e9faite d\u00e9sastreuse de Dortmund \u00e0 Holstein Kiel\"}]},{\"@type\":\"WebSite\",\"@id\":\"https:\/\/vieassociative.be\/actualites\/#website\",\"url\":\"https:\/\/vieassociative.be\/actualites\/\",\"name\":\"Vie Associative\",\"description\":\"\",\"publisher\":{\"@id\":\"https:\/\/vieassociative.be\/actualites\/#organization\"},\"potentialAction\":[{\"@type\":\"SearchAction\",\"target\":{\"@type\":\"EntryPoint\",\"urlTemplate\":\"https:\/\/vieassociative.be\/actualites\/?s={search_term_string}\"},\"query-input\":{\"@type\":\"PropertyValueSpecification\",\"valueRequired\":true,\"valueName\":\"search_term_string\"}}],\"inLanguage\":\"fr-BE\"},{\"@type\":\"Organization\",\"@id\":\"https:\/\/vieassociative.be\/actualites\/#organization\",\"name\":\"Vie Associative\",\"url\":\"https:\/\/vieassociative.be\/actualites\/\",\"logo\":{\"@type\":\"ImageObject\",\"inLanguage\":\"fr-BE\",\"@id\":\"https:\/\/vieassociative.be\/actualites\/#\/schema\/logo\/image\/\",\"url\":\"https:\/\/vieassociative.be\/actualites\/wp-content\/uploads\/2024\/09\/cropped-vieassociative_favicon.ico.png\",\"contentUrl\":\"https:\/\/vieassociative.be\/actualites\/wp-content\/uploads\/2024\/09\/cropped-vieassociative_favicon.ico.png\",\"width\":512,\"height\":512,\"caption\":\"Vie Associative\"},\"image\":{\"@id\":\"https:\/\/vieassociative.be\/actualites\/#\/schema\/logo\/image\/\"}},{\"@type\":\"Person\",\"@id\":\"https:\/\/vieassociative.be\/actualites\/#\/schema\/person\/b87ac4f82f9d4e7b7cec7395b679edc4\",\"name\":\"Julien\",\"image\":{\"@type\":\"ImageObject\",\"inLanguage\":\"fr-BE\",\"@id\":\"https:\/\/vieassociative.be\/actualites\/#\/schema\/person\/image\/\",\"url\":\"https:\/\/vieassociative.be\/actualites\/wp-content\/uploads\/2024\/09\/vie-associative-1-150x150.jpg\",\"contentUrl\":\"https:\/\/vieassociative.be\/actualites\/wp-content\/uploads\/2024\/09\/vie-associative-1-150x150.jpg\",\"caption\":\"Julien\"},\"description\":\"Je suis Julien, r\u00e9dacteur pour Vie Associative. Passionn\u00e9 par le monde associatif depuis plus de 10 ans, j'ai \u00e0 c\u0153ur de partager des histoires inspirantes et de mettre en lumi\u00e8re les initiatives locales. Mon objectif est de sensibiliser et d'encourager l'engagement communautaire \u00e0 travers mes articles.\",\"sameAs\":[\"https:\/\/vieassociative.be\/\"]}]}<\/script>\n<!-- \/ Yoast SEO plugin. -->","yoast_head_json":{"title":"D\u00e9faite d\u00e9sastreuse de Dortmund \u00e0 Holstein Kiel | Vie Associative","robots":{"index":"index","follow":"follow","max-snippet":"max-snippet:-1","max-image-preview":"max-image-preview:large","max-video-preview":"max-video-preview:-1"},"canonical":"https:\/\/vieassociative.be\/actualites\/defaite-desastreuse-de-dortmund-a-holstein-kiel\/","og_locale":"fr_FR","og_type":"article","og_title":"D\u00e9faite d\u00e9sastreuse de Dortmund \u00e0 Holstein Kiel | Vie Associative","og_description":"Une premi\u00e8re mi-temps catastrophique chez Holstein Kiel, nouvellement promu, plonge le Borussia Dortmund dans sa prochaine crise grave. Lors de la d\u00e9faite 2:4 (0:3), le","og_url":"https:\/\/vieassociative.be\/actualites\/defaite-desastreuse-de-dortmund-a-holstein-kiel\/","og_site_name":"Vie Associative","article_published_time":"2025-01-14T20:31:39+00:00","og_image":[{"width":279,"height":92,"url":"https:\/\/vieassociative.be\/actualites\/wp-content\/uploads\/2024\/09\/header_backgroundk-01-e1726694325946.png","type":"image\/png"}],"author":"Julien","twitter_card":"summary_large_image","twitter_misc":{"\u00c9crit par":"Julien","Dur\u00e9e de lecture est.":"1 minute"},"schema":{"@context":"https:\/\/schema.org","@graph":[{"@type":"Article","@id":"https:\/\/vieassociative.be\/actualites\/defaite-desastreuse-de-dortmund-a-holstein-kiel\/#article","isPartOf":{"@id":"https:\/\/vieassociative.be\/actualites\/defaite-desastreuse-de-dortmund-a-holstein-kiel\/"},"author":{"name":"Julien","@id":"https:\/\/vieassociative.be\/actualites\/#\/schema\/person\/b87ac4f82f9d4e7b7cec7395b679edc4"},"headline":"D\u00e9faite d\u00e9sastreuse de Dortmund \u00e0 Holstein Kiel","datePublished":"2025-01-14T20:31:39+00:00","dateModified":"2025-01-14T20:31:39+00:00","mainEntityOfPage":{"@id":"https:\/\/vieassociative.be\/actualites\/defaite-desastreuse-de-dortmund-a-holstein-kiel\/"},"wordCount":174,"publisher":{"@id":"https:\/\/vieassociative.be\/actualites\/#organization"},"image":{"@id":"https:\/\/vieassociative.be\/actualites\/defaite-desastreuse-de-dortmund-a-holstein-kiel\/#primaryimage"},"thumbnailUrl":"https:\/\/vieassociative.be\/actualites\/wp-content\/uploads\/2025\/01\/Defaite-desastreuse-de-Dortmund-a-Holstein-Kiel.jpg","keywords":["D\u00e9faite","d\u00e9sastreuse","Dortmund","Holstein","Kiel"],"articleSection":["Belgique"],"inLanguage":"fr-BE"},{"@type":"WebPage","@id":"https:\/\/vieassociative.be\/actualites\/defaite-desastreuse-de-dortmund-a-holstein-kiel\/","url":"https:\/\/vieassociative.be\/actualites\/defaite-desastreuse-de-dortmund-a-holstein-kiel\/","name":"D\u00e9faite d\u00e9sastreuse de Dortmund \u00e0 Holstein Kiel | Vie Associative","isPartOf":{"@id":"https:\/\/vieassociative.be\/actualites\/#website"},"primaryImageOfPage":{"@id":"https:\/\/vieassociative.be\/actualites\/defaite-desastreuse-de-dortmund-a-holstein-kiel\/#primaryimage"},"image":{"@id":"https:\/\/vieassociative.be\/actualites\/defaite-desastreuse-de-dortmund-a-holstein-kiel\/#primaryimage"},"thumbnailUrl":"https:\/\/vieassociative.be\/actualites\/wp-content\/uploads\/2025\/01\/Defaite-desastreuse-de-Dortmund-a-Holstein-Kiel.jpg","datePublished":"2025-01-14T20:31:39+00:00","dateModified":"2025-01-14T20:31:39+00:00","breadcrumb":{"@id":"https:\/\/vieassociative.be\/actualites\/defaite-desastreuse-de-dortmund-a-holstein-kiel\/#breadcrumb"},"inLanguage":"fr-BE","potentialAction":[{"@type":"ReadAction","target":["https:\/\/vieassociative.be\/actualites\/defaite-desastreuse-de-dortmund-a-holstein-kiel\/"]}]},{"@type":"ImageObject","inLanguage":"fr-BE","@id":"https:\/\/vieassociative.be\/actualites\/defaite-desastreuse-de-dortmund-a-holstein-kiel\/#primaryimage","url":"https:\/\/vieassociative.be\/actualites\/wp-content\/uploads\/2025\/01\/Defaite-desastreuse-de-Dortmund-a-Holstein-Kiel.jpg","contentUrl":"https:\/\/vieassociative.be\/actualites\/wp-content\/uploads\/2025\/01\/Defaite-desastreuse-de-Dortmund-a-Holstein-Kiel.jpg","width":1200,"height":795,"caption":"D\u00e9faite d\u00e9sastreuse de Dortmund \u00e0 Holstein Kiel"},{"@type":"BreadcrumbList","@id":"https:\/\/vieassociative.be\/actualites\/defaite-desastreuse-de-dortmund-a-holstein-kiel\/#breadcrumb","itemListElement":[{"@type":"ListItem","position":1,"name":"Accueil","item":"https:\/\/vieassociative.be\/actualites\/"},{"@type":"ListItem","position":2,"name":"D\u00e9faite d\u00e9sastreuse de Dortmund \u00e0 Holstein Kiel"}]},{"@type":"WebSite","@id":"https:\/\/vieassociative.be\/actualites\/#website","url":"https:\/\/vieassociative.be\/actualites\/","name":"Vie Associative","description":"","publisher":{"@id":"https:\/\/vieassociative.be\/actualites\/#organization"},"potentialAction":[{"@type":"SearchAction","target":{"@type":"EntryPoint","urlTemplate":"https:\/\/vieassociative.be\/actualites\/?s={search_term_string}"},"query-input":{"@type":"PropertyValueSpecification","valueRequired":true,"valueName":"search_term_string"}}],"inLanguage":"fr-BE"},{"@type":"Organization","@id":"https:\/\/vieassociative.be\/actualites\/#organization","name":"Vie Associative","url":"https:\/\/vieassociative.be\/actualites\/","logo":{"@type":"ImageObject","inLanguage":"fr-BE","@id":"https:\/\/vieassociative.be\/actualites\/#\/schema\/logo\/image\/","url":"https:\/\/vieassociative.be\/actualites\/wp-content\/uploads\/2024\/09\/cropped-vieassociative_favicon.ico.png","contentUrl":"https:\/\/vieassociative.be\/actualites\/wp-content\/uploads\/2024\/09\/cropped-vieassociative_favicon.ico.png","width":512,"height":512,"caption":"Vie Associative"},"image":{"@id":"https:\/\/vieassociative.be\/actualites\/#\/schema\/logo\/image\/"}},{"@type":"Person","@id":"https:\/\/vieassociative.be\/actualites\/#\/schema\/person\/b87ac4f82f9d4e7b7cec7395b679edc4","name":"Julien","image":{"@type":"ImageObject","inLanguage":"fr-BE","@id":"https:\/\/vieassociative.be\/actualites\/#\/schema\/person\/image\/","url":"https:\/\/vieassociative.be\/actualites\/wp-content\/uploads\/2024\/09\/vie-associative-1-150x150.jpg","contentUrl":"https:\/\/vieassociative.be\/actualites\/wp-content\/uploads\/2024\/09\/vie-associative-1-150x150.jpg","caption":"Julien"},"description":"Je suis Julien, r\u00e9dacteur pour Vie Associative. Passionn\u00e9 par le monde associatif depuis plus de 10 ans, j'ai \u00e0 c\u0153ur de partager des histoires inspirantes et de mettre en lumi\u00e8re les initiatives locales. Mon objectif est de sensibiliser et d'encourager l'engagement communautaire \u00e0 travers mes articles.","sameAs":["https:\/\/vieassociative.be\/"]}]}},"_links":{"self":[{"href":"https:\/\/vieassociative.be\/actualites\/wp-json\/wp\/v2\/posts\/4325"}],"collection":[{"href":"https:\/\/vieassociative.be\/actualites\/wp-json\/wp\/v2\/posts"}],"about":[{"href":"https:\/\/vieassociative.be\/actualites\/wp-json\/wp\/v2\/types\/post"}],"author":[{"embeddable":true,"href":"https:\/\/vieassociative.be\/actualites\/wp-json\/wp\/v2\/users\/1"}],"replies":[{"embeddable":true,"href":"https:\/\/vieassociative.be\/actualites\/wp-json\/wp\/v2\/comments?post=4325"}],"version-history":[{"count":0,"href":"https:\/\/vieassociative.be\/actualites\/wp-json\/wp\/v2\/posts\/4325\/revisions"}],"wp:featuredmedia":[{"embeddable":true,"href":"https:\/\/vieassociative.be\/actualites\/wp-json\/wp\/v2\/media\/4326"}],"wp:attachment":[{"href":"https:\/\/vieassociative.be\/actualites\/wp-json\/wp\/v2\/media?parent=4325"}],"wp:term":[{"taxonomy":"category","embeddable":true,"href":"https:\/\/vieassociative.be\/actualites\/wp-json\/wp\/v2\/categories?post=4325"},{"taxonomy":"post_tag","embeddable":true,"href":"https:\/\/vieassociative.be\/actualites\/wp-json\/wp\/v2\/tags?post=4325"}],"curies":[{"name":"wp","href":"https:\/\/api.w.org\/{rel}","templated":true}]}}