{"id":4320,"date":"2025-01-14T15:18:03","date_gmt":"2025-01-14T14:18:03","guid":{"rendered":"https:\/\/vieassociative.be\/actualites\/wetzlarbad-eupen-avant-reouverture-galerie-photos\/"},"modified":"2025-01-14T15:18:03","modified_gmt":"2025-01-14T14:18:03","slug":"wetzlarbad-eupen-avant-reouverture-galerie-photos","status":"publish","type":"post","link":"https:\/\/vieassociative.be\/actualites\/wetzlarbad-eupen-avant-reouverture-galerie-photos\/","title":{"rendered":"Wetzlarbad Eupen avant r\u00e9ouverture (galerie photos)"},"content":{"rendered":"<p><strong>Le 1er f\u00e9vrier 2025 restera dans les annales de la ville d&rsquo;Eupen, car ce samedi-l\u00e0, le LAGO Wetzlarbad Eupen ouvre ses portes &#8211; trois ans et demi apr\u00e8s la derni\u00e8re fermeture suite aux inondations catastrophiques de juillet 2021 et 12 ans apr\u00e8s la fermeture d\u00e9finitive du vieux Wetzlarbad.<\/strong><\/p>\n<p><span id=\"more-406101\"><\/span>Le photographe OD Patrick von Staufenberg a \u00e9t\u00e9 autoris\u00e9 \u00e0 prendre des photos \u00e0 l&rsquo;avance de l&rsquo;ext\u00e9rieur et de l&rsquo;int\u00e9rieur du complexe thermal du quartier H\u00fctte d&rsquo;Eupen (voir GALERIE DE PHOTOS ci-dessous). Les cours de natation peuvent enfin \u00eatre \u00e0 nouveau donn\u00e9s \u00e0 Eupen.<\/p>\n<div id=\"attachment_406144\" class=\"wp-caption alignleft\" style=\"max-width: 300px\"><img fetchpriority=\"high\" decoding=\"async\" class=\"wp-image-406144 size-medium\" src=\"https:\/\/vieassociative.be\/actualites\/wp-content\/uploads\/2025\/01\/Wetzlarbad-Eupen-avant-reouverture-galerie-photos.jpg\" alt=\"\" width=\"300\" height=\"200\"><\/p>\n<p class=\"wp-caption-text\">Photo : Patrick von Staufenberg<\/p>\n<\/div>\n<p>De nombreux habitants d&rsquo;Eupen et de ses environs attendent avec impatience la reconstruction de la piscine, enti\u00e8rement d\u00e9truite par les inondations de la mi-juillet 2021. Afin de faire de la n\u00e9cessit\u00e9 une vertu, diverses innovations ont \u00e9t\u00e9 introduites par rapport au complexe aquatique inaugur\u00e9 en 2018. Il s&rsquo;agit notamment d&rsquo;une nouvelle machine \u00e0 vagues, d&rsquo;un syst\u00e8me de traitement de l&rsquo;eau optimis\u00e9, de modules PVT modernes sur le toit, d&rsquo;un syst\u00e8me de production combin\u00e9e de chaleur et d&rsquo;\u00e9lectricit\u00e9 efficace et d&rsquo;une protection am\u00e9lior\u00e9e contre les inondations.<\/p>\n<p>En 2013, les amateurs de natation eupenoise ont pu vivre pour la premi\u00e8re fois un \u00e9t\u00e9 sur la terre ferme. Depuis onze ans et demi, ils n\u2019ont pu profiter que d\u2019une seule saison estivale compl\u00e8te. C&rsquo;\u00e9tait en 2019. La construction et l&rsquo;ouverture ont pris beaucoup de temps. Puis la pand\u00e9mie de Covid et les inondations ont contrecarr\u00e9 les plans des op\u00e9rateurs. (cr\u00e9er)<\/p>\n<p><em><strong>Vous trouverez ci-dessous une GALERIE DE PHOTOS avec des photos du photographe Patrick von Staufenberg de LAGO Wetzlarbad Eupen (cliquez sur l&rsquo;image pour l&rsquo;agrandir)\u00a0:<\/strong><\/em><\/p>\n<div class=\"wp-gallery row\">\n<figure class=\"column small-6 medium-3 end\"><img decoding=\"async\" src=\"https:\/\/vieassociative.be\/actualites\/wp-content\/uploads\/2025\/01\/1736864282_514_Wetzlarbad-Eupen-avant-reouverture-galerie-photos.jpg\" width=\"159\" height=\"159\" alt=\"\"><\/figure>\n<figure class=\"column small-6 medium-3 end\"><img decoding=\"async\" src=\"https:\/\/vieassociative.be\/actualites\/wp-content\/uploads\/2025\/01\/1736864282_747_Wetzlarbad-Eupen-avant-reouverture-galerie-photos.jpg\" width=\"159\" height=\"159\" alt=\"\"><\/figure>\n<figure class=\"column small-6 medium-3 end\"><img loading=\"lazy\" decoding=\"async\" src=\"https:\/\/vieassociative.be\/actualites\/wp-content\/uploads\/2025\/01\/1736864282_802_Wetzlarbad-Eupen-avant-reouverture-galerie-photos.jpg\" width=\"159\" height=\"159\" alt=\"\"><\/figure>\n<figure class=\"column small-6 medium-3 end\"><img loading=\"lazy\" decoding=\"async\" src=\"https:\/\/vieassociative.be\/actualites\/wp-content\/uploads\/2025\/01\/1736864282_722_Wetzlarbad-Eupen-avant-reouverture-galerie-photos.jpg\" width=\"159\" height=\"159\" alt=\"\"><\/figure>\n<figure class=\"column small-6 medium-3 end\"><img loading=\"lazy\" decoding=\"async\" src=\"https:\/\/vieassociative.be\/actualites\/wp-content\/uploads\/2025\/01\/1736864282_673_Wetzlarbad-Eupen-avant-reouverture-galerie-photos.jpg\" width=\"159\" height=\"159\" alt=\"\"><\/figure>\n<figure class=\"column small-6 medium-3 end\"><img loading=\"lazy\" decoding=\"async\" src=\"https:\/\/vieassociative.be\/actualites\/wp-content\/uploads\/2025\/01\/1736864282_105_Wetzlarbad-Eupen-avant-reouverture-galerie-photos.jpg\" width=\"159\" height=\"159\" alt=\"\"><\/figure>\n<figure class=\"column small-6 medium-3 end\"><img loading=\"lazy\" decoding=\"async\" src=\"https:\/\/vieassociative.be\/actualites\/wp-content\/uploads\/2025\/01\/1736864283_321_Wetzlarbad-Eupen-avant-reouverture-galerie-photos.jpg\" width=\"159\" height=\"159\" alt=\"\"><\/figure>\n<figure class=\"column small-6 medium-3 end\"><img loading=\"lazy\" decoding=\"async\" src=\"https:\/\/vieassociative.be\/actualites\/wp-content\/uploads\/2025\/01\/1736864283_384_Wetzlarbad-Eupen-avant-reouverture-galerie-photos.jpg\" width=\"159\" height=\"159\" alt=\"\"><\/figure>\n<figure class=\"column small-6 medium-3 end\"><img loading=\"lazy\" decoding=\"async\" src=\"https:\/\/vieassociative.be\/actualites\/wp-content\/uploads\/2025\/01\/1736864283_339_Wetzlarbad-Eupen-avant-reouverture-galerie-photos.jpg\" width=\"159\" height=\"159\" alt=\"\"><\/figure>\n<figure class=\"column small-6 medium-3 end\"><img loading=\"lazy\" decoding=\"async\" src=\"https:\/\/vieassociative.be\/actualites\/wp-content\/uploads\/2025\/01\/1736864283_89_Wetzlarbad-Eupen-avant-reouverture-galerie-photos.jpg\" width=\"159\" height=\"159\" alt=\"\"><\/figure>\n<figure class=\"column small-6 medium-3 end\"><img loading=\"lazy\" decoding=\"async\" src=\"https:\/\/vieassociative.be\/actualites\/wp-content\/uploads\/2025\/01\/1736864283_89_Wetzlarbad-Eupen-avant-reouverture-galerie-photos.jpg\" width=\"159\" height=\"159\" alt=\"\"><\/figure>\n<figure class=\"column small-6 medium-3 end\"><img loading=\"lazy\" decoding=\"async\" src=\"https:\/\/vieassociative.be\/actualites\/wp-content\/uploads\/2025\/01\/1736864283_562_Wetzlarbad-Eupen-avant-reouverture-galerie-photos.jpg\" width=\"159\" height=\"159\" alt=\"\"><\/figure>\n<figure class=\"column small-6 medium-3 end\"><img loading=\"lazy\" decoding=\"async\" src=\"https:\/\/vieassociative.be\/actualites\/wp-content\/uploads\/2025\/01\/1736864283_208_Wetzlarbad-Eupen-avant-reouverture-galerie-photos.jpg\" width=\"159\" height=\"159\" alt=\"\"><\/figure>\n<figure class=\"column small-6 medium-3 end\"><img loading=\"lazy\" decoding=\"async\" src=\"https:\/\/vieassociative.be\/actualites\/wp-content\/uploads\/2025\/01\/1736864283_862_Wetzlarbad-Eupen-avant-reouverture-galerie-photos.jpg\" width=\"159\" height=\"159\" alt=\"\"><\/figure>\n<figure class=\"column small-6 medium-3 end\"><img loading=\"lazy\" decoding=\"async\" src=\"https:\/\/vieassociative.be\/actualites\/wp-content\/uploads\/2025\/01\/1736864283_93_Wetzlarbad-Eupen-avant-reouverture-galerie-photos.jpg\" width=\"159\" height=\"159\" alt=\"\"><\/figure>\n<figure class=\"column small-6 medium-3 end\"><img loading=\"lazy\" decoding=\"async\" src=\"https:\/\/vieassociative.be\/actualites\/wp-content\/uploads\/2025\/01\/1736864283_618_Wetzlarbad-Eupen-avant-reouverture-galerie-photos.jpg\" width=\"159\" height=\"159\" alt=\"\"><\/figure>\n<figure class=\"column small-6 medium-3 end\"><img loading=\"lazy\" decoding=\"async\" src=\"https:\/\/vieassociative.be\/actualites\/wp-content\/uploads\/2025\/01\/1736864283_489_Wetzlarbad-Eupen-avant-reouverture-galerie-photos.jpg\" width=\"159\" height=\"159\" alt=\"\"><\/figure>\n<figure class=\"column small-6 medium-3 end\"><img loading=\"lazy\" decoding=\"async\" src=\"https:\/\/vieassociative.be\/actualites\/wp-content\/uploads\/2025\/01\/1736864283_331_Wetzlarbad-Eupen-avant-reouverture-galerie-photos.jpg\" width=\"159\" height=\"159\" alt=\"\"><\/figure>\n<figure class=\"column small-6 medium-3 end\"><img loading=\"lazy\" decoding=\"async\" src=\"https:\/\/vieassociative.be\/actualites\/wp-content\/uploads\/2025\/01\/1736864283_841_Wetzlarbad-Eupen-avant-reouverture-galerie-photos.jpg\" width=\"159\" height=\"159\" alt=\"\"><\/figure>\n<figure class=\"column small-6 medium-3 end\"><img loading=\"lazy\" decoding=\"async\" src=\"https:\/\/vieassociative.be\/actualites\/wp-content\/uploads\/2025\/01\/1736864283_697_Wetzlarbad-Eupen-avant-reouverture-galerie-photos.jpg\" width=\"159\" height=\"159\" alt=\"\"><\/figure>\n<figure class=\"column small-6 medium-3 end\"><img loading=\"lazy\" decoding=\"async\" src=\"https:\/\/vieassociative.be\/actualites\/wp-content\/uploads\/2025\/01\/1736864283_767_Wetzlarbad-Eupen-avant-reouverture-galerie-photos.jpg\" width=\"159\" height=\"159\" alt=\"\"><\/figure>\n<figure class=\"column small-6 medium-3 end\"><img loading=\"lazy\" decoding=\"async\" src=\"https:\/\/vieassociative.be\/actualites\/wp-content\/uploads\/2025\/01\/1736864283_768_Wetzlarbad-Eupen-avant-reouverture-galerie-photos.jpg\" width=\"159\" height=\"159\" alt=\"\"><\/figure>\n<figure class=\"column small-6 medium-3 end\"><img loading=\"lazy\" decoding=\"async\" src=\"https:\/\/vieassociative.be\/actualites\/wp-content\/uploads\/2025\/01\/1736864283_214_Wetzlarbad-Eupen-avant-reouverture-galerie-photos.jpg\" width=\"159\" height=\"159\" alt=\"\"><\/figure>\n<figure class=\"column small-6 medium-3 end\"><img loading=\"lazy\" decoding=\"async\" src=\"https:\/\/vieassociative.be\/actualites\/wp-content\/uploads\/2025\/01\/1736864283_783_Wetzlarbad-Eupen-avant-reouverture-galerie-photos.jpg\" width=\"159\" height=\"159\" alt=\"\"><\/figure>\n<\/div>\n","protected":false},"excerpt":{"rendered":"<p>Le 1er f\u00e9vrier 2025 restera dans les annales de la ville d&rsquo;Eupen, car ce samedi-l\u00e0, le LAGO Wetzlarbad Eupen ouvre ses portes &#8211; trois ans<\/p>\n","protected":false},"author":1,"featured_media":4321,"comment_status":"","ping_status":"","sticky":false,"template":"","format":"standard","meta":{"footnotes":""},"categories":[298],"tags":[142,2329,3257,283,4723,4722],"class_list":["post-4320","post","type-post","status-publish","format-standard","has-post-thumbnail","hentry","category-belgique","tag-avant","tag-eupen","tag-galerie","tag-photos","tag-reouverture","tag-wetzlarbad","generate-columns","tablet-grid-50","mobile-grid-100","grid-parent","grid-33"],"yoast_head":"<!-- This site is optimized with the Yoast SEO plugin v24.0 - https:\/\/yoast.com\/wordpress\/plugins\/seo\/ -->\n<title>Wetzlarbad Eupen avant r\u00e9ouverture (galerie photos) | Vie Associative<\/title>\n<meta name=\"robots\" content=\"index, follow, max-snippet:-1, max-image-preview:large, max-video-preview:-1\" \/>\n<link rel=\"canonical\" href=\"https:\/\/vieassociative.be\/actualites\/wetzlarbad-eupen-avant-reouverture-galerie-photos\/\" \/>\n<meta property=\"og:locale\" content=\"fr_FR\" \/>\n<meta property=\"og:type\" content=\"article\" \/>\n<meta property=\"og:title\" content=\"Wetzlarbad Eupen avant r\u00e9ouverture (galerie photos) | Vie Associative\" \/>\n<meta property=\"og:description\" content=\"Le 1er f\u00e9vrier 2025 restera dans les annales de la ville d&rsquo;Eupen, car ce samedi-l\u00e0, le LAGO Wetzlarbad Eupen ouvre ses portes &#8211; trois ans\" \/>\n<meta property=\"og:url\" content=\"https:\/\/vieassociative.be\/actualites\/wetzlarbad-eupen-avant-reouverture-galerie-photos\/\" \/>\n<meta property=\"og:site_name\" content=\"Vie Associative\" \/>\n<meta property=\"article:published_time\" content=\"2025-01-14T14:18:03+00:00\" \/>\n<meta property=\"og:image\" content=\"https:\/\/vieassociative.be\/actualites\/wp-content\/uploads\/2024\/09\/header_backgroundk-01-e1726694325946.png\" \/>\n\t<meta property=\"og:image:width\" content=\"279\" \/>\n\t<meta property=\"og:image:height\" content=\"92\" \/>\n\t<meta property=\"og:image:type\" content=\"image\/png\" \/>\n<meta name=\"author\" content=\"Julien\" \/>\n<meta name=\"twitter:card\" content=\"summary_large_image\" \/>\n<meta name=\"twitter:label1\" content=\"\u00c9crit par\" \/>\n\t<meta name=\"twitter:data1\" content=\"Julien\" \/>\n\t<meta name=\"twitter:label2\" content=\"Dur\u00e9e de lecture est.\" \/>\n\t<meta name=\"twitter:data2\" content=\"1 minute\" \/>\n<script type=\"application\/ld+json\" class=\"yoast-schema-graph\">{\"@context\":\"https:\/\/schema.org\",\"@graph\":[{\"@type\":\"Article\",\"@id\":\"https:\/\/vieassociative.be\/actualites\/wetzlarbad-eupen-avant-reouverture-galerie-photos\/#article\",\"isPartOf\":{\"@id\":\"https:\/\/vieassociative.be\/actualites\/wetzlarbad-eupen-avant-reouverture-galerie-photos\/\"},\"author\":{\"name\":\"Julien\",\"@id\":\"https:\/\/vieassociative.be\/actualites\/#\/schema\/person\/b87ac4f82f9d4e7b7cec7395b679edc4\"},\"headline\":\"Wetzlarbad Eupen avant r\u00e9ouverture (galerie photos)\",\"datePublished\":\"2025-01-14T14:18:03+00:00\",\"dateModified\":\"2025-01-14T14:18:03+00:00\",\"mainEntityOfPage\":{\"@id\":\"https:\/\/vieassociative.be\/actualites\/wetzlarbad-eupen-avant-reouverture-galerie-photos\/\"},\"wordCount\":303,\"publisher\":{\"@id\":\"https:\/\/vieassociative.be\/actualites\/#organization\"},\"image\":{\"@id\":\"https:\/\/vieassociative.be\/actualites\/wetzlarbad-eupen-avant-reouverture-galerie-photos\/#primaryimage\"},\"thumbnailUrl\":\"https:\/\/vieassociative.be\/actualites\/wp-content\/uploads\/2025\/01\/1736864283_Wetzlarbad-Eupen-avant-reouverture-galerie-photos.jpg\",\"keywords\":[\"avant\",\"Eupen\",\"galerie\",\"Photos\",\"r\u00e9ouverture\",\"Wetzlarbad\"],\"articleSection\":[\"Belgique\"],\"inLanguage\":\"fr-BE\"},{\"@type\":\"WebPage\",\"@id\":\"https:\/\/vieassociative.be\/actualites\/wetzlarbad-eupen-avant-reouverture-galerie-photos\/\",\"url\":\"https:\/\/vieassociative.be\/actualites\/wetzlarbad-eupen-avant-reouverture-galerie-photos\/\",\"name\":\"Wetzlarbad Eupen avant r\u00e9ouverture (galerie photos) | Vie Associative\",\"isPartOf\":{\"@id\":\"https:\/\/vieassociative.be\/actualites\/#website\"},\"primaryImageOfPage\":{\"@id\":\"https:\/\/vieassociative.be\/actualites\/wetzlarbad-eupen-avant-reouverture-galerie-photos\/#primaryimage\"},\"image\":{\"@id\":\"https:\/\/vieassociative.be\/actualites\/wetzlarbad-eupen-avant-reouverture-galerie-photos\/#primaryimage\"},\"thumbnailUrl\":\"https:\/\/vieassociative.be\/actualites\/wp-content\/uploads\/2025\/01\/1736864283_Wetzlarbad-Eupen-avant-reouverture-galerie-photos.jpg\",\"datePublished\":\"2025-01-14T14:18:03+00:00\",\"dateModified\":\"2025-01-14T14:18:03+00:00\",\"breadcrumb\":{\"@id\":\"https:\/\/vieassociative.be\/actualites\/wetzlarbad-eupen-avant-reouverture-galerie-photos\/#breadcrumb\"},\"inLanguage\":\"fr-BE\",\"potentialAction\":[{\"@type\":\"ReadAction\",\"target\":[\"https:\/\/vieassociative.be\/actualites\/wetzlarbad-eupen-avant-reouverture-galerie-photos\/\"]}]},{\"@type\":\"ImageObject\",\"inLanguage\":\"fr-BE\",\"@id\":\"https:\/\/vieassociative.be\/actualites\/wetzlarbad-eupen-avant-reouverture-galerie-photos\/#primaryimage\",\"url\":\"https:\/\/vieassociative.be\/actualites\/wp-content\/uploads\/2025\/01\/1736864283_Wetzlarbad-Eupen-avant-reouverture-galerie-photos.jpg\",\"contentUrl\":\"https:\/\/vieassociative.be\/actualites\/wp-content\/uploads\/2025\/01\/1736864283_Wetzlarbad-Eupen-avant-reouverture-galerie-photos.jpg\",\"width\":2560,\"height\":1711,\"caption\":\"Wetzlarbad Eupen avant r\u00e9ouverture (galerie photos)\"},{\"@type\":\"BreadcrumbList\",\"@id\":\"https:\/\/vieassociative.be\/actualites\/wetzlarbad-eupen-avant-reouverture-galerie-photos\/#breadcrumb\",\"itemListElement\":[{\"@type\":\"ListItem\",\"position\":1,\"name\":\"Accueil\",\"item\":\"https:\/\/vieassociative.be\/actualites\/\"},{\"@type\":\"ListItem\",\"position\":2,\"name\":\"Wetzlarbad Eupen avant r\u00e9ouverture (galerie photos)\"}]},{\"@type\":\"WebSite\",\"@id\":\"https:\/\/vieassociative.be\/actualites\/#website\",\"url\":\"https:\/\/vieassociative.be\/actualites\/\",\"name\":\"Vie Associative\",\"description\":\"\",\"publisher\":{\"@id\":\"https:\/\/vieassociative.be\/actualites\/#organization\"},\"potentialAction\":[{\"@type\":\"SearchAction\",\"target\":{\"@type\":\"EntryPoint\",\"urlTemplate\":\"https:\/\/vieassociative.be\/actualites\/?s={search_term_string}\"},\"query-input\":{\"@type\":\"PropertyValueSpecification\",\"valueRequired\":true,\"valueName\":\"search_term_string\"}}],\"inLanguage\":\"fr-BE\"},{\"@type\":\"Organization\",\"@id\":\"https:\/\/vieassociative.be\/actualites\/#organization\",\"name\":\"Vie Associative\",\"url\":\"https:\/\/vieassociative.be\/actualites\/\",\"logo\":{\"@type\":\"ImageObject\",\"inLanguage\":\"fr-BE\",\"@id\":\"https:\/\/vieassociative.be\/actualites\/#\/schema\/logo\/image\/\",\"url\":\"https:\/\/vieassociative.be\/actualites\/wp-content\/uploads\/2024\/09\/cropped-vieassociative_favicon.ico.png\",\"contentUrl\":\"https:\/\/vieassociative.be\/actualites\/wp-content\/uploads\/2024\/09\/cropped-vieassociative_favicon.ico.png\",\"width\":512,\"height\":512,\"caption\":\"Vie Associative\"},\"image\":{\"@id\":\"https:\/\/vieassociative.be\/actualites\/#\/schema\/logo\/image\/\"}},{\"@type\":\"Person\",\"@id\":\"https:\/\/vieassociative.be\/actualites\/#\/schema\/person\/b87ac4f82f9d4e7b7cec7395b679edc4\",\"name\":\"Julien\",\"image\":{\"@type\":\"ImageObject\",\"inLanguage\":\"fr-BE\",\"@id\":\"https:\/\/vieassociative.be\/actualites\/#\/schema\/person\/image\/\",\"url\":\"https:\/\/vieassociative.be\/actualites\/wp-content\/uploads\/2024\/09\/vie-associative-1-150x150.jpg\",\"contentUrl\":\"https:\/\/vieassociative.be\/actualites\/wp-content\/uploads\/2024\/09\/vie-associative-1-150x150.jpg\",\"caption\":\"Julien\"},\"description\":\"Je suis Julien, r\u00e9dacteur pour Vie Associative. Passionn\u00e9 par le monde associatif depuis plus de 10 ans, j'ai \u00e0 c\u0153ur de partager des histoires inspirantes et de mettre en lumi\u00e8re les initiatives locales. Mon objectif est de sensibiliser et d'encourager l'engagement communautaire \u00e0 travers mes articles.\",\"sameAs\":[\"https:\/\/vieassociative.be\/\"]}]}<\/script>\n<!-- \/ Yoast SEO plugin. -->","yoast_head_json":{"title":"Wetzlarbad Eupen avant r\u00e9ouverture (galerie photos) | Vie Associative","robots":{"index":"index","follow":"follow","max-snippet":"max-snippet:-1","max-image-preview":"max-image-preview:large","max-video-preview":"max-video-preview:-1"},"canonical":"https:\/\/vieassociative.be\/actualites\/wetzlarbad-eupen-avant-reouverture-galerie-photos\/","og_locale":"fr_FR","og_type":"article","og_title":"Wetzlarbad Eupen avant r\u00e9ouverture (galerie photos) | Vie Associative","og_description":"Le 1er f\u00e9vrier 2025 restera dans les annales de la ville d&rsquo;Eupen, car ce samedi-l\u00e0, le LAGO Wetzlarbad Eupen ouvre ses portes &#8211; trois ans","og_url":"https:\/\/vieassociative.be\/actualites\/wetzlarbad-eupen-avant-reouverture-galerie-photos\/","og_site_name":"Vie Associative","article_published_time":"2025-01-14T14:18:03+00:00","og_image":[{"width":279,"height":92,"url":"https:\/\/vieassociative.be\/actualites\/wp-content\/uploads\/2024\/09\/header_backgroundk-01-e1726694325946.png","type":"image\/png"}],"author":"Julien","twitter_card":"summary_large_image","twitter_misc":{"\u00c9crit par":"Julien","Dur\u00e9e de lecture est.":"1 minute"},"schema":{"@context":"https:\/\/schema.org","@graph":[{"@type":"Article","@id":"https:\/\/vieassociative.be\/actualites\/wetzlarbad-eupen-avant-reouverture-galerie-photos\/#article","isPartOf":{"@id":"https:\/\/vieassociative.be\/actualites\/wetzlarbad-eupen-avant-reouverture-galerie-photos\/"},"author":{"name":"Julien","@id":"https:\/\/vieassociative.be\/actualites\/#\/schema\/person\/b87ac4f82f9d4e7b7cec7395b679edc4"},"headline":"Wetzlarbad Eupen avant r\u00e9ouverture (galerie photos)","datePublished":"2025-01-14T14:18:03+00:00","dateModified":"2025-01-14T14:18:03+00:00","mainEntityOfPage":{"@id":"https:\/\/vieassociative.be\/actualites\/wetzlarbad-eupen-avant-reouverture-galerie-photos\/"},"wordCount":303,"publisher":{"@id":"https:\/\/vieassociative.be\/actualites\/#organization"},"image":{"@id":"https:\/\/vieassociative.be\/actualites\/wetzlarbad-eupen-avant-reouverture-galerie-photos\/#primaryimage"},"thumbnailUrl":"https:\/\/vieassociative.be\/actualites\/wp-content\/uploads\/2025\/01\/1736864283_Wetzlarbad-Eupen-avant-reouverture-galerie-photos.jpg","keywords":["avant","Eupen","galerie","Photos","r\u00e9ouverture","Wetzlarbad"],"articleSection":["Belgique"],"inLanguage":"fr-BE"},{"@type":"WebPage","@id":"https:\/\/vieassociative.be\/actualites\/wetzlarbad-eupen-avant-reouverture-galerie-photos\/","url":"https:\/\/vieassociative.be\/actualites\/wetzlarbad-eupen-avant-reouverture-galerie-photos\/","name":"Wetzlarbad Eupen avant r\u00e9ouverture (galerie photos) | Vie Associative","isPartOf":{"@id":"https:\/\/vieassociative.be\/actualites\/#website"},"primaryImageOfPage":{"@id":"https:\/\/vieassociative.be\/actualites\/wetzlarbad-eupen-avant-reouverture-galerie-photos\/#primaryimage"},"image":{"@id":"https:\/\/vieassociative.be\/actualites\/wetzlarbad-eupen-avant-reouverture-galerie-photos\/#primaryimage"},"thumbnailUrl":"https:\/\/vieassociative.be\/actualites\/wp-content\/uploads\/2025\/01\/1736864283_Wetzlarbad-Eupen-avant-reouverture-galerie-photos.jpg","datePublished":"2025-01-14T14:18:03+00:00","dateModified":"2025-01-14T14:18:03+00:00","breadcrumb":{"@id":"https:\/\/vieassociative.be\/actualites\/wetzlarbad-eupen-avant-reouverture-galerie-photos\/#breadcrumb"},"inLanguage":"fr-BE","potentialAction":[{"@type":"ReadAction","target":["https:\/\/vieassociative.be\/actualites\/wetzlarbad-eupen-avant-reouverture-galerie-photos\/"]}]},{"@type":"ImageObject","inLanguage":"fr-BE","@id":"https:\/\/vieassociative.be\/actualites\/wetzlarbad-eupen-avant-reouverture-galerie-photos\/#primaryimage","url":"https:\/\/vieassociative.be\/actualites\/wp-content\/uploads\/2025\/01\/1736864283_Wetzlarbad-Eupen-avant-reouverture-galerie-photos.jpg","contentUrl":"https:\/\/vieassociative.be\/actualites\/wp-content\/uploads\/2025\/01\/1736864283_Wetzlarbad-Eupen-avant-reouverture-galerie-photos.jpg","width":2560,"height":1711,"caption":"Wetzlarbad Eupen avant r\u00e9ouverture (galerie photos)"},{"@type":"BreadcrumbList","@id":"https:\/\/vieassociative.be\/actualites\/wetzlarbad-eupen-avant-reouverture-galerie-photos\/#breadcrumb","itemListElement":[{"@type":"ListItem","position":1,"name":"Accueil","item":"https:\/\/vieassociative.be\/actualites\/"},{"@type":"ListItem","position":2,"name":"Wetzlarbad Eupen avant r\u00e9ouverture (galerie photos)"}]},{"@type":"WebSite","@id":"https:\/\/vieassociative.be\/actualites\/#website","url":"https:\/\/vieassociative.be\/actualites\/","name":"Vie Associative","description":"","publisher":{"@id":"https:\/\/vieassociative.be\/actualites\/#organization"},"potentialAction":[{"@type":"SearchAction","target":{"@type":"EntryPoint","urlTemplate":"https:\/\/vieassociative.be\/actualites\/?s={search_term_string}"},"query-input":{"@type":"PropertyValueSpecification","valueRequired":true,"valueName":"search_term_string"}}],"inLanguage":"fr-BE"},{"@type":"Organization","@id":"https:\/\/vieassociative.be\/actualites\/#organization","name":"Vie Associative","url":"https:\/\/vieassociative.be\/actualites\/","logo":{"@type":"ImageObject","inLanguage":"fr-BE","@id":"https:\/\/vieassociative.be\/actualites\/#\/schema\/logo\/image\/","url":"https:\/\/vieassociative.be\/actualites\/wp-content\/uploads\/2024\/09\/cropped-vieassociative_favicon.ico.png","contentUrl":"https:\/\/vieassociative.be\/actualites\/wp-content\/uploads\/2024\/09\/cropped-vieassociative_favicon.ico.png","width":512,"height":512,"caption":"Vie Associative"},"image":{"@id":"https:\/\/vieassociative.be\/actualites\/#\/schema\/logo\/image\/"}},{"@type":"Person","@id":"https:\/\/vieassociative.be\/actualites\/#\/schema\/person\/b87ac4f82f9d4e7b7cec7395b679edc4","name":"Julien","image":{"@type":"ImageObject","inLanguage":"fr-BE","@id":"https:\/\/vieassociative.be\/actualites\/#\/schema\/person\/image\/","url":"https:\/\/vieassociative.be\/actualites\/wp-content\/uploads\/2024\/09\/vie-associative-1-150x150.jpg","contentUrl":"https:\/\/vieassociative.be\/actualites\/wp-content\/uploads\/2024\/09\/vie-associative-1-150x150.jpg","caption":"Julien"},"description":"Je suis Julien, r\u00e9dacteur pour Vie Associative. Passionn\u00e9 par le monde associatif depuis plus de 10 ans, j'ai \u00e0 c\u0153ur de partager des histoires inspirantes et de mettre en lumi\u00e8re les initiatives locales. Mon objectif est de sensibiliser et d'encourager l'engagement communautaire \u00e0 travers mes articles.","sameAs":["https:\/\/vieassociative.be\/"]}]}},"_links":{"self":[{"href":"https:\/\/vieassociative.be\/actualites\/wp-json\/wp\/v2\/posts\/4320"}],"collection":[{"href":"https:\/\/vieassociative.be\/actualites\/wp-json\/wp\/v2\/posts"}],"about":[{"href":"https:\/\/vieassociative.be\/actualites\/wp-json\/wp\/v2\/types\/post"}],"author":[{"embeddable":true,"href":"https:\/\/vieassociative.be\/actualites\/wp-json\/wp\/v2\/users\/1"}],"replies":[{"embeddable":true,"href":"https:\/\/vieassociative.be\/actualites\/wp-json\/wp\/v2\/comments?post=4320"}],"version-history":[{"count":0,"href":"https:\/\/vieassociative.be\/actualites\/wp-json\/wp\/v2\/posts\/4320\/revisions"}],"wp:featuredmedia":[{"embeddable":true,"href":"https:\/\/vieassociative.be\/actualites\/wp-json\/wp\/v2\/media\/4321"}],"wp:attachment":[{"href":"https:\/\/vieassociative.be\/actualites\/wp-json\/wp\/v2\/media?parent=4320"}],"wp:term":[{"taxonomy":"category","embeddable":true,"href":"https:\/\/vieassociative.be\/actualites\/wp-json\/wp\/v2\/categories?post=4320"},{"taxonomy":"post_tag","embeddable":true,"href":"https:\/\/vieassociative.be\/actualites\/wp-json\/wp\/v2\/tags?post=4320"}],"curies":[{"name":"wp","href":"https:\/\/api.w.org\/{rel}","templated":true}]}}