{"id":4313,"date":"2025-01-14T08:18:13","date_gmt":"2025-01-14T07:18:13","guid":{"rendered":"https:\/\/vieassociative.be\/actualites\/les-pelotons-beneficient-dune-reduction-allant-jusqua-350-en-ce-moment\/"},"modified":"2025-01-14T08:18:13","modified_gmt":"2025-01-14T07:18:13","slug":"les-pelotons-beneficient-dune-reduction-allant-jusqua-350-en-ce-moment","status":"publish","type":"post","link":"https:\/\/vieassociative.be\/actualites\/les-pelotons-beneficient-dune-reduction-allant-jusqua-350-en-ce-moment\/","title":{"rendered":"Les pelotons b\u00e9n\u00e9ficient d&rsquo;une r\u00e9duction allant jusqu&rsquo;\u00e0 350\u00a0$ en ce moment"},"content":{"rendered":"<div class=\"mt-4 leading-6 md:mb-8\">Le v\u00e9lo Peloton original est maintenant moins cher qu\u2019il ne l\u2019\u00e9tait lors du Prime Day.<\/div>\n<p><\/p>\n<p>Si vous auriez aim\u00e9 acheter un Peloton le Prime Day, j&rsquo;ai une bonne nouvelle pour vous : le Peloton original est moins cher en ce moment qu&rsquo;il ne l&rsquo;\u00e9tait le Prime Day. Le Peloton+, le meilleur v\u00e9lo d&rsquo;exercice de Peloton, b\u00e9n\u00e9ficie d&rsquo;une remise plus \u00e9lev\u00e9e de 350 $. Vous pouvez obtenir un Peloton+ pour <strong>2 146,86 $<\/strong> (\u00e0 l&rsquo;origine 2 495 $), soit 348,14 $ de r\u00e9duction sur le prix habituel. Le v\u00e9lo Peloton original est actuellement \u00e0 <strong>1\u00a0145\u00a0$<\/strong> (\u00e0 l&rsquo;origine 1 445 $), soit 300 $ de r\u00e9duction sur son prix r\u00e9gulier.<\/p>\n<div class=\"pogoClear mb-12 mt-10 rounded-md border-2 border-gray-100 py-7 shadow-xl md:py-6\">\n<div class=\"flex flex-wrap justify-between px-7 text-black no-underline md:flex-nowrap md:px-8\">\n<div class=\"order-1 mx-auto flex flex-col justify-center md:order-2 md:ml-4 md:w-full md:grow\">\n<div class=\"block cursor-pointer text-center font-akshar text-2xl font-medium leading-7 text-brand-green duration-200 ease-in-out hover:text-brand-green-700 md:text-left md:text-xl md:leading-6\">V\u00e9lo Peloton\n                <\/div>\n<div class=\"mt-4 hidden md:flex md:justify-between\">\n<div class=\"self-end\">\n<div class=\"mb-0 h-11 md:flex md:flex-col md:justify-center\">\n<div class=\" font-sans leading-4 text-black\">\n<div class=\"flex flex-wrap items-center justify-center gap-x-1 md:justify-start\">\n        <span class=\"font-bold\"><\/p>\n<p>            1\u00a0145,00\u00a0$<br \/>\n                    <\/span>\n            <\/div>\n<div class=\"flex items-center justify-center gap-x-1 font-bold md:justify-start\">\n            <span class=\"text-sm line-through\">1\u00a0445,00\u00a0$<\/span><br \/>\n            <span class=\"text-sm text-brand-green\">\u00c9conomisez 300,00\u00a0$<\/span>\n        <\/div>\n<\/p><\/div>\n<\/p><\/div>\n<\/p><\/div>\n<div class=\"w-44 self-end\">\n                            <button class=\"flex justify-center items-center w-full bg-brand-green text-white text-base font-sans font-medium rounded-md hover:bg-brand-green-700 hover:cursor-pointer md:text-sm h-11\"><\/p>\n<p>    Obtenez une offre<br \/>\n<\/button>\n                        <\/div>\n<\/p><\/div>\n<\/p><\/div>\n<div class=\"order-2 mt-5 h-auto w-full md:order-1 md:mt-0 md:hidden\">\n<div class=\"flex aspect-video items-center justify-center\">\n                                            <img decoding=\"async\" class=\"m-0 max-h-full max-w-full rounded-md\" src=\"https:\/\/vieassociative.be\/actualites\/wp-content\/uploads\/2025\/01\/Les-pelotons-beneficient-dune-reduction-allant-jusqua-350-en-ce.jpg\" alt=\"V\u00e9lo Peloton\" width=\"auto\" height=\"auto\" loading=\"lazy\">\n                                    <\/div>\n<\/p><\/div>\n<div class=\"order-2 ml-2 hidden w-32 shrink-0 items-center md:order-1 md:ml-0 md:flex\">\n<div class=\"flex aspect-video items-center justify-center\">\n                                            <img decoding=\"async\" class=\"m-0 max-h-full max-w-full rounded-md\" src=\"https:\/\/vieassociative.be\/actualites\/wp-content\/uploads\/2025\/01\/Les-pelotons-beneficient-dune-reduction-allant-jusqua-350-en-ce.jpg\" alt=\"V\u00e9lo Peloton\" width=\"auto\" height=\"auto\" loading=\"lazy\">\n                                    <\/div>\n<\/p><\/div>\n<div class=\"order-3 flex grow flex-wrap md:hidden md:grow-0\">\n<div class=\"mt-4 w-full\">\n                        <button class=\"flex justify-center items-center w-full bg-brand-green text-white text-base font-sans font-medium rounded-md hover:bg-brand-green-700 hover:cursor-pointer md:text-sm h-11\"><\/p>\n<p>    Obtenez une offre<br \/>\n<\/button>\n                    <\/div>\n<div class=\"mx-2 mt-4 w-full\">\n<div class=\" font-sans leading-4 text-black\">\n<div class=\"flex flex-wrap items-center justify-center gap-x-1 md:justify-start\">\n        <span class=\"font-bold\"><\/p>\n<p>            1\u00a0145,00\u00a0$<br \/>\n                    <\/span>\n            <\/div>\n<div class=\"flex items-center justify-center gap-x-1 font-bold md:justify-start\">\n            <span class=\"text-sm line-through\">1\u00a0445,00\u00a0$<\/span><br \/>\n            <span class=\"text-sm text-brand-green\">\u00c9conomisez 300,00\u00a0$<\/span>\n        <\/div>\n<\/p><\/div>\n<\/p><\/div>\n<\/p><\/div>\n<\/p><\/div>\n<\/div>\n<div class=\"pogoClear mb-12 mt-10 rounded-md border-2 border-gray-100 py-7 shadow-xl md:py-6\">\n<div class=\"flex flex-wrap justify-between px-7 text-black no-underline md:flex-nowrap md:px-8\">\n<div class=\"order-1 mx-auto flex flex-col justify-center md:order-2 md:ml-4 md:w-full md:grow\">\n<div class=\"block cursor-pointer text-center font-akshar text-2xl font-medium leading-7 text-brand-green duration-200 ease-in-out hover:text-brand-green-700 md:text-left md:text-xl md:leading-6\">V\u00e9lo Peloton+\n                <\/div>\n<div class=\"mt-4 hidden md:flex md:justify-between\">\n<div class=\"self-end\">\n<div class=\"mb-0 h-11 md:flex md:flex-col md:justify-center\">\n<div class=\" font-sans leading-4 text-black\">\n<div class=\"flex flex-wrap items-center justify-center gap-x-1 md:justify-start\">\n        <span class=\"font-bold\"><\/p>\n<p>            2\u00a0445,00\u00a0$<br \/>\n                            <span class=\"font-medium\">chez Amazon<\/span><br \/>\n                    <\/span>\n            <\/div>\n<\/p><\/div>\n<\/p><\/div>\n<\/p><\/div>\n<div class=\"w-44 self-end\">\n                            <button class=\"flex justify-center items-center w-full bg-brand-green text-white text-base font-sans font-medium rounded-md hover:bg-brand-green-700 hover:cursor-pointer md:text-sm h-11\"><\/p>\n<p>    Obtenez une offre<br \/>\n<\/button>\n                        <\/div>\n<\/p><\/div>\n<\/p><\/div>\n<div class=\"order-2 mt-5 h-auto w-full md:order-1 md:mt-0 md:hidden\">\n<div class=\"flex aspect-video items-center justify-center\">\n                                            <img decoding=\"async\" class=\"m-0 max-h-full max-w-full rounded-md\" src=\"https:\/\/vieassociative.be\/actualites\/wp-content\/uploads\/2025\/01\/1736839093_89_Les-pelotons-beneficient-dune-reduction-allant-jusqua-350-en-ce.jpg\" alt=\"V\u00e9lo Peloton+\" width=\"auto\" height=\"auto\" loading=\"lazy\">\n                                    <\/div>\n<\/p><\/div>\n<div class=\"order-2 ml-2 hidden w-32 shrink-0 items-center md:order-1 md:ml-0 md:flex\">\n<div class=\"flex aspect-video items-center justify-center\">\n                                            <img decoding=\"async\" class=\"m-0 max-h-full max-w-full rounded-md\" src=\"https:\/\/vieassociative.be\/actualites\/wp-content\/uploads\/2025\/01\/1736839093_89_Les-pelotons-beneficient-dune-reduction-allant-jusqua-350-en-ce.jpg\" alt=\"V\u00e9lo Peloton+\" width=\"auto\" height=\"auto\" loading=\"lazy\">\n                                    <\/div>\n<\/p><\/div>\n<div class=\"order-3 flex grow flex-wrap md:hidden md:grow-0\">\n<div class=\"mt-4 w-full\">\n                        <button class=\"flex justify-center items-center w-full bg-brand-green text-white text-base font-sans font-medium rounded-md hover:bg-brand-green-700 hover:cursor-pointer md:text-sm h-11\"><\/p>\n<p>    Obtenez une offre<br \/>\n<\/button>\n                    <\/div>\n<div class=\"mx-2 mt-4 w-full\">\n<div class=\" font-sans leading-4 text-black\">\n<div class=\"flex flex-wrap items-center justify-center gap-x-1 md:justify-start\">\n        <span class=\"font-bold\"><\/p>\n<p>            2\u00a0445,00\u00a0$<br \/>\n                            <span class=\"font-medium\">chez Amazon<\/span><br \/>\n                    <\/span>\n            <\/div>\n<\/p><\/div>\n<\/p><\/div>\n<\/p><\/div>\n<\/p><\/div>\n<\/div>\n<p>Les deux Pelotons sont bon march\u00e9 compte tenu des prix historiques, mais si vous ne parvenez pas \u00e0 d\u00e9cider lequel vous convient le mieux, Beth Skwarecki, r\u00e9dactrice en chef de la sant\u00e9 de Vie Associative, a d\u00e9taill\u00e9 leurs diff\u00e9rences ici. Essentiellement, le v\u00e9lo Peloton poss\u00e8de toutes les fonctionnalit\u00e9s importantes, comme l&rsquo;\u00e9cran tactile sur lequel vous suivez les cours et pouvez voir des itin\u00e9raires panoramiques, jouer \u00e0 des jeux sur l&rsquo;\u00e9cran en ajustant votre bouton de r\u00e9sistance et m\u00eame regarder Netflix pendant que vous faites de l&rsquo;exercice. Le Bike+ a tout ce que le Bike a, plus une r\u00e9sistance qui s&rsquo;ajuste automatiquement lorsque vous suivez un cours. L&rsquo;\u00e9cran tactile est \u00e9galement pivotant, vous permettant de faire du yoga et des cours de musculation au sol \u00e0 c\u00f4t\u00e9 de votre Bike+. Amazon propose une livraison gratuite \u00ab \u00e0 l&rsquo;int\u00e9rieur de l&rsquo;entr\u00e9e \u00bb lorsque vous commandez un v\u00e9lo Peloton ou un v\u00e9lo+.<\/p>\n<p>Si vous envisagez plut\u00f4t d\u2019acheter un Peloton d\u2019occasion, voici \u00e0 quoi vous pouvez vous attendre\u00a0: gardez \u00e0 l&rsquo;esprit qu&rsquo;il y a des frais de 95 $ (plus quelques autres co\u00fbts que vous voudrez peut-\u00eatre prendre en compte) que vous devrez payer \u00e0 Peloton pour que la machine \u00e9change ses mains. Vous aurez \u00e9galement besoin d&rsquo;un <strong>44\u00a0$<\/strong> abonnement mensuel \u00ab All Access \u00bb pour utiliser toutes les fonctionnalit\u00e9s du v\u00e9lo. <\/p>\n","protected":false},"excerpt":{"rendered":"<p>Le v\u00e9lo Peloton original est maintenant moins cher qu\u2019il ne l\u2019\u00e9tait lors du Prime Day. Si vous auriez aim\u00e9 acheter un Peloton le Prime Day,<\/p>\n","protected":false},"author":1,"featured_media":4314,"comment_status":"","ping_status":"","sticky":false,"template":"","format":"standard","meta":{"footnotes":""},"categories":[38],"tags":[3756,1268,698,1269,14,1429,4718,308],"class_list":["post-4313","post","type-post","status-publish","format-standard","has-post-thumbnail","hentry","category-sante","tag-allant","tag-beneficient","tag-dune","tag-jusqua","tag-les","tag-moment","tag-pelotons","tag-reduction","generate-columns","tablet-grid-50","mobile-grid-100","grid-parent","grid-33"],"yoast_head":"<!-- This site is optimized with the Yoast SEO plugin v24.0 - https:\/\/yoast.com\/wordpress\/plugins\/seo\/ -->\n<title>Les pelotons b\u00e9n\u00e9ficient d&#039;une r\u00e9duction allant jusqu&#039;\u00e0 350\u00a0$ en ce moment | Vie Associative<\/title>\n<meta name=\"robots\" content=\"index, follow, max-snippet:-1, max-image-preview:large, max-video-preview:-1\" \/>\n<link rel=\"canonical\" href=\"https:\/\/vieassociative.be\/actualites\/les-pelotons-beneficient-dune-reduction-allant-jusqua-350-en-ce-moment\/\" \/>\n<meta property=\"og:locale\" content=\"fr_FR\" \/>\n<meta property=\"og:type\" content=\"article\" \/>\n<meta property=\"og:title\" content=\"Les pelotons b\u00e9n\u00e9ficient d&#039;une r\u00e9duction allant jusqu&#039;\u00e0 350\u00a0$ en ce moment | Vie Associative\" \/>\n<meta property=\"og:description\" content=\"Le v\u00e9lo Peloton original est maintenant moins cher qu\u2019il ne l\u2019\u00e9tait lors du Prime Day. Si vous auriez aim\u00e9 acheter un Peloton le Prime Day,\" \/>\n<meta property=\"og:url\" content=\"https:\/\/vieassociative.be\/actualites\/les-pelotons-beneficient-dune-reduction-allant-jusqua-350-en-ce-moment\/\" \/>\n<meta property=\"og:site_name\" content=\"Vie Associative\" \/>\n<meta property=\"article:published_time\" content=\"2025-01-14T07:18:13+00:00\" \/>\n<meta property=\"og:image\" content=\"https:\/\/vieassociative.be\/actualites\/wp-content\/uploads\/2025\/01\/Les-pelotons-beneficient-dune-reduction-allant-jusqua-350-en-ce.jpg\" \/>\n<meta name=\"author\" content=\"Julien\" \/>\n<meta name=\"twitter:card\" content=\"summary_large_image\" \/>\n<meta name=\"twitter:label1\" content=\"\u00c9crit par\" \/>\n\t<meta name=\"twitter:data1\" content=\"Julien\" \/>\n\t<meta name=\"twitter:label2\" content=\"Dur\u00e9e de lecture est.\" \/>\n\t<meta name=\"twitter:data2\" content=\"2 minutes\" \/>\n<script type=\"application\/ld+json\" class=\"yoast-schema-graph\">{\"@context\":\"https:\/\/schema.org\",\"@graph\":[{\"@type\":\"Article\",\"@id\":\"https:\/\/vieassociative.be\/actualites\/les-pelotons-beneficient-dune-reduction-allant-jusqua-350-en-ce-moment\/#article\",\"isPartOf\":{\"@id\":\"https:\/\/vieassociative.be\/actualites\/les-pelotons-beneficient-dune-reduction-allant-jusqua-350-en-ce-moment\/\"},\"author\":{\"name\":\"Julien\",\"@id\":\"https:\/\/vieassociative.be\/actualites\/#\/schema\/person\/b87ac4f82f9d4e7b7cec7395b679edc4\"},\"headline\":\"Les pelotons b\u00e9n\u00e9ficient d&rsquo;une r\u00e9duction allant jusqu&rsquo;\u00e0 350\u00a0$ en ce moment\",\"datePublished\":\"2025-01-14T07:18:13+00:00\",\"dateModified\":\"2025-01-14T07:18:13+00:00\",\"mainEntityOfPage\":{\"@id\":\"https:\/\/vieassociative.be\/actualites\/les-pelotons-beneficient-dune-reduction-allant-jusqua-350-en-ce-moment\/\"},\"wordCount\":381,\"publisher\":{\"@id\":\"https:\/\/vieassociative.be\/actualites\/#organization\"},\"image\":{\"@id\":\"https:\/\/vieassociative.be\/actualites\/les-pelotons-beneficient-dune-reduction-allant-jusqua-350-en-ce-moment\/#primaryimage\"},\"thumbnailUrl\":\"https:\/\/vieassociative.be\/actualites\/wp-content\/uploads\/2025\/01\/Les-pelotons-beneficient-dune-reduction-allant-jusqua-350-en-ce.png\",\"keywords\":[\"allant\",\"b\u00e9n\u00e9ficient\",\"dune\",\"jusqu\u00e0\",\"Les\",\"moment\",\"pelotons\",\"r\u00e9duction\"],\"articleSection\":[\"Sant\u00e9\"],\"inLanguage\":\"fr-BE\"},{\"@type\":\"WebPage\",\"@id\":\"https:\/\/vieassociative.be\/actualites\/les-pelotons-beneficient-dune-reduction-allant-jusqua-350-en-ce-moment\/\",\"url\":\"https:\/\/vieassociative.be\/actualites\/les-pelotons-beneficient-dune-reduction-allant-jusqua-350-en-ce-moment\/\",\"name\":\"Les pelotons b\u00e9n\u00e9ficient d'une r\u00e9duction allant jusqu'\u00e0 350\u00a0$ en ce moment | Vie Associative\",\"isPartOf\":{\"@id\":\"https:\/\/vieassociative.be\/actualites\/#website\"},\"primaryImageOfPage\":{\"@id\":\"https:\/\/vieassociative.be\/actualites\/les-pelotons-beneficient-dune-reduction-allant-jusqua-350-en-ce-moment\/#primaryimage\"},\"image\":{\"@id\":\"https:\/\/vieassociative.be\/actualites\/les-pelotons-beneficient-dune-reduction-allant-jusqua-350-en-ce-moment\/#primaryimage\"},\"thumbnailUrl\":\"https:\/\/vieassociative.be\/actualites\/wp-content\/uploads\/2025\/01\/Les-pelotons-beneficient-dune-reduction-allant-jusqua-350-en-ce.png\",\"datePublished\":\"2025-01-14T07:18:13+00:00\",\"dateModified\":\"2025-01-14T07:18:13+00:00\",\"breadcrumb\":{\"@id\":\"https:\/\/vieassociative.be\/actualites\/les-pelotons-beneficient-dune-reduction-allant-jusqua-350-en-ce-moment\/#breadcrumb\"},\"inLanguage\":\"fr-BE\",\"potentialAction\":[{\"@type\":\"ReadAction\",\"target\":[\"https:\/\/vieassociative.be\/actualites\/les-pelotons-beneficient-dune-reduction-allant-jusqua-350-en-ce-moment\/\"]}]},{\"@type\":\"ImageObject\",\"inLanguage\":\"fr-BE\",\"@id\":\"https:\/\/vieassociative.be\/actualites\/les-pelotons-beneficient-dune-reduction-allant-jusqua-350-en-ce-moment\/#primaryimage\",\"url\":\"https:\/\/vieassociative.be\/actualites\/wp-content\/uploads\/2025\/01\/Les-pelotons-beneficient-dune-reduction-allant-jusqua-350-en-ce.png\",\"contentUrl\":\"https:\/\/vieassociative.be\/actualites\/wp-content\/uploads\/2025\/01\/Les-pelotons-beneficient-dune-reduction-allant-jusqua-350-en-ce.png\",\"width\":1200,\"height\":675,\"caption\":\"Les pelotons b\u00e9n\u00e9ficient d'une r\u00e9duction allant jusqu'\u00e0 350\u00a0$ en ce moment\"},{\"@type\":\"BreadcrumbList\",\"@id\":\"https:\/\/vieassociative.be\/actualites\/les-pelotons-beneficient-dune-reduction-allant-jusqua-350-en-ce-moment\/#breadcrumb\",\"itemListElement\":[{\"@type\":\"ListItem\",\"position\":1,\"name\":\"Accueil\",\"item\":\"https:\/\/vieassociative.be\/actualites\/\"},{\"@type\":\"ListItem\",\"position\":2,\"name\":\"Les pelotons b\u00e9n\u00e9ficient d&rsquo;une r\u00e9duction allant jusqu&rsquo;\u00e0 350\u00a0$ en ce moment\"}]},{\"@type\":\"WebSite\",\"@id\":\"https:\/\/vieassociative.be\/actualites\/#website\",\"url\":\"https:\/\/vieassociative.be\/actualites\/\",\"name\":\"Vie Associative\",\"description\":\"\",\"publisher\":{\"@id\":\"https:\/\/vieassociative.be\/actualites\/#organization\"},\"potentialAction\":[{\"@type\":\"SearchAction\",\"target\":{\"@type\":\"EntryPoint\",\"urlTemplate\":\"https:\/\/vieassociative.be\/actualites\/?s={search_term_string}\"},\"query-input\":{\"@type\":\"PropertyValueSpecification\",\"valueRequired\":true,\"valueName\":\"search_term_string\"}}],\"inLanguage\":\"fr-BE\"},{\"@type\":\"Organization\",\"@id\":\"https:\/\/vieassociative.be\/actualites\/#organization\",\"name\":\"Vie Associative\",\"url\":\"https:\/\/vieassociative.be\/actualites\/\",\"logo\":{\"@type\":\"ImageObject\",\"inLanguage\":\"fr-BE\",\"@id\":\"https:\/\/vieassociative.be\/actualites\/#\/schema\/logo\/image\/\",\"url\":\"https:\/\/vieassociative.be\/actualites\/wp-content\/uploads\/2024\/09\/cropped-vieassociative_favicon.ico.png\",\"contentUrl\":\"https:\/\/vieassociative.be\/actualites\/wp-content\/uploads\/2024\/09\/cropped-vieassociative_favicon.ico.png\",\"width\":512,\"height\":512,\"caption\":\"Vie Associative\"},\"image\":{\"@id\":\"https:\/\/vieassociative.be\/actualites\/#\/schema\/logo\/image\/\"}},{\"@type\":\"Person\",\"@id\":\"https:\/\/vieassociative.be\/actualites\/#\/schema\/person\/b87ac4f82f9d4e7b7cec7395b679edc4\",\"name\":\"Julien\",\"image\":{\"@type\":\"ImageObject\",\"inLanguage\":\"fr-BE\",\"@id\":\"https:\/\/vieassociative.be\/actualites\/#\/schema\/person\/image\/\",\"url\":\"https:\/\/vieassociative.be\/actualites\/wp-content\/uploads\/2024\/09\/vie-associative-1-150x150.jpg\",\"contentUrl\":\"https:\/\/vieassociative.be\/actualites\/wp-content\/uploads\/2024\/09\/vie-associative-1-150x150.jpg\",\"caption\":\"Julien\"},\"description\":\"Je suis Julien, r\u00e9dacteur pour Vie Associative. Passionn\u00e9 par le monde associatif depuis plus de 10 ans, j'ai \u00e0 c\u0153ur de partager des histoires inspirantes et de mettre en lumi\u00e8re les initiatives locales. Mon objectif est de sensibiliser et d'encourager l'engagement communautaire \u00e0 travers mes articles.\",\"sameAs\":[\"https:\/\/vieassociative.be\/\"]}]}<\/script>\n<!-- \/ Yoast SEO plugin. -->","yoast_head_json":{"title":"Les pelotons b\u00e9n\u00e9ficient d'une r\u00e9duction allant jusqu'\u00e0 350\u00a0$ en ce moment | Vie Associative","robots":{"index":"index","follow":"follow","max-snippet":"max-snippet:-1","max-image-preview":"max-image-preview:large","max-video-preview":"max-video-preview:-1"},"canonical":"https:\/\/vieassociative.be\/actualites\/les-pelotons-beneficient-dune-reduction-allant-jusqua-350-en-ce-moment\/","og_locale":"fr_FR","og_type":"article","og_title":"Les pelotons b\u00e9n\u00e9ficient d'une r\u00e9duction allant jusqu'\u00e0 350\u00a0$ en ce moment | Vie Associative","og_description":"Le v\u00e9lo Peloton original est maintenant moins cher qu\u2019il ne l\u2019\u00e9tait lors du Prime Day. Si vous auriez aim\u00e9 acheter un Peloton le Prime Day,","og_url":"https:\/\/vieassociative.be\/actualites\/les-pelotons-beneficient-dune-reduction-allant-jusqua-350-en-ce-moment\/","og_site_name":"Vie Associative","article_published_time":"2025-01-14T07:18:13+00:00","og_image":[{"url":"https:\/\/vieassociative.be\/actualites\/wp-content\/uploads\/2025\/01\/Les-pelotons-beneficient-dune-reduction-allant-jusqua-350-en-ce.jpg","type":"","width":"","height":""}],"author":"Julien","twitter_card":"summary_large_image","twitter_misc":{"\u00c9crit par":"Julien","Dur\u00e9e de lecture est.":"2 minutes"},"schema":{"@context":"https:\/\/schema.org","@graph":[{"@type":"Article","@id":"https:\/\/vieassociative.be\/actualites\/les-pelotons-beneficient-dune-reduction-allant-jusqua-350-en-ce-moment\/#article","isPartOf":{"@id":"https:\/\/vieassociative.be\/actualites\/les-pelotons-beneficient-dune-reduction-allant-jusqua-350-en-ce-moment\/"},"author":{"name":"Julien","@id":"https:\/\/vieassociative.be\/actualites\/#\/schema\/person\/b87ac4f82f9d4e7b7cec7395b679edc4"},"headline":"Les pelotons b\u00e9n\u00e9ficient d&rsquo;une r\u00e9duction allant jusqu&rsquo;\u00e0 350\u00a0$ en ce moment","datePublished":"2025-01-14T07:18:13+00:00","dateModified":"2025-01-14T07:18:13+00:00","mainEntityOfPage":{"@id":"https:\/\/vieassociative.be\/actualites\/les-pelotons-beneficient-dune-reduction-allant-jusqua-350-en-ce-moment\/"},"wordCount":381,"publisher":{"@id":"https:\/\/vieassociative.be\/actualites\/#organization"},"image":{"@id":"https:\/\/vieassociative.be\/actualites\/les-pelotons-beneficient-dune-reduction-allant-jusqua-350-en-ce-moment\/#primaryimage"},"thumbnailUrl":"https:\/\/vieassociative.be\/actualites\/wp-content\/uploads\/2025\/01\/Les-pelotons-beneficient-dune-reduction-allant-jusqua-350-en-ce.png","keywords":["allant","b\u00e9n\u00e9ficient","dune","jusqu\u00e0","Les","moment","pelotons","r\u00e9duction"],"articleSection":["Sant\u00e9"],"inLanguage":"fr-BE"},{"@type":"WebPage","@id":"https:\/\/vieassociative.be\/actualites\/les-pelotons-beneficient-dune-reduction-allant-jusqua-350-en-ce-moment\/","url":"https:\/\/vieassociative.be\/actualites\/les-pelotons-beneficient-dune-reduction-allant-jusqua-350-en-ce-moment\/","name":"Les pelotons b\u00e9n\u00e9ficient d'une r\u00e9duction allant jusqu'\u00e0 350\u00a0$ en ce moment | Vie Associative","isPartOf":{"@id":"https:\/\/vieassociative.be\/actualites\/#website"},"primaryImageOfPage":{"@id":"https:\/\/vieassociative.be\/actualites\/les-pelotons-beneficient-dune-reduction-allant-jusqua-350-en-ce-moment\/#primaryimage"},"image":{"@id":"https:\/\/vieassociative.be\/actualites\/les-pelotons-beneficient-dune-reduction-allant-jusqua-350-en-ce-moment\/#primaryimage"},"thumbnailUrl":"https:\/\/vieassociative.be\/actualites\/wp-content\/uploads\/2025\/01\/Les-pelotons-beneficient-dune-reduction-allant-jusqua-350-en-ce.png","datePublished":"2025-01-14T07:18:13+00:00","dateModified":"2025-01-14T07:18:13+00:00","breadcrumb":{"@id":"https:\/\/vieassociative.be\/actualites\/les-pelotons-beneficient-dune-reduction-allant-jusqua-350-en-ce-moment\/#breadcrumb"},"inLanguage":"fr-BE","potentialAction":[{"@type":"ReadAction","target":["https:\/\/vieassociative.be\/actualites\/les-pelotons-beneficient-dune-reduction-allant-jusqua-350-en-ce-moment\/"]}]},{"@type":"ImageObject","inLanguage":"fr-BE","@id":"https:\/\/vieassociative.be\/actualites\/les-pelotons-beneficient-dune-reduction-allant-jusqua-350-en-ce-moment\/#primaryimage","url":"https:\/\/vieassociative.be\/actualites\/wp-content\/uploads\/2025\/01\/Les-pelotons-beneficient-dune-reduction-allant-jusqua-350-en-ce.png","contentUrl":"https:\/\/vieassociative.be\/actualites\/wp-content\/uploads\/2025\/01\/Les-pelotons-beneficient-dune-reduction-allant-jusqua-350-en-ce.png","width":1200,"height":675,"caption":"Les pelotons b\u00e9n\u00e9ficient d'une r\u00e9duction allant jusqu'\u00e0 350\u00a0$ en ce moment"},{"@type":"BreadcrumbList","@id":"https:\/\/vieassociative.be\/actualites\/les-pelotons-beneficient-dune-reduction-allant-jusqua-350-en-ce-moment\/#breadcrumb","itemListElement":[{"@type":"ListItem","position":1,"name":"Accueil","item":"https:\/\/vieassociative.be\/actualites\/"},{"@type":"ListItem","position":2,"name":"Les pelotons b\u00e9n\u00e9ficient d&rsquo;une r\u00e9duction allant jusqu&rsquo;\u00e0 350\u00a0$ en ce moment"}]},{"@type":"WebSite","@id":"https:\/\/vieassociative.be\/actualites\/#website","url":"https:\/\/vieassociative.be\/actualites\/","name":"Vie Associative","description":"","publisher":{"@id":"https:\/\/vieassociative.be\/actualites\/#organization"},"potentialAction":[{"@type":"SearchAction","target":{"@type":"EntryPoint","urlTemplate":"https:\/\/vieassociative.be\/actualites\/?s={search_term_string}"},"query-input":{"@type":"PropertyValueSpecification","valueRequired":true,"valueName":"search_term_string"}}],"inLanguage":"fr-BE"},{"@type":"Organization","@id":"https:\/\/vieassociative.be\/actualites\/#organization","name":"Vie Associative","url":"https:\/\/vieassociative.be\/actualites\/","logo":{"@type":"ImageObject","inLanguage":"fr-BE","@id":"https:\/\/vieassociative.be\/actualites\/#\/schema\/logo\/image\/","url":"https:\/\/vieassociative.be\/actualites\/wp-content\/uploads\/2024\/09\/cropped-vieassociative_favicon.ico.png","contentUrl":"https:\/\/vieassociative.be\/actualites\/wp-content\/uploads\/2024\/09\/cropped-vieassociative_favicon.ico.png","width":512,"height":512,"caption":"Vie Associative"},"image":{"@id":"https:\/\/vieassociative.be\/actualites\/#\/schema\/logo\/image\/"}},{"@type":"Person","@id":"https:\/\/vieassociative.be\/actualites\/#\/schema\/person\/b87ac4f82f9d4e7b7cec7395b679edc4","name":"Julien","image":{"@type":"ImageObject","inLanguage":"fr-BE","@id":"https:\/\/vieassociative.be\/actualites\/#\/schema\/person\/image\/","url":"https:\/\/vieassociative.be\/actualites\/wp-content\/uploads\/2024\/09\/vie-associative-1-150x150.jpg","contentUrl":"https:\/\/vieassociative.be\/actualites\/wp-content\/uploads\/2024\/09\/vie-associative-1-150x150.jpg","caption":"Julien"},"description":"Je suis Julien, r\u00e9dacteur pour Vie Associative. Passionn\u00e9 par le monde associatif depuis plus de 10 ans, j'ai \u00e0 c\u0153ur de partager des histoires inspirantes et de mettre en lumi\u00e8re les initiatives locales. Mon objectif est de sensibiliser et d'encourager l'engagement communautaire \u00e0 travers mes articles.","sameAs":["https:\/\/vieassociative.be\/"]}]}},"_links":{"self":[{"href":"https:\/\/vieassociative.be\/actualites\/wp-json\/wp\/v2\/posts\/4313"}],"collection":[{"href":"https:\/\/vieassociative.be\/actualites\/wp-json\/wp\/v2\/posts"}],"about":[{"href":"https:\/\/vieassociative.be\/actualites\/wp-json\/wp\/v2\/types\/post"}],"author":[{"embeddable":true,"href":"https:\/\/vieassociative.be\/actualites\/wp-json\/wp\/v2\/users\/1"}],"replies":[{"embeddable":true,"href":"https:\/\/vieassociative.be\/actualites\/wp-json\/wp\/v2\/comments?post=4313"}],"version-history":[{"count":0,"href":"https:\/\/vieassociative.be\/actualites\/wp-json\/wp\/v2\/posts\/4313\/revisions"}],"wp:featuredmedia":[{"embeddable":true,"href":"https:\/\/vieassociative.be\/actualites\/wp-json\/wp\/v2\/media\/4314"}],"wp:attachment":[{"href":"https:\/\/vieassociative.be\/actualites\/wp-json\/wp\/v2\/media?parent=4313"}],"wp:term":[{"taxonomy":"category","embeddable":true,"href":"https:\/\/vieassociative.be\/actualites\/wp-json\/wp\/v2\/categories?post=4313"},{"taxonomy":"post_tag","embeddable":true,"href":"https:\/\/vieassociative.be\/actualites\/wp-json\/wp\/v2\/tags?post=4313"}],"curies":[{"name":"wp","href":"https:\/\/api.w.org\/{rel}","templated":true}]}}