{"id":4308,"date":"2025-01-14T03:20:20","date_gmt":"2025-01-14T02:20:20","guid":{"rendered":"https:\/\/vieassociative.be\/actualites\/une-greve-nationale-devrait-paralyser-la-belgique-aujourdhui\/"},"modified":"2025-01-14T03:20:20","modified_gmt":"2025-01-14T02:20:20","slug":"une-greve-nationale-devrait-paralyser-la-belgique-aujourdhui","status":"publish","type":"post","link":"https:\/\/vieassociative.be\/actualites\/une-greve-nationale-devrait-paralyser-la-belgique-aujourdhui\/","title":{"rendered":"Une gr\u00e8ve nationale devrait paralyser la Belgique aujourd&rsquo;hui"},"content":{"rendered":"<p><strong>Six mois apr\u00e8s les \u00e9lections en Belgique, des signes indiquent l&rsquo;\u00e9mergence d&rsquo;un nouveau gouvernement de centre droit. Entre autres choses, on s\u2019attend \u00e0 de profondes coupes dans l\u2019\u00c9tat-providence \u2013 ce que tout le monde ne veut pas accepter.<\/strong><\/p>\n<p><span id=\"more-406043\"><\/span>Les transports publics belges seront largement paralys\u00e9s lundi en raison d&rsquo;une gr\u00e8ve. Dans le trafic ferroviaire national, seul un train IC sur trois reliant les grandes villes circulera, comme l&rsquo;ont annonc\u00e9 les chemins de fer belges.<\/p>\n<div id=\"attachment_406045\" class=\"wp-caption alignleft\" style=\"max-width: 300px\"><img fetchpriority=\"high\" decoding=\"async\" class=\"wp-image-406045 size-medium\" src=\"https:\/\/vieassociative.be\/actualites\/wp-content\/uploads\/2025\/01\/Une-greve-nationale-devrait-paralyser-la-Belgique-aujourdhui.jpg\" alt=\"\" width=\"300\" height=\"200\"><\/p>\n<p class=\"wp-caption-text\">01\/12\/2025, Belgique, Bruxelles : un passager cherche des correspondances \u00e0 la gare de Bruxelles lors d&rsquo;une gr\u00e8ve de 24 heures des cheminots de NMBS-SNCB, HR Rail et Infrabel. Photo : Hatim Kaghat\/Belga\/dpa<\/p>\n<\/div>\n<p>Les transports locaux dans la capitale Bruxelles devraient \u00e9galement \u00eatre largement paralys\u00e9s. \u00ab\u00a0Les entreprises de transport bruxelloises feront tout ce qui est en leur pouvoir pour assurer au moins une partie du service\u00a0\u00bb, ont-ils d\u00e9clar\u00e9.<\/p>\n<p>En raison de la gr\u00e8ve, la moiti\u00e9 des vols europ\u00e9ens de Brussels Airlines, filiale de Lufthansa, seront \u00e9galement annul\u00e9s, comme le rapporte l&rsquo;agence de presse Belga citant la compagnie a\u00e9rienne.<\/p>\n<p>Les principaux syndicats du pays ont appel\u00e9 \u00e0 la gr\u00e8ve nationale. D\u00e8s dimanche soir \u00e0 22 heures, les salari\u00e9s ont arr\u00eat\u00e9 le travail pendant 24 heures. L&rsquo;action de protestation vise \u00e0 manifester contre la menace d&rsquo;une r\u00e9forme des retraites par un nouveau gouvernement. En Belgique, les n\u00e9gociations pour une coalition sont en cours depuis les \u00e9lections l\u00e9gislatives de juin. (dpa)<\/p>\n<p><em><strong>Sur le sujet, voir aussi l&rsquo;article suivant sur l&rsquo;OD :<\/strong><\/em><\/p>\n<div class=\"responsive-embed widescreen\">\n<blockquote class=\"wp-embedded-content\" data-secret=\"NzQaMy2eyJ\">\n<p>LETTRE \u00c0 LA R\u00c9DACTION \u2013 Le jour de la gr\u00e8ve dans les \u00e9coles : Quand le \u00ab travail pour gouverner \u00bb menace !<\/p>\n<\/blockquote>\n<p><iframe loading=\"lazy\" class=\"wp-embedded-content\" sandbox=\"allow-scripts\" security=\"restricted\" style=\"position: absolute; visibility: hidden;\" title=\"\u201eLESERBRIEF \u2013 Zum Streiktag in den Schulen: Wenn der \u201eDienst nach Vorschrift\u201c droht!\u201c \u2014 Ostbelgien Direkt\" src=\"https:\/\/ostbelgiendirekt.be\/about:blank\" data-secret=\"NzQaMy2eyJ\" width=\"500\" height=\"282\" frameborder=\"0\" marginwidth=\"0\" marginheight=\"0\" scrolling=\"no\" data-rocket-lazyload=\"fitvidscompatible\" data-lazy-src=\"https:\/\/ostbelgiendirekt.be\/leserbrief-streik-schulen-406040\/embed#?secret=7lqiuUepey#?secret=NzQaMy2eyJ\"><\/iframe><noscript><iframe class=\"wp-embedded-content\" sandbox=\"allow-scripts\" security=\"restricted\" style=\"position: absolute; visibility: hidden;\" title=\"\u201eLESERBRIEF \u2013 Zum Streiktag in den Schulen: Wenn der \u201eDienst nach Vorschrift\u201c droht!\u201c \u2014 Ostbelgien Direkt\" src=\"https:\/\/ostbelgiendirekt.be\/leserbrief-streik-schulen-406040\/embed#?secret=7lqiuUepey#?secret=NzQaMy2eyJ\" data-secret=\"NzQaMy2eyJ\" width=\"500\" height=\"282\" frameborder=\"0\" marginwidth=\"0\" marginheight=\"0\" scrolling=\"no\"><\/iframe><\/noscript><\/p>\n<\/div>\n","protected":false},"excerpt":{"rendered":"<p>Six mois apr\u00e8s les \u00e9lections en Belgique, des signes indiquent l&rsquo;\u00e9mergence d&rsquo;un nouveau gouvernement de centre droit. Entre autres choses, on s\u2019attend \u00e0 de profondes<\/p>\n","protected":false},"author":1,"featured_media":4309,"comment_status":"","ping_status":"","sticky":false,"template":"","format":"standard","meta":{"footnotes":""},"categories":[298],"tags":[2330,383,238,3095,538,4717,110],"class_list":["post-4308","post","type-post","status-publish","format-standard","has-post-thumbnail","hentry","category-belgique","tag-aujourdhui","tag-belgique","tag-devrait","tag-greve","tag-nationale","tag-paralyser","tag-une","generate-columns","tablet-grid-50","mobile-grid-100","grid-parent","grid-33"],"yoast_head":"<!-- This site is optimized with the Yoast SEO plugin v24.0 - https:\/\/yoast.com\/wordpress\/plugins\/seo\/ -->\n<title>Une gr\u00e8ve nationale devrait paralyser la Belgique aujourd&#039;hui | Vie Associative<\/title>\n<meta name=\"robots\" content=\"index, follow, max-snippet:-1, max-image-preview:large, max-video-preview:-1\" \/>\n<link rel=\"canonical\" href=\"https:\/\/vieassociative.be\/actualites\/une-greve-nationale-devrait-paralyser-la-belgique-aujourdhui\/\" \/>\n<meta property=\"og:locale\" content=\"fr_FR\" \/>\n<meta property=\"og:type\" content=\"article\" \/>\n<meta property=\"og:title\" content=\"Une gr\u00e8ve nationale devrait paralyser la Belgique aujourd&#039;hui | Vie Associative\" \/>\n<meta property=\"og:description\" content=\"Six mois apr\u00e8s les \u00e9lections en Belgique, des signes indiquent l&rsquo;\u00e9mergence d&rsquo;un nouveau gouvernement de centre droit. Entre autres choses, on s\u2019attend \u00e0 de profondes\" \/>\n<meta property=\"og:url\" content=\"https:\/\/vieassociative.be\/actualites\/une-greve-nationale-devrait-paralyser-la-belgique-aujourdhui\/\" \/>\n<meta property=\"og:site_name\" content=\"Vie Associative\" \/>\n<meta property=\"article:published_time\" content=\"2025-01-14T02:20:20+00:00\" \/>\n<meta property=\"og:image\" content=\"https:\/\/vieassociative.be\/actualites\/wp-content\/uploads\/2024\/09\/header_backgroundk-01-e1726694325946.png\" \/>\n\t<meta property=\"og:image:width\" content=\"279\" \/>\n\t<meta property=\"og:image:height\" content=\"92\" \/>\n\t<meta property=\"og:image:type\" content=\"image\/png\" \/>\n<meta name=\"author\" content=\"Julien\" \/>\n<meta name=\"twitter:card\" content=\"summary_large_image\" \/>\n<meta name=\"twitter:label1\" content=\"\u00c9crit par\" \/>\n\t<meta name=\"twitter:data1\" content=\"Julien\" \/>\n\t<meta name=\"twitter:label2\" content=\"Dur\u00e9e de lecture est.\" \/>\n\t<meta name=\"twitter:data2\" content=\"1 minute\" \/>\n<script type=\"application\/ld+json\" class=\"yoast-schema-graph\">{\"@context\":\"https:\/\/schema.org\",\"@graph\":[{\"@type\":\"Article\",\"@id\":\"https:\/\/vieassociative.be\/actualites\/une-greve-nationale-devrait-paralyser-la-belgique-aujourdhui\/#article\",\"isPartOf\":{\"@id\":\"https:\/\/vieassociative.be\/actualites\/une-greve-nationale-devrait-paralyser-la-belgique-aujourdhui\/\"},\"author\":{\"name\":\"Julien\",\"@id\":\"https:\/\/vieassociative.be\/actualites\/#\/schema\/person\/b87ac4f82f9d4e7b7cec7395b679edc4\"},\"headline\":\"Une gr\u00e8ve nationale devrait paralyser la Belgique aujourd&rsquo;hui\",\"datePublished\":\"2025-01-14T02:20:20+00:00\",\"dateModified\":\"2025-01-14T02:20:20+00:00\",\"mainEntityOfPage\":{\"@id\":\"https:\/\/vieassociative.be\/actualites\/une-greve-nationale-devrait-paralyser-la-belgique-aujourdhui\/\"},\"wordCount\":288,\"publisher\":{\"@id\":\"https:\/\/vieassociative.be\/actualites\/#organization\"},\"image\":{\"@id\":\"https:\/\/vieassociative.be\/actualites\/une-greve-nationale-devrait-paralyser-la-belgique-aujourdhui\/#primaryimage\"},\"thumbnailUrl\":\"https:\/\/vieassociative.be\/actualites\/wp-content\/uploads\/2025\/01\/1736821220_Une-greve-nationale-devrait-paralyser-la-Belgique-aujourdhui.jpg\",\"keywords\":[\"aujourdhui\",\"Belgique\",\"devrait\",\"gr\u00e8ve\",\"nationale\",\"paralyser\",\"une\"],\"articleSection\":[\"Belgique\"],\"inLanguage\":\"fr-BE\"},{\"@type\":\"WebPage\",\"@id\":\"https:\/\/vieassociative.be\/actualites\/une-greve-nationale-devrait-paralyser-la-belgique-aujourdhui\/\",\"url\":\"https:\/\/vieassociative.be\/actualites\/une-greve-nationale-devrait-paralyser-la-belgique-aujourdhui\/\",\"name\":\"Une gr\u00e8ve nationale devrait paralyser la Belgique aujourd'hui | Vie Associative\",\"isPartOf\":{\"@id\":\"https:\/\/vieassociative.be\/actualites\/#website\"},\"primaryImageOfPage\":{\"@id\":\"https:\/\/vieassociative.be\/actualites\/une-greve-nationale-devrait-paralyser-la-belgique-aujourdhui\/#primaryimage\"},\"image\":{\"@id\":\"https:\/\/vieassociative.be\/actualites\/une-greve-nationale-devrait-paralyser-la-belgique-aujourdhui\/#primaryimage\"},\"thumbnailUrl\":\"https:\/\/vieassociative.be\/actualites\/wp-content\/uploads\/2025\/01\/1736821220_Une-greve-nationale-devrait-paralyser-la-Belgique-aujourdhui.jpg\",\"datePublished\":\"2025-01-14T02:20:20+00:00\",\"dateModified\":\"2025-01-14T02:20:20+00:00\",\"breadcrumb\":{\"@id\":\"https:\/\/vieassociative.be\/actualites\/une-greve-nationale-devrait-paralyser-la-belgique-aujourdhui\/#breadcrumb\"},\"inLanguage\":\"fr-BE\",\"potentialAction\":[{\"@type\":\"ReadAction\",\"target\":[\"https:\/\/vieassociative.be\/actualites\/une-greve-nationale-devrait-paralyser-la-belgique-aujourdhui\/\"]}]},{\"@type\":\"ImageObject\",\"inLanguage\":\"fr-BE\",\"@id\":\"https:\/\/vieassociative.be\/actualites\/une-greve-nationale-devrait-paralyser-la-belgique-aujourdhui\/#primaryimage\",\"url\":\"https:\/\/vieassociative.be\/actualites\/wp-content\/uploads\/2025\/01\/1736821220_Une-greve-nationale-devrait-paralyser-la-Belgique-aujourdhui.jpg\",\"contentUrl\":\"https:\/\/vieassociative.be\/actualites\/wp-content\/uploads\/2025\/01\/1736821220_Une-greve-nationale-devrait-paralyser-la-Belgique-aujourdhui.jpg\",\"width\":1200,\"height\":800,\"caption\":\"Une gr\u00e8ve nationale devrait paralyser la Belgique aujourd'hui\"},{\"@type\":\"BreadcrumbList\",\"@id\":\"https:\/\/vieassociative.be\/actualites\/une-greve-nationale-devrait-paralyser-la-belgique-aujourdhui\/#breadcrumb\",\"itemListElement\":[{\"@type\":\"ListItem\",\"position\":1,\"name\":\"Accueil\",\"item\":\"https:\/\/vieassociative.be\/actualites\/\"},{\"@type\":\"ListItem\",\"position\":2,\"name\":\"Une gr\u00e8ve nationale devrait paralyser la Belgique aujourd&rsquo;hui\"}]},{\"@type\":\"WebSite\",\"@id\":\"https:\/\/vieassociative.be\/actualites\/#website\",\"url\":\"https:\/\/vieassociative.be\/actualites\/\",\"name\":\"Vie Associative\",\"description\":\"\",\"publisher\":{\"@id\":\"https:\/\/vieassociative.be\/actualites\/#organization\"},\"potentialAction\":[{\"@type\":\"SearchAction\",\"target\":{\"@type\":\"EntryPoint\",\"urlTemplate\":\"https:\/\/vieassociative.be\/actualites\/?s={search_term_string}\"},\"query-input\":{\"@type\":\"PropertyValueSpecification\",\"valueRequired\":true,\"valueName\":\"search_term_string\"}}],\"inLanguage\":\"fr-BE\"},{\"@type\":\"Organization\",\"@id\":\"https:\/\/vieassociative.be\/actualites\/#organization\",\"name\":\"Vie Associative\",\"url\":\"https:\/\/vieassociative.be\/actualites\/\",\"logo\":{\"@type\":\"ImageObject\",\"inLanguage\":\"fr-BE\",\"@id\":\"https:\/\/vieassociative.be\/actualites\/#\/schema\/logo\/image\/\",\"url\":\"https:\/\/vieassociative.be\/actualites\/wp-content\/uploads\/2024\/09\/cropped-vieassociative_favicon.ico.png\",\"contentUrl\":\"https:\/\/vieassociative.be\/actualites\/wp-content\/uploads\/2024\/09\/cropped-vieassociative_favicon.ico.png\",\"width\":512,\"height\":512,\"caption\":\"Vie Associative\"},\"image\":{\"@id\":\"https:\/\/vieassociative.be\/actualites\/#\/schema\/logo\/image\/\"}},{\"@type\":\"Person\",\"@id\":\"https:\/\/vieassociative.be\/actualites\/#\/schema\/person\/b87ac4f82f9d4e7b7cec7395b679edc4\",\"name\":\"Julien\",\"image\":{\"@type\":\"ImageObject\",\"inLanguage\":\"fr-BE\",\"@id\":\"https:\/\/vieassociative.be\/actualites\/#\/schema\/person\/image\/\",\"url\":\"https:\/\/vieassociative.be\/actualites\/wp-content\/uploads\/2024\/09\/vie-associative-1-150x150.jpg\",\"contentUrl\":\"https:\/\/vieassociative.be\/actualites\/wp-content\/uploads\/2024\/09\/vie-associative-1-150x150.jpg\",\"caption\":\"Julien\"},\"description\":\"Je suis Julien, r\u00e9dacteur pour Vie Associative. Passionn\u00e9 par le monde associatif depuis plus de 10 ans, j'ai \u00e0 c\u0153ur de partager des histoires inspirantes et de mettre en lumi\u00e8re les initiatives locales. Mon objectif est de sensibiliser et d'encourager l'engagement communautaire \u00e0 travers mes articles.\",\"sameAs\":[\"https:\/\/vieassociative.be\/\"]}]}<\/script>\n<!-- \/ Yoast SEO plugin. -->","yoast_head_json":{"title":"Une gr\u00e8ve nationale devrait paralyser la Belgique aujourd'hui | Vie Associative","robots":{"index":"index","follow":"follow","max-snippet":"max-snippet:-1","max-image-preview":"max-image-preview:large","max-video-preview":"max-video-preview:-1"},"canonical":"https:\/\/vieassociative.be\/actualites\/une-greve-nationale-devrait-paralyser-la-belgique-aujourdhui\/","og_locale":"fr_FR","og_type":"article","og_title":"Une gr\u00e8ve nationale devrait paralyser la Belgique aujourd'hui | Vie Associative","og_description":"Six mois apr\u00e8s les \u00e9lections en Belgique, des signes indiquent l&rsquo;\u00e9mergence d&rsquo;un nouveau gouvernement de centre droit. Entre autres choses, on s\u2019attend \u00e0 de profondes","og_url":"https:\/\/vieassociative.be\/actualites\/une-greve-nationale-devrait-paralyser-la-belgique-aujourdhui\/","og_site_name":"Vie Associative","article_published_time":"2025-01-14T02:20:20+00:00","og_image":[{"width":279,"height":92,"url":"https:\/\/vieassociative.be\/actualites\/wp-content\/uploads\/2024\/09\/header_backgroundk-01-e1726694325946.png","type":"image\/png"}],"author":"Julien","twitter_card":"summary_large_image","twitter_misc":{"\u00c9crit par":"Julien","Dur\u00e9e de lecture est.":"1 minute"},"schema":{"@context":"https:\/\/schema.org","@graph":[{"@type":"Article","@id":"https:\/\/vieassociative.be\/actualites\/une-greve-nationale-devrait-paralyser-la-belgique-aujourdhui\/#article","isPartOf":{"@id":"https:\/\/vieassociative.be\/actualites\/une-greve-nationale-devrait-paralyser-la-belgique-aujourdhui\/"},"author":{"name":"Julien","@id":"https:\/\/vieassociative.be\/actualites\/#\/schema\/person\/b87ac4f82f9d4e7b7cec7395b679edc4"},"headline":"Une gr\u00e8ve nationale devrait paralyser la Belgique aujourd&rsquo;hui","datePublished":"2025-01-14T02:20:20+00:00","dateModified":"2025-01-14T02:20:20+00:00","mainEntityOfPage":{"@id":"https:\/\/vieassociative.be\/actualites\/une-greve-nationale-devrait-paralyser-la-belgique-aujourdhui\/"},"wordCount":288,"publisher":{"@id":"https:\/\/vieassociative.be\/actualites\/#organization"},"image":{"@id":"https:\/\/vieassociative.be\/actualites\/une-greve-nationale-devrait-paralyser-la-belgique-aujourdhui\/#primaryimage"},"thumbnailUrl":"https:\/\/vieassociative.be\/actualites\/wp-content\/uploads\/2025\/01\/1736821220_Une-greve-nationale-devrait-paralyser-la-Belgique-aujourdhui.jpg","keywords":["aujourdhui","Belgique","devrait","gr\u00e8ve","nationale","paralyser","une"],"articleSection":["Belgique"],"inLanguage":"fr-BE"},{"@type":"WebPage","@id":"https:\/\/vieassociative.be\/actualites\/une-greve-nationale-devrait-paralyser-la-belgique-aujourdhui\/","url":"https:\/\/vieassociative.be\/actualites\/une-greve-nationale-devrait-paralyser-la-belgique-aujourdhui\/","name":"Une gr\u00e8ve nationale devrait paralyser la Belgique aujourd'hui | Vie Associative","isPartOf":{"@id":"https:\/\/vieassociative.be\/actualites\/#website"},"primaryImageOfPage":{"@id":"https:\/\/vieassociative.be\/actualites\/une-greve-nationale-devrait-paralyser-la-belgique-aujourdhui\/#primaryimage"},"image":{"@id":"https:\/\/vieassociative.be\/actualites\/une-greve-nationale-devrait-paralyser-la-belgique-aujourdhui\/#primaryimage"},"thumbnailUrl":"https:\/\/vieassociative.be\/actualites\/wp-content\/uploads\/2025\/01\/1736821220_Une-greve-nationale-devrait-paralyser-la-Belgique-aujourdhui.jpg","datePublished":"2025-01-14T02:20:20+00:00","dateModified":"2025-01-14T02:20:20+00:00","breadcrumb":{"@id":"https:\/\/vieassociative.be\/actualites\/une-greve-nationale-devrait-paralyser-la-belgique-aujourdhui\/#breadcrumb"},"inLanguage":"fr-BE","potentialAction":[{"@type":"ReadAction","target":["https:\/\/vieassociative.be\/actualites\/une-greve-nationale-devrait-paralyser-la-belgique-aujourdhui\/"]}]},{"@type":"ImageObject","inLanguage":"fr-BE","@id":"https:\/\/vieassociative.be\/actualites\/une-greve-nationale-devrait-paralyser-la-belgique-aujourdhui\/#primaryimage","url":"https:\/\/vieassociative.be\/actualites\/wp-content\/uploads\/2025\/01\/1736821220_Une-greve-nationale-devrait-paralyser-la-Belgique-aujourdhui.jpg","contentUrl":"https:\/\/vieassociative.be\/actualites\/wp-content\/uploads\/2025\/01\/1736821220_Une-greve-nationale-devrait-paralyser-la-Belgique-aujourdhui.jpg","width":1200,"height":800,"caption":"Une gr\u00e8ve nationale devrait paralyser la Belgique aujourd'hui"},{"@type":"BreadcrumbList","@id":"https:\/\/vieassociative.be\/actualites\/une-greve-nationale-devrait-paralyser-la-belgique-aujourdhui\/#breadcrumb","itemListElement":[{"@type":"ListItem","position":1,"name":"Accueil","item":"https:\/\/vieassociative.be\/actualites\/"},{"@type":"ListItem","position":2,"name":"Une gr\u00e8ve nationale devrait paralyser la Belgique aujourd&rsquo;hui"}]},{"@type":"WebSite","@id":"https:\/\/vieassociative.be\/actualites\/#website","url":"https:\/\/vieassociative.be\/actualites\/","name":"Vie Associative","description":"","publisher":{"@id":"https:\/\/vieassociative.be\/actualites\/#organization"},"potentialAction":[{"@type":"SearchAction","target":{"@type":"EntryPoint","urlTemplate":"https:\/\/vieassociative.be\/actualites\/?s={search_term_string}"},"query-input":{"@type":"PropertyValueSpecification","valueRequired":true,"valueName":"search_term_string"}}],"inLanguage":"fr-BE"},{"@type":"Organization","@id":"https:\/\/vieassociative.be\/actualites\/#organization","name":"Vie Associative","url":"https:\/\/vieassociative.be\/actualites\/","logo":{"@type":"ImageObject","inLanguage":"fr-BE","@id":"https:\/\/vieassociative.be\/actualites\/#\/schema\/logo\/image\/","url":"https:\/\/vieassociative.be\/actualites\/wp-content\/uploads\/2024\/09\/cropped-vieassociative_favicon.ico.png","contentUrl":"https:\/\/vieassociative.be\/actualites\/wp-content\/uploads\/2024\/09\/cropped-vieassociative_favicon.ico.png","width":512,"height":512,"caption":"Vie Associative"},"image":{"@id":"https:\/\/vieassociative.be\/actualites\/#\/schema\/logo\/image\/"}},{"@type":"Person","@id":"https:\/\/vieassociative.be\/actualites\/#\/schema\/person\/b87ac4f82f9d4e7b7cec7395b679edc4","name":"Julien","image":{"@type":"ImageObject","inLanguage":"fr-BE","@id":"https:\/\/vieassociative.be\/actualites\/#\/schema\/person\/image\/","url":"https:\/\/vieassociative.be\/actualites\/wp-content\/uploads\/2024\/09\/vie-associative-1-150x150.jpg","contentUrl":"https:\/\/vieassociative.be\/actualites\/wp-content\/uploads\/2024\/09\/vie-associative-1-150x150.jpg","caption":"Julien"},"description":"Je suis Julien, r\u00e9dacteur pour Vie Associative. Passionn\u00e9 par le monde associatif depuis plus de 10 ans, j'ai \u00e0 c\u0153ur de partager des histoires inspirantes et de mettre en lumi\u00e8re les initiatives locales. Mon objectif est de sensibiliser et d'encourager l'engagement communautaire \u00e0 travers mes articles.","sameAs":["https:\/\/vieassociative.be\/"]}]}},"_links":{"self":[{"href":"https:\/\/vieassociative.be\/actualites\/wp-json\/wp\/v2\/posts\/4308"}],"collection":[{"href":"https:\/\/vieassociative.be\/actualites\/wp-json\/wp\/v2\/posts"}],"about":[{"href":"https:\/\/vieassociative.be\/actualites\/wp-json\/wp\/v2\/types\/post"}],"author":[{"embeddable":true,"href":"https:\/\/vieassociative.be\/actualites\/wp-json\/wp\/v2\/users\/1"}],"replies":[{"embeddable":true,"href":"https:\/\/vieassociative.be\/actualites\/wp-json\/wp\/v2\/comments?post=4308"}],"version-history":[{"count":0,"href":"https:\/\/vieassociative.be\/actualites\/wp-json\/wp\/v2\/posts\/4308\/revisions"}],"wp:featuredmedia":[{"embeddable":true,"href":"https:\/\/vieassociative.be\/actualites\/wp-json\/wp\/v2\/media\/4309"}],"wp:attachment":[{"href":"https:\/\/vieassociative.be\/actualites\/wp-json\/wp\/v2\/media?parent=4308"}],"wp:term":[{"taxonomy":"category","embeddable":true,"href":"https:\/\/vieassociative.be\/actualites\/wp-json\/wp\/v2\/categories?post=4308"},{"taxonomy":"post_tag","embeddable":true,"href":"https:\/\/vieassociative.be\/actualites\/wp-json\/wp\/v2\/tags?post=4308"}],"curies":[{"name":"wp","href":"https:\/\/api.w.org\/{rel}","templated":true}]}}