{"id":4304,"date":"2025-01-13T21:18:19","date_gmt":"2025-01-13T20:18:19","guid":{"rendered":"https:\/\/vieassociative.be\/actualites\/deux-cas-de-fraude-informatique-a-eupen-et-raeren\/"},"modified":"2025-01-13T21:18:19","modified_gmt":"2025-01-13T20:18:19","slug":"deux-cas-de-fraude-informatique-a-eupen-et-raeren","status":"publish","type":"post","link":"https:\/\/vieassociative.be\/actualites\/deux-cas-de-fraude-informatique-a-eupen-et-raeren\/","title":{"rendered":"Deux cas de fraude informatique \u00e0 Eupen et Raeren"},"content":{"rendered":"<p><strong>La zone de police de Weser-G\u00f6hl signale deux op\u00e9rations pour la p\u00e9riode du vendredi 10 janvier 2025 \u00e0 7 heures au lundi 13 janvier 2025 \u00e0 7 heures.<\/strong><\/p>\n<p><span id=\"more-406082\"><\/span><strong>\u2013 Fraude informatique\/phishing (1) :<\/strong> Une dame \u00e2g\u00e9e d&rsquo;Eupen clique sur une suggestion de recherche sponsoris\u00e9e \u00e0 l&rsquo;aide de son moteur de recherche et se retrouve sur un faux site Internet de Proximus \u00e0 l&rsquo;adresse www.proximus-be.com (au lieu de www.proximus.be).<\/p>\n<p>La personne remplit tous les champs gr\u00e2ce \u00e0 son lecteur de carte bancaire. Au lieu du cr\u00e9dit Proximus souhait\u00e9 de 25 euros, un montant beaucoup plus important est d\u00e9bit\u00e9.<\/p>\n<p>La zone de police de Weser-G\u00f6hl demande aux citoyens d&rsquo;\u00eatre prudents et leur conseille de toujours \u00eatre prudents et de ne pas conclure de transaction en cas de doute.<\/p>\n<p><strong>\u2013 Fraude informatique\/phishing (2) :<\/strong> Un couple se rend au commissariat de Raeren et d\u00e9nonce \u00e9galement une fraude. L&rsquo;homme re\u00e7oit un SMS d&rsquo;un num\u00e9ro inconnu lui annon\u00e7ant qu&rsquo;une transaction suspecte a \u00e9t\u00e9 d\u00e9tect\u00e9e sur son compte ING.<\/p>\n<p>Lorsque l&rsquo;homme appelle le num\u00e9ro, la personne \u00e0 l&rsquo;autre bout du fil se pr\u00e9sente comme un employ\u00e9 de Card-Stop. L&rsquo;homme saisit ses coordonn\u00e9es bancaires \u00e0 l&rsquo;aide de son lecteur de carte. Cela donne au suspect l&rsquo;acc\u00e8s \u00e0 plusieurs comptes du couple, o\u00f9 il retire une somme d&rsquo;argent plus importante. Card-Stop et les banques ont \u00e9t\u00e9 inform\u00e9es.<\/p>\n","protected":false},"excerpt":{"rendered":"<p>La zone de police de Weser-G\u00f6hl signale deux op\u00e9rations pour la p\u00e9riode du vendredi 10 janvier 2025 \u00e0 7 heures au lundi 13 janvier 2025<\/p>\n","protected":false},"author":1,"featured_media":1939,"comment_status":"","ping_status":"","sticky":false,"template":"","format":"standard","meta":{"footnotes":""},"categories":[298],"tags":[2691,114,2329,1577,3664,2645],"class_list":["post-4304","post","type-post","status-publish","format-standard","has-post-thumbnail","hentry","category-belgique","tag-cas","tag-deux","tag-eupen","tag-fraude","tag-informatique","tag-raeren","generate-columns","tablet-grid-50","mobile-grid-100","grid-parent","grid-33"],"yoast_head":"<!-- This site is optimized with the Yoast SEO plugin v24.0 - https:\/\/yoast.com\/wordpress\/plugins\/seo\/ -->\n<title>Deux cas de fraude informatique \u00e0 Eupen et Raeren | Vie Associative<\/title>\n<meta name=\"robots\" content=\"index, follow, max-snippet:-1, max-image-preview:large, max-video-preview:-1\" \/>\n<link rel=\"canonical\" href=\"https:\/\/vieassociative.be\/actualites\/deux-cas-de-fraude-informatique-a-eupen-et-raeren\/\" \/>\n<meta property=\"og:locale\" content=\"fr_FR\" \/>\n<meta property=\"og:type\" content=\"article\" \/>\n<meta property=\"og:title\" content=\"Deux cas de fraude informatique \u00e0 Eupen et Raeren | Vie Associative\" \/>\n<meta property=\"og:description\" content=\"La zone de police de Weser-G\u00f6hl signale deux op\u00e9rations pour la p\u00e9riode du vendredi 10 janvier 2025 \u00e0 7 heures au lundi 13 janvier 2025\" \/>\n<meta property=\"og:url\" content=\"https:\/\/vieassociative.be\/actualites\/deux-cas-de-fraude-informatique-a-eupen-et-raeren\/\" \/>\n<meta property=\"og:site_name\" content=\"Vie Associative\" \/>\n<meta property=\"article:published_time\" content=\"2025-01-13T20:18:19+00:00\" \/>\n<meta property=\"og:image\" content=\"https:\/\/vieassociative.be\/actualites\/wp-content\/uploads\/2024\/09\/header_backgroundk-01-e1726694325946.png\" \/>\n\t<meta property=\"og:image:width\" content=\"279\" \/>\n\t<meta property=\"og:image:height\" content=\"92\" \/>\n\t<meta property=\"og:image:type\" content=\"image\/png\" \/>\n<meta name=\"author\" content=\"Julien\" \/>\n<meta name=\"twitter:card\" content=\"summary_large_image\" \/>\n<meta name=\"twitter:label1\" content=\"\u00c9crit par\" \/>\n\t<meta name=\"twitter:data1\" content=\"Julien\" \/>\n\t<meta name=\"twitter:label2\" content=\"Dur\u00e9e de lecture est.\" \/>\n\t<meta name=\"twitter:data2\" content=\"1 minute\" \/>\n<script type=\"application\/ld+json\" class=\"yoast-schema-graph\">{\"@context\":\"https:\/\/schema.org\",\"@graph\":[{\"@type\":\"Article\",\"@id\":\"https:\/\/vieassociative.be\/actualites\/deux-cas-de-fraude-informatique-a-eupen-et-raeren\/#article\",\"isPartOf\":{\"@id\":\"https:\/\/vieassociative.be\/actualites\/deux-cas-de-fraude-informatique-a-eupen-et-raeren\/\"},\"author\":{\"name\":\"Julien\",\"@id\":\"https:\/\/vieassociative.be\/actualites\/#\/schema\/person\/b87ac4f82f9d4e7b7cec7395b679edc4\"},\"headline\":\"Deux cas de fraude informatique \u00e0 Eupen et Raeren\",\"datePublished\":\"2025-01-13T20:18:19+00:00\",\"dateModified\":\"2025-01-13T20:18:19+00:00\",\"mainEntityOfPage\":{\"@id\":\"https:\/\/vieassociative.be\/actualites\/deux-cas-de-fraude-informatique-a-eupen-et-raeren\/\"},\"wordCount\":245,\"publisher\":{\"@id\":\"https:\/\/vieassociative.be\/actualites\/#organization\"},\"image\":{\"@id\":\"https:\/\/vieassociative.be\/actualites\/deux-cas-de-fraude-informatique-a-eupen-et-raeren\/#primaryimage\"},\"thumbnailUrl\":\"https:\/\/vieassociative.be\/actualites\/wp-content\/uploads\/2024\/11\/Raeren-Le-conducteur-tombe-dans-un-micro-sommeil-a-midi.jpeg\",\"keywords\":[\"cas\",\"deux\",\"Eupen\",\"fraude\",\"informatique\",\"Raeren\"],\"articleSection\":[\"Belgique\"],\"inLanguage\":\"fr-BE\"},{\"@type\":\"WebPage\",\"@id\":\"https:\/\/vieassociative.be\/actualites\/deux-cas-de-fraude-informatique-a-eupen-et-raeren\/\",\"url\":\"https:\/\/vieassociative.be\/actualites\/deux-cas-de-fraude-informatique-a-eupen-et-raeren\/\",\"name\":\"Deux cas de fraude informatique \u00e0 Eupen et Raeren | Vie Associative\",\"isPartOf\":{\"@id\":\"https:\/\/vieassociative.be\/actualites\/#website\"},\"primaryImageOfPage\":{\"@id\":\"https:\/\/vieassociative.be\/actualites\/deux-cas-de-fraude-informatique-a-eupen-et-raeren\/#primaryimage\"},\"image\":{\"@id\":\"https:\/\/vieassociative.be\/actualites\/deux-cas-de-fraude-informatique-a-eupen-et-raeren\/#primaryimage\"},\"thumbnailUrl\":\"https:\/\/vieassociative.be\/actualites\/wp-content\/uploads\/2024\/11\/Raeren-Le-conducteur-tombe-dans-un-micro-sommeil-a-midi.jpeg\",\"datePublished\":\"2025-01-13T20:18:19+00:00\",\"dateModified\":\"2025-01-13T20:18:19+00:00\",\"breadcrumb\":{\"@id\":\"https:\/\/vieassociative.be\/actualites\/deux-cas-de-fraude-informatique-a-eupen-et-raeren\/#breadcrumb\"},\"inLanguage\":\"fr-BE\",\"potentialAction\":[{\"@type\":\"ReadAction\",\"target\":[\"https:\/\/vieassociative.be\/actualites\/deux-cas-de-fraude-informatique-a-eupen-et-raeren\/\"]}]},{\"@type\":\"ImageObject\",\"inLanguage\":\"fr-BE\",\"@id\":\"https:\/\/vieassociative.be\/actualites\/deux-cas-de-fraude-informatique-a-eupen-et-raeren\/#primaryimage\",\"url\":\"https:\/\/vieassociative.be\/actualites\/wp-content\/uploads\/2024\/11\/Raeren-Le-conducteur-tombe-dans-un-micro-sommeil-a-midi.jpeg\",\"contentUrl\":\"https:\/\/vieassociative.be\/actualites\/wp-content\/uploads\/2024\/11\/Raeren-Le-conducteur-tombe-dans-un-micro-sommeil-a-midi.jpeg\",\"width\":1200,\"height\":800,\"caption\":\"Raeren : Le conducteur tombe dans un micro-sommeil \u00e0 midi\"},{\"@type\":\"BreadcrumbList\",\"@id\":\"https:\/\/vieassociative.be\/actualites\/deux-cas-de-fraude-informatique-a-eupen-et-raeren\/#breadcrumb\",\"itemListElement\":[{\"@type\":\"ListItem\",\"position\":1,\"name\":\"Accueil\",\"item\":\"https:\/\/vieassociative.be\/actualites\/\"},{\"@type\":\"ListItem\",\"position\":2,\"name\":\"Deux cas de fraude informatique \u00e0 Eupen et Raeren\"}]},{\"@type\":\"WebSite\",\"@id\":\"https:\/\/vieassociative.be\/actualites\/#website\",\"url\":\"https:\/\/vieassociative.be\/actualites\/\",\"name\":\"Vie Associative\",\"description\":\"\",\"publisher\":{\"@id\":\"https:\/\/vieassociative.be\/actualites\/#organization\"},\"potentialAction\":[{\"@type\":\"SearchAction\",\"target\":{\"@type\":\"EntryPoint\",\"urlTemplate\":\"https:\/\/vieassociative.be\/actualites\/?s={search_term_string}\"},\"query-input\":{\"@type\":\"PropertyValueSpecification\",\"valueRequired\":true,\"valueName\":\"search_term_string\"}}],\"inLanguage\":\"fr-BE\"},{\"@type\":\"Organization\",\"@id\":\"https:\/\/vieassociative.be\/actualites\/#organization\",\"name\":\"Vie Associative\",\"url\":\"https:\/\/vieassociative.be\/actualites\/\",\"logo\":{\"@type\":\"ImageObject\",\"inLanguage\":\"fr-BE\",\"@id\":\"https:\/\/vieassociative.be\/actualites\/#\/schema\/logo\/image\/\",\"url\":\"https:\/\/vieassociative.be\/actualites\/wp-content\/uploads\/2024\/09\/cropped-vieassociative_favicon.ico.png\",\"contentUrl\":\"https:\/\/vieassociative.be\/actualites\/wp-content\/uploads\/2024\/09\/cropped-vieassociative_favicon.ico.png\",\"width\":512,\"height\":512,\"caption\":\"Vie Associative\"},\"image\":{\"@id\":\"https:\/\/vieassociative.be\/actualites\/#\/schema\/logo\/image\/\"}},{\"@type\":\"Person\",\"@id\":\"https:\/\/vieassociative.be\/actualites\/#\/schema\/person\/b87ac4f82f9d4e7b7cec7395b679edc4\",\"name\":\"Julien\",\"image\":{\"@type\":\"ImageObject\",\"inLanguage\":\"fr-BE\",\"@id\":\"https:\/\/vieassociative.be\/actualites\/#\/schema\/person\/image\/\",\"url\":\"https:\/\/vieassociative.be\/actualites\/wp-content\/uploads\/2024\/09\/vie-associative-1-150x150.jpg\",\"contentUrl\":\"https:\/\/vieassociative.be\/actualites\/wp-content\/uploads\/2024\/09\/vie-associative-1-150x150.jpg\",\"caption\":\"Julien\"},\"description\":\"Je suis Julien, r\u00e9dacteur pour Vie Associative. Passionn\u00e9 par le monde associatif depuis plus de 10 ans, j'ai \u00e0 c\u0153ur de partager des histoires inspirantes et de mettre en lumi\u00e8re les initiatives locales. Mon objectif est de sensibiliser et d'encourager l'engagement communautaire \u00e0 travers mes articles.\",\"sameAs\":[\"https:\/\/vieassociative.be\/\"]}]}<\/script>\n<!-- \/ Yoast SEO plugin. -->","yoast_head_json":{"title":"Deux cas de fraude informatique \u00e0 Eupen et Raeren | Vie Associative","robots":{"index":"index","follow":"follow","max-snippet":"max-snippet:-1","max-image-preview":"max-image-preview:large","max-video-preview":"max-video-preview:-1"},"canonical":"https:\/\/vieassociative.be\/actualites\/deux-cas-de-fraude-informatique-a-eupen-et-raeren\/","og_locale":"fr_FR","og_type":"article","og_title":"Deux cas de fraude informatique \u00e0 Eupen et Raeren | Vie Associative","og_description":"La zone de police de Weser-G\u00f6hl signale deux op\u00e9rations pour la p\u00e9riode du vendredi 10 janvier 2025 \u00e0 7 heures au lundi 13 janvier 2025","og_url":"https:\/\/vieassociative.be\/actualites\/deux-cas-de-fraude-informatique-a-eupen-et-raeren\/","og_site_name":"Vie Associative","article_published_time":"2025-01-13T20:18:19+00:00","og_image":[{"width":279,"height":92,"url":"https:\/\/vieassociative.be\/actualites\/wp-content\/uploads\/2024\/09\/header_backgroundk-01-e1726694325946.png","type":"image\/png"}],"author":"Julien","twitter_card":"summary_large_image","twitter_misc":{"\u00c9crit par":"Julien","Dur\u00e9e de lecture est.":"1 minute"},"schema":{"@context":"https:\/\/schema.org","@graph":[{"@type":"Article","@id":"https:\/\/vieassociative.be\/actualites\/deux-cas-de-fraude-informatique-a-eupen-et-raeren\/#article","isPartOf":{"@id":"https:\/\/vieassociative.be\/actualites\/deux-cas-de-fraude-informatique-a-eupen-et-raeren\/"},"author":{"name":"Julien","@id":"https:\/\/vieassociative.be\/actualites\/#\/schema\/person\/b87ac4f82f9d4e7b7cec7395b679edc4"},"headline":"Deux cas de fraude informatique \u00e0 Eupen et Raeren","datePublished":"2025-01-13T20:18:19+00:00","dateModified":"2025-01-13T20:18:19+00:00","mainEntityOfPage":{"@id":"https:\/\/vieassociative.be\/actualites\/deux-cas-de-fraude-informatique-a-eupen-et-raeren\/"},"wordCount":245,"publisher":{"@id":"https:\/\/vieassociative.be\/actualites\/#organization"},"image":{"@id":"https:\/\/vieassociative.be\/actualites\/deux-cas-de-fraude-informatique-a-eupen-et-raeren\/#primaryimage"},"thumbnailUrl":"https:\/\/vieassociative.be\/actualites\/wp-content\/uploads\/2024\/11\/Raeren-Le-conducteur-tombe-dans-un-micro-sommeil-a-midi.jpeg","keywords":["cas","deux","Eupen","fraude","informatique","Raeren"],"articleSection":["Belgique"],"inLanguage":"fr-BE"},{"@type":"WebPage","@id":"https:\/\/vieassociative.be\/actualites\/deux-cas-de-fraude-informatique-a-eupen-et-raeren\/","url":"https:\/\/vieassociative.be\/actualites\/deux-cas-de-fraude-informatique-a-eupen-et-raeren\/","name":"Deux cas de fraude informatique \u00e0 Eupen et Raeren | Vie Associative","isPartOf":{"@id":"https:\/\/vieassociative.be\/actualites\/#website"},"primaryImageOfPage":{"@id":"https:\/\/vieassociative.be\/actualites\/deux-cas-de-fraude-informatique-a-eupen-et-raeren\/#primaryimage"},"image":{"@id":"https:\/\/vieassociative.be\/actualites\/deux-cas-de-fraude-informatique-a-eupen-et-raeren\/#primaryimage"},"thumbnailUrl":"https:\/\/vieassociative.be\/actualites\/wp-content\/uploads\/2024\/11\/Raeren-Le-conducteur-tombe-dans-un-micro-sommeil-a-midi.jpeg","datePublished":"2025-01-13T20:18:19+00:00","dateModified":"2025-01-13T20:18:19+00:00","breadcrumb":{"@id":"https:\/\/vieassociative.be\/actualites\/deux-cas-de-fraude-informatique-a-eupen-et-raeren\/#breadcrumb"},"inLanguage":"fr-BE","potentialAction":[{"@type":"ReadAction","target":["https:\/\/vieassociative.be\/actualites\/deux-cas-de-fraude-informatique-a-eupen-et-raeren\/"]}]},{"@type":"ImageObject","inLanguage":"fr-BE","@id":"https:\/\/vieassociative.be\/actualites\/deux-cas-de-fraude-informatique-a-eupen-et-raeren\/#primaryimage","url":"https:\/\/vieassociative.be\/actualites\/wp-content\/uploads\/2024\/11\/Raeren-Le-conducteur-tombe-dans-un-micro-sommeil-a-midi.jpeg","contentUrl":"https:\/\/vieassociative.be\/actualites\/wp-content\/uploads\/2024\/11\/Raeren-Le-conducteur-tombe-dans-un-micro-sommeil-a-midi.jpeg","width":1200,"height":800,"caption":"Raeren : Le conducteur tombe dans un micro-sommeil \u00e0 midi"},{"@type":"BreadcrumbList","@id":"https:\/\/vieassociative.be\/actualites\/deux-cas-de-fraude-informatique-a-eupen-et-raeren\/#breadcrumb","itemListElement":[{"@type":"ListItem","position":1,"name":"Accueil","item":"https:\/\/vieassociative.be\/actualites\/"},{"@type":"ListItem","position":2,"name":"Deux cas de fraude informatique \u00e0 Eupen et Raeren"}]},{"@type":"WebSite","@id":"https:\/\/vieassociative.be\/actualites\/#website","url":"https:\/\/vieassociative.be\/actualites\/","name":"Vie Associative","description":"","publisher":{"@id":"https:\/\/vieassociative.be\/actualites\/#organization"},"potentialAction":[{"@type":"SearchAction","target":{"@type":"EntryPoint","urlTemplate":"https:\/\/vieassociative.be\/actualites\/?s={search_term_string}"},"query-input":{"@type":"PropertyValueSpecification","valueRequired":true,"valueName":"search_term_string"}}],"inLanguage":"fr-BE"},{"@type":"Organization","@id":"https:\/\/vieassociative.be\/actualites\/#organization","name":"Vie Associative","url":"https:\/\/vieassociative.be\/actualites\/","logo":{"@type":"ImageObject","inLanguage":"fr-BE","@id":"https:\/\/vieassociative.be\/actualites\/#\/schema\/logo\/image\/","url":"https:\/\/vieassociative.be\/actualites\/wp-content\/uploads\/2024\/09\/cropped-vieassociative_favicon.ico.png","contentUrl":"https:\/\/vieassociative.be\/actualites\/wp-content\/uploads\/2024\/09\/cropped-vieassociative_favicon.ico.png","width":512,"height":512,"caption":"Vie Associative"},"image":{"@id":"https:\/\/vieassociative.be\/actualites\/#\/schema\/logo\/image\/"}},{"@type":"Person","@id":"https:\/\/vieassociative.be\/actualites\/#\/schema\/person\/b87ac4f82f9d4e7b7cec7395b679edc4","name":"Julien","image":{"@type":"ImageObject","inLanguage":"fr-BE","@id":"https:\/\/vieassociative.be\/actualites\/#\/schema\/person\/image\/","url":"https:\/\/vieassociative.be\/actualites\/wp-content\/uploads\/2024\/09\/vie-associative-1-150x150.jpg","contentUrl":"https:\/\/vieassociative.be\/actualites\/wp-content\/uploads\/2024\/09\/vie-associative-1-150x150.jpg","caption":"Julien"},"description":"Je suis Julien, r\u00e9dacteur pour Vie Associative. Passionn\u00e9 par le monde associatif depuis plus de 10 ans, j'ai \u00e0 c\u0153ur de partager des histoires inspirantes et de mettre en lumi\u00e8re les initiatives locales. Mon objectif est de sensibiliser et d'encourager l'engagement communautaire \u00e0 travers mes articles.","sameAs":["https:\/\/vieassociative.be\/"]}]}},"_links":{"self":[{"href":"https:\/\/vieassociative.be\/actualites\/wp-json\/wp\/v2\/posts\/4304"}],"collection":[{"href":"https:\/\/vieassociative.be\/actualites\/wp-json\/wp\/v2\/posts"}],"about":[{"href":"https:\/\/vieassociative.be\/actualites\/wp-json\/wp\/v2\/types\/post"}],"author":[{"embeddable":true,"href":"https:\/\/vieassociative.be\/actualites\/wp-json\/wp\/v2\/users\/1"}],"replies":[{"embeddable":true,"href":"https:\/\/vieassociative.be\/actualites\/wp-json\/wp\/v2\/comments?post=4304"}],"version-history":[{"count":0,"href":"https:\/\/vieassociative.be\/actualites\/wp-json\/wp\/v2\/posts\/4304\/revisions"}],"wp:featuredmedia":[{"embeddable":true,"href":"https:\/\/vieassociative.be\/actualites\/wp-json\/wp\/v2\/media\/1939"}],"wp:attachment":[{"href":"https:\/\/vieassociative.be\/actualites\/wp-json\/wp\/v2\/media?parent=4304"}],"wp:term":[{"taxonomy":"category","embeddable":true,"href":"https:\/\/vieassociative.be\/actualites\/wp-json\/wp\/v2\/categories?post=4304"},{"taxonomy":"post_tag","embeddable":true,"href":"https:\/\/vieassociative.be\/actualites\/wp-json\/wp\/v2\/tags?post=4304"}],"curies":[{"name":"wp","href":"https:\/\/api.w.org\/{rel}","templated":true}]}}