{"id":4302,"date":"2025-01-13T20:22:43","date_gmt":"2025-01-13T19:22:43","guid":{"rendered":"https:\/\/vieassociative.be\/actualites\/la-meilleure-facon-de-nettoyer-un-micro-ondes\/"},"modified":"2025-01-13T20:22:43","modified_gmt":"2025-01-13T19:22:43","slug":"la-meilleure-facon-de-nettoyer-un-micro-ondes","status":"publish","type":"post","link":"https:\/\/vieassociative.be\/actualites\/la-meilleure-facon-de-nettoyer-un-micro-ondes\/","title":{"rendered":"La meilleure fa\u00e7on de nettoyer un micro-ondes"},"content":{"rendered":"<div class=\"mt-4 leading-6 md:mb-8\">Chaque partie de votre micro-ondes n\u00e9cessite une petite attention particuli\u00e8re.<\/div>\n<p><\/p>\n<p>Votre micro-ondes devient tr\u00e8s sale, mais il peut \u00eatre facile de l&rsquo;ignorer\u00a0; vous pouvez fermer la porte lorsque vous ne l&rsquo;utilisez pas, cachant ainsi toute la graisse, les \u00e9claboussures et les miettes qui y restent. Cela dit, \u00eatre hors de vue peut \u00eatre loin du c\u0153ur, mais cela ne signifie pas \u00eatre hors du bois. La nourriture et la crasse peuvent attirer les parasites et\/ou rendre votre micro-ondes (et vos aliments) odorants et d\u00e9go\u00fbtants. Il est temps de nettoyer votre micro-ondes. Voici comment. <\/p>\n<h2 id=\"step-one-steam-your-microwave\">Premi\u00e8re \u00e9tape\u00a0: faites cuire votre micro-ondes \u00e0 la vapeur<\/h2>\n<p>Pour commencer, vous devez cuire \u00e0 la vapeur l\u2019int\u00e9rieur de votre micro-ondes. Ce mauvais gar\u00e7on a toutes sortes d&rsquo;\u00e9claboussures et de cro\u00fbtes \u00e0 l&rsquo;int\u00e9rieur et la vapeur va le d\u00e9tacher. La vapeur est un outil puissant pour le nettoyage, tout comme l\u2019acide citrique, celui-ci est donc une \u00e9vidence. Sur Internet et CleanTok, vous trouverez des suggestions allant de faire cela avec une demi-tasse d&rsquo;eau \u00e0 une tasse pleine, un demi-citron \u00e0 un citron entier, et pendant trois minutes \u00e0 cinq minutes, avec cinq minutes ou 15 minutes restantes. pour la cuisson \u00e0 la vapeur. Tout cela peut devenir compliqu\u00e9 et ennuyeux, ce que j&rsquo;ai d\u00e9couvert aujourd&rsquo;hui. En raison d&rsquo;un r\u00e9cent <em>incident<\/em> dans mon micro-ondes, le mien avait l\u2019air exceptionnellement mauvais \u00e0 l\u2019int\u00e9rieur. Voici le protocole infus\u00e9 au citron que j\u2019ai suivi pour lancer le bal\u00a0:<\/p>\n<ol>\n<li>\n<p>J&rsquo;ai coup\u00e9 un citron en quartiers et j&rsquo;en ai mis deux dans une tasse allant au micro-ondes avec une tasse d&rsquo;eau. (Vous pouvez aussi utiliser un bol mais j&rsquo;avais une tasse \u00e0 port\u00e9e de main.) <\/p>\n<\/li>\n<li>\n<p>J&rsquo;ai pass\u00e9 au micro-ondes \u00e0 puissance maximale pendant trois minutes, v\u00e9rifiant si de la vapeur se formait vers la fin. Si vous ne voyez pas de vapeur, attendez encore une minute (ma vapeur est visible sur le placard au-dessus du micro-ondes, c&rsquo;est ainsi que je savais qu&rsquo;elle fonctionnait).<\/p>\n<\/li>\n<li>\n<p>Je l&rsquo;ai laiss\u00e9 reposer avec la porte ferm\u00e9e pendant cinq minutes.<\/p>\n<\/li>\n<\/ol>\n<p>Lorsque vous ouvrez le micro-ondes, vous devriez constater que ce qui \u00e9tait autrefois incrust\u00e9 sur les parois et le plafond de la machine est maintenant un peu d\u00e9tremp\u00e9 et devrait \u00eatre facile \u00e0 essuyer avec une \u00e9ponge. J&rsquo;ai utilis\u00e9 une lingette Clorox pour retirer la mienne, juste pour plus de pouvoir d\u00e9sinfectant. De plus, \u00e7a sent toujours bon et citronn\u00e9. Soyez averti que cela peut prendre quelques tours\u00a0: dans le pass\u00e9, j&rsquo;ai remarqu\u00e9 que la cro\u00fbte et les \u00e9claboussures pr\u00e8s du haut \u00e9taient beaucoup plus faciles \u00e0 enlever que tout ce qui se trouvait en bas, car la vapeur montait, mais lors de ma tentative la plus r\u00e9cente, elle C&rsquo;\u00e9tait la crasse au fond qui s&rsquo;enlevait plus facilement apr\u00e8s un tour de cuisson \u00e0 la vapeur. Oh, et si votre plateau tournant est amovible, retirez-le et trempez-le dans de l&rsquo;eau ti\u00e8de pendant que vous essuyez l&rsquo;int\u00e9rieur, puis frottez-le avec une \u00e9ponge. <\/p>\n<p>Vous pouvez voir dans l&rsquo;image en haut \u00e0 quel point j&rsquo;ai eu du succ\u00e8s avec un seul tour de citron cuit \u00e0 la vapeur et un essuyage.<\/p>\n<h2 id=\"step-two-clean-the-exterior-of-the-microwave\">Deuxi\u00e8me \u00e9tape\u00a0: nettoyer l&rsquo;ext\u00e9rieur du micro-ondes<\/h2>\n<p>La fa\u00e7on dont vous nettoyez l\u2019ext\u00e9rieur de votre micro-ondes d\u00e9pend de ce qui y est coll\u00e9. S&rsquo;il est gras, utilisez un m\u00e9lange d&rsquo;une part de vinaigre et d&rsquo;une part d&rsquo;eau pour frotter doucement. S&rsquo;il y a des \u00e9claboussures mais pas de graisse, essayez un m\u00e9lange d&rsquo;une part d&rsquo;alcool \u00e0 friction et d&rsquo;une part d&rsquo;eau. Vous pouvez \u00e9galement utiliser une \u00e9ponge humide tremp\u00e9e dans du bicarbonate de soude pour les d\u00e9g\u00e2ts plus importants, mais assurez-vous de suivre cela avec de l&rsquo;eau claire. <\/p>\n<p>Je fais cette partie en plusieurs \u00e9tapes. Tout d\u2019abord, j\u2019utilise le m\u00e9lange d\u2019alcool \u00e0 friction et d\u2019eau pour \u00e9liminer les taches ou r\u00e9sidus faciles, puis je r\u00e9\u00e9value pour d\u00e9terminer si quelque chose qui reste est coll\u00e9. \u00c0 l\u2019aide d\u2019un chiffon doux, j\u2019applique un peu de bicarbonate de soude dessus (qui est stri\u00e9 et salissant), puis j\u2019utilise de l\u2019eau claire pour l\u2019enlever. S&rsquo;il y a encore des traces, <em>alors <\/em>J&rsquo;y vais avec mon vinaigre et mon eau, ce qui est un combo qui tue les traces. <\/p>\n<p>Vous n&rsquo;avez pas besoin de produits sp\u00e9cialis\u00e9s autres que ceux que vous avez d\u00e9j\u00e0 dans la maison pour faire briller l&rsquo;int\u00e9rieur et l&rsquo;ext\u00e9rieur de votre micro-ondes, mais vous avez besoin de savoir-faire et d&rsquo;un peu de temps. <\/p>\n","protected":false},"excerpt":{"rendered":"<p>Chaque partie de votre micro-ondes n\u00e9cessite une petite attention particuli\u00e8re. Votre micro-ondes devient tr\u00e8s sale, mais il peut \u00eatre facile de l&rsquo;ignorer\u00a0; vous pouvez fermer<\/p>\n","protected":false},"author":1,"featured_media":4303,"comment_status":"","ping_status":"","sticky":false,"template":"","format":"standard","meta":{"footnotes":""},"categories":[40],"tags":[531,530,4716,532],"class_list":["post-4302","post","type-post","status-publish","format-standard","has-post-thumbnail","hentry","category-maison","tag-facon","tag-meilleure","tag-microondes","tag-nettoyer","generate-columns","tablet-grid-50","mobile-grid-100","grid-parent","grid-33"],"yoast_head":"<!-- This site is optimized with the Yoast SEO plugin v24.0 - https:\/\/yoast.com\/wordpress\/plugins\/seo\/ -->\n<title>La meilleure fa\u00e7on de nettoyer un micro-ondes | Vie Associative<\/title>\n<meta name=\"robots\" content=\"index, follow, max-snippet:-1, max-image-preview:large, max-video-preview:-1\" \/>\n<link rel=\"canonical\" href=\"https:\/\/vieassociative.be\/actualites\/la-meilleure-facon-de-nettoyer-un-micro-ondes\/\" \/>\n<meta property=\"og:locale\" content=\"fr_FR\" \/>\n<meta property=\"og:type\" content=\"article\" \/>\n<meta property=\"og:title\" content=\"La meilleure fa\u00e7on de nettoyer un micro-ondes | Vie Associative\" \/>\n<meta property=\"og:description\" content=\"Chaque partie de votre micro-ondes n\u00e9cessite une petite attention particuli\u00e8re. Votre micro-ondes devient tr\u00e8s sale, mais il peut \u00eatre facile de l&rsquo;ignorer\u00a0; vous pouvez fermer\" \/>\n<meta property=\"og:url\" content=\"https:\/\/vieassociative.be\/actualites\/la-meilleure-facon-de-nettoyer-un-micro-ondes\/\" \/>\n<meta property=\"og:site_name\" content=\"Vie Associative\" \/>\n<meta property=\"article:published_time\" content=\"2025-01-13T19:22:43+00:00\" \/>\n<meta property=\"og:image\" content=\"https:\/\/vieassociative.be\/actualites\/wp-content\/uploads\/2024\/09\/header_backgroundk-01-e1726694325946.png\" \/>\n\t<meta property=\"og:image:width\" content=\"279\" \/>\n\t<meta property=\"og:image:height\" content=\"92\" \/>\n\t<meta property=\"og:image:type\" content=\"image\/png\" \/>\n<meta name=\"author\" content=\"Julien\" \/>\n<meta name=\"twitter:card\" content=\"summary_large_image\" \/>\n<meta name=\"twitter:label1\" content=\"\u00c9crit par\" \/>\n\t<meta name=\"twitter:data1\" content=\"Julien\" \/>\n\t<meta name=\"twitter:label2\" content=\"Dur\u00e9e de lecture est.\" \/>\n\t<meta name=\"twitter:data2\" content=\"4 minutes\" \/>\n<script type=\"application\/ld+json\" class=\"yoast-schema-graph\">{\"@context\":\"https:\/\/schema.org\",\"@graph\":[{\"@type\":\"Article\",\"@id\":\"https:\/\/vieassociative.be\/actualites\/la-meilleure-facon-de-nettoyer-un-micro-ondes\/#article\",\"isPartOf\":{\"@id\":\"https:\/\/vieassociative.be\/actualites\/la-meilleure-facon-de-nettoyer-un-micro-ondes\/\"},\"author\":{\"name\":\"Julien\",\"@id\":\"https:\/\/vieassociative.be\/actualites\/#\/schema\/person\/b87ac4f82f9d4e7b7cec7395b679edc4\"},\"headline\":\"La meilleure fa\u00e7on de nettoyer un micro-ondes\",\"datePublished\":\"2025-01-13T19:22:43+00:00\",\"dateModified\":\"2025-01-13T19:22:43+00:00\",\"mainEntityOfPage\":{\"@id\":\"https:\/\/vieassociative.be\/actualites\/la-meilleure-facon-de-nettoyer-un-micro-ondes\/\"},\"wordCount\":811,\"publisher\":{\"@id\":\"https:\/\/vieassociative.be\/actualites\/#organization\"},\"image\":{\"@id\":\"https:\/\/vieassociative.be\/actualites\/la-meilleure-facon-de-nettoyer-un-micro-ondes\/#primaryimage\"},\"thumbnailUrl\":\"https:\/\/vieassociative.be\/actualites\/wp-content\/uploads\/2025\/01\/La-meilleure-facon-de-nettoyer-un-micro-ondes.png\",\"keywords\":[\"fa\u00e7on\",\"meilleure\",\"microondes\",\"nettoyer\"],\"articleSection\":[\"Maison\"],\"inLanguage\":\"fr-BE\"},{\"@type\":\"WebPage\",\"@id\":\"https:\/\/vieassociative.be\/actualites\/la-meilleure-facon-de-nettoyer-un-micro-ondes\/\",\"url\":\"https:\/\/vieassociative.be\/actualites\/la-meilleure-facon-de-nettoyer-un-micro-ondes\/\",\"name\":\"La meilleure fa\u00e7on de nettoyer un micro-ondes | Vie Associative\",\"isPartOf\":{\"@id\":\"https:\/\/vieassociative.be\/actualites\/#website\"},\"primaryImageOfPage\":{\"@id\":\"https:\/\/vieassociative.be\/actualites\/la-meilleure-facon-de-nettoyer-un-micro-ondes\/#primaryimage\"},\"image\":{\"@id\":\"https:\/\/vieassociative.be\/actualites\/la-meilleure-facon-de-nettoyer-un-micro-ondes\/#primaryimage\"},\"thumbnailUrl\":\"https:\/\/vieassociative.be\/actualites\/wp-content\/uploads\/2025\/01\/La-meilleure-facon-de-nettoyer-un-micro-ondes.png\",\"datePublished\":\"2025-01-13T19:22:43+00:00\",\"dateModified\":\"2025-01-13T19:22:43+00:00\",\"breadcrumb\":{\"@id\":\"https:\/\/vieassociative.be\/actualites\/la-meilleure-facon-de-nettoyer-un-micro-ondes\/#breadcrumb\"},\"inLanguage\":\"fr-BE\",\"potentialAction\":[{\"@type\":\"ReadAction\",\"target\":[\"https:\/\/vieassociative.be\/actualites\/la-meilleure-facon-de-nettoyer-un-micro-ondes\/\"]}]},{\"@type\":\"ImageObject\",\"inLanguage\":\"fr-BE\",\"@id\":\"https:\/\/vieassociative.be\/actualites\/la-meilleure-facon-de-nettoyer-un-micro-ondes\/#primaryimage\",\"url\":\"https:\/\/vieassociative.be\/actualites\/wp-content\/uploads\/2025\/01\/La-meilleure-facon-de-nettoyer-un-micro-ondes.png\",\"contentUrl\":\"https:\/\/vieassociative.be\/actualites\/wp-content\/uploads\/2025\/01\/La-meilleure-facon-de-nettoyer-un-micro-ondes.png\",\"width\":1200,\"height\":675,\"caption\":\"La meilleure fa\u00e7on de nettoyer un micro-ondes\"},{\"@type\":\"BreadcrumbList\",\"@id\":\"https:\/\/vieassociative.be\/actualites\/la-meilleure-facon-de-nettoyer-un-micro-ondes\/#breadcrumb\",\"itemListElement\":[{\"@type\":\"ListItem\",\"position\":1,\"name\":\"Accueil\",\"item\":\"https:\/\/vieassociative.be\/actualites\/\"},{\"@type\":\"ListItem\",\"position\":2,\"name\":\"La meilleure fa\u00e7on de nettoyer un micro-ondes\"}]},{\"@type\":\"WebSite\",\"@id\":\"https:\/\/vieassociative.be\/actualites\/#website\",\"url\":\"https:\/\/vieassociative.be\/actualites\/\",\"name\":\"Vie Associative\",\"description\":\"\",\"publisher\":{\"@id\":\"https:\/\/vieassociative.be\/actualites\/#organization\"},\"potentialAction\":[{\"@type\":\"SearchAction\",\"target\":{\"@type\":\"EntryPoint\",\"urlTemplate\":\"https:\/\/vieassociative.be\/actualites\/?s={search_term_string}\"},\"query-input\":{\"@type\":\"PropertyValueSpecification\",\"valueRequired\":true,\"valueName\":\"search_term_string\"}}],\"inLanguage\":\"fr-BE\"},{\"@type\":\"Organization\",\"@id\":\"https:\/\/vieassociative.be\/actualites\/#organization\",\"name\":\"Vie Associative\",\"url\":\"https:\/\/vieassociative.be\/actualites\/\",\"logo\":{\"@type\":\"ImageObject\",\"inLanguage\":\"fr-BE\",\"@id\":\"https:\/\/vieassociative.be\/actualites\/#\/schema\/logo\/image\/\",\"url\":\"https:\/\/vieassociative.be\/actualites\/wp-content\/uploads\/2024\/09\/cropped-vieassociative_favicon.ico.png\",\"contentUrl\":\"https:\/\/vieassociative.be\/actualites\/wp-content\/uploads\/2024\/09\/cropped-vieassociative_favicon.ico.png\",\"width\":512,\"height\":512,\"caption\":\"Vie Associative\"},\"image\":{\"@id\":\"https:\/\/vieassociative.be\/actualites\/#\/schema\/logo\/image\/\"}},{\"@type\":\"Person\",\"@id\":\"https:\/\/vieassociative.be\/actualites\/#\/schema\/person\/b87ac4f82f9d4e7b7cec7395b679edc4\",\"name\":\"Julien\",\"image\":{\"@type\":\"ImageObject\",\"inLanguage\":\"fr-BE\",\"@id\":\"https:\/\/vieassociative.be\/actualites\/#\/schema\/person\/image\/\",\"url\":\"https:\/\/vieassociative.be\/actualites\/wp-content\/uploads\/2024\/09\/vie-associative-1-150x150.jpg\",\"contentUrl\":\"https:\/\/vieassociative.be\/actualites\/wp-content\/uploads\/2024\/09\/vie-associative-1-150x150.jpg\",\"caption\":\"Julien\"},\"description\":\"Je suis Julien, r\u00e9dacteur pour Vie Associative. Passionn\u00e9 par le monde associatif depuis plus de 10 ans, j'ai \u00e0 c\u0153ur de partager des histoires inspirantes et de mettre en lumi\u00e8re les initiatives locales. Mon objectif est de sensibiliser et d'encourager l'engagement communautaire \u00e0 travers mes articles.\",\"sameAs\":[\"https:\/\/vieassociative.be\/\"]}]}<\/script>\n<!-- \/ Yoast SEO plugin. -->","yoast_head_json":{"title":"La meilleure fa\u00e7on de nettoyer un micro-ondes | Vie Associative","robots":{"index":"index","follow":"follow","max-snippet":"max-snippet:-1","max-image-preview":"max-image-preview:large","max-video-preview":"max-video-preview:-1"},"canonical":"https:\/\/vieassociative.be\/actualites\/la-meilleure-facon-de-nettoyer-un-micro-ondes\/","og_locale":"fr_FR","og_type":"article","og_title":"La meilleure fa\u00e7on de nettoyer un micro-ondes | Vie Associative","og_description":"Chaque partie de votre micro-ondes n\u00e9cessite une petite attention particuli\u00e8re. Votre micro-ondes devient tr\u00e8s sale, mais il peut \u00eatre facile de l&rsquo;ignorer\u00a0; vous pouvez fermer","og_url":"https:\/\/vieassociative.be\/actualites\/la-meilleure-facon-de-nettoyer-un-micro-ondes\/","og_site_name":"Vie Associative","article_published_time":"2025-01-13T19:22:43+00:00","og_image":[{"width":279,"height":92,"url":"https:\/\/vieassociative.be\/actualites\/wp-content\/uploads\/2024\/09\/header_backgroundk-01-e1726694325946.png","type":"image\/png"}],"author":"Julien","twitter_card":"summary_large_image","twitter_misc":{"\u00c9crit par":"Julien","Dur\u00e9e de lecture est.":"4 minutes"},"schema":{"@context":"https:\/\/schema.org","@graph":[{"@type":"Article","@id":"https:\/\/vieassociative.be\/actualites\/la-meilleure-facon-de-nettoyer-un-micro-ondes\/#article","isPartOf":{"@id":"https:\/\/vieassociative.be\/actualites\/la-meilleure-facon-de-nettoyer-un-micro-ondes\/"},"author":{"name":"Julien","@id":"https:\/\/vieassociative.be\/actualites\/#\/schema\/person\/b87ac4f82f9d4e7b7cec7395b679edc4"},"headline":"La meilleure fa\u00e7on de nettoyer un micro-ondes","datePublished":"2025-01-13T19:22:43+00:00","dateModified":"2025-01-13T19:22:43+00:00","mainEntityOfPage":{"@id":"https:\/\/vieassociative.be\/actualites\/la-meilleure-facon-de-nettoyer-un-micro-ondes\/"},"wordCount":811,"publisher":{"@id":"https:\/\/vieassociative.be\/actualites\/#organization"},"image":{"@id":"https:\/\/vieassociative.be\/actualites\/la-meilleure-facon-de-nettoyer-un-micro-ondes\/#primaryimage"},"thumbnailUrl":"https:\/\/vieassociative.be\/actualites\/wp-content\/uploads\/2025\/01\/La-meilleure-facon-de-nettoyer-un-micro-ondes.png","keywords":["fa\u00e7on","meilleure","microondes","nettoyer"],"articleSection":["Maison"],"inLanguage":"fr-BE"},{"@type":"WebPage","@id":"https:\/\/vieassociative.be\/actualites\/la-meilleure-facon-de-nettoyer-un-micro-ondes\/","url":"https:\/\/vieassociative.be\/actualites\/la-meilleure-facon-de-nettoyer-un-micro-ondes\/","name":"La meilleure fa\u00e7on de nettoyer un micro-ondes | Vie Associative","isPartOf":{"@id":"https:\/\/vieassociative.be\/actualites\/#website"},"primaryImageOfPage":{"@id":"https:\/\/vieassociative.be\/actualites\/la-meilleure-facon-de-nettoyer-un-micro-ondes\/#primaryimage"},"image":{"@id":"https:\/\/vieassociative.be\/actualites\/la-meilleure-facon-de-nettoyer-un-micro-ondes\/#primaryimage"},"thumbnailUrl":"https:\/\/vieassociative.be\/actualites\/wp-content\/uploads\/2025\/01\/La-meilleure-facon-de-nettoyer-un-micro-ondes.png","datePublished":"2025-01-13T19:22:43+00:00","dateModified":"2025-01-13T19:22:43+00:00","breadcrumb":{"@id":"https:\/\/vieassociative.be\/actualites\/la-meilleure-facon-de-nettoyer-un-micro-ondes\/#breadcrumb"},"inLanguage":"fr-BE","potentialAction":[{"@type":"ReadAction","target":["https:\/\/vieassociative.be\/actualites\/la-meilleure-facon-de-nettoyer-un-micro-ondes\/"]}]},{"@type":"ImageObject","inLanguage":"fr-BE","@id":"https:\/\/vieassociative.be\/actualites\/la-meilleure-facon-de-nettoyer-un-micro-ondes\/#primaryimage","url":"https:\/\/vieassociative.be\/actualites\/wp-content\/uploads\/2025\/01\/La-meilleure-facon-de-nettoyer-un-micro-ondes.png","contentUrl":"https:\/\/vieassociative.be\/actualites\/wp-content\/uploads\/2025\/01\/La-meilleure-facon-de-nettoyer-un-micro-ondes.png","width":1200,"height":675,"caption":"La meilleure fa\u00e7on de nettoyer un micro-ondes"},{"@type":"BreadcrumbList","@id":"https:\/\/vieassociative.be\/actualites\/la-meilleure-facon-de-nettoyer-un-micro-ondes\/#breadcrumb","itemListElement":[{"@type":"ListItem","position":1,"name":"Accueil","item":"https:\/\/vieassociative.be\/actualites\/"},{"@type":"ListItem","position":2,"name":"La meilleure fa\u00e7on de nettoyer un micro-ondes"}]},{"@type":"WebSite","@id":"https:\/\/vieassociative.be\/actualites\/#website","url":"https:\/\/vieassociative.be\/actualites\/","name":"Vie Associative","description":"","publisher":{"@id":"https:\/\/vieassociative.be\/actualites\/#organization"},"potentialAction":[{"@type":"SearchAction","target":{"@type":"EntryPoint","urlTemplate":"https:\/\/vieassociative.be\/actualites\/?s={search_term_string}"},"query-input":{"@type":"PropertyValueSpecification","valueRequired":true,"valueName":"search_term_string"}}],"inLanguage":"fr-BE"},{"@type":"Organization","@id":"https:\/\/vieassociative.be\/actualites\/#organization","name":"Vie Associative","url":"https:\/\/vieassociative.be\/actualites\/","logo":{"@type":"ImageObject","inLanguage":"fr-BE","@id":"https:\/\/vieassociative.be\/actualites\/#\/schema\/logo\/image\/","url":"https:\/\/vieassociative.be\/actualites\/wp-content\/uploads\/2024\/09\/cropped-vieassociative_favicon.ico.png","contentUrl":"https:\/\/vieassociative.be\/actualites\/wp-content\/uploads\/2024\/09\/cropped-vieassociative_favicon.ico.png","width":512,"height":512,"caption":"Vie Associative"},"image":{"@id":"https:\/\/vieassociative.be\/actualites\/#\/schema\/logo\/image\/"}},{"@type":"Person","@id":"https:\/\/vieassociative.be\/actualites\/#\/schema\/person\/b87ac4f82f9d4e7b7cec7395b679edc4","name":"Julien","image":{"@type":"ImageObject","inLanguage":"fr-BE","@id":"https:\/\/vieassociative.be\/actualites\/#\/schema\/person\/image\/","url":"https:\/\/vieassociative.be\/actualites\/wp-content\/uploads\/2024\/09\/vie-associative-1-150x150.jpg","contentUrl":"https:\/\/vieassociative.be\/actualites\/wp-content\/uploads\/2024\/09\/vie-associative-1-150x150.jpg","caption":"Julien"},"description":"Je suis Julien, r\u00e9dacteur pour Vie Associative. Passionn\u00e9 par le monde associatif depuis plus de 10 ans, j'ai \u00e0 c\u0153ur de partager des histoires inspirantes et de mettre en lumi\u00e8re les initiatives locales. Mon objectif est de sensibiliser et d'encourager l'engagement communautaire \u00e0 travers mes articles.","sameAs":["https:\/\/vieassociative.be\/"]}]}},"_links":{"self":[{"href":"https:\/\/vieassociative.be\/actualites\/wp-json\/wp\/v2\/posts\/4302"}],"collection":[{"href":"https:\/\/vieassociative.be\/actualites\/wp-json\/wp\/v2\/posts"}],"about":[{"href":"https:\/\/vieassociative.be\/actualites\/wp-json\/wp\/v2\/types\/post"}],"author":[{"embeddable":true,"href":"https:\/\/vieassociative.be\/actualites\/wp-json\/wp\/v2\/users\/1"}],"replies":[{"embeddable":true,"href":"https:\/\/vieassociative.be\/actualites\/wp-json\/wp\/v2\/comments?post=4302"}],"version-history":[{"count":0,"href":"https:\/\/vieassociative.be\/actualites\/wp-json\/wp\/v2\/posts\/4302\/revisions"}],"wp:featuredmedia":[{"embeddable":true,"href":"https:\/\/vieassociative.be\/actualites\/wp-json\/wp\/v2\/media\/4303"}],"wp:attachment":[{"href":"https:\/\/vieassociative.be\/actualites\/wp-json\/wp\/v2\/media?parent=4302"}],"wp:term":[{"taxonomy":"category","embeddable":true,"href":"https:\/\/vieassociative.be\/actualites\/wp-json\/wp\/v2\/categories?post=4302"},{"taxonomy":"post_tag","embeddable":true,"href":"https:\/\/vieassociative.be\/actualites\/wp-json\/wp\/v2\/tags?post=4302"}],"curies":[{"name":"wp","href":"https:\/\/api.w.org\/{rel}","templated":true}]}}