{"id":4291,"date":"2025-01-13T09:19:24","date_gmt":"2025-01-13T08:19:24","guid":{"rendered":"https:\/\/vieassociative.be\/actualites\/quest-ce-qui-motive-alice-weidel-la-candidate-de-lafd-a-la-chanceliere\/"},"modified":"2025-01-13T09:19:24","modified_gmt":"2025-01-13T08:19:24","slug":"quest-ce-qui-motive-alice-weidel-la-candidate-de-lafd-a-la-chanceliere","status":"publish","type":"post","link":"https:\/\/vieassociative.be\/actualites\/quest-ce-qui-motive-alice-weidel-la-candidate-de-lafd-a-la-chanceliere\/","title":{"rendered":"Qu&rsquo;est-ce qui motive Alice Weidel, la candidate de l&rsquo;AfD \u00e0 la chanceli\u00e8re ?"},"content":{"rendered":"<p><strong>L&rsquo;Union, les Verts et le SPD ont d\u00e9j\u00e0 choisi leurs candidats \u00e0 la chancellerie en Allemagne \u2013 l&rsquo;AfD est le dernier parti \u00e0 suivre. Alice Weidel est cens\u00e9e diriger la droite aux \u00e9lections f\u00e9d\u00e9rales en tant que candidate \u00e0 la chanceli\u00e8re.<\/strong><\/p>\n<p><span id=\"more-406028\"><\/span>L&rsquo;AfD n&rsquo;a pas de r\u00e9elles chances de devenir chanceli\u00e8re, avec des r\u00e9sultats dans les sondages se situant entre 18 et 19 pour cent. En raison du manque de soutien des autres partis, il n\u2019y aurait pas de majorit\u00e9 pour un chancelier de l\u2019AfD au Bundestag. Le parti choisit n\u00e9anmoins Alice Weidel comme candidate \u00e0 la chanceli\u00e8re pour les \u00e9lections f\u00e9d\u00e9rales du 23 f\u00e9vrier et souhaite affirmer sa pr\u00e9tention au gouvernement.<\/p>\n<p>Qui est Alice Weidel et qu\u2019est-ce qui la motive ? On lui pose sans cesse une question sous une forme modifi\u00e9e &#8211; et elle lui revient \u00e0 l&rsquo;oreille, comme Weidel l&rsquo;a dit un jour en 2017\u00a0: comment cela s&rsquo;articule-t-il &#8211; AfD et dans un partenariat enregistr\u00e9 avec une femme issue de l&rsquo;immigration et deux enfants ?<\/p>\n<div id=\"attachment_406032\" class=\"wp-caption alignleft\" style=\"max-width: 300px\"><img fetchpriority=\"high\" decoding=\"async\" class=\"wp-image-406032 size-medium\" src=\"https:\/\/vieassociative.be\/actualites\/wp-content\/uploads\/2025\/01\/Quest-ce-qui-motive-Alice-Weidel-la-candidate-de-lAfD-a.jpg\" alt=\"\" width=\"300\" height=\"200\"><\/p>\n<p class=\"wp-caption-text\">12 janvier 2025, Saxe, Riesa : Alice Weidel, pr\u00e9sidente f\u00e9d\u00e9rale de l&rsquo;AfD, attend devant les projecteurs le d\u00e9but d&rsquo;une interview t\u00e9l\u00e9vis\u00e9e en marge de la conf\u00e9rence du parti f\u00e9d\u00e9ral de son parti. Photo : S\u00e9bastien Kahnert\/dpa<\/p>\n<\/div>\n<p><strong>\u2013 \u00ab Sarah, je t\u2019aime ! \u00bb<\/strong> Cela s&rsquo;est produit r\u00e9cemment lors d&rsquo;un \u00e9v\u00e9nement \u00e0 Zurich. Le mod\u00e9rateur pose la question. Elle r\u00e9pond : \u00ab Il faut que je te le dise, je ne vois pas les couleurs de peau. \u00bb S\u2019ensuit un d\u00e9monstratif : \u00ab Sarah, je t\u2019aime ! \u00bb \u00e0 son partenaire assis dans le public. Plus tard, dans une interview accord\u00e9e aux journaux CH Media Group, Weidel explique cette d\u00e9cision. La question sur la couleur de la peau ne lui plaisait pas. \u00abCela me touche.\u00bb Sa femme est suisse, adopt\u00e9e, originaire du Sri Lanka lorsqu&rsquo;elle avait trois mois et a grandi \u00e0 Appenzell.<\/p>\n<p>Alice Elisabeth Weidel essaie par ailleurs de garder sa vie priv\u00e9e hors de la vue du public. \u00ab Si vous ouvrez la porte, vous ne parviendrez pas \u00e0 la fermer \u00bb, explique l&rsquo;homme de 45 ans. Elle fait la navette entre l&rsquo;Allemagne et la Suisse, o\u00f9 elle \u00e9l\u00e8ve deux enfants avec son partenaire, producteur de cin\u00e9ma.<\/p>\n<p><strong>\u2013 Mais qu\u2019en est-il de l\u2019AfD ?<\/strong> Weidel a donn\u00e9 sa r\u00e9ponse dans un discours de campagne il y a sept ans. Weidel a d\u00e9clar\u00e9 qu\u2019elle \u00e9tait membre de l\u2019AfD non pas en d\u00e9pit de son homosexualit\u00e9, mais \u00e0 cause d\u2019elle, \u00e9tablissant ainsi un lien avec la politique de s\u00e9curit\u00e9 et de migration. Les gays et les lesbiennes n\u2019osaient plus marcher bras dessus, bras dessous dans la rue. Il existe des zones interdites aux homosexuels et aux \u00ab gangs musulmans \u00bb qui les traquent.<\/p>\n<p><strong>\u2013 Les opposants politiques comme \u00ab figures du stand de tir \u00bb :<\/strong> Sur la sc\u00e8ne politique, l&rsquo;\u00e9conomiste attache une grande importance \u00e0 une apparence s\u00e9rieuse : chemise blanche, collier de perles, veste bleu fonc\u00e9. Dans les interviews, elle parle lentement et d\u00e9lib\u00e9r\u00e9ment calmement, disant \u00ab Wiatschaft \u00bb en dialecte westphalien lorsqu&rsquo;elle parle d&rsquo;\u00ab \u00e9conomie \u00bb. Son ton est n\u00e9anmoins tranchant et parfois m\u00e9prisant lorsqu&rsquo;elle parle du gouvernement et des opposants politiques et les qualifie de \u00ab cabinet \u00e0 saucisses \u00bb ou de \u00ab figures du stand de tir \u00bb. Elle essaie de para\u00eetre froide, m\u00eame si elle bouillonne en elle, explique un homme politique de l&rsquo;AfD au Bundestag.<\/p>\n<\/p>\n<div id=\"attachment_406033\" class=\"wp-caption alignleft\" style=\"max-width: 300px\"><img decoding=\"async\" class=\"wp-image-406033 size-medium\" src=\"https:\/\/vieassociative.be\/actualites\/wp-content\/uploads\/2025\/01\/1736756364_713_Quest-ce-qui-motive-Alice-Weidel-la-candidate-de-lAfD-a.jpg\" alt=\"\" width=\"300\" height=\"200\"><\/p>\n<p class=\"wp-caption-text\">11 janvier 2025, Saxe, Riesa : Tino Chrupalla (lr), pr\u00e9sident f\u00e9d\u00e9ral de l&rsquo;AfD et chef du groupe parlementaire de l&rsquo;AfD, Alexander Gauland (AfD), et Alice Weidel, pr\u00e9sidente f\u00e9d\u00e9rale de l&rsquo;AfD, se tiennent \u00e0 la conf\u00e9rence du parti f\u00e9d\u00e9ral de l&rsquo;AfD apr\u00e8s que Weidel ait \u00e9t\u00e9 nomm\u00e9 candidat \u00e0 la chancellerie lors des prochaines \u00e9lections f\u00e9d\u00e9rales sur sc\u00e8ne. Photo : S\u00e9bastien Kahnert\/dpa<\/p>\n<\/div>\n<p><strong>\u2013 Les fans de Weidel louent le \u00ab grand humour \u00bb :<\/strong><br \/>\n Les membres de l\u2019AfD qui la connaissent bien et qui sont \u00e0 ses c\u00f4t\u00e9s d\u00e9crivent Weidel comme une figure populaire, une femme dot\u00e9e d\u2019un \u00ab grand sens de l\u2019humour \u00bb qui peut aussi se montrer idiote en dehors de la sc\u00e8ne publique, et non pas comme elle le fait en public. \u00ab Intelligent \u00bb, \u00ab s\u00e9rieux \u00bb, \u00ab concentr\u00e9 \u00bb, \u00ab intelligent \u00bb sont d&rsquo;autres attributions. Et des mots comme \u00ab assertif \u00bb et \u00ab strict \u00bb sont \u00e9galement utilis\u00e9s. Weidel peut para\u00eetre autoritaire lorsqu&rsquo;elle r\u00e9primande les personnes qui la distraient au cours d&rsquo;une conversation ou la d\u00e9rangent.<\/p>\n<p>Fusible court ? \u00ab Pas du tout \u00bb, dit-elle elle-m\u00eame. Il faut rester calme dans toutes les situations, mais il faut aussi \u00eatre clair en tant que leader. \u00ab\u00a0Le leadership signifie aussi ne pas n\u00e9cessairement se rendre populaire et parfois prendre des d\u00e9cisions plus difficiles et d\u00e9sagr\u00e9ables lorsque cela est n\u00e9cessaire.\u00a0\u00bb<\/p>\n<p><strong>\u2013 Surnom \u00ab Princesse des Glaces \u00bb :<\/strong> Les critiques qui ont eu et ont eu beaucoup \u00e0 voir avec elle, mais qui pr\u00e9f\u00e8rent rester anonymes, ne disent rien de positif \u00e0 propos de Weidel et la d\u00e9crivent comme \u00ab \u00e9gocentrique \u00bb et \u00ab arrogante \u00bb. Ce n\u2019est pas pour rien qu\u2019on la surnomme \u00ab Princesse des glaces \u00bb.<\/p>\n<p>La dirigeante de l\u2019AfD est \u00e9galement accus\u00e9e d\u2019incomp\u00e9tence et de recherche avant tout du pouvoir au sein du parti. \u00abIl s&rsquo;agit avant tout d&rsquo;\u00eatre en avance.\u00bb De l&rsquo;ext\u00e9rieur, on l&rsquo;a accus\u00e9e d&rsquo;\u00eatre \u00abune opportuniste de la pire esp\u00e8ce\u00bb. Le leader du Junge Union, Johannes Winkel, a \u00e9voqu\u00e9 le fait que Weidel avait autrefois fait campagne pour l&rsquo;exclusion de Bj\u00f6rn H\u00f6cke du parti et qu&rsquo;il agissait d\u00e9sormais comme si cela ne s&rsquo;\u00e9tait jamais produit. Elle appara\u00eet d\u00e9sormais bras dessus bras dessous sur la sc\u00e8ne de la campagne \u00e9lectorale avec le principal repr\u00e9sentant du mouvement d&rsquo;extr\u00eame droite de l&rsquo;AfD. (dpa)<\/p>\n<h3>Profil de Alice Weidel<\/h3>\n<ul>\n<li>n\u00e9 le 6 f\u00e9vrier 1979 \u00e0 G\u00fctersloh<\/li>\n<li>a grandi avec deux fr\u00e8res et s\u0153urs \u00e0 Harsewinkel entre M\u00fcnster et Bielefeld<\/li>\n<li>P\u00e8re commercial en mobilier de bureau<\/li>\n<li>Surnom \u00ab\u00a0Lille\u00a0\u00bb<\/li>\n<li>Dipl\u00f4me d&rsquo;\u00e9tudes secondaires, \u00e9tudes de commerce avec un dipl\u00f4me sup\u00e9rieur<\/li>\n<li>Travailler \u00e0 la banque d&rsquo;investissement Goldman Sachs<\/li>\n<li>S\u00e9jour de plusieurs ann\u00e9es en Chine (bourse de recherche et conseil aux entreprises)<\/li>\n<li>Th\u00e8se de doctorat sur le syst\u00e8me de retraite chinois<\/li>\n<li>Il a rejoint l&rsquo;AfD lors de sa cr\u00e9ation en 2013, en raison de sa frustration face \u00e0 la soi-disant politique de sauvetage de l&rsquo;euro d&rsquo;Angela Merkel (CDU).<\/li>\n<li>aime la randonn\u00e9e, aime le v\u00e9lo, aime \u00e9couter de la drum&rsquo;n&rsquo;bass et de la musique \u00e9lectro \u00e0 haute voix dans la voiture,<\/li>\n<li>aime cuisiner indien et tha\u00eflandais.<\/li>\n<\/ul>\n","protected":false},"excerpt":{"rendered":"<p>L&rsquo;Union, les Verts et le SPD ont d\u00e9j\u00e0 choisi leurs candidats \u00e0 la chancellerie en Allemagne \u2013 l&rsquo;AfD est le dernier parti \u00e0 suivre. Alice<\/p>\n","protected":false},"author":1,"featured_media":4292,"comment_status":"","ping_status":"","sticky":false,"template":"","format":"standard","meta":{"footnotes":""},"categories":[298],"tags":[4709,4710,2371,3439,4708,2006,99,4114],"class_list":["post-4291","post","type-post","status-publish","format-standard","has-post-thumbnail","hentry","category-belgique","tag-alice","tag-candidate","tag-chanceliere","tag-lafd","tag-motive","tag-questce","tag-qui","tag-weidel","generate-columns","tablet-grid-50","mobile-grid-100","grid-parent","grid-33"],"yoast_head":"<!-- This site is optimized with the Yoast SEO plugin v24.0 - https:\/\/yoast.com\/wordpress\/plugins\/seo\/ -->\n<title>Qu&#039;est-ce qui motive Alice Weidel, la candidate de l&#039;AfD \u00e0 la chanceli\u00e8re ? | Vie Associative<\/title>\n<meta name=\"robots\" content=\"index, follow, max-snippet:-1, max-image-preview:large, max-video-preview:-1\" \/>\n<link rel=\"canonical\" href=\"https:\/\/vieassociative.be\/actualites\/quest-ce-qui-motive-alice-weidel-la-candidate-de-lafd-a-la-chanceliere\/\" \/>\n<meta property=\"og:locale\" content=\"fr_FR\" \/>\n<meta property=\"og:type\" content=\"article\" \/>\n<meta property=\"og:title\" content=\"Qu&#039;est-ce qui motive Alice Weidel, la candidate de l&#039;AfD \u00e0 la chanceli\u00e8re ? | Vie Associative\" \/>\n<meta property=\"og:description\" content=\"L&rsquo;Union, les Verts et le SPD ont d\u00e9j\u00e0 choisi leurs candidats \u00e0 la chancellerie en Allemagne \u2013 l&rsquo;AfD est le dernier parti \u00e0 suivre. Alice\" \/>\n<meta property=\"og:url\" content=\"https:\/\/vieassociative.be\/actualites\/quest-ce-qui-motive-alice-weidel-la-candidate-de-lafd-a-la-chanceliere\/\" \/>\n<meta property=\"og:site_name\" content=\"Vie Associative\" \/>\n<meta property=\"article:published_time\" content=\"2025-01-13T08:19:24+00:00\" \/>\n<meta property=\"og:image\" content=\"https:\/\/vieassociative.be\/actualites\/wp-content\/uploads\/2024\/09\/header_backgroundk-01-e1726694325946.png\" \/>\n\t<meta property=\"og:image:width\" content=\"279\" \/>\n\t<meta property=\"og:image:height\" content=\"92\" \/>\n\t<meta property=\"og:image:type\" content=\"image\/png\" \/>\n<meta name=\"author\" content=\"Julien\" \/>\n<meta name=\"twitter:card\" content=\"summary_large_image\" \/>\n<meta name=\"twitter:label1\" content=\"\u00c9crit par\" \/>\n\t<meta name=\"twitter:data1\" content=\"Julien\" \/>\n\t<meta name=\"twitter:label2\" content=\"Dur\u00e9e de lecture est.\" \/>\n\t<meta name=\"twitter:data2\" content=\"6 minutes\" \/>\n<script type=\"application\/ld+json\" class=\"yoast-schema-graph\">{\"@context\":\"https:\/\/schema.org\",\"@graph\":[{\"@type\":\"Article\",\"@id\":\"https:\/\/vieassociative.be\/actualites\/quest-ce-qui-motive-alice-weidel-la-candidate-de-lafd-a-la-chanceliere\/#article\",\"isPartOf\":{\"@id\":\"https:\/\/vieassociative.be\/actualites\/quest-ce-qui-motive-alice-weidel-la-candidate-de-lafd-a-la-chanceliere\/\"},\"author\":{\"name\":\"Julien\",\"@id\":\"https:\/\/vieassociative.be\/actualites\/#\/schema\/person\/b87ac4f82f9d4e7b7cec7395b679edc4\"},\"headline\":\"Qu&rsquo;est-ce qui motive Alice Weidel, la candidate de l&rsquo;AfD \u00e0 la chanceli\u00e8re ?\",\"datePublished\":\"2025-01-13T08:19:24+00:00\",\"dateModified\":\"2025-01-13T08:19:24+00:00\",\"mainEntityOfPage\":{\"@id\":\"https:\/\/vieassociative.be\/actualites\/quest-ce-qui-motive-alice-weidel-la-candidate-de-lafd-a-la-chanceliere\/\"},\"wordCount\":1152,\"publisher\":{\"@id\":\"https:\/\/vieassociative.be\/actualites\/#organization\"},\"image\":{\"@id\":\"https:\/\/vieassociative.be\/actualites\/quest-ce-qui-motive-alice-weidel-la-candidate-de-lafd-a-la-chanceliere\/#primaryimage\"},\"thumbnailUrl\":\"https:\/\/vieassociative.be\/actualites\/wp-content\/uploads\/2025\/01\/1736756364_Quest-ce-qui-motive-Alice-Weidel-la-candidate-de-lAfD-a.jpg\",\"keywords\":[\"Alice\",\"candidate\",\"chanceli\u00e8re\",\"lAfD\",\"motive\",\"Questce\",\"qui\",\"Weidel\"],\"articleSection\":[\"Belgique\"],\"inLanguage\":\"fr-BE\"},{\"@type\":\"WebPage\",\"@id\":\"https:\/\/vieassociative.be\/actualites\/quest-ce-qui-motive-alice-weidel-la-candidate-de-lafd-a-la-chanceliere\/\",\"url\":\"https:\/\/vieassociative.be\/actualites\/quest-ce-qui-motive-alice-weidel-la-candidate-de-lafd-a-la-chanceliere\/\",\"name\":\"Qu'est-ce qui motive Alice Weidel, la candidate de l'AfD \u00e0 la chanceli\u00e8re ? | Vie Associative\",\"isPartOf\":{\"@id\":\"https:\/\/vieassociative.be\/actualites\/#website\"},\"primaryImageOfPage\":{\"@id\":\"https:\/\/vieassociative.be\/actualites\/quest-ce-qui-motive-alice-weidel-la-candidate-de-lafd-a-la-chanceliere\/#primaryimage\"},\"image\":{\"@id\":\"https:\/\/vieassociative.be\/actualites\/quest-ce-qui-motive-alice-weidel-la-candidate-de-lafd-a-la-chanceliere\/#primaryimage\"},\"thumbnailUrl\":\"https:\/\/vieassociative.be\/actualites\/wp-content\/uploads\/2025\/01\/1736756364_Quest-ce-qui-motive-Alice-Weidel-la-candidate-de-lAfD-a.jpg\",\"datePublished\":\"2025-01-13T08:19:24+00:00\",\"dateModified\":\"2025-01-13T08:19:24+00:00\",\"breadcrumb\":{\"@id\":\"https:\/\/vieassociative.be\/actualites\/quest-ce-qui-motive-alice-weidel-la-candidate-de-lafd-a-la-chanceliere\/#breadcrumb\"},\"inLanguage\":\"fr-BE\",\"potentialAction\":[{\"@type\":\"ReadAction\",\"target\":[\"https:\/\/vieassociative.be\/actualites\/quest-ce-qui-motive-alice-weidel-la-candidate-de-lafd-a-la-chanceliere\/\"]}]},{\"@type\":\"ImageObject\",\"inLanguage\":\"fr-BE\",\"@id\":\"https:\/\/vieassociative.be\/actualites\/quest-ce-qui-motive-alice-weidel-la-candidate-de-lafd-a-la-chanceliere\/#primaryimage\",\"url\":\"https:\/\/vieassociative.be\/actualites\/wp-content\/uploads\/2025\/01\/1736756364_Quest-ce-qui-motive-Alice-Weidel-la-candidate-de-lAfD-a.jpg\",\"contentUrl\":\"https:\/\/vieassociative.be\/actualites\/wp-content\/uploads\/2025\/01\/1736756364_Quest-ce-qui-motive-Alice-Weidel-la-candidate-de-lAfD-a.jpg\",\"width\":1200,\"height\":800,\"caption\":\"Qu'est-ce qui motive Alice Weidel, la candidate de l'AfD \u00e0 la chanceli\u00e8re ?\"},{\"@type\":\"BreadcrumbList\",\"@id\":\"https:\/\/vieassociative.be\/actualites\/quest-ce-qui-motive-alice-weidel-la-candidate-de-lafd-a-la-chanceliere\/#breadcrumb\",\"itemListElement\":[{\"@type\":\"ListItem\",\"position\":1,\"name\":\"Accueil\",\"item\":\"https:\/\/vieassociative.be\/actualites\/\"},{\"@type\":\"ListItem\",\"position\":2,\"name\":\"Qu&rsquo;est-ce qui motive Alice Weidel, la candidate de l&rsquo;AfD \u00e0 la chanceli\u00e8re ?\"}]},{\"@type\":\"WebSite\",\"@id\":\"https:\/\/vieassociative.be\/actualites\/#website\",\"url\":\"https:\/\/vieassociative.be\/actualites\/\",\"name\":\"Vie Associative\",\"description\":\"\",\"publisher\":{\"@id\":\"https:\/\/vieassociative.be\/actualites\/#organization\"},\"potentialAction\":[{\"@type\":\"SearchAction\",\"target\":{\"@type\":\"EntryPoint\",\"urlTemplate\":\"https:\/\/vieassociative.be\/actualites\/?s={search_term_string}\"},\"query-input\":{\"@type\":\"PropertyValueSpecification\",\"valueRequired\":true,\"valueName\":\"search_term_string\"}}],\"inLanguage\":\"fr-BE\"},{\"@type\":\"Organization\",\"@id\":\"https:\/\/vieassociative.be\/actualites\/#organization\",\"name\":\"Vie Associative\",\"url\":\"https:\/\/vieassociative.be\/actualites\/\",\"logo\":{\"@type\":\"ImageObject\",\"inLanguage\":\"fr-BE\",\"@id\":\"https:\/\/vieassociative.be\/actualites\/#\/schema\/logo\/image\/\",\"url\":\"https:\/\/vieassociative.be\/actualites\/wp-content\/uploads\/2024\/09\/cropped-vieassociative_favicon.ico.png\",\"contentUrl\":\"https:\/\/vieassociative.be\/actualites\/wp-content\/uploads\/2024\/09\/cropped-vieassociative_favicon.ico.png\",\"width\":512,\"height\":512,\"caption\":\"Vie Associative\"},\"image\":{\"@id\":\"https:\/\/vieassociative.be\/actualites\/#\/schema\/logo\/image\/\"}},{\"@type\":\"Person\",\"@id\":\"https:\/\/vieassociative.be\/actualites\/#\/schema\/person\/b87ac4f82f9d4e7b7cec7395b679edc4\",\"name\":\"Julien\",\"image\":{\"@type\":\"ImageObject\",\"inLanguage\":\"fr-BE\",\"@id\":\"https:\/\/vieassociative.be\/actualites\/#\/schema\/person\/image\/\",\"url\":\"https:\/\/vieassociative.be\/actualites\/wp-content\/uploads\/2024\/09\/vie-associative-1-150x150.jpg\",\"contentUrl\":\"https:\/\/vieassociative.be\/actualites\/wp-content\/uploads\/2024\/09\/vie-associative-1-150x150.jpg\",\"caption\":\"Julien\"},\"description\":\"Je suis Julien, r\u00e9dacteur pour Vie Associative. Passionn\u00e9 par le monde associatif depuis plus de 10 ans, j'ai \u00e0 c\u0153ur de partager des histoires inspirantes et de mettre en lumi\u00e8re les initiatives locales. Mon objectif est de sensibiliser et d'encourager l'engagement communautaire \u00e0 travers mes articles.\",\"sameAs\":[\"https:\/\/vieassociative.be\/\"]}]}<\/script>\n<!-- \/ Yoast SEO plugin. -->","yoast_head_json":{"title":"Qu'est-ce qui motive Alice Weidel, la candidate de l'AfD \u00e0 la chanceli\u00e8re ? | Vie Associative","robots":{"index":"index","follow":"follow","max-snippet":"max-snippet:-1","max-image-preview":"max-image-preview:large","max-video-preview":"max-video-preview:-1"},"canonical":"https:\/\/vieassociative.be\/actualites\/quest-ce-qui-motive-alice-weidel-la-candidate-de-lafd-a-la-chanceliere\/","og_locale":"fr_FR","og_type":"article","og_title":"Qu'est-ce qui motive Alice Weidel, la candidate de l'AfD \u00e0 la chanceli\u00e8re ? | Vie Associative","og_description":"L&rsquo;Union, les Verts et le SPD ont d\u00e9j\u00e0 choisi leurs candidats \u00e0 la chancellerie en Allemagne \u2013 l&rsquo;AfD est le dernier parti \u00e0 suivre. Alice","og_url":"https:\/\/vieassociative.be\/actualites\/quest-ce-qui-motive-alice-weidel-la-candidate-de-lafd-a-la-chanceliere\/","og_site_name":"Vie Associative","article_published_time":"2025-01-13T08:19:24+00:00","og_image":[{"width":279,"height":92,"url":"https:\/\/vieassociative.be\/actualites\/wp-content\/uploads\/2024\/09\/header_backgroundk-01-e1726694325946.png","type":"image\/png"}],"author":"Julien","twitter_card":"summary_large_image","twitter_misc":{"\u00c9crit par":"Julien","Dur\u00e9e de lecture est.":"6 minutes"},"schema":{"@context":"https:\/\/schema.org","@graph":[{"@type":"Article","@id":"https:\/\/vieassociative.be\/actualites\/quest-ce-qui-motive-alice-weidel-la-candidate-de-lafd-a-la-chanceliere\/#article","isPartOf":{"@id":"https:\/\/vieassociative.be\/actualites\/quest-ce-qui-motive-alice-weidel-la-candidate-de-lafd-a-la-chanceliere\/"},"author":{"name":"Julien","@id":"https:\/\/vieassociative.be\/actualites\/#\/schema\/person\/b87ac4f82f9d4e7b7cec7395b679edc4"},"headline":"Qu&rsquo;est-ce qui motive Alice Weidel, la candidate de l&rsquo;AfD \u00e0 la chanceli\u00e8re ?","datePublished":"2025-01-13T08:19:24+00:00","dateModified":"2025-01-13T08:19:24+00:00","mainEntityOfPage":{"@id":"https:\/\/vieassociative.be\/actualites\/quest-ce-qui-motive-alice-weidel-la-candidate-de-lafd-a-la-chanceliere\/"},"wordCount":1152,"publisher":{"@id":"https:\/\/vieassociative.be\/actualites\/#organization"},"image":{"@id":"https:\/\/vieassociative.be\/actualites\/quest-ce-qui-motive-alice-weidel-la-candidate-de-lafd-a-la-chanceliere\/#primaryimage"},"thumbnailUrl":"https:\/\/vieassociative.be\/actualites\/wp-content\/uploads\/2025\/01\/1736756364_Quest-ce-qui-motive-Alice-Weidel-la-candidate-de-lAfD-a.jpg","keywords":["Alice","candidate","chanceli\u00e8re","lAfD","motive","Questce","qui","Weidel"],"articleSection":["Belgique"],"inLanguage":"fr-BE"},{"@type":"WebPage","@id":"https:\/\/vieassociative.be\/actualites\/quest-ce-qui-motive-alice-weidel-la-candidate-de-lafd-a-la-chanceliere\/","url":"https:\/\/vieassociative.be\/actualites\/quest-ce-qui-motive-alice-weidel-la-candidate-de-lafd-a-la-chanceliere\/","name":"Qu'est-ce qui motive Alice Weidel, la candidate de l'AfD \u00e0 la chanceli\u00e8re ? | Vie Associative","isPartOf":{"@id":"https:\/\/vieassociative.be\/actualites\/#website"},"primaryImageOfPage":{"@id":"https:\/\/vieassociative.be\/actualites\/quest-ce-qui-motive-alice-weidel-la-candidate-de-lafd-a-la-chanceliere\/#primaryimage"},"image":{"@id":"https:\/\/vieassociative.be\/actualites\/quest-ce-qui-motive-alice-weidel-la-candidate-de-lafd-a-la-chanceliere\/#primaryimage"},"thumbnailUrl":"https:\/\/vieassociative.be\/actualites\/wp-content\/uploads\/2025\/01\/1736756364_Quest-ce-qui-motive-Alice-Weidel-la-candidate-de-lAfD-a.jpg","datePublished":"2025-01-13T08:19:24+00:00","dateModified":"2025-01-13T08:19:24+00:00","breadcrumb":{"@id":"https:\/\/vieassociative.be\/actualites\/quest-ce-qui-motive-alice-weidel-la-candidate-de-lafd-a-la-chanceliere\/#breadcrumb"},"inLanguage":"fr-BE","potentialAction":[{"@type":"ReadAction","target":["https:\/\/vieassociative.be\/actualites\/quest-ce-qui-motive-alice-weidel-la-candidate-de-lafd-a-la-chanceliere\/"]}]},{"@type":"ImageObject","inLanguage":"fr-BE","@id":"https:\/\/vieassociative.be\/actualites\/quest-ce-qui-motive-alice-weidel-la-candidate-de-lafd-a-la-chanceliere\/#primaryimage","url":"https:\/\/vieassociative.be\/actualites\/wp-content\/uploads\/2025\/01\/1736756364_Quest-ce-qui-motive-Alice-Weidel-la-candidate-de-lAfD-a.jpg","contentUrl":"https:\/\/vieassociative.be\/actualites\/wp-content\/uploads\/2025\/01\/1736756364_Quest-ce-qui-motive-Alice-Weidel-la-candidate-de-lAfD-a.jpg","width":1200,"height":800,"caption":"Qu'est-ce qui motive Alice Weidel, la candidate de l'AfD \u00e0 la chanceli\u00e8re ?"},{"@type":"BreadcrumbList","@id":"https:\/\/vieassociative.be\/actualites\/quest-ce-qui-motive-alice-weidel-la-candidate-de-lafd-a-la-chanceliere\/#breadcrumb","itemListElement":[{"@type":"ListItem","position":1,"name":"Accueil","item":"https:\/\/vieassociative.be\/actualites\/"},{"@type":"ListItem","position":2,"name":"Qu&rsquo;est-ce qui motive Alice Weidel, la candidate de l&rsquo;AfD \u00e0 la chanceli\u00e8re ?"}]},{"@type":"WebSite","@id":"https:\/\/vieassociative.be\/actualites\/#website","url":"https:\/\/vieassociative.be\/actualites\/","name":"Vie Associative","description":"","publisher":{"@id":"https:\/\/vieassociative.be\/actualites\/#organization"},"potentialAction":[{"@type":"SearchAction","target":{"@type":"EntryPoint","urlTemplate":"https:\/\/vieassociative.be\/actualites\/?s={search_term_string}"},"query-input":{"@type":"PropertyValueSpecification","valueRequired":true,"valueName":"search_term_string"}}],"inLanguage":"fr-BE"},{"@type":"Organization","@id":"https:\/\/vieassociative.be\/actualites\/#organization","name":"Vie Associative","url":"https:\/\/vieassociative.be\/actualites\/","logo":{"@type":"ImageObject","inLanguage":"fr-BE","@id":"https:\/\/vieassociative.be\/actualites\/#\/schema\/logo\/image\/","url":"https:\/\/vieassociative.be\/actualites\/wp-content\/uploads\/2024\/09\/cropped-vieassociative_favicon.ico.png","contentUrl":"https:\/\/vieassociative.be\/actualites\/wp-content\/uploads\/2024\/09\/cropped-vieassociative_favicon.ico.png","width":512,"height":512,"caption":"Vie Associative"},"image":{"@id":"https:\/\/vieassociative.be\/actualites\/#\/schema\/logo\/image\/"}},{"@type":"Person","@id":"https:\/\/vieassociative.be\/actualites\/#\/schema\/person\/b87ac4f82f9d4e7b7cec7395b679edc4","name":"Julien","image":{"@type":"ImageObject","inLanguage":"fr-BE","@id":"https:\/\/vieassociative.be\/actualites\/#\/schema\/person\/image\/","url":"https:\/\/vieassociative.be\/actualites\/wp-content\/uploads\/2024\/09\/vie-associative-1-150x150.jpg","contentUrl":"https:\/\/vieassociative.be\/actualites\/wp-content\/uploads\/2024\/09\/vie-associative-1-150x150.jpg","caption":"Julien"},"description":"Je suis Julien, r\u00e9dacteur pour Vie Associative. Passionn\u00e9 par le monde associatif depuis plus de 10 ans, j'ai \u00e0 c\u0153ur de partager des histoires inspirantes et de mettre en lumi\u00e8re les initiatives locales. Mon objectif est de sensibiliser et d'encourager l'engagement communautaire \u00e0 travers mes articles.","sameAs":["https:\/\/vieassociative.be\/"]}]}},"_links":{"self":[{"href":"https:\/\/vieassociative.be\/actualites\/wp-json\/wp\/v2\/posts\/4291"}],"collection":[{"href":"https:\/\/vieassociative.be\/actualites\/wp-json\/wp\/v2\/posts"}],"about":[{"href":"https:\/\/vieassociative.be\/actualites\/wp-json\/wp\/v2\/types\/post"}],"author":[{"embeddable":true,"href":"https:\/\/vieassociative.be\/actualites\/wp-json\/wp\/v2\/users\/1"}],"replies":[{"embeddable":true,"href":"https:\/\/vieassociative.be\/actualites\/wp-json\/wp\/v2\/comments?post=4291"}],"version-history":[{"count":0,"href":"https:\/\/vieassociative.be\/actualites\/wp-json\/wp\/v2\/posts\/4291\/revisions"}],"wp:featuredmedia":[{"embeddable":true,"href":"https:\/\/vieassociative.be\/actualites\/wp-json\/wp\/v2\/media\/4292"}],"wp:attachment":[{"href":"https:\/\/vieassociative.be\/actualites\/wp-json\/wp\/v2\/media?parent=4291"}],"wp:term":[{"taxonomy":"category","embeddable":true,"href":"https:\/\/vieassociative.be\/actualites\/wp-json\/wp\/v2\/categories?post=4291"},{"taxonomy":"post_tag","embeddable":true,"href":"https:\/\/vieassociative.be\/actualites\/wp-json\/wp\/v2\/tags?post=4291"}],"curies":[{"name":"wp","href":"https:\/\/api.w.org\/{rel}","templated":true}]}}