{"id":4287,"date":"2025-01-13T03:17:19","date_gmt":"2025-01-13T02:17:19","guid":{"rendered":"https:\/\/vieassociative.be\/actualites\/lettre-a-la-redaction-le-jour-de-la-greve-dans-les-ecoles-quand-le-travail-pour-gouverner-menace\/"},"modified":"2025-01-13T03:17:19","modified_gmt":"2025-01-13T02:17:19","slug":"lettre-a-la-redaction-le-jour-de-la-greve-dans-les-ecoles-quand-le-travail-pour-gouverner-menace","status":"publish","type":"post","link":"https:\/\/vieassociative.be\/actualites\/lettre-a-la-redaction-le-jour-de-la-greve-dans-les-ecoles-quand-le-travail-pour-gouverner-menace\/","title":{"rendered":"LETTRE \u00c0 LA R\u00c9DACTION \u2013 Le jour de la gr\u00e8ve dans les \u00e9coles : Quand le \u00ab travail pour gouverner \u00bb menace !"},"content":{"rendered":"<p><strong>L\u2019\u00e9cole est bien plus qu\u2019un simple \u00e9tablissement d\u2019enseignement \u2013 \u200b\u200bet c\u2019est pr\u00e9cis\u00e9ment ce qui risque de se perdre. Pendant des ann\u00e9es, les enseignants ont connu une grave p\u00e9nurie de coll\u00e8gues et des t\u00e2ches croissantes sans aucune am\u00e9lioration en termes de salaire ou d&rsquo;appr\u00e9ciation.<\/strong><\/p>\n<p><span id=\"more-406040\"><\/span>\u00c0 la DG, les enseignants dispensent \u00e9galement jusqu&rsquo;\u00e0 deux heures d&rsquo;enseignement non r\u00e9mun\u00e9r\u00e9es par semaine \u2013 au cours d&rsquo;une carri\u00e8re, cela peut repr\u00e9senter plus de trois ann\u00e9es de travail non r\u00e9mun\u00e9r\u00e9. Dans le m\u00eame temps, les revenus diminuent et les droits \u00e0 pension doivent \u00e9galement \u00eatre r\u00e9duits. Quel effet de signal cela a-t-il pour une profession qui a d\u00e9j\u00e0 du mal \u00e0 recruter des jeunes ? Cela r\u00e9soudra-t-il la p\u00e9nurie d\u2019enseignants ? Plut\u00f4t pas.<\/p>\n<p>L&rsquo;\u00e9cole, c&rsquo;est bien plus que de simples cours : sorties scolaires, visites au th\u00e9\u00e2tre ou au mus\u00e9e, sorties scolaires, journ\u00e9es sportives, projets extrascolaires ou mesures de soutien pendant les r\u00e9cr\u00e9ations ou apr\u00e8s l&rsquo;\u00e9cole et bien plus encore. Surtout, il offre un environnement s\u00fbr aux enfants qui n\u2019en ont pas \u00e0 la maison. Toutes choses que l\u2019on ne peut pas obliger le personnel enseignant \u00e0 faire, mais qui font la valeur du m\u00e9tier et de l\u2019\u00e9cole. La cons\u00e9quence compr\u00e9hensible de ces mesures serait un \u00ab travail pour gouverner \u00bb du personnel enseignant \u2013 avec des cons\u00e9quences fatales.<\/p>\n<p>O\u00f9 sont nos priorit\u00e9s ? Les enseignants et leur travail sont essentiels \u00e0 la r\u00e9ussite de l\u2019apprentissage \u2013 cela ressort \u00e9galement de l\u2019\u00e9tude Hattie. Nous avons besoin de r\u00e9formes qui rendent la profession plus attractive et garantissent que les personnes les mieux form\u00e9es souhaitent devenir enseignants \u00e0 l\u2019avenir.<\/p>\n<p>Parce que : \u00ab Il n\u2019y a qu\u2019une chose qui co\u00fbte plus cher \u00e0 long terme que l\u2019\u00e9ducation : pas d\u2019\u00e9ducation \u2013 John F. Kennedy. \u00bb<\/p>\n<p><strong>13\/01\/2025 Colin Kraft, Eupen, professeur et p\u00e8re de famille<\/strong><\/p>\n","protected":false},"excerpt":{"rendered":"<p>L\u2019\u00e9cole est bien plus qu\u2019un simple \u00e9tablissement d\u2019enseignement \u2013 \u200b\u200bet c\u2019est pr\u00e9cis\u00e9ment ce qui risque de se perdre. Pendant des ann\u00e9es, les enseignants ont connu<\/p>\n","protected":false},"author":1,"featured_media":2567,"comment_status":"","ping_status":"","sticky":false,"template":"","format":"standard","meta":{"footnotes":""},"categories":[298],"tags":[166,2209,4707,3095,53,14,2628,3396,81,123,3296,504],"class_list":["post-4287","post","type-post","status-publish","format-standard","has-post-thumbnail","hentry","category-belgique","tag-dans","tag-ecoles","tag-gouverner","tag-greve","tag-jour","tag-les","tag-lettre","tag-menace","tag-pour","tag-quand","tag-redaction","tag-travail","generate-columns","tablet-grid-50","mobile-grid-100","grid-parent","grid-33"],"yoast_head":"<!-- This site is optimized with the Yoast SEO plugin v24.0 - https:\/\/yoast.com\/wordpress\/plugins\/seo\/ -->\n<title>LETTRE \u00c0 LA R\u00c9DACTION \u2013 Le jour de la gr\u00e8ve dans les \u00e9coles : Quand le \u00ab travail pour gouverner \u00bb menace ! | Vie Associative<\/title>\n<meta name=\"robots\" content=\"index, follow, max-snippet:-1, max-image-preview:large, max-video-preview:-1\" \/>\n<link rel=\"canonical\" href=\"https:\/\/vieassociative.be\/actualites\/lettre-a-la-redaction-le-jour-de-la-greve-dans-les-ecoles-quand-le-travail-pour-gouverner-menace\/\" \/>\n<meta property=\"og:locale\" content=\"fr_FR\" \/>\n<meta property=\"og:type\" content=\"article\" \/>\n<meta property=\"og:title\" content=\"LETTRE \u00c0 LA R\u00c9DACTION \u2013 Le jour de la gr\u00e8ve dans les \u00e9coles : Quand le \u00ab travail pour gouverner \u00bb menace ! | Vie Associative\" \/>\n<meta property=\"og:description\" content=\"L\u2019\u00e9cole est bien plus qu\u2019un simple \u00e9tablissement d\u2019enseignement \u2013 \u200b\u200bet c\u2019est pr\u00e9cis\u00e9ment ce qui risque de se perdre. Pendant des ann\u00e9es, les enseignants ont connu\" \/>\n<meta property=\"og:url\" content=\"https:\/\/vieassociative.be\/actualites\/lettre-a-la-redaction-le-jour-de-la-greve-dans-les-ecoles-quand-le-travail-pour-gouverner-menace\/\" \/>\n<meta property=\"og:site_name\" content=\"Vie Associative\" \/>\n<meta property=\"article:published_time\" content=\"2025-01-13T02:17:19+00:00\" \/>\n<meta property=\"og:image\" content=\"https:\/\/vieassociative.be\/actualites\/wp-content\/uploads\/2024\/09\/header_backgroundk-01-e1726694325946.png\" \/>\n\t<meta property=\"og:image:width\" content=\"279\" \/>\n\t<meta property=\"og:image:height\" content=\"92\" \/>\n\t<meta property=\"og:image:type\" content=\"image\/png\" \/>\n<meta name=\"author\" content=\"Julien\" \/>\n<meta name=\"twitter:card\" content=\"summary_large_image\" \/>\n<meta name=\"twitter:label1\" content=\"\u00c9crit par\" \/>\n\t<meta name=\"twitter:data1\" content=\"Julien\" \/>\n\t<meta name=\"twitter:label2\" content=\"Dur\u00e9e de lecture est.\" \/>\n\t<meta name=\"twitter:data2\" content=\"2 minutes\" \/>\n<script type=\"application\/ld+json\" class=\"yoast-schema-graph\">{\"@context\":\"https:\/\/schema.org\",\"@graph\":[{\"@type\":\"Article\",\"@id\":\"https:\/\/vieassociative.be\/actualites\/lettre-a-la-redaction-le-jour-de-la-greve-dans-les-ecoles-quand-le-travail-pour-gouverner-menace\/#article\",\"isPartOf\":{\"@id\":\"https:\/\/vieassociative.be\/actualites\/lettre-a-la-redaction-le-jour-de-la-greve-dans-les-ecoles-quand-le-travail-pour-gouverner-menace\/\"},\"author\":{\"name\":\"Julien\",\"@id\":\"https:\/\/vieassociative.be\/actualites\/#\/schema\/person\/b87ac4f82f9d4e7b7cec7395b679edc4\"},\"headline\":\"LETTRE \u00c0 LA R\u00c9DACTION \u2013 Le jour de la gr\u00e8ve dans les \u00e9coles : Quand le \u00ab travail pour gouverner \u00bb menace !\",\"datePublished\":\"2025-01-13T02:17:19+00:00\",\"dateModified\":\"2025-01-13T02:17:19+00:00\",\"mainEntityOfPage\":{\"@id\":\"https:\/\/vieassociative.be\/actualites\/lettre-a-la-redaction-le-jour-de-la-greve-dans-les-ecoles-quand-le-travail-pour-gouverner-menace\/\"},\"wordCount\":351,\"publisher\":{\"@id\":\"https:\/\/vieassociative.be\/actualites\/#organization\"},\"image\":{\"@id\":\"https:\/\/vieassociative.be\/actualites\/lettre-a-la-redaction-le-jour-de-la-greve-dans-les-ecoles-quand-le-travail-pour-gouverner-menace\/#primaryimage\"},\"thumbnailUrl\":\"https:\/\/vieassociative.be\/actualites\/wp-content\/uploads\/2024\/11\/LETTRE-A-LA-REDACTION-\u2013-Audi-Bruxelles-dernier-avertissement-du.jpeg\",\"keywords\":[\"dans\",\"\u00e9coles\",\"gouverner\",\"gr\u00e8ve\",\"jour\",\"Les\",\"lettre\",\"menac\u00e9\",\"pour\",\"Quand\",\"R\u00c9DACTION\",\"travail\"],\"articleSection\":[\"Belgique\"],\"inLanguage\":\"fr-BE\"},{\"@type\":\"WebPage\",\"@id\":\"https:\/\/vieassociative.be\/actualites\/lettre-a-la-redaction-le-jour-de-la-greve-dans-les-ecoles-quand-le-travail-pour-gouverner-menace\/\",\"url\":\"https:\/\/vieassociative.be\/actualites\/lettre-a-la-redaction-le-jour-de-la-greve-dans-les-ecoles-quand-le-travail-pour-gouverner-menace\/\",\"name\":\"LETTRE \u00c0 LA R\u00c9DACTION \u2013 Le jour de la gr\u00e8ve dans les \u00e9coles : Quand le \u00ab travail pour gouverner \u00bb menace ! | Vie Associative\",\"isPartOf\":{\"@id\":\"https:\/\/vieassociative.be\/actualites\/#website\"},\"primaryImageOfPage\":{\"@id\":\"https:\/\/vieassociative.be\/actualites\/lettre-a-la-redaction-le-jour-de-la-greve-dans-les-ecoles-quand-le-travail-pour-gouverner-menace\/#primaryimage\"},\"image\":{\"@id\":\"https:\/\/vieassociative.be\/actualites\/lettre-a-la-redaction-le-jour-de-la-greve-dans-les-ecoles-quand-le-travail-pour-gouverner-menace\/#primaryimage\"},\"thumbnailUrl\":\"https:\/\/vieassociative.be\/actualites\/wp-content\/uploads\/2024\/11\/LETTRE-A-LA-REDACTION-\u2013-Audi-Bruxelles-dernier-avertissement-du.jpeg\",\"datePublished\":\"2025-01-13T02:17:19+00:00\",\"dateModified\":\"2025-01-13T02:17:19+00:00\",\"breadcrumb\":{\"@id\":\"https:\/\/vieassociative.be\/actualites\/lettre-a-la-redaction-le-jour-de-la-greve-dans-les-ecoles-quand-le-travail-pour-gouverner-menace\/#breadcrumb\"},\"inLanguage\":\"fr-BE\",\"potentialAction\":[{\"@type\":\"ReadAction\",\"target\":[\"https:\/\/vieassociative.be\/actualites\/lettre-a-la-redaction-le-jour-de-la-greve-dans-les-ecoles-quand-le-travail-pour-gouverner-menace\/\"]}]},{\"@type\":\"ImageObject\",\"inLanguage\":\"fr-BE\",\"@id\":\"https:\/\/vieassociative.be\/actualites\/lettre-a-la-redaction-le-jour-de-la-greve-dans-les-ecoles-quand-le-travail-pour-gouverner-menace\/#primaryimage\",\"url\":\"https:\/\/vieassociative.be\/actualites\/wp-content\/uploads\/2024\/11\/LETTRE-A-LA-REDACTION-\u2013-Audi-Bruxelles-dernier-avertissement-du.jpeg\",\"contentUrl\":\"https:\/\/vieassociative.be\/actualites\/wp-content\/uploads\/2024\/11\/LETTRE-A-LA-REDACTION-\u2013-Audi-Bruxelles-dernier-avertissement-du.jpeg\",\"width\":1024,\"height\":747,\"caption\":\"LETTRE \u00c0 LA R\u00c9DACTION \u2013 Audi Bruxelles, dernier avertissement du gouffre\"},{\"@type\":\"BreadcrumbList\",\"@id\":\"https:\/\/vieassociative.be\/actualites\/lettre-a-la-redaction-le-jour-de-la-greve-dans-les-ecoles-quand-le-travail-pour-gouverner-menace\/#breadcrumb\",\"itemListElement\":[{\"@type\":\"ListItem\",\"position\":1,\"name\":\"Accueil\",\"item\":\"https:\/\/vieassociative.be\/actualites\/\"},{\"@type\":\"ListItem\",\"position\":2,\"name\":\"LETTRE \u00c0 LA R\u00c9DACTION \u2013 Le jour de la gr\u00e8ve dans les \u00e9coles : Quand le \u00ab travail pour gouverner \u00bb menace !\"}]},{\"@type\":\"WebSite\",\"@id\":\"https:\/\/vieassociative.be\/actualites\/#website\",\"url\":\"https:\/\/vieassociative.be\/actualites\/\",\"name\":\"Vie Associative\",\"description\":\"\",\"publisher\":{\"@id\":\"https:\/\/vieassociative.be\/actualites\/#organization\"},\"potentialAction\":[{\"@type\":\"SearchAction\",\"target\":{\"@type\":\"EntryPoint\",\"urlTemplate\":\"https:\/\/vieassociative.be\/actualites\/?s={search_term_string}\"},\"query-input\":{\"@type\":\"PropertyValueSpecification\",\"valueRequired\":true,\"valueName\":\"search_term_string\"}}],\"inLanguage\":\"fr-BE\"},{\"@type\":\"Organization\",\"@id\":\"https:\/\/vieassociative.be\/actualites\/#organization\",\"name\":\"Vie Associative\",\"url\":\"https:\/\/vieassociative.be\/actualites\/\",\"logo\":{\"@type\":\"ImageObject\",\"inLanguage\":\"fr-BE\",\"@id\":\"https:\/\/vieassociative.be\/actualites\/#\/schema\/logo\/image\/\",\"url\":\"https:\/\/vieassociative.be\/actualites\/wp-content\/uploads\/2024\/09\/cropped-vieassociative_favicon.ico.png\",\"contentUrl\":\"https:\/\/vieassociative.be\/actualites\/wp-content\/uploads\/2024\/09\/cropped-vieassociative_favicon.ico.png\",\"width\":512,\"height\":512,\"caption\":\"Vie Associative\"},\"image\":{\"@id\":\"https:\/\/vieassociative.be\/actualites\/#\/schema\/logo\/image\/\"}},{\"@type\":\"Person\",\"@id\":\"https:\/\/vieassociative.be\/actualites\/#\/schema\/person\/b87ac4f82f9d4e7b7cec7395b679edc4\",\"name\":\"Julien\",\"image\":{\"@type\":\"ImageObject\",\"inLanguage\":\"fr-BE\",\"@id\":\"https:\/\/vieassociative.be\/actualites\/#\/schema\/person\/image\/\",\"url\":\"https:\/\/vieassociative.be\/actualites\/wp-content\/uploads\/2024\/09\/vie-associative-1-150x150.jpg\",\"contentUrl\":\"https:\/\/vieassociative.be\/actualites\/wp-content\/uploads\/2024\/09\/vie-associative-1-150x150.jpg\",\"caption\":\"Julien\"},\"description\":\"Je suis Julien, r\u00e9dacteur pour Vie Associative. Passionn\u00e9 par le monde associatif depuis plus de 10 ans, j'ai \u00e0 c\u0153ur de partager des histoires inspirantes et de mettre en lumi\u00e8re les initiatives locales. Mon objectif est de sensibiliser et d'encourager l'engagement communautaire \u00e0 travers mes articles.\",\"sameAs\":[\"https:\/\/vieassociative.be\/\"]}]}<\/script>\n<!-- \/ Yoast SEO plugin. -->","yoast_head_json":{"title":"LETTRE \u00c0 LA R\u00c9DACTION \u2013 Le jour de la gr\u00e8ve dans les \u00e9coles : Quand le \u00ab travail pour gouverner \u00bb menace ! | Vie Associative","robots":{"index":"index","follow":"follow","max-snippet":"max-snippet:-1","max-image-preview":"max-image-preview:large","max-video-preview":"max-video-preview:-1"},"canonical":"https:\/\/vieassociative.be\/actualites\/lettre-a-la-redaction-le-jour-de-la-greve-dans-les-ecoles-quand-le-travail-pour-gouverner-menace\/","og_locale":"fr_FR","og_type":"article","og_title":"LETTRE \u00c0 LA R\u00c9DACTION \u2013 Le jour de la gr\u00e8ve dans les \u00e9coles : Quand le \u00ab travail pour gouverner \u00bb menace ! | Vie Associative","og_description":"L\u2019\u00e9cole est bien plus qu\u2019un simple \u00e9tablissement d\u2019enseignement \u2013 \u200b\u200bet c\u2019est pr\u00e9cis\u00e9ment ce qui risque de se perdre. Pendant des ann\u00e9es, les enseignants ont connu","og_url":"https:\/\/vieassociative.be\/actualites\/lettre-a-la-redaction-le-jour-de-la-greve-dans-les-ecoles-quand-le-travail-pour-gouverner-menace\/","og_site_name":"Vie Associative","article_published_time":"2025-01-13T02:17:19+00:00","og_image":[{"width":279,"height":92,"url":"https:\/\/vieassociative.be\/actualites\/wp-content\/uploads\/2024\/09\/header_backgroundk-01-e1726694325946.png","type":"image\/png"}],"author":"Julien","twitter_card":"summary_large_image","twitter_misc":{"\u00c9crit par":"Julien","Dur\u00e9e de lecture est.":"2 minutes"},"schema":{"@context":"https:\/\/schema.org","@graph":[{"@type":"Article","@id":"https:\/\/vieassociative.be\/actualites\/lettre-a-la-redaction-le-jour-de-la-greve-dans-les-ecoles-quand-le-travail-pour-gouverner-menace\/#article","isPartOf":{"@id":"https:\/\/vieassociative.be\/actualites\/lettre-a-la-redaction-le-jour-de-la-greve-dans-les-ecoles-quand-le-travail-pour-gouverner-menace\/"},"author":{"name":"Julien","@id":"https:\/\/vieassociative.be\/actualites\/#\/schema\/person\/b87ac4f82f9d4e7b7cec7395b679edc4"},"headline":"LETTRE \u00c0 LA R\u00c9DACTION \u2013 Le jour de la gr\u00e8ve dans les \u00e9coles : Quand le \u00ab travail pour gouverner \u00bb menace !","datePublished":"2025-01-13T02:17:19+00:00","dateModified":"2025-01-13T02:17:19+00:00","mainEntityOfPage":{"@id":"https:\/\/vieassociative.be\/actualites\/lettre-a-la-redaction-le-jour-de-la-greve-dans-les-ecoles-quand-le-travail-pour-gouverner-menace\/"},"wordCount":351,"publisher":{"@id":"https:\/\/vieassociative.be\/actualites\/#organization"},"image":{"@id":"https:\/\/vieassociative.be\/actualites\/lettre-a-la-redaction-le-jour-de-la-greve-dans-les-ecoles-quand-le-travail-pour-gouverner-menace\/#primaryimage"},"thumbnailUrl":"https:\/\/vieassociative.be\/actualites\/wp-content\/uploads\/2024\/11\/LETTRE-A-LA-REDACTION-\u2013-Audi-Bruxelles-dernier-avertissement-du.jpeg","keywords":["dans","\u00e9coles","gouverner","gr\u00e8ve","jour","Les","lettre","menac\u00e9","pour","Quand","R\u00c9DACTION","travail"],"articleSection":["Belgique"],"inLanguage":"fr-BE"},{"@type":"WebPage","@id":"https:\/\/vieassociative.be\/actualites\/lettre-a-la-redaction-le-jour-de-la-greve-dans-les-ecoles-quand-le-travail-pour-gouverner-menace\/","url":"https:\/\/vieassociative.be\/actualites\/lettre-a-la-redaction-le-jour-de-la-greve-dans-les-ecoles-quand-le-travail-pour-gouverner-menace\/","name":"LETTRE \u00c0 LA R\u00c9DACTION \u2013 Le jour de la gr\u00e8ve dans les \u00e9coles : Quand le \u00ab travail pour gouverner \u00bb menace ! | Vie Associative","isPartOf":{"@id":"https:\/\/vieassociative.be\/actualites\/#website"},"primaryImageOfPage":{"@id":"https:\/\/vieassociative.be\/actualites\/lettre-a-la-redaction-le-jour-de-la-greve-dans-les-ecoles-quand-le-travail-pour-gouverner-menace\/#primaryimage"},"image":{"@id":"https:\/\/vieassociative.be\/actualites\/lettre-a-la-redaction-le-jour-de-la-greve-dans-les-ecoles-quand-le-travail-pour-gouverner-menace\/#primaryimage"},"thumbnailUrl":"https:\/\/vieassociative.be\/actualites\/wp-content\/uploads\/2024\/11\/LETTRE-A-LA-REDACTION-\u2013-Audi-Bruxelles-dernier-avertissement-du.jpeg","datePublished":"2025-01-13T02:17:19+00:00","dateModified":"2025-01-13T02:17:19+00:00","breadcrumb":{"@id":"https:\/\/vieassociative.be\/actualites\/lettre-a-la-redaction-le-jour-de-la-greve-dans-les-ecoles-quand-le-travail-pour-gouverner-menace\/#breadcrumb"},"inLanguage":"fr-BE","potentialAction":[{"@type":"ReadAction","target":["https:\/\/vieassociative.be\/actualites\/lettre-a-la-redaction-le-jour-de-la-greve-dans-les-ecoles-quand-le-travail-pour-gouverner-menace\/"]}]},{"@type":"ImageObject","inLanguage":"fr-BE","@id":"https:\/\/vieassociative.be\/actualites\/lettre-a-la-redaction-le-jour-de-la-greve-dans-les-ecoles-quand-le-travail-pour-gouverner-menace\/#primaryimage","url":"https:\/\/vieassociative.be\/actualites\/wp-content\/uploads\/2024\/11\/LETTRE-A-LA-REDACTION-\u2013-Audi-Bruxelles-dernier-avertissement-du.jpeg","contentUrl":"https:\/\/vieassociative.be\/actualites\/wp-content\/uploads\/2024\/11\/LETTRE-A-LA-REDACTION-\u2013-Audi-Bruxelles-dernier-avertissement-du.jpeg","width":1024,"height":747,"caption":"LETTRE \u00c0 LA R\u00c9DACTION \u2013 Audi Bruxelles, dernier avertissement du gouffre"},{"@type":"BreadcrumbList","@id":"https:\/\/vieassociative.be\/actualites\/lettre-a-la-redaction-le-jour-de-la-greve-dans-les-ecoles-quand-le-travail-pour-gouverner-menace\/#breadcrumb","itemListElement":[{"@type":"ListItem","position":1,"name":"Accueil","item":"https:\/\/vieassociative.be\/actualites\/"},{"@type":"ListItem","position":2,"name":"LETTRE \u00c0 LA R\u00c9DACTION \u2013 Le jour de la gr\u00e8ve dans les \u00e9coles : Quand le \u00ab travail pour gouverner \u00bb menace !"}]},{"@type":"WebSite","@id":"https:\/\/vieassociative.be\/actualites\/#website","url":"https:\/\/vieassociative.be\/actualites\/","name":"Vie Associative","description":"","publisher":{"@id":"https:\/\/vieassociative.be\/actualites\/#organization"},"potentialAction":[{"@type":"SearchAction","target":{"@type":"EntryPoint","urlTemplate":"https:\/\/vieassociative.be\/actualites\/?s={search_term_string}"},"query-input":{"@type":"PropertyValueSpecification","valueRequired":true,"valueName":"search_term_string"}}],"inLanguage":"fr-BE"},{"@type":"Organization","@id":"https:\/\/vieassociative.be\/actualites\/#organization","name":"Vie Associative","url":"https:\/\/vieassociative.be\/actualites\/","logo":{"@type":"ImageObject","inLanguage":"fr-BE","@id":"https:\/\/vieassociative.be\/actualites\/#\/schema\/logo\/image\/","url":"https:\/\/vieassociative.be\/actualites\/wp-content\/uploads\/2024\/09\/cropped-vieassociative_favicon.ico.png","contentUrl":"https:\/\/vieassociative.be\/actualites\/wp-content\/uploads\/2024\/09\/cropped-vieassociative_favicon.ico.png","width":512,"height":512,"caption":"Vie Associative"},"image":{"@id":"https:\/\/vieassociative.be\/actualites\/#\/schema\/logo\/image\/"}},{"@type":"Person","@id":"https:\/\/vieassociative.be\/actualites\/#\/schema\/person\/b87ac4f82f9d4e7b7cec7395b679edc4","name":"Julien","image":{"@type":"ImageObject","inLanguage":"fr-BE","@id":"https:\/\/vieassociative.be\/actualites\/#\/schema\/person\/image\/","url":"https:\/\/vieassociative.be\/actualites\/wp-content\/uploads\/2024\/09\/vie-associative-1-150x150.jpg","contentUrl":"https:\/\/vieassociative.be\/actualites\/wp-content\/uploads\/2024\/09\/vie-associative-1-150x150.jpg","caption":"Julien"},"description":"Je suis Julien, r\u00e9dacteur pour Vie Associative. Passionn\u00e9 par le monde associatif depuis plus de 10 ans, j'ai \u00e0 c\u0153ur de partager des histoires inspirantes et de mettre en lumi\u00e8re les initiatives locales. Mon objectif est de sensibiliser et d'encourager l'engagement communautaire \u00e0 travers mes articles.","sameAs":["https:\/\/vieassociative.be\/"]}]}},"_links":{"self":[{"href":"https:\/\/vieassociative.be\/actualites\/wp-json\/wp\/v2\/posts\/4287"}],"collection":[{"href":"https:\/\/vieassociative.be\/actualites\/wp-json\/wp\/v2\/posts"}],"about":[{"href":"https:\/\/vieassociative.be\/actualites\/wp-json\/wp\/v2\/types\/post"}],"author":[{"embeddable":true,"href":"https:\/\/vieassociative.be\/actualites\/wp-json\/wp\/v2\/users\/1"}],"replies":[{"embeddable":true,"href":"https:\/\/vieassociative.be\/actualites\/wp-json\/wp\/v2\/comments?post=4287"}],"version-history":[{"count":0,"href":"https:\/\/vieassociative.be\/actualites\/wp-json\/wp\/v2\/posts\/4287\/revisions"}],"wp:featuredmedia":[{"embeddable":true,"href":"https:\/\/vieassociative.be\/actualites\/wp-json\/wp\/v2\/media\/2567"}],"wp:attachment":[{"href":"https:\/\/vieassociative.be\/actualites\/wp-json\/wp\/v2\/media?parent=4287"}],"wp:term":[{"taxonomy":"category","embeddable":true,"href":"https:\/\/vieassociative.be\/actualites\/wp-json\/wp\/v2\/categories?post=4287"},{"taxonomy":"post_tag","embeddable":true,"href":"https:\/\/vieassociative.be\/actualites\/wp-json\/wp\/v2\/tags?post=4287"}],"curies":[{"name":"wp","href":"https:\/\/api.w.org\/{rel}","templated":true}]}}