{"id":4277,"date":"2025-01-12T15:18:26","date_gmt":"2025-01-12T14:18:26","guid":{"rendered":"https:\/\/vieassociative.be\/actualites\/lenergie-solaire-via-des-systemes-photovoltaiques-flottants-sur-la-mer-est-elle-lavenir-questions-et-reponses\/"},"modified":"2025-01-12T15:18:26","modified_gmt":"2025-01-12T14:18:26","slug":"lenergie-solaire-via-des-systemes-photovoltaiques-flottants-sur-la-mer-est-elle-lavenir-questions-et-reponses","status":"publish","type":"post","link":"https:\/\/vieassociative.be\/actualites\/lenergie-solaire-via-des-systemes-photovoltaiques-flottants-sur-la-mer-est-elle-lavenir-questions-et-reponses\/","title":{"rendered":"L\u2019\u00e9nergie solaire via des syst\u00e8mes photovolta\u00efques flottants sur la mer est-elle l\u2019avenir ? (Questions et r\u00e9ponses)"},"content":{"rendered":"<p><strong>Les vents forts de la mer du Nord sont depuis longtemps utilis\u00e9s pour produire de l\u2019\u00e9lectricit\u00e9. Mais la mer est-elle \u00e9galement propice \u00e0 l\u2019utilisation de syst\u00e8mes solaires ? Les experts y voient des avantages \u2013 mais se posent encore de nombreuses questions.<\/strong><\/p>\n<p><span id=\"more-405998\"><\/span>Non seulement de petites centrales solaires sont install\u00e9es \u00e0 de nombreux endroits sur les toits et les balcons, mais de grandes installations photovolta\u00efques sont \u00e9galement install\u00e9es dans des espaces ouverts pour la transition \u00e9nerg\u00e9tique. Mais les syst\u00e8mes en espace ouvert n\u00e9cessitent beaucoup d\u2019espace. Jusqu\u2019\u00e0 pr\u00e9sent, cela a \u00e9t\u00e9 principalement assur\u00e9 par des plans d\u2019eau artificiels, sur lesquels des syst\u00e8mes solaires flottants ont d\u00e9j\u00e0 \u00e9t\u00e9 install\u00e9s \u00e0 certains endroits. Les syst\u00e8mes photovolta\u00efques flottants, \u00e9galement appel\u00e9s photovolta\u00efques flottants, pourraient-ils \u00e9galement \u00eatre utilis\u00e9s \u00e0 l\u2019avenir en mer du Nord ?<\/p>\n<p><strong>\u2013 Quels sont les avantages des syst\u00e8mes photovolta\u00efques flottants en mer ?<\/strong><\/p>\n<div id=\"attachment_406012\" class=\"wp-caption alignleft\" style=\"max-width: 300px\"><img fetchpriority=\"high\" decoding=\"async\" class=\"wp-image-406012 size-medium\" src=\"https:\/\/vieassociative.be\/actualites\/wp-content\/uploads\/2025\/01\/Lenergie-solaire-via-des-systemes-photovoltaiques-flottants-sur-la-mer.jpg\" alt=\"\" width=\"300\" height=\"218\"><\/p>\n<p class=\"wp-caption-text\">L\u2019\u00e9nergie \u00e9olienne et l\u2019\u00e9nergie solaire en mer pourraient \u00eatre combin\u00e9es afin que les connexions existantes au r\u00e9seau \u00e9lectrique des parcs \u00e9oliens puissent \u00eatre utilis\u00e9es plus efficacement. Photo : Shutterstock<\/p>\n<\/div>\n<p>D\u2019une part, il y a le vaste potentiel qu\u2019offrent les plans d\u2019eau, par exemple entre les parcs \u00e9oliens offshore, et qui est jusqu\u2019\u00e0 pr\u00e9sent rest\u00e9 inexploit\u00e9 \u00e0 des fins \u00e9nerg\u00e9tiques. En outre, l&rsquo;\u00e9nergie \u00e9olienne et l&rsquo;\u00e9nergie solaire pourraient \u00eatre combin\u00e9es sur la mer, de sorte que les connexions \u00e9lectriques existantes des parcs \u00e9oliens pourraient \u00eatre utilis\u00e9es plus efficacement, explique Bengt J\u00e4ckel, chercheur sur les modules photovolta\u00efques au Centre Fraunhofer pour le photovolta\u00efque au silicium \u00e0 Halle.<\/p>\n<p>\u00ab Au milieu de la journ\u00e9e, il y a g\u00e9n\u00e9ralement moins de vent, mais le soleil brille davantage. Le vent se l\u00e8ve le soir et le matin. \u00abGr\u00e2ce \u00e0 cette combinaison, l&rsquo;utilisation du r\u00e9seau des lignes \u00e9lectriques vers la terre est nettement plus \u00e9lev\u00e9e\u00bb, explique le scientifique. Avec une utilisation plus \u00e9lev\u00e9e, les co\u00fbts de production d\u2019\u00e9lectricit\u00e9 pourraient \u00eatre r\u00e9duits. Selon J\u00e4ckel, diff\u00e9rentes options de stockage seraient \u00e9galement n\u00e9cessaires pour obtenir la meilleure combinaison possible de sources d&rsquo;\u00e9nergie.<\/p>\n<p><strong>\u2013 La technologie est-elle d\u00e9j\u00e0 test\u00e9e en mer du Nord ?<\/strong><\/p>\n<p>Oui, par exemple dans la mer du Nord n\u00e9erlandaise. L\u00e0-bas, la soci\u00e9t\u00e9 \u00e9nerg\u00e9tique RWE participe \u00e0 un projet pilote avec la soci\u00e9t\u00e9 SolarDuck. Dans le cadre du projet \u00ab Merganser \u00bb, une installation d&rsquo;essai flotte sur une sous-structure dans la mer \u00e0 douze kilom\u00e8tres au large de Scheveningen. Le syst\u00e8me est maintenu en position par des lignes d&rsquo;ancrage. Il faudra maintenant deux ans pour \u00e9tudier comment l&rsquo;ancrage de la plate-forme r\u00e9siste aux conditions difficiles et quels en sont les effets \u00e9cologiques.<\/p>\n<p><strong>\u2013 De quoi d\u00e9pend l\u2019utilisation des syst\u00e8mes photovolta\u00efques flottants ?<\/strong><\/p>\n<div id=\"attachment_319993\" class=\"wp-caption alignleft\" style=\"max-width: 300px\"><img decoding=\"async\" class=\"wp-image-319993 size-medium\" src=\"https:\/\/vieassociative.be\/actualites\/wp-content\/uploads\/2025\/01\/Lenergie-solaire-via-des-systemes-photovoltaiques-flottants-sur-la-mer.jpeg\" alt=\"\" width=\"300\" height=\"200\"><\/p>\n<p class=\"wp-caption-text\">18 mai 2022, Danemark, Ejsberg : Alexander de Croo (lr), Premier ministre belge, OLAF Scholz, chancelier allemand, Mette Frederiksen, Premier ministre danois, Ursula von der Leyen, pr\u00e9sidente de la Commission europ\u00e9enne, et Mark Rutte, Premier ministre des Pays-Bas, debout au sommet de la mer du Nord dans le port d&rsquo;Ejsberg. La mer du Nord devrait devenir la puissance verte de l&rsquo;Europe. Photo : Piscine Philip Reynaers\/BELGA\/dpa<\/p>\n<\/div>\n<p>Les experts \u00e9voquent toute une s\u00e9rie de questions techniques ouvertes qui font actuellement l&rsquo;objet de recherches &#8211; par exemple, de quels mat\u00e9riaux doivent \u00eatre constitu\u00e9s les syst\u00e8mes photovolta\u00efques et les structures de support. \u00abIl y aura des corps flottants en plastique ou en m\u00e9tal\u00bb, explique le chercheur J\u00e4ckel. Les deux comportent \u00e9galement des risques : les corps flottants m\u00e9talliques pourraient se corroder et le plastique comporte le risque que des microplastiques finissent dans la mer.<\/p>\n<p>La mani\u00e8re dont les syst\u00e8mes photovolta\u00efques flottants peuvent r\u00e9sister en permanence aux vagues et au vent en mer doit \u00e9galement faire l\u2019objet de recherches plus approfondies. \u00ab Contrairement \u00e0 une \u00e9olienne en mer, avec des panneaux photovolta\u00efques flottants, le vent et les vagues mettent tout le syst\u00e8me en mouvement 24 heures sur 24. C&rsquo;est quelque chose de nouveau \u00bb, d\u00e9clare J\u00e4ckel. De plus, la maintenance et la localisation des erreurs en mer sont \u00e9galement beaucoup plus complexes. La surveillance pourrait \u00eatre effectu\u00e9e \u00e0 l\u2019aide de capteurs ou de drones. \u00abCe sont tous des sujets qui sont actuellement discut\u00e9s\u00bb, d\u00e9clare J\u00e4ckel.<\/p>\n<p><strong>\u2013 Quel impact la technologie a-t-elle sur le milieu marin ?<\/strong><\/p>\n<p>Selon les experts, des recherches sont encore n\u00e9cessaires sur cette question. Il y a actuellement un manque d&rsquo;\u00e9tudes concr\u00e8tes sur les effets des syst\u00e8mes photovolta\u00efques sur les organismes marins et il existe un besoin consid\u00e9rable de recherche, en particulier dans le secteur marin. Avant tout, la taille des installations photovolta\u00efques est probablement un crit\u00e8re d&rsquo;influence cl\u00e9.<\/p>\n<p>L\u2019un des aspects est l\u2019ombrage, c\u2019est-\u00e0-dire la quantit\u00e9 de lumi\u00e8re qui atteint encore la colonne d\u2019eau \u00e0 travers le syst\u00e8me. Une question similaire se pose \u00e9galement dans le photovolta\u00efque agricole, explique J\u00e4ckel, c&rsquo;est-\u00e0-dire dans les syst\u00e8mes photovolta\u00efques sur les terres agricoles.<\/p>\n<div id=\"attachment_406006\" class=\"wp-caption alignleft\" style=\"max-width: 300px\"><img decoding=\"async\" class=\"wp-image-406006 size-medium\" src=\"https:\/\/vieassociative.be\/actualites\/wp-content\/uploads\/2025\/01\/1736691506_292_Lenergie-solaire-via-des-systemes-photovoltaiques-flottants-sur-la-mer.jpg\" alt=\"\" width=\"300\" height=\"185\"  ><\/p>\n<p class=\"wp-caption-text\">5 septembre 2024, Brandebourg, Cottbus : un grand syst\u00e8me photovolta\u00efque flottant de LEAG Lausitz Energie mining AG est actuellement en construction sur la mer Baltique de Cottbus, une ancienne mine \u00e0 ciel ouvert de lignite inond\u00e9e photo : Patrick Pleul\/dpa.<\/p>\n<\/div>\n<p>D&rsquo;autres impacts environnementaux possibles mentionn\u00e9s incluent la r\u00e9duction des \u00e9changes entre l&rsquo;eau et l&rsquo;atmosph\u00e8re, les r\u00e9flexions, les \u00e9missions de polluants dues aux processus de corrosion et aux processus d&rsquo;attraction pour les poissons et les mammif\u00e8res marins.<\/p>\n<p><strong>\u2013 Quelle est la position politique concernant les syst\u00e8mes photovolta\u00efques flottants en mer\u00a0?<\/strong><\/p>\n<p>Les politiciens sp\u00e9cialis\u00e9s ont d\u00e9j\u00e0 la technologie \u00e0 l\u2019ordre du jour \u2013 mais ils voient aussi des questions ouvertes. Les syst\u00e8mes photovolta\u00efques flottants pourraient constituer un compl\u00e9ment utile aux parcs \u00e9oliens offshore pour augmenter la production d\u2019\u00e9nergie. Il ne faut toutefois pas assister \u00e0 une prolif\u00e9ration d\u2019installations industrielles en mer du Nord.<\/p>\n<p>Les experts voient des opportunit\u00e9s pour les syst\u00e8mes photovolta\u00efques flottants principalement sur terre \u2013 par exemple sur des bassins de stockage. Il convient d\u2019examiner plus en d\u00e9tail si cela est possible et judicieux dans le domaine des parcs \u00e9oliens en mer avec toutes les utilisations concurrentes. On s\u2019attend \u00e9galement \u00e0 ce que les co\u00fbts du photovolta\u00efque en mer soient plus \u00e9lev\u00e9s que ceux des syst\u00e8mes comparables sur terre en raison de la fixation au fond marin, de l\u2019absence de connexion au r\u00e9seau et des r\u00e9parations plus fr\u00e9quentes dues aux vagues et aux temp\u00eates. (dpa)<\/p>\n","protected":false},"excerpt":{"rendered":"<p>Les vents forts de la mer du Nord sont depuis longtemps utilis\u00e9s pour produire de l\u2019\u00e9lectricit\u00e9. Mais la mer est-elle \u00e9galement propice \u00e0 l\u2019utilisation de<\/p>\n","protected":false},"author":1,"featured_media":4278,"comment_status":"","ping_status":"","sticky":false,"template":"","format":"standard","meta":{"footnotes":""},"categories":[298],"tags":[29,1413,4703,2274,4701,4704,4702,481,1882,1918,33,2440],"class_list":["post-4277","post","type-post","status-publish","format-standard","has-post-thumbnail","hentry","category-belgique","tag-des","tag-estelle","tag-flottants","tag-lavenir","tag-lenergie","tag-mer","tag-photovoltaiques","tag-questions","tag-reponses","tag-solaire","tag-sur","tag-systemes","generate-columns","tablet-grid-50","mobile-grid-100","grid-parent","grid-33"],"yoast_head":"<!-- This site is optimized with the Yoast SEO plugin v24.0 - https:\/\/yoast.com\/wordpress\/plugins\/seo\/ -->\n<title>L\u2019\u00e9nergie solaire via des syst\u00e8mes photovolta\u00efques flottants sur la mer est-elle l\u2019avenir ? (Questions et r\u00e9ponses) | Vie Associative<\/title>\n<meta name=\"robots\" content=\"index, follow, max-snippet:-1, max-image-preview:large, max-video-preview:-1\" \/>\n<link rel=\"canonical\" href=\"https:\/\/vieassociative.be\/actualites\/lenergie-solaire-via-des-systemes-photovoltaiques-flottants-sur-la-mer-est-elle-lavenir-questions-et-reponses\/\" \/>\n<meta property=\"og:locale\" content=\"fr_FR\" \/>\n<meta property=\"og:type\" content=\"article\" \/>\n<meta property=\"og:title\" content=\"L\u2019\u00e9nergie solaire via des syst\u00e8mes photovolta\u00efques flottants sur la mer est-elle l\u2019avenir ? (Questions et r\u00e9ponses) | Vie Associative\" \/>\n<meta property=\"og:description\" content=\"Les vents forts de la mer du Nord sont depuis longtemps utilis\u00e9s pour produire de l\u2019\u00e9lectricit\u00e9. Mais la mer est-elle \u00e9galement propice \u00e0 l\u2019utilisation de\" \/>\n<meta property=\"og:url\" content=\"https:\/\/vieassociative.be\/actualites\/lenergie-solaire-via-des-systemes-photovoltaiques-flottants-sur-la-mer-est-elle-lavenir-questions-et-reponses\/\" \/>\n<meta property=\"og:site_name\" content=\"Vie Associative\" \/>\n<meta property=\"article:published_time\" content=\"2025-01-12T14:18:26+00:00\" \/>\n<meta property=\"og:image\" content=\"https:\/\/vieassociative.be\/actualites\/wp-content\/uploads\/2024\/09\/header_backgroundk-01-e1726694325946.png\" \/>\n\t<meta property=\"og:image:width\" content=\"279\" \/>\n\t<meta property=\"og:image:height\" content=\"92\" \/>\n\t<meta property=\"og:image:type\" content=\"image\/png\" \/>\n<meta name=\"author\" content=\"Julien\" \/>\n<meta name=\"twitter:card\" content=\"summary_large_image\" \/>\n<meta name=\"twitter:label1\" content=\"\u00c9crit par\" \/>\n\t<meta name=\"twitter:data1\" content=\"Julien\" \/>\n\t<meta name=\"twitter:label2\" content=\"Dur\u00e9e de lecture est.\" \/>\n\t<meta name=\"twitter:data2\" content=\"6 minutes\" \/>\n<script type=\"application\/ld+json\" class=\"yoast-schema-graph\">{\"@context\":\"https:\/\/schema.org\",\"@graph\":[{\"@type\":\"Article\",\"@id\":\"https:\/\/vieassociative.be\/actualites\/lenergie-solaire-via-des-systemes-photovoltaiques-flottants-sur-la-mer-est-elle-lavenir-questions-et-reponses\/#article\",\"isPartOf\":{\"@id\":\"https:\/\/vieassociative.be\/actualites\/lenergie-solaire-via-des-systemes-photovoltaiques-flottants-sur-la-mer-est-elle-lavenir-questions-et-reponses\/\"},\"author\":{\"name\":\"Julien\",\"@id\":\"https:\/\/vieassociative.be\/actualites\/#\/schema\/person\/b87ac4f82f9d4e7b7cec7395b679edc4\"},\"headline\":\"L\u2019\u00e9nergie solaire via des syst\u00e8mes photovolta\u00efques flottants sur la mer est-elle l\u2019avenir ? (Questions et r\u00e9ponses)\",\"datePublished\":\"2025-01-12T14:18:26+00:00\",\"dateModified\":\"2025-01-12T14:18:26+00:00\",\"mainEntityOfPage\":{\"@id\":\"https:\/\/vieassociative.be\/actualites\/lenergie-solaire-via-des-systemes-photovoltaiques-flottants-sur-la-mer-est-elle-lavenir-questions-et-reponses\/\"},\"wordCount\":1149,\"publisher\":{\"@id\":\"https:\/\/vieassociative.be\/actualites\/#organization\"},\"image\":{\"@id\":\"https:\/\/vieassociative.be\/actualites\/lenergie-solaire-via-des-systemes-photovoltaiques-flottants-sur-la-mer-est-elle-lavenir-questions-et-reponses\/#primaryimage\"},\"thumbnailUrl\":\"https:\/\/vieassociative.be\/actualites\/wp-content\/uploads\/2025\/01\/1736691506_Lenergie-solaire-via-des-systemes-photovoltaiques-flottants-sur-la-mer.jpg\",\"keywords\":[\"Des\",\"estelle\",\"flottants\",\"lavenir\",\"L\u00e9nergie\",\"mer\",\"photovolta\u00efques\",\"questions\",\"r\u00e9ponses\",\"solaire\",\"sur\",\"syst\u00e8mes\"],\"articleSection\":[\"Belgique\"],\"inLanguage\":\"fr-BE\"},{\"@type\":\"WebPage\",\"@id\":\"https:\/\/vieassociative.be\/actualites\/lenergie-solaire-via-des-systemes-photovoltaiques-flottants-sur-la-mer-est-elle-lavenir-questions-et-reponses\/\",\"url\":\"https:\/\/vieassociative.be\/actualites\/lenergie-solaire-via-des-systemes-photovoltaiques-flottants-sur-la-mer-est-elle-lavenir-questions-et-reponses\/\",\"name\":\"L\u2019\u00e9nergie solaire via des syst\u00e8mes photovolta\u00efques flottants sur la mer est-elle l\u2019avenir ? (Questions et r\u00e9ponses) | Vie Associative\",\"isPartOf\":{\"@id\":\"https:\/\/vieassociative.be\/actualites\/#website\"},\"primaryImageOfPage\":{\"@id\":\"https:\/\/vieassociative.be\/actualites\/lenergie-solaire-via-des-systemes-photovoltaiques-flottants-sur-la-mer-est-elle-lavenir-questions-et-reponses\/#primaryimage\"},\"image\":{\"@id\":\"https:\/\/vieassociative.be\/actualites\/lenergie-solaire-via-des-systemes-photovoltaiques-flottants-sur-la-mer-est-elle-lavenir-questions-et-reponses\/#primaryimage\"},\"thumbnailUrl\":\"https:\/\/vieassociative.be\/actualites\/wp-content\/uploads\/2025\/01\/1736691506_Lenergie-solaire-via-des-systemes-photovoltaiques-flottants-sur-la-mer.jpg\",\"datePublished\":\"2025-01-12T14:18:26+00:00\",\"dateModified\":\"2025-01-12T14:18:26+00:00\",\"breadcrumb\":{\"@id\":\"https:\/\/vieassociative.be\/actualites\/lenergie-solaire-via-des-systemes-photovoltaiques-flottants-sur-la-mer-est-elle-lavenir-questions-et-reponses\/#breadcrumb\"},\"inLanguage\":\"fr-BE\",\"potentialAction\":[{\"@type\":\"ReadAction\",\"target\":[\"https:\/\/vieassociative.be\/actualites\/lenergie-solaire-via-des-systemes-photovoltaiques-flottants-sur-la-mer-est-elle-lavenir-questions-et-reponses\/\"]}]},{\"@type\":\"ImageObject\",\"inLanguage\":\"fr-BE\",\"@id\":\"https:\/\/vieassociative.be\/actualites\/lenergie-solaire-via-des-systemes-photovoltaiques-flottants-sur-la-mer-est-elle-lavenir-questions-et-reponses\/#primaryimage\",\"url\":\"https:\/\/vieassociative.be\/actualites\/wp-content\/uploads\/2025\/01\/1736691506_Lenergie-solaire-via-des-systemes-photovoltaiques-flottants-sur-la-mer.jpg\",\"contentUrl\":\"https:\/\/vieassociative.be\/actualites\/wp-content\/uploads\/2025\/01\/1736691506_Lenergie-solaire-via-des-systemes-photovoltaiques-flottants-sur-la-mer.jpg\",\"width\":900,\"height\":310,\"caption\":\"L\u2019\u00e9nergie solaire via des syst\u00e8mes photovolta\u00efques flottants sur la mer est-elle l\u2019avenir ? (Questions et r\u00e9ponses)\"},{\"@type\":\"BreadcrumbList\",\"@id\":\"https:\/\/vieassociative.be\/actualites\/lenergie-solaire-via-des-systemes-photovoltaiques-flottants-sur-la-mer-est-elle-lavenir-questions-et-reponses\/#breadcrumb\",\"itemListElement\":[{\"@type\":\"ListItem\",\"position\":1,\"name\":\"Accueil\",\"item\":\"https:\/\/vieassociative.be\/actualites\/\"},{\"@type\":\"ListItem\",\"position\":2,\"name\":\"L\u2019\u00e9nergie solaire via des syst\u00e8mes photovolta\u00efques flottants sur la mer est-elle l\u2019avenir ? (Questions et r\u00e9ponses)\"}]},{\"@type\":\"WebSite\",\"@id\":\"https:\/\/vieassociative.be\/actualites\/#website\",\"url\":\"https:\/\/vieassociative.be\/actualites\/\",\"name\":\"Vie Associative\",\"description\":\"\",\"publisher\":{\"@id\":\"https:\/\/vieassociative.be\/actualites\/#organization\"},\"potentialAction\":[{\"@type\":\"SearchAction\",\"target\":{\"@type\":\"EntryPoint\",\"urlTemplate\":\"https:\/\/vieassociative.be\/actualites\/?s={search_term_string}\"},\"query-input\":{\"@type\":\"PropertyValueSpecification\",\"valueRequired\":true,\"valueName\":\"search_term_string\"}}],\"inLanguage\":\"fr-BE\"},{\"@type\":\"Organization\",\"@id\":\"https:\/\/vieassociative.be\/actualites\/#organization\",\"name\":\"Vie Associative\",\"url\":\"https:\/\/vieassociative.be\/actualites\/\",\"logo\":{\"@type\":\"ImageObject\",\"inLanguage\":\"fr-BE\",\"@id\":\"https:\/\/vieassociative.be\/actualites\/#\/schema\/logo\/image\/\",\"url\":\"https:\/\/vieassociative.be\/actualites\/wp-content\/uploads\/2024\/09\/cropped-vieassociative_favicon.ico.png\",\"contentUrl\":\"https:\/\/vieassociative.be\/actualites\/wp-content\/uploads\/2024\/09\/cropped-vieassociative_favicon.ico.png\",\"width\":512,\"height\":512,\"caption\":\"Vie Associative\"},\"image\":{\"@id\":\"https:\/\/vieassociative.be\/actualites\/#\/schema\/logo\/image\/\"}},{\"@type\":\"Person\",\"@id\":\"https:\/\/vieassociative.be\/actualites\/#\/schema\/person\/b87ac4f82f9d4e7b7cec7395b679edc4\",\"name\":\"Julien\",\"image\":{\"@type\":\"ImageObject\",\"inLanguage\":\"fr-BE\",\"@id\":\"https:\/\/vieassociative.be\/actualites\/#\/schema\/person\/image\/\",\"url\":\"https:\/\/vieassociative.be\/actualites\/wp-content\/uploads\/2024\/09\/vie-associative-1-150x150.jpg\",\"contentUrl\":\"https:\/\/vieassociative.be\/actualites\/wp-content\/uploads\/2024\/09\/vie-associative-1-150x150.jpg\",\"caption\":\"Julien\"},\"description\":\"Je suis Julien, r\u00e9dacteur pour Vie Associative. Passionn\u00e9 par le monde associatif depuis plus de 10 ans, j'ai \u00e0 c\u0153ur de partager des histoires inspirantes et de mettre en lumi\u00e8re les initiatives locales. Mon objectif est de sensibiliser et d'encourager l'engagement communautaire \u00e0 travers mes articles.\",\"sameAs\":[\"https:\/\/vieassociative.be\/\"]}]}<\/script>\n<!-- \/ Yoast SEO plugin. -->","yoast_head_json":{"title":"L\u2019\u00e9nergie solaire via des syst\u00e8mes photovolta\u00efques flottants sur la mer est-elle l\u2019avenir ? (Questions et r\u00e9ponses) | Vie Associative","robots":{"index":"index","follow":"follow","max-snippet":"max-snippet:-1","max-image-preview":"max-image-preview:large","max-video-preview":"max-video-preview:-1"},"canonical":"https:\/\/vieassociative.be\/actualites\/lenergie-solaire-via-des-systemes-photovoltaiques-flottants-sur-la-mer-est-elle-lavenir-questions-et-reponses\/","og_locale":"fr_FR","og_type":"article","og_title":"L\u2019\u00e9nergie solaire via des syst\u00e8mes photovolta\u00efques flottants sur la mer est-elle l\u2019avenir ? (Questions et r\u00e9ponses) | Vie Associative","og_description":"Les vents forts de la mer du Nord sont depuis longtemps utilis\u00e9s pour produire de l\u2019\u00e9lectricit\u00e9. Mais la mer est-elle \u00e9galement propice \u00e0 l\u2019utilisation de","og_url":"https:\/\/vieassociative.be\/actualites\/lenergie-solaire-via-des-systemes-photovoltaiques-flottants-sur-la-mer-est-elle-lavenir-questions-et-reponses\/","og_site_name":"Vie Associative","article_published_time":"2025-01-12T14:18:26+00:00","og_image":[{"width":279,"height":92,"url":"https:\/\/vieassociative.be\/actualites\/wp-content\/uploads\/2024\/09\/header_backgroundk-01-e1726694325946.png","type":"image\/png"}],"author":"Julien","twitter_card":"summary_large_image","twitter_misc":{"\u00c9crit par":"Julien","Dur\u00e9e de lecture est.":"6 minutes"},"schema":{"@context":"https:\/\/schema.org","@graph":[{"@type":"Article","@id":"https:\/\/vieassociative.be\/actualites\/lenergie-solaire-via-des-systemes-photovoltaiques-flottants-sur-la-mer-est-elle-lavenir-questions-et-reponses\/#article","isPartOf":{"@id":"https:\/\/vieassociative.be\/actualites\/lenergie-solaire-via-des-systemes-photovoltaiques-flottants-sur-la-mer-est-elle-lavenir-questions-et-reponses\/"},"author":{"name":"Julien","@id":"https:\/\/vieassociative.be\/actualites\/#\/schema\/person\/b87ac4f82f9d4e7b7cec7395b679edc4"},"headline":"L\u2019\u00e9nergie solaire via des syst\u00e8mes photovolta\u00efques flottants sur la mer est-elle l\u2019avenir ? (Questions et r\u00e9ponses)","datePublished":"2025-01-12T14:18:26+00:00","dateModified":"2025-01-12T14:18:26+00:00","mainEntityOfPage":{"@id":"https:\/\/vieassociative.be\/actualites\/lenergie-solaire-via-des-systemes-photovoltaiques-flottants-sur-la-mer-est-elle-lavenir-questions-et-reponses\/"},"wordCount":1149,"publisher":{"@id":"https:\/\/vieassociative.be\/actualites\/#organization"},"image":{"@id":"https:\/\/vieassociative.be\/actualites\/lenergie-solaire-via-des-systemes-photovoltaiques-flottants-sur-la-mer-est-elle-lavenir-questions-et-reponses\/#primaryimage"},"thumbnailUrl":"https:\/\/vieassociative.be\/actualites\/wp-content\/uploads\/2025\/01\/1736691506_Lenergie-solaire-via-des-systemes-photovoltaiques-flottants-sur-la-mer.jpg","keywords":["Des","estelle","flottants","lavenir","L\u00e9nergie","mer","photovolta\u00efques","questions","r\u00e9ponses","solaire","sur","syst\u00e8mes"],"articleSection":["Belgique"],"inLanguage":"fr-BE"},{"@type":"WebPage","@id":"https:\/\/vieassociative.be\/actualites\/lenergie-solaire-via-des-systemes-photovoltaiques-flottants-sur-la-mer-est-elle-lavenir-questions-et-reponses\/","url":"https:\/\/vieassociative.be\/actualites\/lenergie-solaire-via-des-systemes-photovoltaiques-flottants-sur-la-mer-est-elle-lavenir-questions-et-reponses\/","name":"L\u2019\u00e9nergie solaire via des syst\u00e8mes photovolta\u00efques flottants sur la mer est-elle l\u2019avenir ? (Questions et r\u00e9ponses) | Vie Associative","isPartOf":{"@id":"https:\/\/vieassociative.be\/actualites\/#website"},"primaryImageOfPage":{"@id":"https:\/\/vieassociative.be\/actualites\/lenergie-solaire-via-des-systemes-photovoltaiques-flottants-sur-la-mer-est-elle-lavenir-questions-et-reponses\/#primaryimage"},"image":{"@id":"https:\/\/vieassociative.be\/actualites\/lenergie-solaire-via-des-systemes-photovoltaiques-flottants-sur-la-mer-est-elle-lavenir-questions-et-reponses\/#primaryimage"},"thumbnailUrl":"https:\/\/vieassociative.be\/actualites\/wp-content\/uploads\/2025\/01\/1736691506_Lenergie-solaire-via-des-systemes-photovoltaiques-flottants-sur-la-mer.jpg","datePublished":"2025-01-12T14:18:26+00:00","dateModified":"2025-01-12T14:18:26+00:00","breadcrumb":{"@id":"https:\/\/vieassociative.be\/actualites\/lenergie-solaire-via-des-systemes-photovoltaiques-flottants-sur-la-mer-est-elle-lavenir-questions-et-reponses\/#breadcrumb"},"inLanguage":"fr-BE","potentialAction":[{"@type":"ReadAction","target":["https:\/\/vieassociative.be\/actualites\/lenergie-solaire-via-des-systemes-photovoltaiques-flottants-sur-la-mer-est-elle-lavenir-questions-et-reponses\/"]}]},{"@type":"ImageObject","inLanguage":"fr-BE","@id":"https:\/\/vieassociative.be\/actualites\/lenergie-solaire-via-des-systemes-photovoltaiques-flottants-sur-la-mer-est-elle-lavenir-questions-et-reponses\/#primaryimage","url":"https:\/\/vieassociative.be\/actualites\/wp-content\/uploads\/2025\/01\/1736691506_Lenergie-solaire-via-des-systemes-photovoltaiques-flottants-sur-la-mer.jpg","contentUrl":"https:\/\/vieassociative.be\/actualites\/wp-content\/uploads\/2025\/01\/1736691506_Lenergie-solaire-via-des-systemes-photovoltaiques-flottants-sur-la-mer.jpg","width":900,"height":310,"caption":"L\u2019\u00e9nergie solaire via des syst\u00e8mes photovolta\u00efques flottants sur la mer est-elle l\u2019avenir ? (Questions et r\u00e9ponses)"},{"@type":"BreadcrumbList","@id":"https:\/\/vieassociative.be\/actualites\/lenergie-solaire-via-des-systemes-photovoltaiques-flottants-sur-la-mer-est-elle-lavenir-questions-et-reponses\/#breadcrumb","itemListElement":[{"@type":"ListItem","position":1,"name":"Accueil","item":"https:\/\/vieassociative.be\/actualites\/"},{"@type":"ListItem","position":2,"name":"L\u2019\u00e9nergie solaire via des syst\u00e8mes photovolta\u00efques flottants sur la mer est-elle l\u2019avenir ? (Questions et r\u00e9ponses)"}]},{"@type":"WebSite","@id":"https:\/\/vieassociative.be\/actualites\/#website","url":"https:\/\/vieassociative.be\/actualites\/","name":"Vie Associative","description":"","publisher":{"@id":"https:\/\/vieassociative.be\/actualites\/#organization"},"potentialAction":[{"@type":"SearchAction","target":{"@type":"EntryPoint","urlTemplate":"https:\/\/vieassociative.be\/actualites\/?s={search_term_string}"},"query-input":{"@type":"PropertyValueSpecification","valueRequired":true,"valueName":"search_term_string"}}],"inLanguage":"fr-BE"},{"@type":"Organization","@id":"https:\/\/vieassociative.be\/actualites\/#organization","name":"Vie Associative","url":"https:\/\/vieassociative.be\/actualites\/","logo":{"@type":"ImageObject","inLanguage":"fr-BE","@id":"https:\/\/vieassociative.be\/actualites\/#\/schema\/logo\/image\/","url":"https:\/\/vieassociative.be\/actualites\/wp-content\/uploads\/2024\/09\/cropped-vieassociative_favicon.ico.png","contentUrl":"https:\/\/vieassociative.be\/actualites\/wp-content\/uploads\/2024\/09\/cropped-vieassociative_favicon.ico.png","width":512,"height":512,"caption":"Vie Associative"},"image":{"@id":"https:\/\/vieassociative.be\/actualites\/#\/schema\/logo\/image\/"}},{"@type":"Person","@id":"https:\/\/vieassociative.be\/actualites\/#\/schema\/person\/b87ac4f82f9d4e7b7cec7395b679edc4","name":"Julien","image":{"@type":"ImageObject","inLanguage":"fr-BE","@id":"https:\/\/vieassociative.be\/actualites\/#\/schema\/person\/image\/","url":"https:\/\/vieassociative.be\/actualites\/wp-content\/uploads\/2024\/09\/vie-associative-1-150x150.jpg","contentUrl":"https:\/\/vieassociative.be\/actualites\/wp-content\/uploads\/2024\/09\/vie-associative-1-150x150.jpg","caption":"Julien"},"description":"Je suis Julien, r\u00e9dacteur pour Vie Associative. Passionn\u00e9 par le monde associatif depuis plus de 10 ans, j'ai \u00e0 c\u0153ur de partager des histoires inspirantes et de mettre en lumi\u00e8re les initiatives locales. Mon objectif est de sensibiliser et d'encourager l'engagement communautaire \u00e0 travers mes articles.","sameAs":["https:\/\/vieassociative.be\/"]}]}},"_links":{"self":[{"href":"https:\/\/vieassociative.be\/actualites\/wp-json\/wp\/v2\/posts\/4277"}],"collection":[{"href":"https:\/\/vieassociative.be\/actualites\/wp-json\/wp\/v2\/posts"}],"about":[{"href":"https:\/\/vieassociative.be\/actualites\/wp-json\/wp\/v2\/types\/post"}],"author":[{"embeddable":true,"href":"https:\/\/vieassociative.be\/actualites\/wp-json\/wp\/v2\/users\/1"}],"replies":[{"embeddable":true,"href":"https:\/\/vieassociative.be\/actualites\/wp-json\/wp\/v2\/comments?post=4277"}],"version-history":[{"count":0,"href":"https:\/\/vieassociative.be\/actualites\/wp-json\/wp\/v2\/posts\/4277\/revisions"}],"wp:featuredmedia":[{"embeddable":true,"href":"https:\/\/vieassociative.be\/actualites\/wp-json\/wp\/v2\/media\/4278"}],"wp:attachment":[{"href":"https:\/\/vieassociative.be\/actualites\/wp-json\/wp\/v2\/media?parent=4277"}],"wp:term":[{"taxonomy":"category","embeddable":true,"href":"https:\/\/vieassociative.be\/actualites\/wp-json\/wp\/v2\/categories?post=4277"},{"taxonomy":"post_tag","embeddable":true,"href":"https:\/\/vieassociative.be\/actualites\/wp-json\/wp\/v2\/tags?post=4277"}],"curies":[{"name":"wp","href":"https:\/\/api.w.org\/{rel}","templated":true}]}}