{"id":4260,"date":"2025-01-11T21:17:11","date_gmt":"2025-01-11T20:17:11","guid":{"rendered":"https:\/\/vieassociative.be\/actualites\/trump-nous-devons-laisser-la-guerre-derriere-nous-le-president-americain-elu-envisage-de-rencontrer-poutine\/"},"modified":"2025-01-11T21:17:11","modified_gmt":"2025-01-11T20:17:11","slug":"trump-nous-devons-laisser-la-guerre-derriere-nous-le-president-americain-elu-envisage-de-rencontrer-poutine","status":"publish","type":"post","link":"https:\/\/vieassociative.be\/actualites\/trump-nous-devons-laisser-la-guerre-derriere-nous-le-president-americain-elu-envisage-de-rencontrer-poutine\/","title":{"rendered":"Trump : \u00ab Nous devons laisser la guerre derri\u00e8re nous \u00bb \u2013 Le pr\u00e9sident am\u00e9ricain \u00e9lu envisage de rencontrer Poutine"},"content":{"rendered":"<p><strong>Le pr\u00e9sident \u00e9lu am\u00e9ricain se vante r\u00e9guli\u00e8rement de ses bons contacts avec le patron du Kremlin. On parle d\u00e9j\u00e0 d&rsquo;une r\u00e9union commune. La guerre en Ukraine devrait \u00e9galement prendre fin.<\/strong><\/p>\n<p><span id=\"more-405980\"><\/span>Selon le pr\u00e9sident \u00e9lu am\u00e9ricain Donald Trump, une rencontre avec le chef du Kremlin, Vladimir Poutine, est en pr\u00e9paration. Trump a d\u00e9clar\u00e9 cela en marge d&rsquo;un d\u00eener avec les gouverneurs r\u00e9publicains dans son domaine de Mar-a-Lago en Floride jeudi soir (heure locale). \u00ab\u00a0Et nous sommes en train de l&rsquo;organiser\u00a0\u00bb, a ajout\u00e9 le R\u00e9publicain, sans donner plus d&rsquo;informations sur la date ou le format.<\/p>\n<p>Il y a quelques jours, Trump a promis une conversation imminente avec Poutine pour mettre fin \u00e0 la guerre d&rsquo;agression russe en Ukraine. Trump a \u00e9galement d\u00e9clar\u00e9 qu&rsquo;apr\u00e8s son entr\u00e9e en fonction le 20 janvier, il tenterait de mettre fin \u00e0 la guerre en Ukraine le plus rapidement possible.<\/p>\n<div id=\"attachment_181951\" class=\"wp-caption alignleft\" style=\"max-width: 300px\"><img fetchpriority=\"high\" decoding=\"async\" class=\"wp-image-181951 size-medium\" src=\"https:\/\/vieassociative.be\/actualites\/wp-content\/uploads\/2025\/01\/Trump-Nous-devons-laisser-la-guerre-derriere-nous.jpeg\" alt=\"\" width=\"300\" height=\"204\"  ><\/p>\n<p class=\"wp-caption-text\">16 juillet 2018, Finlande, Helsinki : Donald Trump (l), pr\u00e9sident des \u00c9tats-Unis, et Vladimir Poutine, pr\u00e9sident de la Russie, se serrent la main lors de leur conf\u00e9rence de presse conjointe. Photo : Alexandre Zemlianichenko\/AP\/dpa<\/p>\n<\/div>\n<p>\u00ab Nous devons mettre cette guerre derri\u00e8re nous. C&rsquo;est un bain de sang. Des millions de soldats sont tu\u00e9s. \u00bb Trump a affirm\u00e9 que c\u2019\u00e9tait une guerre qui n\u2019aurait jamais eu lieu s\u2019il avait d\u00e9j\u00e0 \u00e9t\u00e9 pr\u00e9sident.<\/p>\n<p>Trump se vante r\u00e9guli\u00e8rement de ses bons contacts avec Poutine. Au cours de la campagne \u00e9lectorale pr\u00e9sidentielle, il a affirm\u00e9 \u00e0 plusieurs reprises qu\u2019il pourrait mettre fin \u00e0 la guerre en Ukraine dans les 24 heures, si possible avant son entr\u00e9e en fonction. Il n&rsquo;a pas dit comment.<\/p>\n<p>Moscou a d\u00e9clar\u00e9 vendredi que Poutine avait confirm\u00e9 \u00e0 plusieurs reprises sa volont\u00e9 de tenir des r\u00e9unions internationales, y compris avec Trump. \u00abAucune condition pr\u00e9alable n\u2019est n\u00e9cessaire pour cela. Tout ce qu&rsquo;il faut, c&rsquo;est le d\u00e9sir mutuel et la volont\u00e9 politique de mener un dialogue et de r\u00e9soudre les probl\u00e8mes existants par le dialogue\u00bb, a d\u00e9clar\u00e9 le porte-parole du Kremlin, Dmitri Peskov. Cependant, des informations plus concr\u00e8tes ne pourront \u00eatre attendues qu\u2019apr\u00e8s l\u2019entr\u00e9e en fonction de Trump le 20 janvier, a d\u00e9clar\u00e9 Peskov, selon l\u2019agence de presse officielle russe Tass.<\/p>\n<p>Les dirigeants russes soulignent \u00e0 plusieurs reprises leur volont\u00e9 de n\u00e9gocier. Dans la guerre contre l\u2019Ukraine, Moscou se consid\u00e8re actuellement sur la voie de la victoire militaire. Toute revendication visant \u00e0 mettre fin \u00e0 la guerre revient en fin de compte \u00e0 asservir le pays voisin. (dpa)<\/p>\n","protected":false},"excerpt":{"rendered":"<p>Le pr\u00e9sident \u00e9lu am\u00e9ricain se vante r\u00e9guli\u00e8rement de ses bons contacts avec le patron du Kremlin. On parle d\u00e9j\u00e0 d&rsquo;une r\u00e9union commune. La guerre en<\/p>\n","protected":false},"author":1,"featured_media":4261,"comment_status":"","ping_status":"","sticky":false,"template":"","format":"standard","meta":{"footnotes":""},"categories":[298],"tags":[10,3978,1836,4693,4694,2637,2421,393,4227,3075,2383,2425],"class_list":["post-4260","post","type-post","status-publish","format-standard","has-post-thumbnail","hentry","category-belgique","tag-americain","tag-derriere","tag-devons","tag-elu","tag-envisage","tag-guerre","tag-laisser","tag-nous","tag-poutine","tag-president","tag-rencontrer","tag-trump","generate-columns","tablet-grid-50","mobile-grid-100","grid-parent","grid-33"],"yoast_head":"<!-- This site is optimized with the Yoast SEO plugin v24.0 - https:\/\/yoast.com\/wordpress\/plugins\/seo\/ -->\n<title>Trump : \u00ab Nous devons laisser la guerre derri\u00e8re nous \u00bb \u2013 Le pr\u00e9sident am\u00e9ricain \u00e9lu envisage de rencontrer Poutine | Vie Associative<\/title>\n<meta name=\"robots\" content=\"index, follow, max-snippet:-1, max-image-preview:large, max-video-preview:-1\" \/>\n<link rel=\"canonical\" href=\"https:\/\/vieassociative.be\/actualites\/trump-nous-devons-laisser-la-guerre-derriere-nous-le-president-americain-elu-envisage-de-rencontrer-poutine\/\" \/>\n<meta property=\"og:locale\" content=\"fr_FR\" \/>\n<meta property=\"og:type\" content=\"article\" \/>\n<meta property=\"og:title\" content=\"Trump : \u00ab Nous devons laisser la guerre derri\u00e8re nous \u00bb \u2013 Le pr\u00e9sident am\u00e9ricain \u00e9lu envisage de rencontrer Poutine | Vie Associative\" \/>\n<meta property=\"og:description\" content=\"Le pr\u00e9sident \u00e9lu am\u00e9ricain se vante r\u00e9guli\u00e8rement de ses bons contacts avec le patron du Kremlin. On parle d\u00e9j\u00e0 d&rsquo;une r\u00e9union commune. La guerre en\" \/>\n<meta property=\"og:url\" content=\"https:\/\/vieassociative.be\/actualites\/trump-nous-devons-laisser-la-guerre-derriere-nous-le-president-americain-elu-envisage-de-rencontrer-poutine\/\" \/>\n<meta property=\"og:site_name\" content=\"Vie Associative\" \/>\n<meta property=\"article:published_time\" content=\"2025-01-11T20:17:11+00:00\" \/>\n<meta property=\"og:image\" content=\"https:\/\/vieassociative.be\/actualites\/wp-content\/uploads\/2024\/09\/header_backgroundk-01-e1726694325946.png\" \/>\n\t<meta property=\"og:image:width\" content=\"279\" \/>\n\t<meta property=\"og:image:height\" content=\"92\" \/>\n\t<meta property=\"og:image:type\" content=\"image\/png\" \/>\n<meta name=\"author\" content=\"Julien\" \/>\n<meta name=\"twitter:card\" content=\"summary_large_image\" \/>\n<meta name=\"twitter:label1\" content=\"\u00c9crit par\" \/>\n\t<meta name=\"twitter:data1\" content=\"Julien\" \/>\n\t<meta name=\"twitter:label2\" content=\"Dur\u00e9e de lecture est.\" \/>\n\t<meta name=\"twitter:data2\" content=\"2 minutes\" \/>\n<script type=\"application\/ld+json\" class=\"yoast-schema-graph\">{\"@context\":\"https:\/\/schema.org\",\"@graph\":[{\"@type\":\"Article\",\"@id\":\"https:\/\/vieassociative.be\/actualites\/trump-nous-devons-laisser-la-guerre-derriere-nous-le-president-americain-elu-envisage-de-rencontrer-poutine\/#article\",\"isPartOf\":{\"@id\":\"https:\/\/vieassociative.be\/actualites\/trump-nous-devons-laisser-la-guerre-derriere-nous-le-president-americain-elu-envisage-de-rencontrer-poutine\/\"},\"author\":{\"name\":\"Julien\",\"@id\":\"https:\/\/vieassociative.be\/actualites\/#\/schema\/person\/b87ac4f82f9d4e7b7cec7395b679edc4\"},\"headline\":\"Trump : \u00ab Nous devons laisser la guerre derri\u00e8re nous \u00bb \u2013 Le pr\u00e9sident am\u00e9ricain \u00e9lu envisage de rencontrer Poutine\",\"datePublished\":\"2025-01-11T20:17:11+00:00\",\"dateModified\":\"2025-01-11T20:17:11+00:00\",\"mainEntityOfPage\":{\"@id\":\"https:\/\/vieassociative.be\/actualites\/trump-nous-devons-laisser-la-guerre-derriere-nous-le-president-americain-elu-envisage-de-rencontrer-poutine\/\"},\"wordCount\":461,\"publisher\":{\"@id\":\"https:\/\/vieassociative.be\/actualites\/#organization\"},\"image\":{\"@id\":\"https:\/\/vieassociative.be\/actualites\/trump-nous-devons-laisser-la-guerre-derriere-nous-le-president-americain-elu-envisage-de-rencontrer-poutine\/#primaryimage\"},\"thumbnailUrl\":\"https:\/\/vieassociative.be\/actualites\/wp-content\/uploads\/2025\/01\/Trump-Nous-devons-laisser-la-guerre-derriere-nous.jpg\",\"keywords\":[\"am\u00e9ricain\",\"derri\u00e8re\",\"devons\",\"\u00e9lu\",\"envisage\",\"guerre\",\"laisser\",\"nous\",\"Poutine\",\"pr\u00e9sident\",\"rencontrer\",\"Trump\"],\"articleSection\":[\"Belgique\"],\"inLanguage\":\"fr-BE\"},{\"@type\":\"WebPage\",\"@id\":\"https:\/\/vieassociative.be\/actualites\/trump-nous-devons-laisser-la-guerre-derriere-nous-le-president-americain-elu-envisage-de-rencontrer-poutine\/\",\"url\":\"https:\/\/vieassociative.be\/actualites\/trump-nous-devons-laisser-la-guerre-derriere-nous-le-president-americain-elu-envisage-de-rencontrer-poutine\/\",\"name\":\"Trump : \u00ab Nous devons laisser la guerre derri\u00e8re nous \u00bb \u2013 Le pr\u00e9sident am\u00e9ricain \u00e9lu envisage de rencontrer Poutine | Vie Associative\",\"isPartOf\":{\"@id\":\"https:\/\/vieassociative.be\/actualites\/#website\"},\"primaryImageOfPage\":{\"@id\":\"https:\/\/vieassociative.be\/actualites\/trump-nous-devons-laisser-la-guerre-derriere-nous-le-president-americain-elu-envisage-de-rencontrer-poutine\/#primaryimage\"},\"image\":{\"@id\":\"https:\/\/vieassociative.be\/actualites\/trump-nous-devons-laisser-la-guerre-derriere-nous-le-president-americain-elu-envisage-de-rencontrer-poutine\/#primaryimage\"},\"thumbnailUrl\":\"https:\/\/vieassociative.be\/actualites\/wp-content\/uploads\/2025\/01\/Trump-Nous-devons-laisser-la-guerre-derriere-nous.jpg\",\"datePublished\":\"2025-01-11T20:17:11+00:00\",\"dateModified\":\"2025-01-11T20:17:11+00:00\",\"breadcrumb\":{\"@id\":\"https:\/\/vieassociative.be\/actualites\/trump-nous-devons-laisser-la-guerre-derriere-nous-le-president-americain-elu-envisage-de-rencontrer-poutine\/#breadcrumb\"},\"inLanguage\":\"fr-BE\",\"potentialAction\":[{\"@type\":\"ReadAction\",\"target\":[\"https:\/\/vieassociative.be\/actualites\/trump-nous-devons-laisser-la-guerre-derriere-nous-le-president-americain-elu-envisage-de-rencontrer-poutine\/\"]}]},{\"@type\":\"ImageObject\",\"inLanguage\":\"fr-BE\",\"@id\":\"https:\/\/vieassociative.be\/actualites\/trump-nous-devons-laisser-la-guerre-derriere-nous-le-president-americain-elu-envisage-de-rencontrer-poutine\/#primaryimage\",\"url\":\"https:\/\/vieassociative.be\/actualites\/wp-content\/uploads\/2025\/01\/Trump-Nous-devons-laisser-la-guerre-derriere-nous.jpg\",\"contentUrl\":\"https:\/\/vieassociative.be\/actualites\/wp-content\/uploads\/2025\/01\/Trump-Nous-devons-laisser-la-guerre-derriere-nous.jpg\",\"width\":1200,\"height\":509,\"caption\":\"Trump : \u00ab Nous devons laisser la guerre derri\u00e8re nous \u00bb \u2013 Le pr\u00e9sident am\u00e9ricain \u00e9lu envisage de rencontrer Poutine\"},{\"@type\":\"BreadcrumbList\",\"@id\":\"https:\/\/vieassociative.be\/actualites\/trump-nous-devons-laisser-la-guerre-derriere-nous-le-president-americain-elu-envisage-de-rencontrer-poutine\/#breadcrumb\",\"itemListElement\":[{\"@type\":\"ListItem\",\"position\":1,\"name\":\"Accueil\",\"item\":\"https:\/\/vieassociative.be\/actualites\/\"},{\"@type\":\"ListItem\",\"position\":2,\"name\":\"Trump : \u00ab Nous devons laisser la guerre derri\u00e8re nous \u00bb \u2013 Le pr\u00e9sident am\u00e9ricain \u00e9lu envisage de rencontrer Poutine\"}]},{\"@type\":\"WebSite\",\"@id\":\"https:\/\/vieassociative.be\/actualites\/#website\",\"url\":\"https:\/\/vieassociative.be\/actualites\/\",\"name\":\"Vie Associative\",\"description\":\"\",\"publisher\":{\"@id\":\"https:\/\/vieassociative.be\/actualites\/#organization\"},\"potentialAction\":[{\"@type\":\"SearchAction\",\"target\":{\"@type\":\"EntryPoint\",\"urlTemplate\":\"https:\/\/vieassociative.be\/actualites\/?s={search_term_string}\"},\"query-input\":{\"@type\":\"PropertyValueSpecification\",\"valueRequired\":true,\"valueName\":\"search_term_string\"}}],\"inLanguage\":\"fr-BE\"},{\"@type\":\"Organization\",\"@id\":\"https:\/\/vieassociative.be\/actualites\/#organization\",\"name\":\"Vie Associative\",\"url\":\"https:\/\/vieassociative.be\/actualites\/\",\"logo\":{\"@type\":\"ImageObject\",\"inLanguage\":\"fr-BE\",\"@id\":\"https:\/\/vieassociative.be\/actualites\/#\/schema\/logo\/image\/\",\"url\":\"https:\/\/vieassociative.be\/actualites\/wp-content\/uploads\/2024\/09\/cropped-vieassociative_favicon.ico.png\",\"contentUrl\":\"https:\/\/vieassociative.be\/actualites\/wp-content\/uploads\/2024\/09\/cropped-vieassociative_favicon.ico.png\",\"width\":512,\"height\":512,\"caption\":\"Vie Associative\"},\"image\":{\"@id\":\"https:\/\/vieassociative.be\/actualites\/#\/schema\/logo\/image\/\"}},{\"@type\":\"Person\",\"@id\":\"https:\/\/vieassociative.be\/actualites\/#\/schema\/person\/b87ac4f82f9d4e7b7cec7395b679edc4\",\"name\":\"Julien\",\"image\":{\"@type\":\"ImageObject\",\"inLanguage\":\"fr-BE\",\"@id\":\"https:\/\/vieassociative.be\/actualites\/#\/schema\/person\/image\/\",\"url\":\"https:\/\/vieassociative.be\/actualites\/wp-content\/uploads\/2024\/09\/vie-associative-1-150x150.jpg\",\"contentUrl\":\"https:\/\/vieassociative.be\/actualites\/wp-content\/uploads\/2024\/09\/vie-associative-1-150x150.jpg\",\"caption\":\"Julien\"},\"description\":\"Je suis Julien, r\u00e9dacteur pour Vie Associative. Passionn\u00e9 par le monde associatif depuis plus de 10 ans, j'ai \u00e0 c\u0153ur de partager des histoires inspirantes et de mettre en lumi\u00e8re les initiatives locales. Mon objectif est de sensibiliser et d'encourager l'engagement communautaire \u00e0 travers mes articles.\",\"sameAs\":[\"https:\/\/vieassociative.be\/\"]}]}<\/script>\n<!-- \/ Yoast SEO plugin. -->","yoast_head_json":{"title":"Trump : \u00ab Nous devons laisser la guerre derri\u00e8re nous \u00bb \u2013 Le pr\u00e9sident am\u00e9ricain \u00e9lu envisage de rencontrer Poutine | Vie Associative","robots":{"index":"index","follow":"follow","max-snippet":"max-snippet:-1","max-image-preview":"max-image-preview:large","max-video-preview":"max-video-preview:-1"},"canonical":"https:\/\/vieassociative.be\/actualites\/trump-nous-devons-laisser-la-guerre-derriere-nous-le-president-americain-elu-envisage-de-rencontrer-poutine\/","og_locale":"fr_FR","og_type":"article","og_title":"Trump : \u00ab Nous devons laisser la guerre derri\u00e8re nous \u00bb \u2013 Le pr\u00e9sident am\u00e9ricain \u00e9lu envisage de rencontrer Poutine | Vie Associative","og_description":"Le pr\u00e9sident \u00e9lu am\u00e9ricain se vante r\u00e9guli\u00e8rement de ses bons contacts avec le patron du Kremlin. On parle d\u00e9j\u00e0 d&rsquo;une r\u00e9union commune. La guerre en","og_url":"https:\/\/vieassociative.be\/actualites\/trump-nous-devons-laisser-la-guerre-derriere-nous-le-president-americain-elu-envisage-de-rencontrer-poutine\/","og_site_name":"Vie Associative","article_published_time":"2025-01-11T20:17:11+00:00","og_image":[{"width":279,"height":92,"url":"https:\/\/vieassociative.be\/actualites\/wp-content\/uploads\/2024\/09\/header_backgroundk-01-e1726694325946.png","type":"image\/png"}],"author":"Julien","twitter_card":"summary_large_image","twitter_misc":{"\u00c9crit par":"Julien","Dur\u00e9e de lecture est.":"2 minutes"},"schema":{"@context":"https:\/\/schema.org","@graph":[{"@type":"Article","@id":"https:\/\/vieassociative.be\/actualites\/trump-nous-devons-laisser-la-guerre-derriere-nous-le-president-americain-elu-envisage-de-rencontrer-poutine\/#article","isPartOf":{"@id":"https:\/\/vieassociative.be\/actualites\/trump-nous-devons-laisser-la-guerre-derriere-nous-le-president-americain-elu-envisage-de-rencontrer-poutine\/"},"author":{"name":"Julien","@id":"https:\/\/vieassociative.be\/actualites\/#\/schema\/person\/b87ac4f82f9d4e7b7cec7395b679edc4"},"headline":"Trump : \u00ab Nous devons laisser la guerre derri\u00e8re nous \u00bb \u2013 Le pr\u00e9sident am\u00e9ricain \u00e9lu envisage de rencontrer Poutine","datePublished":"2025-01-11T20:17:11+00:00","dateModified":"2025-01-11T20:17:11+00:00","mainEntityOfPage":{"@id":"https:\/\/vieassociative.be\/actualites\/trump-nous-devons-laisser-la-guerre-derriere-nous-le-president-americain-elu-envisage-de-rencontrer-poutine\/"},"wordCount":461,"publisher":{"@id":"https:\/\/vieassociative.be\/actualites\/#organization"},"image":{"@id":"https:\/\/vieassociative.be\/actualites\/trump-nous-devons-laisser-la-guerre-derriere-nous-le-president-americain-elu-envisage-de-rencontrer-poutine\/#primaryimage"},"thumbnailUrl":"https:\/\/vieassociative.be\/actualites\/wp-content\/uploads\/2025\/01\/Trump-Nous-devons-laisser-la-guerre-derriere-nous.jpg","keywords":["am\u00e9ricain","derri\u00e8re","devons","\u00e9lu","envisage","guerre","laisser","nous","Poutine","pr\u00e9sident","rencontrer","Trump"],"articleSection":["Belgique"],"inLanguage":"fr-BE"},{"@type":"WebPage","@id":"https:\/\/vieassociative.be\/actualites\/trump-nous-devons-laisser-la-guerre-derriere-nous-le-president-americain-elu-envisage-de-rencontrer-poutine\/","url":"https:\/\/vieassociative.be\/actualites\/trump-nous-devons-laisser-la-guerre-derriere-nous-le-president-americain-elu-envisage-de-rencontrer-poutine\/","name":"Trump : \u00ab Nous devons laisser la guerre derri\u00e8re nous \u00bb \u2013 Le pr\u00e9sident am\u00e9ricain \u00e9lu envisage de rencontrer Poutine | Vie Associative","isPartOf":{"@id":"https:\/\/vieassociative.be\/actualites\/#website"},"primaryImageOfPage":{"@id":"https:\/\/vieassociative.be\/actualites\/trump-nous-devons-laisser-la-guerre-derriere-nous-le-president-americain-elu-envisage-de-rencontrer-poutine\/#primaryimage"},"image":{"@id":"https:\/\/vieassociative.be\/actualites\/trump-nous-devons-laisser-la-guerre-derriere-nous-le-president-americain-elu-envisage-de-rencontrer-poutine\/#primaryimage"},"thumbnailUrl":"https:\/\/vieassociative.be\/actualites\/wp-content\/uploads\/2025\/01\/Trump-Nous-devons-laisser-la-guerre-derriere-nous.jpg","datePublished":"2025-01-11T20:17:11+00:00","dateModified":"2025-01-11T20:17:11+00:00","breadcrumb":{"@id":"https:\/\/vieassociative.be\/actualites\/trump-nous-devons-laisser-la-guerre-derriere-nous-le-president-americain-elu-envisage-de-rencontrer-poutine\/#breadcrumb"},"inLanguage":"fr-BE","potentialAction":[{"@type":"ReadAction","target":["https:\/\/vieassociative.be\/actualites\/trump-nous-devons-laisser-la-guerre-derriere-nous-le-president-americain-elu-envisage-de-rencontrer-poutine\/"]}]},{"@type":"ImageObject","inLanguage":"fr-BE","@id":"https:\/\/vieassociative.be\/actualites\/trump-nous-devons-laisser-la-guerre-derriere-nous-le-president-americain-elu-envisage-de-rencontrer-poutine\/#primaryimage","url":"https:\/\/vieassociative.be\/actualites\/wp-content\/uploads\/2025\/01\/Trump-Nous-devons-laisser-la-guerre-derriere-nous.jpg","contentUrl":"https:\/\/vieassociative.be\/actualites\/wp-content\/uploads\/2025\/01\/Trump-Nous-devons-laisser-la-guerre-derriere-nous.jpg","width":1200,"height":509,"caption":"Trump : \u00ab Nous devons laisser la guerre derri\u00e8re nous \u00bb \u2013 Le pr\u00e9sident am\u00e9ricain \u00e9lu envisage de rencontrer Poutine"},{"@type":"BreadcrumbList","@id":"https:\/\/vieassociative.be\/actualites\/trump-nous-devons-laisser-la-guerre-derriere-nous-le-president-americain-elu-envisage-de-rencontrer-poutine\/#breadcrumb","itemListElement":[{"@type":"ListItem","position":1,"name":"Accueil","item":"https:\/\/vieassociative.be\/actualites\/"},{"@type":"ListItem","position":2,"name":"Trump : \u00ab Nous devons laisser la guerre derri\u00e8re nous \u00bb \u2013 Le pr\u00e9sident am\u00e9ricain \u00e9lu envisage de rencontrer Poutine"}]},{"@type":"WebSite","@id":"https:\/\/vieassociative.be\/actualites\/#website","url":"https:\/\/vieassociative.be\/actualites\/","name":"Vie Associative","description":"","publisher":{"@id":"https:\/\/vieassociative.be\/actualites\/#organization"},"potentialAction":[{"@type":"SearchAction","target":{"@type":"EntryPoint","urlTemplate":"https:\/\/vieassociative.be\/actualites\/?s={search_term_string}"},"query-input":{"@type":"PropertyValueSpecification","valueRequired":true,"valueName":"search_term_string"}}],"inLanguage":"fr-BE"},{"@type":"Organization","@id":"https:\/\/vieassociative.be\/actualites\/#organization","name":"Vie Associative","url":"https:\/\/vieassociative.be\/actualites\/","logo":{"@type":"ImageObject","inLanguage":"fr-BE","@id":"https:\/\/vieassociative.be\/actualites\/#\/schema\/logo\/image\/","url":"https:\/\/vieassociative.be\/actualites\/wp-content\/uploads\/2024\/09\/cropped-vieassociative_favicon.ico.png","contentUrl":"https:\/\/vieassociative.be\/actualites\/wp-content\/uploads\/2024\/09\/cropped-vieassociative_favicon.ico.png","width":512,"height":512,"caption":"Vie Associative"},"image":{"@id":"https:\/\/vieassociative.be\/actualites\/#\/schema\/logo\/image\/"}},{"@type":"Person","@id":"https:\/\/vieassociative.be\/actualites\/#\/schema\/person\/b87ac4f82f9d4e7b7cec7395b679edc4","name":"Julien","image":{"@type":"ImageObject","inLanguage":"fr-BE","@id":"https:\/\/vieassociative.be\/actualites\/#\/schema\/person\/image\/","url":"https:\/\/vieassociative.be\/actualites\/wp-content\/uploads\/2024\/09\/vie-associative-1-150x150.jpg","contentUrl":"https:\/\/vieassociative.be\/actualites\/wp-content\/uploads\/2024\/09\/vie-associative-1-150x150.jpg","caption":"Julien"},"description":"Je suis Julien, r\u00e9dacteur pour Vie Associative. Passionn\u00e9 par le monde associatif depuis plus de 10 ans, j'ai \u00e0 c\u0153ur de partager des histoires inspirantes et de mettre en lumi\u00e8re les initiatives locales. Mon objectif est de sensibiliser et d'encourager l'engagement communautaire \u00e0 travers mes articles.","sameAs":["https:\/\/vieassociative.be\/"]}]}},"_links":{"self":[{"href":"https:\/\/vieassociative.be\/actualites\/wp-json\/wp\/v2\/posts\/4260"}],"collection":[{"href":"https:\/\/vieassociative.be\/actualites\/wp-json\/wp\/v2\/posts"}],"about":[{"href":"https:\/\/vieassociative.be\/actualites\/wp-json\/wp\/v2\/types\/post"}],"author":[{"embeddable":true,"href":"https:\/\/vieassociative.be\/actualites\/wp-json\/wp\/v2\/users\/1"}],"replies":[{"embeddable":true,"href":"https:\/\/vieassociative.be\/actualites\/wp-json\/wp\/v2\/comments?post=4260"}],"version-history":[{"count":0,"href":"https:\/\/vieassociative.be\/actualites\/wp-json\/wp\/v2\/posts\/4260\/revisions"}],"wp:featuredmedia":[{"embeddable":true,"href":"https:\/\/vieassociative.be\/actualites\/wp-json\/wp\/v2\/media\/4261"}],"wp:attachment":[{"href":"https:\/\/vieassociative.be\/actualites\/wp-json\/wp\/v2\/media?parent=4260"}],"wp:term":[{"taxonomy":"category","embeddable":true,"href":"https:\/\/vieassociative.be\/actualites\/wp-json\/wp\/v2\/categories?post=4260"},{"taxonomy":"post_tag","embeddable":true,"href":"https:\/\/vieassociative.be\/actualites\/wp-json\/wp\/v2\/tags?post=4260"}],"curies":[{"name":"wp","href":"https:\/\/api.w.org\/{rel}","templated":true}]}}