{"id":4258,"date":"2025-01-11T20:17:21","date_gmt":"2025-01-11T19:17:21","guid":{"rendered":"https:\/\/vieassociative.be\/actualites\/25-emissions-de-television-nouvelles-et-anciennes-que-vous-devriez-ajouter-a-votre-liste-de-surveillance-2025\/"},"modified":"2025-01-11T20:17:21","modified_gmt":"2025-01-11T19:17:21","slug":"25-emissions-de-television-nouvelles-et-anciennes-que-vous-devriez-ajouter-a-votre-liste-de-surveillance-2025","status":"publish","type":"post","link":"https:\/\/vieassociative.be\/actualites\/25-emissions-de-television-nouvelles-et-anciennes-que-vous-devriez-ajouter-a-votre-liste-de-surveillance-2025\/","title":{"rendered":"25 \u00e9missions de t\u00e9l\u00e9vision nouvelles et anciennes que vous devriez ajouter \u00e0 votre liste de surveillance 2025"},"content":{"rendered":"<div class=\"mt-4 leading-6 md:mb-8\">Votre nouvelle \u00e9mission pr\u00e9f\u00e9r\u00e9e (ou ancienne \u00e9mission pr\u00e9f\u00e9r\u00e9e) arrivera peut-\u00eatre bient\u00f4t.<\/div>\n<p><\/p>\n<p>La vraie vie est plut\u00f4t interm\u00e9diaire \u00e0 ce stade, je m&rsquo;engage donc \u00e0 laisser la lueur apaisante de la t\u00e9l\u00e9vision (ou de la tablette ou du t\u00e9l\u00e9phone) me bercer dans un \u00e9tat d&rsquo;euphorie paisible. Cependant, ce n&rsquo;est pas que du confort : l&rsquo;industrie du divertissement \u00e9volue de mois en mois, mais les choix offerts aux t\u00e9l\u00e9spectateurs restent assez larges jusqu&rsquo;en 2025. Votre \u00e9mission pr\u00e9f\u00e9r\u00e9e, si ce n&rsquo;est pas une proc\u00e9dure de CBS ou une \u00e9mission de t\u00e9l\u00e9r\u00e9alit\u00e9, sera presque certainement annul\u00e9e. apr\u00e8s une saison ou peut-\u00eatre deux, mais si nous pouvons accepter que la vie est courte mais que la t\u00e9l\u00e9vision est plus courte, nous pouvons accepter ces r\u00e9alit\u00e9s. Je commence par les s\u00e9ries qui ont des dates fermes, mais je continue \u00e0 faire d\u00e9filer les \u00e9missions qui sont tr\u00e8s susceptibles de sortir en 2025 mais qui n&rsquo;ont pas de dates fermes.<\/p>\n<h2 id=\"traitors-season-3-jan-9\"><em>Tra\u00eetres<\/em>Saison 3 (9 janvier)<\/h2>\n<div class=\"mx-auto mt-8 w-full max-w-4xl\">\n<div id=\"video-container-wRrDWrPl5E0\"><\/div>\n<\/div>\n<p>Un Alan Cumming impeccablement habill\u00e9 est de retour dans la troisi\u00e8me saison de l&rsquo;\u00e9mission de t\u00e9l\u00e9-r\u00e9alit\u00e9 tr\u00e8s addictive et profond\u00e9ment campagnarde. Parmi les concurrents de la troisi\u00e8me saison figurent <em>Survivant<\/em>c&rsquo;est Rob Mariano, <em>Grand fr\u00e8re<\/em>Danielle Reyes, Real Housewife Dorinda Medley et Bob the Drag Queen, ancien de RuPaul. <strong>Vous pouvez diffuser <em>Tra\u00eetres<\/em> en ce moment sur Peacock<\/strong><strong>.<\/strong><\/p>\n<hr>\n<h2 id=\"severance-season-2-jan-17\"><em>Rupture<\/em>Saison 2 (17 janvier)<\/h2>\n<div class=\"mx-auto mt-8 w-full max-w-4xl\">\n<div id=\"video-container-_UXKlYvLGJY\"><\/div>\n<\/div>\n<p>La satire de science-fiction d&rsquo;Apple est disparue depuis quelques ann\u00e9es maintenant, vous avez donc peut-\u00eatre oubli\u00e9 qu&rsquo;il s&rsquo;agit de celle dans laquelle les employ\u00e9s de Lumon Industries (y compris Mark Scout d&rsquo;Adam Scott) ont leurs consciences s\u00e9par\u00e9es (enfin : coup\u00e9es) afin que leur conscience soit s\u00e9par\u00e9e. les travailleurs n&rsquo;ont aucune id\u00e9e de ce que font leurs travailleurs \u00e0 la maison, et vice versa. Suite \u00e0 la r\u00e9v\u00e9lation de la saison derni\u00e8re selon laquelle l&rsquo;\u00e9pouse de Mark, Gemma (Dichen Lachman) est toujours en vie en tant que conseill\u00e8re \u00e0 Lumon, lui et ses coll\u00e8gues continueront de se demander ce qu&rsquo;ils font tous l\u00e0-bas. <strong>Vous pourrez regarder <em>Rupture<\/em> sur Apple TV+<\/strong><strong>.<\/strong><\/p>\n<hr>\n<h2 id=\"watson-jan-26\"><em>Watson<\/em> (26 janvier)<\/h2>\n<div class=\"mx-auto mt-8 w-full max-w-4xl\">\n<div id=\"video-container-GrceOmrgpG0\"><\/div>\n<\/div>\n<p>Cette proc\u00e9dure m\u00e9dicale\/myst\u00e8re (parce que : CBS) a une tournure \u00e9trange mais int\u00e9ressante : bien que se d\u00e9roulant dans le pr\u00e9sent, elle trouve l&rsquo;acolyte de Sherlock Holmes, le Dr John Watson, retournant \u00e0 la m\u00e9decine apr\u00e8s la mort suppos\u00e9e du grand d\u00e9tective aux mains de son ennemi jur\u00e9. . Apprenant que Moriarty pourrait en fait \u00eatre vivant, Watson se retrouve \u00e0 r\u00e9soudre des myst\u00e8res tout seul. <strong>Vous pourrez regarder Watson sur CBS et le diffuser sur Paramount+<\/strong><strong>.<\/strong><\/p>\n<hr>\n<h2 id=\"paradise-jan-28\"><em>Paradis<\/em> (28 janvier)<\/h2>\n<div class=\"mx-auto mt-8 w-full max-w-4xl\">\n<div id=\"video-container-tCObCpYScdE\"><\/div>\n<\/div>\n<p>Sterling K. Brown incarne Xavier Collins, ancien chef de la s\u00e9curit\u00e9 du pr\u00e9sident Cal Bradford (James Marsden) et derni\u00e8re personne \u00e0 l&rsquo;avoir vu vivant. Ce thriller de conspiration politique au son juteux vient de Dan Fogelman, dans sa premi\u00e8re nouvelle s\u00e9rie depuis la fin de <em>C&rsquo;est nous<\/em>. <strong>Vous pourrez diffuser <em>Paradis<\/em> sur Hulu<\/strong><strong>.<\/strong><\/p>\n<hr>\n<h2 id=\"mo-season-two-jan-30\"><em>Mo<\/em>Saison deux (30 janvier)<\/h2>\n<div class=\"mx-auto mt-8 w-full max-w-4xl\">\n<div id=\"video-container-G5vlfImmKQg\"><\/div>\n<\/div>\n<p>Apr\u00e8s plus de deux ans, Netflix nous ram\u00e8ne \u00e0 la com\u00e9die dramatique l\u00e9g\u00e8rement autobiographique du com\u00e9dien Mo Amer sur un r\u00e9fugi\u00e9 palestinien vivant au Texas. La premi\u00e8re saison de l\u2019histoire des immigrants \u00e9tait sinc\u00e8re et amusante, et cette derni\u00e8re s\u00e9rie de huit \u00e9pisodes pourrait \u00eatre parfaitement adapt\u00e9e. <strong>Vous pourrez diffuser <em>Mo<\/em> sur Netflix<\/strong><strong>.<\/strong><\/p>\n<hr>\n<h2 id=\"clean-slate-feb-6\"><em>Table rase<\/em> (6 f\u00e9vrier)<\/h2>\n<p>Laverne Cox incarne Desiree, une fi\u00e8re femme trans qui revient dans sa ville natale de Mobile, en Alabama, et tout le monde n&rsquo;est pas pr\u00eat. George Wallace incarne le p\u00e8re de la vieille \u00e9cole avec qui elle essaie de renouer. Ce fut l\u2019un des tout derniers projets impliquant le regrett\u00e9 Norman Lear. <strong>Vous pourrez diffuser <em>Table rase <\/em>sur Prime Vid\u00e9o<\/strong><strong>.<\/strong><\/p>\n<hr>\n<h2 id=\"cobra-kai-season-6-feb-13\"><em>Cobra Ka\u00ef<\/em>Saison 6 (13 f\u00e9vrier)<\/h2>\n<div class=\"mx-auto mt-8 w-full max-w-4xl\">\n<div id=\"video-container-T0fjgHDBirw\"><\/div>\n<\/div>\n<p>Techniquement, il s&rsquo;agit de la troisi\u00e8me partie de la sixi\u00e8me saison, mais le point principal est que c&rsquo;est le dernier tour pour <em>Cobra Ka\u00ef<\/em>la mise \u00e0 jour plut\u00f4t r\u00e9ussie (et addictive) d&rsquo;une franchise qui a d\u00e9but\u00e9 en 1984. Il serait tentant d&rsquo;appeler cela la conclusion de quatre d\u00e9cennies de drames d&rsquo;arts martiaux, mais il y a d\u00e9j\u00e0 un nouveau <em>Karat\u00e9 Enfant<\/em> film qui sort en mai. <strong>Vous pourrez diffuser <em>Cobra Ka\u00ef<\/em> sur Netflix<\/strong><strong>.<\/strong><\/p>\n<hr>\n<h2 id=\"yellowjackets-season-3-feb-14\"><em>Gilets jaunes<\/em>Saison 3 (14 f\u00e9vrier)<\/h2>\n<div class=\"mx-auto mt-8 w-full max-w-4xl\">\n<div id=\"video-container-EUB7eqmK4vg\"><\/div>\n<\/div>\n<p>Apr\u00e8s un point culminant incroyablement horrible de la derni\u00e8re saison, Showtime utilise \u00ab\u00a0Eat Your Heart Out\u00a0\u00bb comme slogan pour la troisi\u00e8me s\u00e9rie, avec tout le cannibalisme. Le casting principal (enfin, ceux qui ont surv\u00e9cu la saison derni\u00e8re) devrait revenir pour la troisi\u00e8me saison, rejoint par Hilary Swank et Joel McHale. <strong>Vous pouvez regarder <em>Gilets jaunes<\/em> sur Showtime et diffusez-le sur Paramount+ (avec Showtime)<\/strong><strong>.<\/strong><\/p>\n<hr>\n<h2 id=\"the-white-lotus-season-3-feb-16\"><em>Le Lotus Blanc<\/em>Saison 3 (16 f\u00e9vrier)<\/h2>\n<div class=\"mx-auto mt-8 w-full max-w-4xl\">\n<div id=\"video-container-DrU8ofww-NI\"><\/div>\n<\/div>\n<p>Il est temps pour une nouvelle g\u00e9n\u00e9ration d&rsquo;Am\u00e9ricains extr\u00eamement odieux et privil\u00e9gi\u00e9s de recevoir ce qui leur arrive de mani\u00e8re souvent hilarante, maintenant en Tha\u00eflande. Cette fois, le casting comprend Carrie Coon, Scott Glenn, Walton Goggins, Leslie Bibb, Michelle Monaghan, Parker Posey et Lalisa Manobal \u00e0 la t\u00eate du casting, rejoints par Natasha Rothwell dans le r\u00f4le de Belinda, de retour de la premi\u00e8re saison. N\u2019ayant apparemment pas retenu la le\u00e7on. <strong>Vous pourrez regarder <em>Le Lotus Blanc<\/em> sur Max<\/strong><strong>.<\/strong><\/p>\n<hr>\n<h2 id=\"zero-day-feb-20\"><em>Jour z\u00e9ro<\/em> (20 f\u00e9vrier)<\/h2>\n<div class=\"mx-auto mt-8 w-full max-w-4xl\">\n<div id=\"video-container-quVC-LXcnZg\"><\/div>\n<\/div>\n<p>La pr\u00e9misse (une conspiration impliquant une cyberattaque mondiale) ne nous dit pas grand-chose, mais cette mini-s\u00e9rie vaut peut-\u00eatre la peine d&rsquo;\u00eatre v\u00e9rifi\u00e9e pour son casting empil\u00e9 dirig\u00e9 par Robert De Niro et Lizzy Caplan rejoints par Angela Bassett, Jesse Plemons, Connie Britton, Joan Allen. , Matthew Modine, Bill Camp, Dan Stevens, Gaby Hoffmann et Clark Gregg. <strong>Vous pourrez diffuser <em>Jour z\u00e9ro<\/em> sur Netflix<\/strong><strong>.<\/strong><\/p>\n<hr>\n<h2 id=\"1923-season-2-feb-23\"><em>1923<\/em>Saison 2 (23 f\u00e9vrier)<\/h2>\n<div class=\"mx-auto mt-8 w-full max-w-4xl\">\n<div id=\"video-container--NTnA_zH2QM\"><\/div>\n<\/div>\n<p>Le <em>Pierre jaune<\/em> La s\u00e9rie pr\u00e9quelle se poursuit, et se termine probablement, avec cette deuxi\u00e8me saison. Les acteurs impressionnants Jacob (Harrison Ford) et Cara (Helen Mirren) continueront de d\u00e9fendre le ranch Dutton contre le m\u00e9chant baron des terres Donald Whitfield (Timothy Dalton). Le synopsis promet un \u00ab\u00a0hiver cruel\u00a0\u00bb ainsi qu&rsquo;un voyage de retour ardu pour Spencer (Brandon Sklenar) apr\u00e8s le cliffhanger de la saison derni\u00e8re. <strong>Vous pourrez diffuser <em>1923<\/em> sur Paramount+<\/strong><strong>.<\/strong><\/p>\n<hr>\n<h2 id=\"suits-la-feb-23\"><em>Costumes LA<\/em> (23 f\u00e9vrier)<\/h2>\n<div class=\"mx-auto mt-8 w-full max-w-4xl\">\n<div id=\"video-container-52Nz15kDS1c\"><\/div>\n<\/div>\n<p>Si vous avez manqu\u00e9 les neuf (!) saisons du drame juridique am\u00e9ricain, vous n&rsquo;\u00eates pas seul. Vous \u00eates peut-\u00eatre un peu moins susceptible d\u2019avoir manqu\u00e9 le buzz autour de la s\u00e9rie lorsqu\u2019elle est apparue sur Netflix et Peacock et est devenue \u00e0 peu pr\u00e8s la plus grande \u00e9mission en streaming. Cette r\u00e9surgence a conduit directement \u00e0 ce spin-off mettant en vedette Stephen Amell (<em>Fl\u00e8che<\/em>) en tant qu&rsquo;ancien procureur f\u00e9d\u00e9ral qui part \u00e0 Hollywood. Le personnage de Gabriel Macht de l&rsquo;original devrait appara\u00eetre dans quelques \u00e9pisodes, mais aucun mot sur une apparition de Meghan Markle. <strong>Vous pourrez regarder <em>Costumes\u00a0:\u00a0LA<\/em> sur NBC et diffusez-le sur Peacock<\/strong><strong>  le lendemain.<\/strong><\/p>\n<hr>\n<h2 id=\"the-americas-feb-23\"><em>Les Am\u00e9riques<\/em> (23 f\u00e9vrier)<\/h2>\n<div class=\"mx-auto mt-8 w-full max-w-4xl\">\n<div id=\"video-container-YgPVfsQTskc\"><\/div>\n<\/div>\n<p>Le producteur prim\u00e9 de la faune Mike Gunton (le <em>Plan\u00e8te Terre<\/em> s\u00e9rie) travaille sur cette s\u00e9rie depuis au moins cinq ans, promettant une ampleur sans pr\u00e9c\u00e9dent et une technologie r\u00e9volutionnaire dans son exploration de lieux embl\u00e9matiques \u00e0 travers les Am\u00e9riques, chaque \u00e9pisode se concentrant sur une r\u00e9gion diff\u00e9rente : la c\u00f4te atlantique, le Mexique, le Far West, le L&rsquo;Amazonie, le Nord gel\u00e9, la c\u00f4te du Golfe, les Andes, les Cara\u00efbes, la c\u00f4te ouest et la Patagonie. Tom Hanks raconte. <strong>Vous pourrez regarder <em>Les Am\u00e9riques<\/em> sur NBC et diffusez-le sur Peacock<\/strong><strong>.<\/strong><\/p>\n<hr>\n<h2 id=\"daredevil-born-again-march-4\"><em>Daredevil : N\u00e9 de nouveau<\/em> (4 mars)<\/h2>\n<div class=\"mx-auto mt-8 w-full max-w-4xl\">\n<div id=\"video-container-BFRILjjIon8\"><\/div>\n<\/div>\n<p>Le chemin a \u00e9t\u00e9 in\u00e9gal pour Marvel au cours des deux derni\u00e8res ann\u00e9es, mais celui-ci marque un retour aux \u00e9missions Netflix les plus r\u00e9ussies d&rsquo;autrefois. Un retour bienvenu ou une tentative d\u00e9sesp\u00e9r\u00e9e de reconqu\u00e9rir les gloires pass\u00e9es ? Nous le saurons\u00a0! Charlie Cox est de retour dans le r\u00f4le de l&rsquo;avocat\/super-h\u00e9ros Daredevil, tout comme Vincent D&rsquo;Onofrio dans le r\u00f4le de l&rsquo;ennemi jur\u00e9 Wilson Fisk, avec Deborah Ann Woll, Elden Henson et Jon Bernthal \u00e9galement pr\u00eats \u00e0 revenir. <strong>Vous pourrez diffuser <em>Daredevil : N\u00e9 de nouveau<\/em> sur Disney+<\/strong><strong>.<\/strong><\/p>\n<hr>\n<h2 id=\"the-residence-march-20\"><em>La R\u00e9sidence<\/em> (20 mars)<\/h2>\n<p>Shonda Rhimes ne manque pas, donc m\u00eame si nous ne savons pas grand chose sur ce myst\u00e8re du meurtre \u00e0 la Maison Blanche, il est toujours tr\u00e8s pr\u00e9sent sur le radar. Une com\u00e9die, au moins en partie, mettant en vedette Uzo Aduba dans le r\u00f4le de la d\u00e9tective Cordelia Cupp rejoint par Randall Park, Giancarlo Esposito, Bronson Pinchot, Isiah Whitlock Jr. et Mary Wiseman. <strong>Vous pourrez diffuser <em>La R\u00e9sidence<\/em> sur Netflix<\/strong><strong>.<\/strong><\/p>\n<hr>\n<h2 id=\"wolf-hall-the-mirror-and-the-light-march-23\"><em>Wolf Hall : Le miroir et la lumi\u00e8re <\/em>(23 mars)<\/h2>\n<div class=\"mx-auto mt-8 w-full max-w-4xl\">\n<div id=\"video-container-_JMPXb9X630\"><\/div>\n<\/div>\n<p>Mon \u00e9mission personnelle la plus attendue de 2025, ce drame de la BBC revient dans le monde d&rsquo;Hillary Mantel. <em>Salle des loups<\/em> trilogie. Apr\u00e8s l&rsquo;ex\u00e9cution (spoiler ?) d&rsquo;Anne Boleyn \u00e0 la fin de la premi\u00e8re s\u00e9rie (en 2015), Thomas Cromwell (Mark Rylance) continue de naviguer dans la cour de plus en plus meurtri\u00e8re du roi Henri VIII, avec des r\u00e9sultats tr\u00e8s mitig\u00e9s. <strong>Vous pourrez regarder ou diffuser <em>Salle des loups<\/em> sur PBS.<\/strong><\/p>\n<hr>\n<h2 id=\"the-last-of-us-season-2-april\"><em>Le dernier d&rsquo;entre nous<\/em>Saison 2 (avril)<\/h2>\n<div class=\"mx-auto mt-8 w-full max-w-4xl\">\n<div id=\"video-container-BOsAJ7oe2QE\"><\/div>\n<\/div>\n<p>Un drame zombie plus poignant arrive apr\u00e8s la premi\u00e8re saison impressionnante (et incroyablement m\u00e9chante). Pedro Pascal et Bella Ramsey reviennent, bien s\u00fbr, rejoints par Kaitlyn Dever et Isabela Merced dans le r\u00f4le d&rsquo;Abby et Dina \u2013 que les fans des jeux, m&rsquo;a-t-on dit, reconna\u00eetront. Une troisi\u00e8me saison serait d\u00e9j\u00e0 en d\u00e9veloppement. <strong>Vous pourrez regarder <em>Le dernier d&rsquo;entre nous<\/em> sur HBO et diffusez-le sur Max<\/strong><strong>.<\/strong><\/p>\n<hr>\n<h2 id=\"andor-season-2-april-22\"><em>Andor<\/em>Saison 2 (22 avril)<\/h2>\n<div class=\"mx-auto mt-8 w-full max-w-4xl\">\n<div id=\"video-container-Xfpyp9gM-tA\"><\/div>\n<\/div>\n<p>Bien qu&rsquo;il s&rsquo;agisse d&rsquo;une pr\u00e9quelle d&rsquo;une pr\u00e9quelle (<em>Voleur un<\/em>), la premi\u00e8re saison de <em>Andor<\/em> \u00e9tait le seul r\u00e9cent <em>Guerres des \u00e9toiles<\/em> un projet qui semblait vraiment important, ou du moins qui avait une raison d&rsquo;exister en dehors de la nostalgie. Nous ne savons pas grand-chose de la saison deux, sauf que Diego Luna est de retour en tant que personnage principal pour une s\u00e9rie de douze \u00e9pisodes. <strong>Vous pourrez diffuser <em>Andor<\/em> sur Disney+<\/strong><strong>.<\/strong><\/p>\n<hr>\n<h2 id=\"ironheart-june-24\"><em>C\u0153ur de fer<\/em> (24 juin)<\/h2>\n<p>Dominique Thorne revient dans le r\u00f4le de Riri Williams apr\u00e8s son r\u00f4le dans <em>Wakanda pour toujours<\/em>. Il est de plus en plus difficile de susciter l&rsquo;enthousiasme pour les nouvelles s\u00e9ries Marvel, mais <em>Agatha tout au long<\/em>le plus r\u00e9cent, a \u00e9t\u00e9 un v\u00e9ritable triomphe, et Thorne a \u00e9t\u00e9 un point positif dans ce dernier <em>Panth\u00e8re noire<\/em> film. Marvel dit que cela marquera la conclusion de la phase cinq du MCU, quelle que soit sa valeur. <strong>Vous pourrez diffuser <em>C\u0153ur de fer<\/em> sur Disney+<\/strong><strong>.<\/strong><\/p>\n<hr>\n<h2 id=\"alien-earth-tbd\"><em>Extraterrestre\u00a0:\u00a0Terre<\/em> (\u00e0 d\u00e9terminer)<\/h2>\n<div class=\"mx-auto mt-8 w-full max-w-4xl\">\n<div id=\"video-container-VKogMoEqdG0\"><\/div>\n<\/div>\n<p>Apr\u00e8s le succ\u00e8s du th\u00e9\u00e2tre <em>Extraterrestre\u00a0: Romulus<\/em>la franchise fait le grand saut \u00e0 la t\u00e9l\u00e9vision. Se d\u00e9roulant quelques ann\u00e9es seulement avant le premier film Alien, il implique un groupe h\u00e9t\u00e9roclite de soldats tombant sur un vaisseau spatial \u00e9cras\u00e9 contenant une menace myst\u00e9rieuse (c&rsquo;est probablement un x\u00e9nomorphe). Ce sera probablement la premi\u00e8re fois que nous verrons nos tueurs extraterrestres pr\u00e9f\u00e9r\u00e9s sur Terre, et, de mani\u00e8re prometteuse, il est dirig\u00e9 par Noah Hawley (<em>Fargo<\/em>, <em>L\u00e9gion<\/em>). On s&rsquo;attend \u00e0 ce qu&rsquo;il baisse cet \u00e9t\u00e9. <strong>Vous pourrez regarder <em>Extraterrestre\u00a0:\u00a0Terre<\/em> sur FX et diffusez-le sur Hulu<\/strong><strong>. <\/strong><\/p>\n<hr>\n<h2 id=\"the-gilded-age-season-3-tbd\"><em>L&rsquo;\u00e2ge d&rsquo;or<\/em>Saison 3 (\u00e0 d\u00e9terminer)<\/h2>\n<p>Carrie Coon, Morgan Spector, Cynthia Nixon et Christine Baranski reviennent toutes dans le monde somptueux, sarcastique et savonneux de <em>L&rsquo;\u00e2ge d&rsquo;or<\/em>rejoint par la grande Andrea Martin en tant que m\u00e9dium cens\u00e9 communiquer avec les morts. Aimer. On s&rsquo;attend \u00e0 ce qu&rsquo;il baisse cet \u00e9t\u00e9. <strong>Vous pourrez regarder <em>L&rsquo;\u00e2ge d&rsquo;or<\/em> sur HBO et diffusez-le sur Max<\/strong><strong>.<\/strong><\/p>\n<hr>\n<h2 id=\"anne-rices-the-talamasca-tbd\"><em>La Talamasca d&rsquo;Anne Rice <\/em>(\u00e0 d\u00e9terminer)<\/h2>\n<p>Apr\u00e8s avoir fait triompher la critique et les audiences de <em>Entretien avec le vampire<\/em>et un succ\u00e8s plus modeste de <em>Sorci\u00e8res de Mayfair<\/em>AMC se lance \u00e0 nouveau avec <em>La Talamasca<\/em>sur la soci\u00e9t\u00e9 secr\u00e8te qui veille \u00e0 la fois sur les vampires et les sorci\u00e8res dans les romans d&rsquo;Anne Rice. On ne sait pas grand-chose pour le moment, mais William Fichtner et Elizabeth McGovern devraient jouer le r\u00f4le principal. <strong>Vous pourrez regarder <em>La Talamasca<\/em> sur AMC et diffusez-le sur AMC+.<\/strong><\/p>\n<hr>\n<h2 id=\"squid-game-tbd\"><em>Jeu de calmar<\/em> (\u00e0 d\u00e9terminer)<\/h2>\n<p>La saison deux vient de sortir en d\u00e9cembre, mais le cr\u00e9ateur\/sc\u00e9nariste\/r\u00e9alisateur Hwang Dong-hyuk promet que la troisi\u00e8me et derni\u00e8re saison, film\u00e9e cons\u00e9cutivement \u00e0 la saison deux, sortira cette ann\u00e9e. <strong>Vous pourrez diffuser <em>Jeu de calmar<\/em> sur Netflix<\/strong><strong>.<\/strong><\/p>\n<hr>\n<h2 id=\"star-trek-strange-new-worlds-season-3-tbd\"><em>Star Trek\u00a0: de nouveaux mondes \u00e9tranges<\/em>Saison 3 (\u00e0 d\u00e9terminer)<\/h2>\n<div class=\"mx-auto mt-8 w-full max-w-4xl\">\n<div id=\"video-container-llvMv5-ydyQ\"><\/div>\n<\/div>\n<p>Avec les conclusions de <em>D\u00e9couverte<\/em>, <em>Picard<\/em>et <em>Ponts inf\u00e9rieurs<\/em>et le sort incertain de <em>Prodige<\/em>2025 s&rsquo;annonce comme \u00e7a va \u00eatre un peu moins<em> Randonn\u00e9e<\/em>-lourd que ces derni\u00e8res ann\u00e9es. Pourtant, le capitaine Pike et son \u00e9quipage sont plus que capables de maintenir le fort, surtout s&rsquo;ils trouvent une excuse pour faire un autre \u00e9pisode musical. Il est possible que la prochaine s\u00e9rie de Star Trek, <em>Acad\u00e9mie Starfleet<\/em> (avec Holly Hunter et Paul Giamatti) sera \u00e9galement pr\u00e9sent\u00e9 en premi\u00e8re plus tard cette ann\u00e9e. <strong>Vous pourrez diffuser <em>De nouveaux mondes \u00e9tranges<\/em> sur Paramount+<\/strong><strong>.<\/strong><\/p>\n<hr>\n<h2 id=\"it-welcome-to-derry-tbd\"><em>\u00c7a\u00a0: Bienvenue \u00e0 Derry<\/em> (\u00e0 d\u00e9terminer)<\/h2>\n<p>Quoi, tu n&rsquo;aimes pas les clowns ? Ce <em>Il<\/em> La s\u00e9rie pr\u00e9quelle r\u00e9unit Bill Skarsg\u00e5rd, qui jouait Pennywise le Clown dans les films, avec Derry de Stephen King. Nous savons que Pennywise a tourment\u00e9 la ville avant les \u00e9v\u00e9nements des films, et la s\u00e9rie se d\u00e9roulerait en 1962, 1935 et 1908 au cours des trois saisons pr\u00e9vues. <strong>Vous pourrez regarder <em>Bienvenue \u00e0 Derry<\/em> sur HBO et diffusez-le sur Max<\/strong><strong>.<\/strong><\/p>\n","protected":false},"excerpt":{"rendered":"<p>Votre nouvelle \u00e9mission pr\u00e9f\u00e9r\u00e9e (ou ancienne \u00e9mission pr\u00e9f\u00e9r\u00e9e) arrivera peut-\u00eatre bient\u00f4t. La vraie vie est plut\u00f4t interm\u00e9diaire \u00e0 ce stade, je m&rsquo;engage donc \u00e0 laisser<\/p>\n","protected":false},"author":1,"featured_media":4259,"comment_status":"","ping_status":"","sticky":false,"template":"","format":"standard","meta":{"footnotes":""},"categories":[36],"tags":[670,4691,636,1931,2987,1215,4692,1316,8,4],"class_list":["post-4258","post","type-post","status-publish","format-standard","has-post-thumbnail","hentry","category-divertissement","tag-ajouter","tag-anciennes","tag-devriez","tag-emissions","tag-liste","tag-nouvelles","tag-surveillance","tag-television","tag-votre","tag-vous","generate-columns","tablet-grid-50","mobile-grid-100","grid-parent","grid-33"],"yoast_head":"<!-- This site is optimized with the Yoast SEO plugin v24.0 - https:\/\/yoast.com\/wordpress\/plugins\/seo\/ -->\n<title>25 \u00e9missions de t\u00e9l\u00e9vision nouvelles et anciennes que vous devriez ajouter \u00e0 votre liste de surveillance 2025 | Vie Associative<\/title>\n<meta name=\"robots\" content=\"index, follow, max-snippet:-1, max-image-preview:large, max-video-preview:-1\" \/>\n<link rel=\"canonical\" href=\"https:\/\/vieassociative.be\/actualites\/25-emissions-de-television-nouvelles-et-anciennes-que-vous-devriez-ajouter-a-votre-liste-de-surveillance-2025\/\" \/>\n<meta property=\"og:locale\" content=\"fr_FR\" \/>\n<meta property=\"og:type\" content=\"article\" \/>\n<meta property=\"og:title\" content=\"25 \u00e9missions de t\u00e9l\u00e9vision nouvelles et anciennes que vous devriez ajouter \u00e0 votre liste de surveillance 2025 | Vie Associative\" \/>\n<meta property=\"og:description\" content=\"Votre nouvelle \u00e9mission pr\u00e9f\u00e9r\u00e9e (ou ancienne \u00e9mission pr\u00e9f\u00e9r\u00e9e) arrivera peut-\u00eatre bient\u00f4t. La vraie vie est plut\u00f4t interm\u00e9diaire \u00e0 ce stade, je m&rsquo;engage donc \u00e0 laisser\" \/>\n<meta property=\"og:url\" content=\"https:\/\/vieassociative.be\/actualites\/25-emissions-de-television-nouvelles-et-anciennes-que-vous-devriez-ajouter-a-votre-liste-de-surveillance-2025\/\" \/>\n<meta property=\"og:site_name\" content=\"Vie Associative\" \/>\n<meta property=\"article:published_time\" content=\"2025-01-11T19:17:21+00:00\" \/>\n<meta property=\"og:image\" content=\"https:\/\/vieassociative.be\/actualites\/wp-content\/uploads\/2024\/09\/header_backgroundk-01-e1726694325946.png\" \/>\n\t<meta property=\"og:image:width\" content=\"279\" \/>\n\t<meta property=\"og:image:height\" content=\"92\" \/>\n\t<meta property=\"og:image:type\" content=\"image\/png\" \/>\n<meta name=\"author\" content=\"Julien\" \/>\n<meta name=\"twitter:card\" content=\"summary_large_image\" \/>\n<meta name=\"twitter:label1\" content=\"\u00c9crit par\" \/>\n\t<meta name=\"twitter:data1\" content=\"Julien\" \/>\n\t<meta name=\"twitter:label2\" content=\"Dur\u00e9e de lecture est.\" \/>\n\t<meta name=\"twitter:data2\" content=\"12 minutes\" \/>\n<script type=\"application\/ld+json\" class=\"yoast-schema-graph\">{\"@context\":\"https:\/\/schema.org\",\"@graph\":[{\"@type\":\"Article\",\"@id\":\"https:\/\/vieassociative.be\/actualites\/25-emissions-de-television-nouvelles-et-anciennes-que-vous-devriez-ajouter-a-votre-liste-de-surveillance-2025\/#article\",\"isPartOf\":{\"@id\":\"https:\/\/vieassociative.be\/actualites\/25-emissions-de-television-nouvelles-et-anciennes-que-vous-devriez-ajouter-a-votre-liste-de-surveillance-2025\/\"},\"author\":{\"name\":\"Julien\",\"@id\":\"https:\/\/vieassociative.be\/actualites\/#\/schema\/person\/b87ac4f82f9d4e7b7cec7395b679edc4\"},\"headline\":\"25 \u00e9missions de t\u00e9l\u00e9vision nouvelles et anciennes que vous devriez ajouter \u00e0 votre liste de surveillance 2025\",\"datePublished\":\"2025-01-11T19:17:21+00:00\",\"dateModified\":\"2025-01-11T19:17:21+00:00\",\"mainEntityOfPage\":{\"@id\":\"https:\/\/vieassociative.be\/actualites\/25-emissions-de-television-nouvelles-et-anciennes-que-vous-devriez-ajouter-a-votre-liste-de-surveillance-2025\/\"},\"wordCount\":2383,\"publisher\":{\"@id\":\"https:\/\/vieassociative.be\/actualites\/#organization\"},\"image\":{\"@id\":\"https:\/\/vieassociative.be\/actualites\/25-emissions-de-television-nouvelles-et-anciennes-que-vous-devriez-ajouter-a-votre-liste-de-surveillance-2025\/#primaryimage\"},\"thumbnailUrl\":\"https:\/\/vieassociative.be\/actualites\/wp-content\/uploads\/2025\/01\/25-emissions-de-television-nouvelles-et-anciennes-que-vous-devriez.jpg\",\"keywords\":[\"ajouter\",\"anciennes\",\"devriez\",\"\u00e9missions\",\"liste\",\"nouvelles\",\"surveillance\",\"t\u00e9l\u00e9vision\",\"votre\",\"Vous\"],\"articleSection\":[\"Divertissement\"],\"inLanguage\":\"fr-BE\"},{\"@type\":\"WebPage\",\"@id\":\"https:\/\/vieassociative.be\/actualites\/25-emissions-de-television-nouvelles-et-anciennes-que-vous-devriez-ajouter-a-votre-liste-de-surveillance-2025\/\",\"url\":\"https:\/\/vieassociative.be\/actualites\/25-emissions-de-television-nouvelles-et-anciennes-que-vous-devriez-ajouter-a-votre-liste-de-surveillance-2025\/\",\"name\":\"25 \u00e9missions de t\u00e9l\u00e9vision nouvelles et anciennes que vous devriez ajouter \u00e0 votre liste de surveillance 2025 | Vie Associative\",\"isPartOf\":{\"@id\":\"https:\/\/vieassociative.be\/actualites\/#website\"},\"primaryImageOfPage\":{\"@id\":\"https:\/\/vieassociative.be\/actualites\/25-emissions-de-television-nouvelles-et-anciennes-que-vous-devriez-ajouter-a-votre-liste-de-surveillance-2025\/#primaryimage\"},\"image\":{\"@id\":\"https:\/\/vieassociative.be\/actualites\/25-emissions-de-television-nouvelles-et-anciennes-que-vous-devriez-ajouter-a-votre-liste-de-surveillance-2025\/#primaryimage\"},\"thumbnailUrl\":\"https:\/\/vieassociative.be\/actualites\/wp-content\/uploads\/2025\/01\/25-emissions-de-television-nouvelles-et-anciennes-que-vous-devriez.jpg\",\"datePublished\":\"2025-01-11T19:17:21+00:00\",\"dateModified\":\"2025-01-11T19:17:21+00:00\",\"breadcrumb\":{\"@id\":\"https:\/\/vieassociative.be\/actualites\/25-emissions-de-television-nouvelles-et-anciennes-que-vous-devriez-ajouter-a-votre-liste-de-surveillance-2025\/#breadcrumb\"},\"inLanguage\":\"fr-BE\",\"potentialAction\":[{\"@type\":\"ReadAction\",\"target\":[\"https:\/\/vieassociative.be\/actualites\/25-emissions-de-television-nouvelles-et-anciennes-que-vous-devriez-ajouter-a-votre-liste-de-surveillance-2025\/\"]}]},{\"@type\":\"ImageObject\",\"inLanguage\":\"fr-BE\",\"@id\":\"https:\/\/vieassociative.be\/actualites\/25-emissions-de-television-nouvelles-et-anciennes-que-vous-devriez-ajouter-a-votre-liste-de-surveillance-2025\/#primaryimage\",\"url\":\"https:\/\/vieassociative.be\/actualites\/wp-content\/uploads\/2025\/01\/25-emissions-de-television-nouvelles-et-anciennes-que-vous-devriez.jpg\",\"contentUrl\":\"https:\/\/vieassociative.be\/actualites\/wp-content\/uploads\/2025\/01\/25-emissions-de-television-nouvelles-et-anciennes-que-vous-devriez.jpg\",\"width\":1200,\"height\":675,\"caption\":\"25 \u00e9missions de t\u00e9l\u00e9vision nouvelles et anciennes que vous devriez ajouter \u00e0 votre liste de surveillance 2025\"},{\"@type\":\"BreadcrumbList\",\"@id\":\"https:\/\/vieassociative.be\/actualites\/25-emissions-de-television-nouvelles-et-anciennes-que-vous-devriez-ajouter-a-votre-liste-de-surveillance-2025\/#breadcrumb\",\"itemListElement\":[{\"@type\":\"ListItem\",\"position\":1,\"name\":\"Accueil\",\"item\":\"https:\/\/vieassociative.be\/actualites\/\"},{\"@type\":\"ListItem\",\"position\":2,\"name\":\"25 \u00e9missions de t\u00e9l\u00e9vision nouvelles et anciennes que vous devriez ajouter \u00e0 votre liste de surveillance 2025\"}]},{\"@type\":\"WebSite\",\"@id\":\"https:\/\/vieassociative.be\/actualites\/#website\",\"url\":\"https:\/\/vieassociative.be\/actualites\/\",\"name\":\"Vie Associative\",\"description\":\"\",\"publisher\":{\"@id\":\"https:\/\/vieassociative.be\/actualites\/#organization\"},\"potentialAction\":[{\"@type\":\"SearchAction\",\"target\":{\"@type\":\"EntryPoint\",\"urlTemplate\":\"https:\/\/vieassociative.be\/actualites\/?s={search_term_string}\"},\"query-input\":{\"@type\":\"PropertyValueSpecification\",\"valueRequired\":true,\"valueName\":\"search_term_string\"}}],\"inLanguage\":\"fr-BE\"},{\"@type\":\"Organization\",\"@id\":\"https:\/\/vieassociative.be\/actualites\/#organization\",\"name\":\"Vie Associative\",\"url\":\"https:\/\/vieassociative.be\/actualites\/\",\"logo\":{\"@type\":\"ImageObject\",\"inLanguage\":\"fr-BE\",\"@id\":\"https:\/\/vieassociative.be\/actualites\/#\/schema\/logo\/image\/\",\"url\":\"https:\/\/vieassociative.be\/actualites\/wp-content\/uploads\/2024\/09\/cropped-vieassociative_favicon.ico.png\",\"contentUrl\":\"https:\/\/vieassociative.be\/actualites\/wp-content\/uploads\/2024\/09\/cropped-vieassociative_favicon.ico.png\",\"width\":512,\"height\":512,\"caption\":\"Vie Associative\"},\"image\":{\"@id\":\"https:\/\/vieassociative.be\/actualites\/#\/schema\/logo\/image\/\"}},{\"@type\":\"Person\",\"@id\":\"https:\/\/vieassociative.be\/actualites\/#\/schema\/person\/b87ac4f82f9d4e7b7cec7395b679edc4\",\"name\":\"Julien\",\"image\":{\"@type\":\"ImageObject\",\"inLanguage\":\"fr-BE\",\"@id\":\"https:\/\/vieassociative.be\/actualites\/#\/schema\/person\/image\/\",\"url\":\"https:\/\/vieassociative.be\/actualites\/wp-content\/uploads\/2024\/09\/vie-associative-1-150x150.jpg\",\"contentUrl\":\"https:\/\/vieassociative.be\/actualites\/wp-content\/uploads\/2024\/09\/vie-associative-1-150x150.jpg\",\"caption\":\"Julien\"},\"description\":\"Je suis Julien, r\u00e9dacteur pour Vie Associative. Passionn\u00e9 par le monde associatif depuis plus de 10 ans, j'ai \u00e0 c\u0153ur de partager des histoires inspirantes et de mettre en lumi\u00e8re les initiatives locales. Mon objectif est de sensibiliser et d'encourager l'engagement communautaire \u00e0 travers mes articles.\",\"sameAs\":[\"https:\/\/vieassociative.be\/\"]}]}<\/script>\n<!-- \/ Yoast SEO plugin. -->","yoast_head_json":{"title":"25 \u00e9missions de t\u00e9l\u00e9vision nouvelles et anciennes que vous devriez ajouter \u00e0 votre liste de surveillance 2025 | Vie Associative","robots":{"index":"index","follow":"follow","max-snippet":"max-snippet:-1","max-image-preview":"max-image-preview:large","max-video-preview":"max-video-preview:-1"},"canonical":"https:\/\/vieassociative.be\/actualites\/25-emissions-de-television-nouvelles-et-anciennes-que-vous-devriez-ajouter-a-votre-liste-de-surveillance-2025\/","og_locale":"fr_FR","og_type":"article","og_title":"25 \u00e9missions de t\u00e9l\u00e9vision nouvelles et anciennes que vous devriez ajouter \u00e0 votre liste de surveillance 2025 | Vie Associative","og_description":"Votre nouvelle \u00e9mission pr\u00e9f\u00e9r\u00e9e (ou ancienne \u00e9mission pr\u00e9f\u00e9r\u00e9e) arrivera peut-\u00eatre bient\u00f4t. La vraie vie est plut\u00f4t interm\u00e9diaire \u00e0 ce stade, je m&rsquo;engage donc \u00e0 laisser","og_url":"https:\/\/vieassociative.be\/actualites\/25-emissions-de-television-nouvelles-et-anciennes-que-vous-devriez-ajouter-a-votre-liste-de-surveillance-2025\/","og_site_name":"Vie Associative","article_published_time":"2025-01-11T19:17:21+00:00","og_image":[{"width":279,"height":92,"url":"https:\/\/vieassociative.be\/actualites\/wp-content\/uploads\/2024\/09\/header_backgroundk-01-e1726694325946.png","type":"image\/png"}],"author":"Julien","twitter_card":"summary_large_image","twitter_misc":{"\u00c9crit par":"Julien","Dur\u00e9e de lecture est.":"12 minutes"},"schema":{"@context":"https:\/\/schema.org","@graph":[{"@type":"Article","@id":"https:\/\/vieassociative.be\/actualites\/25-emissions-de-television-nouvelles-et-anciennes-que-vous-devriez-ajouter-a-votre-liste-de-surveillance-2025\/#article","isPartOf":{"@id":"https:\/\/vieassociative.be\/actualites\/25-emissions-de-television-nouvelles-et-anciennes-que-vous-devriez-ajouter-a-votre-liste-de-surveillance-2025\/"},"author":{"name":"Julien","@id":"https:\/\/vieassociative.be\/actualites\/#\/schema\/person\/b87ac4f82f9d4e7b7cec7395b679edc4"},"headline":"25 \u00e9missions de t\u00e9l\u00e9vision nouvelles et anciennes que vous devriez ajouter \u00e0 votre liste de surveillance 2025","datePublished":"2025-01-11T19:17:21+00:00","dateModified":"2025-01-11T19:17:21+00:00","mainEntityOfPage":{"@id":"https:\/\/vieassociative.be\/actualites\/25-emissions-de-television-nouvelles-et-anciennes-que-vous-devriez-ajouter-a-votre-liste-de-surveillance-2025\/"},"wordCount":2383,"publisher":{"@id":"https:\/\/vieassociative.be\/actualites\/#organization"},"image":{"@id":"https:\/\/vieassociative.be\/actualites\/25-emissions-de-television-nouvelles-et-anciennes-que-vous-devriez-ajouter-a-votre-liste-de-surveillance-2025\/#primaryimage"},"thumbnailUrl":"https:\/\/vieassociative.be\/actualites\/wp-content\/uploads\/2025\/01\/25-emissions-de-television-nouvelles-et-anciennes-que-vous-devriez.jpg","keywords":["ajouter","anciennes","devriez","\u00e9missions","liste","nouvelles","surveillance","t\u00e9l\u00e9vision","votre","Vous"],"articleSection":["Divertissement"],"inLanguage":"fr-BE"},{"@type":"WebPage","@id":"https:\/\/vieassociative.be\/actualites\/25-emissions-de-television-nouvelles-et-anciennes-que-vous-devriez-ajouter-a-votre-liste-de-surveillance-2025\/","url":"https:\/\/vieassociative.be\/actualites\/25-emissions-de-television-nouvelles-et-anciennes-que-vous-devriez-ajouter-a-votre-liste-de-surveillance-2025\/","name":"25 \u00e9missions de t\u00e9l\u00e9vision nouvelles et anciennes que vous devriez ajouter \u00e0 votre liste de surveillance 2025 | Vie Associative","isPartOf":{"@id":"https:\/\/vieassociative.be\/actualites\/#website"},"primaryImageOfPage":{"@id":"https:\/\/vieassociative.be\/actualites\/25-emissions-de-television-nouvelles-et-anciennes-que-vous-devriez-ajouter-a-votre-liste-de-surveillance-2025\/#primaryimage"},"image":{"@id":"https:\/\/vieassociative.be\/actualites\/25-emissions-de-television-nouvelles-et-anciennes-que-vous-devriez-ajouter-a-votre-liste-de-surveillance-2025\/#primaryimage"},"thumbnailUrl":"https:\/\/vieassociative.be\/actualites\/wp-content\/uploads\/2025\/01\/25-emissions-de-television-nouvelles-et-anciennes-que-vous-devriez.jpg","datePublished":"2025-01-11T19:17:21+00:00","dateModified":"2025-01-11T19:17:21+00:00","breadcrumb":{"@id":"https:\/\/vieassociative.be\/actualites\/25-emissions-de-television-nouvelles-et-anciennes-que-vous-devriez-ajouter-a-votre-liste-de-surveillance-2025\/#breadcrumb"},"inLanguage":"fr-BE","potentialAction":[{"@type":"ReadAction","target":["https:\/\/vieassociative.be\/actualites\/25-emissions-de-television-nouvelles-et-anciennes-que-vous-devriez-ajouter-a-votre-liste-de-surveillance-2025\/"]}]},{"@type":"ImageObject","inLanguage":"fr-BE","@id":"https:\/\/vieassociative.be\/actualites\/25-emissions-de-television-nouvelles-et-anciennes-que-vous-devriez-ajouter-a-votre-liste-de-surveillance-2025\/#primaryimage","url":"https:\/\/vieassociative.be\/actualites\/wp-content\/uploads\/2025\/01\/25-emissions-de-television-nouvelles-et-anciennes-que-vous-devriez.jpg","contentUrl":"https:\/\/vieassociative.be\/actualites\/wp-content\/uploads\/2025\/01\/25-emissions-de-television-nouvelles-et-anciennes-que-vous-devriez.jpg","width":1200,"height":675,"caption":"25 \u00e9missions de t\u00e9l\u00e9vision nouvelles et anciennes que vous devriez ajouter \u00e0 votre liste de surveillance 2025"},{"@type":"BreadcrumbList","@id":"https:\/\/vieassociative.be\/actualites\/25-emissions-de-television-nouvelles-et-anciennes-que-vous-devriez-ajouter-a-votre-liste-de-surveillance-2025\/#breadcrumb","itemListElement":[{"@type":"ListItem","position":1,"name":"Accueil","item":"https:\/\/vieassociative.be\/actualites\/"},{"@type":"ListItem","position":2,"name":"25 \u00e9missions de t\u00e9l\u00e9vision nouvelles et anciennes que vous devriez ajouter \u00e0 votre liste de surveillance 2025"}]},{"@type":"WebSite","@id":"https:\/\/vieassociative.be\/actualites\/#website","url":"https:\/\/vieassociative.be\/actualites\/","name":"Vie Associative","description":"","publisher":{"@id":"https:\/\/vieassociative.be\/actualites\/#organization"},"potentialAction":[{"@type":"SearchAction","target":{"@type":"EntryPoint","urlTemplate":"https:\/\/vieassociative.be\/actualites\/?s={search_term_string}"},"query-input":{"@type":"PropertyValueSpecification","valueRequired":true,"valueName":"search_term_string"}}],"inLanguage":"fr-BE"},{"@type":"Organization","@id":"https:\/\/vieassociative.be\/actualites\/#organization","name":"Vie Associative","url":"https:\/\/vieassociative.be\/actualites\/","logo":{"@type":"ImageObject","inLanguage":"fr-BE","@id":"https:\/\/vieassociative.be\/actualites\/#\/schema\/logo\/image\/","url":"https:\/\/vieassociative.be\/actualites\/wp-content\/uploads\/2024\/09\/cropped-vieassociative_favicon.ico.png","contentUrl":"https:\/\/vieassociative.be\/actualites\/wp-content\/uploads\/2024\/09\/cropped-vieassociative_favicon.ico.png","width":512,"height":512,"caption":"Vie Associative"},"image":{"@id":"https:\/\/vieassociative.be\/actualites\/#\/schema\/logo\/image\/"}},{"@type":"Person","@id":"https:\/\/vieassociative.be\/actualites\/#\/schema\/person\/b87ac4f82f9d4e7b7cec7395b679edc4","name":"Julien","image":{"@type":"ImageObject","inLanguage":"fr-BE","@id":"https:\/\/vieassociative.be\/actualites\/#\/schema\/person\/image\/","url":"https:\/\/vieassociative.be\/actualites\/wp-content\/uploads\/2024\/09\/vie-associative-1-150x150.jpg","contentUrl":"https:\/\/vieassociative.be\/actualites\/wp-content\/uploads\/2024\/09\/vie-associative-1-150x150.jpg","caption":"Julien"},"description":"Je suis Julien, r\u00e9dacteur pour Vie Associative. Passionn\u00e9 par le monde associatif depuis plus de 10 ans, j'ai \u00e0 c\u0153ur de partager des histoires inspirantes et de mettre en lumi\u00e8re les initiatives locales. Mon objectif est de sensibiliser et d'encourager l'engagement communautaire \u00e0 travers mes articles.","sameAs":["https:\/\/vieassociative.be\/"]}]}},"_links":{"self":[{"href":"https:\/\/vieassociative.be\/actualites\/wp-json\/wp\/v2\/posts\/4258"}],"collection":[{"href":"https:\/\/vieassociative.be\/actualites\/wp-json\/wp\/v2\/posts"}],"about":[{"href":"https:\/\/vieassociative.be\/actualites\/wp-json\/wp\/v2\/types\/post"}],"author":[{"embeddable":true,"href":"https:\/\/vieassociative.be\/actualites\/wp-json\/wp\/v2\/users\/1"}],"replies":[{"embeddable":true,"href":"https:\/\/vieassociative.be\/actualites\/wp-json\/wp\/v2\/comments?post=4258"}],"version-history":[{"count":0,"href":"https:\/\/vieassociative.be\/actualites\/wp-json\/wp\/v2\/posts\/4258\/revisions"}],"wp:featuredmedia":[{"embeddable":true,"href":"https:\/\/vieassociative.be\/actualites\/wp-json\/wp\/v2\/media\/4259"}],"wp:attachment":[{"href":"https:\/\/vieassociative.be\/actualites\/wp-json\/wp\/v2\/media?parent=4258"}],"wp:term":[{"taxonomy":"category","embeddable":true,"href":"https:\/\/vieassociative.be\/actualites\/wp-json\/wp\/v2\/categories?post=4258"},{"taxonomy":"post_tag","embeddable":true,"href":"https:\/\/vieassociative.be\/actualites\/wp-json\/wp\/v2\/tags?post=4258"}],"curies":[{"name":"wp","href":"https:\/\/api.w.org\/{rel}","templated":true}]}}