{"id":4253,"date":"2025-01-11T15:17:23","date_gmt":"2025-01-11T14:17:23","guid":{"rendered":"https:\/\/vieassociative.be\/actualites\/dialogue-a-hauteur-doeil-la-dg-gouvernement-rencontre-les-colleges-communautaires-pour-une-reunion-commune-a-huis-clos\/"},"modified":"2025-01-11T15:17:23","modified_gmt":"2025-01-11T14:17:23","slug":"dialogue-a-hauteur-doeil-la-dg-gouvernement-rencontre-les-colleges-communautaires-pour-une-reunion-commune-a-huis-clos","status":"publish","type":"post","link":"https:\/\/vieassociative.be\/actualites\/dialogue-a-hauteur-doeil-la-dg-gouvernement-rencontre-les-colleges-communautaires-pour-une-reunion-commune-a-huis-clos\/","title":{"rendered":"\u00ab Dialogue \u00e0 hauteur d\u2019\u0153il \u00bb : La DG gouvernement rencontre les coll\u00e8ges communautaires pour une r\u00e9union commune \u00e0 huis clos"},"content":{"rendered":"<p><strong>Vendredi, le gouvernement a r\u00e9uni les neuf conseils municipaux de la DG &#8211; c&rsquo;est-\u00e0-dire tous les juges non professionnels et les maires &#8211; pour une r\u00e9union commune \u00e0 huis clos.<\/strong><\/p>\n<p><span id=\"more-405950\"><\/span>La DG Gouvernement souhaite mener un dialogue r\u00e9gulier et ax\u00e9 sur les r\u00e9sultats avec les communaut\u00e9s sur un pied d&rsquo;\u00e9galit\u00e9 dans les ann\u00e9es \u00e0 venir. La collaboration devrait \u00eatre encore plus \u00e9troite que les ann\u00e9es pr\u00e9c\u00e9dentes. <\/p>\n<p>Concr\u00e8tement, une m\u00e9thode de travail et un calendrier ont \u00e9t\u00e9 convenus pour placer le financement des communes sur de nouvelles bases.<\/p>\n<div id=\"attachment_405953\" class=\"wp-caption alignleft\" style=\"max-width: 300px\"><img fetchpriority=\"high\" decoding=\"async\" class=\"wp-image-405953 size-medium\" src=\"https:\/\/vieassociative.be\/actualites\/wp-content\/uploads\/2025\/01\/Dialogue-a-hauteur-doeil-La-DG-gouvernement.jpg\" alt=\"\" width=\"300\" height=\"200\"  ><\/p>\n<p class=\"wp-caption-text\">Les quatre ministres de la DG Gregor Freches, Oliver Paasch, J\u00e9r\u00f4me Franssen et Lydia Klinkenberg (de gauche \u00e0 droite). Photo : DG<\/p>\n<\/div>\n<p>Il a \u00e9galement \u00e9t\u00e9 not\u00e9 qu&rsquo;une nouvelle loi d&rsquo;am\u00e9nagement du territoire pour la DG sera \u00e9labor\u00e9e ensemble dans les mois \u00e0 venir. \u00c0 cette fin, plusieurs r\u00e9unions \u00e0 huis clos d\u2019une journ\u00e9e enti\u00e8re sont programm\u00e9es au cours des prochains mois.<\/p>\n<p>Le gouvernement et les communes souhaitent \u00e9galement travailler ensemble \u00e0 la mise en \u0153uvre de la mission int\u00e9gr\u00e9e \u00ab Vivre l&rsquo;Est de la Belgique 2040 \u00bb. Pour ce faire, il est important d&rsquo;identifier les int\u00e9r\u00eats communs dans la mise en \u0153uvre et de d\u00e9composer les objectifs cl\u00e9s dans les programmes politiques municipaux.<\/p>\n<p>Parmi les autres sujets sur lesquels le gouvernement et les communes souhaiteraient travailler ensemble figurent la construction de logements et les zones d&rsquo;aide.<\/p>\n","protected":false},"excerpt":{"rendered":"<p>Vendredi, le gouvernement a r\u00e9uni les neuf conseils municipaux de la DG &#8211; c&rsquo;est-\u00e0-dire tous les juges non professionnels et les maires &#8211; pour une<\/p>\n","protected":false},"author":1,"featured_media":4254,"comment_status":"","ping_status":"","sticky":false,"template":"","format":"standard","meta":{"footnotes":""},"categories":[298],"tags":[4687,4683,4684,4685,3437,4682,615,4681,4686,14,81,1184,4051,110],"class_list":["post-4253","post","type-post","status-publish","format-standard","has-post-thumbnail","hentry","category-belgique","tag-clos","tag-colleges","tag-communautaires","tag-commune","tag-dialogue","tag-doeil","tag-gouvernement","tag-hauteur","tag-huis","tag-les","tag-pour","tag-rencontre","tag-reunion","tag-une","generate-columns","tablet-grid-50","mobile-grid-100","grid-parent","grid-33"],"yoast_head":"<!-- This site is optimized with the Yoast SEO plugin v24.0 - https:\/\/yoast.com\/wordpress\/plugins\/seo\/ -->\n<title>\u00ab Dialogue \u00e0 hauteur d\u2019\u0153il \u00bb : La DG gouvernement rencontre les coll\u00e8ges communautaires pour une r\u00e9union commune \u00e0 huis clos | Vie Associative<\/title>\n<meta name=\"robots\" content=\"index, follow, max-snippet:-1, max-image-preview:large, max-video-preview:-1\" \/>\n<link rel=\"canonical\" href=\"https:\/\/vieassociative.be\/actualites\/dialogue-a-hauteur-doeil-la-dg-gouvernement-rencontre-les-colleges-communautaires-pour-une-reunion-commune-a-huis-clos\/\" \/>\n<meta property=\"og:locale\" content=\"fr_FR\" \/>\n<meta property=\"og:type\" content=\"article\" \/>\n<meta property=\"og:title\" content=\"\u00ab Dialogue \u00e0 hauteur d\u2019\u0153il \u00bb : La DG gouvernement rencontre les coll\u00e8ges communautaires pour une r\u00e9union commune \u00e0 huis clos | Vie Associative\" \/>\n<meta property=\"og:description\" content=\"Vendredi, le gouvernement a r\u00e9uni les neuf conseils municipaux de la DG &#8211; c&rsquo;est-\u00e0-dire tous les juges non professionnels et les maires &#8211; pour une\" \/>\n<meta property=\"og:url\" content=\"https:\/\/vieassociative.be\/actualites\/dialogue-a-hauteur-doeil-la-dg-gouvernement-rencontre-les-colleges-communautaires-pour-une-reunion-commune-a-huis-clos\/\" \/>\n<meta property=\"og:site_name\" content=\"Vie Associative\" \/>\n<meta property=\"article:published_time\" content=\"2025-01-11T14:17:23+00:00\" \/>\n<meta property=\"og:image\" content=\"https:\/\/vieassociative.be\/actualites\/wp-content\/uploads\/2024\/09\/header_backgroundk-01-e1726694325946.png\" \/>\n\t<meta property=\"og:image:width\" content=\"279\" \/>\n\t<meta property=\"og:image:height\" content=\"92\" \/>\n\t<meta property=\"og:image:type\" content=\"image\/png\" \/>\n<meta name=\"author\" content=\"Julien\" \/>\n<meta name=\"twitter:card\" content=\"summary_large_image\" \/>\n<meta name=\"twitter:label1\" content=\"\u00c9crit par\" \/>\n\t<meta name=\"twitter:data1\" content=\"Julien\" \/>\n\t<meta name=\"twitter:label2\" content=\"Dur\u00e9e de lecture est.\" \/>\n\t<meta name=\"twitter:data2\" content=\"1 minute\" \/>\n<script type=\"application\/ld+json\" class=\"yoast-schema-graph\">{\"@context\":\"https:\/\/schema.org\",\"@graph\":[{\"@type\":\"Article\",\"@id\":\"https:\/\/vieassociative.be\/actualites\/dialogue-a-hauteur-doeil-la-dg-gouvernement-rencontre-les-colleges-communautaires-pour-une-reunion-commune-a-huis-clos\/#article\",\"isPartOf\":{\"@id\":\"https:\/\/vieassociative.be\/actualites\/dialogue-a-hauteur-doeil-la-dg-gouvernement-rencontre-les-colleges-communautaires-pour-une-reunion-commune-a-huis-clos\/\"},\"author\":{\"name\":\"Julien\",\"@id\":\"https:\/\/vieassociative.be\/actualites\/#\/schema\/person\/b87ac4f82f9d4e7b7cec7395b679edc4\"},\"headline\":\"\u00ab Dialogue \u00e0 hauteur d\u2019\u0153il \u00bb : La DG gouvernement rencontre les coll\u00e8ges communautaires pour une r\u00e9union commune \u00e0 huis clos\",\"datePublished\":\"2025-01-11T14:17:23+00:00\",\"dateModified\":\"2025-01-11T14:17:23+00:00\",\"mainEntityOfPage\":{\"@id\":\"https:\/\/vieassociative.be\/actualites\/dialogue-a-hauteur-doeil-la-dg-gouvernement-rencontre-les-colleges-communautaires-pour-une-reunion-commune-a-huis-clos\/\"},\"wordCount\":266,\"publisher\":{\"@id\":\"https:\/\/vieassociative.be\/actualites\/#organization\"},\"image\":{\"@id\":\"https:\/\/vieassociative.be\/actualites\/dialogue-a-hauteur-doeil-la-dg-gouvernement-rencontre-les-colleges-communautaires-pour-une-reunion-commune-a-huis-clos\/#primaryimage\"},\"thumbnailUrl\":\"https:\/\/vieassociative.be\/actualites\/wp-content\/uploads\/2025\/01\/1736605043_Dialogue-a-hauteur-doeil-La-DG-gouvernement.jpg\",\"keywords\":[\"clos\",\"coll\u00e8ges\",\"communautaires\",\"commune\",\"dialogue\",\"d\u0153il\",\"gouvernement\",\"hauteur\",\"huis\",\"Les\",\"pour\",\"rencontre\",\"r\u00e9union\",\"une\"],\"articleSection\":[\"Belgique\"],\"inLanguage\":\"fr-BE\"},{\"@type\":\"WebPage\",\"@id\":\"https:\/\/vieassociative.be\/actualites\/dialogue-a-hauteur-doeil-la-dg-gouvernement-rencontre-les-colleges-communautaires-pour-une-reunion-commune-a-huis-clos\/\",\"url\":\"https:\/\/vieassociative.be\/actualites\/dialogue-a-hauteur-doeil-la-dg-gouvernement-rencontre-les-colleges-communautaires-pour-une-reunion-commune-a-huis-clos\/\",\"name\":\"\u00ab Dialogue \u00e0 hauteur d\u2019\u0153il \u00bb : La DG gouvernement rencontre les coll\u00e8ges communautaires pour une r\u00e9union commune \u00e0 huis clos | Vie Associative\",\"isPartOf\":{\"@id\":\"https:\/\/vieassociative.be\/actualites\/#website\"},\"primaryImageOfPage\":{\"@id\":\"https:\/\/vieassociative.be\/actualites\/dialogue-a-hauteur-doeil-la-dg-gouvernement-rencontre-les-colleges-communautaires-pour-une-reunion-commune-a-huis-clos\/#primaryimage\"},\"image\":{\"@id\":\"https:\/\/vieassociative.be\/actualites\/dialogue-a-hauteur-doeil-la-dg-gouvernement-rencontre-les-colleges-communautaires-pour-une-reunion-commune-a-huis-clos\/#primaryimage\"},\"thumbnailUrl\":\"https:\/\/vieassociative.be\/actualites\/wp-content\/uploads\/2025\/01\/1736605043_Dialogue-a-hauteur-doeil-La-DG-gouvernement.jpg\",\"datePublished\":\"2025-01-11T14:17:23+00:00\",\"dateModified\":\"2025-01-11T14:17:23+00:00\",\"breadcrumb\":{\"@id\":\"https:\/\/vieassociative.be\/actualites\/dialogue-a-hauteur-doeil-la-dg-gouvernement-rencontre-les-colleges-communautaires-pour-une-reunion-commune-a-huis-clos\/#breadcrumb\"},\"inLanguage\":\"fr-BE\",\"potentialAction\":[{\"@type\":\"ReadAction\",\"target\":[\"https:\/\/vieassociative.be\/actualites\/dialogue-a-hauteur-doeil-la-dg-gouvernement-rencontre-les-colleges-communautaires-pour-une-reunion-commune-a-huis-clos\/\"]}]},{\"@type\":\"ImageObject\",\"inLanguage\":\"fr-BE\",\"@id\":\"https:\/\/vieassociative.be\/actualites\/dialogue-a-hauteur-doeil-la-dg-gouvernement-rencontre-les-colleges-communautaires-pour-une-reunion-commune-a-huis-clos\/#primaryimage\",\"url\":\"https:\/\/vieassociative.be\/actualites\/wp-content\/uploads\/2025\/01\/1736605043_Dialogue-a-hauteur-doeil-La-DG-gouvernement.jpg\",\"contentUrl\":\"https:\/\/vieassociative.be\/actualites\/wp-content\/uploads\/2025\/01\/1736605043_Dialogue-a-hauteur-doeil-La-DG-gouvernement.jpg\",\"width\":1200,\"height\":675,\"caption\":\"\u00ab Dialogue \u00e0 hauteur d\u2019\u0153il \u00bb : La DG gouvernement rencontre les coll\u00e8ges communautaires pour une r\u00e9union commune \u00e0 huis clos\"},{\"@type\":\"BreadcrumbList\",\"@id\":\"https:\/\/vieassociative.be\/actualites\/dialogue-a-hauteur-doeil-la-dg-gouvernement-rencontre-les-colleges-communautaires-pour-une-reunion-commune-a-huis-clos\/#breadcrumb\",\"itemListElement\":[{\"@type\":\"ListItem\",\"position\":1,\"name\":\"Accueil\",\"item\":\"https:\/\/vieassociative.be\/actualites\/\"},{\"@type\":\"ListItem\",\"position\":2,\"name\":\"\u00ab Dialogue \u00e0 hauteur d\u2019\u0153il \u00bb : La DG gouvernement rencontre les coll\u00e8ges communautaires pour une r\u00e9union commune \u00e0 huis clos\"}]},{\"@type\":\"WebSite\",\"@id\":\"https:\/\/vieassociative.be\/actualites\/#website\",\"url\":\"https:\/\/vieassociative.be\/actualites\/\",\"name\":\"Vie Associative\",\"description\":\"\",\"publisher\":{\"@id\":\"https:\/\/vieassociative.be\/actualites\/#organization\"},\"potentialAction\":[{\"@type\":\"SearchAction\",\"target\":{\"@type\":\"EntryPoint\",\"urlTemplate\":\"https:\/\/vieassociative.be\/actualites\/?s={search_term_string}\"},\"query-input\":{\"@type\":\"PropertyValueSpecification\",\"valueRequired\":true,\"valueName\":\"search_term_string\"}}],\"inLanguage\":\"fr-BE\"},{\"@type\":\"Organization\",\"@id\":\"https:\/\/vieassociative.be\/actualites\/#organization\",\"name\":\"Vie Associative\",\"url\":\"https:\/\/vieassociative.be\/actualites\/\",\"logo\":{\"@type\":\"ImageObject\",\"inLanguage\":\"fr-BE\",\"@id\":\"https:\/\/vieassociative.be\/actualites\/#\/schema\/logo\/image\/\",\"url\":\"https:\/\/vieassociative.be\/actualites\/wp-content\/uploads\/2024\/09\/cropped-vieassociative_favicon.ico.png\",\"contentUrl\":\"https:\/\/vieassociative.be\/actualites\/wp-content\/uploads\/2024\/09\/cropped-vieassociative_favicon.ico.png\",\"width\":512,\"height\":512,\"caption\":\"Vie Associative\"},\"image\":{\"@id\":\"https:\/\/vieassociative.be\/actualites\/#\/schema\/logo\/image\/\"}},{\"@type\":\"Person\",\"@id\":\"https:\/\/vieassociative.be\/actualites\/#\/schema\/person\/b87ac4f82f9d4e7b7cec7395b679edc4\",\"name\":\"Julien\",\"image\":{\"@type\":\"ImageObject\",\"inLanguage\":\"fr-BE\",\"@id\":\"https:\/\/vieassociative.be\/actualites\/#\/schema\/person\/image\/\",\"url\":\"https:\/\/vieassociative.be\/actualites\/wp-content\/uploads\/2024\/09\/vie-associative-1-150x150.jpg\",\"contentUrl\":\"https:\/\/vieassociative.be\/actualites\/wp-content\/uploads\/2024\/09\/vie-associative-1-150x150.jpg\",\"caption\":\"Julien\"},\"description\":\"Je suis Julien, r\u00e9dacteur pour Vie Associative. Passionn\u00e9 par le monde associatif depuis plus de 10 ans, j'ai \u00e0 c\u0153ur de partager des histoires inspirantes et de mettre en lumi\u00e8re les initiatives locales. Mon objectif est de sensibiliser et d'encourager l'engagement communautaire \u00e0 travers mes articles.\",\"sameAs\":[\"https:\/\/vieassociative.be\/\"]}]}<\/script>\n<!-- \/ Yoast SEO plugin. -->","yoast_head_json":{"title":"\u00ab Dialogue \u00e0 hauteur d\u2019\u0153il \u00bb : La DG gouvernement rencontre les coll\u00e8ges communautaires pour une r\u00e9union commune \u00e0 huis clos | Vie Associative","robots":{"index":"index","follow":"follow","max-snippet":"max-snippet:-1","max-image-preview":"max-image-preview:large","max-video-preview":"max-video-preview:-1"},"canonical":"https:\/\/vieassociative.be\/actualites\/dialogue-a-hauteur-doeil-la-dg-gouvernement-rencontre-les-colleges-communautaires-pour-une-reunion-commune-a-huis-clos\/","og_locale":"fr_FR","og_type":"article","og_title":"\u00ab Dialogue \u00e0 hauteur d\u2019\u0153il \u00bb : La DG gouvernement rencontre les coll\u00e8ges communautaires pour une r\u00e9union commune \u00e0 huis clos | Vie Associative","og_description":"Vendredi, le gouvernement a r\u00e9uni les neuf conseils municipaux de la DG &#8211; c&rsquo;est-\u00e0-dire tous les juges non professionnels et les maires &#8211; pour une","og_url":"https:\/\/vieassociative.be\/actualites\/dialogue-a-hauteur-doeil-la-dg-gouvernement-rencontre-les-colleges-communautaires-pour-une-reunion-commune-a-huis-clos\/","og_site_name":"Vie Associative","article_published_time":"2025-01-11T14:17:23+00:00","og_image":[{"width":279,"height":92,"url":"https:\/\/vieassociative.be\/actualites\/wp-content\/uploads\/2024\/09\/header_backgroundk-01-e1726694325946.png","type":"image\/png"}],"author":"Julien","twitter_card":"summary_large_image","twitter_misc":{"\u00c9crit par":"Julien","Dur\u00e9e de lecture est.":"1 minute"},"schema":{"@context":"https:\/\/schema.org","@graph":[{"@type":"Article","@id":"https:\/\/vieassociative.be\/actualites\/dialogue-a-hauteur-doeil-la-dg-gouvernement-rencontre-les-colleges-communautaires-pour-une-reunion-commune-a-huis-clos\/#article","isPartOf":{"@id":"https:\/\/vieassociative.be\/actualites\/dialogue-a-hauteur-doeil-la-dg-gouvernement-rencontre-les-colleges-communautaires-pour-une-reunion-commune-a-huis-clos\/"},"author":{"name":"Julien","@id":"https:\/\/vieassociative.be\/actualites\/#\/schema\/person\/b87ac4f82f9d4e7b7cec7395b679edc4"},"headline":"\u00ab Dialogue \u00e0 hauteur d\u2019\u0153il \u00bb : La DG gouvernement rencontre les coll\u00e8ges communautaires pour une r\u00e9union commune \u00e0 huis clos","datePublished":"2025-01-11T14:17:23+00:00","dateModified":"2025-01-11T14:17:23+00:00","mainEntityOfPage":{"@id":"https:\/\/vieassociative.be\/actualites\/dialogue-a-hauteur-doeil-la-dg-gouvernement-rencontre-les-colleges-communautaires-pour-une-reunion-commune-a-huis-clos\/"},"wordCount":266,"publisher":{"@id":"https:\/\/vieassociative.be\/actualites\/#organization"},"image":{"@id":"https:\/\/vieassociative.be\/actualites\/dialogue-a-hauteur-doeil-la-dg-gouvernement-rencontre-les-colleges-communautaires-pour-une-reunion-commune-a-huis-clos\/#primaryimage"},"thumbnailUrl":"https:\/\/vieassociative.be\/actualites\/wp-content\/uploads\/2025\/01\/1736605043_Dialogue-a-hauteur-doeil-La-DG-gouvernement.jpg","keywords":["clos","coll\u00e8ges","communautaires","commune","dialogue","d\u0153il","gouvernement","hauteur","huis","Les","pour","rencontre","r\u00e9union","une"],"articleSection":["Belgique"],"inLanguage":"fr-BE"},{"@type":"WebPage","@id":"https:\/\/vieassociative.be\/actualites\/dialogue-a-hauteur-doeil-la-dg-gouvernement-rencontre-les-colleges-communautaires-pour-une-reunion-commune-a-huis-clos\/","url":"https:\/\/vieassociative.be\/actualites\/dialogue-a-hauteur-doeil-la-dg-gouvernement-rencontre-les-colleges-communautaires-pour-une-reunion-commune-a-huis-clos\/","name":"\u00ab Dialogue \u00e0 hauteur d\u2019\u0153il \u00bb : La DG gouvernement rencontre les coll\u00e8ges communautaires pour une r\u00e9union commune \u00e0 huis clos | Vie Associative","isPartOf":{"@id":"https:\/\/vieassociative.be\/actualites\/#website"},"primaryImageOfPage":{"@id":"https:\/\/vieassociative.be\/actualites\/dialogue-a-hauteur-doeil-la-dg-gouvernement-rencontre-les-colleges-communautaires-pour-une-reunion-commune-a-huis-clos\/#primaryimage"},"image":{"@id":"https:\/\/vieassociative.be\/actualites\/dialogue-a-hauteur-doeil-la-dg-gouvernement-rencontre-les-colleges-communautaires-pour-une-reunion-commune-a-huis-clos\/#primaryimage"},"thumbnailUrl":"https:\/\/vieassociative.be\/actualites\/wp-content\/uploads\/2025\/01\/1736605043_Dialogue-a-hauteur-doeil-La-DG-gouvernement.jpg","datePublished":"2025-01-11T14:17:23+00:00","dateModified":"2025-01-11T14:17:23+00:00","breadcrumb":{"@id":"https:\/\/vieassociative.be\/actualites\/dialogue-a-hauteur-doeil-la-dg-gouvernement-rencontre-les-colleges-communautaires-pour-une-reunion-commune-a-huis-clos\/#breadcrumb"},"inLanguage":"fr-BE","potentialAction":[{"@type":"ReadAction","target":["https:\/\/vieassociative.be\/actualites\/dialogue-a-hauteur-doeil-la-dg-gouvernement-rencontre-les-colleges-communautaires-pour-une-reunion-commune-a-huis-clos\/"]}]},{"@type":"ImageObject","inLanguage":"fr-BE","@id":"https:\/\/vieassociative.be\/actualites\/dialogue-a-hauteur-doeil-la-dg-gouvernement-rencontre-les-colleges-communautaires-pour-une-reunion-commune-a-huis-clos\/#primaryimage","url":"https:\/\/vieassociative.be\/actualites\/wp-content\/uploads\/2025\/01\/1736605043_Dialogue-a-hauteur-doeil-La-DG-gouvernement.jpg","contentUrl":"https:\/\/vieassociative.be\/actualites\/wp-content\/uploads\/2025\/01\/1736605043_Dialogue-a-hauteur-doeil-La-DG-gouvernement.jpg","width":1200,"height":675,"caption":"\u00ab Dialogue \u00e0 hauteur d\u2019\u0153il \u00bb : La DG gouvernement rencontre les coll\u00e8ges communautaires pour une r\u00e9union commune \u00e0 huis clos"},{"@type":"BreadcrumbList","@id":"https:\/\/vieassociative.be\/actualites\/dialogue-a-hauteur-doeil-la-dg-gouvernement-rencontre-les-colleges-communautaires-pour-une-reunion-commune-a-huis-clos\/#breadcrumb","itemListElement":[{"@type":"ListItem","position":1,"name":"Accueil","item":"https:\/\/vieassociative.be\/actualites\/"},{"@type":"ListItem","position":2,"name":"\u00ab Dialogue \u00e0 hauteur d\u2019\u0153il \u00bb : La DG gouvernement rencontre les coll\u00e8ges communautaires pour une r\u00e9union commune \u00e0 huis clos"}]},{"@type":"WebSite","@id":"https:\/\/vieassociative.be\/actualites\/#website","url":"https:\/\/vieassociative.be\/actualites\/","name":"Vie Associative","description":"","publisher":{"@id":"https:\/\/vieassociative.be\/actualites\/#organization"},"potentialAction":[{"@type":"SearchAction","target":{"@type":"EntryPoint","urlTemplate":"https:\/\/vieassociative.be\/actualites\/?s={search_term_string}"},"query-input":{"@type":"PropertyValueSpecification","valueRequired":true,"valueName":"search_term_string"}}],"inLanguage":"fr-BE"},{"@type":"Organization","@id":"https:\/\/vieassociative.be\/actualites\/#organization","name":"Vie Associative","url":"https:\/\/vieassociative.be\/actualites\/","logo":{"@type":"ImageObject","inLanguage":"fr-BE","@id":"https:\/\/vieassociative.be\/actualites\/#\/schema\/logo\/image\/","url":"https:\/\/vieassociative.be\/actualites\/wp-content\/uploads\/2024\/09\/cropped-vieassociative_favicon.ico.png","contentUrl":"https:\/\/vieassociative.be\/actualites\/wp-content\/uploads\/2024\/09\/cropped-vieassociative_favicon.ico.png","width":512,"height":512,"caption":"Vie Associative"},"image":{"@id":"https:\/\/vieassociative.be\/actualites\/#\/schema\/logo\/image\/"}},{"@type":"Person","@id":"https:\/\/vieassociative.be\/actualites\/#\/schema\/person\/b87ac4f82f9d4e7b7cec7395b679edc4","name":"Julien","image":{"@type":"ImageObject","inLanguage":"fr-BE","@id":"https:\/\/vieassociative.be\/actualites\/#\/schema\/person\/image\/","url":"https:\/\/vieassociative.be\/actualites\/wp-content\/uploads\/2024\/09\/vie-associative-1-150x150.jpg","contentUrl":"https:\/\/vieassociative.be\/actualites\/wp-content\/uploads\/2024\/09\/vie-associative-1-150x150.jpg","caption":"Julien"},"description":"Je suis Julien, r\u00e9dacteur pour Vie Associative. Passionn\u00e9 par le monde associatif depuis plus de 10 ans, j'ai \u00e0 c\u0153ur de partager des histoires inspirantes et de mettre en lumi\u00e8re les initiatives locales. Mon objectif est de sensibiliser et d'encourager l'engagement communautaire \u00e0 travers mes articles.","sameAs":["https:\/\/vieassociative.be\/"]}]}},"_links":{"self":[{"href":"https:\/\/vieassociative.be\/actualites\/wp-json\/wp\/v2\/posts\/4253"}],"collection":[{"href":"https:\/\/vieassociative.be\/actualites\/wp-json\/wp\/v2\/posts"}],"about":[{"href":"https:\/\/vieassociative.be\/actualites\/wp-json\/wp\/v2\/types\/post"}],"author":[{"embeddable":true,"href":"https:\/\/vieassociative.be\/actualites\/wp-json\/wp\/v2\/users\/1"}],"replies":[{"embeddable":true,"href":"https:\/\/vieassociative.be\/actualites\/wp-json\/wp\/v2\/comments?post=4253"}],"version-history":[{"count":0,"href":"https:\/\/vieassociative.be\/actualites\/wp-json\/wp\/v2\/posts\/4253\/revisions"}],"wp:featuredmedia":[{"embeddable":true,"href":"https:\/\/vieassociative.be\/actualites\/wp-json\/wp\/v2\/media\/4254"}],"wp:attachment":[{"href":"https:\/\/vieassociative.be\/actualites\/wp-json\/wp\/v2\/media?parent=4253"}],"wp:term":[{"taxonomy":"category","embeddable":true,"href":"https:\/\/vieassociative.be\/actualites\/wp-json\/wp\/v2\/categories?post=4253"},{"taxonomy":"post_tag","embeddable":true,"href":"https:\/\/vieassociative.be\/actualites\/wp-json\/wp\/v2\/tags?post=4253"}],"curies":[{"name":"wp","href":"https:\/\/api.w.org\/{rel}","templated":true}]}}