{"id":4251,"date":"2025-01-11T14:22:35","date_gmt":"2025-01-11T13:22:35","guid":{"rendered":"https:\/\/vieassociative.be\/actualites\/les-huit-choses-les-plus-etranges-que-jai-vues-au-ces-2025\/"},"modified":"2025-01-11T14:22:35","modified_gmt":"2025-01-11T13:22:35","slug":"les-huit-choses-les-plus-etranges-que-jai-vues-au-ces-2025","status":"publish","type":"post","link":"https:\/\/vieassociative.be\/actualites\/les-huit-choses-les-plus-etranges-que-jai-vues-au-ces-2025\/","title":{"rendered":"Les huit choses les plus \u00e9tranges que j&rsquo;ai vues au CES 2025"},"content":{"rendered":"<div class=\"mt-4 leading-6 md:mb-8\">Voil\u00e0 pour les plus bizarres.<\/div>\n<p><\/p>\n<p>Le CES est une vitrine d&rsquo;une semaine de nouveaux produits et services de tous les secteurs. Certains produits sont de v\u00e9ritables innovations, tandis que d\u2019autres sont d\u00e9finitivement rat\u00e9s. Certains, cependant, sont tout simplement bizarres.<\/p>\n<p>En me promenant au CES cette semaine, des salles des centres de congr\u00e8s aux \u00e9v\u00e9nements r\u00e9serv\u00e9s aux m\u00e9dias, je me suis \u00e9clat\u00e9 en d\u00e9couvrant la technologie la plus \u00e9trange que j&rsquo;ai pu trouver. Apr\u00e8s tout, ce n\u2019est pas parce que quelque chose est bizarre que cela le rend ennuyeux ou inutile. Au contraire; certains de ces objets figuraient parmi les choses les plus int\u00e9ressantes \u00e0 voir. Ce sont toutefois ces huit produits qui m\u2019ont le plus marqu\u00e9\u00a0:<\/p>\n<h2 id=\"electric-salt-spoon\">Cuill\u00e8re \u00e0 sel \u00e9lectrique<\/h2>\n<div class=\"eloquent-imagery-image\">\n<div class=\"flex justify-center\">\n                    <img decoding=\"async\" class=\"border border-gray-100\" src=\"https:\/\/vieassociative.be\/actualites\/wp-content\/uploads\/2025\/01\/Les-huit-choses-les-plus-etranges-que-jai-vues-au.jpg\" alt=\"cuill\u00e8re \u00e0 sel \u00e9lectrique Kirin\" width=\"2000\" height=\"1500\" loading=\"lazy\"  >\n            <\/div>\n<\/p><\/div>\n<p>C&rsquo;est le choix du groupe CNET pour le produit le plus \u00e9trange et le plus inattendu du CES, et il n&rsquo;est pas difficile de comprendre pourquoi. La cuill\u00e8re \u00e0 sel \u00e9lectrique de Kirin rend les aliments plus sal\u00e9s, non pas avec du sodium suppl\u00e9mentaire, mais via l&rsquo;\u00e9lectricit\u00e9. <\/p>\n<p>Selon Kirin, la cuill\u00e8re \u00e0 sel utilise un l\u00e9ger courant \u00e9lectrique pour attirer dans votre bouche les mol\u00e9cules de sodium qui autrement seraient perdues sur vos papilles gustatives. Ce faisant, la nourriture sur la cuill\u00e8re a un go\u00fbt plus sal\u00e9 qu&rsquo;elle ne l&rsquo;aurait \u00e9t\u00e9 autrement. Vous choisissez l\u2019un des quatre niveaux d\u2019intensit\u00e9 (la soci\u00e9t\u00e9 recommande le r\u00e9glage le plus bas pour les d\u00e9butants), appuyez sur le bouton et vous \u00eates pr\u00eat \u00e0 partir. La cuill\u00e8re est cependant \u00e9norme, ce qui rend difficile l&rsquo;activation du courant \u00e9lectrique tout en mangeant en m\u00eame temps. <\/p>\n<p>C&rsquo;est \u00e9trange, mais aussi noble, puisque cela pourrait permettre aux personnes qui ont besoin de r\u00e9duire leur consommation de sodium de continuer \u00e0 appr\u00e9cier les aliments \u00ab sal\u00e9s \u00bb.<\/p>\n<p>Je n&rsquo;ai vu la cuill\u00e8re qu&rsquo;au salon et je n&rsquo;ai pas eu l&rsquo;occasion de go\u00fbter le produit. Cependant, Matt Binder de Mashable l&rsquo;a fait : il n&rsquo;\u00e9tait pas s\u00fbr au d\u00e9but si cela fonctionnait, jusqu&rsquo;\u00e0 ce que la cuill\u00e8re s&rsquo;\u00e9teigne au milieu d&rsquo;une gorg\u00e9e de bouillon, en raison de la difficult\u00e9 \u00e0 la tenir. La perte de l&rsquo;effet en mangeant avec la cuill\u00e8re montrait \u00e0 quel point cela rendait la nourriture plus sal\u00e9e. <\/p>\n<h2 id=\"bodyfriend\">Ami du corps<\/h2>\n<div class=\"eloquent-imagery-image\">\n<div class=\"flex justify-center\">\n                    <img decoding=\"async\" class=\"border border-gray-100\" src=\"https:\/\/vieassociative.be\/actualites\/wp-content\/uploads\/2025\/01\/1736601754_327_Les-huit-choses-les-plus-etranges-que-jai-vues-au.jpg\" alt=\"robot ami du corps\" width=\"2000\" height=\"1125\" loading=\"lazy\"  >\n            <\/div>\n<\/p><\/div>\n<p>Je ne pensais pas que l&rsquo;une des choses les plus \u00e9tranges que je verrais au CES serait un fauteuil de massage, mais c&rsquo;est parce que je ne pensais pas que quelqu&rsquo;un fabriquerait un fauteuil de massage de style Transformers &#8211; et si clairement inspir\u00e9 de Bumblebee, en plus. <\/p>\n<p>Pour \u00eatre clair, Hasbro n\u2019a rien \u00e0 voir avec la chaise. Voici Bodyfriend, un fauteuil de massage dont les bras et les jambes peuvent bouger comme s&rsquo;il s&rsquo;agissait d&rsquo;un robot. Cela, soi-disant, aide les gens \u00e0 \u00e9tirer des muscles qu\u2019ils ne pourraient autrement pas bouger eux-m\u00eames. Cependant, pour moi, cela ressemble \u00e0 un robot lent qui tombe et ne peut pas se relever.<\/p>\n<p>Le fauteuil comporte 733 pi\u00e8ces et peut mesurer votre fr\u00e9quence cardiaque, en plus, bien s\u00fbr, de proposer des massages. Vous pouvez voir Bridget Carey de CNET l&rsquo;essayer au CES Unveiled\u00a0: <\/p>\n<div class=\"mx-auto mt-8 w-full max-w-4xl\">\n<div id=\"video-container-PQTjLlePb50\"><\/div>\n<\/div>\n<h2 id=\"petal\">P\u00e9tale <\/h2>\n<div class=\"eloquent-imagery-image\">\n<div class=\"flex justify-center\">\n                    <img decoding=\"async\" class=\"border border-gray-100\" src=\"https:\/\/vieassociative.be\/actualites\/wp-content\/uploads\/2025\/01\/1736601754_288_Les-huit-choses-les-plus-etranges-que-jai-vues-au.jpg\" alt=\"copain oiseau accroch\u00e9 \u00e0 une fausse fleur\" width=\"2000\" height=\"1500\" loading=\"lazy\"  >\n            <\/div>\n<\/p><\/div>\n<p>Aimez-vous vos plantes? Vous \u00eates-vous d\u00e9j\u00e0 demand\u00e9 comment ils se sentent ? Souhaitez-vous qu\u2019ils puissent vous envoyer un SMS ? Bien s\u00fbr que oui. C&rsquo;est pourquoi il y a Petal, des cr\u00e9ateurs de Bird Buddy. <\/p>\n<p>Petal est une cam\u00e9ra avec une tige flexible que vous pouvez ajouter \u00e0 votre jardin pour garder un \u0153il sur vos plantes et vos fleurs. Bien s\u00fbr, puisque nous sommes en 2025, Petal est \u00e9galement aliment\u00e9 par l\u2019IA et peut identifier les dangers potentiels pour votre flore, comme les insectes et les abeilles. Il existe m\u00eame une option interactive qui vous permet de \u00ab discuter \u00bb avec vos fleurs via le chatbot de Bird Buddy, afin que vous puissiez savoir combien de choses votre fleur a \u00ab vue \u00bb aujourd&rsquo;hui.<\/p>\n<h2 id=\"nekojita-fufu\">N\u00e9kojita FuFu<\/h2>\n<div class=\"eloquent-imagery-image\">\n<div class=\"flex justify-center\">\n                    <img decoding=\"async\" class=\"border border-gray-100\" src=\"https:\/\/vieassociative.be\/actualites\/wp-content\/uploads\/2025\/01\/1736601754_594_Les-huit-choses-les-plus-etranges-que-jai-vues-au.jpg\" alt=\"N\u00e9kojita FuFu au ces\" width=\"2000\" height=\"1500\" loading=\"lazy\"  >\n            <\/div>\n<\/p><\/div>\n<p>Si vous d\u00e9testez que vos boissons soient trop chaudes, vous n&rsquo;\u00eates pas oblig\u00e9 de les refroidir vous-m\u00eame ; \u00e0 la place, vous pouvez utiliser N\u00e9kojita FuFu. Ce petit appareil pour chat se pose sur le bord d&rsquo;une tasse ou d&rsquo;un bol et, \u00e0 l&rsquo;aide d&rsquo;un petit ventilateur interne, souffle sur votre boisson chaude ou votre nourriture. <\/p>\n<p>Cela semble idiot, et c&rsquo;est certainement le cas, mais l&rsquo;entreprise pr\u00e9tend que cela fonctionne : le FuFu peut refroidir l&rsquo;eau chaude de 190\u00b0F \u00e0 160\u00b0F en trois minutes et 151\u00b0F en cinq minutes. Comparez cela \u00e0 176\u00b0F apr\u00e8s trois minutes et 171\u00b0F apr\u00e8s cinq minutes sans le chat, et cela semble faire quelque chose. <\/p>\n<p>Je ne peux pas imaginer que ces choses gagnent en popularit\u00e9, mais c&rsquo;est aussi amusant. Cela me rappelle les infuseurs \u00e0 th\u00e9 fantaisie, comme \u00ab\u00a0Mr. Tea\u00a0\u00bb. Si cela vous rend heureux d&rsquo;avoir un joli chat sur votre tasse qui refroidit votre caf\u00e9 \u00e0 une temp\u00e9rature buvable, je suis tout \u00e0 fait d&rsquo;accord. <\/p>\n<p>J&rsquo;aime aussi l&rsquo;id\u00e9e propos\u00e9e par le commentaire du haut de notre article sur le N\u00e9kojita FuFu : \u00ab\u00a0Mettez \u00e7a sur l&rsquo;un des &lsquo;stay hot mugs&rsquo; rechargeables et laissez-les se battre.\u00a0\u00bb<\/p>\n<h2 id=\"aerocattower\">Tour AeroCat<\/h2>\n<div class=\"eloquent-imagery-image\">\n<div class=\"flex justify-center\">\n                    <img decoding=\"async\" class=\"border border-gray-100\" src=\"https:\/\/vieassociative.be\/actualites\/wp-content\/uploads\/2025\/01\/1736601755_666_Les-huit-choses-les-plus-etranges-que-jai-vues-au.jpg\" alt=\"a\u00e9rocatower au ces\" width=\"2000\" height=\"1125\" loading=\"lazy\"  >\n            <\/div>\n<\/p><\/div>\n<p>L&rsquo;AeroCatTower est un purificateur d&rsquo;air. C&rsquo;est aussi une tour \u00e0 chat. Vous l\u2019avez peut-\u00eatre compris gr\u00e2ce au chat effrayant assis au sommet de l\u2019appareil. <\/p>\n<p>On ne sait pas exactement dans quelle mesure l&rsquo;AeroCatTower purifie l&rsquo;air, mais il <em>fait<\/em> pensez \u00e0 votre chat. Lorsque votre animal saute dessus pour se reposer, la machine ralentit afin de ne pas le d\u00e9ranger. De plus, le si\u00e8ge est dot\u00e9 d&rsquo;un chauffage int\u00e9gr\u00e9 pour garantir un confort optimal. H\u00e9, peut-\u00eatre que \u00e7a \u00e9loignera ton chat de ton clavier.<\/p>\n<h2 id=\"realbotix\">R\u00e9albotix<\/h2>\n<div class=\"mx-auto mt-8 w-full max-w-4xl\">\n<div id=\"video-container-2HQ84TVcbMw\"><\/div>\n<\/div>\n<p>Si vous vous promeniez au CES et n&rsquo;\u00e9tiez pas s\u00fbr d&rsquo;avoir vu ou non le stand de Realbotix, vous l&rsquo;avez manqu\u00e9. Realbotix essaie de cr\u00e9er des robots anthropomorphes aliment\u00e9s par l&rsquo;IA, et le r\u00e9sultat est, eh bien, \u00e9trange. Il suffit de regarder l&rsquo;interview de CNET avec Aria, l&rsquo;un des robots de Realbotix, pour comprendre pourquoi. Le visage d&rsquo;Aria est fermement dans l&rsquo;\u00e9trange vall\u00e9e, tout comme le fait que ses l\u00e8vres sont totalement d\u00e9synchronis\u00e9es avec son discours. Ses mouvements en g\u00e9n\u00e9ral sont loin d&rsquo;\u00eatre naturels. Tout cela ressemble un peu \u00e0 discuter avec un personnage d&rsquo;un jeu PS1. <\/p>\n<p>Ce qui est plus \u00e9trange, cependant, c&rsquo;est lorsque Realbotix \u00e9change les visages des robots, vous laissant avec un masque fragile et effrayant. Je comprends ce que Realbotix cherche ici, mais ses robots actuels sont pour le moins d\u00e9concertants. (Je suis pass\u00e9 devant ce stand et je me suis dit de mani\u00e8re audible \u00ab J\u00e9sus-Christ \u00bb.)<\/p>\n<div class=\"eloquent-imagery-image\">\n<div class=\"flex justify-center\">\n                    <img decoding=\"async\" class=\"border border-gray-100\" src=\"https:\/\/vieassociative.be\/actualites\/wp-content\/uploads\/2025\/01\/1736601755_230_Les-huit-choses-les-plus-etranges-que-jai-vues-au.jpg\" alt=\"aria visage d\u00e9tach\u00e9\" width=\"2000\" height=\"1125\" loading=\"lazy\"  >\n            <\/div>\n<\/p><\/div>\n<h2 id=\"thinkbook-plus-gen-6-rollable\">ThinkBook Plus Gen 6 enroulable<\/h2>\n<div class=\"eloquent-imagery-image\">\n<div class=\"flex justify-center\">\n                    <img decoding=\"async\" class=\"border border-gray-100\" src=\"https:\/\/vieassociative.be\/actualites\/wp-content\/uploads\/2025\/01\/1736601755_307_Les-huit-choses-les-plus-etranges-que-jai-vues-au.jpg\" alt=\"ThinkBook Plus Gen 6 enroulable\" width=\"2000\" height=\"1125\" loading=\"lazy\"  >\n            <\/div>\n<\/p><\/div>\n<p>Nous avons couvert deux produits majeurs de Lenovo au CES cette ann\u00e9e\u00a0: le premier \u00e9tait le Lenovo Legion Go S, le premier ordinateur de poche de jeu sur PC. <em>pas<\/em> de Valve pour ex\u00e9cuter SteamOS de mani\u00e8re native. Tr\u00e8s cool. L&rsquo;autre \u00e9tait le ThinkBook Plus Gen 6 Rollable, un ordinateur portable dot\u00e9 d&rsquo;un \u00e9cran enroulable qui s&rsquo;\u00e9tend de 2,7 pouces suppl\u00e9mentaires verticalement. Tr\u00e8s bizarre, mais aussi tr\u00e8s cool.<\/p>\n<p>Michelle Ehrhardt, r\u00e9dactrice technique associ\u00e9e de Vie Associative, s&rsquo;est entretenue avec Lenovo pour essayer cet ordinateur portable g\u00e9nial. Comme annonc\u00e9, vous pouvez appuyer sur un bouton ou utiliser un geste de la main pour d\u00e9ployer l&rsquo;\u00e9cran de votre ordinateur portable jusqu&rsquo;\u00e0 16,7 pouces, ce qui est soign\u00e9. Vous b\u00e9n\u00e9ficiez d&rsquo;un grand \u00e9cran sous la forme d&rsquo;un ordinateur portable de 14 pouces, ainsi que de la nouveaut\u00e9 de r\u00e9v\u00e9ler des parties de votre \u00e9cran dont vous ignoriez qu&rsquo;elles \u00e9taient cach\u00e9es dans l&rsquo;ordinateur portable, bien s\u00fbr. Le reste de la machine est un PC Copilot+ de base, avec une puce Intel Core Ultra 7, jusqu&rsquo;\u00e0 32 Go de RAM et jusqu&rsquo;\u00e0 1 To de stockage, donc pas de composants internes trop sophistiqu\u00e9s pour compl\u00e9ter la nouvelle technologie d&rsquo;affichage. \u00c0 3 500 $, Lenovo a peut-\u00eatre estim\u00e9 que cela \u00e9tait plus \u00e9trange que cool.<\/p>\n<div class=\"video-parent !mb-0\">\n<div class=\"relative mt-16 h-0 w-full\" data-nosnippet=\"true\" style=\"padding-bottom: 56.3%;\">\n<div class=\"absolute inset-0 h-full w-full\" id=\"video-container-07ardZr4TC7mJAOrVPwhyyb\"><\/div>\n<\/p><\/div>\n<\/p><\/div>\n<h2 id=\"dells-big-rebrand\">Le grand changement de marque de Dell<\/h2>\n<div class=\"eloquent-imagery-image\">\n<div class=\"flex justify-center\">\n                    <img decoding=\"async\" class=\"border border-gray-100\" src=\"https:\/\/vieassociative.be\/actualites\/wp-content\/uploads\/2025\/01\/Les-huit-choses-les-plus-etranges-que-jai-vues-au.webp.webp\" alt=\"ordinateurs portables Dell\" width=\"2000\" height=\"1125\" loading=\"lazy\"  >\n            <\/div>\n<\/p><\/div>\n<p>Tu sais ce qui est bizarre ? Rejeter une marque \u00e9tablie comme XPS en faveur d&rsquo;un langage utilis\u00e9 par toutes les autres entreprises technologiques. C&rsquo;est une d\u00e9cision d\u00e9routante de la part de Dell, qui a fait la une des journaux lors du CES de cette semaine en annon\u00e7ant la fin des XPS, Inspiron, Latitude, Precision et de ses autres marques. D\u00e9sormais, les ordinateurs Dell seront disponibles en trois gammes\u00a0: Dell, Dell Pro et Dell Pro Max. Dans chacun de <em>ceux<\/em> lignes, il y a trois lignes suppl\u00e9mentaires \u00e0 consid\u00e9rer : Base, Plus et Premium.<\/p>\n<p>Votre ami peut avoir un Dell Plus, tandis qu&rsquo;un autre peut acheter un Dell Pro Base, tandis que vous avez un Dell Pro Max Premium. Ce n\u2019est pas si d\u00e9routant, n\u2019est-ce pas ? Si c&rsquo;est le cas, consultez l&rsquo;explication de Khamosh Pathak ici.<\/p>\n","protected":false},"excerpt":{"rendered":"<p>Voil\u00e0 pour les plus bizarres. Le CES est une vitrine d&rsquo;une semaine de nouveaux produits et services de tous les secteurs. Certains produits sont de<\/p>\n","protected":false},"author":1,"featured_media":4252,"comment_status":"","ping_status":"","sticky":false,"template":"","format":"standard","meta":{"footnotes":""},"categories":[13],"tags":[248,93,4680,78,823,14,1823],"class_list":["post-4251","post","type-post","status-publish","format-standard","has-post-thumbnail","hentry","category-technologie","tag-ces","tag-choses","tag-etranges","tag-huit","tag-jai","tag-les","tag-vues","generate-columns","tablet-grid-50","mobile-grid-100","grid-parent","grid-33"],"yoast_head":"<!-- This site is optimized with the Yoast SEO plugin v24.0 - https:\/\/yoast.com\/wordpress\/plugins\/seo\/ -->\n<title>Les huit choses les plus \u00e9tranges que j&#039;ai vues au CES 2025 | Vie Associative<\/title>\n<meta name=\"robots\" content=\"index, follow, max-snippet:-1, max-image-preview:large, max-video-preview:-1\" \/>\n<link rel=\"canonical\" href=\"https:\/\/vieassociative.be\/actualites\/les-huit-choses-les-plus-etranges-que-jai-vues-au-ces-2025\/\" \/>\n<meta property=\"og:locale\" content=\"fr_FR\" \/>\n<meta property=\"og:type\" content=\"article\" \/>\n<meta property=\"og:title\" content=\"Les huit choses les plus \u00e9tranges que j&#039;ai vues au CES 2025 | Vie Associative\" \/>\n<meta property=\"og:description\" content=\"Voil\u00e0 pour les plus bizarres. Le CES est une vitrine d&rsquo;une semaine de nouveaux produits et services de tous les secteurs. Certains produits sont de\" \/>\n<meta property=\"og:url\" content=\"https:\/\/vieassociative.be\/actualites\/les-huit-choses-les-plus-etranges-que-jai-vues-au-ces-2025\/\" \/>\n<meta property=\"og:site_name\" content=\"Vie Associative\" \/>\n<meta property=\"article:published_time\" content=\"2025-01-11T13:22:35+00:00\" \/>\n<meta property=\"og:image\" content=\"https:\/\/vieassociative.be\/actualites\/wp-content\/uploads\/2025\/01\/Les-huit-choses-les-plus-etranges-que-jai-vues-au.jpg\" \/>\n<meta name=\"author\" content=\"Julien\" \/>\n<meta name=\"twitter:card\" content=\"summary_large_image\" \/>\n<meta name=\"twitter:label1\" content=\"\u00c9crit par\" \/>\n\t<meta name=\"twitter:data1\" content=\"Julien\" \/>\n\t<meta name=\"twitter:label2\" content=\"Dur\u00e9e de lecture est.\" \/>\n\t<meta name=\"twitter:data2\" content=\"7 minutes\" \/>\n<script type=\"application\/ld+json\" class=\"yoast-schema-graph\">{\"@context\":\"https:\/\/schema.org\",\"@graph\":[{\"@type\":\"Article\",\"@id\":\"https:\/\/vieassociative.be\/actualites\/les-huit-choses-les-plus-etranges-que-jai-vues-au-ces-2025\/#article\",\"isPartOf\":{\"@id\":\"https:\/\/vieassociative.be\/actualites\/les-huit-choses-les-plus-etranges-que-jai-vues-au-ces-2025\/\"},\"author\":{\"name\":\"Julien\",\"@id\":\"https:\/\/vieassociative.be\/actualites\/#\/schema\/person\/b87ac4f82f9d4e7b7cec7395b679edc4\"},\"headline\":\"Les huit choses les plus \u00e9tranges que j&rsquo;ai vues au CES 2025\",\"datePublished\":\"2025-01-11T13:22:35+00:00\",\"dateModified\":\"2025-01-11T13:22:35+00:00\",\"mainEntityOfPage\":{\"@id\":\"https:\/\/vieassociative.be\/actualites\/les-huit-choses-les-plus-etranges-que-jai-vues-au-ces-2025\/\"},\"wordCount\":1571,\"publisher\":{\"@id\":\"https:\/\/vieassociative.be\/actualites\/#organization\"},\"image\":{\"@id\":\"https:\/\/vieassociative.be\/actualites\/les-huit-choses-les-plus-etranges-que-jai-vues-au-ces-2025\/#primaryimage\"},\"thumbnailUrl\":\"https:\/\/vieassociative.be\/actualites\/wp-content\/uploads\/2025\/01\/1736601756_Les-huit-choses-les-plus-etranges-que-jai-vues-au.jpg\",\"keywords\":[\"ces\",\"choses\",\"\u00e9tranges\",\"Huit\",\"Jai\",\"Les\",\"vues\"],\"articleSection\":[\"Technologie\"],\"inLanguage\":\"fr-BE\"},{\"@type\":\"WebPage\",\"@id\":\"https:\/\/vieassociative.be\/actualites\/les-huit-choses-les-plus-etranges-que-jai-vues-au-ces-2025\/\",\"url\":\"https:\/\/vieassociative.be\/actualites\/les-huit-choses-les-plus-etranges-que-jai-vues-au-ces-2025\/\",\"name\":\"Les huit choses les plus \u00e9tranges que j'ai vues au CES 2025 | Vie Associative\",\"isPartOf\":{\"@id\":\"https:\/\/vieassociative.be\/actualites\/#website\"},\"primaryImageOfPage\":{\"@id\":\"https:\/\/vieassociative.be\/actualites\/les-huit-choses-les-plus-etranges-que-jai-vues-au-ces-2025\/#primaryimage\"},\"image\":{\"@id\":\"https:\/\/vieassociative.be\/actualites\/les-huit-choses-les-plus-etranges-que-jai-vues-au-ces-2025\/#primaryimage\"},\"thumbnailUrl\":\"https:\/\/vieassociative.be\/actualites\/wp-content\/uploads\/2025\/01\/1736601756_Les-huit-choses-les-plus-etranges-que-jai-vues-au.jpg\",\"datePublished\":\"2025-01-11T13:22:35+00:00\",\"dateModified\":\"2025-01-11T13:22:35+00:00\",\"breadcrumb\":{\"@id\":\"https:\/\/vieassociative.be\/actualites\/les-huit-choses-les-plus-etranges-que-jai-vues-au-ces-2025\/#breadcrumb\"},\"inLanguage\":\"fr-BE\",\"potentialAction\":[{\"@type\":\"ReadAction\",\"target\":[\"https:\/\/vieassociative.be\/actualites\/les-huit-choses-les-plus-etranges-que-jai-vues-au-ces-2025\/\"]}]},{\"@type\":\"ImageObject\",\"inLanguage\":\"fr-BE\",\"@id\":\"https:\/\/vieassociative.be\/actualites\/les-huit-choses-les-plus-etranges-que-jai-vues-au-ces-2025\/#primaryimage\",\"url\":\"https:\/\/vieassociative.be\/actualites\/wp-content\/uploads\/2025\/01\/1736601756_Les-huit-choses-les-plus-etranges-que-jai-vues-au.jpg\",\"contentUrl\":\"https:\/\/vieassociative.be\/actualites\/wp-content\/uploads\/2025\/01\/1736601756_Les-huit-choses-les-plus-etranges-que-jai-vues-au.jpg\",\"width\":1200,\"height\":675,\"caption\":\"Les huit choses les plus \u00e9tranges que j'ai vues au CES 2025\"},{\"@type\":\"BreadcrumbList\",\"@id\":\"https:\/\/vieassociative.be\/actualites\/les-huit-choses-les-plus-etranges-que-jai-vues-au-ces-2025\/#breadcrumb\",\"itemListElement\":[{\"@type\":\"ListItem\",\"position\":1,\"name\":\"Accueil\",\"item\":\"https:\/\/vieassociative.be\/actualites\/\"},{\"@type\":\"ListItem\",\"position\":2,\"name\":\"Les huit choses les plus \u00e9tranges que j&rsquo;ai vues au CES 2025\"}]},{\"@type\":\"WebSite\",\"@id\":\"https:\/\/vieassociative.be\/actualites\/#website\",\"url\":\"https:\/\/vieassociative.be\/actualites\/\",\"name\":\"Vie Associative\",\"description\":\"\",\"publisher\":{\"@id\":\"https:\/\/vieassociative.be\/actualites\/#organization\"},\"potentialAction\":[{\"@type\":\"SearchAction\",\"target\":{\"@type\":\"EntryPoint\",\"urlTemplate\":\"https:\/\/vieassociative.be\/actualites\/?s={search_term_string}\"},\"query-input\":{\"@type\":\"PropertyValueSpecification\",\"valueRequired\":true,\"valueName\":\"search_term_string\"}}],\"inLanguage\":\"fr-BE\"},{\"@type\":\"Organization\",\"@id\":\"https:\/\/vieassociative.be\/actualites\/#organization\",\"name\":\"Vie Associative\",\"url\":\"https:\/\/vieassociative.be\/actualites\/\",\"logo\":{\"@type\":\"ImageObject\",\"inLanguage\":\"fr-BE\",\"@id\":\"https:\/\/vieassociative.be\/actualites\/#\/schema\/logo\/image\/\",\"url\":\"https:\/\/vieassociative.be\/actualites\/wp-content\/uploads\/2024\/09\/cropped-vieassociative_favicon.ico.png\",\"contentUrl\":\"https:\/\/vieassociative.be\/actualites\/wp-content\/uploads\/2024\/09\/cropped-vieassociative_favicon.ico.png\",\"width\":512,\"height\":512,\"caption\":\"Vie Associative\"},\"image\":{\"@id\":\"https:\/\/vieassociative.be\/actualites\/#\/schema\/logo\/image\/\"}},{\"@type\":\"Person\",\"@id\":\"https:\/\/vieassociative.be\/actualites\/#\/schema\/person\/b87ac4f82f9d4e7b7cec7395b679edc4\",\"name\":\"Julien\",\"image\":{\"@type\":\"ImageObject\",\"inLanguage\":\"fr-BE\",\"@id\":\"https:\/\/vieassociative.be\/actualites\/#\/schema\/person\/image\/\",\"url\":\"https:\/\/vieassociative.be\/actualites\/wp-content\/uploads\/2024\/09\/vie-associative-1-150x150.jpg\",\"contentUrl\":\"https:\/\/vieassociative.be\/actualites\/wp-content\/uploads\/2024\/09\/vie-associative-1-150x150.jpg\",\"caption\":\"Julien\"},\"description\":\"Je suis Julien, r\u00e9dacteur pour Vie Associative. Passionn\u00e9 par le monde associatif depuis plus de 10 ans, j'ai \u00e0 c\u0153ur de partager des histoires inspirantes et de mettre en lumi\u00e8re les initiatives locales. Mon objectif est de sensibiliser et d'encourager l'engagement communautaire \u00e0 travers mes articles.\",\"sameAs\":[\"https:\/\/vieassociative.be\/\"]}]}<\/script>\n<!-- \/ Yoast SEO plugin. -->","yoast_head_json":{"title":"Les huit choses les plus \u00e9tranges que j'ai vues au CES 2025 | Vie Associative","robots":{"index":"index","follow":"follow","max-snippet":"max-snippet:-1","max-image-preview":"max-image-preview:large","max-video-preview":"max-video-preview:-1"},"canonical":"https:\/\/vieassociative.be\/actualites\/les-huit-choses-les-plus-etranges-que-jai-vues-au-ces-2025\/","og_locale":"fr_FR","og_type":"article","og_title":"Les huit choses les plus \u00e9tranges que j'ai vues au CES 2025 | Vie Associative","og_description":"Voil\u00e0 pour les plus bizarres. Le CES est une vitrine d&rsquo;une semaine de nouveaux produits et services de tous les secteurs. Certains produits sont de","og_url":"https:\/\/vieassociative.be\/actualites\/les-huit-choses-les-plus-etranges-que-jai-vues-au-ces-2025\/","og_site_name":"Vie Associative","article_published_time":"2025-01-11T13:22:35+00:00","og_image":[{"url":"https:\/\/vieassociative.be\/actualites\/wp-content\/uploads\/2025\/01\/Les-huit-choses-les-plus-etranges-que-jai-vues-au.jpg","type":"","width":"","height":""}],"author":"Julien","twitter_card":"summary_large_image","twitter_misc":{"\u00c9crit par":"Julien","Dur\u00e9e de lecture est.":"7 minutes"},"schema":{"@context":"https:\/\/schema.org","@graph":[{"@type":"Article","@id":"https:\/\/vieassociative.be\/actualites\/les-huit-choses-les-plus-etranges-que-jai-vues-au-ces-2025\/#article","isPartOf":{"@id":"https:\/\/vieassociative.be\/actualites\/les-huit-choses-les-plus-etranges-que-jai-vues-au-ces-2025\/"},"author":{"name":"Julien","@id":"https:\/\/vieassociative.be\/actualites\/#\/schema\/person\/b87ac4f82f9d4e7b7cec7395b679edc4"},"headline":"Les huit choses les plus \u00e9tranges que j&rsquo;ai vues au CES 2025","datePublished":"2025-01-11T13:22:35+00:00","dateModified":"2025-01-11T13:22:35+00:00","mainEntityOfPage":{"@id":"https:\/\/vieassociative.be\/actualites\/les-huit-choses-les-plus-etranges-que-jai-vues-au-ces-2025\/"},"wordCount":1571,"publisher":{"@id":"https:\/\/vieassociative.be\/actualites\/#organization"},"image":{"@id":"https:\/\/vieassociative.be\/actualites\/les-huit-choses-les-plus-etranges-que-jai-vues-au-ces-2025\/#primaryimage"},"thumbnailUrl":"https:\/\/vieassociative.be\/actualites\/wp-content\/uploads\/2025\/01\/1736601756_Les-huit-choses-les-plus-etranges-que-jai-vues-au.jpg","keywords":["ces","choses","\u00e9tranges","Huit","Jai","Les","vues"],"articleSection":["Technologie"],"inLanguage":"fr-BE"},{"@type":"WebPage","@id":"https:\/\/vieassociative.be\/actualites\/les-huit-choses-les-plus-etranges-que-jai-vues-au-ces-2025\/","url":"https:\/\/vieassociative.be\/actualites\/les-huit-choses-les-plus-etranges-que-jai-vues-au-ces-2025\/","name":"Les huit choses les plus \u00e9tranges que j'ai vues au CES 2025 | Vie Associative","isPartOf":{"@id":"https:\/\/vieassociative.be\/actualites\/#website"},"primaryImageOfPage":{"@id":"https:\/\/vieassociative.be\/actualites\/les-huit-choses-les-plus-etranges-que-jai-vues-au-ces-2025\/#primaryimage"},"image":{"@id":"https:\/\/vieassociative.be\/actualites\/les-huit-choses-les-plus-etranges-que-jai-vues-au-ces-2025\/#primaryimage"},"thumbnailUrl":"https:\/\/vieassociative.be\/actualites\/wp-content\/uploads\/2025\/01\/1736601756_Les-huit-choses-les-plus-etranges-que-jai-vues-au.jpg","datePublished":"2025-01-11T13:22:35+00:00","dateModified":"2025-01-11T13:22:35+00:00","breadcrumb":{"@id":"https:\/\/vieassociative.be\/actualites\/les-huit-choses-les-plus-etranges-que-jai-vues-au-ces-2025\/#breadcrumb"},"inLanguage":"fr-BE","potentialAction":[{"@type":"ReadAction","target":["https:\/\/vieassociative.be\/actualites\/les-huit-choses-les-plus-etranges-que-jai-vues-au-ces-2025\/"]}]},{"@type":"ImageObject","inLanguage":"fr-BE","@id":"https:\/\/vieassociative.be\/actualites\/les-huit-choses-les-plus-etranges-que-jai-vues-au-ces-2025\/#primaryimage","url":"https:\/\/vieassociative.be\/actualites\/wp-content\/uploads\/2025\/01\/1736601756_Les-huit-choses-les-plus-etranges-que-jai-vues-au.jpg","contentUrl":"https:\/\/vieassociative.be\/actualites\/wp-content\/uploads\/2025\/01\/1736601756_Les-huit-choses-les-plus-etranges-que-jai-vues-au.jpg","width":1200,"height":675,"caption":"Les huit choses les plus \u00e9tranges que j'ai vues au CES 2025"},{"@type":"BreadcrumbList","@id":"https:\/\/vieassociative.be\/actualites\/les-huit-choses-les-plus-etranges-que-jai-vues-au-ces-2025\/#breadcrumb","itemListElement":[{"@type":"ListItem","position":1,"name":"Accueil","item":"https:\/\/vieassociative.be\/actualites\/"},{"@type":"ListItem","position":2,"name":"Les huit choses les plus \u00e9tranges que j&rsquo;ai vues au CES 2025"}]},{"@type":"WebSite","@id":"https:\/\/vieassociative.be\/actualites\/#website","url":"https:\/\/vieassociative.be\/actualites\/","name":"Vie Associative","description":"","publisher":{"@id":"https:\/\/vieassociative.be\/actualites\/#organization"},"potentialAction":[{"@type":"SearchAction","target":{"@type":"EntryPoint","urlTemplate":"https:\/\/vieassociative.be\/actualites\/?s={search_term_string}"},"query-input":{"@type":"PropertyValueSpecification","valueRequired":true,"valueName":"search_term_string"}}],"inLanguage":"fr-BE"},{"@type":"Organization","@id":"https:\/\/vieassociative.be\/actualites\/#organization","name":"Vie Associative","url":"https:\/\/vieassociative.be\/actualites\/","logo":{"@type":"ImageObject","inLanguage":"fr-BE","@id":"https:\/\/vieassociative.be\/actualites\/#\/schema\/logo\/image\/","url":"https:\/\/vieassociative.be\/actualites\/wp-content\/uploads\/2024\/09\/cropped-vieassociative_favicon.ico.png","contentUrl":"https:\/\/vieassociative.be\/actualites\/wp-content\/uploads\/2024\/09\/cropped-vieassociative_favicon.ico.png","width":512,"height":512,"caption":"Vie Associative"},"image":{"@id":"https:\/\/vieassociative.be\/actualites\/#\/schema\/logo\/image\/"}},{"@type":"Person","@id":"https:\/\/vieassociative.be\/actualites\/#\/schema\/person\/b87ac4f82f9d4e7b7cec7395b679edc4","name":"Julien","image":{"@type":"ImageObject","inLanguage":"fr-BE","@id":"https:\/\/vieassociative.be\/actualites\/#\/schema\/person\/image\/","url":"https:\/\/vieassociative.be\/actualites\/wp-content\/uploads\/2024\/09\/vie-associative-1-150x150.jpg","contentUrl":"https:\/\/vieassociative.be\/actualites\/wp-content\/uploads\/2024\/09\/vie-associative-1-150x150.jpg","caption":"Julien"},"description":"Je suis Julien, r\u00e9dacteur pour Vie Associative. Passionn\u00e9 par le monde associatif depuis plus de 10 ans, j'ai \u00e0 c\u0153ur de partager des histoires inspirantes et de mettre en lumi\u00e8re les initiatives locales. Mon objectif est de sensibiliser et d'encourager l'engagement communautaire \u00e0 travers mes articles.","sameAs":["https:\/\/vieassociative.be\/"]}]}},"_links":{"self":[{"href":"https:\/\/vieassociative.be\/actualites\/wp-json\/wp\/v2\/posts\/4251"}],"collection":[{"href":"https:\/\/vieassociative.be\/actualites\/wp-json\/wp\/v2\/posts"}],"about":[{"href":"https:\/\/vieassociative.be\/actualites\/wp-json\/wp\/v2\/types\/post"}],"author":[{"embeddable":true,"href":"https:\/\/vieassociative.be\/actualites\/wp-json\/wp\/v2\/users\/1"}],"replies":[{"embeddable":true,"href":"https:\/\/vieassociative.be\/actualites\/wp-json\/wp\/v2\/comments?post=4251"}],"version-history":[{"count":0,"href":"https:\/\/vieassociative.be\/actualites\/wp-json\/wp\/v2\/posts\/4251\/revisions"}],"wp:featuredmedia":[{"embeddable":true,"href":"https:\/\/vieassociative.be\/actualites\/wp-json\/wp\/v2\/media\/4252"}],"wp:attachment":[{"href":"https:\/\/vieassociative.be\/actualites\/wp-json\/wp\/v2\/media?parent=4251"}],"wp:term":[{"taxonomy":"category","embeddable":true,"href":"https:\/\/vieassociative.be\/actualites\/wp-json\/wp\/v2\/categories?post=4251"},{"taxonomy":"post_tag","embeddable":true,"href":"https:\/\/vieassociative.be\/actualites\/wp-json\/wp\/v2\/tags?post=4251"}],"curies":[{"name":"wp","href":"https:\/\/api.w.org\/{rel}","templated":true}]}}