{"id":425,"date":"2024-09-24T22:19:47","date_gmt":"2024-09-24T20:19:47","guid":{"rendered":"https:\/\/vieassociative.be\/actualites\/belgiens-fusball-liga-bricht-saison-ab-brugge-meister\/"},"modified":"2024-09-24T22:19:49","modified_gmt":"2024-09-24T20:19:49","slug":"belgiens-fusball-liga-bricht-saison-ab-brugge-meister","status":"publish","type":"post","link":"https:\/\/vieassociative.be\/actualites\/belgiens-fusball-liga-bricht-saison-ab-brugge-meister\/","title":{"rendered":"Belgiens Fu\u00dfball-Liga bricht Saison ab &#8211; Br\u00fcgge Meister"},"content":{"rendered":"<p><\/p>\n<p class=\"font-sans font-medium\">  Les Fu\u00dfballs professionnels belges sont les seuls \u00e0 profiter des vacances d&rsquo;\u00e9t\u00e9 et il n&rsquo;y a pratiquement plus de jeux disponibles. <\/p>\n<aside class=\"h-ad-280+text lg:h-0 \" data-slot-id=\"pos1_sm\" data-breakpoint=\"sm\" data-hide-ad-text=\"false\" data-module-id=\"SparkAdSlotModule\"><\/aside>\n<p>La premi\u00e8re Ligue de Fu\u00dfball de Belgique arrive par ici <strong>Pand\u00e9mie de corona virus<\/strong> en tant que premi\u00e8re grande classe de jeu europ\u00e9enne d&rsquo;ab. Le Club Br\u00fcgge sera invit\u00e9 \u00e0 faire partie de l&rsquo;\u00e9quipe de proclamation et sera responsable du processus d\u00e9cisionnel de la Pro League lors du Donnerstag apr\u00e8s une vid\u00e9oconf\u00e9rence. Comme il \u00e9tait \u00ab\u00a0tr\u00e8s peu fiable\u00a0\u00bb, il a \u00e9t\u00e9 annonc\u00e9 le 30 juin et les Wettk\u00e4mpfe mit Publikum spielt \u00e9taient k\u00f6nnten, il \u00e9tait clair que la Ligue \u00e9tait sous la supervision des virologues belges Marc Van Ranst et de la Regierung.<\/p>\n<p>La Vollversammlung, dans der alle 24 Profi-Vereine des Landes vertreten sind, doit der Empfehlung des Verwaltungsrats am 15. April noch zustimmen. La Liga compte 29 sur 30 matchs r\u00e9guliers, ainsi que les matchs de Mitte M\u00e4rz. Nous continuerons \u00e0 le faire jusqu&rsquo;au 1er mai. Le pont est franchi avec 70 Punks sur la Spitze dertafelle, pour Gand avec 55 Punks. Le dernier match et les Playoffs font partie du succ\u00e8s ultime du processus d&rsquo;\u00e9valuation.<\/p>\n<h3>R\u00e9ponses simples aux jeux<\/h3>\n<div id=\"piano-banner-kampagne\" class=\"mb-4 block\"><\/div>\n<div id=\"piano-reco-widget\" class=\"mb-4 block\"><\/div>\n<p>\u00ab\u00a0La situation actuelle est incertaine, et m\u00eame s&rsquo;il existe une base g\u00e9n\u00e9rale pour la formation, elle peut \u00eatre \u00e9valu\u00e9e\u00a0\u00bb, explique la Ligue. De plus, vous pourrez tester les r\u00e9sultats de vos activit\u00e9s sportives avec les meilleurs r\u00e9sultats possibles.<\/p>\n<p><!-- opinary --><\/p>\n<div class=\"w-full bg-background-100\">\n<div id=\"opinary-automation-placeholder\" class=\"w-full\"><\/div>\n<\/p><\/div>\n","protected":false},"excerpt":{"rendered":"<p>Les Fu\u00dfballs professionnels belges sont les seuls \u00e0 profiter des vacances d&rsquo;\u00e9t\u00e9 et il n&rsquo;y a pratiquement plus de jeux disponibles. La premi\u00e8re Ligue de<\/p>\n","protected":false},"author":1,"featured_media":426,"comment_status":"closed","ping_status":"","sticky":false,"template":"","format":"standard","meta":{"footnotes":""},"categories":[298],"tags":[687,689,691,688,692,690],"class_list":["post-425","post","type-post","status-publish","format-standard","has-post-thumbnail","hentry","category-belgique","tag-belgiens","tag-bricht","tag-brugge","tag-fusballliga","tag-meister","tag-saison","generate-columns","tablet-grid-50","mobile-grid-100","grid-parent","grid-33"],"yoast_head":"<!-- This site is optimized with the Yoast SEO plugin v24.0 - https:\/\/yoast.com\/wordpress\/plugins\/seo\/ -->\n<title>Belgiens Fu\u00dfball-Liga bricht Saison ab - Br\u00fcgge Meister | Vie Associative<\/title>\n<meta name=\"robots\" content=\"index, follow, max-snippet:-1, max-image-preview:large, max-video-preview:-1\" \/>\n<link rel=\"canonical\" href=\"https:\/\/vieassociative.be\/actualites\/belgiens-fusball-liga-bricht-saison-ab-brugge-meister\/\" \/>\n<meta property=\"og:locale\" content=\"fr_FR\" \/>\n<meta property=\"og:type\" content=\"article\" \/>\n<meta property=\"og:title\" content=\"Belgiens Fu\u00dfball-Liga bricht Saison ab - Br\u00fcgge Meister | Vie Associative\" \/>\n<meta property=\"og:description\" content=\"Les Fu\u00dfballs professionnels belges sont les seuls \u00e0 profiter des vacances d&rsquo;\u00e9t\u00e9 et il n&rsquo;y a pratiquement plus de jeux disponibles. La premi\u00e8re Ligue de\" \/>\n<meta property=\"og:url\" content=\"https:\/\/vieassociative.be\/actualites\/belgiens-fusball-liga-bricht-saison-ab-brugge-meister\/\" \/>\n<meta property=\"og:site_name\" content=\"Vie Associative\" \/>\n<meta property=\"article:published_time\" content=\"2024-09-24T20:19:47+00:00\" \/>\n<meta property=\"article:modified_time\" content=\"2024-09-24T20:19:49+00:00\" \/>\n<meta property=\"og:image\" content=\"https:\/\/vieassociative.be\/actualites\/wp-content\/uploads\/2024\/09\/1727209187_Belgiens-Fusball-Liga-bricht-Saison-ab-Brugge-Meister.jpeg\" \/>\n\t<meta property=\"og:image:width\" content=\"1600\" \/>\n\t<meta property=\"og:image:height\" content=\"900\" \/>\n\t<meta property=\"og:image:type\" content=\"image\/jpeg\" \/>\n<meta name=\"author\" content=\"Julien\" \/>\n<meta name=\"twitter:card\" content=\"summary_large_image\" \/>\n<meta name=\"twitter:label1\" content=\"\u00c9crit par\" \/>\n\t<meta name=\"twitter:data1\" content=\"Julien\" \/>\n\t<meta name=\"twitter:label2\" content=\"Dur\u00e9e de lecture est.\" \/>\n\t<meta name=\"twitter:data2\" content=\"1 minute\" \/>\n<script type=\"application\/ld+json\" class=\"yoast-schema-graph\">{\"@context\":\"https:\/\/schema.org\",\"@graph\":[{\"@type\":\"Article\",\"@id\":\"https:\/\/vieassociative.be\/actualites\/belgiens-fusball-liga-bricht-saison-ab-brugge-meister\/#article\",\"isPartOf\":{\"@id\":\"https:\/\/vieassociative.be\/actualites\/belgiens-fusball-liga-bricht-saison-ab-brugge-meister\/\"},\"author\":{\"name\":\"Julien\",\"@id\":\"https:\/\/vieassociative.be\/actualites\/#\/schema\/person\/b87ac4f82f9d4e7b7cec7395b679edc4\"},\"headline\":\"Belgiens Fu\u00dfball-Liga bricht Saison ab &#8211; Br\u00fcgge Meister\",\"datePublished\":\"2024-09-24T20:19:47+00:00\",\"dateModified\":\"2024-09-24T20:19:49+00:00\",\"mainEntityOfPage\":{\"@id\":\"https:\/\/vieassociative.be\/actualites\/belgiens-fusball-liga-bricht-saison-ab-brugge-meister\/\"},\"wordCount\":262,\"publisher\":{\"@id\":\"https:\/\/vieassociative.be\/actualites\/#organization\"},\"image\":{\"@id\":\"https:\/\/vieassociative.be\/actualites\/belgiens-fusball-liga-bricht-saison-ab-brugge-meister\/#primaryimage\"},\"thumbnailUrl\":\"https:\/\/vieassociative.be\/actualites\/wp-content\/uploads\/2024\/09\/1727209187_Belgiens-Fusball-Liga-bricht-Saison-ab-Brugge-Meister.jpeg\",\"keywords\":[\"Belgiens\",\"bricht\",\"Br\u00fcgge\",\"Fu\u00dfballLiga\",\"Meister\",\"Saison\"],\"articleSection\":[\"Belgique\"],\"inLanguage\":\"fr-BE\"},{\"@type\":\"WebPage\",\"@id\":\"https:\/\/vieassociative.be\/actualites\/belgiens-fusball-liga-bricht-saison-ab-brugge-meister\/\",\"url\":\"https:\/\/vieassociative.be\/actualites\/belgiens-fusball-liga-bricht-saison-ab-brugge-meister\/\",\"name\":\"Belgiens Fu\u00dfball-Liga bricht Saison ab - Br\u00fcgge Meister | Vie Associative\",\"isPartOf\":{\"@id\":\"https:\/\/vieassociative.be\/actualites\/#website\"},\"primaryImageOfPage\":{\"@id\":\"https:\/\/vieassociative.be\/actualites\/belgiens-fusball-liga-bricht-saison-ab-brugge-meister\/#primaryimage\"},\"image\":{\"@id\":\"https:\/\/vieassociative.be\/actualites\/belgiens-fusball-liga-bricht-saison-ab-brugge-meister\/#primaryimage\"},\"thumbnailUrl\":\"https:\/\/vieassociative.be\/actualites\/wp-content\/uploads\/2024\/09\/1727209187_Belgiens-Fusball-Liga-bricht-Saison-ab-Brugge-Meister.jpeg\",\"datePublished\":\"2024-09-24T20:19:47+00:00\",\"dateModified\":\"2024-09-24T20:19:49+00:00\",\"breadcrumb\":{\"@id\":\"https:\/\/vieassociative.be\/actualites\/belgiens-fusball-liga-bricht-saison-ab-brugge-meister\/#breadcrumb\"},\"inLanguage\":\"fr-BE\",\"potentialAction\":[{\"@type\":\"ReadAction\",\"target\":[\"https:\/\/vieassociative.be\/actualites\/belgiens-fusball-liga-bricht-saison-ab-brugge-meister\/\"]}]},{\"@type\":\"ImageObject\",\"inLanguage\":\"fr-BE\",\"@id\":\"https:\/\/vieassociative.be\/actualites\/belgiens-fusball-liga-bricht-saison-ab-brugge-meister\/#primaryimage\",\"url\":\"https:\/\/vieassociative.be\/actualites\/wp-content\/uploads\/2024\/09\/1727209187_Belgiens-Fusball-Liga-bricht-Saison-ab-Brugge-Meister.jpeg\",\"contentUrl\":\"https:\/\/vieassociative.be\/actualites\/wp-content\/uploads\/2024\/09\/1727209187_Belgiens-Fusball-Liga-bricht-Saison-ab-Brugge-Meister.jpeg\",\"width\":1600,\"height\":900,\"caption\":\"Belgiens Fu\u00dfball-Liga bricht Saison ab - Br\u00fcgge Meister\"},{\"@type\":\"BreadcrumbList\",\"@id\":\"https:\/\/vieassociative.be\/actualites\/belgiens-fusball-liga-bricht-saison-ab-brugge-meister\/#breadcrumb\",\"itemListElement\":[{\"@type\":\"ListItem\",\"position\":1,\"name\":\"Accueil\",\"item\":\"https:\/\/vieassociative.be\/actualites\/\"},{\"@type\":\"ListItem\",\"position\":2,\"name\":\"Belgiens Fu\u00dfball-Liga bricht Saison ab &#8211; Br\u00fcgge Meister\"}]},{\"@type\":\"WebSite\",\"@id\":\"https:\/\/vieassociative.be\/actualites\/#website\",\"url\":\"https:\/\/vieassociative.be\/actualites\/\",\"name\":\"Vie Associative\",\"description\":\"\",\"publisher\":{\"@id\":\"https:\/\/vieassociative.be\/actualites\/#organization\"},\"potentialAction\":[{\"@type\":\"SearchAction\",\"target\":{\"@type\":\"EntryPoint\",\"urlTemplate\":\"https:\/\/vieassociative.be\/actualites\/?s={search_term_string}\"},\"query-input\":{\"@type\":\"PropertyValueSpecification\",\"valueRequired\":true,\"valueName\":\"search_term_string\"}}],\"inLanguage\":\"fr-BE\"},{\"@type\":\"Organization\",\"@id\":\"https:\/\/vieassociative.be\/actualites\/#organization\",\"name\":\"Vie Associative\",\"url\":\"https:\/\/vieassociative.be\/actualites\/\",\"logo\":{\"@type\":\"ImageObject\",\"inLanguage\":\"fr-BE\",\"@id\":\"https:\/\/vieassociative.be\/actualites\/#\/schema\/logo\/image\/\",\"url\":\"https:\/\/vieassociative.be\/actualites\/wp-content\/uploads\/2024\/09\/cropped-vieassociative_favicon.ico.png\",\"contentUrl\":\"https:\/\/vieassociative.be\/actualites\/wp-content\/uploads\/2024\/09\/cropped-vieassociative_favicon.ico.png\",\"width\":512,\"height\":512,\"caption\":\"Vie Associative\"},\"image\":{\"@id\":\"https:\/\/vieassociative.be\/actualites\/#\/schema\/logo\/image\/\"}},{\"@type\":\"Person\",\"@id\":\"https:\/\/vieassociative.be\/actualites\/#\/schema\/person\/b87ac4f82f9d4e7b7cec7395b679edc4\",\"name\":\"Julien\",\"image\":{\"@type\":\"ImageObject\",\"inLanguage\":\"fr-BE\",\"@id\":\"https:\/\/vieassociative.be\/actualites\/#\/schema\/person\/image\/\",\"url\":\"https:\/\/vieassociative.be\/actualites\/wp-content\/uploads\/2024\/09\/vie-associative-1-150x150.jpg\",\"contentUrl\":\"https:\/\/vieassociative.be\/actualites\/wp-content\/uploads\/2024\/09\/vie-associative-1-150x150.jpg\",\"caption\":\"Julien\"},\"description\":\"Je suis Julien, r\u00e9dacteur pour Vie Associative. Passionn\u00e9 par le monde associatif depuis plus de 10 ans, j'ai \u00e0 c\u0153ur de partager des histoires inspirantes et de mettre en lumi\u00e8re les initiatives locales. Mon objectif est de sensibiliser et d'encourager l'engagement communautaire \u00e0 travers mes articles.\",\"sameAs\":[\"https:\/\/vieassociative.be\/\"]}]}<\/script>\n<!-- \/ Yoast SEO plugin. -->","yoast_head_json":{"title":"Belgiens Fu\u00dfball-Liga bricht Saison ab - Br\u00fcgge Meister | Vie Associative","robots":{"index":"index","follow":"follow","max-snippet":"max-snippet:-1","max-image-preview":"max-image-preview:large","max-video-preview":"max-video-preview:-1"},"canonical":"https:\/\/vieassociative.be\/actualites\/belgiens-fusball-liga-bricht-saison-ab-brugge-meister\/","og_locale":"fr_FR","og_type":"article","og_title":"Belgiens Fu\u00dfball-Liga bricht Saison ab - Br\u00fcgge Meister | Vie Associative","og_description":"Les Fu\u00dfballs professionnels belges sont les seuls \u00e0 profiter des vacances d&rsquo;\u00e9t\u00e9 et il n&rsquo;y a pratiquement plus de jeux disponibles. La premi\u00e8re Ligue de","og_url":"https:\/\/vieassociative.be\/actualites\/belgiens-fusball-liga-bricht-saison-ab-brugge-meister\/","og_site_name":"Vie Associative","article_published_time":"2024-09-24T20:19:47+00:00","article_modified_time":"2024-09-24T20:19:49+00:00","og_image":[{"width":1600,"height":900,"url":"https:\/\/vieassociative.be\/actualites\/wp-content\/uploads\/2024\/09\/1727209187_Belgiens-Fusball-Liga-bricht-Saison-ab-Brugge-Meister.jpeg","type":"image\/jpeg"}],"author":"Julien","twitter_card":"summary_large_image","twitter_misc":{"\u00c9crit par":"Julien","Dur\u00e9e de lecture est.":"1 minute"},"schema":{"@context":"https:\/\/schema.org","@graph":[{"@type":"Article","@id":"https:\/\/vieassociative.be\/actualites\/belgiens-fusball-liga-bricht-saison-ab-brugge-meister\/#article","isPartOf":{"@id":"https:\/\/vieassociative.be\/actualites\/belgiens-fusball-liga-bricht-saison-ab-brugge-meister\/"},"author":{"name":"Julien","@id":"https:\/\/vieassociative.be\/actualites\/#\/schema\/person\/b87ac4f82f9d4e7b7cec7395b679edc4"},"headline":"Belgiens Fu\u00dfball-Liga bricht Saison ab &#8211; Br\u00fcgge Meister","datePublished":"2024-09-24T20:19:47+00:00","dateModified":"2024-09-24T20:19:49+00:00","mainEntityOfPage":{"@id":"https:\/\/vieassociative.be\/actualites\/belgiens-fusball-liga-bricht-saison-ab-brugge-meister\/"},"wordCount":262,"publisher":{"@id":"https:\/\/vieassociative.be\/actualites\/#organization"},"image":{"@id":"https:\/\/vieassociative.be\/actualites\/belgiens-fusball-liga-bricht-saison-ab-brugge-meister\/#primaryimage"},"thumbnailUrl":"https:\/\/vieassociative.be\/actualites\/wp-content\/uploads\/2024\/09\/1727209187_Belgiens-Fusball-Liga-bricht-Saison-ab-Brugge-Meister.jpeg","keywords":["Belgiens","bricht","Br\u00fcgge","Fu\u00dfballLiga","Meister","Saison"],"articleSection":["Belgique"],"inLanguage":"fr-BE"},{"@type":"WebPage","@id":"https:\/\/vieassociative.be\/actualites\/belgiens-fusball-liga-bricht-saison-ab-brugge-meister\/","url":"https:\/\/vieassociative.be\/actualites\/belgiens-fusball-liga-bricht-saison-ab-brugge-meister\/","name":"Belgiens Fu\u00dfball-Liga bricht Saison ab - Br\u00fcgge Meister | Vie Associative","isPartOf":{"@id":"https:\/\/vieassociative.be\/actualites\/#website"},"primaryImageOfPage":{"@id":"https:\/\/vieassociative.be\/actualites\/belgiens-fusball-liga-bricht-saison-ab-brugge-meister\/#primaryimage"},"image":{"@id":"https:\/\/vieassociative.be\/actualites\/belgiens-fusball-liga-bricht-saison-ab-brugge-meister\/#primaryimage"},"thumbnailUrl":"https:\/\/vieassociative.be\/actualites\/wp-content\/uploads\/2024\/09\/1727209187_Belgiens-Fusball-Liga-bricht-Saison-ab-Brugge-Meister.jpeg","datePublished":"2024-09-24T20:19:47+00:00","dateModified":"2024-09-24T20:19:49+00:00","breadcrumb":{"@id":"https:\/\/vieassociative.be\/actualites\/belgiens-fusball-liga-bricht-saison-ab-brugge-meister\/#breadcrumb"},"inLanguage":"fr-BE","potentialAction":[{"@type":"ReadAction","target":["https:\/\/vieassociative.be\/actualites\/belgiens-fusball-liga-bricht-saison-ab-brugge-meister\/"]}]},{"@type":"ImageObject","inLanguage":"fr-BE","@id":"https:\/\/vieassociative.be\/actualites\/belgiens-fusball-liga-bricht-saison-ab-brugge-meister\/#primaryimage","url":"https:\/\/vieassociative.be\/actualites\/wp-content\/uploads\/2024\/09\/1727209187_Belgiens-Fusball-Liga-bricht-Saison-ab-Brugge-Meister.jpeg","contentUrl":"https:\/\/vieassociative.be\/actualites\/wp-content\/uploads\/2024\/09\/1727209187_Belgiens-Fusball-Liga-bricht-Saison-ab-Brugge-Meister.jpeg","width":1600,"height":900,"caption":"Belgiens Fu\u00dfball-Liga bricht Saison ab - Br\u00fcgge Meister"},{"@type":"BreadcrumbList","@id":"https:\/\/vieassociative.be\/actualites\/belgiens-fusball-liga-bricht-saison-ab-brugge-meister\/#breadcrumb","itemListElement":[{"@type":"ListItem","position":1,"name":"Accueil","item":"https:\/\/vieassociative.be\/actualites\/"},{"@type":"ListItem","position":2,"name":"Belgiens Fu\u00dfball-Liga bricht Saison ab &#8211; Br\u00fcgge Meister"}]},{"@type":"WebSite","@id":"https:\/\/vieassociative.be\/actualites\/#website","url":"https:\/\/vieassociative.be\/actualites\/","name":"Vie Associative","description":"","publisher":{"@id":"https:\/\/vieassociative.be\/actualites\/#organization"},"potentialAction":[{"@type":"SearchAction","target":{"@type":"EntryPoint","urlTemplate":"https:\/\/vieassociative.be\/actualites\/?s={search_term_string}"},"query-input":{"@type":"PropertyValueSpecification","valueRequired":true,"valueName":"search_term_string"}}],"inLanguage":"fr-BE"},{"@type":"Organization","@id":"https:\/\/vieassociative.be\/actualites\/#organization","name":"Vie Associative","url":"https:\/\/vieassociative.be\/actualites\/","logo":{"@type":"ImageObject","inLanguage":"fr-BE","@id":"https:\/\/vieassociative.be\/actualites\/#\/schema\/logo\/image\/","url":"https:\/\/vieassociative.be\/actualites\/wp-content\/uploads\/2024\/09\/cropped-vieassociative_favicon.ico.png","contentUrl":"https:\/\/vieassociative.be\/actualites\/wp-content\/uploads\/2024\/09\/cropped-vieassociative_favicon.ico.png","width":512,"height":512,"caption":"Vie Associative"},"image":{"@id":"https:\/\/vieassociative.be\/actualites\/#\/schema\/logo\/image\/"}},{"@type":"Person","@id":"https:\/\/vieassociative.be\/actualites\/#\/schema\/person\/b87ac4f82f9d4e7b7cec7395b679edc4","name":"Julien","image":{"@type":"ImageObject","inLanguage":"fr-BE","@id":"https:\/\/vieassociative.be\/actualites\/#\/schema\/person\/image\/","url":"https:\/\/vieassociative.be\/actualites\/wp-content\/uploads\/2024\/09\/vie-associative-1-150x150.jpg","contentUrl":"https:\/\/vieassociative.be\/actualites\/wp-content\/uploads\/2024\/09\/vie-associative-1-150x150.jpg","caption":"Julien"},"description":"Je suis Julien, r\u00e9dacteur pour Vie Associative. Passionn\u00e9 par le monde associatif depuis plus de 10 ans, j'ai \u00e0 c\u0153ur de partager des histoires inspirantes et de mettre en lumi\u00e8re les initiatives locales. Mon objectif est de sensibiliser et d'encourager l'engagement communautaire \u00e0 travers mes articles.","sameAs":["https:\/\/vieassociative.be\/"]}]}},"_links":{"self":[{"href":"https:\/\/vieassociative.be\/actualites\/wp-json\/wp\/v2\/posts\/425"}],"collection":[{"href":"https:\/\/vieassociative.be\/actualites\/wp-json\/wp\/v2\/posts"}],"about":[{"href":"https:\/\/vieassociative.be\/actualites\/wp-json\/wp\/v2\/types\/post"}],"author":[{"embeddable":true,"href":"https:\/\/vieassociative.be\/actualites\/wp-json\/wp\/v2\/users\/1"}],"replies":[{"embeddable":true,"href":"https:\/\/vieassociative.be\/actualites\/wp-json\/wp\/v2\/comments?post=425"}],"version-history":[{"count":1,"href":"https:\/\/vieassociative.be\/actualites\/wp-json\/wp\/v2\/posts\/425\/revisions"}],"predecessor-version":[{"id":427,"href":"https:\/\/vieassociative.be\/actualites\/wp-json\/wp\/v2\/posts\/425\/revisions\/427"}],"wp:featuredmedia":[{"embeddable":true,"href":"https:\/\/vieassociative.be\/actualites\/wp-json\/wp\/v2\/media\/426"}],"wp:attachment":[{"href":"https:\/\/vieassociative.be\/actualites\/wp-json\/wp\/v2\/media?parent=425"}],"wp:term":[{"taxonomy":"category","embeddable":true,"href":"https:\/\/vieassociative.be\/actualites\/wp-json\/wp\/v2\/categories?post=425"},{"taxonomy":"post_tag","embeddable":true,"href":"https:\/\/vieassociative.be\/actualites\/wp-json\/wp\/v2\/tags?post=425"}],"curies":[{"name":"wp","href":"https:\/\/api.w.org\/{rel}","templated":true}]}}