{"id":4241,"date":"2025-01-11T03:18:07","date_gmt":"2025-01-11T02:18:07","guid":{"rendered":"https:\/\/vieassociative.be\/actualites\/le-borussia-dortmund-perd-23-contre-leverkusen-premier-titulaire\/"},"modified":"2025-01-11T03:18:07","modified_gmt":"2025-01-11T02:18:07","slug":"le-borussia-dortmund-perd-23-contre-leverkusen-premier-titulaire","status":"publish","type":"post","link":"https:\/\/vieassociative.be\/actualites\/le-borussia-dortmund-perd-23-contre-leverkusen-premier-titulaire\/","title":{"rendered":"Le Borussia Dortmund perd 2:3 contre Leverkusen, premier titulaire"},"content":{"rendered":"<p><strong>Vague folle de maladie, faiblesses d\u00e9fensives flagrantes : le Borussia Dortmund a perdu le spectaculaire duel de l\u2019Ouest contre le Bayer Leverkusen et a commenc\u00e9 2025 avec un s\u00e9rieux revers.<\/strong><\/p>\n<p><span id=\"more-405941\"><\/span>L&rsquo;\u00e9quipe de l&rsquo;entra\u00eeneur Nuri Sahin, fortement affaiblie, a perdu contre le double vainqueur 2:3 (1:3). Devant 81 365 spectateurs dans le temple du football de Dortmund, \u00e0 guichets ferm\u00e9s, Nathan Tella et Patrik Schick (8e\/19e minute) ont marqu\u00e9 les buts de Leverkusen apr\u00e8s seulement 25 secondes.<\/p>\n<p>Le Bayer 04 s&rsquo;est rapproch\u00e9, au moins temporairement, \u00e0 un point du leader du championnat, le FC Bayern Munich. Le BVB, sixi\u00e8me, pour lequel Jamie Gittens (12e) et Serhou Guirassy (79e\/faute) ont marqu\u00e9, risque de sortir du classement international ce week-end. Des jours difficiles attendent Sahin et son \u00e9quipe.<\/p>\n<p>\u00ab\u00a0Nous nous attendons \u00e0 un match de haut niveau contre un adversaire de premier plan\u00a0\u00bb, a d\u00e9clar\u00e9 l&rsquo;entra\u00eeneur de Leverkusen, Xabi Alonso. Cependant, son principal adversaire, Dortmund, a d\u00fb faire face \u00e0 de graves probl\u00e8mes de personnel dans un d\u00e9lai tr\u00e8s court. Six joueurs manquaient \u00e0 court terme pour cause de maladie. Yannik L\u00fchrs, 21 ans, \u00e9tait le seul d\u00e9fenseur central en forme. C&rsquo;\u00e9tait la premi\u00e8re fois qu&rsquo;il jouait en Bundesliga depuis le d\u00e9but.<\/p>\n<p>\u00ab Nous esp\u00e9rions qu\u2019un ou deux joueurs y parviendraient encore. Mais c&rsquo;est difficile quand il y a un virus qui circule. \u00ab\u00a0C&rsquo;est vraiment amer\u00a0\u00bb, a d\u00e9clar\u00e9 le directeur sportif du BVB, Sebastian Kehl, sur DAZN et il ne savait pas \u00e0 quoi s&rsquo;attendre au d\u00e9but. (dpa)<\/p>\n","protected":false},"excerpt":{"rendered":"<p>Vague folle de maladie, faiblesses d\u00e9fensives flagrantes : le Borussia Dortmund a perdu le spectaculaire duel de l\u2019Ouest contre le Bayer Leverkusen et a commenc\u00e9<\/p>\n","protected":false},"author":1,"featured_media":4242,"comment_status":"","ping_status":"","sticky":false,"template":"","format":"standard","meta":{"footnotes":""},"categories":[298],"tags":[4677,796,2475,2822,3021,443,4678],"class_list":["post-4241","post","type-post","status-publish","format-standard","has-post-thumbnail","hentry","category-belgique","tag-borussia","tag-contre","tag-dortmund","tag-leverkusen","tag-perd","tag-premier","tag-titulaire","generate-columns","tablet-grid-50","mobile-grid-100","grid-parent","grid-33"],"yoast_head":"<!-- This site is optimized with the Yoast SEO plugin v24.0 - https:\/\/yoast.com\/wordpress\/plugins\/seo\/ -->\n<title>Le Borussia Dortmund perd 2:3 contre Leverkusen, premier titulaire | Vie Associative<\/title>\n<meta name=\"robots\" content=\"index, follow, max-snippet:-1, max-image-preview:large, max-video-preview:-1\" \/>\n<link rel=\"canonical\" href=\"https:\/\/vieassociative.be\/actualites\/le-borussia-dortmund-perd-23-contre-leverkusen-premier-titulaire\/\" \/>\n<meta property=\"og:locale\" content=\"fr_FR\" \/>\n<meta property=\"og:type\" content=\"article\" \/>\n<meta property=\"og:title\" content=\"Le Borussia Dortmund perd 2:3 contre Leverkusen, premier titulaire | Vie Associative\" \/>\n<meta property=\"og:description\" content=\"Vague folle de maladie, faiblesses d\u00e9fensives flagrantes : le Borussia Dortmund a perdu le spectaculaire duel de l\u2019Ouest contre le Bayer Leverkusen et a commenc\u00e9\" \/>\n<meta property=\"og:url\" content=\"https:\/\/vieassociative.be\/actualites\/le-borussia-dortmund-perd-23-contre-leverkusen-premier-titulaire\/\" \/>\n<meta property=\"og:site_name\" content=\"Vie Associative\" \/>\n<meta property=\"article:published_time\" content=\"2025-01-11T02:18:07+00:00\" \/>\n<meta property=\"og:image\" content=\"https:\/\/vieassociative.be\/actualites\/wp-content\/uploads\/2024\/09\/header_backgroundk-01-e1726694325946.png\" \/>\n\t<meta property=\"og:image:width\" content=\"279\" \/>\n\t<meta property=\"og:image:height\" content=\"92\" \/>\n\t<meta property=\"og:image:type\" content=\"image\/png\" \/>\n<meta name=\"author\" content=\"Julien\" \/>\n<meta name=\"twitter:card\" content=\"summary_large_image\" \/>\n<meta name=\"twitter:label1\" content=\"\u00c9crit par\" \/>\n\t<meta name=\"twitter:data1\" content=\"Julien\" \/>\n\t<meta name=\"twitter:label2\" content=\"Dur\u00e9e de lecture est.\" \/>\n\t<meta name=\"twitter:data2\" content=\"1 minute\" \/>\n<script type=\"application\/ld+json\" class=\"yoast-schema-graph\">{\"@context\":\"https:\/\/schema.org\",\"@graph\":[{\"@type\":\"Article\",\"@id\":\"https:\/\/vieassociative.be\/actualites\/le-borussia-dortmund-perd-23-contre-leverkusen-premier-titulaire\/#article\",\"isPartOf\":{\"@id\":\"https:\/\/vieassociative.be\/actualites\/le-borussia-dortmund-perd-23-contre-leverkusen-premier-titulaire\/\"},\"author\":{\"name\":\"Julien\",\"@id\":\"https:\/\/vieassociative.be\/actualites\/#\/schema\/person\/b87ac4f82f9d4e7b7cec7395b679edc4\"},\"headline\":\"Le Borussia Dortmund perd 2:3 contre Leverkusen, premier titulaire\",\"datePublished\":\"2025-01-11T02:18:07+00:00\",\"dateModified\":\"2025-01-11T02:18:07+00:00\",\"mainEntityOfPage\":{\"@id\":\"https:\/\/vieassociative.be\/actualites\/le-borussia-dortmund-perd-23-contre-leverkusen-premier-titulaire\/\"},\"wordCount\":268,\"publisher\":{\"@id\":\"https:\/\/vieassociative.be\/actualites\/#organization\"},\"image\":{\"@id\":\"https:\/\/vieassociative.be\/actualites\/le-borussia-dortmund-perd-23-contre-leverkusen-premier-titulaire\/#primaryimage\"},\"thumbnailUrl\":\"https:\/\/vieassociative.be\/actualites\/wp-content\/uploads\/2025\/01\/Le-Borussia-Dortmund-perd-23-contre-Leverkusen-premier-titulaire.jpg\",\"keywords\":[\"Borussia\",\"contre\",\"Dortmund\",\"Leverkusen\",\"perd\",\"premier\",\"titulaire\"],\"articleSection\":[\"Belgique\"],\"inLanguage\":\"fr-BE\"},{\"@type\":\"WebPage\",\"@id\":\"https:\/\/vieassociative.be\/actualites\/le-borussia-dortmund-perd-23-contre-leverkusen-premier-titulaire\/\",\"url\":\"https:\/\/vieassociative.be\/actualites\/le-borussia-dortmund-perd-23-contre-leverkusen-premier-titulaire\/\",\"name\":\"Le Borussia Dortmund perd 2:3 contre Leverkusen, premier titulaire | Vie Associative\",\"isPartOf\":{\"@id\":\"https:\/\/vieassociative.be\/actualites\/#website\"},\"primaryImageOfPage\":{\"@id\":\"https:\/\/vieassociative.be\/actualites\/le-borussia-dortmund-perd-23-contre-leverkusen-premier-titulaire\/#primaryimage\"},\"image\":{\"@id\":\"https:\/\/vieassociative.be\/actualites\/le-borussia-dortmund-perd-23-contre-leverkusen-premier-titulaire\/#primaryimage\"},\"thumbnailUrl\":\"https:\/\/vieassociative.be\/actualites\/wp-content\/uploads\/2025\/01\/Le-Borussia-Dortmund-perd-23-contre-Leverkusen-premier-titulaire.jpg\",\"datePublished\":\"2025-01-11T02:18:07+00:00\",\"dateModified\":\"2025-01-11T02:18:07+00:00\",\"breadcrumb\":{\"@id\":\"https:\/\/vieassociative.be\/actualites\/le-borussia-dortmund-perd-23-contre-leverkusen-premier-titulaire\/#breadcrumb\"},\"inLanguage\":\"fr-BE\",\"potentialAction\":[{\"@type\":\"ReadAction\",\"target\":[\"https:\/\/vieassociative.be\/actualites\/le-borussia-dortmund-perd-23-contre-leverkusen-premier-titulaire\/\"]}]},{\"@type\":\"ImageObject\",\"inLanguage\":\"fr-BE\",\"@id\":\"https:\/\/vieassociative.be\/actualites\/le-borussia-dortmund-perd-23-contre-leverkusen-premier-titulaire\/#primaryimage\",\"url\":\"https:\/\/vieassociative.be\/actualites\/wp-content\/uploads\/2025\/01\/Le-Borussia-Dortmund-perd-23-contre-Leverkusen-premier-titulaire.jpg\",\"contentUrl\":\"https:\/\/vieassociative.be\/actualites\/wp-content\/uploads\/2025\/01\/Le-Borussia-Dortmund-perd-23-contre-Leverkusen-premier-titulaire.jpg\",\"width\":1200,\"height\":800,\"caption\":\"Le Borussia Dortmund perd 2:3 contre Leverkusen, premier titulaire\"},{\"@type\":\"BreadcrumbList\",\"@id\":\"https:\/\/vieassociative.be\/actualites\/le-borussia-dortmund-perd-23-contre-leverkusen-premier-titulaire\/#breadcrumb\",\"itemListElement\":[{\"@type\":\"ListItem\",\"position\":1,\"name\":\"Accueil\",\"item\":\"https:\/\/vieassociative.be\/actualites\/\"},{\"@type\":\"ListItem\",\"position\":2,\"name\":\"Le Borussia Dortmund perd 2:3 contre Leverkusen, premier titulaire\"}]},{\"@type\":\"WebSite\",\"@id\":\"https:\/\/vieassociative.be\/actualites\/#website\",\"url\":\"https:\/\/vieassociative.be\/actualites\/\",\"name\":\"Vie Associative\",\"description\":\"\",\"publisher\":{\"@id\":\"https:\/\/vieassociative.be\/actualites\/#organization\"},\"potentialAction\":[{\"@type\":\"SearchAction\",\"target\":{\"@type\":\"EntryPoint\",\"urlTemplate\":\"https:\/\/vieassociative.be\/actualites\/?s={search_term_string}\"},\"query-input\":{\"@type\":\"PropertyValueSpecification\",\"valueRequired\":true,\"valueName\":\"search_term_string\"}}],\"inLanguage\":\"fr-BE\"},{\"@type\":\"Organization\",\"@id\":\"https:\/\/vieassociative.be\/actualites\/#organization\",\"name\":\"Vie Associative\",\"url\":\"https:\/\/vieassociative.be\/actualites\/\",\"logo\":{\"@type\":\"ImageObject\",\"inLanguage\":\"fr-BE\",\"@id\":\"https:\/\/vieassociative.be\/actualites\/#\/schema\/logo\/image\/\",\"url\":\"https:\/\/vieassociative.be\/actualites\/wp-content\/uploads\/2024\/09\/cropped-vieassociative_favicon.ico.png\",\"contentUrl\":\"https:\/\/vieassociative.be\/actualites\/wp-content\/uploads\/2024\/09\/cropped-vieassociative_favicon.ico.png\",\"width\":512,\"height\":512,\"caption\":\"Vie Associative\"},\"image\":{\"@id\":\"https:\/\/vieassociative.be\/actualites\/#\/schema\/logo\/image\/\"}},{\"@type\":\"Person\",\"@id\":\"https:\/\/vieassociative.be\/actualites\/#\/schema\/person\/b87ac4f82f9d4e7b7cec7395b679edc4\",\"name\":\"Julien\",\"image\":{\"@type\":\"ImageObject\",\"inLanguage\":\"fr-BE\",\"@id\":\"https:\/\/vieassociative.be\/actualites\/#\/schema\/person\/image\/\",\"url\":\"https:\/\/vieassociative.be\/actualites\/wp-content\/uploads\/2024\/09\/vie-associative-1-150x150.jpg\",\"contentUrl\":\"https:\/\/vieassociative.be\/actualites\/wp-content\/uploads\/2024\/09\/vie-associative-1-150x150.jpg\",\"caption\":\"Julien\"},\"description\":\"Je suis Julien, r\u00e9dacteur pour Vie Associative. Passionn\u00e9 par le monde associatif depuis plus de 10 ans, j'ai \u00e0 c\u0153ur de partager des histoires inspirantes et de mettre en lumi\u00e8re les initiatives locales. Mon objectif est de sensibiliser et d'encourager l'engagement communautaire \u00e0 travers mes articles.\",\"sameAs\":[\"https:\/\/vieassociative.be\/\"]}]}<\/script>\n<!-- \/ Yoast SEO plugin. -->","yoast_head_json":{"title":"Le Borussia Dortmund perd 2:3 contre Leverkusen, premier titulaire | Vie Associative","robots":{"index":"index","follow":"follow","max-snippet":"max-snippet:-1","max-image-preview":"max-image-preview:large","max-video-preview":"max-video-preview:-1"},"canonical":"https:\/\/vieassociative.be\/actualites\/le-borussia-dortmund-perd-23-contre-leverkusen-premier-titulaire\/","og_locale":"fr_FR","og_type":"article","og_title":"Le Borussia Dortmund perd 2:3 contre Leverkusen, premier titulaire | Vie Associative","og_description":"Vague folle de maladie, faiblesses d\u00e9fensives flagrantes : le Borussia Dortmund a perdu le spectaculaire duel de l\u2019Ouest contre le Bayer Leverkusen et a commenc\u00e9","og_url":"https:\/\/vieassociative.be\/actualites\/le-borussia-dortmund-perd-23-contre-leverkusen-premier-titulaire\/","og_site_name":"Vie Associative","article_published_time":"2025-01-11T02:18:07+00:00","og_image":[{"width":279,"height":92,"url":"https:\/\/vieassociative.be\/actualites\/wp-content\/uploads\/2024\/09\/header_backgroundk-01-e1726694325946.png","type":"image\/png"}],"author":"Julien","twitter_card":"summary_large_image","twitter_misc":{"\u00c9crit par":"Julien","Dur\u00e9e de lecture est.":"1 minute"},"schema":{"@context":"https:\/\/schema.org","@graph":[{"@type":"Article","@id":"https:\/\/vieassociative.be\/actualites\/le-borussia-dortmund-perd-23-contre-leverkusen-premier-titulaire\/#article","isPartOf":{"@id":"https:\/\/vieassociative.be\/actualites\/le-borussia-dortmund-perd-23-contre-leverkusen-premier-titulaire\/"},"author":{"name":"Julien","@id":"https:\/\/vieassociative.be\/actualites\/#\/schema\/person\/b87ac4f82f9d4e7b7cec7395b679edc4"},"headline":"Le Borussia Dortmund perd 2:3 contre Leverkusen, premier titulaire","datePublished":"2025-01-11T02:18:07+00:00","dateModified":"2025-01-11T02:18:07+00:00","mainEntityOfPage":{"@id":"https:\/\/vieassociative.be\/actualites\/le-borussia-dortmund-perd-23-contre-leverkusen-premier-titulaire\/"},"wordCount":268,"publisher":{"@id":"https:\/\/vieassociative.be\/actualites\/#organization"},"image":{"@id":"https:\/\/vieassociative.be\/actualites\/le-borussia-dortmund-perd-23-contre-leverkusen-premier-titulaire\/#primaryimage"},"thumbnailUrl":"https:\/\/vieassociative.be\/actualites\/wp-content\/uploads\/2025\/01\/Le-Borussia-Dortmund-perd-23-contre-Leverkusen-premier-titulaire.jpg","keywords":["Borussia","contre","Dortmund","Leverkusen","perd","premier","titulaire"],"articleSection":["Belgique"],"inLanguage":"fr-BE"},{"@type":"WebPage","@id":"https:\/\/vieassociative.be\/actualites\/le-borussia-dortmund-perd-23-contre-leverkusen-premier-titulaire\/","url":"https:\/\/vieassociative.be\/actualites\/le-borussia-dortmund-perd-23-contre-leverkusen-premier-titulaire\/","name":"Le Borussia Dortmund perd 2:3 contre Leverkusen, premier titulaire | Vie Associative","isPartOf":{"@id":"https:\/\/vieassociative.be\/actualites\/#website"},"primaryImageOfPage":{"@id":"https:\/\/vieassociative.be\/actualites\/le-borussia-dortmund-perd-23-contre-leverkusen-premier-titulaire\/#primaryimage"},"image":{"@id":"https:\/\/vieassociative.be\/actualites\/le-borussia-dortmund-perd-23-contre-leverkusen-premier-titulaire\/#primaryimage"},"thumbnailUrl":"https:\/\/vieassociative.be\/actualites\/wp-content\/uploads\/2025\/01\/Le-Borussia-Dortmund-perd-23-contre-Leverkusen-premier-titulaire.jpg","datePublished":"2025-01-11T02:18:07+00:00","dateModified":"2025-01-11T02:18:07+00:00","breadcrumb":{"@id":"https:\/\/vieassociative.be\/actualites\/le-borussia-dortmund-perd-23-contre-leverkusen-premier-titulaire\/#breadcrumb"},"inLanguage":"fr-BE","potentialAction":[{"@type":"ReadAction","target":["https:\/\/vieassociative.be\/actualites\/le-borussia-dortmund-perd-23-contre-leverkusen-premier-titulaire\/"]}]},{"@type":"ImageObject","inLanguage":"fr-BE","@id":"https:\/\/vieassociative.be\/actualites\/le-borussia-dortmund-perd-23-contre-leverkusen-premier-titulaire\/#primaryimage","url":"https:\/\/vieassociative.be\/actualites\/wp-content\/uploads\/2025\/01\/Le-Borussia-Dortmund-perd-23-contre-Leverkusen-premier-titulaire.jpg","contentUrl":"https:\/\/vieassociative.be\/actualites\/wp-content\/uploads\/2025\/01\/Le-Borussia-Dortmund-perd-23-contre-Leverkusen-premier-titulaire.jpg","width":1200,"height":800,"caption":"Le Borussia Dortmund perd 2:3 contre Leverkusen, premier titulaire"},{"@type":"BreadcrumbList","@id":"https:\/\/vieassociative.be\/actualites\/le-borussia-dortmund-perd-23-contre-leverkusen-premier-titulaire\/#breadcrumb","itemListElement":[{"@type":"ListItem","position":1,"name":"Accueil","item":"https:\/\/vieassociative.be\/actualites\/"},{"@type":"ListItem","position":2,"name":"Le Borussia Dortmund perd 2:3 contre Leverkusen, premier titulaire"}]},{"@type":"WebSite","@id":"https:\/\/vieassociative.be\/actualites\/#website","url":"https:\/\/vieassociative.be\/actualites\/","name":"Vie Associative","description":"","publisher":{"@id":"https:\/\/vieassociative.be\/actualites\/#organization"},"potentialAction":[{"@type":"SearchAction","target":{"@type":"EntryPoint","urlTemplate":"https:\/\/vieassociative.be\/actualites\/?s={search_term_string}"},"query-input":{"@type":"PropertyValueSpecification","valueRequired":true,"valueName":"search_term_string"}}],"inLanguage":"fr-BE"},{"@type":"Organization","@id":"https:\/\/vieassociative.be\/actualites\/#organization","name":"Vie Associative","url":"https:\/\/vieassociative.be\/actualites\/","logo":{"@type":"ImageObject","inLanguage":"fr-BE","@id":"https:\/\/vieassociative.be\/actualites\/#\/schema\/logo\/image\/","url":"https:\/\/vieassociative.be\/actualites\/wp-content\/uploads\/2024\/09\/cropped-vieassociative_favicon.ico.png","contentUrl":"https:\/\/vieassociative.be\/actualites\/wp-content\/uploads\/2024\/09\/cropped-vieassociative_favicon.ico.png","width":512,"height":512,"caption":"Vie Associative"},"image":{"@id":"https:\/\/vieassociative.be\/actualites\/#\/schema\/logo\/image\/"}},{"@type":"Person","@id":"https:\/\/vieassociative.be\/actualites\/#\/schema\/person\/b87ac4f82f9d4e7b7cec7395b679edc4","name":"Julien","image":{"@type":"ImageObject","inLanguage":"fr-BE","@id":"https:\/\/vieassociative.be\/actualites\/#\/schema\/person\/image\/","url":"https:\/\/vieassociative.be\/actualites\/wp-content\/uploads\/2024\/09\/vie-associative-1-150x150.jpg","contentUrl":"https:\/\/vieassociative.be\/actualites\/wp-content\/uploads\/2024\/09\/vie-associative-1-150x150.jpg","caption":"Julien"},"description":"Je suis Julien, r\u00e9dacteur pour Vie Associative. Passionn\u00e9 par le monde associatif depuis plus de 10 ans, j'ai \u00e0 c\u0153ur de partager des histoires inspirantes et de mettre en lumi\u00e8re les initiatives locales. Mon objectif est de sensibiliser et d'encourager l'engagement communautaire \u00e0 travers mes articles.","sameAs":["https:\/\/vieassociative.be\/"]}]}},"_links":{"self":[{"href":"https:\/\/vieassociative.be\/actualites\/wp-json\/wp\/v2\/posts\/4241"}],"collection":[{"href":"https:\/\/vieassociative.be\/actualites\/wp-json\/wp\/v2\/posts"}],"about":[{"href":"https:\/\/vieassociative.be\/actualites\/wp-json\/wp\/v2\/types\/post"}],"author":[{"embeddable":true,"href":"https:\/\/vieassociative.be\/actualites\/wp-json\/wp\/v2\/users\/1"}],"replies":[{"embeddable":true,"href":"https:\/\/vieassociative.be\/actualites\/wp-json\/wp\/v2\/comments?post=4241"}],"version-history":[{"count":0,"href":"https:\/\/vieassociative.be\/actualites\/wp-json\/wp\/v2\/posts\/4241\/revisions"}],"wp:featuredmedia":[{"embeddable":true,"href":"https:\/\/vieassociative.be\/actualites\/wp-json\/wp\/v2\/media\/4242"}],"wp:attachment":[{"href":"https:\/\/vieassociative.be\/actualites\/wp-json\/wp\/v2\/media?parent=4241"}],"wp:term":[{"taxonomy":"category","embeddable":true,"href":"https:\/\/vieassociative.be\/actualites\/wp-json\/wp\/v2\/categories?post=4241"},{"taxonomy":"post_tag","embeddable":true,"href":"https:\/\/vieassociative.be\/actualites\/wp-json\/wp\/v2\/tags?post=4241"}],"curies":[{"name":"wp","href":"https:\/\/api.w.org\/{rel}","templated":true}]}}