{"id":4237,"date":"2025-01-11T01:18:53","date_gmt":"2025-01-11T00:18:53","guid":{"rendered":"https:\/\/vieassociative.be\/actualites\/les-meilleurs-produits-que-nous-avons-vus-au-ces-2025\/"},"modified":"2025-01-11T01:18:53","modified_gmt":"2025-01-11T00:18:53","slug":"les-meilleurs-produits-que-nous-avons-vus-au-ces-2025","status":"publish","type":"post","link":"https:\/\/vieassociative.be\/actualites\/les-meilleurs-produits-que-nous-avons-vus-au-ces-2025\/","title":{"rendered":"Les meilleurs produits que nous avons vus au CES 2025"},"content":{"rendered":"<div class=\"mt-4 leading-6 md:mb-8\">Le CES regorge d\u2019innovations.<\/div>\n<p><\/p>\n<p>Le CES 2025 nous a pr\u00e9sent\u00e9 de grandes innovations, des concepts scandaleux et des solutions impressionnantes aux probl\u00e8mes quotidiens. Cette ann\u00e9e, le groupe CNET, compos\u00e9 des sites fr\u00e8res CNET, ZDNET, PCMag, Mashable et Vie Associative, s&rsquo;est associ\u00e9 au CTA en tant que partenaire m\u00e9dia officiel des Best of CES Awards. Les experts du personnel et les r\u00e9dacteurs ont pris la parole et, \u00e0 partir de ces discussions, nous avons choisi les meilleurs produits et services du CES et leur avons d\u00e9cern\u00e9 la distinction officielle Best of CES. <\/p>\n<p>Pour \u00eatre \u00e9ligible \u00e0 ce prix, le produit ou le service doit \u00eatre exposant au CES 2025 et r\u00e9pondre \u00e0 l&rsquo;un des crit\u00e8res suivants :<\/p>\n<ul>\n<li>\n<p>Comprend un nouveau concept ou une nouvelle id\u00e9e convaincante<\/p>\n<\/li>\n<li>\n<p>R\u00e9sout un probl\u00e8me majeur de consommation<\/p>\n<\/li>\n<li>\n<p>Est nouveau ou est une mise \u00e0 jour d&rsquo;un produit existant qui \u00e9tablit une nouvelle barre en termes de performances ou de qualit\u00e9<\/p>\n<\/li>\n<\/ul>\n<div class=\"eloquent-imagery-image\">\n<div class=\"flex justify-center\">\n                    <img decoding=\"async\" class=\"border border-gray-100\" src=\"https:\/\/vieassociative.be\/actualites\/wp-content\/uploads\/2025\/01\/Les-meilleurs-produits-que-nous-avons-vus-au-CES-2025.png\" alt=\"logo du meilleur du ces 2025\" width=\"638\" height=\"750\" loading=\"lazy\"  >\n            <\/div>\n<\/p><\/div>\n<h2 id=\"best-ai-nvidia-cosmos-ai-model\">Meilleure IA\u00a0: mod\u00e8le d&rsquo;IA Nvidia Cosmos<\/h2>\n<div class=\"eloquent-imagery-image\">\n<div class=\"flex justify-center\">\n                    <img decoding=\"async\" class=\"border border-gray-100\" src=\"https:\/\/vieassociative.be\/actualites\/wp-content\/uploads\/2025\/01\/Les-meilleurs-produits-que-nous-avons-vus-au-CES-2025.webp.webp\" alt=\"nvidia cosmos\" width=\"2000\" height=\"1127\" loading=\"lazy\"  >\n            <\/div>\n<\/p><\/div>\n<p>Le CES 2025 regorgeait de technologies d&rsquo;IA, mais Nvidia Cosmos gagne dans notre livre, car c&rsquo;est peut-\u00eatre ce qui propulsera les prochaines grandes choses en mati\u00e8re d&rsquo;IA, de robotique et de v\u00e9hicules autonomes. Cosmos prend des mod\u00e8les 3D d&rsquo;espaces du monde r\u00e9el et, gr\u00e2ce \u00e0 l&rsquo;IA g\u00e9n\u00e9rative, les transforme en vid\u00e9os photor\u00e9alistes pour entra\u00eener des robots et des voitures autonomes. Cela r\u00e9sout un gros probl\u00e8me avec les donn\u00e9es d\u2019entra\u00eenement de l\u2019IA : traditionnellement, les robots ont besoin d\u2019une \u00e9norme quantit\u00e9 de donn\u00e9es d\u2019entra\u00eenement pour s\u2019am\u00e9liorer continuellement. Cosmos, cependant, peut g\u00e9n\u00e9rer ces donn\u00e9es de formation avec l\u2019IA, alimentant ainsi en permanence les ensembles de formation pour les nouveaux produits. Cosmos fonctionnera probablement mieux sur les puces Nvidia, mais la soci\u00e9t\u00e9 souhaite rendre le code open source et le mettre sur Github. <\/p>\n<ul>\n<li>\n<p><strong>Finaliste: <\/strong>G\u00e9meaux pour Google\u00a0TV<\/p>\n<\/li>\n<\/ul>\n<h2 id=\"best-transportationmobility-honda-0-series\">Meilleur transport\/mobilit\u00e9 : Honda S\u00e9rie 0<\/h2>\n<div class=\"eloquent-imagery-image\">\n<div class=\"flex justify-center\">\n                    <img decoding=\"async\" class=\"border border-gray-100\" src=\"https:\/\/vieassociative.be\/actualites\/wp-content\/uploads\/2025\/01\/1736554733_463_Les-meilleurs-produits-que-nous-avons-vus-au-CES-2025.webp.webp\" alt=\"s\u00e9rie Hona 0\" width=\"2000\" height=\"1125\" loading=\"lazy\"  >\n            <\/div>\n<\/p><\/div>\n<p>Les SUV et berlines futuristes de la s\u00e9rie 0 de Honda sont presque l\u00e0. L&rsquo;entreprise pr\u00e9voit de commercialiser ces v\u00e9hicules en Am\u00e9rique du Nord d&rsquo;ici 2026 et ils seront fabriqu\u00e9s sur la nouvelle plate-forme de batteries de Honda dans l&rsquo;Ohio. Si vous en prenez un, vous devriez vous attendre \u00e0 pouvoir recharger votre voiture en 10 \u00e0 15 minutes. La s\u00e9rie 0 ex\u00e9cute le syst\u00e8me d&rsquo;exploitation ASIMO de Honda sur une nouvelle puce IA, dans le but final d&rsquo;alimenter la conduite autonome de niveau 3.<\/p>\n<p>La S\u00e9rie 0 que nous avons vue au CES devrait \u00eatre assez proche de ce que Honda lance, contrairement \u00e0 certains des autres prototypes pr\u00e9sent\u00e9s. Nous ne savons pas combien cela co\u00fbtera, mais nous sommes enthousiasm\u00e9s par la direction que prend Honda avec son programme de v\u00e9hicules \u00e9lectriques. <\/p>\n<ul>\n<li>\n<p><strong>Finaliste<\/strong>: BMW Panoramic iDrive avec syst\u00e8me d&rsquo;exploitation X<\/p>\n<\/li>\n<\/ul>\n<h2 id=\"best-laptop-asus-zenbook-a14\">Meilleur ordinateur portable : Asus Zenbook A14<\/h2>\n<div class=\"eloquent-imagery-image\">\n<div class=\"flex justify-center\">\n                    <img decoding=\"async\" class=\"border border-gray-100\" src=\"https:\/\/vieassociative.be\/actualites\/wp-content\/uploads\/2025\/01\/1736554733_263_Les-meilleurs-produits-que-nous-avons-vus-au-CES-2025.png\" alt=\"Asus ZenBook A14\" width=\"2000\" height=\"1125\" loading=\"lazy\"  >\n            <\/div>\n<\/p><\/div>\n<p>La conception de 2,2 livres de l&rsquo;Asus Zenbook A14 le rend \u00e9videmment portable, mais Asus parvient \u00e0 ajouter une autonomie de 30 heures et quelques fonctionnalit\u00e9s suppl\u00e9mentaires au package. Le ch\u00e2ssis Ceraluminum est durable (de l&rsquo;aluminium) et r\u00e9sistant aux rayures (de la c\u00e9ramique), sans oublier qu&rsquo;il est 100 % recyclable. L&rsquo;ordinateur portable est livr\u00e9 avec la puce Qualcomm Snapdragon X, ce qui en fait un PC Copilot+. Vous pouvez vous attendre \u00e0 des fonctionnalit\u00e9s d&rsquo;IA telles que le r\u00e9sum\u00e9, la g\u00e9n\u00e9ration de texte, la retouche photo et l&rsquo;utilisation du langage naturel pour rechercher des m\u00e9dias. Ce Zenbook est livr\u00e9 avec USB-C et HDMI 2.1, ainsi que des commandes tactiles amusantes pour le volume, la luminosit\u00e9 et la s\u00e9lection de piste. L&rsquo;\u00e9cran OLED a impressionn\u00e9 notre \u00e9quipe, et l&rsquo;ensemble semble \u00e0 un prix raisonnable, \u00e0 1 099 $ (X Elite), ou 899 $ pour le X Plus (\u00e0 venir en mars).<\/p>\n<ul>\n<li>\n<p><strong>Finaliste:<\/strong> Lenovo ThinkBook Plus Gen 6 enroulable<\/p>\n<\/li>\n<\/ul>\n<h2 id=\"best-tvhome-theater-lg-g5-oled-tv\">Meilleur t\u00e9l\u00e9viseur\/home cin\u00e9ma\u00a0: t\u00e9l\u00e9viseur OLED LG G5<\/h2>\n<div class=\"eloquent-imagery-image\">\n<div class=\"flex justify-center\">\n                    <img decoding=\"async\" class=\"border border-gray-100\" src=\"https:\/\/vieassociative.be\/actualites\/wp-content\/uploads\/2025\/01\/1736554733_6_Les-meilleurs-produits-que-nous-avons-vus-au-CES-2025.webp.webp\" alt=\"LG G5 OLED\" width=\"2000\" height=\"1333\" loading=\"lazy\"  >\n            <\/div>\n<\/p><\/div>\n<p>Le LG G5 est le t\u00e9l\u00e9viseur qui nous a le plus impressionn\u00e9 au CES de cette ann\u00e9e et est en t\u00eate du classement des t\u00e9l\u00e9viseurs de la plus haute qualit\u00e9 de 2025. Son \u00e9cran OLED est 40 % plus lumineux pour 2025, avec un meilleur contraste dans un \u00e9clairage intense par rapport au G4. -l&rsquo;un de nos favoris de 2024. La t\u00e9l\u00e9commande est am\u00e9lior\u00e9e, tandis que le t\u00e9l\u00e9viseur conserve le design de la galerie qui lui donne un aspect presque sans cadre. Vous pourriez \u00eatre tent\u00e9 par le t\u00e9l\u00e9viseur sans fil M5, car il a la m\u00eame qualit\u00e9 d\u2019affichage, mais cette technologie sans fil le rend beaucoup plus cher.<\/p>\n<ul>\n<li>\n<p><strong>Finaliste:<\/strong> Hisense116UX<\/p>\n<\/li>\n<\/ul>\n<h2 id=\"best-smart-homehome-tech-roborock-saros-z70\">Meilleure technologie pour la maison\/la maison intelligente\u00a0: Roborock Saros Z70<\/h2>\n<div class=\"eloquent-imagery-image\">\n<div class=\"flex justify-center\">\n                    <img decoding=\"async\" class=\"border border-gray-100\" src=\"https:\/\/vieassociative.be\/actualites\/wp-content\/uploads\/2025\/01\/1736554733_945_Les-meilleurs-produits-que-nous-avons-vus-au-CES-2025.webp.webp\" alt=\"Roborock Saros Z70\" width=\"2000\" height=\"1125\" loading=\"lazy\"  >\n            <\/div>\n<\/p><\/div>\n<p>Le Roborock Saros Z70 est un hybride aspirateur-vadrouille, mais il peut faire bien plus que cela. Gr\u00e2ce \u00e0 un nouveau bras m\u00e9canique, le robot peut ramasser et ranger les chaussettes sur le sol. De plus, ce n&rsquo;est pas un prototype : le Saros Z70 sera disponible pour les consommateurs en avril. Son aspirateur a une puissance d&rsquo;aspiration de 22 000 Pa, ce qui en fait l&rsquo;un des Robovacs les plus puissants du march\u00e9. Cela co\u00fbtera cher : ce mod\u00e8le co\u00fbte environ 2 000 $. Mais nous esp\u00e9rons que cela lancera une tendance selon laquelle des mod\u00e8les moins chers arriveront sur le march\u00e9. <\/p>\n<ul>\n<li>\n<p><strong>Finaliste: <\/strong>BioLite complet<\/p>\n<\/li>\n<\/ul>\n<h2 id=\"best-sustainability-flint-paper-battery\">Meilleure durabilit\u00e9\u00a0: batterie en papier Flint<\/h2>\n<div class=\"eloquent-imagery-image\">\n<div class=\"flex justify-center\">\n                    <img decoding=\"async\" class=\"border border-gray-100\" src=\"https:\/\/vieassociative.be\/actualites\/wp-content\/uploads\/2025\/01\/1736554733_449_Les-meilleurs-produits-que-nous-avons-vus-au-CES-2025.webp.webp\" alt=\"papier de batterie \u00e0 silex\" width=\"2000\" height=\"1125\" loading=\"lazy\"  >\n            <\/div>\n<\/p><\/div>\n<p>Avez-vous d\u00e9j\u00e0 vu une batterie en papier auparavant ? Flint en a pr\u00e9sent\u00e9 une au CES, une alternative plus durable, \u00e9volutive et abordable aux batteries lithium-ion. Tout se r\u00e9sume \u00e0 la cellulose, qui permet le transfert des ions entre le n\u0153ud et la cathode de la batterie. Mieux encore, la batterie peut \u00eatre r\u00e9duite \u00e0 la taille dont vous avez besoin, comme une pile bouton ou le bracelet d&rsquo;une montre intelligente. Une fois termin\u00e9s, ils ne finissent pas dans une d\u00e9charge : ils se d\u00e9composent en six semaines.<\/p>\n<h2 id=\"best-gaming-lenovo-legion-go-s\">Meilleur jeu\u00a0: Lenovo Legion Go S<\/h2>\n<div class=\"eloquent-imagery-image\">\n<div class=\"flex justify-center\">\n                    <img decoding=\"async\" class=\"border border-gray-100\" src=\"https:\/\/vieassociative.be\/actualites\/wp-content\/uploads\/2025\/01\/Les-meilleurs-produits-que-nous-avons-vus-au-CES-2025.jpg\" alt=\"Lenovo Legion Go S\" width=\"2000\" height=\"1126\" loading=\"lazy\"  >\n            <\/div>\n<\/p><\/div>\n<p>Comme de nombreuses consoles portables PC, la Lenovo Legion Go S fonctionne sous Windows 11. Mais ce qui distingue ce mod\u00e8le, c&rsquo;est l&rsquo;autre syst\u00e8me d&rsquo;exploitation avec lequel il est compatible : SteamOS de Valve. Cela en fait le seul portable non-Valve \u00e0 ex\u00e9cuter ce syst\u00e8me d&rsquo;exploitation, ce qui en fait un v\u00e9ritable concurrent de Steam Deck. Il n&rsquo;a malheureusement pas les contr\u00f4leurs d\u00e9tachables du Legion Go et dispose d&rsquo;un \u00e9cran plus petit et de r\u00e9solution inf\u00e9rieure, mais il a beaucoup d&rsquo;autres avantages : deux ports USB-4 sur le dessus de la console, des joysticks \u00e0 effet Hall pour \u00e9viter la d\u00e9rive. , et un int\u00e9rieur qui prend mieux en charge la mise \u00e0 niveau du stockage. Ce sera l&rsquo;appareil Legion Go le moins cher lors de son lancement en mai, \u00e0 600 $.<\/p>\n<h2 id=\"best-wellnessfitness-tech-ozlo-sleepbuds\">Meilleure technologie de bien-\u00eatre\/fitness\u00a0: Ozlo Sleepbuds<\/h2>\n<div class=\"eloquent-imagery-image\">\n<div class=\"flex justify-center\">\n                    <img decoding=\"async\" class=\"border border-gray-100\" src=\"https:\/\/vieassociative.be\/actualites\/wp-content\/uploads\/2025\/01\/1736554733_977_Les-meilleurs-produits-que-nous-avons-vus-au-CES-2025.jpg\" alt=\"\u00e9couteurs ozlo\" width=\"2000\" height=\"1500\" loading=\"lazy\"  >\n            <\/div>\n<\/p><\/div>\n<p>Les Sleepbuds d&rsquo;Ozlo nous ont impressionn\u00e9s non seulement en proposant des \u00e9couteurs confortables pour dormir, mais aussi en pouvant potentiellement am\u00e9liorer la qualit\u00e9 de votre sommeil. Les Sleepbuds sont con\u00e7us pour affleurer votre oreille, ce qui signifie que vous pouvez dormir sur le c\u00f4t\u00e9 sans les sentir se presser contre vous. Leur conception les emp\u00eache \u00e9galement de tomber de votre oreille. De plus, les Sleepbuds pr\u00e9sentent un certain nombre d&rsquo;avantages sp\u00e9cifiques au sommeil, notamment des capteurs biom\u00e9triques dans les \u00e9couteurs qui peuvent suivre votre sommeil, des capteurs dans le bo\u00eetier qui peuvent identifier les interruptions potentielles du sommeil dans votre chambre, une alarme intra-auriculaire qui ne se r\u00e9veille pas. un partenaire endormi et une autonomie de 10 heures, pour que vous ne vous r\u00e9veilliez pas avec une notification de batterie d\u00e9charg\u00e9e. Vous pouvez m\u00eame \u00e9couter du son directement depuis les Sleepbuds sans vous connecter \u00e0 un autre appareil Bluetooth, ce qui signifie que vous n&rsquo;avez pas besoin de regarder votre t\u00e9l\u00e9phone avant d&rsquo;aller vous coucher. Ils remportent cette ann\u00e9e un prix officiel Best of CES pour la technologie du bien-\u00eatre.<\/p>\n<ul>\n<li>\n<p><strong>Finaliste: <\/strong>YoctoMat<\/p>\n<\/li>\n<\/ul>\n<h2 id=\"best-mobile-hmd-offgrid\">Meilleur mobile\u00a0: HMD OffGrid<\/h2>\n<div class=\"eloquent-imagery-image\">\n<div class=\"flex justify-center\">\n                    <img decoding=\"async\" class=\"border border-gray-100\" src=\"https:\/\/vieassociative.be\/actualites\/wp-content\/uploads\/2025\/01\/1736554733_591_Les-meilleurs-produits-que-nous-avons-vus-au-CES-2025.webp.webp\" alt=\"cl\u00e9 USB\" width=\"2000\" height=\"1120\" loading=\"lazy\"  >\n            <\/div>\n<\/p><\/div>\n<p>Si vous poss\u00e9dez un tout nouveau smartphone, par exemple un iPhone 16 ou un Google Pixel 9, vous pouvez avoir acc\u00e8s aux communications par satellite, ce qui vous permet de contacter les services d&rsquo;urgence et d&rsquo;autres contacts lorsqu&rsquo;aucun signal cellulaire n&rsquo;est disponible. Cependant, pour la plupart d&rsquo;entre nous, ces fonctionnalit\u00e9s n&rsquo;existent pas sur nos t\u00e9l\u00e9phones, et si la r\u00e9ception tombe en panne, nous n&rsquo;avons pas de chance. Le nouvel accessoire OffGrid de HMD vise \u00e0 r\u00e9soudre ce probl\u00e8me\u00a0: avec un dongle de 200 $, vous pouvez envoyer des SMS et contacter les services d&rsquo;urgence sur n&rsquo;importe quel iPhone ou appareil Android. Cependant, vous devrez \u00e9galement vous abonner au service mensuel, qui co\u00fbte 80 $ par an.<\/p>\n<ul>\n<li>\n<p><strong>Finaliste:<\/strong> TCL 60 XE Nxtpaper<\/p>\n<\/li>\n<\/ul>\n<h2 id=\"best-privacy-and-security-ultraloq-bolt-mission-uwb-plus-nfc\">Meilleures confidentialit\u00e9 et s\u00e9curit\u00e9\u00a0: Ultraloq Bolt Mission UWB Plus NFC<\/h2>\n<div class=\"eloquent-imagery-image\">\n<div class=\"flex justify-center\">\n                    <img decoding=\"async\" class=\"border border-gray-100\" src=\"https:\/\/vieassociative.be\/actualites\/wp-content\/uploads\/2025\/01\/1736554733_828_Les-meilleurs-produits-que-nous-avons-vus-au-CES-2025.webp.webp\" alt=\"boulon ultraloq\" width=\"2000\" height=\"1125\" loading=\"lazy\"  >\n            <\/div>\n<\/p><\/div>\n<p>L&rsquo;Ultraloq Bolt Mission est la premi\u00e8re serrure intelligente du march\u00e9 prenant en charge la technologie ultra-large bande. Gr\u00e2ce \u00e0 cela, la serrure peut d\u00e9tecter \u00e0 quelques centim\u00e8tres pr\u00e8s lorsque vous vous approchez de la porte, que vous approchiez de l&rsquo;int\u00e9rieur ou de l&rsquo;ext\u00e9rieur de votre maison, et peut la d\u00e9verrouiller sans que vous ayez \u00e0 toucher la serrure du tout. Si cela \u00e9choue pour une raison quelconque, il dispose du NFC pour d\u00e9verrouiller, d&rsquo;un clavier et d&rsquo;une cl\u00e9 traditionnelle. Il est prot\u00e9g\u00e9 par un cryptage de donn\u00e9es AES 128 bits, une r\u00e9sistance aux intemp\u00e9ries IP65, une durabilit\u00e9 certifi\u00e9e BHMA niveau 1 et prend en charge le wifi, Matter, Apple Siri, Amazon Alexa, Google Assistant et Samsung SmartThings. De plus, vous n\u2019avez qu\u2019\u00e0 vous soucier de changer la batterie une fois par an.<\/p>\n<ul>\n<li>\n<p><strong>Finaliste:<\/strong> S\u00e9rie Lockly Prestige Duo<\/p>\n<\/li>\n<\/ul>\n<h2 id=\"best-weirdestmost-unexpected-kirin-electric-salt-spoon\">Le meilleur le plus \u00e9trange\/le plus inattendu : la cuill\u00e8re \u00e0 sel \u00e9lectrique Kirin<\/h2>\n<div class=\"eloquent-imagery-image\">\n<div class=\"flex justify-center\">\n                    <img decoding=\"async\" class=\"border border-gray-100\" src=\"https:\/\/vieassociative.be\/actualites\/wp-content\/uploads\/2025\/01\/1736554733_683_Les-meilleurs-produits-que-nous-avons-vus-au-CES-2025.jpg\" alt=\"cuill\u00e8re \u00e0 sel \u00e9lectrique\" width=\"2000\" height=\"1500\" loading=\"lazy\"  >\n            <\/div>\n<\/p><\/div>\n<p>La cuill\u00e8re \u00e0 sel \u00e9lectrique Kirin a suscit\u00e9 beaucoup d&rsquo;attention au CES cette ann\u00e9e. L\u2019id\u00e9e est la suivante : la cuill\u00e8re envoie un courant \u00e9lectrique \u00e0 votre langue pour cr\u00e9er l\u2019illusion que votre nourriture a un go\u00fbt plus sal\u00e9. En th\u00e9orie, c&rsquo;est un concept g\u00e9nial qui pourrait permettre aux personnes qui ont besoin de r\u00e9duire leur taux de sodium de profiter de leurs aliments comme elles le souhaitent. Cependant, notre \u00e9quipe a connu des r\u00e9sultats mitig\u00e9s avec la cuill\u00e8re. Esp\u00e9rons qu&rsquo;au moment o\u00f9 il sera disponible aux \u00c9tats-Unis, les choses seront plus coh\u00e9rentes. <\/p>\n<h2 id=\"best-overall-nvidia-cosmos\">Meilleur dans l\u2019ensemble : Nvidia Cosmos<\/h2>\n<div class=\"eloquent-imagery-image\">\n<div class=\"flex justify-center\">\n                    <img decoding=\"async\" class=\"border border-gray-100\" src=\"https:\/\/vieassociative.be\/actualites\/wp-content\/uploads\/2025\/01\/1736554733_421_Les-meilleurs-produits-que-nous-avons-vus-au-CES-2025.webp.webp\" alt=\"nvidia montre le cosmos\" width=\"2000\" height=\"1125\" loading=\"lazy\"  >\n            <\/div>\n<\/p><\/div>\n<p>M\u00eame si de nombreuses technologies nous ont impressionn\u00e9s cette ann\u00e9e, le grand gagnant devait \u00eatre Nvidia Cosmos. Cosmos r\u00e9sout activement un probl\u00e8me concernant la mani\u00e8re dont les robots peuvent continuer \u00e0 s&rsquo;am\u00e9liorer, et nous esp\u00e9rons qu&rsquo;il propulsera les prochaines grandes avanc\u00e9es technologiques. Nvidia s&rsquo;associe d\u00e9j\u00e0 \u00e0 Toyota pour construire des voitures autonomes de nouvelle g\u00e9n\u00e9ration, montrant que l&rsquo;industrie voit \u00e9galement le potentiel ici.<\/p>\n","protected":false},"excerpt":{"rendered":"<p>Le CES regorge d\u2019innovations. Le CES 2025 nous a pr\u00e9sent\u00e9 de grandes innovations, des concepts scandaleux et des solutions impressionnantes aux probl\u00e8mes quotidiens. Cette ann\u00e9e,<\/p>\n","protected":false},"author":1,"featured_media":4238,"comment_status":"","ping_status":"","sticky":false,"template":"","format":"standard","meta":{"footnotes":""},"categories":[13],"tags":[607,248,14,187,393,1352,4270],"class_list":["post-4237","post","type-post","status-publish","format-standard","has-post-thumbnail","hentry","category-technologie","tag-avons","tag-ces","tag-les","tag-meilleurs","tag-nous","tag-produits","tag-vus","generate-columns","tablet-grid-50","mobile-grid-100","grid-parent","grid-33"],"yoast_head":"<!-- This site is optimized with the Yoast SEO plugin v24.0 - https:\/\/yoast.com\/wordpress\/plugins\/seo\/ -->\n<title>Les meilleurs produits que nous avons vus au CES 2025 | Vie Associative<\/title>\n<meta name=\"robots\" content=\"index, follow, max-snippet:-1, max-image-preview:large, max-video-preview:-1\" \/>\n<link rel=\"canonical\" href=\"https:\/\/vieassociative.be\/actualites\/les-meilleurs-produits-que-nous-avons-vus-au-ces-2025\/\" \/>\n<meta property=\"og:locale\" content=\"fr_FR\" \/>\n<meta property=\"og:type\" content=\"article\" \/>\n<meta property=\"og:title\" content=\"Les meilleurs produits que nous avons vus au CES 2025 | Vie Associative\" \/>\n<meta property=\"og:description\" content=\"Le CES regorge d\u2019innovations. Le CES 2025 nous a pr\u00e9sent\u00e9 de grandes innovations, des concepts scandaleux et des solutions impressionnantes aux probl\u00e8mes quotidiens. Cette ann\u00e9e,\" \/>\n<meta property=\"og:url\" content=\"https:\/\/vieassociative.be\/actualites\/les-meilleurs-produits-que-nous-avons-vus-au-ces-2025\/\" \/>\n<meta property=\"og:site_name\" content=\"Vie Associative\" \/>\n<meta property=\"article:published_time\" content=\"2025-01-11T00:18:53+00:00\" \/>\n<meta property=\"og:image\" content=\"https:\/\/vieassociative.be\/actualites\/wp-content\/uploads\/2025\/01\/Les-meilleurs-produits-que-nous-avons-vus-au-CES-2025.png\" \/>\n<meta name=\"author\" content=\"Julien\" \/>\n<meta name=\"twitter:card\" content=\"summary_large_image\" \/>\n<meta name=\"twitter:label1\" content=\"\u00c9crit par\" \/>\n\t<meta name=\"twitter:data1\" content=\"Julien\" \/>\n\t<meta name=\"twitter:label2\" content=\"Dur\u00e9e de lecture est.\" \/>\n\t<meta name=\"twitter:data2\" content=\"9 minutes\" \/>\n<script type=\"application\/ld+json\" class=\"yoast-schema-graph\">{\"@context\":\"https:\/\/schema.org\",\"@graph\":[{\"@type\":\"Article\",\"@id\":\"https:\/\/vieassociative.be\/actualites\/les-meilleurs-produits-que-nous-avons-vus-au-ces-2025\/#article\",\"isPartOf\":{\"@id\":\"https:\/\/vieassociative.be\/actualites\/les-meilleurs-produits-que-nous-avons-vus-au-ces-2025\/\"},\"author\":{\"name\":\"Julien\",\"@id\":\"https:\/\/vieassociative.be\/actualites\/#\/schema\/person\/b87ac4f82f9d4e7b7cec7395b679edc4\"},\"headline\":\"Les meilleurs produits que nous avons vus au CES 2025\",\"datePublished\":\"2025-01-11T00:18:53+00:00\",\"dateModified\":\"2025-01-11T00:18:53+00:00\",\"mainEntityOfPage\":{\"@id\":\"https:\/\/vieassociative.be\/actualites\/les-meilleurs-produits-que-nous-avons-vus-au-ces-2025\/\"},\"wordCount\":1887,\"publisher\":{\"@id\":\"https:\/\/vieassociative.be\/actualites\/#organization\"},\"image\":{\"@id\":\"https:\/\/vieassociative.be\/actualites\/les-meilleurs-produits-que-nous-avons-vus-au-ces-2025\/#primaryimage\"},\"thumbnailUrl\":\"https:\/\/vieassociative.be\/actualites\/wp-content\/uploads\/2025\/01\/1736554734_Les-meilleurs-produits-que-nous-avons-vus-au-CES-2025.webp.webp\",\"keywords\":[\"avons\",\"ces\",\"Les\",\"meilleurs\",\"nous\",\"produits\",\"vus\"],\"articleSection\":[\"Technologie\"],\"inLanguage\":\"fr-BE\"},{\"@type\":\"WebPage\",\"@id\":\"https:\/\/vieassociative.be\/actualites\/les-meilleurs-produits-que-nous-avons-vus-au-ces-2025\/\",\"url\":\"https:\/\/vieassociative.be\/actualites\/les-meilleurs-produits-que-nous-avons-vus-au-ces-2025\/\",\"name\":\"Les meilleurs produits que nous avons vus au CES 2025 | Vie Associative\",\"isPartOf\":{\"@id\":\"https:\/\/vieassociative.be\/actualites\/#website\"},\"primaryImageOfPage\":{\"@id\":\"https:\/\/vieassociative.be\/actualites\/les-meilleurs-produits-que-nous-avons-vus-au-ces-2025\/#primaryimage\"},\"image\":{\"@id\":\"https:\/\/vieassociative.be\/actualites\/les-meilleurs-produits-que-nous-avons-vus-au-ces-2025\/#primaryimage\"},\"thumbnailUrl\":\"https:\/\/vieassociative.be\/actualites\/wp-content\/uploads\/2025\/01\/1736554734_Les-meilleurs-produits-que-nous-avons-vus-au-CES-2025.webp.webp\",\"datePublished\":\"2025-01-11T00:18:53+00:00\",\"dateModified\":\"2025-01-11T00:18:53+00:00\",\"breadcrumb\":{\"@id\":\"https:\/\/vieassociative.be\/actualites\/les-meilleurs-produits-que-nous-avons-vus-au-ces-2025\/#breadcrumb\"},\"inLanguage\":\"fr-BE\",\"potentialAction\":[{\"@type\":\"ReadAction\",\"target\":[\"https:\/\/vieassociative.be\/actualites\/les-meilleurs-produits-que-nous-avons-vus-au-ces-2025\/\"]}]},{\"@type\":\"ImageObject\",\"inLanguage\":\"fr-BE\",\"@id\":\"https:\/\/vieassociative.be\/actualites\/les-meilleurs-produits-que-nous-avons-vus-au-ces-2025\/#primaryimage\",\"url\":\"https:\/\/vieassociative.be\/actualites\/wp-content\/uploads\/2025\/01\/1736554734_Les-meilleurs-produits-que-nous-avons-vus-au-CES-2025.webp.webp\",\"contentUrl\":\"https:\/\/vieassociative.be\/actualites\/wp-content\/uploads\/2025\/01\/1736554734_Les-meilleurs-produits-que-nous-avons-vus-au-CES-2025.webp.webp\",\"width\":1200,\"height\":675,\"caption\":\"Les meilleurs produits que nous avons vus au CES 2025\"},{\"@type\":\"BreadcrumbList\",\"@id\":\"https:\/\/vieassociative.be\/actualites\/les-meilleurs-produits-que-nous-avons-vus-au-ces-2025\/#breadcrumb\",\"itemListElement\":[{\"@type\":\"ListItem\",\"position\":1,\"name\":\"Accueil\",\"item\":\"https:\/\/vieassociative.be\/actualites\/\"},{\"@type\":\"ListItem\",\"position\":2,\"name\":\"Les meilleurs produits que nous avons vus au CES 2025\"}]},{\"@type\":\"WebSite\",\"@id\":\"https:\/\/vieassociative.be\/actualites\/#website\",\"url\":\"https:\/\/vieassociative.be\/actualites\/\",\"name\":\"Vie Associative\",\"description\":\"\",\"publisher\":{\"@id\":\"https:\/\/vieassociative.be\/actualites\/#organization\"},\"potentialAction\":[{\"@type\":\"SearchAction\",\"target\":{\"@type\":\"EntryPoint\",\"urlTemplate\":\"https:\/\/vieassociative.be\/actualites\/?s={search_term_string}\"},\"query-input\":{\"@type\":\"PropertyValueSpecification\",\"valueRequired\":true,\"valueName\":\"search_term_string\"}}],\"inLanguage\":\"fr-BE\"},{\"@type\":\"Organization\",\"@id\":\"https:\/\/vieassociative.be\/actualites\/#organization\",\"name\":\"Vie Associative\",\"url\":\"https:\/\/vieassociative.be\/actualites\/\",\"logo\":{\"@type\":\"ImageObject\",\"inLanguage\":\"fr-BE\",\"@id\":\"https:\/\/vieassociative.be\/actualites\/#\/schema\/logo\/image\/\",\"url\":\"https:\/\/vieassociative.be\/actualites\/wp-content\/uploads\/2024\/09\/cropped-vieassociative_favicon.ico.png\",\"contentUrl\":\"https:\/\/vieassociative.be\/actualites\/wp-content\/uploads\/2024\/09\/cropped-vieassociative_favicon.ico.png\",\"width\":512,\"height\":512,\"caption\":\"Vie Associative\"},\"image\":{\"@id\":\"https:\/\/vieassociative.be\/actualites\/#\/schema\/logo\/image\/\"}},{\"@type\":\"Person\",\"@id\":\"https:\/\/vieassociative.be\/actualites\/#\/schema\/person\/b87ac4f82f9d4e7b7cec7395b679edc4\",\"name\":\"Julien\",\"image\":{\"@type\":\"ImageObject\",\"inLanguage\":\"fr-BE\",\"@id\":\"https:\/\/vieassociative.be\/actualites\/#\/schema\/person\/image\/\",\"url\":\"https:\/\/vieassociative.be\/actualites\/wp-content\/uploads\/2024\/09\/vie-associative-1-150x150.jpg\",\"contentUrl\":\"https:\/\/vieassociative.be\/actualites\/wp-content\/uploads\/2024\/09\/vie-associative-1-150x150.jpg\",\"caption\":\"Julien\"},\"description\":\"Je suis Julien, r\u00e9dacteur pour Vie Associative. Passionn\u00e9 par le monde associatif depuis plus de 10 ans, j'ai \u00e0 c\u0153ur de partager des histoires inspirantes et de mettre en lumi\u00e8re les initiatives locales. Mon objectif est de sensibiliser et d'encourager l'engagement communautaire \u00e0 travers mes articles.\",\"sameAs\":[\"https:\/\/vieassociative.be\/\"]}]}<\/script>\n<!-- \/ Yoast SEO plugin. -->","yoast_head_json":{"title":"Les meilleurs produits que nous avons vus au CES 2025 | Vie Associative","robots":{"index":"index","follow":"follow","max-snippet":"max-snippet:-1","max-image-preview":"max-image-preview:large","max-video-preview":"max-video-preview:-1"},"canonical":"https:\/\/vieassociative.be\/actualites\/les-meilleurs-produits-que-nous-avons-vus-au-ces-2025\/","og_locale":"fr_FR","og_type":"article","og_title":"Les meilleurs produits que nous avons vus au CES 2025 | Vie Associative","og_description":"Le CES regorge d\u2019innovations. Le CES 2025 nous a pr\u00e9sent\u00e9 de grandes innovations, des concepts scandaleux et des solutions impressionnantes aux probl\u00e8mes quotidiens. Cette ann\u00e9e,","og_url":"https:\/\/vieassociative.be\/actualites\/les-meilleurs-produits-que-nous-avons-vus-au-ces-2025\/","og_site_name":"Vie Associative","article_published_time":"2025-01-11T00:18:53+00:00","og_image":[{"url":"https:\/\/vieassociative.be\/actualites\/wp-content\/uploads\/2025\/01\/Les-meilleurs-produits-que-nous-avons-vus-au-CES-2025.png","type":"","width":"","height":""}],"author":"Julien","twitter_card":"summary_large_image","twitter_misc":{"\u00c9crit par":"Julien","Dur\u00e9e de lecture est.":"9 minutes"},"schema":{"@context":"https:\/\/schema.org","@graph":[{"@type":"Article","@id":"https:\/\/vieassociative.be\/actualites\/les-meilleurs-produits-que-nous-avons-vus-au-ces-2025\/#article","isPartOf":{"@id":"https:\/\/vieassociative.be\/actualites\/les-meilleurs-produits-que-nous-avons-vus-au-ces-2025\/"},"author":{"name":"Julien","@id":"https:\/\/vieassociative.be\/actualites\/#\/schema\/person\/b87ac4f82f9d4e7b7cec7395b679edc4"},"headline":"Les meilleurs produits que nous avons vus au CES 2025","datePublished":"2025-01-11T00:18:53+00:00","dateModified":"2025-01-11T00:18:53+00:00","mainEntityOfPage":{"@id":"https:\/\/vieassociative.be\/actualites\/les-meilleurs-produits-que-nous-avons-vus-au-ces-2025\/"},"wordCount":1887,"publisher":{"@id":"https:\/\/vieassociative.be\/actualites\/#organization"},"image":{"@id":"https:\/\/vieassociative.be\/actualites\/les-meilleurs-produits-que-nous-avons-vus-au-ces-2025\/#primaryimage"},"thumbnailUrl":"https:\/\/vieassociative.be\/actualites\/wp-content\/uploads\/2025\/01\/1736554734_Les-meilleurs-produits-que-nous-avons-vus-au-CES-2025.webp.webp","keywords":["avons","ces","Les","meilleurs","nous","produits","vus"],"articleSection":["Technologie"],"inLanguage":"fr-BE"},{"@type":"WebPage","@id":"https:\/\/vieassociative.be\/actualites\/les-meilleurs-produits-que-nous-avons-vus-au-ces-2025\/","url":"https:\/\/vieassociative.be\/actualites\/les-meilleurs-produits-que-nous-avons-vus-au-ces-2025\/","name":"Les meilleurs produits que nous avons vus au CES 2025 | Vie Associative","isPartOf":{"@id":"https:\/\/vieassociative.be\/actualites\/#website"},"primaryImageOfPage":{"@id":"https:\/\/vieassociative.be\/actualites\/les-meilleurs-produits-que-nous-avons-vus-au-ces-2025\/#primaryimage"},"image":{"@id":"https:\/\/vieassociative.be\/actualites\/les-meilleurs-produits-que-nous-avons-vus-au-ces-2025\/#primaryimage"},"thumbnailUrl":"https:\/\/vieassociative.be\/actualites\/wp-content\/uploads\/2025\/01\/1736554734_Les-meilleurs-produits-que-nous-avons-vus-au-CES-2025.webp.webp","datePublished":"2025-01-11T00:18:53+00:00","dateModified":"2025-01-11T00:18:53+00:00","breadcrumb":{"@id":"https:\/\/vieassociative.be\/actualites\/les-meilleurs-produits-que-nous-avons-vus-au-ces-2025\/#breadcrumb"},"inLanguage":"fr-BE","potentialAction":[{"@type":"ReadAction","target":["https:\/\/vieassociative.be\/actualites\/les-meilleurs-produits-que-nous-avons-vus-au-ces-2025\/"]}]},{"@type":"ImageObject","inLanguage":"fr-BE","@id":"https:\/\/vieassociative.be\/actualites\/les-meilleurs-produits-que-nous-avons-vus-au-ces-2025\/#primaryimage","url":"https:\/\/vieassociative.be\/actualites\/wp-content\/uploads\/2025\/01\/1736554734_Les-meilleurs-produits-que-nous-avons-vus-au-CES-2025.webp.webp","contentUrl":"https:\/\/vieassociative.be\/actualites\/wp-content\/uploads\/2025\/01\/1736554734_Les-meilleurs-produits-que-nous-avons-vus-au-CES-2025.webp.webp","width":1200,"height":675,"caption":"Les meilleurs produits que nous avons vus au CES 2025"},{"@type":"BreadcrumbList","@id":"https:\/\/vieassociative.be\/actualites\/les-meilleurs-produits-que-nous-avons-vus-au-ces-2025\/#breadcrumb","itemListElement":[{"@type":"ListItem","position":1,"name":"Accueil","item":"https:\/\/vieassociative.be\/actualites\/"},{"@type":"ListItem","position":2,"name":"Les meilleurs produits que nous avons vus au CES 2025"}]},{"@type":"WebSite","@id":"https:\/\/vieassociative.be\/actualites\/#website","url":"https:\/\/vieassociative.be\/actualites\/","name":"Vie Associative","description":"","publisher":{"@id":"https:\/\/vieassociative.be\/actualites\/#organization"},"potentialAction":[{"@type":"SearchAction","target":{"@type":"EntryPoint","urlTemplate":"https:\/\/vieassociative.be\/actualites\/?s={search_term_string}"},"query-input":{"@type":"PropertyValueSpecification","valueRequired":true,"valueName":"search_term_string"}}],"inLanguage":"fr-BE"},{"@type":"Organization","@id":"https:\/\/vieassociative.be\/actualites\/#organization","name":"Vie Associative","url":"https:\/\/vieassociative.be\/actualites\/","logo":{"@type":"ImageObject","inLanguage":"fr-BE","@id":"https:\/\/vieassociative.be\/actualites\/#\/schema\/logo\/image\/","url":"https:\/\/vieassociative.be\/actualites\/wp-content\/uploads\/2024\/09\/cropped-vieassociative_favicon.ico.png","contentUrl":"https:\/\/vieassociative.be\/actualites\/wp-content\/uploads\/2024\/09\/cropped-vieassociative_favicon.ico.png","width":512,"height":512,"caption":"Vie Associative"},"image":{"@id":"https:\/\/vieassociative.be\/actualites\/#\/schema\/logo\/image\/"}},{"@type":"Person","@id":"https:\/\/vieassociative.be\/actualites\/#\/schema\/person\/b87ac4f82f9d4e7b7cec7395b679edc4","name":"Julien","image":{"@type":"ImageObject","inLanguage":"fr-BE","@id":"https:\/\/vieassociative.be\/actualites\/#\/schema\/person\/image\/","url":"https:\/\/vieassociative.be\/actualites\/wp-content\/uploads\/2024\/09\/vie-associative-1-150x150.jpg","contentUrl":"https:\/\/vieassociative.be\/actualites\/wp-content\/uploads\/2024\/09\/vie-associative-1-150x150.jpg","caption":"Julien"},"description":"Je suis Julien, r\u00e9dacteur pour Vie Associative. Passionn\u00e9 par le monde associatif depuis plus de 10 ans, j'ai \u00e0 c\u0153ur de partager des histoires inspirantes et de mettre en lumi\u00e8re les initiatives locales. Mon objectif est de sensibiliser et d'encourager l'engagement communautaire \u00e0 travers mes articles.","sameAs":["https:\/\/vieassociative.be\/"]}]}},"_links":{"self":[{"href":"https:\/\/vieassociative.be\/actualites\/wp-json\/wp\/v2\/posts\/4237"}],"collection":[{"href":"https:\/\/vieassociative.be\/actualites\/wp-json\/wp\/v2\/posts"}],"about":[{"href":"https:\/\/vieassociative.be\/actualites\/wp-json\/wp\/v2\/types\/post"}],"author":[{"embeddable":true,"href":"https:\/\/vieassociative.be\/actualites\/wp-json\/wp\/v2\/users\/1"}],"replies":[{"embeddable":true,"href":"https:\/\/vieassociative.be\/actualites\/wp-json\/wp\/v2\/comments?post=4237"}],"version-history":[{"count":0,"href":"https:\/\/vieassociative.be\/actualites\/wp-json\/wp\/v2\/posts\/4237\/revisions"}],"wp:featuredmedia":[{"embeddable":true,"href":"https:\/\/vieassociative.be\/actualites\/wp-json\/wp\/v2\/media\/4238"}],"wp:attachment":[{"href":"https:\/\/vieassociative.be\/actualites\/wp-json\/wp\/v2\/media?parent=4237"}],"wp:term":[{"taxonomy":"category","embeddable":true,"href":"https:\/\/vieassociative.be\/actualites\/wp-json\/wp\/v2\/categories?post=4237"},{"taxonomy":"post_tag","embeddable":true,"href":"https:\/\/vieassociative.be\/actualites\/wp-json\/wp\/v2\/tags?post=4237"}],"curies":[{"name":"wp","href":"https:\/\/api.w.org\/{rel}","templated":true}]}}