{"id":4234,"date":"2025-01-10T21:19:32","date_gmt":"2025-01-10T20:19:32","guid":{"rendered":"https:\/\/vieassociative.be\/actualites\/pas-de-punition-pour-donald-trump-mais-le-verdict-de-culpabilite-demeure-premier-criminel-reconnu-coupable-en-tant-que-president-de-la-maison-blanche\/"},"modified":"2025-01-10T21:19:32","modified_gmt":"2025-01-10T20:19:32","slug":"pas-de-punition-pour-donald-trump-mais-le-verdict-de-culpabilite-demeure-premier-criminel-reconnu-coupable-en-tant-que-president-de-la-maison-blanche","status":"publish","type":"post","link":"https:\/\/vieassociative.be\/actualites\/pas-de-punition-pour-donald-trump-mais-le-verdict-de-culpabilite-demeure-premier-criminel-reconnu-coupable-en-tant-que-president-de-la-maison-blanche\/","title":{"rendered":"Pas de punition pour Donald Trump &#8211; mais le verdict de culpabilit\u00e9 demeure : premier criminel reconnu coupable en tant que pr\u00e9sident de la Maison Blanche"},"content":{"rendered":"<p><strong>Trump a essay\u00e9 de toutes ses forces d&#8217;emp\u00eacher que la sanction dans le cadre du proc\u00e8s secret soit annonc\u00e9e peu avant son entr\u00e9e en fonction &#8211; sans succ\u00e8s. Il n\u2019y a pas de repr\u00e9sailles, mais il y a un gros d\u00e9faut.<\/strong><\/p>\n<p><span id=\"more-405915\"><\/span>Le pr\u00e9sident \u00e9lu des \u00c9tats-Unis, Donald Trump, \u00e9chappe \u00e0 toute sanction lors du proc\u00e8s pour argent secret \u00e0 New York. Cependant, le verdict de culpabilit\u00e9 contre l&rsquo;homme de 78 ans demeure. Trump entrera \u00e0 la Maison Blanche le 20 janvier en tant que criminel reconnu coupable. <\/p>\n<p>Il avait essay\u00e9 de toutes ses forces d&rsquo;\u00e9viter de prendre ses fonctions avec ce d\u00e9faut. Le r\u00e9publicain ne veut pas accepter le verdict de culpabilit\u00e9 et a imm\u00e9diatement annonc\u00e9 qu&rsquo;il ferait appel.<\/p>\n<p><b>\u2013 Un d\u00e9nouement inhabituel : <\/b>En pronon\u00e7ant la sentence lors du proc\u00e8s, le juge Juan Merchan \u2013 comme annonc\u00e9 pr\u00e9c\u00e9demment \u2013 \u200b\u200ba impos\u00e9 une \u00ab lib\u00e9ration inconditionnelle \u00bb \u00e0 l\u2019encontre de Trump. Cette forme de condamnation rarement utilis\u00e9e n&rsquo;entra\u00eene pas d&rsquo;autres cons\u00e9quences p\u00e9nales telles qu&rsquo;une peine de prison ou une amende, mais elle \u00e9tablit n\u00e9anmoins une culpabilit\u00e9 juridique &#8211; conform\u00e9ment au verdict de culpabilit\u00e9 rendu par le jury il y a quelques mois.<\/p>\n<div id=\"attachment_405918\" class=\"wp-caption alignleft\" style=\"max-width: 300px\"><img fetchpriority=\"high\" decoding=\"async\" class=\"wp-image-405918 size-medium\" src=\"https:\/\/vieassociative.be\/actualites\/wp-content\/uploads\/2025\/01\/Pas-de-punition-pour-Donald-Trump-mais-le-verdict.jpg\" alt=\"\" width=\"300\" height=\"200\"><\/p>\n<p class=\"wp-caption-text\">10 janvier 2025, \u00c9tats-Unis, New York : le pr\u00e9sident \u00e9lu am\u00e9ricain Donald Trump (r) et son avocat Todd Blanche comparaissent \u00e0 distance lors d&rsquo;une audience de d\u00e9termination de la peine dans le cadre de son proc\u00e8s en argent secret au tribunal p\u00e9nal de New York \u00e0 Manhattan. Photo : Jeenah Moon\/Bloomberg via AP\/dpa<\/p>\n<\/div>\n<p>Le juge Merchan a d\u00e9clar\u00e9 qu&rsquo;apr\u00e8s m\u00fbre r\u00e9flexion, il avait conclu que c&rsquo;\u00e9tait la seule option dans cette affaire. \u00ab Il s\u2019agissait d\u2019une affaire v\u00e9ritablement extraordinaire. \u00bb Jamais auparavant le tribunal n\u2019avait \u00e9t\u00e9 confront\u00e9 \u00e0 \u00ab des circonstances aussi uniques et extraordinaires \u00bb.<\/p>\n<p>C&rsquo;\u00e9tait la premi\u00e8re fois dans l&rsquo;histoire des \u00c9tats-Unis qu&rsquo;un ancien pr\u00e9sident \u00e9tait reconnu coupable d&rsquo;un crime. Le proc\u00e8s portait sur la dissimulation ill\u00e9gale de 130 000 $ d&rsquo;argent secret que Trump avait vers\u00e9 \u00e0 l&rsquo;actrice porno Stormy Daniels &#8211; selon la condamnation du tribunal, dans le but d&rsquo;obtenir des avantages lors de la campagne \u00e9lectorale de 2016. Les jur\u00e9s de New York ont \u200b\u200bd\u00e9clar\u00e9 Trump coupable de 34 chefs d&rsquo;accusation fin mai 2024.<\/p>\n<p><b>\u2013 Proc\u00e8s pour Trump \u00ab exp\u00e9rience tr\u00e8s terrible \u00bb : <\/b>Trump et son avocat Todd Blanche n&rsquo;ont assist\u00e9 au prononc\u00e9 de la peine que par vid\u00e9o. Il a de nouveau d\u00e9crit le processus comme une \u00ab chasse aux sorci\u00e8res \u00bb. Trump a d\u00e9clar\u00e9 qu&rsquo;il \u00e9tait \u00ab\u00a0compl\u00e8tement innocent\u00a0\u00bb et trait\u00e9 \u00ab\u00a0tr\u00e8s injustement\u00a0\u00bb. \u00ab Ce fut une exp\u00e9rience tr\u00e8s terrible. \u00bb L\u2019avocate de la d\u00e9fense Blanche a parl\u00e9 d\u2019un \u00ab triste jour pour le pays \u00bb.<\/p>\n<p>Il est peu probable que cette sanction, rarement utilis\u00e9e, ait un impact direct sur la pr\u00e9sidence de Trump ; elle est plut\u00f4t de nature symbolique. Cependant, Trump a essay\u00e9 de toutes ses forces d\u2019\u00e9viter cette d\u00e9cision \u00e0 la derni\u00e8re minute \u2013 probablement par souci de son image publique. Pour la premi\u00e8re fois dans l\u2019histoire des \u00c9tats-Unis, un criminel reconnu coupable est promu \u00e0 la plus haute fonction de l\u2019\u00c9tat.<\/p>\n<p>Normalement, les criminels condamn\u00e9s aux \u00c9tats-Unis sont soumis \u00e0 de nombreuses restrictions, par exemple lorsqu&rsquo;ils voyagent ou ach\u00e8tent des armes. Au d\u00e9part, il n\u2019\u00e9tait pas clair si et comment cela pourrait \u00e9galement affecter Trump. En tant que pr\u00e9sident, de nombreux experts juridiques estiment que Trump sera largement \u00e9pargn\u00e9 par ces restrictions.<\/p>\n<p>Jusqu&rsquo;\u00e0 r\u00e9cemment, les avocats de Trump avaient tent\u00e9 de diverses mani\u00e8res d&rsquo;\u00e9viter cette condamnation. Apr\u00e8s des appels infructueux devant les juridictions inf\u00e9rieures, ils ont finalement d\u00e9pos\u00e9 un recours urgent aupr\u00e8s de la Cour supr\u00eame, que la plus haute juridiction am\u00e9ricaine a rejet\u00e9e la veille de l&rsquo;annonce de la sentence.<\/p>\n<div id=\"attachment_405921\" class=\"wp-caption alignleft\" style=\"max-width: 300px\"><img decoding=\"async\" class=\"wp-image-405921 size-medium\" src=\"https:\/\/vieassociative.be\/actualites\/wp-content\/uploads\/2025\/01\/1736540372_376_Pas-de-punition-pour-Donald-Trump-mais-le-verdict.jpg\" alt=\"\" width=\"300\" height=\"200\"><\/p>\n<p class=\"wp-caption-text\">10 janvier 2025, \u00c9tats-Unis, New York : des manifestants protestent \u00e0 New York devant le tribunal p\u00e9nal de Manhattan avant le d\u00e9but du verdict dans l&rsquo;affaire de l&rsquo;argent secret du pr\u00e9sident \u00e9lu am\u00e9ricain Trump. Photo : Yuki Iwamura\/AP\/dpa<\/p>\n<\/div>\n<p>Les avocats de la d\u00e9fense du r\u00e9publicain avaient pr\u00e9c\u00e9demment demand\u00e9 l&rsquo;annulation du verdict de culpabilit\u00e9. Toutefois, une proc\u00e9dure formelle d&rsquo;appel n&rsquo;est possible qu&rsquo;apr\u00e8s l&rsquo;annonce de la sentence.<\/p>\n<p>Trump a imm\u00e9diatement annonc\u00e9 qu\u2019il s\u2019attaquerait \u00e0 ce probl\u00e8me. Il a \u00e9crit sur la plateforme qu&rsquo;il a co-fond\u00e9e, Truth Social, qu&rsquo;il ferait appel du \u00ab canular \u00bb et restaurerait la confiance des Am\u00e9ricains dans le syst\u00e8me judiciaire. Le fait qu\u2019une \u00ab lib\u00e9ration inconditionnelle \u00bb lui ait \u00e9t\u00e9 impos\u00e9e montre une fois de plus que l\u2019affaire n\u2019a aucun fondement, a-t-il soutenu. Les \u00ab vrais jur\u00e9s, le peuple am\u00e9ricain \u00bb, s\u2019\u00e9taient prononc\u00e9s et l\u2019avaient r\u00e9\u00e9lu pr\u00e9sident.<\/p>\n<p><b>\u2013 Immunis\u00e9 contre les poursuites ou pas ? <\/b>Trump consid\u00e8re que les poursuites engag\u00e9es contre lui sont ill\u00e9gales et cite, entre autres, une d\u00e9cision de la Cour supr\u00eame selon laquelle les pr\u00e9sidents am\u00e9ricains b\u00e9n\u00e9ficient d&rsquo;une large immunit\u00e9 pour les actions entreprises pendant leur mandat. Cependant, le juge de New York a d\u00e9clar\u00e9 en d\u00e9cembre que la d\u00e9cision ne s&rsquo;appliquait pas dans la pr\u00e9sente affaire, car les versements controvers\u00e9s d&rsquo;argent secret avaient \u00e9t\u00e9 effectu\u00e9s avant la premi\u00e8re pr\u00e9sidence de Trump de 2017 \u00e0 2021. De plus, il s\u2019agissait d\u2019actes en tant que citoyen priv\u00e9.<\/p>\n<p>La Cour supr\u00eame avait \u00e9galement d\u00e9cid\u00e9 \u00e0 l&rsquo;\u00e9poque que les actes officiels des pr\u00e9sidents am\u00e9ricains ne pouvaient pas \u00eatre utilis\u00e9s comme preuve dans une proc\u00e9dure p\u00e9nale. Il est probable que cette question devienne une question au plus tard dans le cadre d&rsquo;une proc\u00e9dure d&rsquo;appel qui pourrait se retrouver \u00e0 nouveau devant la Cour supr\u00eame.<\/p>\n<\/p>\n<div id=\"attachment_384331\" class=\"wp-caption alignnone\" style=\"max-width: 300px\"><img decoding=\"async\" src=\"https:\/\/vieassociative.be\/actualites\/wp-content\/uploads\/2025\/01\/1736540372_392_Pas-de-punition-pour-Donald-Trump-mais-le-verdict.jpg\" alt=\"\" width=\"300\" height=\"217\" class=\"size-medium wp-image-384331\"><\/p>\n<p class=\"wp-caption-text\">05\/24\/2018, \u00c9tats-Unis, West Hollywood : Stormy Daniels appara\u00eet lors d&rsquo;un \u00e9v\u00e9nement le 23 mai 2018 \u00e0 West Hollywood, Californie. Photo : Ringo HW Chiu\/FR170512 AP\/AP<\/p>\n<\/div>\n<p>Trump a d\u00e9plac\u00e9 la majorit\u00e9 \u00e0 la Cour supr\u00eame tr\u00e8s \u00e0 droite au cours de son premier mandat. Seuls trois des neuf juges sont d\u00e9sormais affect\u00e9s au camp lib\u00e9ral. Dans cette configuration, la Cour a souvent statu\u00e9 en faveur de Trump.<\/p>\n<p>Apr\u00e8s avoir pris ses fonctions de pr\u00e9sident, Trump ne peut pas se pardonner. Dans le cas d&rsquo;une condamnation au niveau de l&rsquo;\u00c9tat, comme dans le cas pr\u00e9sent \u00e0 New York, une telle d\u00e9cision appartient au gouverneur concern\u00e9.<\/p>\n<p><b>\u2013 Les autres dossiers contre Trump : <\/b>Trump a \u00e9galement \u00e9t\u00e9 inculp\u00e9 dans trois autres affaires p\u00e9nales \u2013 pour divers chefs d&rsquo;accusation. Cependant, deux proc\u00e8s f\u00e9d\u00e9raux contre lui ont \u00e9t\u00e9 abandonn\u00e9s apr\u00e8s sa victoire \u00e9lectorale. Dans ces cas, le minist\u00e8re public a fait valoir que la pratique du minist\u00e8re de la Justice consistait \u00e0 ne pas enqu\u00eater sur les pr\u00e9sidents en exercice.<\/p>\n<p>Un troisi\u00e8me proc\u00e8s contre Trump dans l\u2019\u00c9tat de G\u00e9orgie est en grande partie paralys\u00e9 en raison de man\u0153uvres juridiques et pourrait compl\u00e8tement \u00e9chouer apr\u00e8s le d\u00e9part du procureur responsable. Les avocats de Trump ont fait tout ce qu\u2019ils pouvaient pour torpiller toutes les proc\u00e9dures d\u00e8s le d\u00e9but. (dpa)<\/p>\n","protected":false},"excerpt":{"rendered":"<p>Trump a essay\u00e9 de toutes ses forces d&#8217;emp\u00eacher que la sanction dans le cadre du proc\u00e8s secret soit annonc\u00e9e peu avant son entr\u00e9e en fonction<\/p>\n","protected":false},"author":1,"featured_media":4235,"comment_status":"","ping_status":"","sticky":false,"template":"","format":"standard","meta":{"footnotes":""},"categories":[298],"tags":[3148,2380,4675,4673,4674,2424,156,560,126,81,443,3075,4671,4676,1745,2425,4672],"class_list":["post-4234","post","type-post","status-publish","format-standard","has-post-thumbnail","hentry","category-belgique","tag-blanche","tag-coupable","tag-criminel","tag-culpabilite","tag-demeure","tag-donald","tag-mais","tag-maison","tag-pas","tag-pour","tag-premier","tag-president","tag-punition","tag-reconnu","tag-tant","tag-trump","tag-verdict","generate-columns","tablet-grid-50","mobile-grid-100","grid-parent","grid-33"],"yoast_head":"<!-- This site is optimized with the Yoast SEO plugin v24.0 - https:\/\/yoast.com\/wordpress\/plugins\/seo\/ -->\n<title>Pas de punition pour Donald Trump - mais le verdict de culpabilit\u00e9 demeure : premier criminel reconnu coupable en tant que pr\u00e9sident de la Maison Blanche | Vie Associative<\/title>\n<meta name=\"robots\" content=\"index, follow, max-snippet:-1, max-image-preview:large, max-video-preview:-1\" \/>\n<link rel=\"canonical\" href=\"https:\/\/vieassociative.be\/actualites\/pas-de-punition-pour-donald-trump-mais-le-verdict-de-culpabilite-demeure-premier-criminel-reconnu-coupable-en-tant-que-president-de-la-maison-blanche\/\" \/>\n<meta property=\"og:locale\" content=\"fr_FR\" \/>\n<meta property=\"og:type\" content=\"article\" \/>\n<meta property=\"og:title\" content=\"Pas de punition pour Donald Trump - mais le verdict de culpabilit\u00e9 demeure : premier criminel reconnu coupable en tant que pr\u00e9sident de la Maison Blanche | Vie Associative\" \/>\n<meta property=\"og:description\" content=\"Trump a essay\u00e9 de toutes ses forces d&#8217;emp\u00eacher que la sanction dans le cadre du proc\u00e8s secret soit annonc\u00e9e peu avant son entr\u00e9e en fonction\" \/>\n<meta property=\"og:url\" content=\"https:\/\/vieassociative.be\/actualites\/pas-de-punition-pour-donald-trump-mais-le-verdict-de-culpabilite-demeure-premier-criminel-reconnu-coupable-en-tant-que-president-de-la-maison-blanche\/\" \/>\n<meta property=\"og:site_name\" content=\"Vie Associative\" \/>\n<meta property=\"article:published_time\" content=\"2025-01-10T20:19:32+00:00\" \/>\n<meta property=\"og:image\" content=\"https:\/\/vieassociative.be\/actualites\/wp-content\/uploads\/2024\/09\/header_backgroundk-01-e1726694325946.png\" \/>\n\t<meta property=\"og:image:width\" content=\"279\" \/>\n\t<meta property=\"og:image:height\" content=\"92\" \/>\n\t<meta property=\"og:image:type\" content=\"image\/png\" \/>\n<meta name=\"author\" content=\"Julien\" \/>\n<meta name=\"twitter:card\" content=\"summary_large_image\" \/>\n<meta name=\"twitter:label1\" content=\"\u00c9crit par\" \/>\n\t<meta name=\"twitter:data1\" content=\"Julien\" \/>\n\t<meta name=\"twitter:label2\" content=\"Dur\u00e9e de lecture est.\" \/>\n\t<meta name=\"twitter:data2\" content=\"6 minutes\" \/>\n<script type=\"application\/ld+json\" class=\"yoast-schema-graph\">{\"@context\":\"https:\/\/schema.org\",\"@graph\":[{\"@type\":\"Article\",\"@id\":\"https:\/\/vieassociative.be\/actualites\/pas-de-punition-pour-donald-trump-mais-le-verdict-de-culpabilite-demeure-premier-criminel-reconnu-coupable-en-tant-que-president-de-la-maison-blanche\/#article\",\"isPartOf\":{\"@id\":\"https:\/\/vieassociative.be\/actualites\/pas-de-punition-pour-donald-trump-mais-le-verdict-de-culpabilite-demeure-premier-criminel-reconnu-coupable-en-tant-que-president-de-la-maison-blanche\/\"},\"author\":{\"name\":\"Julien\",\"@id\":\"https:\/\/vieassociative.be\/actualites\/#\/schema\/person\/b87ac4f82f9d4e7b7cec7395b679edc4\"},\"headline\":\"Pas de punition pour Donald Trump &#8211; mais le verdict de culpabilit\u00e9 demeure : premier criminel reconnu coupable en tant que pr\u00e9sident de la Maison Blanche\",\"datePublished\":\"2025-01-10T20:19:32+00:00\",\"dateModified\":\"2025-01-10T20:19:32+00:00\",\"mainEntityOfPage\":{\"@id\":\"https:\/\/vieassociative.be\/actualites\/pas-de-punition-pour-donald-trump-mais-le-verdict-de-culpabilite-demeure-premier-criminel-reconnu-coupable-en-tant-que-president-de-la-maison-blanche\/\"},\"wordCount\":1273,\"publisher\":{\"@id\":\"https:\/\/vieassociative.be\/actualites\/#organization\"},\"image\":{\"@id\":\"https:\/\/vieassociative.be\/actualites\/pas-de-punition-pour-donald-trump-mais-le-verdict-de-culpabilite-demeure-premier-criminel-reconnu-coupable-en-tant-que-president-de-la-maison-blanche\/#primaryimage\"},\"thumbnailUrl\":\"https:\/\/vieassociative.be\/actualites\/wp-content\/uploads\/2025\/01\/1736540373_Pas-de-punition-pour-Donald-Trump-mais-le-verdict.jpg\",\"keywords\":[\"Blanche\",\"coupable\",\"criminel\",\"culpabilit\u00e9\",\"demeure\",\"Donald\",\"mais\",\"maison\",\"pas\",\"pour\",\"premier\",\"pr\u00e9sident\",\"punition\",\"reconnu\",\"tant\",\"Trump\",\"verdict\"],\"articleSection\":[\"Belgique\"],\"inLanguage\":\"fr-BE\"},{\"@type\":\"WebPage\",\"@id\":\"https:\/\/vieassociative.be\/actualites\/pas-de-punition-pour-donald-trump-mais-le-verdict-de-culpabilite-demeure-premier-criminel-reconnu-coupable-en-tant-que-president-de-la-maison-blanche\/\",\"url\":\"https:\/\/vieassociative.be\/actualites\/pas-de-punition-pour-donald-trump-mais-le-verdict-de-culpabilite-demeure-premier-criminel-reconnu-coupable-en-tant-que-president-de-la-maison-blanche\/\",\"name\":\"Pas de punition pour Donald Trump - mais le verdict de culpabilit\u00e9 demeure : premier criminel reconnu coupable en tant que pr\u00e9sident de la Maison Blanche | Vie Associative\",\"isPartOf\":{\"@id\":\"https:\/\/vieassociative.be\/actualites\/#website\"},\"primaryImageOfPage\":{\"@id\":\"https:\/\/vieassociative.be\/actualites\/pas-de-punition-pour-donald-trump-mais-le-verdict-de-culpabilite-demeure-premier-criminel-reconnu-coupable-en-tant-que-president-de-la-maison-blanche\/#primaryimage\"},\"image\":{\"@id\":\"https:\/\/vieassociative.be\/actualites\/pas-de-punition-pour-donald-trump-mais-le-verdict-de-culpabilite-demeure-premier-criminel-reconnu-coupable-en-tant-que-president-de-la-maison-blanche\/#primaryimage\"},\"thumbnailUrl\":\"https:\/\/vieassociative.be\/actualites\/wp-content\/uploads\/2025\/01\/1736540373_Pas-de-punition-pour-Donald-Trump-mais-le-verdict.jpg\",\"datePublished\":\"2025-01-10T20:19:32+00:00\",\"dateModified\":\"2025-01-10T20:19:32+00:00\",\"breadcrumb\":{\"@id\":\"https:\/\/vieassociative.be\/actualites\/pas-de-punition-pour-donald-trump-mais-le-verdict-de-culpabilite-demeure-premier-criminel-reconnu-coupable-en-tant-que-president-de-la-maison-blanche\/#breadcrumb\"},\"inLanguage\":\"fr-BE\",\"potentialAction\":[{\"@type\":\"ReadAction\",\"target\":[\"https:\/\/vieassociative.be\/actualites\/pas-de-punition-pour-donald-trump-mais-le-verdict-de-culpabilite-demeure-premier-criminel-reconnu-coupable-en-tant-que-president-de-la-maison-blanche\/\"]}]},{\"@type\":\"ImageObject\",\"inLanguage\":\"fr-BE\",\"@id\":\"https:\/\/vieassociative.be\/actualites\/pas-de-punition-pour-donald-trump-mais-le-verdict-de-culpabilite-demeure-premier-criminel-reconnu-coupable-en-tant-que-president-de-la-maison-blanche\/#primaryimage\",\"url\":\"https:\/\/vieassociative.be\/actualites\/wp-content\/uploads\/2025\/01\/1736540373_Pas-de-punition-pour-Donald-Trump-mais-le-verdict.jpg\",\"contentUrl\":\"https:\/\/vieassociative.be\/actualites\/wp-content\/uploads\/2025\/01\/1736540373_Pas-de-punition-pour-Donald-Trump-mais-le-verdict.jpg\",\"width\":1500,\"height\":1000,\"caption\":\"Pas de punition pour Donald Trump - mais le verdict de culpabilit\u00e9 demeure : premier criminel reconnu coupable en tant que pr\u00e9sident de la Maison Blanche\"},{\"@type\":\"BreadcrumbList\",\"@id\":\"https:\/\/vieassociative.be\/actualites\/pas-de-punition-pour-donald-trump-mais-le-verdict-de-culpabilite-demeure-premier-criminel-reconnu-coupable-en-tant-que-president-de-la-maison-blanche\/#breadcrumb\",\"itemListElement\":[{\"@type\":\"ListItem\",\"position\":1,\"name\":\"Accueil\",\"item\":\"https:\/\/vieassociative.be\/actualites\/\"},{\"@type\":\"ListItem\",\"position\":2,\"name\":\"Pas de punition pour Donald Trump &#8211; mais le verdict de culpabilit\u00e9 demeure : premier criminel reconnu coupable en tant que pr\u00e9sident de la Maison Blanche\"}]},{\"@type\":\"WebSite\",\"@id\":\"https:\/\/vieassociative.be\/actualites\/#website\",\"url\":\"https:\/\/vieassociative.be\/actualites\/\",\"name\":\"Vie Associative\",\"description\":\"\",\"publisher\":{\"@id\":\"https:\/\/vieassociative.be\/actualites\/#organization\"},\"potentialAction\":[{\"@type\":\"SearchAction\",\"target\":{\"@type\":\"EntryPoint\",\"urlTemplate\":\"https:\/\/vieassociative.be\/actualites\/?s={search_term_string}\"},\"query-input\":{\"@type\":\"PropertyValueSpecification\",\"valueRequired\":true,\"valueName\":\"search_term_string\"}}],\"inLanguage\":\"fr-BE\"},{\"@type\":\"Organization\",\"@id\":\"https:\/\/vieassociative.be\/actualites\/#organization\",\"name\":\"Vie Associative\",\"url\":\"https:\/\/vieassociative.be\/actualites\/\",\"logo\":{\"@type\":\"ImageObject\",\"inLanguage\":\"fr-BE\",\"@id\":\"https:\/\/vieassociative.be\/actualites\/#\/schema\/logo\/image\/\",\"url\":\"https:\/\/vieassociative.be\/actualites\/wp-content\/uploads\/2024\/09\/cropped-vieassociative_favicon.ico.png\",\"contentUrl\":\"https:\/\/vieassociative.be\/actualites\/wp-content\/uploads\/2024\/09\/cropped-vieassociative_favicon.ico.png\",\"width\":512,\"height\":512,\"caption\":\"Vie Associative\"},\"image\":{\"@id\":\"https:\/\/vieassociative.be\/actualites\/#\/schema\/logo\/image\/\"}},{\"@type\":\"Person\",\"@id\":\"https:\/\/vieassociative.be\/actualites\/#\/schema\/person\/b87ac4f82f9d4e7b7cec7395b679edc4\",\"name\":\"Julien\",\"image\":{\"@type\":\"ImageObject\",\"inLanguage\":\"fr-BE\",\"@id\":\"https:\/\/vieassociative.be\/actualites\/#\/schema\/person\/image\/\",\"url\":\"https:\/\/vieassociative.be\/actualites\/wp-content\/uploads\/2024\/09\/vie-associative-1-150x150.jpg\",\"contentUrl\":\"https:\/\/vieassociative.be\/actualites\/wp-content\/uploads\/2024\/09\/vie-associative-1-150x150.jpg\",\"caption\":\"Julien\"},\"description\":\"Je suis Julien, r\u00e9dacteur pour Vie Associative. Passionn\u00e9 par le monde associatif depuis plus de 10 ans, j'ai \u00e0 c\u0153ur de partager des histoires inspirantes et de mettre en lumi\u00e8re les initiatives locales. Mon objectif est de sensibiliser et d'encourager l'engagement communautaire \u00e0 travers mes articles.\",\"sameAs\":[\"https:\/\/vieassociative.be\/\"]}]}<\/script>\n<!-- \/ Yoast SEO plugin. -->","yoast_head_json":{"title":"Pas de punition pour Donald Trump - mais le verdict de culpabilit\u00e9 demeure : premier criminel reconnu coupable en tant que pr\u00e9sident de la Maison Blanche | Vie Associative","robots":{"index":"index","follow":"follow","max-snippet":"max-snippet:-1","max-image-preview":"max-image-preview:large","max-video-preview":"max-video-preview:-1"},"canonical":"https:\/\/vieassociative.be\/actualites\/pas-de-punition-pour-donald-trump-mais-le-verdict-de-culpabilite-demeure-premier-criminel-reconnu-coupable-en-tant-que-president-de-la-maison-blanche\/","og_locale":"fr_FR","og_type":"article","og_title":"Pas de punition pour Donald Trump - mais le verdict de culpabilit\u00e9 demeure : premier criminel reconnu coupable en tant que pr\u00e9sident de la Maison Blanche | Vie Associative","og_description":"Trump a essay\u00e9 de toutes ses forces d&#8217;emp\u00eacher que la sanction dans le cadre du proc\u00e8s secret soit annonc\u00e9e peu avant son entr\u00e9e en fonction","og_url":"https:\/\/vieassociative.be\/actualites\/pas-de-punition-pour-donald-trump-mais-le-verdict-de-culpabilite-demeure-premier-criminel-reconnu-coupable-en-tant-que-president-de-la-maison-blanche\/","og_site_name":"Vie Associative","article_published_time":"2025-01-10T20:19:32+00:00","og_image":[{"width":279,"height":92,"url":"https:\/\/vieassociative.be\/actualites\/wp-content\/uploads\/2024\/09\/header_backgroundk-01-e1726694325946.png","type":"image\/png"}],"author":"Julien","twitter_card":"summary_large_image","twitter_misc":{"\u00c9crit par":"Julien","Dur\u00e9e de lecture est.":"6 minutes"},"schema":{"@context":"https:\/\/schema.org","@graph":[{"@type":"Article","@id":"https:\/\/vieassociative.be\/actualites\/pas-de-punition-pour-donald-trump-mais-le-verdict-de-culpabilite-demeure-premier-criminel-reconnu-coupable-en-tant-que-president-de-la-maison-blanche\/#article","isPartOf":{"@id":"https:\/\/vieassociative.be\/actualites\/pas-de-punition-pour-donald-trump-mais-le-verdict-de-culpabilite-demeure-premier-criminel-reconnu-coupable-en-tant-que-president-de-la-maison-blanche\/"},"author":{"name":"Julien","@id":"https:\/\/vieassociative.be\/actualites\/#\/schema\/person\/b87ac4f82f9d4e7b7cec7395b679edc4"},"headline":"Pas de punition pour Donald Trump &#8211; mais le verdict de culpabilit\u00e9 demeure : premier criminel reconnu coupable en tant que pr\u00e9sident de la Maison Blanche","datePublished":"2025-01-10T20:19:32+00:00","dateModified":"2025-01-10T20:19:32+00:00","mainEntityOfPage":{"@id":"https:\/\/vieassociative.be\/actualites\/pas-de-punition-pour-donald-trump-mais-le-verdict-de-culpabilite-demeure-premier-criminel-reconnu-coupable-en-tant-que-president-de-la-maison-blanche\/"},"wordCount":1273,"publisher":{"@id":"https:\/\/vieassociative.be\/actualites\/#organization"},"image":{"@id":"https:\/\/vieassociative.be\/actualites\/pas-de-punition-pour-donald-trump-mais-le-verdict-de-culpabilite-demeure-premier-criminel-reconnu-coupable-en-tant-que-president-de-la-maison-blanche\/#primaryimage"},"thumbnailUrl":"https:\/\/vieassociative.be\/actualites\/wp-content\/uploads\/2025\/01\/1736540373_Pas-de-punition-pour-Donald-Trump-mais-le-verdict.jpg","keywords":["Blanche","coupable","criminel","culpabilit\u00e9","demeure","Donald","mais","maison","pas","pour","premier","pr\u00e9sident","punition","reconnu","tant","Trump","verdict"],"articleSection":["Belgique"],"inLanguage":"fr-BE"},{"@type":"WebPage","@id":"https:\/\/vieassociative.be\/actualites\/pas-de-punition-pour-donald-trump-mais-le-verdict-de-culpabilite-demeure-premier-criminel-reconnu-coupable-en-tant-que-president-de-la-maison-blanche\/","url":"https:\/\/vieassociative.be\/actualites\/pas-de-punition-pour-donald-trump-mais-le-verdict-de-culpabilite-demeure-premier-criminel-reconnu-coupable-en-tant-que-president-de-la-maison-blanche\/","name":"Pas de punition pour Donald Trump - mais le verdict de culpabilit\u00e9 demeure : premier criminel reconnu coupable en tant que pr\u00e9sident de la Maison Blanche | Vie Associative","isPartOf":{"@id":"https:\/\/vieassociative.be\/actualites\/#website"},"primaryImageOfPage":{"@id":"https:\/\/vieassociative.be\/actualites\/pas-de-punition-pour-donald-trump-mais-le-verdict-de-culpabilite-demeure-premier-criminel-reconnu-coupable-en-tant-que-president-de-la-maison-blanche\/#primaryimage"},"image":{"@id":"https:\/\/vieassociative.be\/actualites\/pas-de-punition-pour-donald-trump-mais-le-verdict-de-culpabilite-demeure-premier-criminel-reconnu-coupable-en-tant-que-president-de-la-maison-blanche\/#primaryimage"},"thumbnailUrl":"https:\/\/vieassociative.be\/actualites\/wp-content\/uploads\/2025\/01\/1736540373_Pas-de-punition-pour-Donald-Trump-mais-le-verdict.jpg","datePublished":"2025-01-10T20:19:32+00:00","dateModified":"2025-01-10T20:19:32+00:00","breadcrumb":{"@id":"https:\/\/vieassociative.be\/actualites\/pas-de-punition-pour-donald-trump-mais-le-verdict-de-culpabilite-demeure-premier-criminel-reconnu-coupable-en-tant-que-president-de-la-maison-blanche\/#breadcrumb"},"inLanguage":"fr-BE","potentialAction":[{"@type":"ReadAction","target":["https:\/\/vieassociative.be\/actualites\/pas-de-punition-pour-donald-trump-mais-le-verdict-de-culpabilite-demeure-premier-criminel-reconnu-coupable-en-tant-que-president-de-la-maison-blanche\/"]}]},{"@type":"ImageObject","inLanguage":"fr-BE","@id":"https:\/\/vieassociative.be\/actualites\/pas-de-punition-pour-donald-trump-mais-le-verdict-de-culpabilite-demeure-premier-criminel-reconnu-coupable-en-tant-que-president-de-la-maison-blanche\/#primaryimage","url":"https:\/\/vieassociative.be\/actualites\/wp-content\/uploads\/2025\/01\/1736540373_Pas-de-punition-pour-Donald-Trump-mais-le-verdict.jpg","contentUrl":"https:\/\/vieassociative.be\/actualites\/wp-content\/uploads\/2025\/01\/1736540373_Pas-de-punition-pour-Donald-Trump-mais-le-verdict.jpg","width":1500,"height":1000,"caption":"Pas de punition pour Donald Trump - mais le verdict de culpabilit\u00e9 demeure : premier criminel reconnu coupable en tant que pr\u00e9sident de la Maison Blanche"},{"@type":"BreadcrumbList","@id":"https:\/\/vieassociative.be\/actualites\/pas-de-punition-pour-donald-trump-mais-le-verdict-de-culpabilite-demeure-premier-criminel-reconnu-coupable-en-tant-que-president-de-la-maison-blanche\/#breadcrumb","itemListElement":[{"@type":"ListItem","position":1,"name":"Accueil","item":"https:\/\/vieassociative.be\/actualites\/"},{"@type":"ListItem","position":2,"name":"Pas de punition pour Donald Trump &#8211; mais le verdict de culpabilit\u00e9 demeure : premier criminel reconnu coupable en tant que pr\u00e9sident de la Maison Blanche"}]},{"@type":"WebSite","@id":"https:\/\/vieassociative.be\/actualites\/#website","url":"https:\/\/vieassociative.be\/actualites\/","name":"Vie Associative","description":"","publisher":{"@id":"https:\/\/vieassociative.be\/actualites\/#organization"},"potentialAction":[{"@type":"SearchAction","target":{"@type":"EntryPoint","urlTemplate":"https:\/\/vieassociative.be\/actualites\/?s={search_term_string}"},"query-input":{"@type":"PropertyValueSpecification","valueRequired":true,"valueName":"search_term_string"}}],"inLanguage":"fr-BE"},{"@type":"Organization","@id":"https:\/\/vieassociative.be\/actualites\/#organization","name":"Vie Associative","url":"https:\/\/vieassociative.be\/actualites\/","logo":{"@type":"ImageObject","inLanguage":"fr-BE","@id":"https:\/\/vieassociative.be\/actualites\/#\/schema\/logo\/image\/","url":"https:\/\/vieassociative.be\/actualites\/wp-content\/uploads\/2024\/09\/cropped-vieassociative_favicon.ico.png","contentUrl":"https:\/\/vieassociative.be\/actualites\/wp-content\/uploads\/2024\/09\/cropped-vieassociative_favicon.ico.png","width":512,"height":512,"caption":"Vie Associative"},"image":{"@id":"https:\/\/vieassociative.be\/actualites\/#\/schema\/logo\/image\/"}},{"@type":"Person","@id":"https:\/\/vieassociative.be\/actualites\/#\/schema\/person\/b87ac4f82f9d4e7b7cec7395b679edc4","name":"Julien","image":{"@type":"ImageObject","inLanguage":"fr-BE","@id":"https:\/\/vieassociative.be\/actualites\/#\/schema\/person\/image\/","url":"https:\/\/vieassociative.be\/actualites\/wp-content\/uploads\/2024\/09\/vie-associative-1-150x150.jpg","contentUrl":"https:\/\/vieassociative.be\/actualites\/wp-content\/uploads\/2024\/09\/vie-associative-1-150x150.jpg","caption":"Julien"},"description":"Je suis Julien, r\u00e9dacteur pour Vie Associative. Passionn\u00e9 par le monde associatif depuis plus de 10 ans, j'ai \u00e0 c\u0153ur de partager des histoires inspirantes et de mettre en lumi\u00e8re les initiatives locales. Mon objectif est de sensibiliser et d'encourager l'engagement communautaire \u00e0 travers mes articles.","sameAs":["https:\/\/vieassociative.be\/"]}]}},"_links":{"self":[{"href":"https:\/\/vieassociative.be\/actualites\/wp-json\/wp\/v2\/posts\/4234"}],"collection":[{"href":"https:\/\/vieassociative.be\/actualites\/wp-json\/wp\/v2\/posts"}],"about":[{"href":"https:\/\/vieassociative.be\/actualites\/wp-json\/wp\/v2\/types\/post"}],"author":[{"embeddable":true,"href":"https:\/\/vieassociative.be\/actualites\/wp-json\/wp\/v2\/users\/1"}],"replies":[{"embeddable":true,"href":"https:\/\/vieassociative.be\/actualites\/wp-json\/wp\/v2\/comments?post=4234"}],"version-history":[{"count":0,"href":"https:\/\/vieassociative.be\/actualites\/wp-json\/wp\/v2\/posts\/4234\/revisions"}],"wp:featuredmedia":[{"embeddable":true,"href":"https:\/\/vieassociative.be\/actualites\/wp-json\/wp\/v2\/media\/4235"}],"wp:attachment":[{"href":"https:\/\/vieassociative.be\/actualites\/wp-json\/wp\/v2\/media?parent=4234"}],"wp:term":[{"taxonomy":"category","embeddable":true,"href":"https:\/\/vieassociative.be\/actualites\/wp-json\/wp\/v2\/categories?post=4234"},{"taxonomy":"post_tag","embeddable":true,"href":"https:\/\/vieassociative.be\/actualites\/wp-json\/wp\/v2\/tags?post=4234"}],"curies":[{"name":"wp","href":"https:\/\/api.w.org\/{rel}","templated":true}]}}