{"id":4227,"date":"2025-01-10T15:24:24","date_gmt":"2025-01-10T14:24:24","guid":{"rendered":"https:\/\/vieassociative.be\/actualites\/blind-date-sur-x-musk-rencontre-le-leader-de-lafd-weidel\/"},"modified":"2025-01-10T15:24:24","modified_gmt":"2025-01-10T14:24:24","slug":"blind-date-sur-x-musk-rencontre-le-leader-de-lafd-weidel","status":"publish","type":"post","link":"https:\/\/vieassociative.be\/actualites\/blind-date-sur-x-musk-rencontre-le-leader-de-lafd-weidel\/","title":{"rendered":"Blind date sur X\u00a0: Musk rencontre le leader de l&rsquo;AfD, Weidel"},"content":{"rendered":"<p><strong>Les \u00e9loges d&rsquo;Elon Musk \u00e0 l&rsquo;\u00e9gard de l&rsquo;AfD font des vagues. Les accusations d\u2019ing\u00e9rence \u00e9lectorale n\u2019ont fait qu\u2019exciter encore plus le milliardaire. Le point culminant de sa tourn\u00e9e publicitaire : un entretien en direct avec le leader de l&rsquo;AfD, Weidel.<\/strong><\/p>\n<p><span id=\"more-405882\"><\/span>Dans une conversation en ligne avec la dirigeante de l\u2019AfD, Alice Weidel, le milliardaire am\u00e9ricain Elon Musk a une fois de plus fortement promu le parti tout en dressant un sombre tableau de l\u2019Allemagne. \u00ab\u00a0Seule l&rsquo;AfD peut sauver l&rsquo;Allemagne\u00a0\u00bb, a d\u00e9clar\u00e9 le patron de Tesla et proche conseiller du futur pr\u00e9sident am\u00e9ricain Donald Trump lors d&rsquo;un discours sur sa plateforme X. Sinon, la situation deviendra bien pire en Allemagne. Il a qualifi\u00e9 Weidel de personne tr\u00e8s sens\u00e9e.<\/p>\n<div id=\"attachment_405887\" class=\"wp-caption alignleft\" style=\"max-width: 300px\"><img fetchpriority=\"high\" decoding=\"async\" class=\"wp-image-405887 size-medium\" src=\"https:\/\/vieassociative.be\/actualites\/wp-content\/uploads\/2025\/01\/Blind-date-sur-X-Musk-rencontre-le-leader-de-lAfD.jpg\" alt=\"\" width=\"300\" height=\"200\"><\/p>\n<p class=\"wp-caption-text\">9 janvier 2025, Berlin : Alice Weidel, chef du groupe parlementaire, chef du parti et candidate \u00e0 la chanceli\u00e8re de l&rsquo;AfD, est assise devant des microphones et un ordinateur portable dans son bureau de la Jakob-Kaiser-Haus avant l&rsquo;entretien en direct avec le milliardaire am\u00e9ricain Elon Musk sur Plateforme X. Photo : Kay Nietfeld\/dpa-POOL\/dpa<\/p>\n<\/div>\n<p>La conversation, qui a dur\u00e9 plus d&rsquo;une heure et s&rsquo;est d\u00e9roul\u00e9e en anglais, a \u00e9t\u00e9 le premier \u00e9change personnel entre eux deux. Elle a \u00e9t\u00e9 suivie dans le monde entier et a \u00e9galement fait l&rsquo;objet d&rsquo;une observation particuli\u00e8re de la part de l&rsquo;UE et de l&rsquo;administration du Bundestag en raison d&rsquo;all\u00e9gations d&rsquo;ing\u00e9rence \u00e9lectorale. Selon un compteur visible sur place, environ 200 000 utilisateurs ont suivi la conversation dans ce qu&rsquo;on appelle le X-Space, une plateforme audio int\u00e9gr\u00e9e \u00e0 X. Cependant, comme il est \u00e9galement possible de se connecter de mani\u00e8re anonyme, ce nombre risque d&rsquo;\u00eatre nettement plus \u00e9lev\u00e9.<\/p>\n<p><b>\u2013 \u00ab Bienvenue Alice \u00bb : <\/b>Weidel a rejoint la conversation depuis son bureau du Bundestag \u00e0 Berlin. L\u2019entrepreneur a salu\u00e9 la dirigeante de l\u2019AfD avec un \u00ab Bienvenue Alice \u00bb et lui a d\u2019abord demand\u00e9 de d\u00e9crire les positions de son parti.<\/p>\n<p>Weidel a commenc\u00e9 par un bilan g\u00e9n\u00e9ral avec le gouvernement Merkel, d\u00e9crivant la chanceli\u00e8re de longue date Angela Merkel (CDU) comme la \u00ab premi\u00e8re chanceli\u00e8re verte \u00bb d&rsquo;Allemagne et attaquant ses politiques d&rsquo;immigration et d&rsquo;\u00e9nergie. M\u00eame si Musk se disait un grand fan de l\u2019\u00e9nergie solaire, il \u00e9tait d\u2019accord avec Weidel dans sa critique de la fermeture des centrales nucl\u00e9aires.<\/p>\n<p><b>\u2013 Croiser les th\u00e9matiques : <\/b>Dans la conversation, au cours de laquelle Musk a pos\u00e9 les questions pour la premi\u00e8re fois et o\u00f9 tous deux \u00e9taient d&rsquo;accord et ont beaucoup ri l&rsquo;un avec l&rsquo;autre, les sujets allaient et venaient. Weidel a critiqu\u00e9 les imp\u00f4ts excessifs en Allemagne et la bureaucratie. Musk a rendu compte de l&rsquo;ouverture de son usine Tesla \u00e0 Gr\u00fcnheide, pr\u00e8s de Berlin. A cette \u00e9poque, il devait livrer \u00ab un camion plein \u00bb de papiers aux autorit\u00e9s allemandes.<\/p>\n<p>Tous deux ont critiqu\u00e9 la r\u00e9glementation europ\u00e9enne sur Internet, Weidel a critiqu\u00e9 le syst\u00e8me \u00e9ducatif allemand, Musk a d\u00e9clar\u00e9 que Trump r\u00e9soudrait tr\u00e8s rapidement le conflit en Ukraine. Il a interrog\u00e9 Weidel sur sa position dans le conflit du Moyen-Orient et si elle reconnaissait le droit d&rsquo;Isra\u00ebl \u00e0 exister, ce \u00e0 quoi elle a r\u00e9pondu par l&rsquo;affirmative. Cependant, elle ne voit actuellement aucune solution possible au conflit avec les Palestiniens.<\/p>\n<div id=\"attachment_405888\" class=\"wp-caption alignleft\" style=\"max-width: 300px\"><img decoding=\"async\" class=\"wp-image-405888 size-medium\" src=\"https:\/\/vieassociative.be\/actualites\/wp-content\/uploads\/2025\/01\/1736519064_746_Blind-date-sur-X-Musk-rencontre-le-leader-de-lAfD.jpg\" alt=\"\" width=\"300\" height=\"200\"><\/p>\n<p class=\"wp-caption-text\">28 octobre 2024, Indon\u00e9sie, Bandung : dans cette illustration photo, le profil du compte X d&rsquo;Elon Musk est affich\u00e9 sur un smartphone avec un logo X. Photo : Algi Febri Sugita\/ZUMA Press Wire\/dpa<\/p>\n<\/div>\n<p>Elle a qualifi\u00e9 le national-socialiste Adolf Hitler de \u00ab communiste \u00bb. \u00ab Les nationaux-socialistes, comme leur mot l\u2019indique, \u00e9taient des socialistes \u00bb, a d\u00e9clar\u00e9 Weidel. \u00ab Il \u00e9tait communiste et se consid\u00e9rait comme socialiste. \u00bb Sous Hitler, les communistes, les socialistes et les sociaux-d\u00e9mocrates faisaient partie des groupes politiques opprim\u00e9s et pers\u00e9cut\u00e9s par les nationaux-socialistes.<\/p>\n<p><b>\u2013 Mars, univers et recherche de Dieu : <\/b>\u00c0 la fin de l&rsquo;expos\u00e9, les choses sont devenues floues : Musk est devenu lyrique sur l&rsquo;un de ses sujets favoris, les voyages sur Mars, lorsque Weidel l&rsquo;a interrog\u00e9 \u00e0 ce sujet &#8211; et a \u00e0 peine r\u00e9ussi \u00e0 prononcer un mot au cours de ses longues remarques. Finalement, elle a demand\u00e9 \u00e0 Musk s\u2019il croyait en Dieu. Il s&rsquo;est dit ouvert \u00e0 l&rsquo;id\u00e9e. Elle cherchait toujours, a r\u00e9pondu le leader de l&rsquo;AfD et a conclu \u00e0 la fin de la conversation : \u00ab\u00a0C&rsquo;\u00e9tait merveilleux.\u00a0\u00bb<\/p>\n<p><b>\u2013 Financement ill\u00e9gal des partis ? <\/b>Musk fait la promotion de l\u2019AfD depuis des semaines, en y ajoutant des insultes \u00e0 l\u2019encontre de hauts responsables politiques allemands. Cela provoque beaucoup de troubles dans la campagne \u00e9lectorale f\u00e9d\u00e9rale. L&rsquo;administration du Bundestag v\u00e9rifie s&rsquo;il existe un financement ill\u00e9gal des partis. L&rsquo;organisation Lobbycontrol avait soulev\u00e9 la question avant l&rsquo;entretien avec Weidel et avait soulign\u00e9 que la publicit\u00e9 \u00e9lectorale de tiers \u00e9tait consid\u00e9r\u00e9e comme un don au sens du droit des partis. Selon la loi, les partis ne sont g\u00e9n\u00e9ralement pas autoris\u00e9s \u00e0 accepter des dons de plus de 1 000 euros en provenance de pays tiers.<\/p>\n<p>Les critiques accusent Musk de vouloir utiliser son \u00e9norme influence pour influencer le r\u00e9sultat des \u00e9lections f\u00e9d\u00e9rales en Allemagne. Ses messages sur X sont lus et partag\u00e9s par plus de 210 millions d&rsquo;utilisateurs dans le monde.<\/p>\n<p><b>\u2013 Des rencontres \u00e0 l\u2019histoire mouvement\u00e9e : <\/b>La rencontre avec Weidel a eu une histoire mouvement\u00e9e. Peu avant No\u00ebl, Musk a d\u00e9pos\u00e9 un gros cadeau sous le sapin pour l\u2019AfD : \u00ab Seule l\u2019AfD peut sauver l\u2019Allemagne \u00bb, a-t-il \u00e9crit sur sa tribune. Weidel le remercia imm\u00e9diatement. Pour le plus grand plaisir de l&rsquo;AfD, Musk est all\u00e9 encore plus loin dans le d\u00e9bat et les critiques qui avaient commenc\u00e9 concernant l&rsquo;ing\u00e9rence dans les \u00e9lections f\u00e9d\u00e9rales et a r\u00e9it\u00e9r\u00e9 sa d\u00e9claration dans un article du \u00ab Welt am Sonntag \u00bb \u2013 entre autres dans un journal \u2013 un m\u00e9dia qui \u00e9tait L&rsquo;un des \u00ab anciens \u00bb critiqu\u00e9s par Musk \u00bb appartient aux m\u00e9dias, qu&rsquo;il accuse \u00e0 plusieurs reprises de r\u00e9pandre des mensonges.<\/p>\n<div id=\"attachment_401740\" class=\"wp-caption alignleft\" style=\"max-width: 300px\"><img decoding=\"async\" class=\"wp-image-401740 size-medium\" src=\"https:\/\/vieassociative.be\/actualites\/wp-content\/uploads\/2024\/11\/1731529030_517_Biden-accueille-Trump-a-la-Maison-Blanche-\u2013-Musk-en.jpg\" alt=\"\" width=\"300\" height=\"200\"><\/p>\n<p class=\"wp-caption-text\">5 octobre 2024, \u00c9tats-Unis, Butler : Elon Musk, PDG de Tesla et SpaceX, et le candidat r\u00e9publicain \u00e0 la pr\u00e9sidentielle et ancien pr\u00e9sident am\u00e9ricain Donald Trump participent \u00e0 un \u00e9v\u00e9nement de campagne au Butler Farm Show. Photo : Alex Brandon\/AP\/dpa<\/p>\n<\/div>\n<p>Le message, dont on pensait m\u00eame qu\u2019il avait \u00e9t\u00e9 \u00e9crit par une IA, a aliment\u00e9 encore plus le d\u00e9bat. Le candidat \u00e0 la chancellerie de l&rsquo;Union, Friedrich Merz (CDU), a qualifi\u00e9 la campagne \u00e9lectorale de Musk en faveur de l&rsquo;AfD de \u00ab excessive et pr\u00e9somptueuse \u00bb.<\/p>\n<p>Le chancelier Olaf Scholz (SPD) a critiqu\u00e9 le fait que l&rsquo;entrepreneur &#8211; apr\u00e8s tout conseiller du futur pr\u00e9sident am\u00e9ricain Donald Trump &#8211; \u00ab\u00a0soutient un parti en partie d&rsquo;extr\u00eame droite\u00a0\u00bb qui \u00ab\u00a0pr\u00eache le rapprochement avec la Russie de Poutine et veut affaiblir les relations transatlantiques\u00a0\u00bb. \u00ab\u00a0.<\/p>\n<p><b>\u2013 Motivation du patron de Tesla : <\/b>Le d\u00e9bat n\u2019a fait qu\u2019inciter le patron de Tesla \u00e0 aller encore plus loin. Lorsqu&rsquo;un utilisateur X lui a sugg\u00e9r\u00e9 de discuter en direct avec Weidel sur J&rsquo;ai une conversation X-Spaces. Ensuite, ils perdent la t\u00eate \u00bb \u2013 accompagn\u00e9 de deux smileys saumon en larmes. Peu de temps apr\u00e8s, le porte-parole de Weidel a rapport\u00e9 un \u00e9change concernant une conversation en direct avec l&rsquo;\u00e9quipe de Musk. Il s\u2019est int\u00e9ress\u00e9 au programme AfD il y a quelques mois.<\/p>\n<p><b>\u2013 L\u2019UE suit de pr\u00e8s les activit\u00e9s de Musk : <\/b>L&rsquo;UE surveille les activit\u00e9s de Musk depuis longtemps. Poursuites contre sa plateforme Les grandes plateformes comme X, Tiktok ou Google doivent respecter certaines r\u00e8gles, sous peine de lourdes sanctions. La Commission europ\u00e9enne souligne que la libert\u00e9 d\u2019expression est \u00e9galement prot\u00e9g\u00e9e pour les propri\u00e9taires de plateformes comme Musk, mais que les plateformes doivent garantir qu\u2019elles ne sont pas utilis\u00e9es pour manipuler les \u00e9lections ou saper le discours civil.<\/p>\n<p>Politico avait pr\u00e9c\u00e9demment annonc\u00e9 qu\u2019une \u00e9quipe comprenant jusqu\u2019\u00e0 150 responsables de la commission suivrait les discussions Musk-Weidel. Cependant, il devrait s&rsquo;agir moins du contenu de la conversation que de savoir si l&rsquo;algorithme de X distribue le flux en direct de mani\u00e8re si visible parmi les utilisateurs de X en Europe qu&rsquo;il donne \u00e0 l&rsquo;AfD un avantage \u00e9lectoral. (dpa)<\/p>\n","protected":false},"excerpt":{"rendered":"<p>Les \u00e9loges d&rsquo;Elon Musk \u00e0 l&rsquo;\u00e9gard de l&rsquo;AfD font des vagues. Les accusations d\u2019ing\u00e9rence \u00e9lectorale n\u2019ont fait qu\u2019exciter encore plus le milliardaire. Le point culminant<\/p>\n","protected":false},"author":1,"featured_media":4228,"comment_status":"","ping_status":"","sticky":false,"template":"","format":"standard","meta":{"footnotes":""},"categories":[298],"tags":[4666,1336,3439,4502,3149,1184,33,4114],"class_list":["post-4227","post","type-post","status-publish","format-standard","has-post-thumbnail","hentry","category-belgique","tag-blind","tag-date","tag-lafd","tag-leader","tag-musk","tag-rencontre","tag-sur","tag-weidel","generate-columns","tablet-grid-50","mobile-grid-100","grid-parent","grid-33"],"yoast_head":"<!-- This site is optimized with the Yoast SEO plugin v24.0 - https:\/\/yoast.com\/wordpress\/plugins\/seo\/ -->\n<title>Blind date sur X\u00a0: Musk rencontre le leader de l&#039;AfD, Weidel | Vie Associative<\/title>\n<meta name=\"robots\" content=\"index, follow, max-snippet:-1, max-image-preview:large, max-video-preview:-1\" \/>\n<link rel=\"canonical\" href=\"https:\/\/vieassociative.be\/actualites\/blind-date-sur-x-musk-rencontre-le-leader-de-lafd-weidel\/\" \/>\n<meta property=\"og:locale\" content=\"fr_FR\" \/>\n<meta property=\"og:type\" content=\"article\" \/>\n<meta property=\"og:title\" content=\"Blind date sur X\u00a0: Musk rencontre le leader de l&#039;AfD, Weidel | Vie Associative\" \/>\n<meta property=\"og:description\" content=\"Les \u00e9loges d&rsquo;Elon Musk \u00e0 l&rsquo;\u00e9gard de l&rsquo;AfD font des vagues. Les accusations d\u2019ing\u00e9rence \u00e9lectorale n\u2019ont fait qu\u2019exciter encore plus le milliardaire. Le point culminant\" \/>\n<meta property=\"og:url\" content=\"https:\/\/vieassociative.be\/actualites\/blind-date-sur-x-musk-rencontre-le-leader-de-lafd-weidel\/\" \/>\n<meta property=\"og:site_name\" content=\"Vie Associative\" \/>\n<meta property=\"article:published_time\" content=\"2025-01-10T14:24:24+00:00\" \/>\n<meta property=\"og:image\" content=\"https:\/\/vieassociative.be\/actualites\/wp-content\/uploads\/2024\/09\/header_backgroundk-01-e1726694325946.png\" \/>\n\t<meta property=\"og:image:width\" content=\"279\" \/>\n\t<meta property=\"og:image:height\" content=\"92\" \/>\n\t<meta property=\"og:image:type\" content=\"image\/png\" \/>\n<meta name=\"author\" content=\"Julien\" \/>\n<meta name=\"twitter:card\" content=\"summary_large_image\" \/>\n<meta name=\"twitter:label1\" content=\"\u00c9crit par\" \/>\n\t<meta name=\"twitter:data1\" content=\"Julien\" \/>\n\t<meta name=\"twitter:label2\" content=\"Dur\u00e9e de lecture est.\" \/>\n\t<meta name=\"twitter:data2\" content=\"7 minutes\" \/>\n<script type=\"application\/ld+json\" class=\"yoast-schema-graph\">{\"@context\":\"https:\/\/schema.org\",\"@graph\":[{\"@type\":\"Article\",\"@id\":\"https:\/\/vieassociative.be\/actualites\/blind-date-sur-x-musk-rencontre-le-leader-de-lafd-weidel\/#article\",\"isPartOf\":{\"@id\":\"https:\/\/vieassociative.be\/actualites\/blind-date-sur-x-musk-rencontre-le-leader-de-lafd-weidel\/\"},\"author\":{\"name\":\"Julien\",\"@id\":\"https:\/\/vieassociative.be\/actualites\/#\/schema\/person\/b87ac4f82f9d4e7b7cec7395b679edc4\"},\"headline\":\"Blind date sur X\u00a0: Musk rencontre le leader de l&rsquo;AfD, Weidel\",\"datePublished\":\"2025-01-10T14:24:24+00:00\",\"dateModified\":\"2025-01-10T14:24:24+00:00\",\"mainEntityOfPage\":{\"@id\":\"https:\/\/vieassociative.be\/actualites\/blind-date-sur-x-musk-rencontre-le-leader-de-lafd-weidel\/\"},\"wordCount\":1438,\"publisher\":{\"@id\":\"https:\/\/vieassociative.be\/actualites\/#organization\"},\"image\":{\"@id\":\"https:\/\/vieassociative.be\/actualites\/blind-date-sur-x-musk-rencontre-le-leader-de-lafd-weidel\/#primaryimage\"},\"thumbnailUrl\":\"https:\/\/vieassociative.be\/actualites\/wp-content\/uploads\/2025\/01\/1736519064_Blind-date-sur-X-Musk-rencontre-le-leader-de-lAfD.jpg\",\"keywords\":[\"Blind\",\"date\",\"lAfD\",\"leader\",\"Musk\",\"rencontre\",\"sur\",\"Weidel\"],\"articleSection\":[\"Belgique\"],\"inLanguage\":\"fr-BE\"},{\"@type\":\"WebPage\",\"@id\":\"https:\/\/vieassociative.be\/actualites\/blind-date-sur-x-musk-rencontre-le-leader-de-lafd-weidel\/\",\"url\":\"https:\/\/vieassociative.be\/actualites\/blind-date-sur-x-musk-rencontre-le-leader-de-lafd-weidel\/\",\"name\":\"Blind date sur X\u00a0: Musk rencontre le leader de l'AfD, Weidel | Vie Associative\",\"isPartOf\":{\"@id\":\"https:\/\/vieassociative.be\/actualites\/#website\"},\"primaryImageOfPage\":{\"@id\":\"https:\/\/vieassociative.be\/actualites\/blind-date-sur-x-musk-rencontre-le-leader-de-lafd-weidel\/#primaryimage\"},\"image\":{\"@id\":\"https:\/\/vieassociative.be\/actualites\/blind-date-sur-x-musk-rencontre-le-leader-de-lafd-weidel\/#primaryimage\"},\"thumbnailUrl\":\"https:\/\/vieassociative.be\/actualites\/wp-content\/uploads\/2025\/01\/1736519064_Blind-date-sur-X-Musk-rencontre-le-leader-de-lAfD.jpg\",\"datePublished\":\"2025-01-10T14:24:24+00:00\",\"dateModified\":\"2025-01-10T14:24:24+00:00\",\"breadcrumb\":{\"@id\":\"https:\/\/vieassociative.be\/actualites\/blind-date-sur-x-musk-rencontre-le-leader-de-lafd-weidel\/#breadcrumb\"},\"inLanguage\":\"fr-BE\",\"potentialAction\":[{\"@type\":\"ReadAction\",\"target\":[\"https:\/\/vieassociative.be\/actualites\/blind-date-sur-x-musk-rencontre-le-leader-de-lafd-weidel\/\"]}]},{\"@type\":\"ImageObject\",\"inLanguage\":\"fr-BE\",\"@id\":\"https:\/\/vieassociative.be\/actualites\/blind-date-sur-x-musk-rencontre-le-leader-de-lafd-weidel\/#primaryimage\",\"url\":\"https:\/\/vieassociative.be\/actualites\/wp-content\/uploads\/2025\/01\/1736519064_Blind-date-sur-X-Musk-rencontre-le-leader-de-lAfD.jpg\",\"contentUrl\":\"https:\/\/vieassociative.be\/actualites\/wp-content\/uploads\/2025\/01\/1736519064_Blind-date-sur-X-Musk-rencontre-le-leader-de-lAfD.jpg\",\"width\":1200,\"height\":890,\"caption\":\"Blind date sur X\u00a0: Musk rencontre le leader de l'AfD, Weidel\"},{\"@type\":\"BreadcrumbList\",\"@id\":\"https:\/\/vieassociative.be\/actualites\/blind-date-sur-x-musk-rencontre-le-leader-de-lafd-weidel\/#breadcrumb\",\"itemListElement\":[{\"@type\":\"ListItem\",\"position\":1,\"name\":\"Accueil\",\"item\":\"https:\/\/vieassociative.be\/actualites\/\"},{\"@type\":\"ListItem\",\"position\":2,\"name\":\"Blind date sur X\u00a0: Musk rencontre le leader de l&rsquo;AfD, Weidel\"}]},{\"@type\":\"WebSite\",\"@id\":\"https:\/\/vieassociative.be\/actualites\/#website\",\"url\":\"https:\/\/vieassociative.be\/actualites\/\",\"name\":\"Vie Associative\",\"description\":\"\",\"publisher\":{\"@id\":\"https:\/\/vieassociative.be\/actualites\/#organization\"},\"potentialAction\":[{\"@type\":\"SearchAction\",\"target\":{\"@type\":\"EntryPoint\",\"urlTemplate\":\"https:\/\/vieassociative.be\/actualites\/?s={search_term_string}\"},\"query-input\":{\"@type\":\"PropertyValueSpecification\",\"valueRequired\":true,\"valueName\":\"search_term_string\"}}],\"inLanguage\":\"fr-BE\"},{\"@type\":\"Organization\",\"@id\":\"https:\/\/vieassociative.be\/actualites\/#organization\",\"name\":\"Vie Associative\",\"url\":\"https:\/\/vieassociative.be\/actualites\/\",\"logo\":{\"@type\":\"ImageObject\",\"inLanguage\":\"fr-BE\",\"@id\":\"https:\/\/vieassociative.be\/actualites\/#\/schema\/logo\/image\/\",\"url\":\"https:\/\/vieassociative.be\/actualites\/wp-content\/uploads\/2024\/09\/cropped-vieassociative_favicon.ico.png\",\"contentUrl\":\"https:\/\/vieassociative.be\/actualites\/wp-content\/uploads\/2024\/09\/cropped-vieassociative_favicon.ico.png\",\"width\":512,\"height\":512,\"caption\":\"Vie Associative\"},\"image\":{\"@id\":\"https:\/\/vieassociative.be\/actualites\/#\/schema\/logo\/image\/\"}},{\"@type\":\"Person\",\"@id\":\"https:\/\/vieassociative.be\/actualites\/#\/schema\/person\/b87ac4f82f9d4e7b7cec7395b679edc4\",\"name\":\"Julien\",\"image\":{\"@type\":\"ImageObject\",\"inLanguage\":\"fr-BE\",\"@id\":\"https:\/\/vieassociative.be\/actualites\/#\/schema\/person\/image\/\",\"url\":\"https:\/\/vieassociative.be\/actualites\/wp-content\/uploads\/2024\/09\/vie-associative-1-150x150.jpg\",\"contentUrl\":\"https:\/\/vieassociative.be\/actualites\/wp-content\/uploads\/2024\/09\/vie-associative-1-150x150.jpg\",\"caption\":\"Julien\"},\"description\":\"Je suis Julien, r\u00e9dacteur pour Vie Associative. Passionn\u00e9 par le monde associatif depuis plus de 10 ans, j'ai \u00e0 c\u0153ur de partager des histoires inspirantes et de mettre en lumi\u00e8re les initiatives locales. Mon objectif est de sensibiliser et d'encourager l'engagement communautaire \u00e0 travers mes articles.\",\"sameAs\":[\"https:\/\/vieassociative.be\/\"]}]}<\/script>\n<!-- \/ Yoast SEO plugin. -->","yoast_head_json":{"title":"Blind date sur X\u00a0: Musk rencontre le leader de l'AfD, Weidel | Vie Associative","robots":{"index":"index","follow":"follow","max-snippet":"max-snippet:-1","max-image-preview":"max-image-preview:large","max-video-preview":"max-video-preview:-1"},"canonical":"https:\/\/vieassociative.be\/actualites\/blind-date-sur-x-musk-rencontre-le-leader-de-lafd-weidel\/","og_locale":"fr_FR","og_type":"article","og_title":"Blind date sur X\u00a0: Musk rencontre le leader de l'AfD, Weidel | Vie Associative","og_description":"Les \u00e9loges d&rsquo;Elon Musk \u00e0 l&rsquo;\u00e9gard de l&rsquo;AfD font des vagues. Les accusations d\u2019ing\u00e9rence \u00e9lectorale n\u2019ont fait qu\u2019exciter encore plus le milliardaire. Le point culminant","og_url":"https:\/\/vieassociative.be\/actualites\/blind-date-sur-x-musk-rencontre-le-leader-de-lafd-weidel\/","og_site_name":"Vie Associative","article_published_time":"2025-01-10T14:24:24+00:00","og_image":[{"width":279,"height":92,"url":"https:\/\/vieassociative.be\/actualites\/wp-content\/uploads\/2024\/09\/header_backgroundk-01-e1726694325946.png","type":"image\/png"}],"author":"Julien","twitter_card":"summary_large_image","twitter_misc":{"\u00c9crit par":"Julien","Dur\u00e9e de lecture est.":"7 minutes"},"schema":{"@context":"https:\/\/schema.org","@graph":[{"@type":"Article","@id":"https:\/\/vieassociative.be\/actualites\/blind-date-sur-x-musk-rencontre-le-leader-de-lafd-weidel\/#article","isPartOf":{"@id":"https:\/\/vieassociative.be\/actualites\/blind-date-sur-x-musk-rencontre-le-leader-de-lafd-weidel\/"},"author":{"name":"Julien","@id":"https:\/\/vieassociative.be\/actualites\/#\/schema\/person\/b87ac4f82f9d4e7b7cec7395b679edc4"},"headline":"Blind date sur X\u00a0: Musk rencontre le leader de l&rsquo;AfD, Weidel","datePublished":"2025-01-10T14:24:24+00:00","dateModified":"2025-01-10T14:24:24+00:00","mainEntityOfPage":{"@id":"https:\/\/vieassociative.be\/actualites\/blind-date-sur-x-musk-rencontre-le-leader-de-lafd-weidel\/"},"wordCount":1438,"publisher":{"@id":"https:\/\/vieassociative.be\/actualites\/#organization"},"image":{"@id":"https:\/\/vieassociative.be\/actualites\/blind-date-sur-x-musk-rencontre-le-leader-de-lafd-weidel\/#primaryimage"},"thumbnailUrl":"https:\/\/vieassociative.be\/actualites\/wp-content\/uploads\/2025\/01\/1736519064_Blind-date-sur-X-Musk-rencontre-le-leader-de-lAfD.jpg","keywords":["Blind","date","lAfD","leader","Musk","rencontre","sur","Weidel"],"articleSection":["Belgique"],"inLanguage":"fr-BE"},{"@type":"WebPage","@id":"https:\/\/vieassociative.be\/actualites\/blind-date-sur-x-musk-rencontre-le-leader-de-lafd-weidel\/","url":"https:\/\/vieassociative.be\/actualites\/blind-date-sur-x-musk-rencontre-le-leader-de-lafd-weidel\/","name":"Blind date sur X\u00a0: Musk rencontre le leader de l'AfD, Weidel | Vie Associative","isPartOf":{"@id":"https:\/\/vieassociative.be\/actualites\/#website"},"primaryImageOfPage":{"@id":"https:\/\/vieassociative.be\/actualites\/blind-date-sur-x-musk-rencontre-le-leader-de-lafd-weidel\/#primaryimage"},"image":{"@id":"https:\/\/vieassociative.be\/actualites\/blind-date-sur-x-musk-rencontre-le-leader-de-lafd-weidel\/#primaryimage"},"thumbnailUrl":"https:\/\/vieassociative.be\/actualites\/wp-content\/uploads\/2025\/01\/1736519064_Blind-date-sur-X-Musk-rencontre-le-leader-de-lAfD.jpg","datePublished":"2025-01-10T14:24:24+00:00","dateModified":"2025-01-10T14:24:24+00:00","breadcrumb":{"@id":"https:\/\/vieassociative.be\/actualites\/blind-date-sur-x-musk-rencontre-le-leader-de-lafd-weidel\/#breadcrumb"},"inLanguage":"fr-BE","potentialAction":[{"@type":"ReadAction","target":["https:\/\/vieassociative.be\/actualites\/blind-date-sur-x-musk-rencontre-le-leader-de-lafd-weidel\/"]}]},{"@type":"ImageObject","inLanguage":"fr-BE","@id":"https:\/\/vieassociative.be\/actualites\/blind-date-sur-x-musk-rencontre-le-leader-de-lafd-weidel\/#primaryimage","url":"https:\/\/vieassociative.be\/actualites\/wp-content\/uploads\/2025\/01\/1736519064_Blind-date-sur-X-Musk-rencontre-le-leader-de-lAfD.jpg","contentUrl":"https:\/\/vieassociative.be\/actualites\/wp-content\/uploads\/2025\/01\/1736519064_Blind-date-sur-X-Musk-rencontre-le-leader-de-lAfD.jpg","width":1200,"height":890,"caption":"Blind date sur X\u00a0: Musk rencontre le leader de l'AfD, Weidel"},{"@type":"BreadcrumbList","@id":"https:\/\/vieassociative.be\/actualites\/blind-date-sur-x-musk-rencontre-le-leader-de-lafd-weidel\/#breadcrumb","itemListElement":[{"@type":"ListItem","position":1,"name":"Accueil","item":"https:\/\/vieassociative.be\/actualites\/"},{"@type":"ListItem","position":2,"name":"Blind date sur X\u00a0: Musk rencontre le leader de l&rsquo;AfD, Weidel"}]},{"@type":"WebSite","@id":"https:\/\/vieassociative.be\/actualites\/#website","url":"https:\/\/vieassociative.be\/actualites\/","name":"Vie Associative","description":"","publisher":{"@id":"https:\/\/vieassociative.be\/actualites\/#organization"},"potentialAction":[{"@type":"SearchAction","target":{"@type":"EntryPoint","urlTemplate":"https:\/\/vieassociative.be\/actualites\/?s={search_term_string}"},"query-input":{"@type":"PropertyValueSpecification","valueRequired":true,"valueName":"search_term_string"}}],"inLanguage":"fr-BE"},{"@type":"Organization","@id":"https:\/\/vieassociative.be\/actualites\/#organization","name":"Vie Associative","url":"https:\/\/vieassociative.be\/actualites\/","logo":{"@type":"ImageObject","inLanguage":"fr-BE","@id":"https:\/\/vieassociative.be\/actualites\/#\/schema\/logo\/image\/","url":"https:\/\/vieassociative.be\/actualites\/wp-content\/uploads\/2024\/09\/cropped-vieassociative_favicon.ico.png","contentUrl":"https:\/\/vieassociative.be\/actualites\/wp-content\/uploads\/2024\/09\/cropped-vieassociative_favicon.ico.png","width":512,"height":512,"caption":"Vie Associative"},"image":{"@id":"https:\/\/vieassociative.be\/actualites\/#\/schema\/logo\/image\/"}},{"@type":"Person","@id":"https:\/\/vieassociative.be\/actualites\/#\/schema\/person\/b87ac4f82f9d4e7b7cec7395b679edc4","name":"Julien","image":{"@type":"ImageObject","inLanguage":"fr-BE","@id":"https:\/\/vieassociative.be\/actualites\/#\/schema\/person\/image\/","url":"https:\/\/vieassociative.be\/actualites\/wp-content\/uploads\/2024\/09\/vie-associative-1-150x150.jpg","contentUrl":"https:\/\/vieassociative.be\/actualites\/wp-content\/uploads\/2024\/09\/vie-associative-1-150x150.jpg","caption":"Julien"},"description":"Je suis Julien, r\u00e9dacteur pour Vie Associative. Passionn\u00e9 par le monde associatif depuis plus de 10 ans, j'ai \u00e0 c\u0153ur de partager des histoires inspirantes et de mettre en lumi\u00e8re les initiatives locales. Mon objectif est de sensibiliser et d'encourager l'engagement communautaire \u00e0 travers mes articles.","sameAs":["https:\/\/vieassociative.be\/"]}]}},"_links":{"self":[{"href":"https:\/\/vieassociative.be\/actualites\/wp-json\/wp\/v2\/posts\/4227"}],"collection":[{"href":"https:\/\/vieassociative.be\/actualites\/wp-json\/wp\/v2\/posts"}],"about":[{"href":"https:\/\/vieassociative.be\/actualites\/wp-json\/wp\/v2\/types\/post"}],"author":[{"embeddable":true,"href":"https:\/\/vieassociative.be\/actualites\/wp-json\/wp\/v2\/users\/1"}],"replies":[{"embeddable":true,"href":"https:\/\/vieassociative.be\/actualites\/wp-json\/wp\/v2\/comments?post=4227"}],"version-history":[{"count":0,"href":"https:\/\/vieassociative.be\/actualites\/wp-json\/wp\/v2\/posts\/4227\/revisions"}],"wp:featuredmedia":[{"embeddable":true,"href":"https:\/\/vieassociative.be\/actualites\/wp-json\/wp\/v2\/media\/4228"}],"wp:attachment":[{"href":"https:\/\/vieassociative.be\/actualites\/wp-json\/wp\/v2\/media?parent=4227"}],"wp:term":[{"taxonomy":"category","embeddable":true,"href":"https:\/\/vieassociative.be\/actualites\/wp-json\/wp\/v2\/categories?post=4227"},{"taxonomy":"post_tag","embeddable":true,"href":"https:\/\/vieassociative.be\/actualites\/wp-json\/wp\/v2\/tags?post=4227"}],"curies":[{"name":"wp","href":"https:\/\/api.w.org\/{rel}","templated":true}]}}