{"id":4225,"date":"2025-01-10T14:18:15","date_gmt":"2025-01-10T13:18:15","guid":{"rendered":"https:\/\/vieassociative.be\/actualites\/instagram-va-commencer-a-ajouter-de-la-politique-dans-votre-flux-voici-comment-le-bloquer\/"},"modified":"2025-01-10T14:18:15","modified_gmt":"2025-01-10T13:18:15","slug":"instagram-va-commencer-a-ajouter-de-la-politique-dans-votre-flux-voici-comment-le-bloquer","status":"publish","type":"post","link":"https:\/\/vieassociative.be\/actualites\/instagram-va-commencer-a-ajouter-de-la-politique-dans-votre-flux-voici-comment-le-bloquer\/","title":{"rendered":"Instagram va commencer \u00e0 ajouter de la politique dans votre flux (voici comment le bloquer)"},"content":{"rendered":"<div class=\"mt-4 leading-6 md:mb-8\">Ne jouez pas avec le 180 de Meta.<\/div>\n<p><\/p>\n<p>Aimez-vous votre algorithme Instagram, mais d\u00e9testez-vous qu&rsquo;il manque des publications politiques sur des comptes que vous ne suivez pas\u00a0? Vous avez de la chance\u00a0: \u00e0 partir de cette semaine aux \u00c9tats-Unis (et la semaine prochaine pour le reste du monde), Meta va commencer \u00e0 ajouter par d\u00e9faut du contenu politique \u00e0 vos recommandations sur Instagram et Threads. <\/p>\n<p>Si vous vous demandez : \u00ab H\u00e9, Instagram n&rsquo;a-t-il pas eu une approche exactement oppos\u00e9e \u00e0 cette situation l&rsquo;ann\u00e9e derni\u00e8re ? tu aurais raison. En f\u00e9vrier 2024, la soci\u00e9t\u00e9 a annonc\u00e9 qu&rsquo;elle ne sugg\u00e9rerait explicitement pas de contenu politique provenant de comptes que vous ne suivez pas. \u00c0 moins que vous ne recherchiez activement ce contenu, vous pouvez parcourir l\u2019application en toute tranquillit\u00e9 et v\u00e9rifier vos int\u00e9r\u00eats en dehors de la politique.<\/p>\n<p>Cependant, nous ne sommes plus en f\u00e9vrier 2024. Janvier 2025 est un endroit bien diff\u00e9rent pour Instagram, Meta et les \u00c9tats-Unis. Alors que Mark Zuckerberg change radicalement les politiques concernant ce que vous pouvez dire sur les plateformes de Meta, Instagram (et, par extension, Threads) fait des changements \u00e9galement. Adam Mosseri, responsable d&rsquo;Instagram, s&rsquo;est adress\u00e9 \u00e0 Threads pour annoncer les changements, d\u00e9clarant que m\u00eame s&rsquo;il ne croit toujours pas que Meta devrait montrer du contenu politique aux personnes provenant de comptes qu&rsquo;ils ne suivent pas, \u00ab\u00a0beaucoup de gens ont \u00e9t\u00e9 tr\u00e8s clairs sur le fait que ils veulent ce contenu. <\/p>\n<div class=\"raw-embed\">\n<blockquote class=\"text-post-media\" data-text-post-permalink=\"https:\/\/www.threads.net\/@mosseri\/post\/DEk65TJTXcQ\" data-text-post-version=\"0\" id=\"ig-tp-DEk65TJTXcQ\" style=\" background:#FFF; border-width: 1px; border-style: solid; border-color: #00000026; border-radius: 16px; max-width:540px; margin: 1px; min-width:270px; padding:0; width:99.375%; width:-webkit-calc(100% - 2px); width:calc(100% - 2px);\">\n<div style=\" padding: 40px; display: flex; flex-direction: column; align-items: center;\">\n<div style=\" display:block; height:32px; width:32px; padding-bottom:20px;\"> <svg aria-label=\"Threads\" height=\"32px\" role=\"img\" viewbox=\"0 0 192 192\" width=\"32px\" xmlns=\"http:\/\/www.w3.org\/2000\/svg\"> <path d=\"M141.537 88.9883C140.71 88.5919 139.87 88.2104 139.019 87.8451C137.537 60.5382 122.616 44.905 97.5619 44.745C97.4484 44.7443 97.3355 44.7443 97.222 44.7443C82.2364 44.7443 69.7731 51.1409 62.102 62.7807L75.881 72.2328C81.6116 63.5383 90.6052 61.6848 97.2286 61.6848C97.3051 61.6848 97.3819 61.6848 97.4576 61.6855C105.707 61.7381 111.932 64.1366 115.961 68.814C118.893 72.2193 120.854 76.925 121.825 82.8638C114.511 81.6207 106.601 81.2385 98.145 81.7233C74.3247 83.0954 59.0111 96.9879 60.0396 116.292C60.5615 126.084 65.4397 134.508 73.775 140.011C80.8224 144.663 89.899 146.938 99.3323 146.423C111.79 145.74 121.563 140.987 128.381 132.296C133.559 125.696 136.834 117.143 138.28 106.366C144.217 109.949 148.617 114.664 151.047 120.332C155.179 129.967 155.42 145.8 142.501 158.708C131.182 170.016 117.576 174.908 97.0135 175.059C74.2042 174.89 56.9538 167.575 45.7381 153.317C35.2355 139.966 29.8077 120.682 29.6052 96C29.8077 71.3178 35.2355 52.0336 45.7381 38.6827C56.9538 24.4249 74.2039 17.11 97.0132 16.9405C119.988 17.1113 137.539 24.4614 149.184 38.788C154.894 45.8136 159.199 54.6488 162.037 64.9503L178.184 60.6422C174.744 47.9622 169.331 37.0357 161.965 27.974C147.036 9.60668 125.202 0.195148 97.0695 0H96.9569C68.8816 0.19447 47.2921 9.6418 32.7883 28.0793C19.8819 44.4864 13.2244 67.3157 13.0007 95.9325L13 96L13.0007 96.0675C13.2244 124.684 19.8819 147.514 32.7883 163.921C47.2921 182.358 68.8816 191.806 96.9569 192H97.0695C122.03 191.827 139.624 185.292 154.118 170.811C173.081 151.866 172.51 128.119 166.26 113.541C161.776 103.087 153.227 94.5962 141.537 88.9883ZM98.4405 129.507C88.0005 130.095 77.1544 125.409 76.6196 115.372C76.2232 107.93 81.9158 99.626 99.0812 98.6368C101.047 98.5234 102.976 98.468 104.871 98.468C111.106 98.468 116.939 99.0737 122.242 100.233C120.264 124.935 108.662 128.946 98.4405 129.507Z\"><\/path><\/svg><\/div>\n<div style=\" font-size: 15px; line-height: 21px; color: #000000; font-weight: 600; \">  Afficher sur les discussions<\/div>\n<\/div>\n<\/blockquote>\n<\/div>\n<p>En effet, il semble que mes param\u00e8tres Instagram aient d\u00e9j\u00e0 \u00e9t\u00e9 modifi\u00e9s, alors que mes param\u00e8tres Threads ne l&rsquo;ont pas encore \u00e9t\u00e9. (Mais je n&rsquo;ai aucun doute que ce sera le cas.) Sans intervention, vous commencerez probablement \u00e0 voir davantage de contenu politique susceptible de vous mettre en col\u00e8re, de vous bouleverser, de vous inqui\u00e9ter ou de vous frustrer. Heureusement, vous pouvez faire quelque chose.<\/p>\n<h2 id=\"removing-political-content-from-your-instagram-and-threads-feeds\">Suppression du contenu politique de vos flux Instagram et Threads<\/h2>\n<p>Commen\u00e7ons par Instagram\u00a0: ouvrez votre profil, puis appuyez sur le menu hamburger en haut \u00e0 droite. Faites d\u00e9filer jusqu&rsquo;\u00e0 la section \u00ab\u00a0Ce que vous voyez\u00a0\u00bb, puis choisissez \u00ab\u00a0Contenu sugg\u00e9r\u00e9\u00a0\u00bb. Ici, appuyez sur \u00ab\u00a0Contenu politique\u00a0\u00bb et vous trouverez trois options\u00a0: <strong>Standard<\/strong>la valeur par d\u00e9faut, qui affiche \u00ab\u00a0certains\u00a0\u00bb contenus politiques sugg\u00e9r\u00e9s\u00a0; <strong>Voir plus<\/strong>ce qui vous montre <em>plus<\/em> le contenu politique, si c&rsquo;est votre truc\u00a0; et <strong>Voir moins<\/strong>quelle est l\u2019option souhait\u00e9e. Bien que l&rsquo;option ait \u00ab\u00a0moins\u00a0\u00bb dans le nom, Instagram affirme qu&rsquo;il ne partagera pas de contenu politique avec vous lorsqu&rsquo;il le reconna\u00eetra, cela devrait donc suffire pour supprimer la plupart du contenu avec lequel vous entreriez en contact.   <\/p>\n<p>Si ce n&rsquo;est pas le cas, quittez cette page, puis appuyez sur le bouton \u00e0 c\u00f4t\u00e9 de <strong>R\u00e9p\u00e9ter les publications sugg\u00e9r\u00e9es dans le fil<\/strong>. Cela supprimera ce type de contenu de votre flux pendant les 30 prochains jours. Ce n&rsquo;est pas parfait, mais au moins tu as un mois de paix. <\/p>\n<div class=\"eloquent-imagery-image\">\n<div class=\"flex justify-center\">\n                    <img decoding=\"async\" class=\"border border-gray-100\" src=\"https:\/\/vieassociative.be\/actualites\/wp-content\/uploads\/2025\/01\/Instagram-va-commencer-a-ajouter-de-la-politique-dans-votre.jpg\" alt=\"Les nouveaux param\u00e8tres de contenu politique sugg\u00e9r\u00e9 d'Instagram\" width=\"663\" height=\"750\" loading=\"lazy\"  >\n            <\/div>\n<\/p><\/div>\n<p>Ces options devraient \u00eatre pr\u00e9sentes de la m\u00eame mani\u00e8re sur Threads, mais les atteindre est un peu diff\u00e9rent. Encore une fois, acc\u00e9dez \u00e0 votre profil, puis appuyez sur le menu hamburger. Seulement cette fois, choisissez \u00ab Compte \u00bb, puis \u00ab Contenu politique \u00bb. En ce moment, je vois encore le vieux <strong>Sugg\u00e9rer du contenu politique<\/strong> param\u00e8tre, qui est d\u00e9sactiv\u00e9 par d\u00e9faut.<\/p>\n<p><script async src=\"\/\/www.instagram.com\/embed.js\"><\/script><\/p>\n","protected":false},"excerpt":{"rendered":"<p>Ne jouez pas avec le 180 de Meta. Aimez-vous votre algorithme Instagram, mais d\u00e9testez-vous qu&rsquo;il manque des publications politiques sur des comptes que vous ne<\/p>\n","protected":false},"author":1,"featured_media":4226,"comment_status":"","ping_status":"","sticky":false,"template":"","format":"standard","meta":{"footnotes":""},"categories":[13],"tags":[670,2825,1323,44,166,34,2282,1513,529,8],"class_list":["post-4225","post","type-post","status-publish","format-standard","has-post-thumbnail","hentry","category-technologie","tag-ajouter","tag-bloquer","tag-commencer","tag-comment","tag-dans","tag-flux","tag-instagram","tag-politique","tag-voici","tag-votre","generate-columns","tablet-grid-50","mobile-grid-100","grid-parent","grid-33"],"yoast_head":"<!-- This site is optimized with the Yoast SEO plugin v24.0 - https:\/\/yoast.com\/wordpress\/plugins\/seo\/ -->\n<title>Instagram va commencer \u00e0 ajouter de la politique dans votre flux (voici comment le bloquer) | Vie Associative<\/title>\n<meta name=\"robots\" content=\"index, follow, max-snippet:-1, max-image-preview:large, max-video-preview:-1\" \/>\n<link rel=\"canonical\" href=\"https:\/\/vieassociative.be\/actualites\/instagram-va-commencer-a-ajouter-de-la-politique-dans-votre-flux-voici-comment-le-bloquer\/\" \/>\n<meta property=\"og:locale\" content=\"fr_FR\" \/>\n<meta property=\"og:type\" content=\"article\" \/>\n<meta property=\"og:title\" content=\"Instagram va commencer \u00e0 ajouter de la politique dans votre flux (voici comment le bloquer) | Vie Associative\" \/>\n<meta property=\"og:description\" content=\"Ne jouez pas avec le 180 de Meta. Aimez-vous votre algorithme Instagram, mais d\u00e9testez-vous qu&rsquo;il manque des publications politiques sur des comptes que vous ne\" \/>\n<meta property=\"og:url\" content=\"https:\/\/vieassociative.be\/actualites\/instagram-va-commencer-a-ajouter-de-la-politique-dans-votre-flux-voici-comment-le-bloquer\/\" \/>\n<meta property=\"og:site_name\" content=\"Vie Associative\" \/>\n<meta property=\"article:published_time\" content=\"2025-01-10T13:18:15+00:00\" \/>\n<meta property=\"og:image\" content=\"https:\/\/vieassociative.be\/actualites\/wp-content\/uploads\/2025\/01\/Instagram-va-commencer-a-ajouter-de-la-politique-dans-votre.jpg\" \/>\n<meta name=\"author\" content=\"Julien\" \/>\n<meta name=\"twitter:card\" content=\"summary_large_image\" \/>\n<meta name=\"twitter:label1\" content=\"\u00c9crit par\" \/>\n\t<meta name=\"twitter:data1\" content=\"Julien\" \/>\n\t<meta name=\"twitter:label2\" content=\"Dur\u00e9e de lecture est.\" \/>\n\t<meta name=\"twitter:data2\" content=\"3 minutes\" \/>\n<script type=\"application\/ld+json\" class=\"yoast-schema-graph\">{\"@context\":\"https:\/\/schema.org\",\"@graph\":[{\"@type\":\"Article\",\"@id\":\"https:\/\/vieassociative.be\/actualites\/instagram-va-commencer-a-ajouter-de-la-politique-dans-votre-flux-voici-comment-le-bloquer\/#article\",\"isPartOf\":{\"@id\":\"https:\/\/vieassociative.be\/actualites\/instagram-va-commencer-a-ajouter-de-la-politique-dans-votre-flux-voici-comment-le-bloquer\/\"},\"author\":{\"name\":\"Julien\",\"@id\":\"https:\/\/vieassociative.be\/actualites\/#\/schema\/person\/b87ac4f82f9d4e7b7cec7395b679edc4\"},\"headline\":\"Instagram va commencer \u00e0 ajouter de la politique dans votre flux (voici comment le bloquer)\",\"datePublished\":\"2025-01-10T13:18:15+00:00\",\"dateModified\":\"2025-01-10T13:18:15+00:00\",\"mainEntityOfPage\":{\"@id\":\"https:\/\/vieassociative.be\/actualites\/instagram-va-commencer-a-ajouter-de-la-politique-dans-votre-flux-voici-comment-le-bloquer\/\"},\"wordCount\":588,\"publisher\":{\"@id\":\"https:\/\/vieassociative.be\/actualites\/#organization\"},\"image\":{\"@id\":\"https:\/\/vieassociative.be\/actualites\/instagram-va-commencer-a-ajouter-de-la-politique-dans-votre-flux-voici-comment-le-bloquer\/#primaryimage\"},\"thumbnailUrl\":\"https:\/\/vieassociative.be\/actualites\/wp-content\/uploads\/2025\/01\/1736515095_Instagram-va-commencer-a-ajouter-de-la-politique-dans-votre.jpg\",\"keywords\":[\"ajouter\",\"bloquer\",\"commencer\",\"Comment\",\"dans\",\"flux\",\"Instagram\",\"politique\",\"Voici\",\"votre\"],\"articleSection\":[\"Technologie\"],\"inLanguage\":\"fr-BE\"},{\"@type\":\"WebPage\",\"@id\":\"https:\/\/vieassociative.be\/actualites\/instagram-va-commencer-a-ajouter-de-la-politique-dans-votre-flux-voici-comment-le-bloquer\/\",\"url\":\"https:\/\/vieassociative.be\/actualites\/instagram-va-commencer-a-ajouter-de-la-politique-dans-votre-flux-voici-comment-le-bloquer\/\",\"name\":\"Instagram va commencer \u00e0 ajouter de la politique dans votre flux (voici comment le bloquer) | Vie Associative\",\"isPartOf\":{\"@id\":\"https:\/\/vieassociative.be\/actualites\/#website\"},\"primaryImageOfPage\":{\"@id\":\"https:\/\/vieassociative.be\/actualites\/instagram-va-commencer-a-ajouter-de-la-politique-dans-votre-flux-voici-comment-le-bloquer\/#primaryimage\"},\"image\":{\"@id\":\"https:\/\/vieassociative.be\/actualites\/instagram-va-commencer-a-ajouter-de-la-politique-dans-votre-flux-voici-comment-le-bloquer\/#primaryimage\"},\"thumbnailUrl\":\"https:\/\/vieassociative.be\/actualites\/wp-content\/uploads\/2025\/01\/1736515095_Instagram-va-commencer-a-ajouter-de-la-politique-dans-votre.jpg\",\"datePublished\":\"2025-01-10T13:18:15+00:00\",\"dateModified\":\"2025-01-10T13:18:15+00:00\",\"breadcrumb\":{\"@id\":\"https:\/\/vieassociative.be\/actualites\/instagram-va-commencer-a-ajouter-de-la-politique-dans-votre-flux-voici-comment-le-bloquer\/#breadcrumb\"},\"inLanguage\":\"fr-BE\",\"potentialAction\":[{\"@type\":\"ReadAction\",\"target\":[\"https:\/\/vieassociative.be\/actualites\/instagram-va-commencer-a-ajouter-de-la-politique-dans-votre-flux-voici-comment-le-bloquer\/\"]}]},{\"@type\":\"ImageObject\",\"inLanguage\":\"fr-BE\",\"@id\":\"https:\/\/vieassociative.be\/actualites\/instagram-va-commencer-a-ajouter-de-la-politique-dans-votre-flux-voici-comment-le-bloquer\/#primaryimage\",\"url\":\"https:\/\/vieassociative.be\/actualites\/wp-content\/uploads\/2025\/01\/1736515095_Instagram-va-commencer-a-ajouter-de-la-politique-dans-votre.jpg\",\"contentUrl\":\"https:\/\/vieassociative.be\/actualites\/wp-content\/uploads\/2025\/01\/1736515095_Instagram-va-commencer-a-ajouter-de-la-politique-dans-votre.jpg\",\"width\":1200,\"height\":675,\"caption\":\"Instagram va commencer \u00e0 ajouter de la politique dans votre flux (voici comment le bloquer)\"},{\"@type\":\"BreadcrumbList\",\"@id\":\"https:\/\/vieassociative.be\/actualites\/instagram-va-commencer-a-ajouter-de-la-politique-dans-votre-flux-voici-comment-le-bloquer\/#breadcrumb\",\"itemListElement\":[{\"@type\":\"ListItem\",\"position\":1,\"name\":\"Accueil\",\"item\":\"https:\/\/vieassociative.be\/actualites\/\"},{\"@type\":\"ListItem\",\"position\":2,\"name\":\"Instagram va commencer \u00e0 ajouter de la politique dans votre flux (voici comment le bloquer)\"}]},{\"@type\":\"WebSite\",\"@id\":\"https:\/\/vieassociative.be\/actualites\/#website\",\"url\":\"https:\/\/vieassociative.be\/actualites\/\",\"name\":\"Vie Associative\",\"description\":\"\",\"publisher\":{\"@id\":\"https:\/\/vieassociative.be\/actualites\/#organization\"},\"potentialAction\":[{\"@type\":\"SearchAction\",\"target\":{\"@type\":\"EntryPoint\",\"urlTemplate\":\"https:\/\/vieassociative.be\/actualites\/?s={search_term_string}\"},\"query-input\":{\"@type\":\"PropertyValueSpecification\",\"valueRequired\":true,\"valueName\":\"search_term_string\"}}],\"inLanguage\":\"fr-BE\"},{\"@type\":\"Organization\",\"@id\":\"https:\/\/vieassociative.be\/actualites\/#organization\",\"name\":\"Vie Associative\",\"url\":\"https:\/\/vieassociative.be\/actualites\/\",\"logo\":{\"@type\":\"ImageObject\",\"inLanguage\":\"fr-BE\",\"@id\":\"https:\/\/vieassociative.be\/actualites\/#\/schema\/logo\/image\/\",\"url\":\"https:\/\/vieassociative.be\/actualites\/wp-content\/uploads\/2024\/09\/cropped-vieassociative_favicon.ico.png\",\"contentUrl\":\"https:\/\/vieassociative.be\/actualites\/wp-content\/uploads\/2024\/09\/cropped-vieassociative_favicon.ico.png\",\"width\":512,\"height\":512,\"caption\":\"Vie Associative\"},\"image\":{\"@id\":\"https:\/\/vieassociative.be\/actualites\/#\/schema\/logo\/image\/\"}},{\"@type\":\"Person\",\"@id\":\"https:\/\/vieassociative.be\/actualites\/#\/schema\/person\/b87ac4f82f9d4e7b7cec7395b679edc4\",\"name\":\"Julien\",\"image\":{\"@type\":\"ImageObject\",\"inLanguage\":\"fr-BE\",\"@id\":\"https:\/\/vieassociative.be\/actualites\/#\/schema\/person\/image\/\",\"url\":\"https:\/\/vieassociative.be\/actualites\/wp-content\/uploads\/2024\/09\/vie-associative-1-150x150.jpg\",\"contentUrl\":\"https:\/\/vieassociative.be\/actualites\/wp-content\/uploads\/2024\/09\/vie-associative-1-150x150.jpg\",\"caption\":\"Julien\"},\"description\":\"Je suis Julien, r\u00e9dacteur pour Vie Associative. Passionn\u00e9 par le monde associatif depuis plus de 10 ans, j'ai \u00e0 c\u0153ur de partager des histoires inspirantes et de mettre en lumi\u00e8re les initiatives locales. Mon objectif est de sensibiliser et d'encourager l'engagement communautaire \u00e0 travers mes articles.\",\"sameAs\":[\"https:\/\/vieassociative.be\/\"]}]}<\/script>\n<!-- \/ Yoast SEO plugin. -->","yoast_head_json":{"title":"Instagram va commencer \u00e0 ajouter de la politique dans votre flux (voici comment le bloquer) | Vie Associative","robots":{"index":"index","follow":"follow","max-snippet":"max-snippet:-1","max-image-preview":"max-image-preview:large","max-video-preview":"max-video-preview:-1"},"canonical":"https:\/\/vieassociative.be\/actualites\/instagram-va-commencer-a-ajouter-de-la-politique-dans-votre-flux-voici-comment-le-bloquer\/","og_locale":"fr_FR","og_type":"article","og_title":"Instagram va commencer \u00e0 ajouter de la politique dans votre flux (voici comment le bloquer) | Vie Associative","og_description":"Ne jouez pas avec le 180 de Meta. Aimez-vous votre algorithme Instagram, mais d\u00e9testez-vous qu&rsquo;il manque des publications politiques sur des comptes que vous ne","og_url":"https:\/\/vieassociative.be\/actualites\/instagram-va-commencer-a-ajouter-de-la-politique-dans-votre-flux-voici-comment-le-bloquer\/","og_site_name":"Vie Associative","article_published_time":"2025-01-10T13:18:15+00:00","og_image":[{"url":"https:\/\/vieassociative.be\/actualites\/wp-content\/uploads\/2025\/01\/Instagram-va-commencer-a-ajouter-de-la-politique-dans-votre.jpg","type":"","width":"","height":""}],"author":"Julien","twitter_card":"summary_large_image","twitter_misc":{"\u00c9crit par":"Julien","Dur\u00e9e de lecture est.":"3 minutes"},"schema":{"@context":"https:\/\/schema.org","@graph":[{"@type":"Article","@id":"https:\/\/vieassociative.be\/actualites\/instagram-va-commencer-a-ajouter-de-la-politique-dans-votre-flux-voici-comment-le-bloquer\/#article","isPartOf":{"@id":"https:\/\/vieassociative.be\/actualites\/instagram-va-commencer-a-ajouter-de-la-politique-dans-votre-flux-voici-comment-le-bloquer\/"},"author":{"name":"Julien","@id":"https:\/\/vieassociative.be\/actualites\/#\/schema\/person\/b87ac4f82f9d4e7b7cec7395b679edc4"},"headline":"Instagram va commencer \u00e0 ajouter de la politique dans votre flux (voici comment le bloquer)","datePublished":"2025-01-10T13:18:15+00:00","dateModified":"2025-01-10T13:18:15+00:00","mainEntityOfPage":{"@id":"https:\/\/vieassociative.be\/actualites\/instagram-va-commencer-a-ajouter-de-la-politique-dans-votre-flux-voici-comment-le-bloquer\/"},"wordCount":588,"publisher":{"@id":"https:\/\/vieassociative.be\/actualites\/#organization"},"image":{"@id":"https:\/\/vieassociative.be\/actualites\/instagram-va-commencer-a-ajouter-de-la-politique-dans-votre-flux-voici-comment-le-bloquer\/#primaryimage"},"thumbnailUrl":"https:\/\/vieassociative.be\/actualites\/wp-content\/uploads\/2025\/01\/1736515095_Instagram-va-commencer-a-ajouter-de-la-politique-dans-votre.jpg","keywords":["ajouter","bloquer","commencer","Comment","dans","flux","Instagram","politique","Voici","votre"],"articleSection":["Technologie"],"inLanguage":"fr-BE"},{"@type":"WebPage","@id":"https:\/\/vieassociative.be\/actualites\/instagram-va-commencer-a-ajouter-de-la-politique-dans-votre-flux-voici-comment-le-bloquer\/","url":"https:\/\/vieassociative.be\/actualites\/instagram-va-commencer-a-ajouter-de-la-politique-dans-votre-flux-voici-comment-le-bloquer\/","name":"Instagram va commencer \u00e0 ajouter de la politique dans votre flux (voici comment le bloquer) | Vie Associative","isPartOf":{"@id":"https:\/\/vieassociative.be\/actualites\/#website"},"primaryImageOfPage":{"@id":"https:\/\/vieassociative.be\/actualites\/instagram-va-commencer-a-ajouter-de-la-politique-dans-votre-flux-voici-comment-le-bloquer\/#primaryimage"},"image":{"@id":"https:\/\/vieassociative.be\/actualites\/instagram-va-commencer-a-ajouter-de-la-politique-dans-votre-flux-voici-comment-le-bloquer\/#primaryimage"},"thumbnailUrl":"https:\/\/vieassociative.be\/actualites\/wp-content\/uploads\/2025\/01\/1736515095_Instagram-va-commencer-a-ajouter-de-la-politique-dans-votre.jpg","datePublished":"2025-01-10T13:18:15+00:00","dateModified":"2025-01-10T13:18:15+00:00","breadcrumb":{"@id":"https:\/\/vieassociative.be\/actualites\/instagram-va-commencer-a-ajouter-de-la-politique-dans-votre-flux-voici-comment-le-bloquer\/#breadcrumb"},"inLanguage":"fr-BE","potentialAction":[{"@type":"ReadAction","target":["https:\/\/vieassociative.be\/actualites\/instagram-va-commencer-a-ajouter-de-la-politique-dans-votre-flux-voici-comment-le-bloquer\/"]}]},{"@type":"ImageObject","inLanguage":"fr-BE","@id":"https:\/\/vieassociative.be\/actualites\/instagram-va-commencer-a-ajouter-de-la-politique-dans-votre-flux-voici-comment-le-bloquer\/#primaryimage","url":"https:\/\/vieassociative.be\/actualites\/wp-content\/uploads\/2025\/01\/1736515095_Instagram-va-commencer-a-ajouter-de-la-politique-dans-votre.jpg","contentUrl":"https:\/\/vieassociative.be\/actualites\/wp-content\/uploads\/2025\/01\/1736515095_Instagram-va-commencer-a-ajouter-de-la-politique-dans-votre.jpg","width":1200,"height":675,"caption":"Instagram va commencer \u00e0 ajouter de la politique dans votre flux (voici comment le bloquer)"},{"@type":"BreadcrumbList","@id":"https:\/\/vieassociative.be\/actualites\/instagram-va-commencer-a-ajouter-de-la-politique-dans-votre-flux-voici-comment-le-bloquer\/#breadcrumb","itemListElement":[{"@type":"ListItem","position":1,"name":"Accueil","item":"https:\/\/vieassociative.be\/actualites\/"},{"@type":"ListItem","position":2,"name":"Instagram va commencer \u00e0 ajouter de la politique dans votre flux (voici comment le bloquer)"}]},{"@type":"WebSite","@id":"https:\/\/vieassociative.be\/actualites\/#website","url":"https:\/\/vieassociative.be\/actualites\/","name":"Vie Associative","description":"","publisher":{"@id":"https:\/\/vieassociative.be\/actualites\/#organization"},"potentialAction":[{"@type":"SearchAction","target":{"@type":"EntryPoint","urlTemplate":"https:\/\/vieassociative.be\/actualites\/?s={search_term_string}"},"query-input":{"@type":"PropertyValueSpecification","valueRequired":true,"valueName":"search_term_string"}}],"inLanguage":"fr-BE"},{"@type":"Organization","@id":"https:\/\/vieassociative.be\/actualites\/#organization","name":"Vie Associative","url":"https:\/\/vieassociative.be\/actualites\/","logo":{"@type":"ImageObject","inLanguage":"fr-BE","@id":"https:\/\/vieassociative.be\/actualites\/#\/schema\/logo\/image\/","url":"https:\/\/vieassociative.be\/actualites\/wp-content\/uploads\/2024\/09\/cropped-vieassociative_favicon.ico.png","contentUrl":"https:\/\/vieassociative.be\/actualites\/wp-content\/uploads\/2024\/09\/cropped-vieassociative_favicon.ico.png","width":512,"height":512,"caption":"Vie Associative"},"image":{"@id":"https:\/\/vieassociative.be\/actualites\/#\/schema\/logo\/image\/"}},{"@type":"Person","@id":"https:\/\/vieassociative.be\/actualites\/#\/schema\/person\/b87ac4f82f9d4e7b7cec7395b679edc4","name":"Julien","image":{"@type":"ImageObject","inLanguage":"fr-BE","@id":"https:\/\/vieassociative.be\/actualites\/#\/schema\/person\/image\/","url":"https:\/\/vieassociative.be\/actualites\/wp-content\/uploads\/2024\/09\/vie-associative-1-150x150.jpg","contentUrl":"https:\/\/vieassociative.be\/actualites\/wp-content\/uploads\/2024\/09\/vie-associative-1-150x150.jpg","caption":"Julien"},"description":"Je suis Julien, r\u00e9dacteur pour Vie Associative. Passionn\u00e9 par le monde associatif depuis plus de 10 ans, j'ai \u00e0 c\u0153ur de partager des histoires inspirantes et de mettre en lumi\u00e8re les initiatives locales. Mon objectif est de sensibiliser et d'encourager l'engagement communautaire \u00e0 travers mes articles.","sameAs":["https:\/\/vieassociative.be\/"]}]}},"_links":{"self":[{"href":"https:\/\/vieassociative.be\/actualites\/wp-json\/wp\/v2\/posts\/4225"}],"collection":[{"href":"https:\/\/vieassociative.be\/actualites\/wp-json\/wp\/v2\/posts"}],"about":[{"href":"https:\/\/vieassociative.be\/actualites\/wp-json\/wp\/v2\/types\/post"}],"author":[{"embeddable":true,"href":"https:\/\/vieassociative.be\/actualites\/wp-json\/wp\/v2\/users\/1"}],"replies":[{"embeddable":true,"href":"https:\/\/vieassociative.be\/actualites\/wp-json\/wp\/v2\/comments?post=4225"}],"version-history":[{"count":0,"href":"https:\/\/vieassociative.be\/actualites\/wp-json\/wp\/v2\/posts\/4225\/revisions"}],"wp:featuredmedia":[{"embeddable":true,"href":"https:\/\/vieassociative.be\/actualites\/wp-json\/wp\/v2\/media\/4226"}],"wp:attachment":[{"href":"https:\/\/vieassociative.be\/actualites\/wp-json\/wp\/v2\/media?parent=4225"}],"wp:term":[{"taxonomy":"category","embeddable":true,"href":"https:\/\/vieassociative.be\/actualites\/wp-json\/wp\/v2\/categories?post=4225"},{"taxonomy":"post_tag","embeddable":true,"href":"https:\/\/vieassociative.be\/actualites\/wp-json\/wp\/v2\/tags?post=4225"}],"curies":[{"name":"wp","href":"https:\/\/api.w.org\/{rel}","templated":true}]}}