{"id":4218,"date":"2025-01-10T06:18:10","date_gmt":"2025-01-10T05:18:10","guid":{"rendered":"https:\/\/vieassociative.be\/actualites\/le-guide-des-adultes-deconnectes-de-la-culture-des-enfants-quest-il-arrive-a-simone-biles-aux-jeux-olympiques\/"},"modified":"2025-01-10T06:18:10","modified_gmt":"2025-01-10T05:18:10","slug":"le-guide-des-adultes-deconnectes-de-la-culture-des-enfants-quest-il-arrive-a-simone-biles-aux-jeux-olympiques","status":"publish","type":"post","link":"https:\/\/vieassociative.be\/actualites\/le-guide-des-adultes-deconnectes-de-la-culture-des-enfants-quest-il-arrive-a-simone-biles-aux-jeux-olympiques\/","title":{"rendered":"Le guide des adultes d\u00e9connect\u00e9s de la culture des enfants : qu&rsquo;est-il arriv\u00e9 \u00e0 Simone Biles aux Jeux olympiques ?"},"content":{"rendered":"<div class=\"mt-4 leading-6 md:mb-8\">Peut-\u00eatre que Kerri Strug sautait sur une cheville cass\u00e9e n&rsquo;\u00e9tait en fait pas une bonne chose ?<\/div>\n<p><\/p>\n<p>Le variant Delta se propage, le Congr\u00e8s enqu\u00eate sur une tentative de coup d\u2019\u00c9tat et la c\u00f4te ouest est en feu. Mais merde, c&rsquo;est l&rsquo;\u00e9t\u00e9 ! Parlons donc de la sant\u00e9 mentale des gymnastes, des b\u00e9b\u00e9s canards et de ce qui se passe si vous mangez dix livres de bananes.<\/p>\n<h2 id=\"this-week-in-sports-simone-biles-bails-on-the-olympics\"><strong>Cette semaine dans le sport : Simone Biles renonce aux JO<\/strong><\/h2>\n<p>La supergymnaste de 24 ans, Simone Biles, a secou\u00e9 le monde plus t\u00f4t cette semaine lorsqu&rsquo;elle s&rsquo;est retir\u00e9e des comp\u00e9titions individuelles et du concours multiple des Jeux olympiques. Biles \u00e9tait consid\u00e9r\u00e9 comme un candidat pour la m\u00e9daille d\u2019or dans presque toutes les \u00e9preuves, mais c\u2019\u00e9tait tout simplement un peu trop.<\/p>\n<p>\u00ab Cela a \u00e9t\u00e9 une longue ann\u00e9e et je pense que nous sommes trop stress\u00e9s. Nous devrions \u00eatre ici pour nous amuser \u00bb, a d\u00e9clar\u00e9 Biles. \u00abJe suis arriv\u00e9 et j&rsquo;avais l&rsquo;impression de continuer \u00e0 le faire pour les autres. Cela me fait mal au c\u0153ur de savoir que faire ce que j&rsquo;aime m&rsquo;a \u00e9t\u00e9 en quelque sorte retir\u00e9 pour plaire aux autres \u00bb, a-t-elle ajout\u00e9.<\/p>\n<p>Comme on pouvait s&rsquo;y attendre, les terribles gens du monde ont eu des r\u00e9actions terribles, y compris le militant conservateur et respirateur Charlie Kirk qui a qualifi\u00e9 Biles de \u00ab honte pour le pays \u00bb et a d\u00e9clar\u00e9 \u00e0 son public : \u00ab Nous \u00e9levons une g\u00e9n\u00e9ration de personnes faibles comme Simone Biles \u00bb. de lavages (qui auraient tous le courage de concourir s&rsquo;ils \u00e9taient un gymnaste de classe mondiale au lieu du directeur adjoint d&rsquo;une cage de frappeurs).<\/p>\n<p>D\u00e9sol\u00e9, Charlie, mais c&rsquo;est en fait le contraire. Nous \u00e9levons une g\u00e9n\u00e9ration suffisamment forte pour donner la priorit\u00e9 \u00e0 la sant\u00e9 mentale plut\u00f4t qu\u2019\u00e0 un concours stupide et assez sage pour savoir quand arr\u00eater. L\u2019\u00e9poque o\u00f9 l\u2019on qualifiait quelqu\u2019un comme Kerri Strug de h\u00e9ros pour avoir concouru, m\u00eame si ses blessures auraient pu la neutraliser de fa\u00e7on permanente, est heureusement r\u00e9volue. De plus, le d\u00e9part de Biles a permis \u00e0 sa co\u00e9quipi\u00e8re de 18 ans Sunisa Lee de remporter la m\u00e9daille d&rsquo;or au concours multiple, donc m\u00eame avec la deuxi\u00e8me corde, les \u00c9tats-Unis \u00e9taient toujours num\u00e9ro un, b\u00e9b\u00e9.  <\/p>\n<h2 id=\"this-week-in-labor-relations-kids-do-not-want-to-work-at-terrible-jobs-anymore\"><strong>Cette semaine dans les relations de travail : les enfants ne veulent plus occuper des emplois \u00e9pouvantables<\/strong><\/h2>\n<p>Tout comme Simone Biles qui refuse de participer aux Jeux olympiques, les jeunes du monde entier refusent les emplois d\u2019\u00e9t\u00e9 mal r\u00e9mun\u00e9r\u00e9s dans les cha\u00eenes de vente au d\u00e9tail et les restaurants fast-food. C\u2019est un affront \u00e0 tous nos pass\u00e9s ; Sans un \u00e9t\u00e9 \u00e9pouvantable pass\u00e9 enferm\u00e9 dans une hotbox Dairy Queen pour les pr\u00e9parer, les enfants pourraient \u00e9galement s&rsquo;attendre \u00e0 une d\u00e9cence de base dans l&#8217;emploi des adultes ! La p\u00e9nurie de main-d&rsquo;\u0153uvre dans le secteur de l&rsquo;h\u00f4tellerie est si grave que certains magasins et restaurants r\u00e9duisent leurs horaires d&rsquo;ouverture et certains envisagent m\u00eame d&rsquo;augmenter les salaires de leurs employ\u00e9s. <\/p>\n<p>Les opinions sont mitig\u00e9es quant aux raisons pour lesquelles les Tyler et Olivia de notre pays font comme Bartleby the Scrivener. Certains bl\u00e2ment l\u2019extension des allocations de ch\u00f4mage provoqu\u00e9e par le plan de secours COVID, tandis que d\u2019autres soutiennent que ces emplois sont nuls et que les propri\u00e9taires devraient simplement payer davantage aux gens s\u2019ils s\u2019attendent \u00e0 ce qu\u2019ils se pr\u00e9sentent. Personnellement, je pense que la prolif\u00e9ration de Karens enrag\u00e9s attaquant les employ\u00e9s de McDonald&rsquo;s avec des distributeurs de th\u00e9 glac\u00e9 en est la cause.<\/p>\n<h2 id=\"this-week-in-tiktok-mini-trends-abandoned-duckies-and-frozen-honey\"><strong>Cette semaine dans les mini-tendances TikTok : Canards abandonn\u00e9s et miel glac\u00e9<\/strong><\/h2>\n<h3><\/h3>\n<p>\u00abSteve, que se passe-t-il sur TikTok\u00bb, je vous entends demander. Eh bien, cher lecteur, cette semaine est consacr\u00e9e aux b\u00e9b\u00e9s canards abandonn\u00e9s et au miel congel\u00e9.<\/p>\n<p>Les canards proviennent d&rsquo;influenceurs qui ont adopt\u00e9 le petit oiseau pour prendre d&rsquo;adorables photos. <em>Awww<\/em>! <em>Tellement<\/em> <em>mignon<\/em>! Mais il s\u2019av\u00e8re que prendre soin d\u2019un vrai canard est difficile, alors les TikTokers d\u00e9posent leurs nouveaux animaux de compagnie dans des refuges pour animaux apr\u00e8s la s\u00e9ance photo. Un repr\u00e9sentant de la Soci\u00e9t\u00e9 montr\u00e9alaise pour la pr\u00e9vention de la cruaut\u00e9 envers les animaux a d\u00e9clar\u00e9 au Washington Newsday : \u00ab Nous avons re\u00e7u 60 canards cette ann\u00e9e du 1er janvier \u00e0 aujourd&rsquo;hui. Nous avons eu six canards l\u2019ann\u00e9e derni\u00e8re.<\/p>\n<p>La tendance au miel est moins d\u00e9rangeante et plus d\u00e9licieuse. De tr\u00e8s nombreuses personnes sur TikTok cong\u00e8lent du miel et le mangent : les vid\u00e9os sous le hashtag #FrozenHoney ont \u00e9t\u00e9 vues plus de 220 millions de fois. Contrairement \u00e0 la tendance du faisan en gel\u00e9e populaire au ch\u00e2teau de Versailles dans les ann\u00e9es 1700, il est facile de faire du miel congel\u00e9. Il suffit de mettre du miel dans une bouteille d&rsquo;eau en plastique et de le congeler. Il ne g\u00e8le pas solidement, mais fournit une glace sucr\u00e9e et semi-p\u00e2teuse que vous pouvez glisser dans votre gueule, exactement ce qu&rsquo;il vous faut pour une journ\u00e9e de r\u00e9chauffement climatique au parc.<\/p>\n<h2 id=\"this-week-in-music-the-rise-of-nprs-tiny-desk-concerts\"><strong>Cette semaine en musique\u00a0: l&rsquo;essor des petits concerts de bureau de NPR<\/strong><\/h2>\n<p>Les lib\u00e9raux de National Public Radio ont beaucoup de choses \u2013 r\u00e9fl\u00e9chies, \u00e9rudites, sonores \u2013 mais ils n&rsquo;ont jamais \u00e9t\u00e9 \u00ab\u00a0cool\u00a0\u00bb jusqu&rsquo;\u00e0 ce que la webs\u00e9rie musicale Tiny Desk Concerts de NPR d\u00e9colle. L&rsquo;\u00e9mission Web est devenue le lieu incontournable pour les musiciens non farfelus qui souhaitent se produire sur Internet. <\/p>\n<p>La s\u00e9rie a commenc\u00e9 en 2008 avec des performances de types alt-folk et de cingl\u00e9s excentriques comme Dr. Dog, The Tallest Man on Earth et mes favoris cultes personnels, The Screaming Females, mais la s\u00e9rie a gagn\u00e9 en popularit\u00e9 et le verrouillage international a conduit \u00e0 \u00e0 la s\u00e9rie mettant en sc\u00e8ne des musiciens chez eux. Finalement, des groupes et des chanteurs qui tenaient vraiment aux gens ont commenc\u00e9 \u00e0 se produire dans le spectacle. Des artistes comme Anderson .Paak &#038; The Free Nationals, Ty Dolla $ign , Justin Bieber et m\u00eame les superstars de la K-Pop BTS ont honor\u00e9 le site Web de NPR avec des performances discr\u00e8tes. Consultez toutes les archives, mais ne me bl\u00e2mez pas si vous tombez dans un terrier musical dont vous ne sortez jamais.<\/p>\n<h3><strong>Vid\u00e9o virale de la semaine : Que se passe-t-il si vous mangez 23 bananes apr\u00e8s avoir je\u00fbn\u00e9 ?<\/strong><\/h3>\n<p>Chubbyemu est un docteur en pharmacie qui publie d&rsquo;\u00e9tonnantes histoires m\u00e9dicales vraies sur sa cha\u00eene YouTube. Dans la vid\u00e9o virale de cette semaine, le bon docteur d\u00e9taille le cas d&rsquo;un passionn\u00e9 de fitness qui a rompu un je\u00fbne d&rsquo;une semaine en mangeant <em>10 livres<\/em> de bananes. Vous soup\u00e7onnerez probablement que c&rsquo;est une tr\u00e8s mauvaise id\u00e9e, mais le g\u00e9nie de la vid\u00e9o r\u00e9side dans l&rsquo;explication incroyablement d\u00e9taill\u00e9e de exactement <em>pourquoi<\/em> c&rsquo;est une id\u00e9e terrible et c&rsquo;est exactement la fa\u00e7on dont le corps du sujet s&rsquo;est d\u00e9traqu\u00e9 \u00e0 cause d&rsquo;une consommation excessive de bananes. ChubbyEmu se met au travail <em>mol\u00e9culaire<\/em> au niveau de cette merde. Lorsque vous avez fini de fr\u00e9mir face au danger d&rsquo;une surdose de banane, d\u00e9couvrez ce qui se passe si vous buvez une lampe \u00e0 lave (mauvaises choses), mangez des dosettes de Tide (pire choses) ou mangez 25 de ces sachets de gel de silice qui disent \u00ab Ne pas manger \u00bb. \u00bb sur eux (des choses \u00e9tonnamment pas tr\u00e8s mauvaises.)<\/p>\n<p><\/p>\n<p><script async src=\"\/\/www.tiktok.com\/embed.js\"><\/script><\/p>\n","protected":false},"excerpt":{"rendered":"<p>Peut-\u00eatre que Kerri Strug sautait sur une cheville cass\u00e9e n&rsquo;\u00e9tait en fait pas une bonne chose ? Le variant Delta se propage, le Congr\u00e8s enqu\u00eate<\/p>\n","protected":false},"author":1,"featured_media":4219,"comment_status":"","ping_status":"","sticky":false,"template":"","format":"standard","meta":{"footnotes":""},"categories":[37],"tags":[899,4003,289,4660,2805,2806,29,324,461,350,4661,4538,4659],"class_list":["post-4218","post","type-post","status-publish","format-standard","has-post-thumbnail","hentry","category-famille","tag-adultes","tag-arrive","tag-aux","tag-biles","tag-culture","tag-deconnectes","tag-des","tag-enfants","tag-guide","tag-jeux","tag-olympiques","tag-questil","tag-simone","generate-columns","tablet-grid-50","mobile-grid-100","grid-parent","grid-33"],"yoast_head":"<!-- This site is optimized with the Yoast SEO plugin v24.0 - https:\/\/yoast.com\/wordpress\/plugins\/seo\/ -->\n<title>Le guide des adultes d\u00e9connect\u00e9s de la culture des enfants : qu&#039;est-il arriv\u00e9 \u00e0 Simone Biles aux Jeux olympiques ? | Vie Associative<\/title>\n<meta name=\"robots\" content=\"index, follow, max-snippet:-1, max-image-preview:large, max-video-preview:-1\" \/>\n<link rel=\"canonical\" href=\"https:\/\/vieassociative.be\/actualites\/le-guide-des-adultes-deconnectes-de-la-culture-des-enfants-quest-il-arrive-a-simone-biles-aux-jeux-olympiques\/\" \/>\n<meta property=\"og:locale\" content=\"fr_FR\" \/>\n<meta property=\"og:type\" content=\"article\" \/>\n<meta property=\"og:title\" content=\"Le guide des adultes d\u00e9connect\u00e9s de la culture des enfants : qu&#039;est-il arriv\u00e9 \u00e0 Simone Biles aux Jeux olympiques ? | Vie Associative\" \/>\n<meta property=\"og:description\" content=\"Peut-\u00eatre que Kerri Strug sautait sur une cheville cass\u00e9e n&rsquo;\u00e9tait en fait pas une bonne chose ? Le variant Delta se propage, le Congr\u00e8s enqu\u00eate\" \/>\n<meta property=\"og:url\" content=\"https:\/\/vieassociative.be\/actualites\/le-guide-des-adultes-deconnectes-de-la-culture-des-enfants-quest-il-arrive-a-simone-biles-aux-jeux-olympiques\/\" \/>\n<meta property=\"og:site_name\" content=\"Vie Associative\" \/>\n<meta property=\"article:published_time\" content=\"2025-01-10T05:18:10+00:00\" \/>\n<meta property=\"og:image\" content=\"https:\/\/vieassociative.be\/actualites\/wp-content\/uploads\/2024\/09\/header_backgroundk-01-e1726694325946.png\" \/>\n\t<meta property=\"og:image:width\" content=\"279\" \/>\n\t<meta property=\"og:image:height\" content=\"92\" \/>\n\t<meta property=\"og:image:type\" content=\"image\/png\" \/>\n<meta name=\"author\" content=\"Julien\" \/>\n<meta name=\"twitter:card\" content=\"summary_large_image\" \/>\n<meta name=\"twitter:label1\" content=\"\u00c9crit par\" \/>\n\t<meta name=\"twitter:data1\" content=\"Julien\" \/>\n\t<meta name=\"twitter:label2\" content=\"Dur\u00e9e de lecture est.\" \/>\n\t<meta name=\"twitter:data2\" content=\"6 minutes\" \/>\n<script type=\"application\/ld+json\" class=\"yoast-schema-graph\">{\"@context\":\"https:\/\/schema.org\",\"@graph\":[{\"@type\":\"Article\",\"@id\":\"https:\/\/vieassociative.be\/actualites\/le-guide-des-adultes-deconnectes-de-la-culture-des-enfants-quest-il-arrive-a-simone-biles-aux-jeux-olympiques\/#article\",\"isPartOf\":{\"@id\":\"https:\/\/vieassociative.be\/actualites\/le-guide-des-adultes-deconnectes-de-la-culture-des-enfants-quest-il-arrive-a-simone-biles-aux-jeux-olympiques\/\"},\"author\":{\"name\":\"Julien\",\"@id\":\"https:\/\/vieassociative.be\/actualites\/#\/schema\/person\/b87ac4f82f9d4e7b7cec7395b679edc4\"},\"headline\":\"Le guide des adultes d\u00e9connect\u00e9s de la culture des enfants : qu&rsquo;est-il arriv\u00e9 \u00e0 Simone Biles aux Jeux olympiques ?\",\"datePublished\":\"2025-01-10T05:18:10+00:00\",\"dateModified\":\"2025-01-10T05:18:10+00:00\",\"mainEntityOfPage\":{\"@id\":\"https:\/\/vieassociative.be\/actualites\/le-guide-des-adultes-deconnectes-de-la-culture-des-enfants-quest-il-arrive-a-simone-biles-aux-jeux-olympiques\/\"},\"wordCount\":1335,\"publisher\":{\"@id\":\"https:\/\/vieassociative.be\/actualites\/#organization\"},\"image\":{\"@id\":\"https:\/\/vieassociative.be\/actualites\/le-guide-des-adultes-deconnectes-de-la-culture-des-enfants-quest-il-arrive-a-simone-biles-aux-jeux-olympiques\/#primaryimage\"},\"thumbnailUrl\":\"https:\/\/vieassociative.be\/actualites\/wp-content\/uploads\/2025\/01\/1736486291_Le-guide-des-adultes-deconnectes-de-la-culture-des-enfants.jpg\",\"keywords\":[\"adultes\",\"arrive\",\"aux\",\"Biles\",\"culture\",\"d\u00e9connect\u00e9s\",\"Des\",\"enfants\",\"Guide\",\"jeux\",\"olympiques\",\"questil\",\"Simone\"],\"articleSection\":[\"Famille\"],\"inLanguage\":\"fr-BE\"},{\"@type\":\"WebPage\",\"@id\":\"https:\/\/vieassociative.be\/actualites\/le-guide-des-adultes-deconnectes-de-la-culture-des-enfants-quest-il-arrive-a-simone-biles-aux-jeux-olympiques\/\",\"url\":\"https:\/\/vieassociative.be\/actualites\/le-guide-des-adultes-deconnectes-de-la-culture-des-enfants-quest-il-arrive-a-simone-biles-aux-jeux-olympiques\/\",\"name\":\"Le guide des adultes d\u00e9connect\u00e9s de la culture des enfants : qu'est-il arriv\u00e9 \u00e0 Simone Biles aux Jeux olympiques ? | Vie Associative\",\"isPartOf\":{\"@id\":\"https:\/\/vieassociative.be\/actualites\/#website\"},\"primaryImageOfPage\":{\"@id\":\"https:\/\/vieassociative.be\/actualites\/le-guide-des-adultes-deconnectes-de-la-culture-des-enfants-quest-il-arrive-a-simone-biles-aux-jeux-olympiques\/#primaryimage\"},\"image\":{\"@id\":\"https:\/\/vieassociative.be\/actualites\/le-guide-des-adultes-deconnectes-de-la-culture-des-enfants-quest-il-arrive-a-simone-biles-aux-jeux-olympiques\/#primaryimage\"},\"thumbnailUrl\":\"https:\/\/vieassociative.be\/actualites\/wp-content\/uploads\/2025\/01\/1736486291_Le-guide-des-adultes-deconnectes-de-la-culture-des-enfants.jpg\",\"datePublished\":\"2025-01-10T05:18:10+00:00\",\"dateModified\":\"2025-01-10T05:18:10+00:00\",\"breadcrumb\":{\"@id\":\"https:\/\/vieassociative.be\/actualites\/le-guide-des-adultes-deconnectes-de-la-culture-des-enfants-quest-il-arrive-a-simone-biles-aux-jeux-olympiques\/#breadcrumb\"},\"inLanguage\":\"fr-BE\",\"potentialAction\":[{\"@type\":\"ReadAction\",\"target\":[\"https:\/\/vieassociative.be\/actualites\/le-guide-des-adultes-deconnectes-de-la-culture-des-enfants-quest-il-arrive-a-simone-biles-aux-jeux-olympiques\/\"]}]},{\"@type\":\"ImageObject\",\"inLanguage\":\"fr-BE\",\"@id\":\"https:\/\/vieassociative.be\/actualites\/le-guide-des-adultes-deconnectes-de-la-culture-des-enfants-quest-il-arrive-a-simone-biles-aux-jeux-olympiques\/#primaryimage\",\"url\":\"https:\/\/vieassociative.be\/actualites\/wp-content\/uploads\/2025\/01\/1736486291_Le-guide-des-adultes-deconnectes-de-la-culture-des-enfants.jpg\",\"contentUrl\":\"https:\/\/vieassociative.be\/actualites\/wp-content\/uploads\/2025\/01\/1736486291_Le-guide-des-adultes-deconnectes-de-la-culture-des-enfants.jpg\",\"width\":1200,\"height\":675,\"caption\":\"Le guide des adultes d\u00e9connect\u00e9s de la culture des enfants : qu'est-il arriv\u00e9 \u00e0 Simone Biles aux Jeux olympiques ?\"},{\"@type\":\"BreadcrumbList\",\"@id\":\"https:\/\/vieassociative.be\/actualites\/le-guide-des-adultes-deconnectes-de-la-culture-des-enfants-quest-il-arrive-a-simone-biles-aux-jeux-olympiques\/#breadcrumb\",\"itemListElement\":[{\"@type\":\"ListItem\",\"position\":1,\"name\":\"Accueil\",\"item\":\"https:\/\/vieassociative.be\/actualites\/\"},{\"@type\":\"ListItem\",\"position\":2,\"name\":\"Le guide des adultes d\u00e9connect\u00e9s de la culture des enfants : qu&rsquo;est-il arriv\u00e9 \u00e0 Simone Biles aux Jeux olympiques ?\"}]},{\"@type\":\"WebSite\",\"@id\":\"https:\/\/vieassociative.be\/actualites\/#website\",\"url\":\"https:\/\/vieassociative.be\/actualites\/\",\"name\":\"Vie Associative\",\"description\":\"\",\"publisher\":{\"@id\":\"https:\/\/vieassociative.be\/actualites\/#organization\"},\"potentialAction\":[{\"@type\":\"SearchAction\",\"target\":{\"@type\":\"EntryPoint\",\"urlTemplate\":\"https:\/\/vieassociative.be\/actualites\/?s={search_term_string}\"},\"query-input\":{\"@type\":\"PropertyValueSpecification\",\"valueRequired\":true,\"valueName\":\"search_term_string\"}}],\"inLanguage\":\"fr-BE\"},{\"@type\":\"Organization\",\"@id\":\"https:\/\/vieassociative.be\/actualites\/#organization\",\"name\":\"Vie Associative\",\"url\":\"https:\/\/vieassociative.be\/actualites\/\",\"logo\":{\"@type\":\"ImageObject\",\"inLanguage\":\"fr-BE\",\"@id\":\"https:\/\/vieassociative.be\/actualites\/#\/schema\/logo\/image\/\",\"url\":\"https:\/\/vieassociative.be\/actualites\/wp-content\/uploads\/2024\/09\/cropped-vieassociative_favicon.ico.png\",\"contentUrl\":\"https:\/\/vieassociative.be\/actualites\/wp-content\/uploads\/2024\/09\/cropped-vieassociative_favicon.ico.png\",\"width\":512,\"height\":512,\"caption\":\"Vie Associative\"},\"image\":{\"@id\":\"https:\/\/vieassociative.be\/actualites\/#\/schema\/logo\/image\/\"}},{\"@type\":\"Person\",\"@id\":\"https:\/\/vieassociative.be\/actualites\/#\/schema\/person\/b87ac4f82f9d4e7b7cec7395b679edc4\",\"name\":\"Julien\",\"image\":{\"@type\":\"ImageObject\",\"inLanguage\":\"fr-BE\",\"@id\":\"https:\/\/vieassociative.be\/actualites\/#\/schema\/person\/image\/\",\"url\":\"https:\/\/vieassociative.be\/actualites\/wp-content\/uploads\/2024\/09\/vie-associative-1-150x150.jpg\",\"contentUrl\":\"https:\/\/vieassociative.be\/actualites\/wp-content\/uploads\/2024\/09\/vie-associative-1-150x150.jpg\",\"caption\":\"Julien\"},\"description\":\"Je suis Julien, r\u00e9dacteur pour Vie Associative. Passionn\u00e9 par le monde associatif depuis plus de 10 ans, j'ai \u00e0 c\u0153ur de partager des histoires inspirantes et de mettre en lumi\u00e8re les initiatives locales. Mon objectif est de sensibiliser et d'encourager l'engagement communautaire \u00e0 travers mes articles.\",\"sameAs\":[\"https:\/\/vieassociative.be\/\"]}]}<\/script>\n<!-- \/ Yoast SEO plugin. -->","yoast_head_json":{"title":"Le guide des adultes d\u00e9connect\u00e9s de la culture des enfants : qu'est-il arriv\u00e9 \u00e0 Simone Biles aux Jeux olympiques ? | Vie Associative","robots":{"index":"index","follow":"follow","max-snippet":"max-snippet:-1","max-image-preview":"max-image-preview:large","max-video-preview":"max-video-preview:-1"},"canonical":"https:\/\/vieassociative.be\/actualites\/le-guide-des-adultes-deconnectes-de-la-culture-des-enfants-quest-il-arrive-a-simone-biles-aux-jeux-olympiques\/","og_locale":"fr_FR","og_type":"article","og_title":"Le guide des adultes d\u00e9connect\u00e9s de la culture des enfants : qu'est-il arriv\u00e9 \u00e0 Simone Biles aux Jeux olympiques ? | Vie Associative","og_description":"Peut-\u00eatre que Kerri Strug sautait sur une cheville cass\u00e9e n&rsquo;\u00e9tait en fait pas une bonne chose ? Le variant Delta se propage, le Congr\u00e8s enqu\u00eate","og_url":"https:\/\/vieassociative.be\/actualites\/le-guide-des-adultes-deconnectes-de-la-culture-des-enfants-quest-il-arrive-a-simone-biles-aux-jeux-olympiques\/","og_site_name":"Vie Associative","article_published_time":"2025-01-10T05:18:10+00:00","og_image":[{"width":279,"height":92,"url":"https:\/\/vieassociative.be\/actualites\/wp-content\/uploads\/2024\/09\/header_backgroundk-01-e1726694325946.png","type":"image\/png"}],"author":"Julien","twitter_card":"summary_large_image","twitter_misc":{"\u00c9crit par":"Julien","Dur\u00e9e de lecture est.":"6 minutes"},"schema":{"@context":"https:\/\/schema.org","@graph":[{"@type":"Article","@id":"https:\/\/vieassociative.be\/actualites\/le-guide-des-adultes-deconnectes-de-la-culture-des-enfants-quest-il-arrive-a-simone-biles-aux-jeux-olympiques\/#article","isPartOf":{"@id":"https:\/\/vieassociative.be\/actualites\/le-guide-des-adultes-deconnectes-de-la-culture-des-enfants-quest-il-arrive-a-simone-biles-aux-jeux-olympiques\/"},"author":{"name":"Julien","@id":"https:\/\/vieassociative.be\/actualites\/#\/schema\/person\/b87ac4f82f9d4e7b7cec7395b679edc4"},"headline":"Le guide des adultes d\u00e9connect\u00e9s de la culture des enfants : qu&rsquo;est-il arriv\u00e9 \u00e0 Simone Biles aux Jeux olympiques ?","datePublished":"2025-01-10T05:18:10+00:00","dateModified":"2025-01-10T05:18:10+00:00","mainEntityOfPage":{"@id":"https:\/\/vieassociative.be\/actualites\/le-guide-des-adultes-deconnectes-de-la-culture-des-enfants-quest-il-arrive-a-simone-biles-aux-jeux-olympiques\/"},"wordCount":1335,"publisher":{"@id":"https:\/\/vieassociative.be\/actualites\/#organization"},"image":{"@id":"https:\/\/vieassociative.be\/actualites\/le-guide-des-adultes-deconnectes-de-la-culture-des-enfants-quest-il-arrive-a-simone-biles-aux-jeux-olympiques\/#primaryimage"},"thumbnailUrl":"https:\/\/vieassociative.be\/actualites\/wp-content\/uploads\/2025\/01\/1736486291_Le-guide-des-adultes-deconnectes-de-la-culture-des-enfants.jpg","keywords":["adultes","arrive","aux","Biles","culture","d\u00e9connect\u00e9s","Des","enfants","Guide","jeux","olympiques","questil","Simone"],"articleSection":["Famille"],"inLanguage":"fr-BE"},{"@type":"WebPage","@id":"https:\/\/vieassociative.be\/actualites\/le-guide-des-adultes-deconnectes-de-la-culture-des-enfants-quest-il-arrive-a-simone-biles-aux-jeux-olympiques\/","url":"https:\/\/vieassociative.be\/actualites\/le-guide-des-adultes-deconnectes-de-la-culture-des-enfants-quest-il-arrive-a-simone-biles-aux-jeux-olympiques\/","name":"Le guide des adultes d\u00e9connect\u00e9s de la culture des enfants : qu'est-il arriv\u00e9 \u00e0 Simone Biles aux Jeux olympiques ? | Vie Associative","isPartOf":{"@id":"https:\/\/vieassociative.be\/actualites\/#website"},"primaryImageOfPage":{"@id":"https:\/\/vieassociative.be\/actualites\/le-guide-des-adultes-deconnectes-de-la-culture-des-enfants-quest-il-arrive-a-simone-biles-aux-jeux-olympiques\/#primaryimage"},"image":{"@id":"https:\/\/vieassociative.be\/actualites\/le-guide-des-adultes-deconnectes-de-la-culture-des-enfants-quest-il-arrive-a-simone-biles-aux-jeux-olympiques\/#primaryimage"},"thumbnailUrl":"https:\/\/vieassociative.be\/actualites\/wp-content\/uploads\/2025\/01\/1736486291_Le-guide-des-adultes-deconnectes-de-la-culture-des-enfants.jpg","datePublished":"2025-01-10T05:18:10+00:00","dateModified":"2025-01-10T05:18:10+00:00","breadcrumb":{"@id":"https:\/\/vieassociative.be\/actualites\/le-guide-des-adultes-deconnectes-de-la-culture-des-enfants-quest-il-arrive-a-simone-biles-aux-jeux-olympiques\/#breadcrumb"},"inLanguage":"fr-BE","potentialAction":[{"@type":"ReadAction","target":["https:\/\/vieassociative.be\/actualites\/le-guide-des-adultes-deconnectes-de-la-culture-des-enfants-quest-il-arrive-a-simone-biles-aux-jeux-olympiques\/"]}]},{"@type":"ImageObject","inLanguage":"fr-BE","@id":"https:\/\/vieassociative.be\/actualites\/le-guide-des-adultes-deconnectes-de-la-culture-des-enfants-quest-il-arrive-a-simone-biles-aux-jeux-olympiques\/#primaryimage","url":"https:\/\/vieassociative.be\/actualites\/wp-content\/uploads\/2025\/01\/1736486291_Le-guide-des-adultes-deconnectes-de-la-culture-des-enfants.jpg","contentUrl":"https:\/\/vieassociative.be\/actualites\/wp-content\/uploads\/2025\/01\/1736486291_Le-guide-des-adultes-deconnectes-de-la-culture-des-enfants.jpg","width":1200,"height":675,"caption":"Le guide des adultes d\u00e9connect\u00e9s de la culture des enfants : qu'est-il arriv\u00e9 \u00e0 Simone Biles aux Jeux olympiques ?"},{"@type":"BreadcrumbList","@id":"https:\/\/vieassociative.be\/actualites\/le-guide-des-adultes-deconnectes-de-la-culture-des-enfants-quest-il-arrive-a-simone-biles-aux-jeux-olympiques\/#breadcrumb","itemListElement":[{"@type":"ListItem","position":1,"name":"Accueil","item":"https:\/\/vieassociative.be\/actualites\/"},{"@type":"ListItem","position":2,"name":"Le guide des adultes d\u00e9connect\u00e9s de la culture des enfants : qu&rsquo;est-il arriv\u00e9 \u00e0 Simone Biles aux Jeux olympiques ?"}]},{"@type":"WebSite","@id":"https:\/\/vieassociative.be\/actualites\/#website","url":"https:\/\/vieassociative.be\/actualites\/","name":"Vie Associative","description":"","publisher":{"@id":"https:\/\/vieassociative.be\/actualites\/#organization"},"potentialAction":[{"@type":"SearchAction","target":{"@type":"EntryPoint","urlTemplate":"https:\/\/vieassociative.be\/actualites\/?s={search_term_string}"},"query-input":{"@type":"PropertyValueSpecification","valueRequired":true,"valueName":"search_term_string"}}],"inLanguage":"fr-BE"},{"@type":"Organization","@id":"https:\/\/vieassociative.be\/actualites\/#organization","name":"Vie Associative","url":"https:\/\/vieassociative.be\/actualites\/","logo":{"@type":"ImageObject","inLanguage":"fr-BE","@id":"https:\/\/vieassociative.be\/actualites\/#\/schema\/logo\/image\/","url":"https:\/\/vieassociative.be\/actualites\/wp-content\/uploads\/2024\/09\/cropped-vieassociative_favicon.ico.png","contentUrl":"https:\/\/vieassociative.be\/actualites\/wp-content\/uploads\/2024\/09\/cropped-vieassociative_favicon.ico.png","width":512,"height":512,"caption":"Vie Associative"},"image":{"@id":"https:\/\/vieassociative.be\/actualites\/#\/schema\/logo\/image\/"}},{"@type":"Person","@id":"https:\/\/vieassociative.be\/actualites\/#\/schema\/person\/b87ac4f82f9d4e7b7cec7395b679edc4","name":"Julien","image":{"@type":"ImageObject","inLanguage":"fr-BE","@id":"https:\/\/vieassociative.be\/actualites\/#\/schema\/person\/image\/","url":"https:\/\/vieassociative.be\/actualites\/wp-content\/uploads\/2024\/09\/vie-associative-1-150x150.jpg","contentUrl":"https:\/\/vieassociative.be\/actualites\/wp-content\/uploads\/2024\/09\/vie-associative-1-150x150.jpg","caption":"Julien"},"description":"Je suis Julien, r\u00e9dacteur pour Vie Associative. Passionn\u00e9 par le monde associatif depuis plus de 10 ans, j'ai \u00e0 c\u0153ur de partager des histoires inspirantes et de mettre en lumi\u00e8re les initiatives locales. Mon objectif est de sensibiliser et d'encourager l'engagement communautaire \u00e0 travers mes articles.","sameAs":["https:\/\/vieassociative.be\/"]}]}},"_links":{"self":[{"href":"https:\/\/vieassociative.be\/actualites\/wp-json\/wp\/v2\/posts\/4218"}],"collection":[{"href":"https:\/\/vieassociative.be\/actualites\/wp-json\/wp\/v2\/posts"}],"about":[{"href":"https:\/\/vieassociative.be\/actualites\/wp-json\/wp\/v2\/types\/post"}],"author":[{"embeddable":true,"href":"https:\/\/vieassociative.be\/actualites\/wp-json\/wp\/v2\/users\/1"}],"replies":[{"embeddable":true,"href":"https:\/\/vieassociative.be\/actualites\/wp-json\/wp\/v2\/comments?post=4218"}],"version-history":[{"count":0,"href":"https:\/\/vieassociative.be\/actualites\/wp-json\/wp\/v2\/posts\/4218\/revisions"}],"wp:featuredmedia":[{"embeddable":true,"href":"https:\/\/vieassociative.be\/actualites\/wp-json\/wp\/v2\/media\/4219"}],"wp:attachment":[{"href":"https:\/\/vieassociative.be\/actualites\/wp-json\/wp\/v2\/media?parent=4218"}],"wp:term":[{"taxonomy":"category","embeddable":true,"href":"https:\/\/vieassociative.be\/actualites\/wp-json\/wp\/v2\/categories?post=4218"},{"taxonomy":"post_tag","embeddable":true,"href":"https:\/\/vieassociative.be\/actualites\/wp-json\/wp\/v2\/tags?post=4218"}],"curies":[{"name":"wp","href":"https:\/\/api.w.org\/{rel}","templated":true}]}}