{"id":4215,"date":"2025-01-10T03:17:35","date_gmt":"2025-01-10T02:17:35","guid":{"rendered":"https:\/\/vieassociative.be\/actualites\/tedesco-devra-probablement-partir-mais-qui-viendra\/"},"modified":"2025-01-10T03:17:35","modified_gmt":"2025-01-10T02:17:35","slug":"tedesco-devra-probablement-partir-mais-qui-viendra","status":"publish","type":"post","link":"https:\/\/vieassociative.be\/actualites\/tedesco-devra-probablement-partir-mais-qui-viendra\/","title":{"rendered":"Tedesco devra probablement partir \u2013 mais qui viendra ?"},"content":{"rendered":"<p><strong>De plus en plus de signes indiquent que Domenico Tedesco quitte l&rsquo;\u00e9quipe nationale belge de football. En cons\u00e9quence, il y a beaucoup de sp\u00e9culations sur qui pourrait succ\u00e9der \u00e0 l\u2019allemand-italien malheureux.<\/strong><\/p>\n<p><span id=\"more-405840\"><\/span>Comme le rapporte le journal \u00ab Het Nieuwsblad \u00bb, les discussions avec le Portugais Sergio Conceicao, joueur du Standard de Li\u00e8ge de 2004 \u00e0 20007 et entra\u00eeneur adjoint en 2010\/2011, \u00e9taient d\u00e9j\u00e0 avanc\u00e9es, mais Conceicao aurait annul\u00e9 apr\u00e8s avoir jou\u00e9 au le glorieux AC Milan a \u00e9t\u00e9 embauch\u00e9 comme entra\u00eeneur-chef.<\/p>\n<p>Entre-temps, le nouveau directeur sportif de la F\u00e9d\u00e9ration belge de football, l&rsquo;ancien manager de Bruges Vincent Mannaert, serait en pourparlers avec de nouveaux candidats. Mannaert souhaite proposer un nouvel entra\u00eeneur national d&rsquo;ici la fin du mois.<\/p>\n<div id=\"attachment_405846\" class=\"wp-caption alignleft\" style=\"max-width: 300px\"><img fetchpriority=\"high\" decoding=\"async\" class=\"wp-image-405846 size-medium\" src=\"https:\/\/vieassociative.be\/actualites\/wp-content\/uploads\/2025\/01\/Tedesco-devra-probablement-partir-\u2013-mais-qui-viendra.jpg\" alt=\"\" width=\"300\" height=\"200\"><\/p>\n<p class=\"wp-caption-text\">6 janvier 2025, Arabie Saoudite, Riyad : Apparemment, les n\u00e9gociations avec le Portugais Sergio Conceicao (photo) \u00e9taient d\u00e9j\u00e0 avanc\u00e9es, mais la F\u00e9d\u00e9ration belge de football n&rsquo;avait aucune chance face \u00e0 l&rsquo;offre de l&rsquo;AC Milan. Photo : Alfredo Falcone\/LaPresse via ZUMA Press\/dpa<\/p>\n<\/div>\n<p>Les critiques envers Tedesco \u00e9taient devenues plus s\u00e9v\u00e8res en Belgique apr\u00e8s le d\u00e9sastreux Euro 2024 et une nouvelle d\u00e9ception en Ligue des Nations avec 5 d\u00e9faites en 6 matchs dans un groupe avec la France, l&rsquo;Italie et Isra\u00ebl. L&rsquo;ancien entra\u00eeneur de Bundesliga du RB Leipzig et de Schalke 04 \u00e9tait convaincu en novembre 2024 qu&rsquo;il \u00e9tait toujours l&rsquo;homme id\u00e9al pour le poste, mais de plus en plus d&rsquo;indications indiquent que son contrat, qui court jusqu&rsquo;\u00e0 la Coupe du monde 2026, est en cours d&rsquo;ex\u00e9cution et est r\u00e9sili\u00e9 pr\u00e9matur\u00e9ment.<\/p>\n<p>Parmi les successeurs figurent l&rsquo;ancien gardien national Michel Preud&rsquo;homme, qui ne serait pas dispos\u00e9 \u00e0 renoncer \u00e0 sa retraite \u00e0 Tenerife, l&rsquo;ancien entra\u00eeneur de l&rsquo;AA Gent Hein Vanhaezebroeck, Philippe Clement, actuellement sous contrat avec les Glasgow Rangers, et Marc van Bommel, qui a remport\u00e9 le championnat et la coupe de Belgique avec le Royal Antwerp FC en 2023. Certains autres noms peuvent \u00e9galement \u00eatre \u00e9chang\u00e9s.<\/p>\n<p>Le fait est que les Diables Rouges ont encore un \u00e9norme potentiel. Il suffit de regarder quels clubs europ\u00e9ens, voire de grands clubs, ont actuellement des joueurs nationaux belges sous contrat :<\/p>\n<p>Courtois (Real Madrid), De Bruyne et Doku (Manchester City), Mbangula (Juventus), De Ketelaere (Atalanta Bergame), Saelemaekers (AS Roma), Lukaku et Ngonge (SSC Naples), Lavia (Chelsea), Openda et Vermeeren ( Leipzig), Duranville (Borussia Dortmund), Tielemans et Onana (Aston Villa), Faes (Leicester), Sels (Nottingham), Bakayoko (PSV Eindhoven), Fofana (Olympique de Lyon), Godts (Ajax Amsterdam), Lukebakio et Sambi Lokonga (Sevilla FC), Mangala (Everton), Witsel (Atl\u00e9tico Madrid), Engels (Celtic Glasgow), Raskin (Glasgow Rangers), Trossard (Arsenal Londres), Mertens et Batsuhayi (Galatasaray Istanbul), Meunier (OSC Lille), Carrasco (Al-Shabab), Castagne (Fulham), Debast (Sporting Lisbonne), Benteke (DC United), Al-Dakhil (VfB Stuttgart), Casteels (al-Qadisiyah), Bornauw (VfL Wolfsburg)\u2026<\/p>\n<p>L\u2019astuce consiste \u00e0 former une \u00e9quipe compos\u00e9e d\u2019un grand nombre de joueurs, pour la plupart jeunes. En mars, les Diables rouges disputeront les deux matches de rel\u00e9gation contre l&rsquo;Ukraine afin de rester en ligue A de la Ligue des Nations, avant que les qualifications pour le Mondial 2026 aux Etats-Unis, au Mexique et au Canada ne d\u00e9butent en juin. La Belgique affrontera le Pays de Galles, la Mac\u00e9doine du Nord, le Kazakhstan et le Liechtenstein. (cr\u00e9\/dpa)<\/p>\n","protected":false},"excerpt":{"rendered":"<p>De plus en plus de signes indiquent que Domenico Tedesco quitte l&rsquo;\u00e9quipe nationale belge de football. En cons\u00e9quence, il y a beaucoup de sp\u00e9culations sur<\/p>\n","protected":false},"author":1,"featured_media":4216,"comment_status":"","ping_status":"","sticky":false,"template":"","format":"standard","meta":{"footnotes":""},"categories":[298],"tags":[4657,156,1591,419,99,3273,4658],"class_list":["post-4215","post","type-post","status-publish","format-standard","has-post-thumbnail","hentry","category-belgique","tag-devra","tag-mais","tag-partir","tag-probablement","tag-qui","tag-tedesco","tag-viendra","generate-columns","tablet-grid-50","mobile-grid-100","grid-parent","grid-33"],"yoast_head":"<!-- This site is optimized with the Yoast SEO plugin v24.0 - https:\/\/yoast.com\/wordpress\/plugins\/seo\/ -->\n<title>Tedesco devra probablement partir \u2013 mais qui viendra ? | Vie Associative<\/title>\n<meta name=\"robots\" content=\"index, follow, max-snippet:-1, max-image-preview:large, max-video-preview:-1\" \/>\n<link rel=\"canonical\" href=\"https:\/\/vieassociative.be\/actualites\/tedesco-devra-probablement-partir-mais-qui-viendra\/\" \/>\n<meta property=\"og:locale\" content=\"fr_FR\" \/>\n<meta property=\"og:type\" content=\"article\" \/>\n<meta property=\"og:title\" content=\"Tedesco devra probablement partir \u2013 mais qui viendra ? | Vie Associative\" \/>\n<meta property=\"og:description\" content=\"De plus en plus de signes indiquent que Domenico Tedesco quitte l&rsquo;\u00e9quipe nationale belge de football. En cons\u00e9quence, il y a beaucoup de sp\u00e9culations sur\" \/>\n<meta property=\"og:url\" content=\"https:\/\/vieassociative.be\/actualites\/tedesco-devra-probablement-partir-mais-qui-viendra\/\" \/>\n<meta property=\"og:site_name\" content=\"Vie Associative\" \/>\n<meta property=\"article:published_time\" content=\"2025-01-10T02:17:35+00:00\" \/>\n<meta property=\"og:image\" content=\"https:\/\/vieassociative.be\/actualites\/wp-content\/uploads\/2024\/09\/header_backgroundk-01-e1726694325946.png\" \/>\n\t<meta property=\"og:image:width\" content=\"279\" \/>\n\t<meta property=\"og:image:height\" content=\"92\" \/>\n\t<meta property=\"og:image:type\" content=\"image\/png\" \/>\n<meta name=\"author\" content=\"Julien\" \/>\n<meta name=\"twitter:card\" content=\"summary_large_image\" \/>\n<meta name=\"twitter:label1\" content=\"\u00c9crit par\" \/>\n\t<meta name=\"twitter:data1\" content=\"Julien\" \/>\n\t<meta name=\"twitter:label2\" content=\"Dur\u00e9e de lecture est.\" \/>\n\t<meta name=\"twitter:data2\" content=\"3 minutes\" \/>\n<script type=\"application\/ld+json\" class=\"yoast-schema-graph\">{\"@context\":\"https:\/\/schema.org\",\"@graph\":[{\"@type\":\"Article\",\"@id\":\"https:\/\/vieassociative.be\/actualites\/tedesco-devra-probablement-partir-mais-qui-viendra\/#article\",\"isPartOf\":{\"@id\":\"https:\/\/vieassociative.be\/actualites\/tedesco-devra-probablement-partir-mais-qui-viendra\/\"},\"author\":{\"name\":\"Julien\",\"@id\":\"https:\/\/vieassociative.be\/actualites\/#\/schema\/person\/b87ac4f82f9d4e7b7cec7395b679edc4\"},\"headline\":\"Tedesco devra probablement partir \u2013 mais qui viendra ?\",\"datePublished\":\"2025-01-10T02:17:35+00:00\",\"dateModified\":\"2025-01-10T02:17:35+00:00\",\"mainEntityOfPage\":{\"@id\":\"https:\/\/vieassociative.be\/actualites\/tedesco-devra-probablement-partir-mais-qui-viendra\/\"},\"wordCount\":559,\"publisher\":{\"@id\":\"https:\/\/vieassociative.be\/actualites\/#organization\"},\"image\":{\"@id\":\"https:\/\/vieassociative.be\/actualites\/tedesco-devra-probablement-partir-mais-qui-viendra\/#primaryimage\"},\"thumbnailUrl\":\"https:\/\/vieassociative.be\/actualites\/wp-content\/uploads\/2025\/01\/1736475455_Tedesco-devra-probablement-partir-\u2013-mais-qui-viendra.jpg\",\"keywords\":[\"devra\",\"mais\",\"partir\",\"probablement\",\"qui\",\"Tedesco\",\"viendra\"],\"articleSection\":[\"Belgique\"],\"inLanguage\":\"fr-BE\"},{\"@type\":\"WebPage\",\"@id\":\"https:\/\/vieassociative.be\/actualites\/tedesco-devra-probablement-partir-mais-qui-viendra\/\",\"url\":\"https:\/\/vieassociative.be\/actualites\/tedesco-devra-probablement-partir-mais-qui-viendra\/\",\"name\":\"Tedesco devra probablement partir \u2013 mais qui viendra ? | Vie Associative\",\"isPartOf\":{\"@id\":\"https:\/\/vieassociative.be\/actualites\/#website\"},\"primaryImageOfPage\":{\"@id\":\"https:\/\/vieassociative.be\/actualites\/tedesco-devra-probablement-partir-mais-qui-viendra\/#primaryimage\"},\"image\":{\"@id\":\"https:\/\/vieassociative.be\/actualites\/tedesco-devra-probablement-partir-mais-qui-viendra\/#primaryimage\"},\"thumbnailUrl\":\"https:\/\/vieassociative.be\/actualites\/wp-content\/uploads\/2025\/01\/1736475455_Tedesco-devra-probablement-partir-\u2013-mais-qui-viendra.jpg\",\"datePublished\":\"2025-01-10T02:17:35+00:00\",\"dateModified\":\"2025-01-10T02:17:35+00:00\",\"breadcrumb\":{\"@id\":\"https:\/\/vieassociative.be\/actualites\/tedesco-devra-probablement-partir-mais-qui-viendra\/#breadcrumb\"},\"inLanguage\":\"fr-BE\",\"potentialAction\":[{\"@type\":\"ReadAction\",\"target\":[\"https:\/\/vieassociative.be\/actualites\/tedesco-devra-probablement-partir-mais-qui-viendra\/\"]}]},{\"@type\":\"ImageObject\",\"inLanguage\":\"fr-BE\",\"@id\":\"https:\/\/vieassociative.be\/actualites\/tedesco-devra-probablement-partir-mais-qui-viendra\/#primaryimage\",\"url\":\"https:\/\/vieassociative.be\/actualites\/wp-content\/uploads\/2025\/01\/1736475455_Tedesco-devra-probablement-partir-\u2013-mais-qui-viendra.jpg\",\"contentUrl\":\"https:\/\/vieassociative.be\/actualites\/wp-content\/uploads\/2025\/01\/1736475455_Tedesco-devra-probablement-partir-\u2013-mais-qui-viendra.jpg\",\"width\":1200,\"height\":800,\"caption\":\"Tedesco devra probablement partir \u2013 mais qui viendra ?\"},{\"@type\":\"BreadcrumbList\",\"@id\":\"https:\/\/vieassociative.be\/actualites\/tedesco-devra-probablement-partir-mais-qui-viendra\/#breadcrumb\",\"itemListElement\":[{\"@type\":\"ListItem\",\"position\":1,\"name\":\"Accueil\",\"item\":\"https:\/\/vieassociative.be\/actualites\/\"},{\"@type\":\"ListItem\",\"position\":2,\"name\":\"Tedesco devra probablement partir \u2013 mais qui viendra ?\"}]},{\"@type\":\"WebSite\",\"@id\":\"https:\/\/vieassociative.be\/actualites\/#website\",\"url\":\"https:\/\/vieassociative.be\/actualites\/\",\"name\":\"Vie Associative\",\"description\":\"\",\"publisher\":{\"@id\":\"https:\/\/vieassociative.be\/actualites\/#organization\"},\"potentialAction\":[{\"@type\":\"SearchAction\",\"target\":{\"@type\":\"EntryPoint\",\"urlTemplate\":\"https:\/\/vieassociative.be\/actualites\/?s={search_term_string}\"},\"query-input\":{\"@type\":\"PropertyValueSpecification\",\"valueRequired\":true,\"valueName\":\"search_term_string\"}}],\"inLanguage\":\"fr-BE\"},{\"@type\":\"Organization\",\"@id\":\"https:\/\/vieassociative.be\/actualites\/#organization\",\"name\":\"Vie Associative\",\"url\":\"https:\/\/vieassociative.be\/actualites\/\",\"logo\":{\"@type\":\"ImageObject\",\"inLanguage\":\"fr-BE\",\"@id\":\"https:\/\/vieassociative.be\/actualites\/#\/schema\/logo\/image\/\",\"url\":\"https:\/\/vieassociative.be\/actualites\/wp-content\/uploads\/2024\/09\/cropped-vieassociative_favicon.ico.png\",\"contentUrl\":\"https:\/\/vieassociative.be\/actualites\/wp-content\/uploads\/2024\/09\/cropped-vieassociative_favicon.ico.png\",\"width\":512,\"height\":512,\"caption\":\"Vie Associative\"},\"image\":{\"@id\":\"https:\/\/vieassociative.be\/actualites\/#\/schema\/logo\/image\/\"}},{\"@type\":\"Person\",\"@id\":\"https:\/\/vieassociative.be\/actualites\/#\/schema\/person\/b87ac4f82f9d4e7b7cec7395b679edc4\",\"name\":\"Julien\",\"image\":{\"@type\":\"ImageObject\",\"inLanguage\":\"fr-BE\",\"@id\":\"https:\/\/vieassociative.be\/actualites\/#\/schema\/person\/image\/\",\"url\":\"https:\/\/vieassociative.be\/actualites\/wp-content\/uploads\/2024\/09\/vie-associative-1-150x150.jpg\",\"contentUrl\":\"https:\/\/vieassociative.be\/actualites\/wp-content\/uploads\/2024\/09\/vie-associative-1-150x150.jpg\",\"caption\":\"Julien\"},\"description\":\"Je suis Julien, r\u00e9dacteur pour Vie Associative. Passionn\u00e9 par le monde associatif depuis plus de 10 ans, j'ai \u00e0 c\u0153ur de partager des histoires inspirantes et de mettre en lumi\u00e8re les initiatives locales. Mon objectif est de sensibiliser et d'encourager l'engagement communautaire \u00e0 travers mes articles.\",\"sameAs\":[\"https:\/\/vieassociative.be\/\"]}]}<\/script>\n<!-- \/ Yoast SEO plugin. -->","yoast_head_json":{"title":"Tedesco devra probablement partir \u2013 mais qui viendra ? | Vie Associative","robots":{"index":"index","follow":"follow","max-snippet":"max-snippet:-1","max-image-preview":"max-image-preview:large","max-video-preview":"max-video-preview:-1"},"canonical":"https:\/\/vieassociative.be\/actualites\/tedesco-devra-probablement-partir-mais-qui-viendra\/","og_locale":"fr_FR","og_type":"article","og_title":"Tedesco devra probablement partir \u2013 mais qui viendra ? | Vie Associative","og_description":"De plus en plus de signes indiquent que Domenico Tedesco quitte l&rsquo;\u00e9quipe nationale belge de football. En cons\u00e9quence, il y a beaucoup de sp\u00e9culations sur","og_url":"https:\/\/vieassociative.be\/actualites\/tedesco-devra-probablement-partir-mais-qui-viendra\/","og_site_name":"Vie Associative","article_published_time":"2025-01-10T02:17:35+00:00","og_image":[{"width":279,"height":92,"url":"https:\/\/vieassociative.be\/actualites\/wp-content\/uploads\/2024\/09\/header_backgroundk-01-e1726694325946.png","type":"image\/png"}],"author":"Julien","twitter_card":"summary_large_image","twitter_misc":{"\u00c9crit par":"Julien","Dur\u00e9e de lecture est.":"3 minutes"},"schema":{"@context":"https:\/\/schema.org","@graph":[{"@type":"Article","@id":"https:\/\/vieassociative.be\/actualites\/tedesco-devra-probablement-partir-mais-qui-viendra\/#article","isPartOf":{"@id":"https:\/\/vieassociative.be\/actualites\/tedesco-devra-probablement-partir-mais-qui-viendra\/"},"author":{"name":"Julien","@id":"https:\/\/vieassociative.be\/actualites\/#\/schema\/person\/b87ac4f82f9d4e7b7cec7395b679edc4"},"headline":"Tedesco devra probablement partir \u2013 mais qui viendra ?","datePublished":"2025-01-10T02:17:35+00:00","dateModified":"2025-01-10T02:17:35+00:00","mainEntityOfPage":{"@id":"https:\/\/vieassociative.be\/actualites\/tedesco-devra-probablement-partir-mais-qui-viendra\/"},"wordCount":559,"publisher":{"@id":"https:\/\/vieassociative.be\/actualites\/#organization"},"image":{"@id":"https:\/\/vieassociative.be\/actualites\/tedesco-devra-probablement-partir-mais-qui-viendra\/#primaryimage"},"thumbnailUrl":"https:\/\/vieassociative.be\/actualites\/wp-content\/uploads\/2025\/01\/1736475455_Tedesco-devra-probablement-partir-\u2013-mais-qui-viendra.jpg","keywords":["devra","mais","partir","probablement","qui","Tedesco","viendra"],"articleSection":["Belgique"],"inLanguage":"fr-BE"},{"@type":"WebPage","@id":"https:\/\/vieassociative.be\/actualites\/tedesco-devra-probablement-partir-mais-qui-viendra\/","url":"https:\/\/vieassociative.be\/actualites\/tedesco-devra-probablement-partir-mais-qui-viendra\/","name":"Tedesco devra probablement partir \u2013 mais qui viendra ? | Vie Associative","isPartOf":{"@id":"https:\/\/vieassociative.be\/actualites\/#website"},"primaryImageOfPage":{"@id":"https:\/\/vieassociative.be\/actualites\/tedesco-devra-probablement-partir-mais-qui-viendra\/#primaryimage"},"image":{"@id":"https:\/\/vieassociative.be\/actualites\/tedesco-devra-probablement-partir-mais-qui-viendra\/#primaryimage"},"thumbnailUrl":"https:\/\/vieassociative.be\/actualites\/wp-content\/uploads\/2025\/01\/1736475455_Tedesco-devra-probablement-partir-\u2013-mais-qui-viendra.jpg","datePublished":"2025-01-10T02:17:35+00:00","dateModified":"2025-01-10T02:17:35+00:00","breadcrumb":{"@id":"https:\/\/vieassociative.be\/actualites\/tedesco-devra-probablement-partir-mais-qui-viendra\/#breadcrumb"},"inLanguage":"fr-BE","potentialAction":[{"@type":"ReadAction","target":["https:\/\/vieassociative.be\/actualites\/tedesco-devra-probablement-partir-mais-qui-viendra\/"]}]},{"@type":"ImageObject","inLanguage":"fr-BE","@id":"https:\/\/vieassociative.be\/actualites\/tedesco-devra-probablement-partir-mais-qui-viendra\/#primaryimage","url":"https:\/\/vieassociative.be\/actualites\/wp-content\/uploads\/2025\/01\/1736475455_Tedesco-devra-probablement-partir-\u2013-mais-qui-viendra.jpg","contentUrl":"https:\/\/vieassociative.be\/actualites\/wp-content\/uploads\/2025\/01\/1736475455_Tedesco-devra-probablement-partir-\u2013-mais-qui-viendra.jpg","width":1200,"height":800,"caption":"Tedesco devra probablement partir \u2013 mais qui viendra ?"},{"@type":"BreadcrumbList","@id":"https:\/\/vieassociative.be\/actualites\/tedesco-devra-probablement-partir-mais-qui-viendra\/#breadcrumb","itemListElement":[{"@type":"ListItem","position":1,"name":"Accueil","item":"https:\/\/vieassociative.be\/actualites\/"},{"@type":"ListItem","position":2,"name":"Tedesco devra probablement partir \u2013 mais qui viendra ?"}]},{"@type":"WebSite","@id":"https:\/\/vieassociative.be\/actualites\/#website","url":"https:\/\/vieassociative.be\/actualites\/","name":"Vie Associative","description":"","publisher":{"@id":"https:\/\/vieassociative.be\/actualites\/#organization"},"potentialAction":[{"@type":"SearchAction","target":{"@type":"EntryPoint","urlTemplate":"https:\/\/vieassociative.be\/actualites\/?s={search_term_string}"},"query-input":{"@type":"PropertyValueSpecification","valueRequired":true,"valueName":"search_term_string"}}],"inLanguage":"fr-BE"},{"@type":"Organization","@id":"https:\/\/vieassociative.be\/actualites\/#organization","name":"Vie Associative","url":"https:\/\/vieassociative.be\/actualites\/","logo":{"@type":"ImageObject","inLanguage":"fr-BE","@id":"https:\/\/vieassociative.be\/actualites\/#\/schema\/logo\/image\/","url":"https:\/\/vieassociative.be\/actualites\/wp-content\/uploads\/2024\/09\/cropped-vieassociative_favicon.ico.png","contentUrl":"https:\/\/vieassociative.be\/actualites\/wp-content\/uploads\/2024\/09\/cropped-vieassociative_favicon.ico.png","width":512,"height":512,"caption":"Vie Associative"},"image":{"@id":"https:\/\/vieassociative.be\/actualites\/#\/schema\/logo\/image\/"}},{"@type":"Person","@id":"https:\/\/vieassociative.be\/actualites\/#\/schema\/person\/b87ac4f82f9d4e7b7cec7395b679edc4","name":"Julien","image":{"@type":"ImageObject","inLanguage":"fr-BE","@id":"https:\/\/vieassociative.be\/actualites\/#\/schema\/person\/image\/","url":"https:\/\/vieassociative.be\/actualites\/wp-content\/uploads\/2024\/09\/vie-associative-1-150x150.jpg","contentUrl":"https:\/\/vieassociative.be\/actualites\/wp-content\/uploads\/2024\/09\/vie-associative-1-150x150.jpg","caption":"Julien"},"description":"Je suis Julien, r\u00e9dacteur pour Vie Associative. Passionn\u00e9 par le monde associatif depuis plus de 10 ans, j'ai \u00e0 c\u0153ur de partager des histoires inspirantes et de mettre en lumi\u00e8re les initiatives locales. Mon objectif est de sensibiliser et d'encourager l'engagement communautaire \u00e0 travers mes articles.","sameAs":["https:\/\/vieassociative.be\/"]}]}},"_links":{"self":[{"href":"https:\/\/vieassociative.be\/actualites\/wp-json\/wp\/v2\/posts\/4215"}],"collection":[{"href":"https:\/\/vieassociative.be\/actualites\/wp-json\/wp\/v2\/posts"}],"about":[{"href":"https:\/\/vieassociative.be\/actualites\/wp-json\/wp\/v2\/types\/post"}],"author":[{"embeddable":true,"href":"https:\/\/vieassociative.be\/actualites\/wp-json\/wp\/v2\/users\/1"}],"replies":[{"embeddable":true,"href":"https:\/\/vieassociative.be\/actualites\/wp-json\/wp\/v2\/comments?post=4215"}],"version-history":[{"count":0,"href":"https:\/\/vieassociative.be\/actualites\/wp-json\/wp\/v2\/posts\/4215\/revisions"}],"wp:featuredmedia":[{"embeddable":true,"href":"https:\/\/vieassociative.be\/actualites\/wp-json\/wp\/v2\/media\/4216"}],"wp:attachment":[{"href":"https:\/\/vieassociative.be\/actualites\/wp-json\/wp\/v2\/media?parent=4215"}],"wp:term":[{"taxonomy":"category","embeddable":true,"href":"https:\/\/vieassociative.be\/actualites\/wp-json\/wp\/v2\/categories?post=4215"},{"taxonomy":"post_tag","embeddable":true,"href":"https:\/\/vieassociative.be\/actualites\/wp-json\/wp\/v2\/tags?post=4215"}],"curies":[{"name":"wp","href":"https:\/\/api.w.org\/{rel}","templated":true}]}}