{"id":4211,"date":"2025-01-10T01:20:11","date_gmt":"2025-01-10T00:20:11","guid":{"rendered":"https:\/\/vieassociative.be\/actualites\/marquez-ces-evenements-celestes-2025-sur-votre-calendrier\/"},"modified":"2025-01-10T01:20:11","modified_gmt":"2025-01-10T00:20:11","slug":"marquez-ces-evenements-celestes-2025-sur-votre-calendrier","status":"publish","type":"post","link":"https:\/\/vieassociative.be\/actualites\/marquez-ces-evenements-celestes-2025-sur-votre-calendrier\/","title":{"rendered":"Marquez ces \u00e9v\u00e9nements c\u00e9lestes 2025 sur votre calendrier"},"content":{"rendered":"<div class=\"mt-4 leading-6 md:mb-8\">Voici quand rechercher les pleines lunes, les pluies de m\u00e9t\u00e9ores et les d\u00e9fil\u00e9s plan\u00e9taires.<\/div>\n<p><\/p>\n<p>Les passionn\u00e9s du ciel ont beaucoup \u00e0 esp\u00e9rer en 2025, avec des \u00e9clipses, des pluies de m\u00e9t\u00e9ores et des alignements plan\u00e9taires \u00e9clairant (ou assombrissant) le ciel. Voici les \u00e9v\u00e9nements \u00e0 ajouter \u00e0 votre calendrier. <\/p>\n<h2 id=\"january\">Janvier<\/h2>\n<p>Le premier mois de l\u2019ann\u00e9e apportera une pluie de m\u00e9t\u00e9ores moins connue et une certaine action plan\u00e9taire. <\/p>\n<ul>\n<li>\n<p><strong>3 et 4 janvier\u00a0: pluie de m\u00e9t\u00e9ores quadrantides<\/strong>. Les Quadrantides sont actifs du 28 d\u00e9cembre au 12 janvier, mais devraient culminer vers 4 heures du matin (heure de l&rsquo;Est) le 4 janvier. La lune ne sera \u00e9clair\u00e9e qu&rsquo;\u00e0 47 % et la pluie peut produire plus de 100 m\u00e9t\u00e9ores par heure dans des conditions id\u00e9ales. L&rsquo;observation est meilleure dans l&rsquo;h\u00e9misph\u00e8re nord. <\/p>\n<\/li>\n<li>\n<p><strong>13 janvier\u00a0:\u00a0Lune des loups<\/strong>. La premi\u00e8re pleine lune de 2025 a un attrait suppl\u00e9mentaire, car elle passera pr\u00e8s (presque devant) de Mars. La plan\u00e8te rouge semblera dispara\u00eetre derri\u00e8re la Lune \u00e0 21 h 16 HNE et r\u00e9appara\u00eetra \u00e0 22 h 31 HNE. <\/p>\n<\/li>\n<li>\n<p><strong>15 janvier : Mars en opposition<\/strong>. L\u2019observation maximale de Mars a lieu en janvier. En opposition, toute la face illumin\u00e9e de la plan\u00e8te rouge est tourn\u00e9e vers la Terre. Cherchez-le dans le ciel \u00e0 l\u2019est lorsque le soleil se couche vers l\u2019ouest. <\/p>\n<\/li>\n<\/ul>\n<h2 id=\"february\">F\u00e9vrier<\/h2>\n<p>L&rsquo;\u00e9v\u00e9nement principal de f\u00e9vrier est un <strong>d\u00e9fil\u00e9 plan\u00e9taire<\/strong>lorsque les plan\u00e8tes semblent \u00eatre align\u00e9es dans le ciel terrestre. Le d\u00e9fil\u00e9 commence en fait le 10 janvier lorsque la Lune rejoint Jupiter et se poursuit jusqu&rsquo;en f\u00e9vrier. Saturne dispara\u00eetra au milieu du mois, mais la petite Mercure sera \u00e0 peine visible lors du d\u00e9fil\u00e9 du 28 f\u00e9vrier. <\/p>\n<p>Un croissant de V\u00e9nus sera \u00e9galement visible le 19 f\u00e9vrier, lorsque la plan\u00e8te sera \u00e0 son point le plus proche de la Terre. <\/p>\n<h2 id=\"march\">Mars<\/h2>\n<p>Mars a deux \u00e9clipses\u00a0: <\/p>\n<ul>\n<li>\n<p><strong>14 mars : \u00e9clipse totale de Lune<\/strong>. Lorsque la Lune traverse l\u2019ombre de la Terre, elle projette une teinte rouge fonc\u00e9. Bien que l\u2019\u00e9clipse totale de Lune soit visible dans le monde entier, la totalit\u00e9 de 65 minutes ne se produira que dans les Am\u00e9riques et en Antarctique. <\/p>\n<\/li>\n<li>\n<p><strong>26 mars : \u00e9clipse partielle de Soleil<\/strong>. Les Canadiens et les Am\u00e9ricains vivant le long de la c\u00f4te Est b\u00e9n\u00e9ficieront de la meilleure vue sur l&rsquo;\u00e9clipse solaire partielle de mars, qui couvrira jusqu&rsquo;\u00e0 93 % du soleil. Si vous ne pouvez pas voyager pour le voir, vous pouvez regarder la diffusion en direct sur YouTube. <\/p>\n<\/li>\n<\/ul>\n<h2 id=\"april\">Avril<\/h2>\n<p>Le <strong>Pluie de m\u00e9t\u00e9ores Lyrides<\/strong> sera actif entre le 15 et le 30 avril, avec un pic dans la nuit du 21 au 22 avril. Environ 10 \u00e0 20 m\u00e9t\u00e9ores (et \u00e9ventuellement des boules de feu) sont visibles par heure dans des conditions id\u00e9ales. Pour une meilleure visualisation, cherchez la douche avant le lever de la lune. <\/p>\n<h2 id=\"may\">Peut<\/h2>\n<p>Le <strong>Eta Aquarides<\/strong>\u2014 l&rsquo;une des deux averses r\u00e9sultant de la com\u00e8te de Halley \u2014 devrait culminer dans la nuit du 6 au 7 mai. Les spectateurs de l\u2019h\u00e9misph\u00e8re sud peuvent voir jusqu\u2019\u00e0 60 m\u00e9t\u00e9ores par heure. Ceux de l\u2019h\u00e9misph\u00e8re Nord auront toujours droit \u00e0 un spectacle, mais moins spectaculaire. <\/p>\n<h2 id=\"july\">Juillet<\/h2>\n<p>Le <strong>Delta Aquarides<\/strong> et <strong>Alpha Capricornides<\/strong> culminent tous deux fin juillet (29-30). Le premier peut avoir jusqu&rsquo;\u00e0 20 \u00e9toiles filantes par heure avec les meilleures conditions dans l&rsquo;h\u00e9misph\u00e8re sud, le second a moins de m\u00e9t\u00e9ores, mais ils sont tr\u00e8s brillants. Le ciel doit \u00eatre relativement sombre pour une bonne visualisation. <\/p>\n<h2 id=\"august\">Ao\u00fbt<\/h2>\n<p>Le habituellement spectaculaire <strong>Pers\u00e9ides<\/strong> le sera un peu moins en 2025 ; le pic de la douche, les 12 et 13 ao\u00fbt, arrive quelques jours seulement apr\u00e8s la pleine lune. Cependant, cela vaut peut-\u00eatre la peine d\u2019\u00eatre recherch\u00e9, car il produit souvent pr\u00e8s de 100 m\u00e9t\u00e9ores par heure. En m\u00eame temps, vous pouvez observer la conjonction de Jupiter et de V\u00e9nus dans le ciel oriental (une heure avant le lever du soleil le 12 ao\u00fbt). <\/p>\n<h2 id=\"september\">Septembre<\/h2>\n<p>Saturne sera en opposition dans la nuit du 21 septembre. Tout comme Mars en janvier, cet \u00e9v\u00e9nement montrera Saturne dans sa forme la plus brillante, visible \u00e0 l&rsquo;\u0153il nu. <\/p>\n<p>(Il y a aussi une deuxi\u00e8me \u00e9clipse solaire partielle visible depuis la Nouvelle-Z\u00e9lande le m\u00eame jour.) <\/p>\n<h2 id=\"october\">Octobre<\/h2>\n<p>Le <strong>Orionides<\/strong> sont actifs du 2 octobre au 12 novembre, avec un pic dans la nuit du 22 au 23 octobre. La lune ne sera pleine qu\u2019\u00e0 2 %, laissant le ciel sombre pour une vision solide. La pluie produit 10 \u00e0 20 m\u00e9t\u00e9ores par heure. <\/p>\n<p>Alors que le <strong>Draconides<\/strong> culminant juste un jour apr\u00e8s la pleine lune d&rsquo;octobre (la Lune du Chasseur le 6 octobre), les astronomes disent qu&rsquo;il y a une infime possibilit\u00e9 d&rsquo;une temp\u00eate de m\u00e9t\u00e9ores cette ann\u00e9e. <\/p>\n<h2 id=\"november\">Novembre<\/h2>\n<p>La lune et les m\u00e9t\u00e9ores illumineront le ciel en novembre : <\/p>\n<ul>\n<li>\n<p><strong>5 novembre : Super Lune<\/strong>. La deuxi\u00e8me super lune de 2025 sera la plus grande et la plus brillante depuis 2019 gr\u00e2ce \u00e0 sa proximit\u00e9 avec la Terre. <\/p>\n<\/li>\n<li>\n<p><strong>16-17 novembre\u00a0: pluie de m\u00e9t\u00e9ores L\u00e9onides<\/strong>. Dans des conditions id\u00e9ales, les L\u00e9onides, issues de la com\u00e8te 55P\/Temple-Tuttle, produisent 10 \u00e0 15 m\u00e9t\u00e9ores par heure. Lors de la nuit de pointe de 2025, la lune ne sera pleine qu\u2019\u00e0 9 %. <\/p>\n<\/li>\n<\/ul>\n<h2 id=\"december\">D\u00e9cembre<\/h2>\n<p>Enfin, les couleurs vives <strong>G\u00e9minides<\/strong> sera actif du 19 novembre au 24 d\u00e9cembre avec un pic pr\u00e9vu du 13 au 14 d\u00e9cembre. Contrairement \u00e0 2024, la Lune ne g\u00eanera pas l\u2019observation. Cherchez-les entre le milieu de la soir\u00e9e et 2 heures du matin, lorsqu&rsquo;il est possible d&rsquo;observer 120 m\u00e9t\u00e9ores par heure dans l&rsquo;h\u00e9misph\u00e8re nord. <\/p>\n","protected":false},"excerpt":{"rendered":"<p>Voici quand rechercher les pleines lunes, les pluies de m\u00e9t\u00e9ores et les d\u00e9fil\u00e9s plan\u00e9taires. Les passionn\u00e9s du ciel ont beaucoup \u00e0 esp\u00e9rer en 2025, avec<\/p>\n","protected":false},"author":1,"featured_media":4212,"comment_status":"","ping_status":"","sticky":false,"template":"","format":"standard","meta":{"footnotes":""},"categories":[1],"tags":[3293,4652,248,4651,4650,33,8],"class_list":["post-4211","post","type-post","status-publish","format-standard","has-post-thumbnail","hentry","category-non-classe","tag-calendrier","tag-celestes","tag-ces","tag-evenements","tag-marquez","tag-sur","tag-votre","generate-columns","tablet-grid-50","mobile-grid-100","grid-parent","grid-33"],"yoast_head":"<!-- This site is optimized with the Yoast SEO plugin v24.0 - https:\/\/yoast.com\/wordpress\/plugins\/seo\/ -->\n<title>Marquez ces \u00e9v\u00e9nements c\u00e9lestes 2025 sur votre calendrier | Vie Associative<\/title>\n<meta name=\"robots\" content=\"index, follow, max-snippet:-1, max-image-preview:large, max-video-preview:-1\" \/>\n<link rel=\"canonical\" href=\"https:\/\/vieassociative.be\/actualites\/marquez-ces-evenements-celestes-2025-sur-votre-calendrier\/\" \/>\n<meta property=\"og:locale\" content=\"fr_FR\" \/>\n<meta property=\"og:type\" content=\"article\" \/>\n<meta property=\"og:title\" content=\"Marquez ces \u00e9v\u00e9nements c\u00e9lestes 2025 sur votre calendrier | Vie Associative\" \/>\n<meta property=\"og:description\" content=\"Voici quand rechercher les pleines lunes, les pluies de m\u00e9t\u00e9ores et les d\u00e9fil\u00e9s plan\u00e9taires. Les passionn\u00e9s du ciel ont beaucoup \u00e0 esp\u00e9rer en 2025, avec\" \/>\n<meta property=\"og:url\" content=\"https:\/\/vieassociative.be\/actualites\/marquez-ces-evenements-celestes-2025-sur-votre-calendrier\/\" \/>\n<meta property=\"og:site_name\" content=\"Vie Associative\" \/>\n<meta property=\"article:published_time\" content=\"2025-01-10T00:20:11+00:00\" \/>\n<meta property=\"og:image\" content=\"https:\/\/vieassociative.be\/actualites\/wp-content\/uploads\/2024\/09\/header_backgroundk-01-e1726694325946.png\" \/>\n\t<meta property=\"og:image:width\" content=\"279\" \/>\n\t<meta property=\"og:image:height\" content=\"92\" \/>\n\t<meta property=\"og:image:type\" content=\"image\/png\" \/>\n<meta name=\"author\" content=\"Julien\" \/>\n<meta name=\"twitter:card\" content=\"summary_large_image\" \/>\n<meta name=\"twitter:label1\" content=\"\u00c9crit par\" \/>\n\t<meta name=\"twitter:data1\" content=\"Julien\" \/>\n\t<meta name=\"twitter:label2\" content=\"Dur\u00e9e de lecture est.\" \/>\n\t<meta name=\"twitter:data2\" content=\"5 minutes\" \/>\n<script type=\"application\/ld+json\" class=\"yoast-schema-graph\">{\"@context\":\"https:\/\/schema.org\",\"@graph\":[{\"@type\":\"Article\",\"@id\":\"https:\/\/vieassociative.be\/actualites\/marquez-ces-evenements-celestes-2025-sur-votre-calendrier\/#article\",\"isPartOf\":{\"@id\":\"https:\/\/vieassociative.be\/actualites\/marquez-ces-evenements-celestes-2025-sur-votre-calendrier\/\"},\"author\":{\"name\":\"Julien\",\"@id\":\"https:\/\/vieassociative.be\/actualites\/#\/schema\/person\/b87ac4f82f9d4e7b7cec7395b679edc4\"},\"headline\":\"Marquez ces \u00e9v\u00e9nements c\u00e9lestes 2025 sur votre calendrier\",\"datePublished\":\"2025-01-10T00:20:11+00:00\",\"dateModified\":\"2025-01-10T00:20:11+00:00\",\"mainEntityOfPage\":{\"@id\":\"https:\/\/vieassociative.be\/actualites\/marquez-ces-evenements-celestes-2025-sur-votre-calendrier\/\"},\"wordCount\":963,\"publisher\":{\"@id\":\"https:\/\/vieassociative.be\/actualites\/#organization\"},\"image\":{\"@id\":\"https:\/\/vieassociative.be\/actualites\/marquez-ces-evenements-celestes-2025-sur-votre-calendrier\/#primaryimage\"},\"thumbnailUrl\":\"https:\/\/vieassociative.be\/actualites\/wp-content\/uploads\/2025\/01\/Marquez-ces-evenements-celestes-2025-sur-votre-calendrier.jpg\",\"keywords\":[\"calendrier\",\"c\u00e9lestes\",\"ces\",\"\u00e9v\u00e9nements\",\"Marquez\",\"sur\",\"votre\"],\"inLanguage\":\"fr-BE\"},{\"@type\":\"WebPage\",\"@id\":\"https:\/\/vieassociative.be\/actualites\/marquez-ces-evenements-celestes-2025-sur-votre-calendrier\/\",\"url\":\"https:\/\/vieassociative.be\/actualites\/marquez-ces-evenements-celestes-2025-sur-votre-calendrier\/\",\"name\":\"Marquez ces \u00e9v\u00e9nements c\u00e9lestes 2025 sur votre calendrier | Vie Associative\",\"isPartOf\":{\"@id\":\"https:\/\/vieassociative.be\/actualites\/#website\"},\"primaryImageOfPage\":{\"@id\":\"https:\/\/vieassociative.be\/actualites\/marquez-ces-evenements-celestes-2025-sur-votre-calendrier\/#primaryimage\"},\"image\":{\"@id\":\"https:\/\/vieassociative.be\/actualites\/marquez-ces-evenements-celestes-2025-sur-votre-calendrier\/#primaryimage\"},\"thumbnailUrl\":\"https:\/\/vieassociative.be\/actualites\/wp-content\/uploads\/2025\/01\/Marquez-ces-evenements-celestes-2025-sur-votre-calendrier.jpg\",\"datePublished\":\"2025-01-10T00:20:11+00:00\",\"dateModified\":\"2025-01-10T00:20:11+00:00\",\"breadcrumb\":{\"@id\":\"https:\/\/vieassociative.be\/actualites\/marquez-ces-evenements-celestes-2025-sur-votre-calendrier\/#breadcrumb\"},\"inLanguage\":\"fr-BE\",\"potentialAction\":[{\"@type\":\"ReadAction\",\"target\":[\"https:\/\/vieassociative.be\/actualites\/marquez-ces-evenements-celestes-2025-sur-votre-calendrier\/\"]}]},{\"@type\":\"ImageObject\",\"inLanguage\":\"fr-BE\",\"@id\":\"https:\/\/vieassociative.be\/actualites\/marquez-ces-evenements-celestes-2025-sur-votre-calendrier\/#primaryimage\",\"url\":\"https:\/\/vieassociative.be\/actualites\/wp-content\/uploads\/2025\/01\/Marquez-ces-evenements-celestes-2025-sur-votre-calendrier.jpg\",\"contentUrl\":\"https:\/\/vieassociative.be\/actualites\/wp-content\/uploads\/2025\/01\/Marquez-ces-evenements-celestes-2025-sur-votre-calendrier.jpg\",\"width\":1200,\"height\":675,\"caption\":\"Marquez ces \u00e9v\u00e9nements c\u00e9lestes 2025 sur votre calendrier\"},{\"@type\":\"BreadcrumbList\",\"@id\":\"https:\/\/vieassociative.be\/actualites\/marquez-ces-evenements-celestes-2025-sur-votre-calendrier\/#breadcrumb\",\"itemListElement\":[{\"@type\":\"ListItem\",\"position\":1,\"name\":\"Accueil\",\"item\":\"https:\/\/vieassociative.be\/actualites\/\"},{\"@type\":\"ListItem\",\"position\":2,\"name\":\"Marquez ces \u00e9v\u00e9nements c\u00e9lestes 2025 sur votre calendrier\"}]},{\"@type\":\"WebSite\",\"@id\":\"https:\/\/vieassociative.be\/actualites\/#website\",\"url\":\"https:\/\/vieassociative.be\/actualites\/\",\"name\":\"Vie Associative\",\"description\":\"\",\"publisher\":{\"@id\":\"https:\/\/vieassociative.be\/actualites\/#organization\"},\"potentialAction\":[{\"@type\":\"SearchAction\",\"target\":{\"@type\":\"EntryPoint\",\"urlTemplate\":\"https:\/\/vieassociative.be\/actualites\/?s={search_term_string}\"},\"query-input\":{\"@type\":\"PropertyValueSpecification\",\"valueRequired\":true,\"valueName\":\"search_term_string\"}}],\"inLanguage\":\"fr-BE\"},{\"@type\":\"Organization\",\"@id\":\"https:\/\/vieassociative.be\/actualites\/#organization\",\"name\":\"Vie Associative\",\"url\":\"https:\/\/vieassociative.be\/actualites\/\",\"logo\":{\"@type\":\"ImageObject\",\"inLanguage\":\"fr-BE\",\"@id\":\"https:\/\/vieassociative.be\/actualites\/#\/schema\/logo\/image\/\",\"url\":\"https:\/\/vieassociative.be\/actualites\/wp-content\/uploads\/2024\/09\/cropped-vieassociative_favicon.ico.png\",\"contentUrl\":\"https:\/\/vieassociative.be\/actualites\/wp-content\/uploads\/2024\/09\/cropped-vieassociative_favicon.ico.png\",\"width\":512,\"height\":512,\"caption\":\"Vie Associative\"},\"image\":{\"@id\":\"https:\/\/vieassociative.be\/actualites\/#\/schema\/logo\/image\/\"}},{\"@type\":\"Person\",\"@id\":\"https:\/\/vieassociative.be\/actualites\/#\/schema\/person\/b87ac4f82f9d4e7b7cec7395b679edc4\",\"name\":\"Julien\",\"image\":{\"@type\":\"ImageObject\",\"inLanguage\":\"fr-BE\",\"@id\":\"https:\/\/vieassociative.be\/actualites\/#\/schema\/person\/image\/\",\"url\":\"https:\/\/vieassociative.be\/actualites\/wp-content\/uploads\/2024\/09\/vie-associative-1-150x150.jpg\",\"contentUrl\":\"https:\/\/vieassociative.be\/actualites\/wp-content\/uploads\/2024\/09\/vie-associative-1-150x150.jpg\",\"caption\":\"Julien\"},\"description\":\"Je suis Julien, r\u00e9dacteur pour Vie Associative. Passionn\u00e9 par le monde associatif depuis plus de 10 ans, j'ai \u00e0 c\u0153ur de partager des histoires inspirantes et de mettre en lumi\u00e8re les initiatives locales. Mon objectif est de sensibiliser et d'encourager l'engagement communautaire \u00e0 travers mes articles.\",\"sameAs\":[\"https:\/\/vieassociative.be\/\"]}]}<\/script>\n<!-- \/ Yoast SEO plugin. -->","yoast_head_json":{"title":"Marquez ces \u00e9v\u00e9nements c\u00e9lestes 2025 sur votre calendrier | Vie Associative","robots":{"index":"index","follow":"follow","max-snippet":"max-snippet:-1","max-image-preview":"max-image-preview:large","max-video-preview":"max-video-preview:-1"},"canonical":"https:\/\/vieassociative.be\/actualites\/marquez-ces-evenements-celestes-2025-sur-votre-calendrier\/","og_locale":"fr_FR","og_type":"article","og_title":"Marquez ces \u00e9v\u00e9nements c\u00e9lestes 2025 sur votre calendrier | Vie Associative","og_description":"Voici quand rechercher les pleines lunes, les pluies de m\u00e9t\u00e9ores et les d\u00e9fil\u00e9s plan\u00e9taires. Les passionn\u00e9s du ciel ont beaucoup \u00e0 esp\u00e9rer en 2025, avec","og_url":"https:\/\/vieassociative.be\/actualites\/marquez-ces-evenements-celestes-2025-sur-votre-calendrier\/","og_site_name":"Vie Associative","article_published_time":"2025-01-10T00:20:11+00:00","og_image":[{"width":279,"height":92,"url":"https:\/\/vieassociative.be\/actualites\/wp-content\/uploads\/2024\/09\/header_backgroundk-01-e1726694325946.png","type":"image\/png"}],"author":"Julien","twitter_card":"summary_large_image","twitter_misc":{"\u00c9crit par":"Julien","Dur\u00e9e de lecture est.":"5 minutes"},"schema":{"@context":"https:\/\/schema.org","@graph":[{"@type":"Article","@id":"https:\/\/vieassociative.be\/actualites\/marquez-ces-evenements-celestes-2025-sur-votre-calendrier\/#article","isPartOf":{"@id":"https:\/\/vieassociative.be\/actualites\/marquez-ces-evenements-celestes-2025-sur-votre-calendrier\/"},"author":{"name":"Julien","@id":"https:\/\/vieassociative.be\/actualites\/#\/schema\/person\/b87ac4f82f9d4e7b7cec7395b679edc4"},"headline":"Marquez ces \u00e9v\u00e9nements c\u00e9lestes 2025 sur votre calendrier","datePublished":"2025-01-10T00:20:11+00:00","dateModified":"2025-01-10T00:20:11+00:00","mainEntityOfPage":{"@id":"https:\/\/vieassociative.be\/actualites\/marquez-ces-evenements-celestes-2025-sur-votre-calendrier\/"},"wordCount":963,"publisher":{"@id":"https:\/\/vieassociative.be\/actualites\/#organization"},"image":{"@id":"https:\/\/vieassociative.be\/actualites\/marquez-ces-evenements-celestes-2025-sur-votre-calendrier\/#primaryimage"},"thumbnailUrl":"https:\/\/vieassociative.be\/actualites\/wp-content\/uploads\/2025\/01\/Marquez-ces-evenements-celestes-2025-sur-votre-calendrier.jpg","keywords":["calendrier","c\u00e9lestes","ces","\u00e9v\u00e9nements","Marquez","sur","votre"],"inLanguage":"fr-BE"},{"@type":"WebPage","@id":"https:\/\/vieassociative.be\/actualites\/marquez-ces-evenements-celestes-2025-sur-votre-calendrier\/","url":"https:\/\/vieassociative.be\/actualites\/marquez-ces-evenements-celestes-2025-sur-votre-calendrier\/","name":"Marquez ces \u00e9v\u00e9nements c\u00e9lestes 2025 sur votre calendrier | Vie Associative","isPartOf":{"@id":"https:\/\/vieassociative.be\/actualites\/#website"},"primaryImageOfPage":{"@id":"https:\/\/vieassociative.be\/actualites\/marquez-ces-evenements-celestes-2025-sur-votre-calendrier\/#primaryimage"},"image":{"@id":"https:\/\/vieassociative.be\/actualites\/marquez-ces-evenements-celestes-2025-sur-votre-calendrier\/#primaryimage"},"thumbnailUrl":"https:\/\/vieassociative.be\/actualites\/wp-content\/uploads\/2025\/01\/Marquez-ces-evenements-celestes-2025-sur-votre-calendrier.jpg","datePublished":"2025-01-10T00:20:11+00:00","dateModified":"2025-01-10T00:20:11+00:00","breadcrumb":{"@id":"https:\/\/vieassociative.be\/actualites\/marquez-ces-evenements-celestes-2025-sur-votre-calendrier\/#breadcrumb"},"inLanguage":"fr-BE","potentialAction":[{"@type":"ReadAction","target":["https:\/\/vieassociative.be\/actualites\/marquez-ces-evenements-celestes-2025-sur-votre-calendrier\/"]}]},{"@type":"ImageObject","inLanguage":"fr-BE","@id":"https:\/\/vieassociative.be\/actualites\/marquez-ces-evenements-celestes-2025-sur-votre-calendrier\/#primaryimage","url":"https:\/\/vieassociative.be\/actualites\/wp-content\/uploads\/2025\/01\/Marquez-ces-evenements-celestes-2025-sur-votre-calendrier.jpg","contentUrl":"https:\/\/vieassociative.be\/actualites\/wp-content\/uploads\/2025\/01\/Marquez-ces-evenements-celestes-2025-sur-votre-calendrier.jpg","width":1200,"height":675,"caption":"Marquez ces \u00e9v\u00e9nements c\u00e9lestes 2025 sur votre calendrier"},{"@type":"BreadcrumbList","@id":"https:\/\/vieassociative.be\/actualites\/marquez-ces-evenements-celestes-2025-sur-votre-calendrier\/#breadcrumb","itemListElement":[{"@type":"ListItem","position":1,"name":"Accueil","item":"https:\/\/vieassociative.be\/actualites\/"},{"@type":"ListItem","position":2,"name":"Marquez ces \u00e9v\u00e9nements c\u00e9lestes 2025 sur votre calendrier"}]},{"@type":"WebSite","@id":"https:\/\/vieassociative.be\/actualites\/#website","url":"https:\/\/vieassociative.be\/actualites\/","name":"Vie Associative","description":"","publisher":{"@id":"https:\/\/vieassociative.be\/actualites\/#organization"},"potentialAction":[{"@type":"SearchAction","target":{"@type":"EntryPoint","urlTemplate":"https:\/\/vieassociative.be\/actualites\/?s={search_term_string}"},"query-input":{"@type":"PropertyValueSpecification","valueRequired":true,"valueName":"search_term_string"}}],"inLanguage":"fr-BE"},{"@type":"Organization","@id":"https:\/\/vieassociative.be\/actualites\/#organization","name":"Vie Associative","url":"https:\/\/vieassociative.be\/actualites\/","logo":{"@type":"ImageObject","inLanguage":"fr-BE","@id":"https:\/\/vieassociative.be\/actualites\/#\/schema\/logo\/image\/","url":"https:\/\/vieassociative.be\/actualites\/wp-content\/uploads\/2024\/09\/cropped-vieassociative_favicon.ico.png","contentUrl":"https:\/\/vieassociative.be\/actualites\/wp-content\/uploads\/2024\/09\/cropped-vieassociative_favicon.ico.png","width":512,"height":512,"caption":"Vie Associative"},"image":{"@id":"https:\/\/vieassociative.be\/actualites\/#\/schema\/logo\/image\/"}},{"@type":"Person","@id":"https:\/\/vieassociative.be\/actualites\/#\/schema\/person\/b87ac4f82f9d4e7b7cec7395b679edc4","name":"Julien","image":{"@type":"ImageObject","inLanguage":"fr-BE","@id":"https:\/\/vieassociative.be\/actualites\/#\/schema\/person\/image\/","url":"https:\/\/vieassociative.be\/actualites\/wp-content\/uploads\/2024\/09\/vie-associative-1-150x150.jpg","contentUrl":"https:\/\/vieassociative.be\/actualites\/wp-content\/uploads\/2024\/09\/vie-associative-1-150x150.jpg","caption":"Julien"},"description":"Je suis Julien, r\u00e9dacteur pour Vie Associative. Passionn\u00e9 par le monde associatif depuis plus de 10 ans, j'ai \u00e0 c\u0153ur de partager des histoires inspirantes et de mettre en lumi\u00e8re les initiatives locales. Mon objectif est de sensibiliser et d'encourager l'engagement communautaire \u00e0 travers mes articles.","sameAs":["https:\/\/vieassociative.be\/"]}]}},"_links":{"self":[{"href":"https:\/\/vieassociative.be\/actualites\/wp-json\/wp\/v2\/posts\/4211"}],"collection":[{"href":"https:\/\/vieassociative.be\/actualites\/wp-json\/wp\/v2\/posts"}],"about":[{"href":"https:\/\/vieassociative.be\/actualites\/wp-json\/wp\/v2\/types\/post"}],"author":[{"embeddable":true,"href":"https:\/\/vieassociative.be\/actualites\/wp-json\/wp\/v2\/users\/1"}],"replies":[{"embeddable":true,"href":"https:\/\/vieassociative.be\/actualites\/wp-json\/wp\/v2\/comments?post=4211"}],"version-history":[{"count":0,"href":"https:\/\/vieassociative.be\/actualites\/wp-json\/wp\/v2\/posts\/4211\/revisions"}],"wp:featuredmedia":[{"embeddable":true,"href":"https:\/\/vieassociative.be\/actualites\/wp-json\/wp\/v2\/media\/4212"}],"wp:attachment":[{"href":"https:\/\/vieassociative.be\/actualites\/wp-json\/wp\/v2\/media?parent=4211"}],"wp:term":[{"taxonomy":"category","embeddable":true,"href":"https:\/\/vieassociative.be\/actualites\/wp-json\/wp\/v2\/categories?post=4211"},{"taxonomy":"post_tag","embeddable":true,"href":"https:\/\/vieassociative.be\/actualites\/wp-json\/wp\/v2\/tags?post=4211"}],"curies":[{"name":"wp","href":"https:\/\/api.w.org\/{rel}","templated":true}]}}