{"id":4209,"date":"2025-01-10T00:18:20","date_gmt":"2025-01-09T23:18:20","guid":{"rendered":"https:\/\/vieassociative.be\/actualites\/comment-se-preparer-a-lanxiete-de-separation-de-votre-enfant\/"},"modified":"2025-01-10T00:18:20","modified_gmt":"2025-01-09T23:18:20","slug":"comment-se-preparer-a-lanxiete-de-separation-de-votre-enfant","status":"publish","type":"post","link":"https:\/\/vieassociative.be\/actualites\/comment-se-preparer-a-lanxiete-de-separation-de-votre-enfant\/","title":{"rendered":"Comment se pr\u00e9parer \u00e0 l&rsquo;anxi\u00e9t\u00e9 de s\u00e9paration de votre enfant"},"content":{"rendered":"<div class=\"mt-4 leading-6 md:mb-8\">Nous sommes sur le point d\u2019entrer dans une nouvelle ann\u00e9e scolaire pas comme les autres, et nos enfants peuvent se sentir stress\u00e9s \u00e0 ce sujet.<\/div>\n<p><\/p>\n<p>Le premier jour (semaine, mois) d\u2019\u00e9cole peut \u00eatre difficile pour certains enfants, en particulier ceux qui entrent \u00e0 la maternelle ou \u00e0 la maternelle pour la premi\u00e8re fois. Ils veulent rester avec vous ; ils ont peur que tu ne reviennes pas ; ils ne connaissent ni cet adulte ni ces autres enfants \u2013 tout cela peut \u00eatre effrayant. Mais cette ann\u00e9e&#8230;<em>cette ann\u00e9e<\/em>&#8211; de nombreux enfants viennent de suivre plus d&rsquo;un an d&rsquo;apprentissage virtuel. \u00catre attach\u00e9 \u00e0 la hanche \u00e9tait le mode de fonctionnement par d\u00e9faut, et certains des \u00e9l\u00e8ves les plus jeunes n&rsquo;ont m\u00eame jamais mis les pieds dans une salle de classe. <\/p>\n<p>Ajoutez \u00e0 tout cela le fait que de nombreux enfants ne sont toujours pas vaccin\u00e9s, que la variante Delta augmente partout et que les masques continueront d&rsquo;\u00eatre un \u00e9l\u00e9ment important pour assurer leur s\u00e9curit\u00e9, et cela a du sens si nous sommes tout cela est un peu nerveux en ce moment. <em>Mais,<\/em> Si vos enfants sont sur le point de retourner \u00e0 l&rsquo;\u00e9cole dans les jours ou les semaines \u00e0 venir, vous pouvez commencer \u00e0 faire certaines choses d\u00e8s maintenant pour les aider \u00e0 att\u00e9nuer l&rsquo;anxi\u00e9t\u00e9 qu&rsquo;ils peuvent ressentir face \u00e0 ce qui les attend.<\/p>\n<h2 id=\"start-exposing-them-to-school-now\">Commencez \u00e0 les exposer \u00e0 l&rsquo;\u00e9cole maintenant<\/h2>\n<p>Il y a une raison pour laquelle les \u00e9l\u00e8ves organisent g\u00e9n\u00e9ralement une \u00ab soir\u00e9e de jeu \u00e0 la maternelle \u00bb, une \u00ab soir\u00e9e de rentr\u00e9e scolaire \u00bb, des visites scolaires ou d&rsquo;autres \u00e9v\u00e9nements avant le d\u00e9but des cours : les enfants ont besoin de s&rsquo;habituer \u00e0 l&rsquo;exp\u00e9rience. Ils ont besoin de savoir ce qui s&rsquo;en vient, ils doivent \u00eatre capables de visualiser leur classe et de reconna\u00eetre le visage de leur professeur d\u00e8s le premier jour. Beaucoup de ces activit\u00e9s pourraient \u00eatre annul\u00e9es cette ann\u00e9e, mais cela ne signifie pas que vous ne pouvez pas en recr\u00e9er certaines pour vos enfants.<\/p>\n<p>\u00abPlus votre enfant aura d&rsquo;opportunit\u00e9s d&rsquo;\u00eatre expos\u00e9 \u00e0 l&rsquo;\u00e9cole, moins cela sera \u00e9trange et effrayant\u00bb, explique le Dr Abigail Gewirtz, psychologue pour enfants et auteur de <em>Quand le monde ressemble \u00e0 un endroit effrayant\u00a0: conversations essentielles pour les parents anxieux et les enfants inquiets.<\/em><\/p>\n<div class=\"mx-auto my-6 flex max-w-3xl flex-col overflow-hidden rounded-md border border-gray-300 sm:flex-row sm:items-center\">\n<p>                <img decoding=\"async\" class=\"!mt-0 w-full rounded-md border-gray-100\" src=\"https:\/\/vieassociative.be\/actualites\/wp-content\/uploads\/2025\/01\/Comment-se-preparer-a-lanxiete-de-separation-de-votre-enfant.jpg\" alt=\"Continuez \u00e0 pr\u00e9parer le d\u00e9jeuner scolaire de votre enfant la veille\" width=\"245\" height=\"138\" loading=\"lazy\"><\/p>\n<div class=\"p-4\">\n<p>                Continuez \u00e0 pr\u00e9parer le d\u00e9jeuner scolaire de votre enfant la veille. Lire la suite\n        <\/p><\/div>\n<\/p><\/div>\n<p>C&rsquo;est pourquoi Gewirtz recommande aux parents de faire tout ce qu&rsquo;ils peuvent \u00e0 l&rsquo;avance pour les exposer progressivement \u00e0 quoi ressemblera leur journ\u00e9e d&rsquo;\u00e9cole. S&rsquo;ils ne peuvent pas rencontrer l&rsquo;enseignant de leur enfant en personne, demandez \u00e0 planifier un chat vid\u00e9o pour lui dire bonjour. Si vous ne pouvez pas entrer en classe avant la rentr\u00e9e, demandez \u00e0 l&rsquo;enseignant une visite vid\u00e9o ou quelques photos de la salle et\/ou du bureau de votre enfant. Ou proposez de coordonner une r\u00e9union vid\u00e9o pour toute la classe. <\/p>\n<p>S&rsquo;ils prennent le bus, faites quelques promenades d&rsquo;entra\u00eenement jusqu&rsquo;\u00e0 l&rsquo;arr\u00eat de bus et si vous connaissez d&rsquo;autres enfants du quartier qui seront au m\u00eame arr\u00eat, invitez-les \u00e0 vous accompagner pour qu&rsquo;ils sachent \u00e0 qui s&rsquo;attendre avec eux. le premier jour. Si vous comptez les conduire ou les accompagner \u00e0 pied jusqu&rsquo;\u00e0 l&rsquo;\u00e9cole, faites maintenant quelques promenades en voiture le long de l&rsquo;itin\u00e9raire que vous emprunterez normalement afin qu&rsquo;ils puissent visualiser le voyage ce premier matin.<\/p>\n<p>Entra\u00eenez-vous \u00e0 pr\u00e9parer leur d\u00e9jeuner scolaire ensemble et \u00e0 emballer leur nouvelle bo\u00eete \u00e0 lunch\u00a0; laissez-les choisir quelques nouveaux masques avec des motifs amusants\u00a0; ou parlez des tenues qu&rsquo;ils voudront peut-\u00eatre porter cette premi\u00e8re semaine et commencez \u00e0 mettre ces v\u00eatements de c\u00f4t\u00e9. Tout ce que vous pouvez faire pour d\u00e9mystifier l\u2019exp\u00e9rience du premier jour peut contribuer \u00e0 att\u00e9nuer leur anxi\u00e9t\u00e9.<\/p>\n<h2 id=\"be-open-about-what-to-expect\">Soyez ouvert sur ce \u00e0 quoi vous attendre<\/h2>\n<p>Normalement, vous seriez en mesure de leur dire exactement \u00e0 quoi s&rsquo;attendre au cours de ces premiers jours, semaines et mois d&rsquo;\u00e9cole, car l&rsquo;horaire serait assez coh\u00e9rent. Cependant, cette ann\u00e9e, comme l\u2019ann\u00e9e derni\u00e8re, les \u00e9coles pourraient ouvrir puis fermer \u00e0 nouveau ; et les enfants et les enseignants peuvent devoir se mettre en quarantaine \u00e0 certains moments. Mais juste parce que tu n&rsquo;as pas <em>tous<\/em> les r\u00e9ponses ne signifient pas que vous ne devriez pas parler de ce \u00e0 quoi vous attendre.<\/p>\n<p>\u00ab Il est important que les enfants sachent quel est le plan \u00bb, explique Gewirtz. \u00ab\u00a0Si vous ne connaissez pas l&rsquo;int\u00e9gralit\u00e9 du plan, faites-leur conna\u00eetre les parties du plan que vous <em>faire<\/em> savoir.\u00a0\u00bb<\/p>\n<p>Assurez-vous d&rsquo;\u00eatre clair sur vos attentes et, c&rsquo;est tr\u00e8s important, si possible, ne c\u00e9dez pas \u00e0 leurs angoisses en leur permettant d&rsquo;\u00e9viter l&rsquo;\u00e9cole.<\/p>\n<p>\u00ab\u00a0La chose cl\u00e9 \u00e0 comprendre \u00e0 propos de l&rsquo;anxi\u00e9t\u00e9 est que lorsque vous avez quelque chose qui vous rend anxieux, l&rsquo;\u00e9viter est tr\u00e8s renfor\u00e7ant\u00a0\u00bb, explique Gewirtz. \u00abPlus vous \u00e9vitez cela, plus vous vous sentez bien (sur le moment). Mais cela signifie que lorsqu\u2019il faut y faire face, c\u2019est beaucoup plus difficile.<\/p>\n<p>En d&rsquo;autres termes, s&rsquo;ils sont tellement anxieux \u00e0 propos de l&rsquo;\u00e9cole que vous les laissez sauter le troisi\u00e8me jour, le quatri\u00e8me jour sera beaucoup plus difficile parce que cet \u00e9vitement les a fait se sentir <em>donc<\/em> bien. Au lieu de cela, \u00e9coutez-les, validez leurs sentiments et armez-les de strat\u00e9gies d\u2019adaptation. Demandez-leur ce qui, selon eux, pourrait les aider \u00e0 se d\u00e9tendre s&rsquo;ils commencent \u00e0 se sentir anxieux, puis pratiquez-le (respirer profond\u00e9ment, par exemple, ou presser une balle anti-stress). Ou discutez de la mani\u00e8re dont ils peuvent travailler avec leur enseignant pour obtenir ce dont ils ont besoin, par exemple en demandant \u00e0 visiter une zone apaisante de la classe. <\/p>\n<h2 id=\"older-kids-may-be-feeling-anxious-too\">Les enfants plus \u00e2g\u00e9s peuvent aussi se sentir anxieux<\/h2>\n<p>Nous nous concentrons souvent sur les petits enfants lorsqu&rsquo;il s&rsquo;agit d&rsquo;angoisses li\u00e9es \u00e0 la rentr\u00e9e scolaire, mais les \u00e9l\u00e8ves plus \u00e2g\u00e9s du primaire, du coll\u00e8ge et du lyc\u00e9e peuvent \u00e9galement se sentir stress\u00e9s. Ils n&rsquo;ont pas vu leurs amis depuis un moment et ils sont peut-\u00eatre devenus plus renferm\u00e9s que d&rsquo;habitude pendant la pand\u00e9mie, ou peut-\u00eatre qu&rsquo;ils commencent l&rsquo;\u00e9cole dans un nouveau b\u00e2timent et ne savent pas trop \u00e0 quoi s&rsquo;attendre. Ils peuvent ou non vous en parler, il est donc important de surveiller les signes indiquant qu&rsquo;ils ont des difficult\u00e9s.<\/p>\n<p>\u00ab\u00a0Faites attention aux sympt\u00f4mes, comme les enfants qui ne dorment pas bien, qui sont fatigu\u00e9s le matin ou qui entrent dans votre chambre au milieu de la nuit, qui font des cauchemars\u00a0\u00bb, explique Gewirtz. \u00ab Certains enfants peuvent exprimer leur anxi\u00e9t\u00e9, d&rsquo;autres non. Et certains deviennent grincheux, \u00e7a peut \u00eatre un signe.<\/p>\n<p>Qu\u2019ils parlent ou non de la rentr\u00e9e scolaire \u00e0 venir, vous devriez le faire. Parlez-en \u00e0 table ou pendant que vous vous promenez ensemble dans le quartier. Demandez-leur \u00e0 quoi ils pensent que ce sera et reconnaissez \u00e0 quel point cela doit \u00eatre \u00e9trange de se pr\u00e9parer \u00e0 commencer une nouvelle ann\u00e9e scolaire dans des circonstances aussi tendues. Si vous savez qu&rsquo;ils se sentent anxieux, aidez-les \u00e0 r\u00e9fl\u00e9chir \u00e0 des strat\u00e9gies d&rsquo;adaptation. <\/p>\n<h2 id=\"check-your-own-stress\">V\u00e9rifiez votre propre stress<\/h2>\n<p>Chaque fois que vous avez ces conversations avec vos enfants, Gewirtz vous conseille de vous assurer que vous \u00eates vous-m\u00eame dans un bon \u00e9tat d&rsquo;esprit.<\/p>\n<p>\u00ab Une chose que je dis toujours, c\u2019est que les enfants voient le monde \u00e0 travers la bulle de leur famille \u00bb, dit-elle. \u00ab\u00a0Et lorsque les parents sont stress\u00e9s, vos enfants sont \u00e9galement stress\u00e9s.\u00a0\u00bb<\/p>\n<p>Alors prenez soin de vous et g\u00e9rez d\u2019abord votre propre anxi\u00e9t\u00e9 afin de pouvoir aider plus efficacement vos enfants \u00e0 g\u00e9rer la leur.<\/p>\n<hr>\n<p><em>Cet article a \u00e9t\u00e9 initialement publi\u00e9 le 25 ao\u00fbt 2020 et a \u00e9t\u00e9 mis \u00e0 jour le 2 ao\u00fbt 2021 pour refl\u00e9ter les informations actuelles sur la pand\u00e9mie et le style Vie Associative actuel.<\/em><\/p>\n","protected":false},"excerpt":{"rendered":"<p>Nous sommes sur le point d\u2019entrer dans une nouvelle ann\u00e9e scolaire pas comme les autres, et nos enfants peuvent se sentir stress\u00e9s \u00e0 ce sujet.<\/p>\n","protected":false},"author":1,"featured_media":4210,"comment_status":"","ping_status":"","sticky":false,"template":"","format":"standard","meta":{"footnotes":""},"categories":[37],"tags":[44,295,4649,702,1895,8],"class_list":["post-4209","post","type-post","status-publish","format-standard","has-post-thumbnail","hentry","category-famille","tag-comment","tag-enfant","tag-lanxiete","tag-preparer","tag-separation","tag-votre","generate-columns","tablet-grid-50","mobile-grid-100","grid-parent","grid-33"],"yoast_head":"<!-- This site is optimized with the Yoast SEO plugin v24.0 - https:\/\/yoast.com\/wordpress\/plugins\/seo\/ -->\n<title>Comment se pr\u00e9parer \u00e0 l&#039;anxi\u00e9t\u00e9 de s\u00e9paration de votre enfant | Vie Associative<\/title>\n<meta name=\"robots\" content=\"index, follow, max-snippet:-1, max-image-preview:large, max-video-preview:-1\" \/>\n<link rel=\"canonical\" href=\"https:\/\/vieassociative.be\/actualites\/comment-se-preparer-a-lanxiete-de-separation-de-votre-enfant\/\" \/>\n<meta property=\"og:locale\" content=\"fr_FR\" \/>\n<meta property=\"og:type\" content=\"article\" \/>\n<meta property=\"og:title\" content=\"Comment se pr\u00e9parer \u00e0 l&#039;anxi\u00e9t\u00e9 de s\u00e9paration de votre enfant | Vie Associative\" \/>\n<meta property=\"og:description\" content=\"Nous sommes sur le point d\u2019entrer dans une nouvelle ann\u00e9e scolaire pas comme les autres, et nos enfants peuvent se sentir stress\u00e9s \u00e0 ce sujet.\" \/>\n<meta property=\"og:url\" content=\"https:\/\/vieassociative.be\/actualites\/comment-se-preparer-a-lanxiete-de-separation-de-votre-enfant\/\" \/>\n<meta property=\"og:site_name\" content=\"Vie Associative\" \/>\n<meta property=\"article:published_time\" content=\"2025-01-09T23:18:20+00:00\" \/>\n<meta property=\"og:image\" content=\"https:\/\/vieassociative.be\/actualites\/wp-content\/uploads\/2025\/01\/Comment-se-preparer-a-lanxiete-de-separation-de-votre-enfant.jpg\" \/>\n<meta name=\"author\" content=\"Julien\" \/>\n<meta name=\"twitter:card\" content=\"summary_large_image\" \/>\n<meta name=\"twitter:label1\" content=\"\u00c9crit par\" \/>\n\t<meta name=\"twitter:data1\" content=\"Julien\" \/>\n\t<meta name=\"twitter:label2\" content=\"Dur\u00e9e de lecture est.\" \/>\n\t<meta name=\"twitter:data2\" content=\"7 minutes\" \/>\n<script type=\"application\/ld+json\" class=\"yoast-schema-graph\">{\"@context\":\"https:\/\/schema.org\",\"@graph\":[{\"@type\":\"Article\",\"@id\":\"https:\/\/vieassociative.be\/actualites\/comment-se-preparer-a-lanxiete-de-separation-de-votre-enfant\/#article\",\"isPartOf\":{\"@id\":\"https:\/\/vieassociative.be\/actualites\/comment-se-preparer-a-lanxiete-de-separation-de-votre-enfant\/\"},\"author\":{\"name\":\"Julien\",\"@id\":\"https:\/\/vieassociative.be\/actualites\/#\/schema\/person\/b87ac4f82f9d4e7b7cec7395b679edc4\"},\"headline\":\"Comment se pr\u00e9parer \u00e0 l&rsquo;anxi\u00e9t\u00e9 de s\u00e9paration de votre enfant\",\"datePublished\":\"2025-01-09T23:18:20+00:00\",\"dateModified\":\"2025-01-09T23:18:20+00:00\",\"mainEntityOfPage\":{\"@id\":\"https:\/\/vieassociative.be\/actualites\/comment-se-preparer-a-lanxiete-de-separation-de-votre-enfant\/\"},\"wordCount\":1382,\"publisher\":{\"@id\":\"https:\/\/vieassociative.be\/actualites\/#organization\"},\"image\":{\"@id\":\"https:\/\/vieassociative.be\/actualites\/comment-se-preparer-a-lanxiete-de-separation-de-votre-enfant\/#primaryimage\"},\"thumbnailUrl\":\"https:\/\/vieassociative.be\/actualites\/wp-content\/uploads\/2025\/01\/1736464701_Comment-se-preparer-a-lanxiete-de-separation-de-votre-enfant.jpg\",\"keywords\":[\"Comment\",\"enfant\",\"lanxi\u00e9t\u00e9\",\"pr\u00e9parer\",\"s\u00e9paration\",\"votre\"],\"articleSection\":[\"Famille\"],\"inLanguage\":\"fr-BE\"},{\"@type\":\"WebPage\",\"@id\":\"https:\/\/vieassociative.be\/actualites\/comment-se-preparer-a-lanxiete-de-separation-de-votre-enfant\/\",\"url\":\"https:\/\/vieassociative.be\/actualites\/comment-se-preparer-a-lanxiete-de-separation-de-votre-enfant\/\",\"name\":\"Comment se pr\u00e9parer \u00e0 l'anxi\u00e9t\u00e9 de s\u00e9paration de votre enfant | Vie Associative\",\"isPartOf\":{\"@id\":\"https:\/\/vieassociative.be\/actualites\/#website\"},\"primaryImageOfPage\":{\"@id\":\"https:\/\/vieassociative.be\/actualites\/comment-se-preparer-a-lanxiete-de-separation-de-votre-enfant\/#primaryimage\"},\"image\":{\"@id\":\"https:\/\/vieassociative.be\/actualites\/comment-se-preparer-a-lanxiete-de-separation-de-votre-enfant\/#primaryimage\"},\"thumbnailUrl\":\"https:\/\/vieassociative.be\/actualites\/wp-content\/uploads\/2025\/01\/1736464701_Comment-se-preparer-a-lanxiete-de-separation-de-votre-enfant.jpg\",\"datePublished\":\"2025-01-09T23:18:20+00:00\",\"dateModified\":\"2025-01-09T23:18:20+00:00\",\"breadcrumb\":{\"@id\":\"https:\/\/vieassociative.be\/actualites\/comment-se-preparer-a-lanxiete-de-separation-de-votre-enfant\/#breadcrumb\"},\"inLanguage\":\"fr-BE\",\"potentialAction\":[{\"@type\":\"ReadAction\",\"target\":[\"https:\/\/vieassociative.be\/actualites\/comment-se-preparer-a-lanxiete-de-separation-de-votre-enfant\/\"]}]},{\"@type\":\"ImageObject\",\"inLanguage\":\"fr-BE\",\"@id\":\"https:\/\/vieassociative.be\/actualites\/comment-se-preparer-a-lanxiete-de-separation-de-votre-enfant\/#primaryimage\",\"url\":\"https:\/\/vieassociative.be\/actualites\/wp-content\/uploads\/2025\/01\/1736464701_Comment-se-preparer-a-lanxiete-de-separation-de-votre-enfant.jpg\",\"contentUrl\":\"https:\/\/vieassociative.be\/actualites\/wp-content\/uploads\/2025\/01\/1736464701_Comment-se-preparer-a-lanxiete-de-separation-de-votre-enfant.jpg\",\"width\":1200,\"height\":675,\"caption\":\"Comment se pr\u00e9parer \u00e0 l'anxi\u00e9t\u00e9 de s\u00e9paration de votre enfant\"},{\"@type\":\"BreadcrumbList\",\"@id\":\"https:\/\/vieassociative.be\/actualites\/comment-se-preparer-a-lanxiete-de-separation-de-votre-enfant\/#breadcrumb\",\"itemListElement\":[{\"@type\":\"ListItem\",\"position\":1,\"name\":\"Accueil\",\"item\":\"https:\/\/vieassociative.be\/actualites\/\"},{\"@type\":\"ListItem\",\"position\":2,\"name\":\"Comment se pr\u00e9parer \u00e0 l&rsquo;anxi\u00e9t\u00e9 de s\u00e9paration de votre enfant\"}]},{\"@type\":\"WebSite\",\"@id\":\"https:\/\/vieassociative.be\/actualites\/#website\",\"url\":\"https:\/\/vieassociative.be\/actualites\/\",\"name\":\"Vie Associative\",\"description\":\"\",\"publisher\":{\"@id\":\"https:\/\/vieassociative.be\/actualites\/#organization\"},\"potentialAction\":[{\"@type\":\"SearchAction\",\"target\":{\"@type\":\"EntryPoint\",\"urlTemplate\":\"https:\/\/vieassociative.be\/actualites\/?s={search_term_string}\"},\"query-input\":{\"@type\":\"PropertyValueSpecification\",\"valueRequired\":true,\"valueName\":\"search_term_string\"}}],\"inLanguage\":\"fr-BE\"},{\"@type\":\"Organization\",\"@id\":\"https:\/\/vieassociative.be\/actualites\/#organization\",\"name\":\"Vie Associative\",\"url\":\"https:\/\/vieassociative.be\/actualites\/\",\"logo\":{\"@type\":\"ImageObject\",\"inLanguage\":\"fr-BE\",\"@id\":\"https:\/\/vieassociative.be\/actualites\/#\/schema\/logo\/image\/\",\"url\":\"https:\/\/vieassociative.be\/actualites\/wp-content\/uploads\/2024\/09\/cropped-vieassociative_favicon.ico.png\",\"contentUrl\":\"https:\/\/vieassociative.be\/actualites\/wp-content\/uploads\/2024\/09\/cropped-vieassociative_favicon.ico.png\",\"width\":512,\"height\":512,\"caption\":\"Vie Associative\"},\"image\":{\"@id\":\"https:\/\/vieassociative.be\/actualites\/#\/schema\/logo\/image\/\"}},{\"@type\":\"Person\",\"@id\":\"https:\/\/vieassociative.be\/actualites\/#\/schema\/person\/b87ac4f82f9d4e7b7cec7395b679edc4\",\"name\":\"Julien\",\"image\":{\"@type\":\"ImageObject\",\"inLanguage\":\"fr-BE\",\"@id\":\"https:\/\/vieassociative.be\/actualites\/#\/schema\/person\/image\/\",\"url\":\"https:\/\/vieassociative.be\/actualites\/wp-content\/uploads\/2024\/09\/vie-associative-1-150x150.jpg\",\"contentUrl\":\"https:\/\/vieassociative.be\/actualites\/wp-content\/uploads\/2024\/09\/vie-associative-1-150x150.jpg\",\"caption\":\"Julien\"},\"description\":\"Je suis Julien, r\u00e9dacteur pour Vie Associative. Passionn\u00e9 par le monde associatif depuis plus de 10 ans, j'ai \u00e0 c\u0153ur de partager des histoires inspirantes et de mettre en lumi\u00e8re les initiatives locales. Mon objectif est de sensibiliser et d'encourager l'engagement communautaire \u00e0 travers mes articles.\",\"sameAs\":[\"https:\/\/vieassociative.be\/\"]}]}<\/script>\n<!-- \/ Yoast SEO plugin. -->","yoast_head_json":{"title":"Comment se pr\u00e9parer \u00e0 l'anxi\u00e9t\u00e9 de s\u00e9paration de votre enfant | Vie Associative","robots":{"index":"index","follow":"follow","max-snippet":"max-snippet:-1","max-image-preview":"max-image-preview:large","max-video-preview":"max-video-preview:-1"},"canonical":"https:\/\/vieassociative.be\/actualites\/comment-se-preparer-a-lanxiete-de-separation-de-votre-enfant\/","og_locale":"fr_FR","og_type":"article","og_title":"Comment se pr\u00e9parer \u00e0 l'anxi\u00e9t\u00e9 de s\u00e9paration de votre enfant | Vie Associative","og_description":"Nous sommes sur le point d\u2019entrer dans une nouvelle ann\u00e9e scolaire pas comme les autres, et nos enfants peuvent se sentir stress\u00e9s \u00e0 ce sujet.","og_url":"https:\/\/vieassociative.be\/actualites\/comment-se-preparer-a-lanxiete-de-separation-de-votre-enfant\/","og_site_name":"Vie Associative","article_published_time":"2025-01-09T23:18:20+00:00","og_image":[{"url":"https:\/\/vieassociative.be\/actualites\/wp-content\/uploads\/2025\/01\/Comment-se-preparer-a-lanxiete-de-separation-de-votre-enfant.jpg","type":"","width":"","height":""}],"author":"Julien","twitter_card":"summary_large_image","twitter_misc":{"\u00c9crit par":"Julien","Dur\u00e9e de lecture est.":"7 minutes"},"schema":{"@context":"https:\/\/schema.org","@graph":[{"@type":"Article","@id":"https:\/\/vieassociative.be\/actualites\/comment-se-preparer-a-lanxiete-de-separation-de-votre-enfant\/#article","isPartOf":{"@id":"https:\/\/vieassociative.be\/actualites\/comment-se-preparer-a-lanxiete-de-separation-de-votre-enfant\/"},"author":{"name":"Julien","@id":"https:\/\/vieassociative.be\/actualites\/#\/schema\/person\/b87ac4f82f9d4e7b7cec7395b679edc4"},"headline":"Comment se pr\u00e9parer \u00e0 l&rsquo;anxi\u00e9t\u00e9 de s\u00e9paration de votre enfant","datePublished":"2025-01-09T23:18:20+00:00","dateModified":"2025-01-09T23:18:20+00:00","mainEntityOfPage":{"@id":"https:\/\/vieassociative.be\/actualites\/comment-se-preparer-a-lanxiete-de-separation-de-votre-enfant\/"},"wordCount":1382,"publisher":{"@id":"https:\/\/vieassociative.be\/actualites\/#organization"},"image":{"@id":"https:\/\/vieassociative.be\/actualites\/comment-se-preparer-a-lanxiete-de-separation-de-votre-enfant\/#primaryimage"},"thumbnailUrl":"https:\/\/vieassociative.be\/actualites\/wp-content\/uploads\/2025\/01\/1736464701_Comment-se-preparer-a-lanxiete-de-separation-de-votre-enfant.jpg","keywords":["Comment","enfant","lanxi\u00e9t\u00e9","pr\u00e9parer","s\u00e9paration","votre"],"articleSection":["Famille"],"inLanguage":"fr-BE"},{"@type":"WebPage","@id":"https:\/\/vieassociative.be\/actualites\/comment-se-preparer-a-lanxiete-de-separation-de-votre-enfant\/","url":"https:\/\/vieassociative.be\/actualites\/comment-se-preparer-a-lanxiete-de-separation-de-votre-enfant\/","name":"Comment se pr\u00e9parer \u00e0 l'anxi\u00e9t\u00e9 de s\u00e9paration de votre enfant | Vie Associative","isPartOf":{"@id":"https:\/\/vieassociative.be\/actualites\/#website"},"primaryImageOfPage":{"@id":"https:\/\/vieassociative.be\/actualites\/comment-se-preparer-a-lanxiete-de-separation-de-votre-enfant\/#primaryimage"},"image":{"@id":"https:\/\/vieassociative.be\/actualites\/comment-se-preparer-a-lanxiete-de-separation-de-votre-enfant\/#primaryimage"},"thumbnailUrl":"https:\/\/vieassociative.be\/actualites\/wp-content\/uploads\/2025\/01\/1736464701_Comment-se-preparer-a-lanxiete-de-separation-de-votre-enfant.jpg","datePublished":"2025-01-09T23:18:20+00:00","dateModified":"2025-01-09T23:18:20+00:00","breadcrumb":{"@id":"https:\/\/vieassociative.be\/actualites\/comment-se-preparer-a-lanxiete-de-separation-de-votre-enfant\/#breadcrumb"},"inLanguage":"fr-BE","potentialAction":[{"@type":"ReadAction","target":["https:\/\/vieassociative.be\/actualites\/comment-se-preparer-a-lanxiete-de-separation-de-votre-enfant\/"]}]},{"@type":"ImageObject","inLanguage":"fr-BE","@id":"https:\/\/vieassociative.be\/actualites\/comment-se-preparer-a-lanxiete-de-separation-de-votre-enfant\/#primaryimage","url":"https:\/\/vieassociative.be\/actualites\/wp-content\/uploads\/2025\/01\/1736464701_Comment-se-preparer-a-lanxiete-de-separation-de-votre-enfant.jpg","contentUrl":"https:\/\/vieassociative.be\/actualites\/wp-content\/uploads\/2025\/01\/1736464701_Comment-se-preparer-a-lanxiete-de-separation-de-votre-enfant.jpg","width":1200,"height":675,"caption":"Comment se pr\u00e9parer \u00e0 l'anxi\u00e9t\u00e9 de s\u00e9paration de votre enfant"},{"@type":"BreadcrumbList","@id":"https:\/\/vieassociative.be\/actualites\/comment-se-preparer-a-lanxiete-de-separation-de-votre-enfant\/#breadcrumb","itemListElement":[{"@type":"ListItem","position":1,"name":"Accueil","item":"https:\/\/vieassociative.be\/actualites\/"},{"@type":"ListItem","position":2,"name":"Comment se pr\u00e9parer \u00e0 l&rsquo;anxi\u00e9t\u00e9 de s\u00e9paration de votre enfant"}]},{"@type":"WebSite","@id":"https:\/\/vieassociative.be\/actualites\/#website","url":"https:\/\/vieassociative.be\/actualites\/","name":"Vie Associative","description":"","publisher":{"@id":"https:\/\/vieassociative.be\/actualites\/#organization"},"potentialAction":[{"@type":"SearchAction","target":{"@type":"EntryPoint","urlTemplate":"https:\/\/vieassociative.be\/actualites\/?s={search_term_string}"},"query-input":{"@type":"PropertyValueSpecification","valueRequired":true,"valueName":"search_term_string"}}],"inLanguage":"fr-BE"},{"@type":"Organization","@id":"https:\/\/vieassociative.be\/actualites\/#organization","name":"Vie Associative","url":"https:\/\/vieassociative.be\/actualites\/","logo":{"@type":"ImageObject","inLanguage":"fr-BE","@id":"https:\/\/vieassociative.be\/actualites\/#\/schema\/logo\/image\/","url":"https:\/\/vieassociative.be\/actualites\/wp-content\/uploads\/2024\/09\/cropped-vieassociative_favicon.ico.png","contentUrl":"https:\/\/vieassociative.be\/actualites\/wp-content\/uploads\/2024\/09\/cropped-vieassociative_favicon.ico.png","width":512,"height":512,"caption":"Vie Associative"},"image":{"@id":"https:\/\/vieassociative.be\/actualites\/#\/schema\/logo\/image\/"}},{"@type":"Person","@id":"https:\/\/vieassociative.be\/actualites\/#\/schema\/person\/b87ac4f82f9d4e7b7cec7395b679edc4","name":"Julien","image":{"@type":"ImageObject","inLanguage":"fr-BE","@id":"https:\/\/vieassociative.be\/actualites\/#\/schema\/person\/image\/","url":"https:\/\/vieassociative.be\/actualites\/wp-content\/uploads\/2024\/09\/vie-associative-1-150x150.jpg","contentUrl":"https:\/\/vieassociative.be\/actualites\/wp-content\/uploads\/2024\/09\/vie-associative-1-150x150.jpg","caption":"Julien"},"description":"Je suis Julien, r\u00e9dacteur pour Vie Associative. Passionn\u00e9 par le monde associatif depuis plus de 10 ans, j'ai \u00e0 c\u0153ur de partager des histoires inspirantes et de mettre en lumi\u00e8re les initiatives locales. Mon objectif est de sensibiliser et d'encourager l'engagement communautaire \u00e0 travers mes articles.","sameAs":["https:\/\/vieassociative.be\/"]}]}},"_links":{"self":[{"href":"https:\/\/vieassociative.be\/actualites\/wp-json\/wp\/v2\/posts\/4209"}],"collection":[{"href":"https:\/\/vieassociative.be\/actualites\/wp-json\/wp\/v2\/posts"}],"about":[{"href":"https:\/\/vieassociative.be\/actualites\/wp-json\/wp\/v2\/types\/post"}],"author":[{"embeddable":true,"href":"https:\/\/vieassociative.be\/actualites\/wp-json\/wp\/v2\/users\/1"}],"replies":[{"embeddable":true,"href":"https:\/\/vieassociative.be\/actualites\/wp-json\/wp\/v2\/comments?post=4209"}],"version-history":[{"count":0,"href":"https:\/\/vieassociative.be\/actualites\/wp-json\/wp\/v2\/posts\/4209\/revisions"}],"wp:featuredmedia":[{"embeddable":true,"href":"https:\/\/vieassociative.be\/actualites\/wp-json\/wp\/v2\/media\/4210"}],"wp:attachment":[{"href":"https:\/\/vieassociative.be\/actualites\/wp-json\/wp\/v2\/media?parent=4209"}],"wp:term":[{"taxonomy":"category","embeddable":true,"href":"https:\/\/vieassociative.be\/actualites\/wp-json\/wp\/v2\/categories?post=4209"},{"taxonomy":"post_tag","embeddable":true,"href":"https:\/\/vieassociative.be\/actualites\/wp-json\/wp\/v2\/tags?post=4209"}],"curies":[{"name":"wp","href":"https:\/\/api.w.org\/{rel}","templated":true}]}}