{"id":4206,"date":"2025-01-09T21:17:42","date_gmt":"2025-01-09T20:17:42","guid":{"rendered":"https:\/\/vieassociative.be\/actualites\/30-ans-de-royaute-commission-de-protection-des-monuments-et-des-paysages\/"},"modified":"2025-01-09T21:17:42","modified_gmt":"2025-01-09T20:17:42","slug":"30-ans-de-royaute-commission-de-protection-des-monuments-et-des-paysages","status":"publish","type":"post","link":"https:\/\/vieassociative.be\/actualites\/30-ans-de-royaute-commission-de-protection-des-monuments-et-des-paysages\/","title":{"rendered":"30 ans de royaut\u00e9 Commission de protection des monuments et des paysages"},"content":{"rendered":"<p><strong>Le ministre responsable de la protection des monuments, Gregor Freches (PFF), a officiellement cr\u00e9\u00e9 lundi le nouveau comit\u00e9 de la Commission royale de protection des monuments et des paysages (KDLK) et l&rsquo;a f\u00e9licit\u00e9 \u00e0 l&rsquo;occasion de son 30e anniversaire.<\/strong><\/p>\n<p><span id=\"more-405859\"><\/span>Le KDLK conseille depuis trois d\u00e9cennies le gouvernement et le minist\u00e8re de la Communaut\u00e9 germanophone sur les questions de protection des monuments et des paysages. Dans son discours, le ministre Gregor Freches a soulign\u00e9 l&rsquo;importance exceptionnelle de la Commission royale de protection des monuments et des paysages pour la pr\u00e9servation du patrimoine culturel et des paysages de la DG.<\/p>\n<p>\u00ab Trois d\u00e9cennies pleines d&rsquo;engagement, d&rsquo;expertise et de passion pour la protection des monuments et des paysages. Pour cela, je voudrais exprimer mes remerciements \u00e0 tous ceux qui ont particip\u00e9 \u00e0 ce voyage. \u00bb Le ministre a adress\u00e9 des remerciements particuliers aux membres sortants de la commission \u2013 Dominique Bourseaux, Jean Radermacher, Maike Scholz, Lieve Deckers et Heinz Schwarz \u2013 pour leurs nombreuses ann\u00e9es de b\u00e9n\u00e9volat.<\/p>\n<div id=\"attachment_139289\" class=\"wp-caption alignleft\" style=\"max-width: 300px\"><img fetchpriority=\"high\" decoding=\"async\" class=\"wp-image-139289 size-medium\" src=\"https:\/\/vieassociative.be\/actualites\/wp-content\/uploads\/2025\/01\/30-ans-de-royaute-Commission-de-protection-des-monuments-et.jpg\" alt=\"\" width=\"300\" height=\"200\"  ><\/p>\n<p class=\"wp-caption-text\">Rudolf Kremer, pr\u00e9sident du Royal Commission de Protection des Monuments, a \u00e9t\u00e9 confirm\u00e9e pour un nouveau mandat. Photo de : OD<\/p>\n<\/div>\n<p>Avec la nomination des nouveaux membres Melina Jakobs, Julia Lentz et Siegfried Meyer, un nouveau mandat commence pour le KDLK. Dans le m\u00eame temps, les anciens membres Rudolf Kremer (pr\u00e9sident), Rudolf Aussems, Cornelia Lehnen, Norbert Servaty, Hermann Dederichs et Irmgard Mailandt ont \u00e9t\u00e9 confirm\u00e9s pour un nouveau mandat.<\/p>\n<p>\u00ab Vous apportez tous des qualifications professionnelles impressionnantes et une exp\u00e9rience dans un large \u00e9ventail de domaines. Votre expertise nous sera d\u2019un soutien pr\u00e9cieux au cours des quatre prochaines ann\u00e9es \u00bb, a poursuivi le ministre. La cr\u00e9ation de la nouvelle commission n&rsquo;est pas seulement un acte formel, mais un engagement clair en faveur d&rsquo;une responsabilit\u00e9 partag\u00e9e dans la protection des monuments et des paysages, a d\u00e9clar\u00e9 Freches : \u00ab C&rsquo;est notre patrimoine commun et notre responsabilit\u00e9 commune. J&rsquo;ai h\u00e2te de travailler ensemble et je compterai \u00e0 l&rsquo;avenir sur les avis fond\u00e9s et les conseils ind\u00e9pendants du KDLK, qui continuera \u00e0 jouer un r\u00f4le cl\u00e9 dans la prise de d\u00e9cision en mati\u00e8re de pr\u00e9servation des monuments et de protection des paysages au cours des quatre prochaines ann\u00e9es. .\u00bb<\/p>\n","protected":false},"excerpt":{"rendered":"<p>Le ministre responsable de la protection des monuments, Gregor Freches (PFF), a officiellement cr\u00e9\u00e9 lundi le nouveau comit\u00e9 de la Commission royale de protection des<\/p>\n","protected":false},"author":1,"featured_media":4207,"comment_status":"","ping_status":"","sticky":false,"template":"","format":"standard","meta":{"footnotes":""},"categories":[298],"tags":[584,3560,29,4647,4648,3054,4646],"class_list":["post-4206","post","type-post","status-publish","format-standard","has-post-thumbnail","hentry","category-belgique","tag-ans","tag-commission","tag-des","tag-monuments","tag-paysages","tag-protection","tag-royaute","generate-columns","tablet-grid-50","mobile-grid-100","grid-parent","grid-33"],"yoast_head":"<!-- This site is optimized with the Yoast SEO plugin v24.0 - https:\/\/yoast.com\/wordpress\/plugins\/seo\/ -->\n<title>30 ans de royaut\u00e9 Commission de protection des monuments et des paysages | Vie Associative<\/title>\n<meta name=\"robots\" content=\"index, follow, max-snippet:-1, max-image-preview:large, max-video-preview:-1\" \/>\n<link rel=\"canonical\" href=\"https:\/\/vieassociative.be\/actualites\/30-ans-de-royaute-commission-de-protection-des-monuments-et-des-paysages\/\" \/>\n<meta property=\"og:locale\" content=\"fr_FR\" \/>\n<meta property=\"og:type\" content=\"article\" \/>\n<meta property=\"og:title\" content=\"30 ans de royaut\u00e9 Commission de protection des monuments et des paysages | Vie Associative\" \/>\n<meta property=\"og:description\" content=\"Le ministre responsable de la protection des monuments, Gregor Freches (PFF), a officiellement cr\u00e9\u00e9 lundi le nouveau comit\u00e9 de la Commission royale de protection des\" \/>\n<meta property=\"og:url\" content=\"https:\/\/vieassociative.be\/actualites\/30-ans-de-royaute-commission-de-protection-des-monuments-et-des-paysages\/\" \/>\n<meta property=\"og:site_name\" content=\"Vie Associative\" \/>\n<meta property=\"article:published_time\" content=\"2025-01-09T20:17:42+00:00\" \/>\n<meta property=\"og:image\" content=\"https:\/\/vieassociative.be\/actualites\/wp-content\/uploads\/2024\/09\/header_backgroundk-01-e1726694325946.png\" \/>\n\t<meta property=\"og:image:width\" content=\"279\" \/>\n\t<meta property=\"og:image:height\" content=\"92\" \/>\n\t<meta property=\"og:image:type\" content=\"image\/png\" \/>\n<meta name=\"author\" content=\"Julien\" \/>\n<meta name=\"twitter:card\" content=\"summary_large_image\" \/>\n<meta name=\"twitter:label1\" content=\"\u00c9crit par\" \/>\n\t<meta name=\"twitter:data1\" content=\"Julien\" \/>\n\t<meta name=\"twitter:label2\" content=\"Dur\u00e9e de lecture est.\" \/>\n\t<meta name=\"twitter:data2\" content=\"2 minutes\" \/>\n<script type=\"application\/ld+json\" class=\"yoast-schema-graph\">{\"@context\":\"https:\/\/schema.org\",\"@graph\":[{\"@type\":\"Article\",\"@id\":\"https:\/\/vieassociative.be\/actualites\/30-ans-de-royaute-commission-de-protection-des-monuments-et-des-paysages\/#article\",\"isPartOf\":{\"@id\":\"https:\/\/vieassociative.be\/actualites\/30-ans-de-royaute-commission-de-protection-des-monuments-et-des-paysages\/\"},\"author\":{\"name\":\"Julien\",\"@id\":\"https:\/\/vieassociative.be\/actualites\/#\/schema\/person\/b87ac4f82f9d4e7b7cec7395b679edc4\"},\"headline\":\"30 ans de royaut\u00e9 Commission de protection des monuments et des paysages\",\"datePublished\":\"2025-01-09T20:17:42+00:00\",\"dateModified\":\"2025-01-09T20:17:42+00:00\",\"mainEntityOfPage\":{\"@id\":\"https:\/\/vieassociative.be\/actualites\/30-ans-de-royaute-commission-de-protection-des-monuments-et-des-paysages\/\"},\"wordCount\":394,\"publisher\":{\"@id\":\"https:\/\/vieassociative.be\/actualites\/#organization\"},\"image\":{\"@id\":\"https:\/\/vieassociative.be\/actualites\/30-ans-de-royaute-commission-de-protection-des-monuments-et-des-paysages\/#primaryimage\"},\"thumbnailUrl\":\"https:\/\/vieassociative.be\/actualites\/wp-content\/uploads\/2025\/01\/1736453862_30-ans-de-royaute-Commission-de-protection-des-monuments-et.jpg\",\"keywords\":[\"ans\",\"Commission\",\"Des\",\"monuments\",\"paysages\",\"protection\",\"royaut\u00e9\"],\"articleSection\":[\"Belgique\"],\"inLanguage\":\"fr-BE\"},{\"@type\":\"WebPage\",\"@id\":\"https:\/\/vieassociative.be\/actualites\/30-ans-de-royaute-commission-de-protection-des-monuments-et-des-paysages\/\",\"url\":\"https:\/\/vieassociative.be\/actualites\/30-ans-de-royaute-commission-de-protection-des-monuments-et-des-paysages\/\",\"name\":\"30 ans de royaut\u00e9 Commission de protection des monuments et des paysages | Vie Associative\",\"isPartOf\":{\"@id\":\"https:\/\/vieassociative.be\/actualites\/#website\"},\"primaryImageOfPage\":{\"@id\":\"https:\/\/vieassociative.be\/actualites\/30-ans-de-royaute-commission-de-protection-des-monuments-et-des-paysages\/#primaryimage\"},\"image\":{\"@id\":\"https:\/\/vieassociative.be\/actualites\/30-ans-de-royaute-commission-de-protection-des-monuments-et-des-paysages\/#primaryimage\"},\"thumbnailUrl\":\"https:\/\/vieassociative.be\/actualites\/wp-content\/uploads\/2025\/01\/1736453862_30-ans-de-royaute-Commission-de-protection-des-monuments-et.jpg\",\"datePublished\":\"2025-01-09T20:17:42+00:00\",\"dateModified\":\"2025-01-09T20:17:42+00:00\",\"breadcrumb\":{\"@id\":\"https:\/\/vieassociative.be\/actualites\/30-ans-de-royaute-commission-de-protection-des-monuments-et-des-paysages\/#breadcrumb\"},\"inLanguage\":\"fr-BE\",\"potentialAction\":[{\"@type\":\"ReadAction\",\"target\":[\"https:\/\/vieassociative.be\/actualites\/30-ans-de-royaute-commission-de-protection-des-monuments-et-des-paysages\/\"]}]},{\"@type\":\"ImageObject\",\"inLanguage\":\"fr-BE\",\"@id\":\"https:\/\/vieassociative.be\/actualites\/30-ans-de-royaute-commission-de-protection-des-monuments-et-des-paysages\/#primaryimage\",\"url\":\"https:\/\/vieassociative.be\/actualites\/wp-content\/uploads\/2025\/01\/1736453862_30-ans-de-royaute-Commission-de-protection-des-monuments-et.jpg\",\"contentUrl\":\"https:\/\/vieassociative.be\/actualites\/wp-content\/uploads\/2025\/01\/1736453862_30-ans-de-royaute-Commission-de-protection-des-monuments-et.jpg\",\"width\":1200,\"height\":800,\"caption\":\"30 ans de royaut\u00e9 Commission de protection des monuments et des paysages\"},{\"@type\":\"BreadcrumbList\",\"@id\":\"https:\/\/vieassociative.be\/actualites\/30-ans-de-royaute-commission-de-protection-des-monuments-et-des-paysages\/#breadcrumb\",\"itemListElement\":[{\"@type\":\"ListItem\",\"position\":1,\"name\":\"Accueil\",\"item\":\"https:\/\/vieassociative.be\/actualites\/\"},{\"@type\":\"ListItem\",\"position\":2,\"name\":\"30 ans de royaut\u00e9 Commission de protection des monuments et des paysages\"}]},{\"@type\":\"WebSite\",\"@id\":\"https:\/\/vieassociative.be\/actualites\/#website\",\"url\":\"https:\/\/vieassociative.be\/actualites\/\",\"name\":\"Vie Associative\",\"description\":\"\",\"publisher\":{\"@id\":\"https:\/\/vieassociative.be\/actualites\/#organization\"},\"potentialAction\":[{\"@type\":\"SearchAction\",\"target\":{\"@type\":\"EntryPoint\",\"urlTemplate\":\"https:\/\/vieassociative.be\/actualites\/?s={search_term_string}\"},\"query-input\":{\"@type\":\"PropertyValueSpecification\",\"valueRequired\":true,\"valueName\":\"search_term_string\"}}],\"inLanguage\":\"fr-BE\"},{\"@type\":\"Organization\",\"@id\":\"https:\/\/vieassociative.be\/actualites\/#organization\",\"name\":\"Vie Associative\",\"url\":\"https:\/\/vieassociative.be\/actualites\/\",\"logo\":{\"@type\":\"ImageObject\",\"inLanguage\":\"fr-BE\",\"@id\":\"https:\/\/vieassociative.be\/actualites\/#\/schema\/logo\/image\/\",\"url\":\"https:\/\/vieassociative.be\/actualites\/wp-content\/uploads\/2024\/09\/cropped-vieassociative_favicon.ico.png\",\"contentUrl\":\"https:\/\/vieassociative.be\/actualites\/wp-content\/uploads\/2024\/09\/cropped-vieassociative_favicon.ico.png\",\"width\":512,\"height\":512,\"caption\":\"Vie Associative\"},\"image\":{\"@id\":\"https:\/\/vieassociative.be\/actualites\/#\/schema\/logo\/image\/\"}},{\"@type\":\"Person\",\"@id\":\"https:\/\/vieassociative.be\/actualites\/#\/schema\/person\/b87ac4f82f9d4e7b7cec7395b679edc4\",\"name\":\"Julien\",\"image\":{\"@type\":\"ImageObject\",\"inLanguage\":\"fr-BE\",\"@id\":\"https:\/\/vieassociative.be\/actualites\/#\/schema\/person\/image\/\",\"url\":\"https:\/\/vieassociative.be\/actualites\/wp-content\/uploads\/2024\/09\/vie-associative-1-150x150.jpg\",\"contentUrl\":\"https:\/\/vieassociative.be\/actualites\/wp-content\/uploads\/2024\/09\/vie-associative-1-150x150.jpg\",\"caption\":\"Julien\"},\"description\":\"Je suis Julien, r\u00e9dacteur pour Vie Associative. Passionn\u00e9 par le monde associatif depuis plus de 10 ans, j'ai \u00e0 c\u0153ur de partager des histoires inspirantes et de mettre en lumi\u00e8re les initiatives locales. Mon objectif est de sensibiliser et d'encourager l'engagement communautaire \u00e0 travers mes articles.\",\"sameAs\":[\"https:\/\/vieassociative.be\/\"]}]}<\/script>\n<!-- \/ Yoast SEO plugin. -->","yoast_head_json":{"title":"30 ans de royaut\u00e9 Commission de protection des monuments et des paysages | Vie Associative","robots":{"index":"index","follow":"follow","max-snippet":"max-snippet:-1","max-image-preview":"max-image-preview:large","max-video-preview":"max-video-preview:-1"},"canonical":"https:\/\/vieassociative.be\/actualites\/30-ans-de-royaute-commission-de-protection-des-monuments-et-des-paysages\/","og_locale":"fr_FR","og_type":"article","og_title":"30 ans de royaut\u00e9 Commission de protection des monuments et des paysages | Vie Associative","og_description":"Le ministre responsable de la protection des monuments, Gregor Freches (PFF), a officiellement cr\u00e9\u00e9 lundi le nouveau comit\u00e9 de la Commission royale de protection des","og_url":"https:\/\/vieassociative.be\/actualites\/30-ans-de-royaute-commission-de-protection-des-monuments-et-des-paysages\/","og_site_name":"Vie Associative","article_published_time":"2025-01-09T20:17:42+00:00","og_image":[{"width":279,"height":92,"url":"https:\/\/vieassociative.be\/actualites\/wp-content\/uploads\/2024\/09\/header_backgroundk-01-e1726694325946.png","type":"image\/png"}],"author":"Julien","twitter_card":"summary_large_image","twitter_misc":{"\u00c9crit par":"Julien","Dur\u00e9e de lecture est.":"2 minutes"},"schema":{"@context":"https:\/\/schema.org","@graph":[{"@type":"Article","@id":"https:\/\/vieassociative.be\/actualites\/30-ans-de-royaute-commission-de-protection-des-monuments-et-des-paysages\/#article","isPartOf":{"@id":"https:\/\/vieassociative.be\/actualites\/30-ans-de-royaute-commission-de-protection-des-monuments-et-des-paysages\/"},"author":{"name":"Julien","@id":"https:\/\/vieassociative.be\/actualites\/#\/schema\/person\/b87ac4f82f9d4e7b7cec7395b679edc4"},"headline":"30 ans de royaut\u00e9 Commission de protection des monuments et des paysages","datePublished":"2025-01-09T20:17:42+00:00","dateModified":"2025-01-09T20:17:42+00:00","mainEntityOfPage":{"@id":"https:\/\/vieassociative.be\/actualites\/30-ans-de-royaute-commission-de-protection-des-monuments-et-des-paysages\/"},"wordCount":394,"publisher":{"@id":"https:\/\/vieassociative.be\/actualites\/#organization"},"image":{"@id":"https:\/\/vieassociative.be\/actualites\/30-ans-de-royaute-commission-de-protection-des-monuments-et-des-paysages\/#primaryimage"},"thumbnailUrl":"https:\/\/vieassociative.be\/actualites\/wp-content\/uploads\/2025\/01\/1736453862_30-ans-de-royaute-Commission-de-protection-des-monuments-et.jpg","keywords":["ans","Commission","Des","monuments","paysages","protection","royaut\u00e9"],"articleSection":["Belgique"],"inLanguage":"fr-BE"},{"@type":"WebPage","@id":"https:\/\/vieassociative.be\/actualites\/30-ans-de-royaute-commission-de-protection-des-monuments-et-des-paysages\/","url":"https:\/\/vieassociative.be\/actualites\/30-ans-de-royaute-commission-de-protection-des-monuments-et-des-paysages\/","name":"30 ans de royaut\u00e9 Commission de protection des monuments et des paysages | Vie Associative","isPartOf":{"@id":"https:\/\/vieassociative.be\/actualites\/#website"},"primaryImageOfPage":{"@id":"https:\/\/vieassociative.be\/actualites\/30-ans-de-royaute-commission-de-protection-des-monuments-et-des-paysages\/#primaryimage"},"image":{"@id":"https:\/\/vieassociative.be\/actualites\/30-ans-de-royaute-commission-de-protection-des-monuments-et-des-paysages\/#primaryimage"},"thumbnailUrl":"https:\/\/vieassociative.be\/actualites\/wp-content\/uploads\/2025\/01\/1736453862_30-ans-de-royaute-Commission-de-protection-des-monuments-et.jpg","datePublished":"2025-01-09T20:17:42+00:00","dateModified":"2025-01-09T20:17:42+00:00","breadcrumb":{"@id":"https:\/\/vieassociative.be\/actualites\/30-ans-de-royaute-commission-de-protection-des-monuments-et-des-paysages\/#breadcrumb"},"inLanguage":"fr-BE","potentialAction":[{"@type":"ReadAction","target":["https:\/\/vieassociative.be\/actualites\/30-ans-de-royaute-commission-de-protection-des-monuments-et-des-paysages\/"]}]},{"@type":"ImageObject","inLanguage":"fr-BE","@id":"https:\/\/vieassociative.be\/actualites\/30-ans-de-royaute-commission-de-protection-des-monuments-et-des-paysages\/#primaryimage","url":"https:\/\/vieassociative.be\/actualites\/wp-content\/uploads\/2025\/01\/1736453862_30-ans-de-royaute-Commission-de-protection-des-monuments-et.jpg","contentUrl":"https:\/\/vieassociative.be\/actualites\/wp-content\/uploads\/2025\/01\/1736453862_30-ans-de-royaute-Commission-de-protection-des-monuments-et.jpg","width":1200,"height":800,"caption":"30 ans de royaut\u00e9 Commission de protection des monuments et des paysages"},{"@type":"BreadcrumbList","@id":"https:\/\/vieassociative.be\/actualites\/30-ans-de-royaute-commission-de-protection-des-monuments-et-des-paysages\/#breadcrumb","itemListElement":[{"@type":"ListItem","position":1,"name":"Accueil","item":"https:\/\/vieassociative.be\/actualites\/"},{"@type":"ListItem","position":2,"name":"30 ans de royaut\u00e9 Commission de protection des monuments et des paysages"}]},{"@type":"WebSite","@id":"https:\/\/vieassociative.be\/actualites\/#website","url":"https:\/\/vieassociative.be\/actualites\/","name":"Vie Associative","description":"","publisher":{"@id":"https:\/\/vieassociative.be\/actualites\/#organization"},"potentialAction":[{"@type":"SearchAction","target":{"@type":"EntryPoint","urlTemplate":"https:\/\/vieassociative.be\/actualites\/?s={search_term_string}"},"query-input":{"@type":"PropertyValueSpecification","valueRequired":true,"valueName":"search_term_string"}}],"inLanguage":"fr-BE"},{"@type":"Organization","@id":"https:\/\/vieassociative.be\/actualites\/#organization","name":"Vie Associative","url":"https:\/\/vieassociative.be\/actualites\/","logo":{"@type":"ImageObject","inLanguage":"fr-BE","@id":"https:\/\/vieassociative.be\/actualites\/#\/schema\/logo\/image\/","url":"https:\/\/vieassociative.be\/actualites\/wp-content\/uploads\/2024\/09\/cropped-vieassociative_favicon.ico.png","contentUrl":"https:\/\/vieassociative.be\/actualites\/wp-content\/uploads\/2024\/09\/cropped-vieassociative_favicon.ico.png","width":512,"height":512,"caption":"Vie Associative"},"image":{"@id":"https:\/\/vieassociative.be\/actualites\/#\/schema\/logo\/image\/"}},{"@type":"Person","@id":"https:\/\/vieassociative.be\/actualites\/#\/schema\/person\/b87ac4f82f9d4e7b7cec7395b679edc4","name":"Julien","image":{"@type":"ImageObject","inLanguage":"fr-BE","@id":"https:\/\/vieassociative.be\/actualites\/#\/schema\/person\/image\/","url":"https:\/\/vieassociative.be\/actualites\/wp-content\/uploads\/2024\/09\/vie-associative-1-150x150.jpg","contentUrl":"https:\/\/vieassociative.be\/actualites\/wp-content\/uploads\/2024\/09\/vie-associative-1-150x150.jpg","caption":"Julien"},"description":"Je suis Julien, r\u00e9dacteur pour Vie Associative. Passionn\u00e9 par le monde associatif depuis plus de 10 ans, j'ai \u00e0 c\u0153ur de partager des histoires inspirantes et de mettre en lumi\u00e8re les initiatives locales. Mon objectif est de sensibiliser et d'encourager l'engagement communautaire \u00e0 travers mes articles.","sameAs":["https:\/\/vieassociative.be\/"]}]}},"_links":{"self":[{"href":"https:\/\/vieassociative.be\/actualites\/wp-json\/wp\/v2\/posts\/4206"}],"collection":[{"href":"https:\/\/vieassociative.be\/actualites\/wp-json\/wp\/v2\/posts"}],"about":[{"href":"https:\/\/vieassociative.be\/actualites\/wp-json\/wp\/v2\/types\/post"}],"author":[{"embeddable":true,"href":"https:\/\/vieassociative.be\/actualites\/wp-json\/wp\/v2\/users\/1"}],"replies":[{"embeddable":true,"href":"https:\/\/vieassociative.be\/actualites\/wp-json\/wp\/v2\/comments?post=4206"}],"version-history":[{"count":0,"href":"https:\/\/vieassociative.be\/actualites\/wp-json\/wp\/v2\/posts\/4206\/revisions"}],"wp:featuredmedia":[{"embeddable":true,"href":"https:\/\/vieassociative.be\/actualites\/wp-json\/wp\/v2\/media\/4207"}],"wp:attachment":[{"href":"https:\/\/vieassociative.be\/actualites\/wp-json\/wp\/v2\/media?parent=4206"}],"wp:term":[{"taxonomy":"category","embeddable":true,"href":"https:\/\/vieassociative.be\/actualites\/wp-json\/wp\/v2\/categories?post=4206"},{"taxonomy":"post_tag","embeddable":true,"href":"https:\/\/vieassociative.be\/actualites\/wp-json\/wp\/v2\/tags?post=4206"}],"curies":[{"name":"wp","href":"https:\/\/api.w.org\/{rel}","templated":true}]}}