{"id":4197,"date":"2025-01-09T15:17:01","date_gmt":"2025-01-09T14:17:01","guid":{"rendered":"https:\/\/vieassociative.be\/actualites\/des-milliers-de-personnes-combattent-lincendie-a-los-angeles-paris-hilton-et-dautres-celebrites-sont-en-fuite\/"},"modified":"2025-01-09T15:17:01","modified_gmt":"2025-01-09T14:17:01","slug":"des-milliers-de-personnes-combattent-lincendie-a-los-angeles-paris-hilton-et-dautres-celebrites-sont-en-fuite","status":"publish","type":"post","link":"https:\/\/vieassociative.be\/actualites\/des-milliers-de-personnes-combattent-lincendie-a-los-angeles-paris-hilton-et-dautres-celebrites-sont-en-fuite\/","title":{"rendered":"Des milliers de personnes combattent l&rsquo;incendie \u00e0 Los Angeles \u2013 Paris Hilton et d&rsquo;autres c\u00e9l\u00e9brit\u00e9s sont en fuite"},"content":{"rendered":"<p><strong>De nouveaux incendies ravagent Los Angeles \u2013 il y a d\u00e9sormais \u00e9galement des incendies dans les collines d\u2019Hollywood. Les flammes menacent les monuments de la m\u00e9tropole cin\u00e9matographique, mais l&rsquo;aide vient des airs.<\/strong><\/p>\n<p><span id=\"more-405827\"><\/span>Plus de 7 500 services d&rsquo;urgence luttent contre plusieurs incendies majeurs \u00e0 Los Angeles. \u00ab\u00a0Nous utilisons toutes les ressources disponibles pour lutter contre ces incendies\u00a0\u00bb, a d\u00e9clar\u00e9 le gouverneur de Californie, Gavin Newsom. Son \u00c9tat ne m\u00e9nage aucun effort pour prot\u00e9ger ses r\u00e9sidents. Le pr\u00e9sident am\u00e9ricain sortant Joe Biden avait auparavant d\u00e9clar\u00e9 un d\u00e9sastre pour la r\u00e9gion touch\u00e9e.<\/p>\n<div id=\"attachment_405833\" class=\"wp-caption alignleft\" style=\"max-width: 300px\"><img fetchpriority=\"high\" decoding=\"async\" class=\"wp-image-405833 size-medium\" src=\"https:\/\/vieassociative.be\/actualites\/wp-content\/uploads\/2025\/01\/Des-milliers-de-personnes-combattent-lincendie-a-Los-Angeles-\u2013.jpg\" alt=\"\" width=\"300\" height=\"200\"><\/p>\n<p class=\"wp-caption-text\">8 janvier 2025, \u00c9tats-Unis, Los Angeles : une voiture br\u00fbl\u00e9e est gar\u00e9e devant une maison incendi\u00e9e \u00e0 Pacific Palisades pendant le deuxi\u00e8me jour de l&rsquo;incendie de Palisades. Photo : Jonathan Alcorn\/ZUMA Press Wire\/dpa<\/p>\n<\/div>\n<p>Plusieurs incendies majeurs d\u00e9vastateurs ont frapp\u00e9 Los Angeles. Il y a aussi un incendie dans les c\u00e9l\u00e8bres Hollywood Hills. De nombreux habitants ont tent\u00e9 de quitter le quartier, ce qui a entra\u00een\u00e9 d&rsquo;\u00e9normes embouteillages, selon les m\u00e9dias am\u00e9ricains. Un habitant a rapport\u00e9 des \u00ab sc\u00e8nes chaotiques \u00bb \u00e0 CNN. Il br\u00fble au nord d&rsquo;Hollywood Boulevard, une zone qui abrite plusieurs destinations touristiques, dont le Hollywood Walk of Fame et le Chinese Theatre.<\/p>\n<p>L\u2019aide vient d\u00e9sormais des airs : les m\u00e9dias am\u00e9ricains ont montr\u00e9 des images d\u2019h\u00e9licopt\u00e8res larguant de l\u2019eau, par exemple lors du \u00ab Sunset Fire \u00bb dans les collines d\u2019Hollywood. Les services d&rsquo;urgence y faisaient de premiers progr\u00e8s, a indiqu\u00e9 le bureau du sh\u00e9rif du comt\u00e9 sur X. Selon les informations, cet incendie ainsi que d&rsquo;autres incendies \u00e0 Los Angeles et dans ses environs ne sont toujours pas ma\u00eetris\u00e9s.<\/p>\n<p>Selon les m\u00e9dias, environ 130 000 personnes ont fui et plus de 1 000 b\u00e2timents ont \u00e9t\u00e9 d\u00e9truits. Les flammes ont laiss\u00e9 un chemin de destruction.<\/p>\n<p>Selon ses propres d\u00e9clarations, la star de t\u00e9l\u00e9-r\u00e9alit\u00e9 Paris Hilton a d\u00fb regarder \u00e0 la t\u00e9l\u00e9vision sa maison victime des incendies d\u00e9vastateurs pr\u00e8s de Los Angeles. \u00ab\u00a0J&rsquo;ai le c\u0153ur bris\u00e9\u00a0\u00bb, a \u00e9crit l&rsquo;homme de 43 ans sur la plateforme X. \u00ab\u00a0Je suis assis avec ma famille, je regarde les informations et je vois notre maison \u00e0 Malibu enti\u00e8rement d\u00e9truite en direct \u00e0 la t\u00e9l\u00e9vision.\u00a0\u00bb d&rsquo;un reportage montrant un quartier incendi\u00e9.<\/p>\n<div id=\"attachment_405834\" class=\"wp-caption alignleft\" style=\"max-width: 300px\"><img decoding=\"async\" class=\"wp-image-405834 size-medium\" src=\"https:\/\/vieassociative.be\/actualites\/wp-content\/uploads\/2025\/01\/1736432221_298_Des-milliers-de-personnes-combattent-lincendie-a-Los-Angeles-\u2013.jpg\" alt=\"\" width=\"300\" height=\"200\"><\/p>\n<p class=\"wp-caption-text\">28 octobre 2024, \u00c9tats-Unis, New York : Paris Hilton participe aux CFDA Fashion Awards au Mus\u00e9e am\u00e9ricain d&rsquo;Histoire naturelle de New York. Photo : Evan Agostini\/Invision via AP\/dpa<\/p>\n<\/div>\n<p>\u00ab\u00a0Nous avons cr\u00e9\u00e9 tellement de souvenirs pr\u00e9cieux dans cette maison\u00a0\u00bb, a d\u00e9clar\u00e9 la femme d&rsquo;affaires, militante et chanteuse. \u00ab\u00a0C&rsquo;est l&rsquo;endroit o\u00f9 Phoenix a fait ses premiers pas et o\u00f9 nous avons r\u00eav\u00e9 de cr\u00e9er des souvenirs inoubliables avec Londres\u00a0\u00bb, a \u00e9crit Hilton, faisant r\u00e9f\u00e9rence \u00e0 ses deux enfants. Son c\u0153ur souffre pour ceux qui sont encore en danger ou qui subissent de plus grandes pertes. L\u2019ancienne It girl a remerci\u00e9 les secours \u00ab du fond du c\u0153ur \u00bb et a appel\u00e9 ses fans \u00e0 prendre soin d\u2019eux.<\/p>\n<p>Outre Hilton, d\u2019autres c\u00e9l\u00e9brit\u00e9s ont d\u00fb fuir les incendies. L&rsquo;acteur de \u00ab\u00a0Star Wars\u00a0\u00bb Mark Hamill a d\u00e9clar\u00e9 \u00e0 ses abonn\u00e9s Instagram qu&rsquo;il avait quitt\u00e9 son domicile de Malibu \u00ab\u00a0\u00e0 la derni\u00e8re minute\u00a0\u00bb. L&rsquo;actrice oscaris\u00e9e Jamie Lee Curtis a pleur\u00e9 la perte de sa maison \u00e0 Pacific Palisades. Selon plusieurs publications sur Instagram, l&rsquo;actrice Mandy Moore est rest\u00e9e chez des amis avec sa famille et ses animaux de compagnie. Elle a \u00e9crit \u00e0 propos d\u2019une vid\u00e9o d\u2019une promenade en voiture sous un ciel assombri par la fum\u00e9e et devant des b\u00e2timents en feu et incendi\u00e9s : \u00ab Je suis compl\u00e8tement engourdie (dpa\/cre) \u00bb.<\/p>\n","protected":false},"excerpt":{"rendered":"<p>De nouveaux incendies ravagent Los Angeles \u2013 il y a d\u00e9sormais \u00e9galement des incendies dans les collines d\u2019Hollywood. Les flammes menacent les monuments de la<\/p>\n","protected":false},"author":1,"featured_media":4198,"comment_status":"","ping_status":"","sticky":false,"template":"","format":"standard","meta":{"footnotes":""},"categories":[298],"tags":[4642,1282,4639,1850,29,3865,4643,4640,4641,4638,2447,714,18],"class_list":["post-4197","post","type-post","status-publish","format-standard","has-post-thumbnail","hentry","category-belgique","tag-angeles","tag-celebrites","tag-combattent","tag-dautres","tag-des","tag-fuite","tag-hilton","tag-lincendie","tag-los","tag-milliers","tag-paris","tag-personnes","tag-sont","generate-columns","tablet-grid-50","mobile-grid-100","grid-parent","grid-33"],"yoast_head":"<!-- This site is optimized with the Yoast SEO plugin v24.0 - https:\/\/yoast.com\/wordpress\/plugins\/seo\/ -->\n<title>Des milliers de personnes combattent l&#039;incendie \u00e0 Los Angeles \u2013 Paris Hilton et d&#039;autres c\u00e9l\u00e9brit\u00e9s sont en fuite | Vie Associative<\/title>\n<meta name=\"robots\" content=\"index, follow, max-snippet:-1, max-image-preview:large, max-video-preview:-1\" \/>\n<link rel=\"canonical\" href=\"https:\/\/vieassociative.be\/actualites\/des-milliers-de-personnes-combattent-lincendie-a-los-angeles-paris-hilton-et-dautres-celebrites-sont-en-fuite\/\" \/>\n<meta property=\"og:locale\" content=\"fr_FR\" \/>\n<meta property=\"og:type\" content=\"article\" \/>\n<meta property=\"og:title\" content=\"Des milliers de personnes combattent l&#039;incendie \u00e0 Los Angeles \u2013 Paris Hilton et d&#039;autres c\u00e9l\u00e9brit\u00e9s sont en fuite | Vie Associative\" \/>\n<meta property=\"og:description\" content=\"De nouveaux incendies ravagent Los Angeles \u2013 il y a d\u00e9sormais \u00e9galement des incendies dans les collines d\u2019Hollywood. Les flammes menacent les monuments de la\" \/>\n<meta property=\"og:url\" content=\"https:\/\/vieassociative.be\/actualites\/des-milliers-de-personnes-combattent-lincendie-a-los-angeles-paris-hilton-et-dautres-celebrites-sont-en-fuite\/\" \/>\n<meta property=\"og:site_name\" content=\"Vie Associative\" \/>\n<meta property=\"article:published_time\" content=\"2025-01-09T14:17:01+00:00\" \/>\n<meta property=\"og:image\" content=\"https:\/\/vieassociative.be\/actualites\/wp-content\/uploads\/2024\/09\/header_backgroundk-01-e1726694325946.png\" \/>\n\t<meta property=\"og:image:width\" content=\"279\" \/>\n\t<meta property=\"og:image:height\" content=\"92\" \/>\n\t<meta property=\"og:image:type\" content=\"image\/png\" \/>\n<meta name=\"author\" content=\"Julien\" \/>\n<meta name=\"twitter:card\" content=\"summary_large_image\" \/>\n<meta name=\"twitter:label1\" content=\"\u00c9crit par\" \/>\n\t<meta name=\"twitter:data1\" content=\"Julien\" \/>\n\t<meta name=\"twitter:label2\" content=\"Dur\u00e9e de lecture est.\" \/>\n\t<meta name=\"twitter:data2\" content=\"3 minutes\" \/>\n<script type=\"application\/ld+json\" class=\"yoast-schema-graph\">{\"@context\":\"https:\/\/schema.org\",\"@graph\":[{\"@type\":\"Article\",\"@id\":\"https:\/\/vieassociative.be\/actualites\/des-milliers-de-personnes-combattent-lincendie-a-los-angeles-paris-hilton-et-dautres-celebrites-sont-en-fuite\/#article\",\"isPartOf\":{\"@id\":\"https:\/\/vieassociative.be\/actualites\/des-milliers-de-personnes-combattent-lincendie-a-los-angeles-paris-hilton-et-dautres-celebrites-sont-en-fuite\/\"},\"author\":{\"name\":\"Julien\",\"@id\":\"https:\/\/vieassociative.be\/actualites\/#\/schema\/person\/b87ac4f82f9d4e7b7cec7395b679edc4\"},\"headline\":\"Des milliers de personnes combattent l&rsquo;incendie \u00e0 Los Angeles \u2013 Paris Hilton et d&rsquo;autres c\u00e9l\u00e9brit\u00e9s sont en fuite\",\"datePublished\":\"2025-01-09T14:17:01+00:00\",\"dateModified\":\"2025-01-09T14:17:01+00:00\",\"mainEntityOfPage\":{\"@id\":\"https:\/\/vieassociative.be\/actualites\/des-milliers-de-personnes-combattent-lincendie-a-los-angeles-paris-hilton-et-dautres-celebrites-sont-en-fuite\/\"},\"wordCount\":665,\"publisher\":{\"@id\":\"https:\/\/vieassociative.be\/actualites\/#organization\"},\"image\":{\"@id\":\"https:\/\/vieassociative.be\/actualites\/des-milliers-de-personnes-combattent-lincendie-a-los-angeles-paris-hilton-et-dautres-celebrites-sont-en-fuite\/#primaryimage\"},\"thumbnailUrl\":\"https:\/\/vieassociative.be\/actualites\/wp-content\/uploads\/2025\/01\/1736432221_Des-milliers-de-personnes-combattent-lincendie-a-Los-Angeles-\u2013.jpg\",\"keywords\":[\"Angeles\",\"c\u00e9l\u00e9brit\u00e9s\",\"combattent\",\"dautres\",\"Des\",\"fuite\",\"Hilton\",\"lincendie\",\"Los\",\"milliers\",\"Paris\",\"personnes\",\"sont\"],\"articleSection\":[\"Belgique\"],\"inLanguage\":\"fr-BE\"},{\"@type\":\"WebPage\",\"@id\":\"https:\/\/vieassociative.be\/actualites\/des-milliers-de-personnes-combattent-lincendie-a-los-angeles-paris-hilton-et-dautres-celebrites-sont-en-fuite\/\",\"url\":\"https:\/\/vieassociative.be\/actualites\/des-milliers-de-personnes-combattent-lincendie-a-los-angeles-paris-hilton-et-dautres-celebrites-sont-en-fuite\/\",\"name\":\"Des milliers de personnes combattent l'incendie \u00e0 Los Angeles \u2013 Paris Hilton et d'autres c\u00e9l\u00e9brit\u00e9s sont en fuite | Vie Associative\",\"isPartOf\":{\"@id\":\"https:\/\/vieassociative.be\/actualites\/#website\"},\"primaryImageOfPage\":{\"@id\":\"https:\/\/vieassociative.be\/actualites\/des-milliers-de-personnes-combattent-lincendie-a-los-angeles-paris-hilton-et-dautres-celebrites-sont-en-fuite\/#primaryimage\"},\"image\":{\"@id\":\"https:\/\/vieassociative.be\/actualites\/des-milliers-de-personnes-combattent-lincendie-a-los-angeles-paris-hilton-et-dautres-celebrites-sont-en-fuite\/#primaryimage\"},\"thumbnailUrl\":\"https:\/\/vieassociative.be\/actualites\/wp-content\/uploads\/2025\/01\/1736432221_Des-milliers-de-personnes-combattent-lincendie-a-Los-Angeles-\u2013.jpg\",\"datePublished\":\"2025-01-09T14:17:01+00:00\",\"dateModified\":\"2025-01-09T14:17:01+00:00\",\"breadcrumb\":{\"@id\":\"https:\/\/vieassociative.be\/actualites\/des-milliers-de-personnes-combattent-lincendie-a-los-angeles-paris-hilton-et-dautres-celebrites-sont-en-fuite\/#breadcrumb\"},\"inLanguage\":\"fr-BE\",\"potentialAction\":[{\"@type\":\"ReadAction\",\"target\":[\"https:\/\/vieassociative.be\/actualites\/des-milliers-de-personnes-combattent-lincendie-a-los-angeles-paris-hilton-et-dautres-celebrites-sont-en-fuite\/\"]}]},{\"@type\":\"ImageObject\",\"inLanguage\":\"fr-BE\",\"@id\":\"https:\/\/vieassociative.be\/actualites\/des-milliers-de-personnes-combattent-lincendie-a-los-angeles-paris-hilton-et-dautres-celebrites-sont-en-fuite\/#primaryimage\",\"url\":\"https:\/\/vieassociative.be\/actualites\/wp-content\/uploads\/2025\/01\/1736432221_Des-milliers-de-personnes-combattent-lincendie-a-Los-Angeles-\u2013.jpg\",\"contentUrl\":\"https:\/\/vieassociative.be\/actualites\/wp-content\/uploads\/2025\/01\/1736432221_Des-milliers-de-personnes-combattent-lincendie-a-Los-Angeles-\u2013.jpg\",\"width\":1200,\"height\":800,\"caption\":\"Des milliers de personnes combattent l'incendie \u00e0 Los Angeles \u2013 Paris Hilton et d'autres c\u00e9l\u00e9brit\u00e9s sont en fuite\"},{\"@type\":\"BreadcrumbList\",\"@id\":\"https:\/\/vieassociative.be\/actualites\/des-milliers-de-personnes-combattent-lincendie-a-los-angeles-paris-hilton-et-dautres-celebrites-sont-en-fuite\/#breadcrumb\",\"itemListElement\":[{\"@type\":\"ListItem\",\"position\":1,\"name\":\"Accueil\",\"item\":\"https:\/\/vieassociative.be\/actualites\/\"},{\"@type\":\"ListItem\",\"position\":2,\"name\":\"Des milliers de personnes combattent l&rsquo;incendie \u00e0 Los Angeles \u2013 Paris Hilton et d&rsquo;autres c\u00e9l\u00e9brit\u00e9s sont en fuite\"}]},{\"@type\":\"WebSite\",\"@id\":\"https:\/\/vieassociative.be\/actualites\/#website\",\"url\":\"https:\/\/vieassociative.be\/actualites\/\",\"name\":\"Vie Associative\",\"description\":\"\",\"publisher\":{\"@id\":\"https:\/\/vieassociative.be\/actualites\/#organization\"},\"potentialAction\":[{\"@type\":\"SearchAction\",\"target\":{\"@type\":\"EntryPoint\",\"urlTemplate\":\"https:\/\/vieassociative.be\/actualites\/?s={search_term_string}\"},\"query-input\":{\"@type\":\"PropertyValueSpecification\",\"valueRequired\":true,\"valueName\":\"search_term_string\"}}],\"inLanguage\":\"fr-BE\"},{\"@type\":\"Organization\",\"@id\":\"https:\/\/vieassociative.be\/actualites\/#organization\",\"name\":\"Vie Associative\",\"url\":\"https:\/\/vieassociative.be\/actualites\/\",\"logo\":{\"@type\":\"ImageObject\",\"inLanguage\":\"fr-BE\",\"@id\":\"https:\/\/vieassociative.be\/actualites\/#\/schema\/logo\/image\/\",\"url\":\"https:\/\/vieassociative.be\/actualites\/wp-content\/uploads\/2024\/09\/cropped-vieassociative_favicon.ico.png\",\"contentUrl\":\"https:\/\/vieassociative.be\/actualites\/wp-content\/uploads\/2024\/09\/cropped-vieassociative_favicon.ico.png\",\"width\":512,\"height\":512,\"caption\":\"Vie Associative\"},\"image\":{\"@id\":\"https:\/\/vieassociative.be\/actualites\/#\/schema\/logo\/image\/\"}},{\"@type\":\"Person\",\"@id\":\"https:\/\/vieassociative.be\/actualites\/#\/schema\/person\/b87ac4f82f9d4e7b7cec7395b679edc4\",\"name\":\"Julien\",\"image\":{\"@type\":\"ImageObject\",\"inLanguage\":\"fr-BE\",\"@id\":\"https:\/\/vieassociative.be\/actualites\/#\/schema\/person\/image\/\",\"url\":\"https:\/\/vieassociative.be\/actualites\/wp-content\/uploads\/2024\/09\/vie-associative-1-150x150.jpg\",\"contentUrl\":\"https:\/\/vieassociative.be\/actualites\/wp-content\/uploads\/2024\/09\/vie-associative-1-150x150.jpg\",\"caption\":\"Julien\"},\"description\":\"Je suis Julien, r\u00e9dacteur pour Vie Associative. Passionn\u00e9 par le monde associatif depuis plus de 10 ans, j'ai \u00e0 c\u0153ur de partager des histoires inspirantes et de mettre en lumi\u00e8re les initiatives locales. Mon objectif est de sensibiliser et d'encourager l'engagement communautaire \u00e0 travers mes articles.\",\"sameAs\":[\"https:\/\/vieassociative.be\/\"]}]}<\/script>\n<!-- \/ Yoast SEO plugin. -->","yoast_head_json":{"title":"Des milliers de personnes combattent l'incendie \u00e0 Los Angeles \u2013 Paris Hilton et d'autres c\u00e9l\u00e9brit\u00e9s sont en fuite | Vie Associative","robots":{"index":"index","follow":"follow","max-snippet":"max-snippet:-1","max-image-preview":"max-image-preview:large","max-video-preview":"max-video-preview:-1"},"canonical":"https:\/\/vieassociative.be\/actualites\/des-milliers-de-personnes-combattent-lincendie-a-los-angeles-paris-hilton-et-dautres-celebrites-sont-en-fuite\/","og_locale":"fr_FR","og_type":"article","og_title":"Des milliers de personnes combattent l'incendie \u00e0 Los Angeles \u2013 Paris Hilton et d'autres c\u00e9l\u00e9brit\u00e9s sont en fuite | Vie Associative","og_description":"De nouveaux incendies ravagent Los Angeles \u2013 il y a d\u00e9sormais \u00e9galement des incendies dans les collines d\u2019Hollywood. Les flammes menacent les monuments de la","og_url":"https:\/\/vieassociative.be\/actualites\/des-milliers-de-personnes-combattent-lincendie-a-los-angeles-paris-hilton-et-dautres-celebrites-sont-en-fuite\/","og_site_name":"Vie Associative","article_published_time":"2025-01-09T14:17:01+00:00","og_image":[{"width":279,"height":92,"url":"https:\/\/vieassociative.be\/actualites\/wp-content\/uploads\/2024\/09\/header_backgroundk-01-e1726694325946.png","type":"image\/png"}],"author":"Julien","twitter_card":"summary_large_image","twitter_misc":{"\u00c9crit par":"Julien","Dur\u00e9e de lecture est.":"3 minutes"},"schema":{"@context":"https:\/\/schema.org","@graph":[{"@type":"Article","@id":"https:\/\/vieassociative.be\/actualites\/des-milliers-de-personnes-combattent-lincendie-a-los-angeles-paris-hilton-et-dautres-celebrites-sont-en-fuite\/#article","isPartOf":{"@id":"https:\/\/vieassociative.be\/actualites\/des-milliers-de-personnes-combattent-lincendie-a-los-angeles-paris-hilton-et-dautres-celebrites-sont-en-fuite\/"},"author":{"name":"Julien","@id":"https:\/\/vieassociative.be\/actualites\/#\/schema\/person\/b87ac4f82f9d4e7b7cec7395b679edc4"},"headline":"Des milliers de personnes combattent l&rsquo;incendie \u00e0 Los Angeles \u2013 Paris Hilton et d&rsquo;autres c\u00e9l\u00e9brit\u00e9s sont en fuite","datePublished":"2025-01-09T14:17:01+00:00","dateModified":"2025-01-09T14:17:01+00:00","mainEntityOfPage":{"@id":"https:\/\/vieassociative.be\/actualites\/des-milliers-de-personnes-combattent-lincendie-a-los-angeles-paris-hilton-et-dautres-celebrites-sont-en-fuite\/"},"wordCount":665,"publisher":{"@id":"https:\/\/vieassociative.be\/actualites\/#organization"},"image":{"@id":"https:\/\/vieassociative.be\/actualites\/des-milliers-de-personnes-combattent-lincendie-a-los-angeles-paris-hilton-et-dautres-celebrites-sont-en-fuite\/#primaryimage"},"thumbnailUrl":"https:\/\/vieassociative.be\/actualites\/wp-content\/uploads\/2025\/01\/1736432221_Des-milliers-de-personnes-combattent-lincendie-a-Los-Angeles-\u2013.jpg","keywords":["Angeles","c\u00e9l\u00e9brit\u00e9s","combattent","dautres","Des","fuite","Hilton","lincendie","Los","milliers","Paris","personnes","sont"],"articleSection":["Belgique"],"inLanguage":"fr-BE"},{"@type":"WebPage","@id":"https:\/\/vieassociative.be\/actualites\/des-milliers-de-personnes-combattent-lincendie-a-los-angeles-paris-hilton-et-dautres-celebrites-sont-en-fuite\/","url":"https:\/\/vieassociative.be\/actualites\/des-milliers-de-personnes-combattent-lincendie-a-los-angeles-paris-hilton-et-dautres-celebrites-sont-en-fuite\/","name":"Des milliers de personnes combattent l'incendie \u00e0 Los Angeles \u2013 Paris Hilton et d'autres c\u00e9l\u00e9brit\u00e9s sont en fuite | Vie Associative","isPartOf":{"@id":"https:\/\/vieassociative.be\/actualites\/#website"},"primaryImageOfPage":{"@id":"https:\/\/vieassociative.be\/actualites\/des-milliers-de-personnes-combattent-lincendie-a-los-angeles-paris-hilton-et-dautres-celebrites-sont-en-fuite\/#primaryimage"},"image":{"@id":"https:\/\/vieassociative.be\/actualites\/des-milliers-de-personnes-combattent-lincendie-a-los-angeles-paris-hilton-et-dautres-celebrites-sont-en-fuite\/#primaryimage"},"thumbnailUrl":"https:\/\/vieassociative.be\/actualites\/wp-content\/uploads\/2025\/01\/1736432221_Des-milliers-de-personnes-combattent-lincendie-a-Los-Angeles-\u2013.jpg","datePublished":"2025-01-09T14:17:01+00:00","dateModified":"2025-01-09T14:17:01+00:00","breadcrumb":{"@id":"https:\/\/vieassociative.be\/actualites\/des-milliers-de-personnes-combattent-lincendie-a-los-angeles-paris-hilton-et-dautres-celebrites-sont-en-fuite\/#breadcrumb"},"inLanguage":"fr-BE","potentialAction":[{"@type":"ReadAction","target":["https:\/\/vieassociative.be\/actualites\/des-milliers-de-personnes-combattent-lincendie-a-los-angeles-paris-hilton-et-dautres-celebrites-sont-en-fuite\/"]}]},{"@type":"ImageObject","inLanguage":"fr-BE","@id":"https:\/\/vieassociative.be\/actualites\/des-milliers-de-personnes-combattent-lincendie-a-los-angeles-paris-hilton-et-dautres-celebrites-sont-en-fuite\/#primaryimage","url":"https:\/\/vieassociative.be\/actualites\/wp-content\/uploads\/2025\/01\/1736432221_Des-milliers-de-personnes-combattent-lincendie-a-Los-Angeles-\u2013.jpg","contentUrl":"https:\/\/vieassociative.be\/actualites\/wp-content\/uploads\/2025\/01\/1736432221_Des-milliers-de-personnes-combattent-lincendie-a-Los-Angeles-\u2013.jpg","width":1200,"height":800,"caption":"Des milliers de personnes combattent l'incendie \u00e0 Los Angeles \u2013 Paris Hilton et d'autres c\u00e9l\u00e9brit\u00e9s sont en fuite"},{"@type":"BreadcrumbList","@id":"https:\/\/vieassociative.be\/actualites\/des-milliers-de-personnes-combattent-lincendie-a-los-angeles-paris-hilton-et-dautres-celebrites-sont-en-fuite\/#breadcrumb","itemListElement":[{"@type":"ListItem","position":1,"name":"Accueil","item":"https:\/\/vieassociative.be\/actualites\/"},{"@type":"ListItem","position":2,"name":"Des milliers de personnes combattent l&rsquo;incendie \u00e0 Los Angeles \u2013 Paris Hilton et d&rsquo;autres c\u00e9l\u00e9brit\u00e9s sont en fuite"}]},{"@type":"WebSite","@id":"https:\/\/vieassociative.be\/actualites\/#website","url":"https:\/\/vieassociative.be\/actualites\/","name":"Vie Associative","description":"","publisher":{"@id":"https:\/\/vieassociative.be\/actualites\/#organization"},"potentialAction":[{"@type":"SearchAction","target":{"@type":"EntryPoint","urlTemplate":"https:\/\/vieassociative.be\/actualites\/?s={search_term_string}"},"query-input":{"@type":"PropertyValueSpecification","valueRequired":true,"valueName":"search_term_string"}}],"inLanguage":"fr-BE"},{"@type":"Organization","@id":"https:\/\/vieassociative.be\/actualites\/#organization","name":"Vie Associative","url":"https:\/\/vieassociative.be\/actualites\/","logo":{"@type":"ImageObject","inLanguage":"fr-BE","@id":"https:\/\/vieassociative.be\/actualites\/#\/schema\/logo\/image\/","url":"https:\/\/vieassociative.be\/actualites\/wp-content\/uploads\/2024\/09\/cropped-vieassociative_favicon.ico.png","contentUrl":"https:\/\/vieassociative.be\/actualites\/wp-content\/uploads\/2024\/09\/cropped-vieassociative_favicon.ico.png","width":512,"height":512,"caption":"Vie Associative"},"image":{"@id":"https:\/\/vieassociative.be\/actualites\/#\/schema\/logo\/image\/"}},{"@type":"Person","@id":"https:\/\/vieassociative.be\/actualites\/#\/schema\/person\/b87ac4f82f9d4e7b7cec7395b679edc4","name":"Julien","image":{"@type":"ImageObject","inLanguage":"fr-BE","@id":"https:\/\/vieassociative.be\/actualites\/#\/schema\/person\/image\/","url":"https:\/\/vieassociative.be\/actualites\/wp-content\/uploads\/2024\/09\/vie-associative-1-150x150.jpg","contentUrl":"https:\/\/vieassociative.be\/actualites\/wp-content\/uploads\/2024\/09\/vie-associative-1-150x150.jpg","caption":"Julien"},"description":"Je suis Julien, r\u00e9dacteur pour Vie Associative. Passionn\u00e9 par le monde associatif depuis plus de 10 ans, j'ai \u00e0 c\u0153ur de partager des histoires inspirantes et de mettre en lumi\u00e8re les initiatives locales. Mon objectif est de sensibiliser et d'encourager l'engagement communautaire \u00e0 travers mes articles.","sameAs":["https:\/\/vieassociative.be\/"]}]}},"_links":{"self":[{"href":"https:\/\/vieassociative.be\/actualites\/wp-json\/wp\/v2\/posts\/4197"}],"collection":[{"href":"https:\/\/vieassociative.be\/actualites\/wp-json\/wp\/v2\/posts"}],"about":[{"href":"https:\/\/vieassociative.be\/actualites\/wp-json\/wp\/v2\/types\/post"}],"author":[{"embeddable":true,"href":"https:\/\/vieassociative.be\/actualites\/wp-json\/wp\/v2\/users\/1"}],"replies":[{"embeddable":true,"href":"https:\/\/vieassociative.be\/actualites\/wp-json\/wp\/v2\/comments?post=4197"}],"version-history":[{"count":0,"href":"https:\/\/vieassociative.be\/actualites\/wp-json\/wp\/v2\/posts\/4197\/revisions"}],"wp:featuredmedia":[{"embeddable":true,"href":"https:\/\/vieassociative.be\/actualites\/wp-json\/wp\/v2\/media\/4198"}],"wp:attachment":[{"href":"https:\/\/vieassociative.be\/actualites\/wp-json\/wp\/v2\/media?parent=4197"}],"wp:term":[{"taxonomy":"category","embeddable":true,"href":"https:\/\/vieassociative.be\/actualites\/wp-json\/wp\/v2\/categories?post=4197"},{"taxonomy":"post_tag","embeddable":true,"href":"https:\/\/vieassociative.be\/actualites\/wp-json\/wp\/v2\/tags?post=4197"}],"curies":[{"name":"wp","href":"https:\/\/api.w.org\/{rel}","templated":true}]}}