{"id":4195,"date":"2025-01-09T14:17:07","date_gmt":"2025-01-09T13:17:07","guid":{"rendered":"https:\/\/vieassociative.be\/actualites\/lenorme-sony-bravia-x93l-de-75-pouces-est-presque-a-moitie-prix\/"},"modified":"2025-01-09T14:17:07","modified_gmt":"2025-01-09T13:17:07","slug":"lenorme-sony-bravia-x93l-de-75-pouces-est-presque-a-moitie-prix","status":"publish","type":"post","link":"https:\/\/vieassociative.be\/actualites\/lenorme-sony-bravia-x93l-de-75-pouces-est-presque-a-moitie-prix\/","title":{"rendered":"L&rsquo;\u00e9norme Sony Bravia X93L de 75 pouces est presque \u00e0 moiti\u00e9 prix"},"content":{"rendered":"<div class=\"mt-4 leading-6 md:mb-8\">Le Bravia est le t\u00e9l\u00e9viseur LED phare de Sony \u00e0 partir de 2023, et vous pouvez l&rsquo;obtenir d\u00e8s maintenant \u00e0 son meilleur prix \u00e0 ce jour.<\/div>\n<p><\/p>\n<p>Les passionn\u00e9s de technologie savent d\u00e9j\u00e0 que l\u2019\u00e9v\u00e9nement technologique le plus attendu au monde, le Consumer Electronics Show (CES), est actuellement en cours. Mais la plupart oublient que c&rsquo;est aussi l&rsquo;un des meilleurs moments pour acheter les mod\u00e8les phares de l&rsquo;ann\u00e9e derni\u00e8re ou, mieux encore pour votre portefeuille, les t\u00e9l\u00e9viseurs phares de deux ans. Si vous recherchez une offre sur un t\u00e9l\u00e9viseur de 75 pouces, pensez au t\u00e9l\u00e9viseur LED phare de Sony 2023, le Sony Bravia 75 pouces Classe X93L chez <strong>1 398 $<\/strong> (\u00e0 l&rsquo;origine 2 498 $) chez Walmart. Le prix le plus bas de ce mod\u00e8le depuis sa sortie, selon les outils de suivi des prix.<\/p>\n<div class=\"pogoClear mb-12 mt-10 rounded-md border-2 border-gray-100 py-7 shadow-xl md:py-6\">\n<div class=\"flex flex-wrap justify-between px-7 text-black no-underline md:flex-nowrap md:px-8\">\n<div class=\"order-1 mx-auto flex flex-col justify-center md:order-2 md:ml-4 md:w-full md:grow\">\n<div class=\"block cursor-pointer text-center font-akshar text-2xl font-medium leading-7 text-brand-green duration-200 ease-in-out hover:text-brand-green-700 md:text-left md:text-xl md:leading-6\">Sony Bravia 75 pouces Classe X93L\n                <\/div>\n<div class=\"mt-4 hidden md:flex md:justify-between\">\n<div class=\"self-end\">\n<div class=\"mb-0 h-11 md:flex md:flex-col md:justify-center\">\n<div class=\" font-sans leading-4 text-black\">\n<div class=\"flex flex-wrap items-center justify-center gap-x-1 md:justify-start\">\n        <span class=\"font-bold\"><\/p>\n<p>            1\u00a0398,00\u00a0$<br \/>\n                            <span class=\"font-medium\">chez Walmart<\/span><br \/>\n                    <\/span>\n            <\/div>\n<div class=\"flex items-center justify-center gap-x-1 font-bold md:justify-start\">\n            <span class=\"text-sm line-through\">2\u00a0498,00\u00a0$<\/span><br \/>\n            <span class=\"text-sm text-brand-green\">\u00c9conomisez 1\u00a0100,00\u00a0$<\/span>\n        <\/div>\n<\/p><\/div>\n<\/p><\/div>\n<\/p><\/div>\n<div class=\"w-44 self-end\">\n                            <button class=\"flex justify-center items-center w-full bg-brand-green text-white text-base font-sans font-medium rounded-md hover:bg-brand-green-700 hover:cursor-pointer md:text-sm h-11\"><\/p>\n<p>    Obtenez une offre<br \/>\n<\/button>\n                        <\/div>\n<\/p><\/div>\n<\/p><\/div>\n<div class=\"order-2 mt-5 h-auto w-full md:order-1 md:mt-0 md:hidden\">\n<div class=\"flex aspect-video items-center justify-center\">\n                                            <img decoding=\"async\" class=\"m-0 max-h-full max-w-full rounded-md\" src=\"https:\/\/vieassociative.be\/actualites\/wp-content\/uploads\/2025\/01\/Lenorme-Sony-Bravia-X93L-de-75-pouces-est-presque-a.jpg\" alt=\"Sony Bravia 75 pouces Classe X93L\" width=\"auto\" height=\"auto\" loading=\"lazy\">\n                                    <\/div>\n<\/p><\/div>\n<div class=\"order-2 ml-2 hidden w-32 shrink-0 items-center md:order-1 md:ml-0 md:flex\">\n<div class=\"flex aspect-video items-center justify-center\">\n                                            <img decoding=\"async\" class=\"m-0 max-h-full max-w-full rounded-md\" src=\"https:\/\/vieassociative.be\/actualites\/wp-content\/uploads\/2025\/01\/Lenorme-Sony-Bravia-X93L-de-75-pouces-est-presque-a.jpg\" alt=\"Sony Bravia 75 pouces Classe X93L\" width=\"auto\" height=\"auto\" loading=\"lazy\">\n                                    <\/div>\n<\/p><\/div>\n<div class=\"order-3 flex grow flex-wrap md:hidden md:grow-0\">\n<div class=\"mt-4 w-full\">\n                        <button class=\"flex justify-center items-center w-full bg-brand-green text-white text-base font-sans font-medium rounded-md hover:bg-brand-green-700 hover:cursor-pointer md:text-sm h-11\"><\/p>\n<p>    Obtenez une offre<br \/>\n<\/button>\n                    <\/div>\n<div class=\"mx-2 mt-4 w-full\">\n<div class=\" font-sans leading-4 text-black\">\n<div class=\"flex flex-wrap items-center justify-center gap-x-1 md:justify-start\">\n        <span class=\"font-bold\"><\/p>\n<p>            1\u00a0398,00\u00a0$<br \/>\n                            <span class=\"font-medium\">chez Walmart<\/span><br \/>\n                    <\/span>\n            <\/div>\n<div class=\"flex items-center justify-center gap-x-1 font-bold md:justify-start\">\n            <span class=\"text-sm line-through\">2\u00a0498,00\u00a0$<\/span><br \/>\n            <span class=\"text-sm text-brand-green\">\u00c9conomisez 1\u00a0100,00\u00a0$<\/span>\n        <\/div>\n<\/p><\/div>\n<\/p><\/div>\n<\/p><\/div>\n<\/p><\/div>\n<\/div>\n<p>Le Bravia X93L est un Google Smart TV r\u00e9tro\u00e9clair\u00e9 par LED (vous pouvez utiliser Apple AirPlay et Google Cast), ce qui signifie que vous n&rsquo;obtiendrez pas le contraste d&rsquo;un OLED, mais vous aurez plus de luminosit\u00e9 avec 1 383 nits. Il s&rsquo;agit d&rsquo;un t\u00e9l\u00e9viseur 4K avec une r\u00e9solution de 3\u00a0840 x 2\u00a0160, Dolby Vision et HDR-10, quatre ports HDMI (dont deux ports 2.1 \u00e0 120 Hz, mais l&rsquo;un d&rsquo;eux est la connexion E-ARC pour l&rsquo;audio), un rapport de contraste de 1 383 000:1, un taux de rafra\u00eechissement de 120 Hz, un d\u00e9calage d&rsquo;entr\u00e9e de 9,8 ms en mode jeu (pas le meilleur, mais quand m\u00eame bon) et un taux de rafra\u00eechissement variable (VRR) pour les jeux, mais pas d&rsquo;AMD FreeSync ou de Nvidia G-Sync.<\/p>\n<p>Les personnes recherchant un t\u00e9l\u00e9viseur pour leur syst\u00e8me home cin\u00e9ma appr\u00e9cieront sa conception permettant d&rsquo;installer facilement une barre de son \u00e0 l&rsquo;avant ou sous le t\u00e9l\u00e9viseur, avec des pieds r\u00e9glables en largeur et en hauteur. Il g\u00e8re \u00e9galement tr\u00e8s bien la r\u00e9flexion, en partie gr\u00e2ce \u00e0 sa luminosit\u00e9. Si vous ne cherchez pas de barre de son ou de son surround, l&rsquo;audio est bien meilleur que ses concurrents (m\u00eame si comme tous les t\u00e9l\u00e9viseurs, les basses feront toujours d\u00e9faut). <\/p>\n<p>Vous pouvez en savoir plus sur ce t\u00e9l\u00e9viseur dans la critique \u00ab excellente \u00bb de PCMag. <\/p>\n","protected":false},"excerpt":{"rendered":"<p>Le Bravia est le t\u00e9l\u00e9viseur LED phare de Sony \u00e0 partir de 2023, et vous pouvez l&rsquo;obtenir d\u00e8s maintenant \u00e0 son meilleur prix \u00e0 ce<\/p>\n","protected":false},"author":1,"featured_media":4196,"comment_status":"","ping_status":"","sticky":false,"template":"","format":"standard","meta":{"footnotes":""},"categories":[13],"tags":[4635,76,4634,4637,1980,340,1399,2243,4636],"class_list":["post-4195","post","type-post","status-publish","format-standard","has-post-thumbnail","hentry","category-technologie","tag-bravia","tag-est","tag-lenorme","tag-moitie","tag-pouces","tag-presque","tag-prix","tag-sony","tag-x93l","generate-columns","tablet-grid-50","mobile-grid-100","grid-parent","grid-33"],"yoast_head":"<!-- This site is optimized with the Yoast SEO plugin v24.0 - https:\/\/yoast.com\/wordpress\/plugins\/seo\/ -->\n<title>L&#039;\u00e9norme Sony Bravia X93L de 75 pouces est presque \u00e0 moiti\u00e9 prix | Vie Associative<\/title>\n<meta name=\"robots\" content=\"index, follow, max-snippet:-1, max-image-preview:large, max-video-preview:-1\" \/>\n<link rel=\"canonical\" href=\"https:\/\/vieassociative.be\/actualites\/lenorme-sony-bravia-x93l-de-75-pouces-est-presque-a-moitie-prix\/\" \/>\n<meta property=\"og:locale\" content=\"fr_FR\" \/>\n<meta property=\"og:type\" content=\"article\" \/>\n<meta property=\"og:title\" content=\"L&#039;\u00e9norme Sony Bravia X93L de 75 pouces est presque \u00e0 moiti\u00e9 prix | Vie Associative\" \/>\n<meta property=\"og:description\" content=\"Le Bravia est le t\u00e9l\u00e9viseur LED phare de Sony \u00e0 partir de 2023, et vous pouvez l&rsquo;obtenir d\u00e8s maintenant \u00e0 son meilleur prix \u00e0 ce\" \/>\n<meta property=\"og:url\" content=\"https:\/\/vieassociative.be\/actualites\/lenorme-sony-bravia-x93l-de-75-pouces-est-presque-a-moitie-prix\/\" \/>\n<meta property=\"og:site_name\" content=\"Vie Associative\" \/>\n<meta property=\"article:published_time\" content=\"2025-01-09T13:17:07+00:00\" \/>\n<meta property=\"og:image\" content=\"https:\/\/vieassociative.be\/actualites\/wp-content\/uploads\/2025\/01\/Lenorme-Sony-Bravia-X93L-de-75-pouces-est-presque-a.jpg\" \/>\n<meta name=\"author\" content=\"Julien\" \/>\n<meta name=\"twitter:card\" content=\"summary_large_image\" \/>\n<meta name=\"twitter:label1\" content=\"\u00c9crit par\" \/>\n\t<meta name=\"twitter:data1\" content=\"Julien\" \/>\n\t<meta name=\"twitter:label2\" content=\"Dur\u00e9e de lecture est.\" \/>\n\t<meta name=\"twitter:data2\" content=\"2 minutes\" \/>\n<script type=\"application\/ld+json\" class=\"yoast-schema-graph\">{\"@context\":\"https:\/\/schema.org\",\"@graph\":[{\"@type\":\"Article\",\"@id\":\"https:\/\/vieassociative.be\/actualites\/lenorme-sony-bravia-x93l-de-75-pouces-est-presque-a-moitie-prix\/#article\",\"isPartOf\":{\"@id\":\"https:\/\/vieassociative.be\/actualites\/lenorme-sony-bravia-x93l-de-75-pouces-est-presque-a-moitie-prix\/\"},\"author\":{\"name\":\"Julien\",\"@id\":\"https:\/\/vieassociative.be\/actualites\/#\/schema\/person\/b87ac4f82f9d4e7b7cec7395b679edc4\"},\"headline\":\"L&rsquo;\u00e9norme Sony Bravia X93L de 75 pouces est presque \u00e0 moiti\u00e9 prix\",\"datePublished\":\"2025-01-09T13:17:07+00:00\",\"dateModified\":\"2025-01-09T13:17:07+00:00\",\"mainEntityOfPage\":{\"@id\":\"https:\/\/vieassociative.be\/actualites\/lenorme-sony-bravia-x93l-de-75-pouces-est-presque-a-moitie-prix\/\"},\"wordCount\":418,\"publisher\":{\"@id\":\"https:\/\/vieassociative.be\/actualites\/#organization\"},\"image\":{\"@id\":\"https:\/\/vieassociative.be\/actualites\/lenorme-sony-bravia-x93l-de-75-pouces-est-presque-a-moitie-prix\/#primaryimage\"},\"thumbnailUrl\":\"https:\/\/vieassociative.be\/actualites\/wp-content\/uploads\/2025\/01\/Lenorme-Sony-Bravia-X93L-de-75-pouces-est-presque-a.png\",\"keywords\":[\"Bravia\",\"est\",\"L\u00e9norme\",\"moiti\u00e9\",\"pouces\",\"presque\",\"prix\",\"Sony\",\"X93L\"],\"articleSection\":[\"Technologie\"],\"inLanguage\":\"fr-BE\"},{\"@type\":\"WebPage\",\"@id\":\"https:\/\/vieassociative.be\/actualites\/lenorme-sony-bravia-x93l-de-75-pouces-est-presque-a-moitie-prix\/\",\"url\":\"https:\/\/vieassociative.be\/actualites\/lenorme-sony-bravia-x93l-de-75-pouces-est-presque-a-moitie-prix\/\",\"name\":\"L'\u00e9norme Sony Bravia X93L de 75 pouces est presque \u00e0 moiti\u00e9 prix | Vie Associative\",\"isPartOf\":{\"@id\":\"https:\/\/vieassociative.be\/actualites\/#website\"},\"primaryImageOfPage\":{\"@id\":\"https:\/\/vieassociative.be\/actualites\/lenorme-sony-bravia-x93l-de-75-pouces-est-presque-a-moitie-prix\/#primaryimage\"},\"image\":{\"@id\":\"https:\/\/vieassociative.be\/actualites\/lenorme-sony-bravia-x93l-de-75-pouces-est-presque-a-moitie-prix\/#primaryimage\"},\"thumbnailUrl\":\"https:\/\/vieassociative.be\/actualites\/wp-content\/uploads\/2025\/01\/Lenorme-Sony-Bravia-X93L-de-75-pouces-est-presque-a.png\",\"datePublished\":\"2025-01-09T13:17:07+00:00\",\"dateModified\":\"2025-01-09T13:17:07+00:00\",\"breadcrumb\":{\"@id\":\"https:\/\/vieassociative.be\/actualites\/lenorme-sony-bravia-x93l-de-75-pouces-est-presque-a-moitie-prix\/#breadcrumb\"},\"inLanguage\":\"fr-BE\",\"potentialAction\":[{\"@type\":\"ReadAction\",\"target\":[\"https:\/\/vieassociative.be\/actualites\/lenorme-sony-bravia-x93l-de-75-pouces-est-presque-a-moitie-prix\/\"]}]},{\"@type\":\"ImageObject\",\"inLanguage\":\"fr-BE\",\"@id\":\"https:\/\/vieassociative.be\/actualites\/lenorme-sony-bravia-x93l-de-75-pouces-est-presque-a-moitie-prix\/#primaryimage\",\"url\":\"https:\/\/vieassociative.be\/actualites\/wp-content\/uploads\/2025\/01\/Lenorme-Sony-Bravia-X93L-de-75-pouces-est-presque-a.png\",\"contentUrl\":\"https:\/\/vieassociative.be\/actualites\/wp-content\/uploads\/2025\/01\/Lenorme-Sony-Bravia-X93L-de-75-pouces-est-presque-a.png\",\"width\":1200,\"height\":675,\"caption\":\"L'\u00e9norme Sony Bravia X93L de 75 pouces est presque \u00e0 moiti\u00e9 prix\"},{\"@type\":\"BreadcrumbList\",\"@id\":\"https:\/\/vieassociative.be\/actualites\/lenorme-sony-bravia-x93l-de-75-pouces-est-presque-a-moitie-prix\/#breadcrumb\",\"itemListElement\":[{\"@type\":\"ListItem\",\"position\":1,\"name\":\"Accueil\",\"item\":\"https:\/\/vieassociative.be\/actualites\/\"},{\"@type\":\"ListItem\",\"position\":2,\"name\":\"L&rsquo;\u00e9norme Sony Bravia X93L de 75 pouces est presque \u00e0 moiti\u00e9 prix\"}]},{\"@type\":\"WebSite\",\"@id\":\"https:\/\/vieassociative.be\/actualites\/#website\",\"url\":\"https:\/\/vieassociative.be\/actualites\/\",\"name\":\"Vie Associative\",\"description\":\"\",\"publisher\":{\"@id\":\"https:\/\/vieassociative.be\/actualites\/#organization\"},\"potentialAction\":[{\"@type\":\"SearchAction\",\"target\":{\"@type\":\"EntryPoint\",\"urlTemplate\":\"https:\/\/vieassociative.be\/actualites\/?s={search_term_string}\"},\"query-input\":{\"@type\":\"PropertyValueSpecification\",\"valueRequired\":true,\"valueName\":\"search_term_string\"}}],\"inLanguage\":\"fr-BE\"},{\"@type\":\"Organization\",\"@id\":\"https:\/\/vieassociative.be\/actualites\/#organization\",\"name\":\"Vie Associative\",\"url\":\"https:\/\/vieassociative.be\/actualites\/\",\"logo\":{\"@type\":\"ImageObject\",\"inLanguage\":\"fr-BE\",\"@id\":\"https:\/\/vieassociative.be\/actualites\/#\/schema\/logo\/image\/\",\"url\":\"https:\/\/vieassociative.be\/actualites\/wp-content\/uploads\/2024\/09\/cropped-vieassociative_favicon.ico.png\",\"contentUrl\":\"https:\/\/vieassociative.be\/actualites\/wp-content\/uploads\/2024\/09\/cropped-vieassociative_favicon.ico.png\",\"width\":512,\"height\":512,\"caption\":\"Vie Associative\"},\"image\":{\"@id\":\"https:\/\/vieassociative.be\/actualites\/#\/schema\/logo\/image\/\"}},{\"@type\":\"Person\",\"@id\":\"https:\/\/vieassociative.be\/actualites\/#\/schema\/person\/b87ac4f82f9d4e7b7cec7395b679edc4\",\"name\":\"Julien\",\"image\":{\"@type\":\"ImageObject\",\"inLanguage\":\"fr-BE\",\"@id\":\"https:\/\/vieassociative.be\/actualites\/#\/schema\/person\/image\/\",\"url\":\"https:\/\/vieassociative.be\/actualites\/wp-content\/uploads\/2024\/09\/vie-associative-1-150x150.jpg\",\"contentUrl\":\"https:\/\/vieassociative.be\/actualites\/wp-content\/uploads\/2024\/09\/vie-associative-1-150x150.jpg\",\"caption\":\"Julien\"},\"description\":\"Je suis Julien, r\u00e9dacteur pour Vie Associative. Passionn\u00e9 par le monde associatif depuis plus de 10 ans, j'ai \u00e0 c\u0153ur de partager des histoires inspirantes et de mettre en lumi\u00e8re les initiatives locales. Mon objectif est de sensibiliser et d'encourager l'engagement communautaire \u00e0 travers mes articles.\",\"sameAs\":[\"https:\/\/vieassociative.be\/\"]}]}<\/script>\n<!-- \/ Yoast SEO plugin. -->","yoast_head_json":{"title":"L'\u00e9norme Sony Bravia X93L de 75 pouces est presque \u00e0 moiti\u00e9 prix | Vie Associative","robots":{"index":"index","follow":"follow","max-snippet":"max-snippet:-1","max-image-preview":"max-image-preview:large","max-video-preview":"max-video-preview:-1"},"canonical":"https:\/\/vieassociative.be\/actualites\/lenorme-sony-bravia-x93l-de-75-pouces-est-presque-a-moitie-prix\/","og_locale":"fr_FR","og_type":"article","og_title":"L'\u00e9norme Sony Bravia X93L de 75 pouces est presque \u00e0 moiti\u00e9 prix | Vie Associative","og_description":"Le Bravia est le t\u00e9l\u00e9viseur LED phare de Sony \u00e0 partir de 2023, et vous pouvez l&rsquo;obtenir d\u00e8s maintenant \u00e0 son meilleur prix \u00e0 ce","og_url":"https:\/\/vieassociative.be\/actualites\/lenorme-sony-bravia-x93l-de-75-pouces-est-presque-a-moitie-prix\/","og_site_name":"Vie Associative","article_published_time":"2025-01-09T13:17:07+00:00","og_image":[{"url":"https:\/\/vieassociative.be\/actualites\/wp-content\/uploads\/2025\/01\/Lenorme-Sony-Bravia-X93L-de-75-pouces-est-presque-a.jpg","type":"","width":"","height":""}],"author":"Julien","twitter_card":"summary_large_image","twitter_misc":{"\u00c9crit par":"Julien","Dur\u00e9e de lecture est.":"2 minutes"},"schema":{"@context":"https:\/\/schema.org","@graph":[{"@type":"Article","@id":"https:\/\/vieassociative.be\/actualites\/lenorme-sony-bravia-x93l-de-75-pouces-est-presque-a-moitie-prix\/#article","isPartOf":{"@id":"https:\/\/vieassociative.be\/actualites\/lenorme-sony-bravia-x93l-de-75-pouces-est-presque-a-moitie-prix\/"},"author":{"name":"Julien","@id":"https:\/\/vieassociative.be\/actualites\/#\/schema\/person\/b87ac4f82f9d4e7b7cec7395b679edc4"},"headline":"L&rsquo;\u00e9norme Sony Bravia X93L de 75 pouces est presque \u00e0 moiti\u00e9 prix","datePublished":"2025-01-09T13:17:07+00:00","dateModified":"2025-01-09T13:17:07+00:00","mainEntityOfPage":{"@id":"https:\/\/vieassociative.be\/actualites\/lenorme-sony-bravia-x93l-de-75-pouces-est-presque-a-moitie-prix\/"},"wordCount":418,"publisher":{"@id":"https:\/\/vieassociative.be\/actualites\/#organization"},"image":{"@id":"https:\/\/vieassociative.be\/actualites\/lenorme-sony-bravia-x93l-de-75-pouces-est-presque-a-moitie-prix\/#primaryimage"},"thumbnailUrl":"https:\/\/vieassociative.be\/actualites\/wp-content\/uploads\/2025\/01\/Lenorme-Sony-Bravia-X93L-de-75-pouces-est-presque-a.png","keywords":["Bravia","est","L\u00e9norme","moiti\u00e9","pouces","presque","prix","Sony","X93L"],"articleSection":["Technologie"],"inLanguage":"fr-BE"},{"@type":"WebPage","@id":"https:\/\/vieassociative.be\/actualites\/lenorme-sony-bravia-x93l-de-75-pouces-est-presque-a-moitie-prix\/","url":"https:\/\/vieassociative.be\/actualites\/lenorme-sony-bravia-x93l-de-75-pouces-est-presque-a-moitie-prix\/","name":"L'\u00e9norme Sony Bravia X93L de 75 pouces est presque \u00e0 moiti\u00e9 prix | Vie Associative","isPartOf":{"@id":"https:\/\/vieassociative.be\/actualites\/#website"},"primaryImageOfPage":{"@id":"https:\/\/vieassociative.be\/actualites\/lenorme-sony-bravia-x93l-de-75-pouces-est-presque-a-moitie-prix\/#primaryimage"},"image":{"@id":"https:\/\/vieassociative.be\/actualites\/lenorme-sony-bravia-x93l-de-75-pouces-est-presque-a-moitie-prix\/#primaryimage"},"thumbnailUrl":"https:\/\/vieassociative.be\/actualites\/wp-content\/uploads\/2025\/01\/Lenorme-Sony-Bravia-X93L-de-75-pouces-est-presque-a.png","datePublished":"2025-01-09T13:17:07+00:00","dateModified":"2025-01-09T13:17:07+00:00","breadcrumb":{"@id":"https:\/\/vieassociative.be\/actualites\/lenorme-sony-bravia-x93l-de-75-pouces-est-presque-a-moitie-prix\/#breadcrumb"},"inLanguage":"fr-BE","potentialAction":[{"@type":"ReadAction","target":["https:\/\/vieassociative.be\/actualites\/lenorme-sony-bravia-x93l-de-75-pouces-est-presque-a-moitie-prix\/"]}]},{"@type":"ImageObject","inLanguage":"fr-BE","@id":"https:\/\/vieassociative.be\/actualites\/lenorme-sony-bravia-x93l-de-75-pouces-est-presque-a-moitie-prix\/#primaryimage","url":"https:\/\/vieassociative.be\/actualites\/wp-content\/uploads\/2025\/01\/Lenorme-Sony-Bravia-X93L-de-75-pouces-est-presque-a.png","contentUrl":"https:\/\/vieassociative.be\/actualites\/wp-content\/uploads\/2025\/01\/Lenorme-Sony-Bravia-X93L-de-75-pouces-est-presque-a.png","width":1200,"height":675,"caption":"L'\u00e9norme Sony Bravia X93L de 75 pouces est presque \u00e0 moiti\u00e9 prix"},{"@type":"BreadcrumbList","@id":"https:\/\/vieassociative.be\/actualites\/lenorme-sony-bravia-x93l-de-75-pouces-est-presque-a-moitie-prix\/#breadcrumb","itemListElement":[{"@type":"ListItem","position":1,"name":"Accueil","item":"https:\/\/vieassociative.be\/actualites\/"},{"@type":"ListItem","position":2,"name":"L&rsquo;\u00e9norme Sony Bravia X93L de 75 pouces est presque \u00e0 moiti\u00e9 prix"}]},{"@type":"WebSite","@id":"https:\/\/vieassociative.be\/actualites\/#website","url":"https:\/\/vieassociative.be\/actualites\/","name":"Vie Associative","description":"","publisher":{"@id":"https:\/\/vieassociative.be\/actualites\/#organization"},"potentialAction":[{"@type":"SearchAction","target":{"@type":"EntryPoint","urlTemplate":"https:\/\/vieassociative.be\/actualites\/?s={search_term_string}"},"query-input":{"@type":"PropertyValueSpecification","valueRequired":true,"valueName":"search_term_string"}}],"inLanguage":"fr-BE"},{"@type":"Organization","@id":"https:\/\/vieassociative.be\/actualites\/#organization","name":"Vie Associative","url":"https:\/\/vieassociative.be\/actualites\/","logo":{"@type":"ImageObject","inLanguage":"fr-BE","@id":"https:\/\/vieassociative.be\/actualites\/#\/schema\/logo\/image\/","url":"https:\/\/vieassociative.be\/actualites\/wp-content\/uploads\/2024\/09\/cropped-vieassociative_favicon.ico.png","contentUrl":"https:\/\/vieassociative.be\/actualites\/wp-content\/uploads\/2024\/09\/cropped-vieassociative_favicon.ico.png","width":512,"height":512,"caption":"Vie Associative"},"image":{"@id":"https:\/\/vieassociative.be\/actualites\/#\/schema\/logo\/image\/"}},{"@type":"Person","@id":"https:\/\/vieassociative.be\/actualites\/#\/schema\/person\/b87ac4f82f9d4e7b7cec7395b679edc4","name":"Julien","image":{"@type":"ImageObject","inLanguage":"fr-BE","@id":"https:\/\/vieassociative.be\/actualites\/#\/schema\/person\/image\/","url":"https:\/\/vieassociative.be\/actualites\/wp-content\/uploads\/2024\/09\/vie-associative-1-150x150.jpg","contentUrl":"https:\/\/vieassociative.be\/actualites\/wp-content\/uploads\/2024\/09\/vie-associative-1-150x150.jpg","caption":"Julien"},"description":"Je suis Julien, r\u00e9dacteur pour Vie Associative. Passionn\u00e9 par le monde associatif depuis plus de 10 ans, j'ai \u00e0 c\u0153ur de partager des histoires inspirantes et de mettre en lumi\u00e8re les initiatives locales. Mon objectif est de sensibiliser et d'encourager l'engagement communautaire \u00e0 travers mes articles.","sameAs":["https:\/\/vieassociative.be\/"]}]}},"_links":{"self":[{"href":"https:\/\/vieassociative.be\/actualites\/wp-json\/wp\/v2\/posts\/4195"}],"collection":[{"href":"https:\/\/vieassociative.be\/actualites\/wp-json\/wp\/v2\/posts"}],"about":[{"href":"https:\/\/vieassociative.be\/actualites\/wp-json\/wp\/v2\/types\/post"}],"author":[{"embeddable":true,"href":"https:\/\/vieassociative.be\/actualites\/wp-json\/wp\/v2\/users\/1"}],"replies":[{"embeddable":true,"href":"https:\/\/vieassociative.be\/actualites\/wp-json\/wp\/v2\/comments?post=4195"}],"version-history":[{"count":0,"href":"https:\/\/vieassociative.be\/actualites\/wp-json\/wp\/v2\/posts\/4195\/revisions"}],"wp:featuredmedia":[{"embeddable":true,"href":"https:\/\/vieassociative.be\/actualites\/wp-json\/wp\/v2\/media\/4196"}],"wp:attachment":[{"href":"https:\/\/vieassociative.be\/actualites\/wp-json\/wp\/v2\/media?parent=4195"}],"wp:term":[{"taxonomy":"category","embeddable":true,"href":"https:\/\/vieassociative.be\/actualites\/wp-json\/wp\/v2\/categories?post=4195"},{"taxonomy":"post_tag","embeddable":true,"href":"https:\/\/vieassociative.be\/actualites\/wp-json\/wp\/v2\/tags?post=4195"}],"curies":[{"name":"wp","href":"https:\/\/api.w.org\/{rel}","templated":true}]}}