{"id":4193,"date":"2025-01-09T12:18:59","date_gmt":"2025-01-09T11:18:59","guid":{"rendered":"https:\/\/vieassociative.be\/actualites\/sauvez-vos-enfants-du-piege-du-depassement-dhoraires-lorsque-vous-les-renvoyez-a-lecole\/"},"modified":"2025-01-09T12:18:59","modified_gmt":"2025-01-09T11:18:59","slug":"sauvez-vos-enfants-du-piege-du-depassement-dhoraires-lorsque-vous-les-renvoyez-a-lecole","status":"publish","type":"post","link":"https:\/\/vieassociative.be\/actualites\/sauvez-vos-enfants-du-piege-du-depassement-dhoraires-lorsque-vous-les-renvoyez-a-lecole\/","title":{"rendered":"Sauvez vos enfants du \u00ab pi\u00e8ge du d\u00e9passement d\u2019horaires \u00bb lorsque vous les renvoyez \u00e0 l\u2019\u00e9cole"},"content":{"rendered":"<div class=\"mt-4 leading-6 md:mb-8\">Pr\u00e9voyez une transition plus progressive vers une \u00ab vie normale \u00bb afin que vos enfants ne se sentent pas d\u00e9pass\u00e9s.<\/div>\n<p><\/p>\n<p>Alors que nos enfants se pr\u00e9parent \u00e0 retourner \u00e0 l&rsquo;\u00e9cole, notre impulsion sera probablement de rattraper le temps perdu, qu&rsquo;il s&rsquo;agisse des \u00e9tudes, des sports intra-muros, des clubs \u00e9tudiants ou de toute autre \u00e9tape que nos enfants ont manqu\u00e9e pendant la pand\u00e9mie. <\/p>\n<p>Cependant, avant de commencer \u00e0 inscrire nos enfants \u00e0 <em>tout<\/em>il est important de se rappeler que les 18 derniers mois ont \u00e9t\u00e9 tr\u00e8s durs pour eux et que la mod\u00e9ration est de mise, surtout pendant les premiers mois d&rsquo;\u00e9cole. Beaucoup de nos enfants vont s\u2019adapter au simple fait d\u2019\u00eatre \u00e0 nouveau en classe \u00e0 temps plein, tout en vivant dans l\u2019incertitude quant \u00e0 ce que la menace des variants pourrait signifier pour l\u2019ann\u00e9e scolaire.<\/p>\n<p>\u00ab\u00a0La rentr\u00e9e scolaire de cette ann\u00e9e consiste tout autant \u00e0 renforcer la flexibilit\u00e9 de votre famille et de votre enfant\u00a0\u00bb, a d\u00e9clar\u00e9 Bob Cunningham, conseiller principal et l&rsquo;un des experts fondateurs sur les diff\u00e9rences d&rsquo;apprentissage et de pens\u00e9e pour Understood, une organisation \u00e0 but non lucratif qui fournit des ressources. et des conseils pour les familles d&rsquo;enfants qui pensent et apprennent diff\u00e9remment. \u00ab\u00a0Assurez-vous de ne pas surprogrammer les premiers mois.\u00a0\u00bb<\/p>\n<h2 id=\"make-the-transition-as-gradual-as-possible\"><strong>Rendre la transition aussi progressive que possible<\/strong> <\/h2>\n<p>Le retour \u00e0 l&rsquo;\u00e9cole \u00e0 temps plein sera probablement un changement brutal pour votre enfant, et le probl\u00e8me est aggrav\u00e9 par le fait que les enseignants vont subir beaucoup de pression pour rattraper une ann\u00e9e perdue. Tant de changements en m\u00eame temps sont assur\u00e9ment stressants pour les enfants et les parents. <\/p>\n<p>C&rsquo;est pourquoi il est important d&rsquo;accompagner vos enfants \u00e0 l&rsquo;\u00e9cole le plus progressivement possible, afin d&rsquo;att\u00e9nuer le choc du retour. Afin de r\u00e9habituer votre enfant \u00e0 un horaire r\u00e9gulier (ou pour la premi\u00e8re fois), il est pr\u00e9f\u00e9rable de commencer \u00e0 ajuster ses habitudes alimentaires et de sommeil quelques semaines \u00e0 un mois apr\u00e8s la rentr\u00e9e scolaire, afin qu&rsquo;il ait compl\u00e8tement fait la transition. avant le d\u00e9but des cours. Pour adoucir la transition, c&rsquo;est \u00e9galement une bonne id\u00e9e de poursuivre certains sch\u00e9mas et activit\u00e9s de l&rsquo;\u00e9t\u00e9 pendant l&rsquo;ann\u00e9e scolaire, que ce soit un temps de jeu un peu plus non structur\u00e9 apr\u00e8s l&rsquo;\u00e9cole ou un horaire plus d\u00e9tendu le week-end.<\/p>\n<h2 id=\"dont-put-too-much-stress-on-your-children\"><strong>Ne mettez pas trop de stress sur vos enfants<\/strong> <\/h2>\n<p>En tant que parents, il est important que nous ne mettions pas de stress suppl\u00e9mentaire sur nos enfants, que ce soit sous la forme d&rsquo;attentes acad\u00e9miques ou de suggestions d&rsquo;activit\u00e9s parascolaires, car ils en auront d\u00e9j\u00e0 assez \u00e0 g\u00e9rer. <\/p>\n<p>\u00ab\u00a0Je suis beaucoup plus pr\u00e9occup\u00e9 par le niveau de stress et d&rsquo;anxi\u00e9t\u00e9 des adultes que par celui des enfants\u00a0\u00bb, a d\u00e9clar\u00e9 Cunningham. \u00ab Les enfants sont r\u00e9silients, mais ils r\u00e9agissent de mani\u00e8re tr\u00e8s sensible au stress des adultes qui les entourent. Si vous \u00eates confus, si vous \u00eates anxieux, si vous paniquez et tirez levier apr\u00e8s levier, apportant changement apr\u00e8s changement, votre enfant r\u00e9agira n\u00e9gativement. <\/p>\n<p>Il y aura probablement quelques difficult\u00e9s avec les devoirs au d\u00e9but, ce qui est normal compte tenu des circonstances. La bonne nouvelle est que vos enfants s\u2019habitueront \u00e0 leur emploi du temps et \u00e0 leur charge de travail ant\u00e9rieurs, m\u00eame si cela peut prendre un peu de temps. <\/p>\n<p>Et si vous remarquez que votre enfant n&rsquo;appr\u00e9cie pas une activit\u00e9 parascolaire sp\u00e9cifique, m\u00eame s&rsquo;il l&rsquo;a d\u00e9j\u00e0 fait, vous pouvez le laisser d\u00e9cider lui-m\u00eame s&rsquo;il veut ou non continuer. <\/p>\n<p>\u00ab\u00a0Les parents devraient renforcer verbalement leurs enfants lorsqu&rsquo;ils donnent des raisons valables de s&rsquo;\u00e9loigner de certaines activit\u00e9s\u00a0\u00bb, a d\u00e9clar\u00e9 Jamie Bennett, travailleur social clinicien agr\u00e9\u00e9 chez Thriveworks. \u00ab Cela vaut la peine de leur donner le choix des activit\u00e9s \u00e0 maintenir et de celles \u00e0 abandonner. \u00bb <\/p>\n<h2 id=\"structure-is-good-for-kids\"><strong>La structure est bonne pour les enfants<\/strong> <\/h2>\n<p>De mani\u00e8re g\u00e9n\u00e9rale, les enfants r\u00e9ussissent bien avec la structure. En p\u00e9riode plus normale, la structure est l&rsquo;un des avantages des activit\u00e9s parascolaires, qui donnent \u00e0 nos enfants la chance de socialiser avec leurs pairs en dehors de l&rsquo;\u00e9cole tout en leur permettant \u00e9galement de d\u00e9velopper des comp\u00e9tences et des int\u00e9r\u00eats suppl\u00e9mentaires. <\/p>\n<p>Dans la bonne mesure, ces activit\u00e9s peuvent aider votre enfant \u00e0 d\u00e9velopper son estime de soi, ainsi qu&rsquo;\u00e0 comprendre qui il est et ce qu&rsquo;il aime. Mais compte tenu de toutes les perturbations de l\u2019ann\u00e9e derni\u00e8re, habituer votre enfant \u00e0 la structure de l\u2019\u00e9cole en personne sera sa propre priorit\u00e9. Au lieu de rester \u00e0 la maison toute la journ\u00e9e, ils seront dans une salle de classe avec d&rsquo;autres \u00e9tudiants, avec un horaire, des attentes et des pressions sociales diff\u00e9rents. Il est possible que le fait d&rsquo;ajouter des activit\u00e9s parascolaires \u00e0 cela fasse plus de mal que de bien.<\/p>\n<h2 id=\"hold-off-on-resuming-a-full-schedule-right-away\"><strong>Attendez de reprendre imm\u00e9diatement un programme complet<\/strong><\/h2>\n<p>Les premiers mois seront probablement plus stressants que d&rsquo;habitude, donc plut\u00f4t que de laisser votre enfant reprendre toutes ses activit\u00e9s parascolaires habituelles, c&rsquo;est une bonne id\u00e9e d&rsquo;attendre pour reprendre son emploi du temps pr\u00e9c\u00e9dent, au moins pendant les premiers mois. <\/p>\n<p>Au d\u00e9but, vous devez vous assurer qu&rsquo;il y a une certaine flexibilit\u00e9 dans l&#8217;emploi du temps de votre enfant, de sorte que s&rsquo;il a besoin d&rsquo;un peu plus de temps pour faire ses devoirs ou s&rsquo;il a des difficult\u00e9s avec un aspect sp\u00e9cifique du retour \u00e0 l&rsquo;\u00e9cole, ils auront le temps de s&rsquo;y habituer. <\/p>\n<p>Si votre enfant souffre d&rsquo;un trouble d&rsquo;apprentissage, tel que la dyslexie ou le TDAH, vous souhaiterez \u00e9galement parler \u00e0 l&rsquo;enseignant de ses am\u00e9nagements sp\u00e9cifiques pour l&rsquo;apprentissage en personne. Essayez de garder un \u0153il sur leur charge de travail, car les enseignants vont subir une pression \u00e9norme pour rattraper les enfants, ce qui peut rapidement devenir \u00e9crasant. <\/p>\n<p>\u00ab\u00a0Si votre impulsion normale est d&rsquo;inscrire votre enfant \u00e0 autant d&rsquo;activit\u00e9s que possible pour qu&rsquo;il soit op\u00e9rationnel, cette ann\u00e9e pourrait \u00eatre l&rsquo;ann\u00e9e pour y renoncer\u00a0\u00bb, a d\u00e9clar\u00e9 Cunningham. <\/p>\n<h2 id=\"signs-your-child-is-overextended\"><strong>Signes que votre enfant est trop \u00e9tendu<\/strong> <\/h2>\n<p>La frustration est une \u00e9motion normale, surtout lorsque votre enfant se r\u00e9adapte \u00e0 l&rsquo;\u00e9cole. Cependant, si vous remarquez que votre enfant est renferm\u00e9, montre un manque d&rsquo;int\u00e9r\u00eat pour ses activit\u00e9s normales ou commence \u00e0 faire preuve d&rsquo;une autocritique s\u00e9v\u00e8re, ce sont tous des signaux d&rsquo;alarme qui indiquent que votre enfant est en difficult\u00e9 et a besoin d&rsquo;un soutien suppl\u00e9mentaire. <\/p>\n<p>\u00ab Les parents devraient maintenir des lignes de communication ouvertes avec leurs enfants \u00bb, a d\u00e9clar\u00e9 Bennett. \u00ab\u00a0Sinon, les enfants pourraient se sentir enclins \u00e0 r\u00e9primer leurs sentiments honn\u00eates, ce qui pourrait se manifester par des formes d\u2019adaptation n\u00e9fastes.\u00a0\u00bb <\/p>\n<p><\/p>\n","protected":false},"excerpt":{"rendered":"<p>Pr\u00e9voyez une transition plus progressive vers une \u00ab vie normale \u00bb afin que vos enfants ne se sentent pas d\u00e9pass\u00e9s. Alors que nos enfants se<\/p>\n","protected":false},"author":1,"featured_media":4194,"comment_status":"","ping_status":"","sticky":false,"template":"","format":"standard","meta":{"footnotes":""},"categories":[37],"tags":[4631,4632,324,2437,14,559,2108,4633,4630,27,4],"class_list":["post-4193","post","type-post","status-publish","format-standard","has-post-thumbnail","hentry","category-famille","tag-depassement","tag-dhoraires","tag-enfants","tag-lecole","tag-les","tag-lorsque","tag-piege","tag-renvoyez","tag-sauvez","tag-vos","tag-vous","generate-columns","tablet-grid-50","mobile-grid-100","grid-parent","grid-33"],"yoast_head":"<!-- This site is optimized with the Yoast SEO plugin v24.0 - https:\/\/yoast.com\/wordpress\/plugins\/seo\/ -->\n<title>Sauvez vos enfants du \u00ab pi\u00e8ge du d\u00e9passement d\u2019horaires \u00bb lorsque vous les renvoyez \u00e0 l\u2019\u00e9cole | Vie Associative<\/title>\n<meta name=\"robots\" content=\"index, follow, max-snippet:-1, max-image-preview:large, max-video-preview:-1\" \/>\n<link rel=\"canonical\" href=\"https:\/\/vieassociative.be\/actualites\/sauvez-vos-enfants-du-piege-du-depassement-dhoraires-lorsque-vous-les-renvoyez-a-lecole\/\" \/>\n<meta property=\"og:locale\" content=\"fr_FR\" \/>\n<meta property=\"og:type\" content=\"article\" \/>\n<meta property=\"og:title\" content=\"Sauvez vos enfants du \u00ab pi\u00e8ge du d\u00e9passement d\u2019horaires \u00bb lorsque vous les renvoyez \u00e0 l\u2019\u00e9cole | Vie Associative\" \/>\n<meta property=\"og:description\" content=\"Pr\u00e9voyez une transition plus progressive vers une \u00ab vie normale \u00bb afin que vos enfants ne se sentent pas d\u00e9pass\u00e9s. Alors que nos enfants se\" \/>\n<meta property=\"og:url\" content=\"https:\/\/vieassociative.be\/actualites\/sauvez-vos-enfants-du-piege-du-depassement-dhoraires-lorsque-vous-les-renvoyez-a-lecole\/\" \/>\n<meta property=\"og:site_name\" content=\"Vie Associative\" \/>\n<meta property=\"article:published_time\" content=\"2025-01-09T11:18:59+00:00\" \/>\n<meta property=\"og:image\" content=\"https:\/\/vieassociative.be\/actualites\/wp-content\/uploads\/2024\/09\/header_backgroundk-01-e1726694325946.png\" \/>\n\t<meta property=\"og:image:width\" content=\"279\" \/>\n\t<meta property=\"og:image:height\" content=\"92\" \/>\n\t<meta property=\"og:image:type\" content=\"image\/png\" \/>\n<meta name=\"author\" content=\"Julien\" \/>\n<meta name=\"twitter:card\" content=\"summary_large_image\" \/>\n<meta name=\"twitter:label1\" content=\"\u00c9crit par\" \/>\n\t<meta name=\"twitter:data1\" content=\"Julien\" \/>\n\t<meta name=\"twitter:label2\" content=\"Dur\u00e9e de lecture est.\" \/>\n\t<meta name=\"twitter:data2\" content=\"6 minutes\" \/>\n<script type=\"application\/ld+json\" class=\"yoast-schema-graph\">{\"@context\":\"https:\/\/schema.org\",\"@graph\":[{\"@type\":\"Article\",\"@id\":\"https:\/\/vieassociative.be\/actualites\/sauvez-vos-enfants-du-piege-du-depassement-dhoraires-lorsque-vous-les-renvoyez-a-lecole\/#article\",\"isPartOf\":{\"@id\":\"https:\/\/vieassociative.be\/actualites\/sauvez-vos-enfants-du-piege-du-depassement-dhoraires-lorsque-vous-les-renvoyez-a-lecole\/\"},\"author\":{\"name\":\"Julien\",\"@id\":\"https:\/\/vieassociative.be\/actualites\/#\/schema\/person\/b87ac4f82f9d4e7b7cec7395b679edc4\"},\"headline\":\"Sauvez vos enfants du \u00ab pi\u00e8ge du d\u00e9passement d\u2019horaires \u00bb lorsque vous les renvoyez \u00e0 l\u2019\u00e9cole\",\"datePublished\":\"2025-01-09T11:18:59+00:00\",\"dateModified\":\"2025-01-09T11:18:59+00:00\",\"mainEntityOfPage\":{\"@id\":\"https:\/\/vieassociative.be\/actualites\/sauvez-vos-enfants-du-piege-du-depassement-dhoraires-lorsque-vous-les-renvoyez-a-lecole\/\"},\"wordCount\":1207,\"publisher\":{\"@id\":\"https:\/\/vieassociative.be\/actualites\/#organization\"},\"image\":{\"@id\":\"https:\/\/vieassociative.be\/actualites\/sauvez-vos-enfants-du-piege-du-depassement-dhoraires-lorsque-vous-les-renvoyez-a-lecole\/#primaryimage\"},\"thumbnailUrl\":\"https:\/\/vieassociative.be\/actualites\/wp-content\/uploads\/2025\/01\/Sauvez-vos-enfants-du-piege-du-depassement-dhoraires.jpg\",\"keywords\":[\"d\u00e9passement\",\"dhoraires\",\"enfants\",\"l\u00e9cole\",\"Les\",\"lorsque\",\"pi\u00e8ge\",\"renvoyez\",\"Sauvez\",\"vos\",\"Vous\"],\"articleSection\":[\"Famille\"],\"inLanguage\":\"fr-BE\"},{\"@type\":\"WebPage\",\"@id\":\"https:\/\/vieassociative.be\/actualites\/sauvez-vos-enfants-du-piege-du-depassement-dhoraires-lorsque-vous-les-renvoyez-a-lecole\/\",\"url\":\"https:\/\/vieassociative.be\/actualites\/sauvez-vos-enfants-du-piege-du-depassement-dhoraires-lorsque-vous-les-renvoyez-a-lecole\/\",\"name\":\"Sauvez vos enfants du \u00ab pi\u00e8ge du d\u00e9passement d\u2019horaires \u00bb lorsque vous les renvoyez \u00e0 l\u2019\u00e9cole | Vie Associative\",\"isPartOf\":{\"@id\":\"https:\/\/vieassociative.be\/actualites\/#website\"},\"primaryImageOfPage\":{\"@id\":\"https:\/\/vieassociative.be\/actualites\/sauvez-vos-enfants-du-piege-du-depassement-dhoraires-lorsque-vous-les-renvoyez-a-lecole\/#primaryimage\"},\"image\":{\"@id\":\"https:\/\/vieassociative.be\/actualites\/sauvez-vos-enfants-du-piege-du-depassement-dhoraires-lorsque-vous-les-renvoyez-a-lecole\/#primaryimage\"},\"thumbnailUrl\":\"https:\/\/vieassociative.be\/actualites\/wp-content\/uploads\/2025\/01\/Sauvez-vos-enfants-du-piege-du-depassement-dhoraires.jpg\",\"datePublished\":\"2025-01-09T11:18:59+00:00\",\"dateModified\":\"2025-01-09T11:18:59+00:00\",\"breadcrumb\":{\"@id\":\"https:\/\/vieassociative.be\/actualites\/sauvez-vos-enfants-du-piege-du-depassement-dhoraires-lorsque-vous-les-renvoyez-a-lecole\/#breadcrumb\"},\"inLanguage\":\"fr-BE\",\"potentialAction\":[{\"@type\":\"ReadAction\",\"target\":[\"https:\/\/vieassociative.be\/actualites\/sauvez-vos-enfants-du-piege-du-depassement-dhoraires-lorsque-vous-les-renvoyez-a-lecole\/\"]}]},{\"@type\":\"ImageObject\",\"inLanguage\":\"fr-BE\",\"@id\":\"https:\/\/vieassociative.be\/actualites\/sauvez-vos-enfants-du-piege-du-depassement-dhoraires-lorsque-vous-les-renvoyez-a-lecole\/#primaryimage\",\"url\":\"https:\/\/vieassociative.be\/actualites\/wp-content\/uploads\/2025\/01\/Sauvez-vos-enfants-du-piege-du-depassement-dhoraires.jpg\",\"contentUrl\":\"https:\/\/vieassociative.be\/actualites\/wp-content\/uploads\/2025\/01\/Sauvez-vos-enfants-du-piege-du-depassement-dhoraires.jpg\",\"width\":1200,\"height\":675,\"caption\":\"Sauvez vos enfants du \u00ab pi\u00e8ge du d\u00e9passement d\u2019horaires \u00bb lorsque vous les renvoyez \u00e0 l\u2019\u00e9cole\"},{\"@type\":\"BreadcrumbList\",\"@id\":\"https:\/\/vieassociative.be\/actualites\/sauvez-vos-enfants-du-piege-du-depassement-dhoraires-lorsque-vous-les-renvoyez-a-lecole\/#breadcrumb\",\"itemListElement\":[{\"@type\":\"ListItem\",\"position\":1,\"name\":\"Accueil\",\"item\":\"https:\/\/vieassociative.be\/actualites\/\"},{\"@type\":\"ListItem\",\"position\":2,\"name\":\"Sauvez vos enfants du \u00ab pi\u00e8ge du d\u00e9passement d\u2019horaires \u00bb lorsque vous les renvoyez \u00e0 l\u2019\u00e9cole\"}]},{\"@type\":\"WebSite\",\"@id\":\"https:\/\/vieassociative.be\/actualites\/#website\",\"url\":\"https:\/\/vieassociative.be\/actualites\/\",\"name\":\"Vie Associative\",\"description\":\"\",\"publisher\":{\"@id\":\"https:\/\/vieassociative.be\/actualites\/#organization\"},\"potentialAction\":[{\"@type\":\"SearchAction\",\"target\":{\"@type\":\"EntryPoint\",\"urlTemplate\":\"https:\/\/vieassociative.be\/actualites\/?s={search_term_string}\"},\"query-input\":{\"@type\":\"PropertyValueSpecification\",\"valueRequired\":true,\"valueName\":\"search_term_string\"}}],\"inLanguage\":\"fr-BE\"},{\"@type\":\"Organization\",\"@id\":\"https:\/\/vieassociative.be\/actualites\/#organization\",\"name\":\"Vie Associative\",\"url\":\"https:\/\/vieassociative.be\/actualites\/\",\"logo\":{\"@type\":\"ImageObject\",\"inLanguage\":\"fr-BE\",\"@id\":\"https:\/\/vieassociative.be\/actualites\/#\/schema\/logo\/image\/\",\"url\":\"https:\/\/vieassociative.be\/actualites\/wp-content\/uploads\/2024\/09\/cropped-vieassociative_favicon.ico.png\",\"contentUrl\":\"https:\/\/vieassociative.be\/actualites\/wp-content\/uploads\/2024\/09\/cropped-vieassociative_favicon.ico.png\",\"width\":512,\"height\":512,\"caption\":\"Vie Associative\"},\"image\":{\"@id\":\"https:\/\/vieassociative.be\/actualites\/#\/schema\/logo\/image\/\"}},{\"@type\":\"Person\",\"@id\":\"https:\/\/vieassociative.be\/actualites\/#\/schema\/person\/b87ac4f82f9d4e7b7cec7395b679edc4\",\"name\":\"Julien\",\"image\":{\"@type\":\"ImageObject\",\"inLanguage\":\"fr-BE\",\"@id\":\"https:\/\/vieassociative.be\/actualites\/#\/schema\/person\/image\/\",\"url\":\"https:\/\/vieassociative.be\/actualites\/wp-content\/uploads\/2024\/09\/vie-associative-1-150x150.jpg\",\"contentUrl\":\"https:\/\/vieassociative.be\/actualites\/wp-content\/uploads\/2024\/09\/vie-associative-1-150x150.jpg\",\"caption\":\"Julien\"},\"description\":\"Je suis Julien, r\u00e9dacteur pour Vie Associative. Passionn\u00e9 par le monde associatif depuis plus de 10 ans, j'ai \u00e0 c\u0153ur de partager des histoires inspirantes et de mettre en lumi\u00e8re les initiatives locales. Mon objectif est de sensibiliser et d'encourager l'engagement communautaire \u00e0 travers mes articles.\",\"sameAs\":[\"https:\/\/vieassociative.be\/\"]}]}<\/script>\n<!-- \/ Yoast SEO plugin. -->","yoast_head_json":{"title":"Sauvez vos enfants du \u00ab pi\u00e8ge du d\u00e9passement d\u2019horaires \u00bb lorsque vous les renvoyez \u00e0 l\u2019\u00e9cole | Vie Associative","robots":{"index":"index","follow":"follow","max-snippet":"max-snippet:-1","max-image-preview":"max-image-preview:large","max-video-preview":"max-video-preview:-1"},"canonical":"https:\/\/vieassociative.be\/actualites\/sauvez-vos-enfants-du-piege-du-depassement-dhoraires-lorsque-vous-les-renvoyez-a-lecole\/","og_locale":"fr_FR","og_type":"article","og_title":"Sauvez vos enfants du \u00ab pi\u00e8ge du d\u00e9passement d\u2019horaires \u00bb lorsque vous les renvoyez \u00e0 l\u2019\u00e9cole | Vie Associative","og_description":"Pr\u00e9voyez une transition plus progressive vers une \u00ab vie normale \u00bb afin que vos enfants ne se sentent pas d\u00e9pass\u00e9s. Alors que nos enfants se","og_url":"https:\/\/vieassociative.be\/actualites\/sauvez-vos-enfants-du-piege-du-depassement-dhoraires-lorsque-vous-les-renvoyez-a-lecole\/","og_site_name":"Vie Associative","article_published_time":"2025-01-09T11:18:59+00:00","og_image":[{"width":279,"height":92,"url":"https:\/\/vieassociative.be\/actualites\/wp-content\/uploads\/2024\/09\/header_backgroundk-01-e1726694325946.png","type":"image\/png"}],"author":"Julien","twitter_card":"summary_large_image","twitter_misc":{"\u00c9crit par":"Julien","Dur\u00e9e de lecture est.":"6 minutes"},"schema":{"@context":"https:\/\/schema.org","@graph":[{"@type":"Article","@id":"https:\/\/vieassociative.be\/actualites\/sauvez-vos-enfants-du-piege-du-depassement-dhoraires-lorsque-vous-les-renvoyez-a-lecole\/#article","isPartOf":{"@id":"https:\/\/vieassociative.be\/actualites\/sauvez-vos-enfants-du-piege-du-depassement-dhoraires-lorsque-vous-les-renvoyez-a-lecole\/"},"author":{"name":"Julien","@id":"https:\/\/vieassociative.be\/actualites\/#\/schema\/person\/b87ac4f82f9d4e7b7cec7395b679edc4"},"headline":"Sauvez vos enfants du \u00ab pi\u00e8ge du d\u00e9passement d\u2019horaires \u00bb lorsque vous les renvoyez \u00e0 l\u2019\u00e9cole","datePublished":"2025-01-09T11:18:59+00:00","dateModified":"2025-01-09T11:18:59+00:00","mainEntityOfPage":{"@id":"https:\/\/vieassociative.be\/actualites\/sauvez-vos-enfants-du-piege-du-depassement-dhoraires-lorsque-vous-les-renvoyez-a-lecole\/"},"wordCount":1207,"publisher":{"@id":"https:\/\/vieassociative.be\/actualites\/#organization"},"image":{"@id":"https:\/\/vieassociative.be\/actualites\/sauvez-vos-enfants-du-piege-du-depassement-dhoraires-lorsque-vous-les-renvoyez-a-lecole\/#primaryimage"},"thumbnailUrl":"https:\/\/vieassociative.be\/actualites\/wp-content\/uploads\/2025\/01\/Sauvez-vos-enfants-du-piege-du-depassement-dhoraires.jpg","keywords":["d\u00e9passement","dhoraires","enfants","l\u00e9cole","Les","lorsque","pi\u00e8ge","renvoyez","Sauvez","vos","Vous"],"articleSection":["Famille"],"inLanguage":"fr-BE"},{"@type":"WebPage","@id":"https:\/\/vieassociative.be\/actualites\/sauvez-vos-enfants-du-piege-du-depassement-dhoraires-lorsque-vous-les-renvoyez-a-lecole\/","url":"https:\/\/vieassociative.be\/actualites\/sauvez-vos-enfants-du-piege-du-depassement-dhoraires-lorsque-vous-les-renvoyez-a-lecole\/","name":"Sauvez vos enfants du \u00ab pi\u00e8ge du d\u00e9passement d\u2019horaires \u00bb lorsque vous les renvoyez \u00e0 l\u2019\u00e9cole | Vie Associative","isPartOf":{"@id":"https:\/\/vieassociative.be\/actualites\/#website"},"primaryImageOfPage":{"@id":"https:\/\/vieassociative.be\/actualites\/sauvez-vos-enfants-du-piege-du-depassement-dhoraires-lorsque-vous-les-renvoyez-a-lecole\/#primaryimage"},"image":{"@id":"https:\/\/vieassociative.be\/actualites\/sauvez-vos-enfants-du-piege-du-depassement-dhoraires-lorsque-vous-les-renvoyez-a-lecole\/#primaryimage"},"thumbnailUrl":"https:\/\/vieassociative.be\/actualites\/wp-content\/uploads\/2025\/01\/Sauvez-vos-enfants-du-piege-du-depassement-dhoraires.jpg","datePublished":"2025-01-09T11:18:59+00:00","dateModified":"2025-01-09T11:18:59+00:00","breadcrumb":{"@id":"https:\/\/vieassociative.be\/actualites\/sauvez-vos-enfants-du-piege-du-depassement-dhoraires-lorsque-vous-les-renvoyez-a-lecole\/#breadcrumb"},"inLanguage":"fr-BE","potentialAction":[{"@type":"ReadAction","target":["https:\/\/vieassociative.be\/actualites\/sauvez-vos-enfants-du-piege-du-depassement-dhoraires-lorsque-vous-les-renvoyez-a-lecole\/"]}]},{"@type":"ImageObject","inLanguage":"fr-BE","@id":"https:\/\/vieassociative.be\/actualites\/sauvez-vos-enfants-du-piege-du-depassement-dhoraires-lorsque-vous-les-renvoyez-a-lecole\/#primaryimage","url":"https:\/\/vieassociative.be\/actualites\/wp-content\/uploads\/2025\/01\/Sauvez-vos-enfants-du-piege-du-depassement-dhoraires.jpg","contentUrl":"https:\/\/vieassociative.be\/actualites\/wp-content\/uploads\/2025\/01\/Sauvez-vos-enfants-du-piege-du-depassement-dhoraires.jpg","width":1200,"height":675,"caption":"Sauvez vos enfants du \u00ab pi\u00e8ge du d\u00e9passement d\u2019horaires \u00bb lorsque vous les renvoyez \u00e0 l\u2019\u00e9cole"},{"@type":"BreadcrumbList","@id":"https:\/\/vieassociative.be\/actualites\/sauvez-vos-enfants-du-piege-du-depassement-dhoraires-lorsque-vous-les-renvoyez-a-lecole\/#breadcrumb","itemListElement":[{"@type":"ListItem","position":1,"name":"Accueil","item":"https:\/\/vieassociative.be\/actualites\/"},{"@type":"ListItem","position":2,"name":"Sauvez vos enfants du \u00ab pi\u00e8ge du d\u00e9passement d\u2019horaires \u00bb lorsque vous les renvoyez \u00e0 l\u2019\u00e9cole"}]},{"@type":"WebSite","@id":"https:\/\/vieassociative.be\/actualites\/#website","url":"https:\/\/vieassociative.be\/actualites\/","name":"Vie Associative","description":"","publisher":{"@id":"https:\/\/vieassociative.be\/actualites\/#organization"},"potentialAction":[{"@type":"SearchAction","target":{"@type":"EntryPoint","urlTemplate":"https:\/\/vieassociative.be\/actualites\/?s={search_term_string}"},"query-input":{"@type":"PropertyValueSpecification","valueRequired":true,"valueName":"search_term_string"}}],"inLanguage":"fr-BE"},{"@type":"Organization","@id":"https:\/\/vieassociative.be\/actualites\/#organization","name":"Vie Associative","url":"https:\/\/vieassociative.be\/actualites\/","logo":{"@type":"ImageObject","inLanguage":"fr-BE","@id":"https:\/\/vieassociative.be\/actualites\/#\/schema\/logo\/image\/","url":"https:\/\/vieassociative.be\/actualites\/wp-content\/uploads\/2024\/09\/cropped-vieassociative_favicon.ico.png","contentUrl":"https:\/\/vieassociative.be\/actualites\/wp-content\/uploads\/2024\/09\/cropped-vieassociative_favicon.ico.png","width":512,"height":512,"caption":"Vie Associative"},"image":{"@id":"https:\/\/vieassociative.be\/actualites\/#\/schema\/logo\/image\/"}},{"@type":"Person","@id":"https:\/\/vieassociative.be\/actualites\/#\/schema\/person\/b87ac4f82f9d4e7b7cec7395b679edc4","name":"Julien","image":{"@type":"ImageObject","inLanguage":"fr-BE","@id":"https:\/\/vieassociative.be\/actualites\/#\/schema\/person\/image\/","url":"https:\/\/vieassociative.be\/actualites\/wp-content\/uploads\/2024\/09\/vie-associative-1-150x150.jpg","contentUrl":"https:\/\/vieassociative.be\/actualites\/wp-content\/uploads\/2024\/09\/vie-associative-1-150x150.jpg","caption":"Julien"},"description":"Je suis Julien, r\u00e9dacteur pour Vie Associative. Passionn\u00e9 par le monde associatif depuis plus de 10 ans, j'ai \u00e0 c\u0153ur de partager des histoires inspirantes et de mettre en lumi\u00e8re les initiatives locales. Mon objectif est de sensibiliser et d'encourager l'engagement communautaire \u00e0 travers mes articles.","sameAs":["https:\/\/vieassociative.be\/"]}]}},"_links":{"self":[{"href":"https:\/\/vieassociative.be\/actualites\/wp-json\/wp\/v2\/posts\/4193"}],"collection":[{"href":"https:\/\/vieassociative.be\/actualites\/wp-json\/wp\/v2\/posts"}],"about":[{"href":"https:\/\/vieassociative.be\/actualites\/wp-json\/wp\/v2\/types\/post"}],"author":[{"embeddable":true,"href":"https:\/\/vieassociative.be\/actualites\/wp-json\/wp\/v2\/users\/1"}],"replies":[{"embeddable":true,"href":"https:\/\/vieassociative.be\/actualites\/wp-json\/wp\/v2\/comments?post=4193"}],"version-history":[{"count":0,"href":"https:\/\/vieassociative.be\/actualites\/wp-json\/wp\/v2\/posts\/4193\/revisions"}],"wp:featuredmedia":[{"embeddable":true,"href":"https:\/\/vieassociative.be\/actualites\/wp-json\/wp\/v2\/media\/4194"}],"wp:attachment":[{"href":"https:\/\/vieassociative.be\/actualites\/wp-json\/wp\/v2\/media?parent=4193"}],"wp:term":[{"taxonomy":"category","embeddable":true,"href":"https:\/\/vieassociative.be\/actualites\/wp-json\/wp\/v2\/categories?post=4193"},{"taxonomy":"post_tag","embeddable":true,"href":"https:\/\/vieassociative.be\/actualites\/wp-json\/wp\/v2\/tags?post=4193"}],"curies":[{"name":"wp","href":"https:\/\/api.w.org\/{rel}","templated":true}]}}