{"id":4190,"date":"2025-01-09T09:20:55","date_gmt":"2025-01-09T08:20:55","guid":{"rendered":"https:\/\/vieassociative.be\/actualites\/le-multimilliardaire-elon-musk-achete-t-il-desormais-egalement-le-liverpool-fc\/"},"modified":"2025-01-09T09:20:55","modified_gmt":"2025-01-09T08:20:55","slug":"le-multimilliardaire-elon-musk-achete-t-il-desormais-egalement-le-liverpool-fc","status":"publish","type":"post","link":"https:\/\/vieassociative.be\/actualites\/le-multimilliardaire-elon-musk-achete-t-il-desormais-egalement-le-liverpool-fc\/","title":{"rendered":"Le multimilliardaire Elon Musk ach\u00e8te-t-il d\u00e9sormais \u00e9galement le Liverpool FC ?"},"content":{"rendered":"<p><strong>Le nom d\u2019Elon Musk est partout. Le milliardaire est jusqu\u2019\u00e0 pr\u00e9sent rest\u00e9 en dehors du monde du football. Mais maintenant, son p\u00e8re suscite des sp\u00e9culations sur le grand Liverpool FC.<\/strong><\/p>\n<p><span id=\"more-405762\"><\/span>Qu\u2019en dirait J\u00fcrgen Klopp ? Au milieu des d\u00e9nigrements du milliardaire technologique Elon Musk aupr\u00e8s du gouvernement britannique, le p\u00e8re du patron de Tesla a \u00e9voqu\u00e9 un \u00e9ventuel rachat du Liverpool FC. \u00ab\u00a0Oh oui, oh oui\u00a0\u00bb, a r\u00e9pondu Errol Musk dans une interview sur Times Radio lorsqu&rsquo;on lui a demand\u00e9 si son fils avait exprim\u00e9 le d\u00e9sir d&rsquo;acheter le club. \u00ab\u00a0Mais cela ne veut pas dire qu&rsquo;il l&rsquo;ach\u00e8tera.\u00a0\u00bb<\/p>\n<div id=\"attachment_382202\" class=\"wp-caption alignleft\" style=\"max-width: 300px\"><img fetchpriority=\"high\" decoding=\"async\" class=\"wp-image-382202 size-medium\" src=\"https:\/\/vieassociative.be\/actualites\/wp-content\/uploads\/2025\/01\/Le-multimilliardaire-Elon-Musk-achete-t-il-desormais-egalement-le-Liverpool-FC.jpg\" alt=\"\" width=\"300\" height=\"200\"><\/p>\n<p class=\"wp-caption-text\">13 mars 2024, Brandebourg, Gr\u00fcnheide : le patron de Tesla, Elon Musk, quitte la Tesla Gigafactory Berlin-Brandebourg. Photo : Sebastian Gollnow\/dpa<\/p>\n<\/div>\n<p>Le milliardaire et les Reds, que Klopp a men\u00e9 \u00e0 la victoire en championnat et en Ligue des champions en tant qu&rsquo;entra\u00eeneur avant de se retrouver au groupe Red Bull apr\u00e8s une pause ? Musk pouvait se le permettre \u2013 comme tout. Selon le classement du magazine Forbes de septembre dernier, l&rsquo;homme de 53 ans est l&rsquo;homme le plus riche du monde. Mais est-ce que cela a du sens ?<\/p>\n<p>\u00ab\u00a0Vous devez plaisanter\u00a0\u00bb, a plaisant\u00e9 le tablo\u00efd \u00ab\u00a0Sun\u00a0\u00bb. Les fans de Liverpool expriment d\u00e9j\u00e0 leur indignation sur les r\u00e9seaux sociaux face \u00e0 un \u00e9ventuel sc\u00e9nario de vente au milliardaire controvers\u00e9 de la technologie.<\/p>\n<p>Le club traditionnel, qui m\u00e8ne de loin la Premier League anglaise, appartient depuis octobre 2010 \u00e0 l&rsquo;investisseur am\u00e9ricain Fenway Sports Group. Le journal Times a rapport\u00e9, citant des sources internes, que les propri\u00e9taires n&rsquo;\u00e9taient pas int\u00e9ress\u00e9s \u00e0 parler \u00e0 Musk et que l&rsquo;interview radio n&rsquo;\u00e9tait pas prise tr\u00e8s au s\u00e9rieux.<\/p>\n<p>La relation d&rsquo;Elon Musk avec son p\u00e8re est \u00e9galement consid\u00e9r\u00e9e comme difficile. On peut donc se demander dans quelle mesure Errol Musk est r\u00e9ellement au courant des projets de son fils. Alors ce n&rsquo;est qu&rsquo;une blague ?<\/p>\n<p><b>\u2013 Les intrigues de Musk avec la politique britannique : <\/b>Ces d\u00e9clarations surviennent \u00e0 un moment politiquement tendu. Ces derniers jours, Elon Musk s\u2019en est pris \u00e0 plusieurs reprises au gouvernement britannique autour du Premier ministre Keir Starmer. Le patron de Tesla soutient cependant l\u2019extr\u00e9miste de droite britannique emprisonn\u00e9 Tommy Robinson. Rien de tout cela n\u2019a rien \u00e0 voir avec le football, et Musk n\u2019est pas non plus n\u00e9cessairement consid\u00e9r\u00e9 comme un fervent fan.<\/p>\n<div id=\"attachment_212358\" class=\"wp-caption alignleft\" style=\"max-width: 300px\"><img decoding=\"async\" class=\"wp-image-212358 size-medium\" src=\"https:\/\/vieassociative.be\/actualites\/wp-content\/uploads\/2025\/01\/Le-multimilliardaire-Elon-Musk-achete-t-il-desormais-egalement-le-Liverpool-FC.jpeg\" alt=\"\" width=\"300\" height=\"187\"  ><\/p>\n<p class=\"wp-caption-text\">7 mai 2019, Grande-Bretagne, Liverpool : les joueurs de Liverpool c\u00e9l\u00e8brent leur victoire avec leurs fans. Photo : Dave Thompson\/AP\/dpa<\/p>\n<\/div>\n<p>\u00ab\u00a0Cela augmenterait l&rsquo;influence d&rsquo;Elon au Royaume-Uni, n&rsquo;est-ce pas ?\u00a0\u00bb, a demand\u00e9 Kait Borsay, animatrice de Times Radio, \u00e0 Errol Musk. Comme par exemple les dons au parti populiste de droite britannique Reform UK, qui fait depuis longtemps l&rsquo;objet de sp\u00e9culations sur l&rsquo;\u00eele. \u00ab\u00a0Je ne sais pas, je ne peux rien dire \u00e0 ce sujet\u00a0\u00bb, a r\u00e9pondu Errol Musk. En Allemagne, Elon Musk soutient l\u2019AfD (voir article par ailleurs).<\/p>\n<p>Dans l&rsquo;interview, Musk Senior a \u00e9voqu\u00e9 le lien familial avec Liverpool. \u00ab\u00a0Eh bien, ma m\u00e8re \u2013 sa grand-m\u00e8re \u2013 est n\u00e9e \u00e0 Liverpool et nous avons de la famille \u00e0 Liverpool\u00a0\u00bb, a-t-il d\u00e9clar\u00e9. \u00ab\u00a0Nous avons eu la chance de conna\u00eetre certains Beatles car ils ont grandi avec nous, ma famille voudrait acheter le Liverpool FC, \u00ab\u00a0moi aussi\u00a0\u00bb, a d\u00e9clar\u00e9 Errol Musk.<\/p>\n<p><b>\u2013 Pas de r\u00e8gle du 50+1 en Premier League : <\/b>Les changements de propri\u00e9taires et les rachats pour des sommes vertigineuses sont monnaie courante dans le football britannique. Contrairement \u00e0 l\u2019Allemagne, il n\u2019existe pas de r\u00e8gle 50+1 qui emp\u00eache les investisseurs d\u2019obtenir la majorit\u00e9 des voix dans les clubs. Le groupe Red Bull, pour lequel Klopp travaille en tant que responsable mondial du football depuis le d\u00e9but de l&rsquo;ann\u00e9e, et le RB Leipzig sont consid\u00e9r\u00e9s de mani\u00e8re tr\u00e8s critique par de nombreux supporters allemands.<\/p>\n<p>A Liverpool, les anciens propri\u00e9taires, les hommes d&rsquo;affaires am\u00e9ricains Tom Hicks et George Gillett, \u00e9taient particuli\u00e8rement d\u00e9test\u00e9s par les supporters. Le club \u00e9tait plong\u00e9 dans une profonde crise d&rsquo;endettement et le rachat par les nouveaux propri\u00e9taires a \u00e9t\u00e9 pr\u00e9c\u00e9d\u00e9 d&rsquo;un litige. Le Fenway Sports Group n&rsquo;est pas v\u00e9n\u00e9r\u00e9 par les fans, mais les fans des Reds ont pu \u00e0 nouveau c\u00e9l\u00e9brer des titres ces derni\u00e8res ann\u00e9es. (dpa)<\/p>\n<p><em><strong>Sur le sujet, voir aussi l&rsquo;article suivant sur l&rsquo;OD :<\/strong><\/em><\/p>\n<div class=\"responsive-embed widescreen\">\n<blockquote class=\"wp-embedded-content\" data-secret=\"cdmk2ZRXD2\">\n<p>Elon Musk intervient dans la campagne \u00e9lectorale allemande : entretien en direct avec la meilleure candidate de l&rsquo;AfD, Alice Weidel<\/p>\n<\/blockquote>\n<p><iframe loading=\"lazy\" class=\"wp-embedded-content\" sandbox=\"allow-scripts\" security=\"restricted\" style=\"position: absolute; visibility: hidden;\" title=\"\u201eElon Musk mischt sich in deutschen Wahlkampf ein: Live-Talk mit AfD-Spitzenkandidatin Alice Weidel\u201c \u2014 Ostbelgien Direkt\" src=\"https:\/\/ostbelgiendirekt.be\/about:blank\" data-secret=\"cdmk2ZRXD2\" width=\"500\" height=\"282\" frameborder=\"0\" marginwidth=\"0\" marginheight=\"0\" scrolling=\"no\" data-rocket-lazyload=\"fitvidscompatible\" data-lazy-src=\"https:\/\/ostbelgiendirekt.be\/musk-nur-die-afd-kann-deutschland-retten-404525\/embed#?secret=VnsTckpxuZ#?secret=cdmk2ZRXD2\"><\/iframe><noscript><iframe class=\"wp-embedded-content\" sandbox=\"allow-scripts\" security=\"restricted\" style=\"position: absolute; visibility: hidden;\" title=\"\u201eElon Musk mischt sich in deutschen Wahlkampf ein: Live-Talk mit AfD-Spitzenkandidatin Alice Weidel\u201c \u2014 Ostbelgien Direkt\" src=\"https:\/\/ostbelgiendirekt.be\/musk-nur-die-afd-kann-deutschland-retten-404525\/embed#?secret=VnsTckpxuZ#?secret=cdmk2ZRXD2\" data-secret=\"cdmk2ZRXD2\" width=\"500\" height=\"282\" frameborder=\"0\" marginwidth=\"0\" marginheight=\"0\" scrolling=\"no\"><\/iframe><\/noscript><\/p>\n<\/div>\n","protected":false},"excerpt":{"rendered":"<p>Le nom d\u2019Elon Musk est partout. Le milliardaire est jusqu\u2019\u00e0 pr\u00e9sent rest\u00e9 en dehors du monde du football. Mais maintenant, son p\u00e8re suscite des sp\u00e9culations<\/p>\n","protected":false},"author":1,"featured_media":4191,"comment_status":"","ping_status":"","sticky":false,"template":"","format":"standard","meta":{"footnotes":""},"categories":[298],"tags":[4629,6,172,4155,877,4628,3149],"class_list":["post-4190","post","type-post","status-publish","format-standard","has-post-thumbnail","hentry","category-belgique","tag-achetetil","tag-desormais","tag-egalement","tag-elon","tag-liverpool","tag-multimilliardaire","tag-musk","generate-columns","tablet-grid-50","mobile-grid-100","grid-parent","grid-33"],"yoast_head":"<!-- This site is optimized with the Yoast SEO plugin v24.0 - https:\/\/yoast.com\/wordpress\/plugins\/seo\/ -->\n<title>Le multimilliardaire Elon Musk ach\u00e8te-t-il d\u00e9sormais \u00e9galement le Liverpool FC ? | Vie Associative<\/title>\n<meta name=\"robots\" content=\"index, follow, max-snippet:-1, max-image-preview:large, max-video-preview:-1\" \/>\n<link rel=\"canonical\" href=\"https:\/\/vieassociative.be\/actualites\/le-multimilliardaire-elon-musk-achete-t-il-desormais-egalement-le-liverpool-fc\/\" \/>\n<meta property=\"og:locale\" content=\"fr_FR\" \/>\n<meta property=\"og:type\" content=\"article\" \/>\n<meta property=\"og:title\" content=\"Le multimilliardaire Elon Musk ach\u00e8te-t-il d\u00e9sormais \u00e9galement le Liverpool FC ? | Vie Associative\" \/>\n<meta property=\"og:description\" content=\"Le nom d\u2019Elon Musk est partout. Le milliardaire est jusqu\u2019\u00e0 pr\u00e9sent rest\u00e9 en dehors du monde du football. Mais maintenant, son p\u00e8re suscite des sp\u00e9culations\" \/>\n<meta property=\"og:url\" content=\"https:\/\/vieassociative.be\/actualites\/le-multimilliardaire-elon-musk-achete-t-il-desormais-egalement-le-liverpool-fc\/\" \/>\n<meta property=\"og:site_name\" content=\"Vie Associative\" \/>\n<meta property=\"article:published_time\" content=\"2025-01-09T08:20:55+00:00\" \/>\n<meta property=\"og:image\" content=\"https:\/\/vieassociative.be\/actualites\/wp-content\/uploads\/2024\/09\/header_backgroundk-01-e1726694325946.png\" \/>\n\t<meta property=\"og:image:width\" content=\"279\" \/>\n\t<meta property=\"og:image:height\" content=\"92\" \/>\n\t<meta property=\"og:image:type\" content=\"image\/png\" \/>\n<meta name=\"author\" content=\"Julien\" \/>\n<meta name=\"twitter:card\" content=\"summary_large_image\" \/>\n<meta name=\"twitter:label1\" content=\"\u00c9crit par\" \/>\n\t<meta name=\"twitter:data1\" content=\"Julien\" \/>\n\t<meta name=\"twitter:label2\" content=\"Dur\u00e9e de lecture est.\" \/>\n\t<meta name=\"twitter:data2\" content=\"4 minutes\" \/>\n<script type=\"application\/ld+json\" class=\"yoast-schema-graph\">{\"@context\":\"https:\/\/schema.org\",\"@graph\":[{\"@type\":\"Article\",\"@id\":\"https:\/\/vieassociative.be\/actualites\/le-multimilliardaire-elon-musk-achete-t-il-desormais-egalement-le-liverpool-fc\/#article\",\"isPartOf\":{\"@id\":\"https:\/\/vieassociative.be\/actualites\/le-multimilliardaire-elon-musk-achete-t-il-desormais-egalement-le-liverpool-fc\/\"},\"author\":{\"name\":\"Julien\",\"@id\":\"https:\/\/vieassociative.be\/actualites\/#\/schema\/person\/b87ac4f82f9d4e7b7cec7395b679edc4\"},\"headline\":\"Le multimilliardaire Elon Musk ach\u00e8te-t-il d\u00e9sormais \u00e9galement le Liverpool FC ?\",\"datePublished\":\"2025-01-09T08:20:55+00:00\",\"dateModified\":\"2025-01-09T08:20:55+00:00\",\"mainEntityOfPage\":{\"@id\":\"https:\/\/vieassociative.be\/actualites\/le-multimilliardaire-elon-musk-achete-t-il-desormais-egalement-le-liverpool-fc\/\"},\"wordCount\":792,\"publisher\":{\"@id\":\"https:\/\/vieassociative.be\/actualites\/#organization\"},\"image\":{\"@id\":\"https:\/\/vieassociative.be\/actualites\/le-multimilliardaire-elon-musk-achete-t-il-desormais-egalement-le-liverpool-fc\/#primaryimage\"},\"thumbnailUrl\":\"https:\/\/vieassociative.be\/actualites\/wp-content\/uploads\/2025\/01\/1736410855_Le-multimilliardaire-Elon-Musk-achete-t-il-desormais-egalement-le-Liverpool-FC.jpg\",\"keywords\":[\"ach\u00e8tetil\",\"d\u00e9sormais\",\"\u00e9galement\",\"Elon\",\"Liverpool\",\"multimilliardaire\",\"Musk\"],\"articleSection\":[\"Belgique\"],\"inLanguage\":\"fr-BE\"},{\"@type\":\"WebPage\",\"@id\":\"https:\/\/vieassociative.be\/actualites\/le-multimilliardaire-elon-musk-achete-t-il-desormais-egalement-le-liverpool-fc\/\",\"url\":\"https:\/\/vieassociative.be\/actualites\/le-multimilliardaire-elon-musk-achete-t-il-desormais-egalement-le-liverpool-fc\/\",\"name\":\"Le multimilliardaire Elon Musk ach\u00e8te-t-il d\u00e9sormais \u00e9galement le Liverpool FC ? | Vie Associative\",\"isPartOf\":{\"@id\":\"https:\/\/vieassociative.be\/actualites\/#website\"},\"primaryImageOfPage\":{\"@id\":\"https:\/\/vieassociative.be\/actualites\/le-multimilliardaire-elon-musk-achete-t-il-desormais-egalement-le-liverpool-fc\/#primaryimage\"},\"image\":{\"@id\":\"https:\/\/vieassociative.be\/actualites\/le-multimilliardaire-elon-musk-achete-t-il-desormais-egalement-le-liverpool-fc\/#primaryimage\"},\"thumbnailUrl\":\"https:\/\/vieassociative.be\/actualites\/wp-content\/uploads\/2025\/01\/1736410855_Le-multimilliardaire-Elon-Musk-achete-t-il-desormais-egalement-le-Liverpool-FC.jpg\",\"datePublished\":\"2025-01-09T08:20:55+00:00\",\"dateModified\":\"2025-01-09T08:20:55+00:00\",\"breadcrumb\":{\"@id\":\"https:\/\/vieassociative.be\/actualites\/le-multimilliardaire-elon-musk-achete-t-il-desormais-egalement-le-liverpool-fc\/#breadcrumb\"},\"inLanguage\":\"fr-BE\",\"potentialAction\":[{\"@type\":\"ReadAction\",\"target\":[\"https:\/\/vieassociative.be\/actualites\/le-multimilliardaire-elon-musk-achete-t-il-desormais-egalement-le-liverpool-fc\/\"]}]},{\"@type\":\"ImageObject\",\"inLanguage\":\"fr-BE\",\"@id\":\"https:\/\/vieassociative.be\/actualites\/le-multimilliardaire-elon-musk-achete-t-il-desormais-egalement-le-liverpool-fc\/#primaryimage\",\"url\":\"https:\/\/vieassociative.be\/actualites\/wp-content\/uploads\/2025\/01\/1736410855_Le-multimilliardaire-Elon-Musk-achete-t-il-desormais-egalement-le-Liverpool-FC.jpg\",\"contentUrl\":\"https:\/\/vieassociative.be\/actualites\/wp-content\/uploads\/2025\/01\/1736410855_Le-multimilliardaire-Elon-Musk-achete-t-il-desormais-egalement-le-Liverpool-FC.jpg\",\"width\":1200,\"height\":655,\"caption\":\"Le multimilliardaire Elon Musk ach\u00e8te-t-il d\u00e9sormais \u00e9galement le Liverpool FC ?\"},{\"@type\":\"BreadcrumbList\",\"@id\":\"https:\/\/vieassociative.be\/actualites\/le-multimilliardaire-elon-musk-achete-t-il-desormais-egalement-le-liverpool-fc\/#breadcrumb\",\"itemListElement\":[{\"@type\":\"ListItem\",\"position\":1,\"name\":\"Accueil\",\"item\":\"https:\/\/vieassociative.be\/actualites\/\"},{\"@type\":\"ListItem\",\"position\":2,\"name\":\"Le multimilliardaire Elon Musk ach\u00e8te-t-il d\u00e9sormais \u00e9galement le Liverpool FC ?\"}]},{\"@type\":\"WebSite\",\"@id\":\"https:\/\/vieassociative.be\/actualites\/#website\",\"url\":\"https:\/\/vieassociative.be\/actualites\/\",\"name\":\"Vie Associative\",\"description\":\"\",\"publisher\":{\"@id\":\"https:\/\/vieassociative.be\/actualites\/#organization\"},\"potentialAction\":[{\"@type\":\"SearchAction\",\"target\":{\"@type\":\"EntryPoint\",\"urlTemplate\":\"https:\/\/vieassociative.be\/actualites\/?s={search_term_string}\"},\"query-input\":{\"@type\":\"PropertyValueSpecification\",\"valueRequired\":true,\"valueName\":\"search_term_string\"}}],\"inLanguage\":\"fr-BE\"},{\"@type\":\"Organization\",\"@id\":\"https:\/\/vieassociative.be\/actualites\/#organization\",\"name\":\"Vie Associative\",\"url\":\"https:\/\/vieassociative.be\/actualites\/\",\"logo\":{\"@type\":\"ImageObject\",\"inLanguage\":\"fr-BE\",\"@id\":\"https:\/\/vieassociative.be\/actualites\/#\/schema\/logo\/image\/\",\"url\":\"https:\/\/vieassociative.be\/actualites\/wp-content\/uploads\/2024\/09\/cropped-vieassociative_favicon.ico.png\",\"contentUrl\":\"https:\/\/vieassociative.be\/actualites\/wp-content\/uploads\/2024\/09\/cropped-vieassociative_favicon.ico.png\",\"width\":512,\"height\":512,\"caption\":\"Vie Associative\"},\"image\":{\"@id\":\"https:\/\/vieassociative.be\/actualites\/#\/schema\/logo\/image\/\"}},{\"@type\":\"Person\",\"@id\":\"https:\/\/vieassociative.be\/actualites\/#\/schema\/person\/b87ac4f82f9d4e7b7cec7395b679edc4\",\"name\":\"Julien\",\"image\":{\"@type\":\"ImageObject\",\"inLanguage\":\"fr-BE\",\"@id\":\"https:\/\/vieassociative.be\/actualites\/#\/schema\/person\/image\/\",\"url\":\"https:\/\/vieassociative.be\/actualites\/wp-content\/uploads\/2024\/09\/vie-associative-1-150x150.jpg\",\"contentUrl\":\"https:\/\/vieassociative.be\/actualites\/wp-content\/uploads\/2024\/09\/vie-associative-1-150x150.jpg\",\"caption\":\"Julien\"},\"description\":\"Je suis Julien, r\u00e9dacteur pour Vie Associative. Passionn\u00e9 par le monde associatif depuis plus de 10 ans, j'ai \u00e0 c\u0153ur de partager des histoires inspirantes et de mettre en lumi\u00e8re les initiatives locales. Mon objectif est de sensibiliser et d'encourager l'engagement communautaire \u00e0 travers mes articles.\",\"sameAs\":[\"https:\/\/vieassociative.be\/\"]}]}<\/script>\n<!-- \/ Yoast SEO plugin. -->","yoast_head_json":{"title":"Le multimilliardaire Elon Musk ach\u00e8te-t-il d\u00e9sormais \u00e9galement le Liverpool FC ? | Vie Associative","robots":{"index":"index","follow":"follow","max-snippet":"max-snippet:-1","max-image-preview":"max-image-preview:large","max-video-preview":"max-video-preview:-1"},"canonical":"https:\/\/vieassociative.be\/actualites\/le-multimilliardaire-elon-musk-achete-t-il-desormais-egalement-le-liverpool-fc\/","og_locale":"fr_FR","og_type":"article","og_title":"Le multimilliardaire Elon Musk ach\u00e8te-t-il d\u00e9sormais \u00e9galement le Liverpool FC ? | Vie Associative","og_description":"Le nom d\u2019Elon Musk est partout. Le milliardaire est jusqu\u2019\u00e0 pr\u00e9sent rest\u00e9 en dehors du monde du football. Mais maintenant, son p\u00e8re suscite des sp\u00e9culations","og_url":"https:\/\/vieassociative.be\/actualites\/le-multimilliardaire-elon-musk-achete-t-il-desormais-egalement-le-liverpool-fc\/","og_site_name":"Vie Associative","article_published_time":"2025-01-09T08:20:55+00:00","og_image":[{"width":279,"height":92,"url":"https:\/\/vieassociative.be\/actualites\/wp-content\/uploads\/2024\/09\/header_backgroundk-01-e1726694325946.png","type":"image\/png"}],"author":"Julien","twitter_card":"summary_large_image","twitter_misc":{"\u00c9crit par":"Julien","Dur\u00e9e de lecture est.":"4 minutes"},"schema":{"@context":"https:\/\/schema.org","@graph":[{"@type":"Article","@id":"https:\/\/vieassociative.be\/actualites\/le-multimilliardaire-elon-musk-achete-t-il-desormais-egalement-le-liverpool-fc\/#article","isPartOf":{"@id":"https:\/\/vieassociative.be\/actualites\/le-multimilliardaire-elon-musk-achete-t-il-desormais-egalement-le-liverpool-fc\/"},"author":{"name":"Julien","@id":"https:\/\/vieassociative.be\/actualites\/#\/schema\/person\/b87ac4f82f9d4e7b7cec7395b679edc4"},"headline":"Le multimilliardaire Elon Musk ach\u00e8te-t-il d\u00e9sormais \u00e9galement le Liverpool FC ?","datePublished":"2025-01-09T08:20:55+00:00","dateModified":"2025-01-09T08:20:55+00:00","mainEntityOfPage":{"@id":"https:\/\/vieassociative.be\/actualites\/le-multimilliardaire-elon-musk-achete-t-il-desormais-egalement-le-liverpool-fc\/"},"wordCount":792,"publisher":{"@id":"https:\/\/vieassociative.be\/actualites\/#organization"},"image":{"@id":"https:\/\/vieassociative.be\/actualites\/le-multimilliardaire-elon-musk-achete-t-il-desormais-egalement-le-liverpool-fc\/#primaryimage"},"thumbnailUrl":"https:\/\/vieassociative.be\/actualites\/wp-content\/uploads\/2025\/01\/1736410855_Le-multimilliardaire-Elon-Musk-achete-t-il-desormais-egalement-le-Liverpool-FC.jpg","keywords":["ach\u00e8tetil","d\u00e9sormais","\u00e9galement","Elon","Liverpool","multimilliardaire","Musk"],"articleSection":["Belgique"],"inLanguage":"fr-BE"},{"@type":"WebPage","@id":"https:\/\/vieassociative.be\/actualites\/le-multimilliardaire-elon-musk-achete-t-il-desormais-egalement-le-liverpool-fc\/","url":"https:\/\/vieassociative.be\/actualites\/le-multimilliardaire-elon-musk-achete-t-il-desormais-egalement-le-liverpool-fc\/","name":"Le multimilliardaire Elon Musk ach\u00e8te-t-il d\u00e9sormais \u00e9galement le Liverpool FC ? | Vie Associative","isPartOf":{"@id":"https:\/\/vieassociative.be\/actualites\/#website"},"primaryImageOfPage":{"@id":"https:\/\/vieassociative.be\/actualites\/le-multimilliardaire-elon-musk-achete-t-il-desormais-egalement-le-liverpool-fc\/#primaryimage"},"image":{"@id":"https:\/\/vieassociative.be\/actualites\/le-multimilliardaire-elon-musk-achete-t-il-desormais-egalement-le-liverpool-fc\/#primaryimage"},"thumbnailUrl":"https:\/\/vieassociative.be\/actualites\/wp-content\/uploads\/2025\/01\/1736410855_Le-multimilliardaire-Elon-Musk-achete-t-il-desormais-egalement-le-Liverpool-FC.jpg","datePublished":"2025-01-09T08:20:55+00:00","dateModified":"2025-01-09T08:20:55+00:00","breadcrumb":{"@id":"https:\/\/vieassociative.be\/actualites\/le-multimilliardaire-elon-musk-achete-t-il-desormais-egalement-le-liverpool-fc\/#breadcrumb"},"inLanguage":"fr-BE","potentialAction":[{"@type":"ReadAction","target":["https:\/\/vieassociative.be\/actualites\/le-multimilliardaire-elon-musk-achete-t-il-desormais-egalement-le-liverpool-fc\/"]}]},{"@type":"ImageObject","inLanguage":"fr-BE","@id":"https:\/\/vieassociative.be\/actualites\/le-multimilliardaire-elon-musk-achete-t-il-desormais-egalement-le-liverpool-fc\/#primaryimage","url":"https:\/\/vieassociative.be\/actualites\/wp-content\/uploads\/2025\/01\/1736410855_Le-multimilliardaire-Elon-Musk-achete-t-il-desormais-egalement-le-Liverpool-FC.jpg","contentUrl":"https:\/\/vieassociative.be\/actualites\/wp-content\/uploads\/2025\/01\/1736410855_Le-multimilliardaire-Elon-Musk-achete-t-il-desormais-egalement-le-Liverpool-FC.jpg","width":1200,"height":655,"caption":"Le multimilliardaire Elon Musk ach\u00e8te-t-il d\u00e9sormais \u00e9galement le Liverpool FC ?"},{"@type":"BreadcrumbList","@id":"https:\/\/vieassociative.be\/actualites\/le-multimilliardaire-elon-musk-achete-t-il-desormais-egalement-le-liverpool-fc\/#breadcrumb","itemListElement":[{"@type":"ListItem","position":1,"name":"Accueil","item":"https:\/\/vieassociative.be\/actualites\/"},{"@type":"ListItem","position":2,"name":"Le multimilliardaire Elon Musk ach\u00e8te-t-il d\u00e9sormais \u00e9galement le Liverpool FC ?"}]},{"@type":"WebSite","@id":"https:\/\/vieassociative.be\/actualites\/#website","url":"https:\/\/vieassociative.be\/actualites\/","name":"Vie Associative","description":"","publisher":{"@id":"https:\/\/vieassociative.be\/actualites\/#organization"},"potentialAction":[{"@type":"SearchAction","target":{"@type":"EntryPoint","urlTemplate":"https:\/\/vieassociative.be\/actualites\/?s={search_term_string}"},"query-input":{"@type":"PropertyValueSpecification","valueRequired":true,"valueName":"search_term_string"}}],"inLanguage":"fr-BE"},{"@type":"Organization","@id":"https:\/\/vieassociative.be\/actualites\/#organization","name":"Vie Associative","url":"https:\/\/vieassociative.be\/actualites\/","logo":{"@type":"ImageObject","inLanguage":"fr-BE","@id":"https:\/\/vieassociative.be\/actualites\/#\/schema\/logo\/image\/","url":"https:\/\/vieassociative.be\/actualites\/wp-content\/uploads\/2024\/09\/cropped-vieassociative_favicon.ico.png","contentUrl":"https:\/\/vieassociative.be\/actualites\/wp-content\/uploads\/2024\/09\/cropped-vieassociative_favicon.ico.png","width":512,"height":512,"caption":"Vie Associative"},"image":{"@id":"https:\/\/vieassociative.be\/actualites\/#\/schema\/logo\/image\/"}},{"@type":"Person","@id":"https:\/\/vieassociative.be\/actualites\/#\/schema\/person\/b87ac4f82f9d4e7b7cec7395b679edc4","name":"Julien","image":{"@type":"ImageObject","inLanguage":"fr-BE","@id":"https:\/\/vieassociative.be\/actualites\/#\/schema\/person\/image\/","url":"https:\/\/vieassociative.be\/actualites\/wp-content\/uploads\/2024\/09\/vie-associative-1-150x150.jpg","contentUrl":"https:\/\/vieassociative.be\/actualites\/wp-content\/uploads\/2024\/09\/vie-associative-1-150x150.jpg","caption":"Julien"},"description":"Je suis Julien, r\u00e9dacteur pour Vie Associative. Passionn\u00e9 par le monde associatif depuis plus de 10 ans, j'ai \u00e0 c\u0153ur de partager des histoires inspirantes et de mettre en lumi\u00e8re les initiatives locales. Mon objectif est de sensibiliser et d'encourager l'engagement communautaire \u00e0 travers mes articles.","sameAs":["https:\/\/vieassociative.be\/"]}]}},"_links":{"self":[{"href":"https:\/\/vieassociative.be\/actualites\/wp-json\/wp\/v2\/posts\/4190"}],"collection":[{"href":"https:\/\/vieassociative.be\/actualites\/wp-json\/wp\/v2\/posts"}],"about":[{"href":"https:\/\/vieassociative.be\/actualites\/wp-json\/wp\/v2\/types\/post"}],"author":[{"embeddable":true,"href":"https:\/\/vieassociative.be\/actualites\/wp-json\/wp\/v2\/users\/1"}],"replies":[{"embeddable":true,"href":"https:\/\/vieassociative.be\/actualites\/wp-json\/wp\/v2\/comments?post=4190"}],"version-history":[{"count":0,"href":"https:\/\/vieassociative.be\/actualites\/wp-json\/wp\/v2\/posts\/4190\/revisions"}],"wp:featuredmedia":[{"embeddable":true,"href":"https:\/\/vieassociative.be\/actualites\/wp-json\/wp\/v2\/media\/4191"}],"wp:attachment":[{"href":"https:\/\/vieassociative.be\/actualites\/wp-json\/wp\/v2\/media?parent=4190"}],"wp:term":[{"taxonomy":"category","embeddable":true,"href":"https:\/\/vieassociative.be\/actualites\/wp-json\/wp\/v2\/categories?post=4190"},{"taxonomy":"post_tag","embeddable":true,"href":"https:\/\/vieassociative.be\/actualites\/wp-json\/wp\/v2\/tags?post=4190"}],"curies":[{"name":"wp","href":"https:\/\/api.w.org\/{rel}","templated":true}]}}