{"id":4181,"date":"2025-01-09T03:19:05","date_gmt":"2025-01-09T02:19:05","guid":{"rendered":"https:\/\/vieassociative.be\/actualites\/51-anvers-prend-sa-revanche-contre-la-decevante-union-saint-gilloise-en-coupe-nationale\/"},"modified":"2025-01-09T03:19:05","modified_gmt":"2025-01-09T02:19:05","slug":"51-anvers-prend-sa-revanche-contre-la-decevante-union-saint-gilloise-en-coupe-nationale","status":"publish","type":"post","link":"https:\/\/vieassociative.be\/actualites\/51-anvers-prend-sa-revanche-contre-la-decevante-union-saint-gilloise-en-coupe-nationale\/","title":{"rendered":"5:1 \u2013 Anvers prend sa revanche contre la d\u00e9cevante Union Saint-Gilloise en coupe nationale"},"content":{"rendered":"<p><strong>Apr\u00e8s le FC Bruges (3-0 contre l&rsquo;OH L\u00f6wen) et le KRC Genk (4-0 \u00e0 Saint-Trond) mardi, le Royal Antwerp FC a \u00e9galement atteint les demi-finales mercredi en s&rsquo;imposant 5-1 face \u00e0 l&rsquo;Union Saint-Gilloise de nationalit\u00e9 belge. coupe de football (Coupe Croky).<\/strong><\/p>\n<p><span id=\"more-405815\"><\/span>Le \u00ab Great Old \u00bb a ainsi r\u00e9ussi \u00e0 se venger de la d\u00e9faite subie en finale de coupe la saison derni\u00e8re.<\/p>\n<p>L&rsquo;\u00e9quipe anversoise a domin\u00e9 la premi\u00e8re mi-temps avec 70 pour cent de possession. L&rsquo;Union n&rsquo;a eu qu&rsquo;une seule occasion de marquer gr\u00e2ce \u00e0 Ivanovic, qui a pouss\u00e9 le ballon trop loin alors qu&rsquo;il se dirigeait vers le but anversois et a \u00e9t\u00e9 refus\u00e9 par le gardien Lammens.<\/p>\n<div id=\"attachment_163269\" class=\"wp-caption alignleft\" style=\"max-width: 300px\"><img fetchpriority=\"high\" decoding=\"async\" class=\"wp-image-163269 size-medium\" src=\"https:\/\/vieassociative.be\/actualites\/wp-content\/uploads\/2025\/01\/51-\u2013-Anvers-prend-sa-revanche-contre-la-decevante-Union.jpeg\" alt=\"\" width=\"300\" height=\"292\"  ><\/p>\n<p class=\"wp-caption-text\">La Croky Cup, l&rsquo;objet du d\u00e9sir. Photo de : Belga<\/p>\n<\/div>\n<p>\u00c0 la 40e minute, les h\u00f4tes ont pris l&rsquo;avantage gr\u00e2ce \u00e0 Chery. Cela a \u00e9t\u00e9 pr\u00e9c\u00e9d\u00e9 par une erreur de passe de Machida de l&rsquo;Union, qui a permis \u00e0 Anvers de lancer une contre-attaque rapide, que le Surinamais Chery a compl\u00e9t\u00e9e avec succ\u00e8s.<\/p>\n<p>Cinq minutes seulement apr\u00e8s la reprise, Anvers marquait un penalty que Chery transformait pour porter le score \u00e0 2-0. Peu de temps apr\u00e8s, la Saint-Gilloise inscrivait le but suivant par l&rsquo;interm\u00e9diaire de Sadiki (56e). L&rsquo;Union avait \u00e0 nouveau espoir, mais \u00e0 la 64e minute, Machida laissait Janssen faire son chemin, ce dont le N\u00e9erlandais profitait pour porter le score \u00e0 3-1.<\/p>\n<p>Les h\u00f4tes ont marqu\u00e9 un quatri\u00e8me but gr\u00e2ce \u00e0 Kerk (84e) et 5-1 gr\u00e2ce \u00e0 Praet (93e). L&rsquo;Union Saint-Gilloise, r\u00e9cemment am\u00e9lior\u00e9e, avec 13 matchs sans d\u00e9faite, a \u00e9t\u00e9 d\u00e9cevante sur tous les plans.<\/p>\n<p>Jeudi, le RSC Anderlecht sera l&rsquo;invit\u00e9 du Beerschot Anvers lors des derniers quarts de finale (20h30 \/ en direct sur RTL Club et vtm2). (cr\u00e9er)<\/p>\n","protected":false},"excerpt":{"rendered":"<p>Apr\u00e8s le FC Bruges (3-0 contre l&rsquo;OH L\u00f6wen) et le KRC Genk (4-0 \u00e0 Saint-Trond) mardi, le Royal Antwerp FC a \u00e9galement atteint les demi-finales<\/p>\n","protected":false},"author":1,"featured_media":4182,"comment_status":"","ping_status":"","sticky":false,"template":"","format":"standard","meta":{"footnotes":""},"categories":[298],"tags":[4624,796,2472,4626,538,3315,4625,2502,4627],"class_list":["post-4181","post","type-post","status-publish","format-standard","has-post-thumbnail","hentry","category-belgique","tag-anvers","tag-contre","tag-coupe","tag-decevante","tag-nationale","tag-prend","tag-revanche","tag-saintgilloise","tag-union","generate-columns","tablet-grid-50","mobile-grid-100","grid-parent","grid-33"],"yoast_head":"<!-- This site is optimized with the Yoast SEO plugin v24.0 - https:\/\/yoast.com\/wordpress\/plugins\/seo\/ -->\n<title>5:1 \u2013 Anvers prend sa revanche contre la d\u00e9cevante Union Saint-Gilloise en coupe nationale | Vie Associative<\/title>\n<meta name=\"robots\" content=\"index, follow, max-snippet:-1, max-image-preview:large, max-video-preview:-1\" \/>\n<link rel=\"canonical\" href=\"https:\/\/vieassociative.be\/actualites\/51-anvers-prend-sa-revanche-contre-la-decevante-union-saint-gilloise-en-coupe-nationale\/\" \/>\n<meta property=\"og:locale\" content=\"fr_FR\" \/>\n<meta property=\"og:type\" content=\"article\" \/>\n<meta property=\"og:title\" content=\"5:1 \u2013 Anvers prend sa revanche contre la d\u00e9cevante Union Saint-Gilloise en coupe nationale | Vie Associative\" \/>\n<meta property=\"og:description\" content=\"Apr\u00e8s le FC Bruges (3-0 contre l&rsquo;OH L\u00f6wen) et le KRC Genk (4-0 \u00e0 Saint-Trond) mardi, le Royal Antwerp FC a \u00e9galement atteint les demi-finales\" \/>\n<meta property=\"og:url\" content=\"https:\/\/vieassociative.be\/actualites\/51-anvers-prend-sa-revanche-contre-la-decevante-union-saint-gilloise-en-coupe-nationale\/\" \/>\n<meta property=\"og:site_name\" content=\"Vie Associative\" \/>\n<meta property=\"article:published_time\" content=\"2025-01-09T02:19:05+00:00\" \/>\n<meta property=\"og:image\" content=\"https:\/\/vieassociative.be\/actualites\/wp-content\/uploads\/2024\/09\/header_backgroundk-01-e1726694325946.png\" \/>\n\t<meta property=\"og:image:width\" content=\"279\" \/>\n\t<meta property=\"og:image:height\" content=\"92\" \/>\n\t<meta property=\"og:image:type\" content=\"image\/png\" \/>\n<meta name=\"author\" content=\"Julien\" \/>\n<meta name=\"twitter:card\" content=\"summary_large_image\" \/>\n<meta name=\"twitter:label1\" content=\"\u00c9crit par\" \/>\n\t<meta name=\"twitter:data1\" content=\"Julien\" \/>\n\t<meta name=\"twitter:label2\" content=\"Dur\u00e9e de lecture est.\" \/>\n\t<meta name=\"twitter:data2\" content=\"1 minute\" \/>\n<script type=\"application\/ld+json\" class=\"yoast-schema-graph\">{\"@context\":\"https:\/\/schema.org\",\"@graph\":[{\"@type\":\"Article\",\"@id\":\"https:\/\/vieassociative.be\/actualites\/51-anvers-prend-sa-revanche-contre-la-decevante-union-saint-gilloise-en-coupe-nationale\/#article\",\"isPartOf\":{\"@id\":\"https:\/\/vieassociative.be\/actualites\/51-anvers-prend-sa-revanche-contre-la-decevante-union-saint-gilloise-en-coupe-nationale\/\"},\"author\":{\"name\":\"Julien\",\"@id\":\"https:\/\/vieassociative.be\/actualites\/#\/schema\/person\/b87ac4f82f9d4e7b7cec7395b679edc4\"},\"headline\":\"5:1 \u2013 Anvers prend sa revanche contre la d\u00e9cevante Union Saint-Gilloise en coupe nationale\",\"datePublished\":\"2025-01-09T02:19:05+00:00\",\"dateModified\":\"2025-01-09T02:19:05+00:00\",\"mainEntityOfPage\":{\"@id\":\"https:\/\/vieassociative.be\/actualites\/51-anvers-prend-sa-revanche-contre-la-decevante-union-saint-gilloise-en-coupe-nationale\/\"},\"wordCount\":320,\"publisher\":{\"@id\":\"https:\/\/vieassociative.be\/actualites\/#organization\"},\"image\":{\"@id\":\"https:\/\/vieassociative.be\/actualites\/51-anvers-prend-sa-revanche-contre-la-decevante-union-saint-gilloise-en-coupe-nationale\/#primaryimage\"},\"thumbnailUrl\":\"https:\/\/vieassociative.be\/actualites\/wp-content\/uploads\/2025\/01\/51-\u2013-Anvers-prend-sa-revanche-contre-la-decevante-Union.jpg\",\"keywords\":[\"Anvers\",\"contre\",\"Coupe\",\"d\u00e9cevante\",\"nationale\",\"prend\",\"revanche\",\"SaintGilloise\",\"Union\"],\"articleSection\":[\"Belgique\"],\"inLanguage\":\"fr-BE\"},{\"@type\":\"WebPage\",\"@id\":\"https:\/\/vieassociative.be\/actualites\/51-anvers-prend-sa-revanche-contre-la-decevante-union-saint-gilloise-en-coupe-nationale\/\",\"url\":\"https:\/\/vieassociative.be\/actualites\/51-anvers-prend-sa-revanche-contre-la-decevante-union-saint-gilloise-en-coupe-nationale\/\",\"name\":\"5:1 \u2013 Anvers prend sa revanche contre la d\u00e9cevante Union Saint-Gilloise en coupe nationale | Vie Associative\",\"isPartOf\":{\"@id\":\"https:\/\/vieassociative.be\/actualites\/#website\"},\"primaryImageOfPage\":{\"@id\":\"https:\/\/vieassociative.be\/actualites\/51-anvers-prend-sa-revanche-contre-la-decevante-union-saint-gilloise-en-coupe-nationale\/#primaryimage\"},\"image\":{\"@id\":\"https:\/\/vieassociative.be\/actualites\/51-anvers-prend-sa-revanche-contre-la-decevante-union-saint-gilloise-en-coupe-nationale\/#primaryimage\"},\"thumbnailUrl\":\"https:\/\/vieassociative.be\/actualites\/wp-content\/uploads\/2025\/01\/51-\u2013-Anvers-prend-sa-revanche-contre-la-decevante-Union.jpg\",\"datePublished\":\"2025-01-09T02:19:05+00:00\",\"dateModified\":\"2025-01-09T02:19:05+00:00\",\"breadcrumb\":{\"@id\":\"https:\/\/vieassociative.be\/actualites\/51-anvers-prend-sa-revanche-contre-la-decevante-union-saint-gilloise-en-coupe-nationale\/#breadcrumb\"},\"inLanguage\":\"fr-BE\",\"potentialAction\":[{\"@type\":\"ReadAction\",\"target\":[\"https:\/\/vieassociative.be\/actualites\/51-anvers-prend-sa-revanche-contre-la-decevante-union-saint-gilloise-en-coupe-nationale\/\"]}]},{\"@type\":\"ImageObject\",\"inLanguage\":\"fr-BE\",\"@id\":\"https:\/\/vieassociative.be\/actualites\/51-anvers-prend-sa-revanche-contre-la-decevante-union-saint-gilloise-en-coupe-nationale\/#primaryimage\",\"url\":\"https:\/\/vieassociative.be\/actualites\/wp-content\/uploads\/2025\/01\/51-\u2013-Anvers-prend-sa-revanche-contre-la-decevante-Union.jpg\",\"contentUrl\":\"https:\/\/vieassociative.be\/actualites\/wp-content\/uploads\/2025\/01\/51-\u2013-Anvers-prend-sa-revanche-contre-la-decevante-Union.jpg\",\"width\":1200,\"height\":800,\"caption\":\"5:1 \u2013 Anvers prend sa revanche contre la d\u00e9cevante Union Saint-Gilloise en coupe nationale\"},{\"@type\":\"BreadcrumbList\",\"@id\":\"https:\/\/vieassociative.be\/actualites\/51-anvers-prend-sa-revanche-contre-la-decevante-union-saint-gilloise-en-coupe-nationale\/#breadcrumb\",\"itemListElement\":[{\"@type\":\"ListItem\",\"position\":1,\"name\":\"Accueil\",\"item\":\"https:\/\/vieassociative.be\/actualites\/\"},{\"@type\":\"ListItem\",\"position\":2,\"name\":\"5:1 \u2013 Anvers prend sa revanche contre la d\u00e9cevante Union Saint-Gilloise en coupe nationale\"}]},{\"@type\":\"WebSite\",\"@id\":\"https:\/\/vieassociative.be\/actualites\/#website\",\"url\":\"https:\/\/vieassociative.be\/actualites\/\",\"name\":\"Vie Associative\",\"description\":\"\",\"publisher\":{\"@id\":\"https:\/\/vieassociative.be\/actualites\/#organization\"},\"potentialAction\":[{\"@type\":\"SearchAction\",\"target\":{\"@type\":\"EntryPoint\",\"urlTemplate\":\"https:\/\/vieassociative.be\/actualites\/?s={search_term_string}\"},\"query-input\":{\"@type\":\"PropertyValueSpecification\",\"valueRequired\":true,\"valueName\":\"search_term_string\"}}],\"inLanguage\":\"fr-BE\"},{\"@type\":\"Organization\",\"@id\":\"https:\/\/vieassociative.be\/actualites\/#organization\",\"name\":\"Vie Associative\",\"url\":\"https:\/\/vieassociative.be\/actualites\/\",\"logo\":{\"@type\":\"ImageObject\",\"inLanguage\":\"fr-BE\",\"@id\":\"https:\/\/vieassociative.be\/actualites\/#\/schema\/logo\/image\/\",\"url\":\"https:\/\/vieassociative.be\/actualites\/wp-content\/uploads\/2024\/09\/cropped-vieassociative_favicon.ico.png\",\"contentUrl\":\"https:\/\/vieassociative.be\/actualites\/wp-content\/uploads\/2024\/09\/cropped-vieassociative_favicon.ico.png\",\"width\":512,\"height\":512,\"caption\":\"Vie Associative\"},\"image\":{\"@id\":\"https:\/\/vieassociative.be\/actualites\/#\/schema\/logo\/image\/\"}},{\"@type\":\"Person\",\"@id\":\"https:\/\/vieassociative.be\/actualites\/#\/schema\/person\/b87ac4f82f9d4e7b7cec7395b679edc4\",\"name\":\"Julien\",\"image\":{\"@type\":\"ImageObject\",\"inLanguage\":\"fr-BE\",\"@id\":\"https:\/\/vieassociative.be\/actualites\/#\/schema\/person\/image\/\",\"url\":\"https:\/\/vieassociative.be\/actualites\/wp-content\/uploads\/2024\/09\/vie-associative-1-150x150.jpg\",\"contentUrl\":\"https:\/\/vieassociative.be\/actualites\/wp-content\/uploads\/2024\/09\/vie-associative-1-150x150.jpg\",\"caption\":\"Julien\"},\"description\":\"Je suis Julien, r\u00e9dacteur pour Vie Associative. Passionn\u00e9 par le monde associatif depuis plus de 10 ans, j'ai \u00e0 c\u0153ur de partager des histoires inspirantes et de mettre en lumi\u00e8re les initiatives locales. Mon objectif est de sensibiliser et d'encourager l'engagement communautaire \u00e0 travers mes articles.\",\"sameAs\":[\"https:\/\/vieassociative.be\/\"]}]}<\/script>\n<!-- \/ Yoast SEO plugin. -->","yoast_head_json":{"title":"5:1 \u2013 Anvers prend sa revanche contre la d\u00e9cevante Union Saint-Gilloise en coupe nationale | Vie Associative","robots":{"index":"index","follow":"follow","max-snippet":"max-snippet:-1","max-image-preview":"max-image-preview:large","max-video-preview":"max-video-preview:-1"},"canonical":"https:\/\/vieassociative.be\/actualites\/51-anvers-prend-sa-revanche-contre-la-decevante-union-saint-gilloise-en-coupe-nationale\/","og_locale":"fr_FR","og_type":"article","og_title":"5:1 \u2013 Anvers prend sa revanche contre la d\u00e9cevante Union Saint-Gilloise en coupe nationale | Vie Associative","og_description":"Apr\u00e8s le FC Bruges (3-0 contre l&rsquo;OH L\u00f6wen) et le KRC Genk (4-0 \u00e0 Saint-Trond) mardi, le Royal Antwerp FC a \u00e9galement atteint les demi-finales","og_url":"https:\/\/vieassociative.be\/actualites\/51-anvers-prend-sa-revanche-contre-la-decevante-union-saint-gilloise-en-coupe-nationale\/","og_site_name":"Vie Associative","article_published_time":"2025-01-09T02:19:05+00:00","og_image":[{"width":279,"height":92,"url":"https:\/\/vieassociative.be\/actualites\/wp-content\/uploads\/2024\/09\/header_backgroundk-01-e1726694325946.png","type":"image\/png"}],"author":"Julien","twitter_card":"summary_large_image","twitter_misc":{"\u00c9crit par":"Julien","Dur\u00e9e de lecture est.":"1 minute"},"schema":{"@context":"https:\/\/schema.org","@graph":[{"@type":"Article","@id":"https:\/\/vieassociative.be\/actualites\/51-anvers-prend-sa-revanche-contre-la-decevante-union-saint-gilloise-en-coupe-nationale\/#article","isPartOf":{"@id":"https:\/\/vieassociative.be\/actualites\/51-anvers-prend-sa-revanche-contre-la-decevante-union-saint-gilloise-en-coupe-nationale\/"},"author":{"name":"Julien","@id":"https:\/\/vieassociative.be\/actualites\/#\/schema\/person\/b87ac4f82f9d4e7b7cec7395b679edc4"},"headline":"5:1 \u2013 Anvers prend sa revanche contre la d\u00e9cevante Union Saint-Gilloise en coupe nationale","datePublished":"2025-01-09T02:19:05+00:00","dateModified":"2025-01-09T02:19:05+00:00","mainEntityOfPage":{"@id":"https:\/\/vieassociative.be\/actualites\/51-anvers-prend-sa-revanche-contre-la-decevante-union-saint-gilloise-en-coupe-nationale\/"},"wordCount":320,"publisher":{"@id":"https:\/\/vieassociative.be\/actualites\/#organization"},"image":{"@id":"https:\/\/vieassociative.be\/actualites\/51-anvers-prend-sa-revanche-contre-la-decevante-union-saint-gilloise-en-coupe-nationale\/#primaryimage"},"thumbnailUrl":"https:\/\/vieassociative.be\/actualites\/wp-content\/uploads\/2025\/01\/51-\u2013-Anvers-prend-sa-revanche-contre-la-decevante-Union.jpg","keywords":["Anvers","contre","Coupe","d\u00e9cevante","nationale","prend","revanche","SaintGilloise","Union"],"articleSection":["Belgique"],"inLanguage":"fr-BE"},{"@type":"WebPage","@id":"https:\/\/vieassociative.be\/actualites\/51-anvers-prend-sa-revanche-contre-la-decevante-union-saint-gilloise-en-coupe-nationale\/","url":"https:\/\/vieassociative.be\/actualites\/51-anvers-prend-sa-revanche-contre-la-decevante-union-saint-gilloise-en-coupe-nationale\/","name":"5:1 \u2013 Anvers prend sa revanche contre la d\u00e9cevante Union Saint-Gilloise en coupe nationale | Vie Associative","isPartOf":{"@id":"https:\/\/vieassociative.be\/actualites\/#website"},"primaryImageOfPage":{"@id":"https:\/\/vieassociative.be\/actualites\/51-anvers-prend-sa-revanche-contre-la-decevante-union-saint-gilloise-en-coupe-nationale\/#primaryimage"},"image":{"@id":"https:\/\/vieassociative.be\/actualites\/51-anvers-prend-sa-revanche-contre-la-decevante-union-saint-gilloise-en-coupe-nationale\/#primaryimage"},"thumbnailUrl":"https:\/\/vieassociative.be\/actualites\/wp-content\/uploads\/2025\/01\/51-\u2013-Anvers-prend-sa-revanche-contre-la-decevante-Union.jpg","datePublished":"2025-01-09T02:19:05+00:00","dateModified":"2025-01-09T02:19:05+00:00","breadcrumb":{"@id":"https:\/\/vieassociative.be\/actualites\/51-anvers-prend-sa-revanche-contre-la-decevante-union-saint-gilloise-en-coupe-nationale\/#breadcrumb"},"inLanguage":"fr-BE","potentialAction":[{"@type":"ReadAction","target":["https:\/\/vieassociative.be\/actualites\/51-anvers-prend-sa-revanche-contre-la-decevante-union-saint-gilloise-en-coupe-nationale\/"]}]},{"@type":"ImageObject","inLanguage":"fr-BE","@id":"https:\/\/vieassociative.be\/actualites\/51-anvers-prend-sa-revanche-contre-la-decevante-union-saint-gilloise-en-coupe-nationale\/#primaryimage","url":"https:\/\/vieassociative.be\/actualites\/wp-content\/uploads\/2025\/01\/51-\u2013-Anvers-prend-sa-revanche-contre-la-decevante-Union.jpg","contentUrl":"https:\/\/vieassociative.be\/actualites\/wp-content\/uploads\/2025\/01\/51-\u2013-Anvers-prend-sa-revanche-contre-la-decevante-Union.jpg","width":1200,"height":800,"caption":"5:1 \u2013 Anvers prend sa revanche contre la d\u00e9cevante Union Saint-Gilloise en coupe nationale"},{"@type":"BreadcrumbList","@id":"https:\/\/vieassociative.be\/actualites\/51-anvers-prend-sa-revanche-contre-la-decevante-union-saint-gilloise-en-coupe-nationale\/#breadcrumb","itemListElement":[{"@type":"ListItem","position":1,"name":"Accueil","item":"https:\/\/vieassociative.be\/actualites\/"},{"@type":"ListItem","position":2,"name":"5:1 \u2013 Anvers prend sa revanche contre la d\u00e9cevante Union Saint-Gilloise en coupe nationale"}]},{"@type":"WebSite","@id":"https:\/\/vieassociative.be\/actualites\/#website","url":"https:\/\/vieassociative.be\/actualites\/","name":"Vie Associative","description":"","publisher":{"@id":"https:\/\/vieassociative.be\/actualites\/#organization"},"potentialAction":[{"@type":"SearchAction","target":{"@type":"EntryPoint","urlTemplate":"https:\/\/vieassociative.be\/actualites\/?s={search_term_string}"},"query-input":{"@type":"PropertyValueSpecification","valueRequired":true,"valueName":"search_term_string"}}],"inLanguage":"fr-BE"},{"@type":"Organization","@id":"https:\/\/vieassociative.be\/actualites\/#organization","name":"Vie Associative","url":"https:\/\/vieassociative.be\/actualites\/","logo":{"@type":"ImageObject","inLanguage":"fr-BE","@id":"https:\/\/vieassociative.be\/actualites\/#\/schema\/logo\/image\/","url":"https:\/\/vieassociative.be\/actualites\/wp-content\/uploads\/2024\/09\/cropped-vieassociative_favicon.ico.png","contentUrl":"https:\/\/vieassociative.be\/actualites\/wp-content\/uploads\/2024\/09\/cropped-vieassociative_favicon.ico.png","width":512,"height":512,"caption":"Vie Associative"},"image":{"@id":"https:\/\/vieassociative.be\/actualites\/#\/schema\/logo\/image\/"}},{"@type":"Person","@id":"https:\/\/vieassociative.be\/actualites\/#\/schema\/person\/b87ac4f82f9d4e7b7cec7395b679edc4","name":"Julien","image":{"@type":"ImageObject","inLanguage":"fr-BE","@id":"https:\/\/vieassociative.be\/actualites\/#\/schema\/person\/image\/","url":"https:\/\/vieassociative.be\/actualites\/wp-content\/uploads\/2024\/09\/vie-associative-1-150x150.jpg","contentUrl":"https:\/\/vieassociative.be\/actualites\/wp-content\/uploads\/2024\/09\/vie-associative-1-150x150.jpg","caption":"Julien"},"description":"Je suis Julien, r\u00e9dacteur pour Vie Associative. Passionn\u00e9 par le monde associatif depuis plus de 10 ans, j'ai \u00e0 c\u0153ur de partager des histoires inspirantes et de mettre en lumi\u00e8re les initiatives locales. Mon objectif est de sensibiliser et d'encourager l'engagement communautaire \u00e0 travers mes articles.","sameAs":["https:\/\/vieassociative.be\/"]}]}},"_links":{"self":[{"href":"https:\/\/vieassociative.be\/actualites\/wp-json\/wp\/v2\/posts\/4181"}],"collection":[{"href":"https:\/\/vieassociative.be\/actualites\/wp-json\/wp\/v2\/posts"}],"about":[{"href":"https:\/\/vieassociative.be\/actualites\/wp-json\/wp\/v2\/types\/post"}],"author":[{"embeddable":true,"href":"https:\/\/vieassociative.be\/actualites\/wp-json\/wp\/v2\/users\/1"}],"replies":[{"embeddable":true,"href":"https:\/\/vieassociative.be\/actualites\/wp-json\/wp\/v2\/comments?post=4181"}],"version-history":[{"count":0,"href":"https:\/\/vieassociative.be\/actualites\/wp-json\/wp\/v2\/posts\/4181\/revisions"}],"wp:featuredmedia":[{"embeddable":true,"href":"https:\/\/vieassociative.be\/actualites\/wp-json\/wp\/v2\/media\/4182"}],"wp:attachment":[{"href":"https:\/\/vieassociative.be\/actualites\/wp-json\/wp\/v2\/media?parent=4181"}],"wp:term":[{"taxonomy":"category","embeddable":true,"href":"https:\/\/vieassociative.be\/actualites\/wp-json\/wp\/v2\/categories?post=4181"},{"taxonomy":"post_tag","embeddable":true,"href":"https:\/\/vieassociative.be\/actualites\/wp-json\/wp\/v2\/tags?post=4181"}],"curies":[{"name":"wp","href":"https:\/\/api.w.org\/{rel}","templated":true}]}}