{"id":4173,"date":"2025-01-08T21:18:01","date_gmt":"2025-01-08T20:18:01","guid":{"rendered":"https:\/\/vieassociative.be\/actualites\/le-premier-ministre-paasch-nomme-le-chef-de-cabinet-le-patron-de-vivant-balter-sinterroge-sur-les-cabinets-ministeriels\/"},"modified":"2025-01-08T21:18:01","modified_gmt":"2025-01-08T20:18:01","slug":"le-premier-ministre-paasch-nomme-le-chef-de-cabinet-le-patron-de-vivant-balter-sinterroge-sur-les-cabinets-ministeriels","status":"publish","type":"post","link":"https:\/\/vieassociative.be\/actualites\/le-premier-ministre-paasch-nomme-le-chef-de-cabinet-le-patron-de-vivant-balter-sinterroge-sur-les-cabinets-ministeriels\/","title":{"rendered":"Le Premier ministre Paasch nomme le chef de cabinet &#8211; Le patron de Vivant, Balter, s&rsquo;interroge sur les cabinets minist\u00e9riels"},"content":{"rendered":"<p><strong>Le Premier ministre Oliver Paasch (ProDG) a confi\u00e9 \u00e0 Mirha Muharemovic la direction de son cabinet. Elle succ\u00e8de \u00e0 Daniel Hilligsmann, qui a d\u00fb d\u00e9missionner pour des raisons d\u00e9ontologiques apr\u00e8s avoir \u00e9t\u00e9 \u00e9lu maire de la commune de La Calamine.<\/strong><\/p>\n<p><span id=\"more-405786\"><\/span>Muharemovic travaille au sein du cabinet depuis plus de trois ans et apporte son exp\u00e9rience dans divers domaines de responsabilit\u00e9. Ses responsabilit\u00e9s pr\u00e9c\u00e9dentes incluaient la gestion des relations ext\u00e9rieures de la DG, y compris les repr\u00e9sentations \u00e0 Berlin et Bruxelles, ainsi que le maintien et la coordination des contacts diplomatiques. De plus, elle s&rsquo;est vue confier l&rsquo;organisation des processus internes, la coordination de projets et la prise en charge d&rsquo;autres t\u00e2ches de gestion.<\/p>\n<div id=\"attachment_405805\" class=\"wp-caption alignleft\" style=\"max-width: 300px\"><img fetchpriority=\"high\" decoding=\"async\" class=\"wp-image-405805 size-medium\" src=\"https:\/\/vieassociative.be\/actualites\/wp-content\/uploads\/2025\/01\/Le-Premier-ministre-Paasch-nomme-le-chef-de-cabinet.jpg\" alt=\"\" width=\"300\" height=\"200\"><\/p>\n<p class=\"wp-caption-text\">DG-Premier ministre Oliver Paasch. Photo : Patrick von Staufenberg<\/p>\n<\/div>\n<p>Ce politologue de formation, sp\u00e9cialis\u00e9 dans le droit international et les relations internationales, a \u00e9tudi\u00e9 au RWTH Aix-la-Chapelle. Gr\u00e2ce \u00e0 son parcours professionnel et \u00e0 son travail ant\u00e9rieur au sein du cabinet, Mirha Muharemovic conna\u00eet de premi\u00e8re main les processus et les d\u00e9fis du travail gouvernemental, selon un communiqu\u00e9 de presse du cabinet Paasch.<\/p>\n<p>\u00ab Je suis heureux que Mirha Muharemovic assume le r\u00f4le de chef de cabinet. Leur engagement et leur \u00e9nergie constitueront un soutien important dans la mise en \u0153uvre du travail politique du gouvernement et du cabinet\u00bb, a expliqu\u00e9 le Premier ministre Paasch.<\/p>\n<p>Concernant les cabinets minist\u00e9riels de la DG gouvernement, Paasch a r\u00e9pondu il y a quelques jours \u00e0 une question \u00e9crite du pr\u00e9sident du groupe parlementaire Vivant, Michael Balter. Question et r\u00e9ponse publi\u00e9es par OD Integral (voir lien en fin de cet article).<\/p>\n<p>Dans sa question, Balter fait r\u00e9f\u00e9rence \u00e0 un d\u00e9cret gouvernemental du 4 juillet 2024, qui r\u00e9glemente la composition et le fonctionnement des cabinets minist\u00e9riels des DG.<\/p>\n<\/p>\n<div id=\"attachment_292089\" class=\"wp-caption alignleft\" style=\"max-width: 300px\"><img decoding=\"async\" class=\"wp-image-292089 size-medium\" src=\"https:\/\/vieassociative.be\/actualites\/wp-content\/uploads\/2025\/01\/Le-Premier-ministre-Paasch-nomme-le-chef-de-cabinet.jpeg\" alt=\"\" width=\"300\" height=\"200\"><\/p>\n<p class=\"wp-caption-text\">Michael Balter, porte-parole du groupe parlementaire Vivant, lors d&rsquo;une s\u00e9ance pl\u00e9ni\u00e8re de la DG Parlement. Photo : PDG\/CK<\/p>\n<\/div>\n<p>Balter : \u00ab Le chef de cabinet du Premier ministre est class\u00e9 dans le niveau de salaire M2, tandis que les chefs de cabinet des autres ministres appartiennent au niveau de salaire inf\u00e9rieur M3. Cela conduit \u00e0 une allocation minist\u00e9rielle suppl\u00e9mentaire de plus de 7 300 euros pour le chef de cabinet du Premier ministre, ce qui accro\u00eet encore les in\u00e9galit\u00e9s d\u00e9j\u00e0 existantes.\u00bb<\/p>\n<p>Selon Balter, ces r\u00e9glementations soul\u00e8vent des questions sur l&rsquo;\u00e9quit\u00e9 et l&rsquo;efficacit\u00e9 de la r\u00e9partition des ressources. Compte tenu des appels constants \u00e0 des mesures d\u2019aust\u00e9rit\u00e9, il semble contradictoire que les co\u00fbts du Cabinet continuent d\u2019augmenter.<\/p>\n<p>\u00ab L&rsquo;augmentation du personnel du cabinet et les indemnit\u00e9s suppl\u00e9mentaires entra\u00eeneront des co\u00fbts suppl\u00e9mentaires qui pourraient \u00eatre \u00e9vit\u00e9s. En particulier, renoncer \u00e0 un quatri\u00e8me poste minist\u00e9riel et \u00e0 un cabinet aurait apport\u00e9 des \u00e9conomies significatives \u00e0 la communaut\u00e9 \u00bb, a d\u00e9clar\u00e9 Balter. Par ailleurs, le chef du groupe parlementaire Vivant aborde les co\u00fbts li\u00e9s aux cabinets minist\u00e9riels. <\/p>\n<p>Dans sa r\u00e9ponse (voir lien ci-dessous), Paasch souligne, entre autres, que le nouveau chef de cabinet Muharemovic a \u00e9t\u00e9 class\u00e9 dans la classe salariale inf\u00e9rieure M3. Elle ne re\u00e7oit donc pas l&rsquo;indemnit\u00e9 de 7 500 euros dont Balter se plaignait. (cr\u00e9er)<\/p>\n<p><em><strong>Question \u00e9crite n\u00b0 25 du 21 novembre 2024 de Michael Balter (Vivant) au Premier ministre Oliver Paasch (ProDG) sur la composition des cabinets. Plus d&rsquo;informations \u00e0 ce sujet sur le lien suivant\u00a0:<\/strong><\/em><\/p>\n<p><u>QUESTIONS BALTER \u2013 R\u00c9PONSES PAASCH<\/u><\/p>\n","protected":false},"excerpt":{"rendered":"<p>Le Premier ministre Oliver Paasch (ProDG) a confi\u00e9 \u00e0 Mirha Muharemovic la direction de son cabinet. Elle succ\u00e8de \u00e0 Daniel Hilligsmann, qui a d\u00fb d\u00e9missionner<\/p>\n","protected":false},"author":1,"featured_media":4174,"comment_status":"","ping_status":"","sticky":false,"template":"","format":"standard","meta":{"footnotes":""},"categories":[298],"tags":[3527,2592,4621,4619,14,4622,1245,3970,2553,3953,443,4620,33,3138],"class_list":["post-4173","post","type-post","status-publish","format-standard","has-post-thumbnail","hentry","category-belgique","tag-balter","tag-cabinet","tag-cabinets","tag-chef","tag-les","tag-ministeriels","tag-ministre","tag-nomme","tag-paasch","tag-patron","tag-premier","tag-sinterroge","tag-sur","tag-vivant","generate-columns","tablet-grid-50","mobile-grid-100","grid-parent","grid-33"],"yoast_head":"<!-- This site is optimized with the Yoast SEO plugin v24.0 - https:\/\/yoast.com\/wordpress\/plugins\/seo\/ -->\n<title>Le Premier ministre Paasch nomme le chef de cabinet - Le patron de Vivant, Balter, s&#039;interroge sur les cabinets minist\u00e9riels | Vie Associative<\/title>\n<meta name=\"robots\" content=\"index, follow, max-snippet:-1, max-image-preview:large, max-video-preview:-1\" \/>\n<link rel=\"canonical\" href=\"https:\/\/vieassociative.be\/actualites\/le-premier-ministre-paasch-nomme-le-chef-de-cabinet-le-patron-de-vivant-balter-sinterroge-sur-les-cabinets-ministeriels\/\" \/>\n<meta property=\"og:locale\" content=\"fr_FR\" \/>\n<meta property=\"og:type\" content=\"article\" \/>\n<meta property=\"og:title\" content=\"Le Premier ministre Paasch nomme le chef de cabinet - Le patron de Vivant, Balter, s&#039;interroge sur les cabinets minist\u00e9riels | Vie Associative\" \/>\n<meta property=\"og:description\" content=\"Le Premier ministre Oliver Paasch (ProDG) a confi\u00e9 \u00e0 Mirha Muharemovic la direction de son cabinet. Elle succ\u00e8de \u00e0 Daniel Hilligsmann, qui a d\u00fb d\u00e9missionner\" \/>\n<meta property=\"og:url\" content=\"https:\/\/vieassociative.be\/actualites\/le-premier-ministre-paasch-nomme-le-chef-de-cabinet-le-patron-de-vivant-balter-sinterroge-sur-les-cabinets-ministeriels\/\" \/>\n<meta property=\"og:site_name\" content=\"Vie Associative\" \/>\n<meta property=\"article:published_time\" content=\"2025-01-08T20:18:01+00:00\" \/>\n<meta property=\"og:image\" content=\"https:\/\/vieassociative.be\/actualites\/wp-content\/uploads\/2024\/09\/header_backgroundk-01-e1726694325946.png\" \/>\n\t<meta property=\"og:image:width\" content=\"279\" \/>\n\t<meta property=\"og:image:height\" content=\"92\" \/>\n\t<meta property=\"og:image:type\" content=\"image\/png\" \/>\n<meta name=\"author\" content=\"Julien\" \/>\n<meta name=\"twitter:card\" content=\"summary_large_image\" \/>\n<meta name=\"twitter:label1\" content=\"\u00c9crit par\" \/>\n\t<meta name=\"twitter:data1\" content=\"Julien\" \/>\n\t<meta name=\"twitter:label2\" content=\"Dur\u00e9e de lecture est.\" \/>\n\t<meta name=\"twitter:data2\" content=\"3 minutes\" \/>\n<script type=\"application\/ld+json\" class=\"yoast-schema-graph\">{\"@context\":\"https:\/\/schema.org\",\"@graph\":[{\"@type\":\"Article\",\"@id\":\"https:\/\/vieassociative.be\/actualites\/le-premier-ministre-paasch-nomme-le-chef-de-cabinet-le-patron-de-vivant-balter-sinterroge-sur-les-cabinets-ministeriels\/#article\",\"isPartOf\":{\"@id\":\"https:\/\/vieassociative.be\/actualites\/le-premier-ministre-paasch-nomme-le-chef-de-cabinet-le-patron-de-vivant-balter-sinterroge-sur-les-cabinets-ministeriels\/\"},\"author\":{\"name\":\"Julien\",\"@id\":\"https:\/\/vieassociative.be\/actualites\/#\/schema\/person\/b87ac4f82f9d4e7b7cec7395b679edc4\"},\"headline\":\"Le Premier ministre Paasch nomme le chef de cabinet &#8211; Le patron de Vivant, Balter, s&rsquo;interroge sur les cabinets minist\u00e9riels\",\"datePublished\":\"2025-01-08T20:18:01+00:00\",\"dateModified\":\"2025-01-08T20:18:01+00:00\",\"mainEntityOfPage\":{\"@id\":\"https:\/\/vieassociative.be\/actualites\/le-premier-ministre-paasch-nomme-le-chef-de-cabinet-le-patron-de-vivant-balter-sinterroge-sur-les-cabinets-ministeriels\/\"},\"wordCount\":601,\"publisher\":{\"@id\":\"https:\/\/vieassociative.be\/actualites\/#organization\"},\"image\":{\"@id\":\"https:\/\/vieassociative.be\/actualites\/le-premier-ministre-paasch-nomme-le-chef-de-cabinet-le-patron-de-vivant-balter-sinterroge-sur-les-cabinets-ministeriels\/#primaryimage\"},\"thumbnailUrl\":\"https:\/\/vieassociative.be\/actualites\/wp-content\/uploads\/2025\/01\/1736367481_Le-Premier-ministre-Paasch-nomme-le-chef-de-cabinet.jpg\",\"keywords\":[\"Balter\",\"cabinet\",\"cabinets\",\"chef\",\"Les\",\"minist\u00e9riels\",\"ministre\",\"nomme\",\"Paasch\",\"patron\",\"premier\",\"sinterroge\",\"sur\",\"Vivant\"],\"articleSection\":[\"Belgique\"],\"inLanguage\":\"fr-BE\"},{\"@type\":\"WebPage\",\"@id\":\"https:\/\/vieassociative.be\/actualites\/le-premier-ministre-paasch-nomme-le-chef-de-cabinet-le-patron-de-vivant-balter-sinterroge-sur-les-cabinets-ministeriels\/\",\"url\":\"https:\/\/vieassociative.be\/actualites\/le-premier-ministre-paasch-nomme-le-chef-de-cabinet-le-patron-de-vivant-balter-sinterroge-sur-les-cabinets-ministeriels\/\",\"name\":\"Le Premier ministre Paasch nomme le chef de cabinet - Le patron de Vivant, Balter, s'interroge sur les cabinets minist\u00e9riels | Vie Associative\",\"isPartOf\":{\"@id\":\"https:\/\/vieassociative.be\/actualites\/#website\"},\"primaryImageOfPage\":{\"@id\":\"https:\/\/vieassociative.be\/actualites\/le-premier-ministre-paasch-nomme-le-chef-de-cabinet-le-patron-de-vivant-balter-sinterroge-sur-les-cabinets-ministeriels\/#primaryimage\"},\"image\":{\"@id\":\"https:\/\/vieassociative.be\/actualites\/le-premier-ministre-paasch-nomme-le-chef-de-cabinet-le-patron-de-vivant-balter-sinterroge-sur-les-cabinets-ministeriels\/#primaryimage\"},\"thumbnailUrl\":\"https:\/\/vieassociative.be\/actualites\/wp-content\/uploads\/2025\/01\/1736367481_Le-Premier-ministre-Paasch-nomme-le-chef-de-cabinet.jpg\",\"datePublished\":\"2025-01-08T20:18:01+00:00\",\"dateModified\":\"2025-01-08T20:18:01+00:00\",\"breadcrumb\":{\"@id\":\"https:\/\/vieassociative.be\/actualites\/le-premier-ministre-paasch-nomme-le-chef-de-cabinet-le-patron-de-vivant-balter-sinterroge-sur-les-cabinets-ministeriels\/#breadcrumb\"},\"inLanguage\":\"fr-BE\",\"potentialAction\":[{\"@type\":\"ReadAction\",\"target\":[\"https:\/\/vieassociative.be\/actualites\/le-premier-ministre-paasch-nomme-le-chef-de-cabinet-le-patron-de-vivant-balter-sinterroge-sur-les-cabinets-ministeriels\/\"]}]},{\"@type\":\"ImageObject\",\"inLanguage\":\"fr-BE\",\"@id\":\"https:\/\/vieassociative.be\/actualites\/le-premier-ministre-paasch-nomme-le-chef-de-cabinet-le-patron-de-vivant-balter-sinterroge-sur-les-cabinets-ministeriels\/#primaryimage\",\"url\":\"https:\/\/vieassociative.be\/actualites\/wp-content\/uploads\/2025\/01\/1736367481_Le-Premier-ministre-Paasch-nomme-le-chef-de-cabinet.jpg\",\"contentUrl\":\"https:\/\/vieassociative.be\/actualites\/wp-content\/uploads\/2025\/01\/1736367481_Le-Premier-ministre-Paasch-nomme-le-chef-de-cabinet.jpg\",\"width\":1200,\"height\":800,\"caption\":\"Le Premier ministre Paasch nomme le chef de cabinet - Le patron de Vivant, Balter, s'interroge sur les cabinets minist\u00e9riels\"},{\"@type\":\"BreadcrumbList\",\"@id\":\"https:\/\/vieassociative.be\/actualites\/le-premier-ministre-paasch-nomme-le-chef-de-cabinet-le-patron-de-vivant-balter-sinterroge-sur-les-cabinets-ministeriels\/#breadcrumb\",\"itemListElement\":[{\"@type\":\"ListItem\",\"position\":1,\"name\":\"Accueil\",\"item\":\"https:\/\/vieassociative.be\/actualites\/\"},{\"@type\":\"ListItem\",\"position\":2,\"name\":\"Le Premier ministre Paasch nomme le chef de cabinet &#8211; Le patron de Vivant, Balter, s&rsquo;interroge sur les cabinets minist\u00e9riels\"}]},{\"@type\":\"WebSite\",\"@id\":\"https:\/\/vieassociative.be\/actualites\/#website\",\"url\":\"https:\/\/vieassociative.be\/actualites\/\",\"name\":\"Vie Associative\",\"description\":\"\",\"publisher\":{\"@id\":\"https:\/\/vieassociative.be\/actualites\/#organization\"},\"potentialAction\":[{\"@type\":\"SearchAction\",\"target\":{\"@type\":\"EntryPoint\",\"urlTemplate\":\"https:\/\/vieassociative.be\/actualites\/?s={search_term_string}\"},\"query-input\":{\"@type\":\"PropertyValueSpecification\",\"valueRequired\":true,\"valueName\":\"search_term_string\"}}],\"inLanguage\":\"fr-BE\"},{\"@type\":\"Organization\",\"@id\":\"https:\/\/vieassociative.be\/actualites\/#organization\",\"name\":\"Vie Associative\",\"url\":\"https:\/\/vieassociative.be\/actualites\/\",\"logo\":{\"@type\":\"ImageObject\",\"inLanguage\":\"fr-BE\",\"@id\":\"https:\/\/vieassociative.be\/actualites\/#\/schema\/logo\/image\/\",\"url\":\"https:\/\/vieassociative.be\/actualites\/wp-content\/uploads\/2024\/09\/cropped-vieassociative_favicon.ico.png\",\"contentUrl\":\"https:\/\/vieassociative.be\/actualites\/wp-content\/uploads\/2024\/09\/cropped-vieassociative_favicon.ico.png\",\"width\":512,\"height\":512,\"caption\":\"Vie Associative\"},\"image\":{\"@id\":\"https:\/\/vieassociative.be\/actualites\/#\/schema\/logo\/image\/\"}},{\"@type\":\"Person\",\"@id\":\"https:\/\/vieassociative.be\/actualites\/#\/schema\/person\/b87ac4f82f9d4e7b7cec7395b679edc4\",\"name\":\"Julien\",\"image\":{\"@type\":\"ImageObject\",\"inLanguage\":\"fr-BE\",\"@id\":\"https:\/\/vieassociative.be\/actualites\/#\/schema\/person\/image\/\",\"url\":\"https:\/\/vieassociative.be\/actualites\/wp-content\/uploads\/2024\/09\/vie-associative-1-150x150.jpg\",\"contentUrl\":\"https:\/\/vieassociative.be\/actualites\/wp-content\/uploads\/2024\/09\/vie-associative-1-150x150.jpg\",\"caption\":\"Julien\"},\"description\":\"Je suis Julien, r\u00e9dacteur pour Vie Associative. Passionn\u00e9 par le monde associatif depuis plus de 10 ans, j'ai \u00e0 c\u0153ur de partager des histoires inspirantes et de mettre en lumi\u00e8re les initiatives locales. Mon objectif est de sensibiliser et d'encourager l'engagement communautaire \u00e0 travers mes articles.\",\"sameAs\":[\"https:\/\/vieassociative.be\/\"]}]}<\/script>\n<!-- \/ Yoast SEO plugin. -->","yoast_head_json":{"title":"Le Premier ministre Paasch nomme le chef de cabinet - Le patron de Vivant, Balter, s'interroge sur les cabinets minist\u00e9riels | Vie Associative","robots":{"index":"index","follow":"follow","max-snippet":"max-snippet:-1","max-image-preview":"max-image-preview:large","max-video-preview":"max-video-preview:-1"},"canonical":"https:\/\/vieassociative.be\/actualites\/le-premier-ministre-paasch-nomme-le-chef-de-cabinet-le-patron-de-vivant-balter-sinterroge-sur-les-cabinets-ministeriels\/","og_locale":"fr_FR","og_type":"article","og_title":"Le Premier ministre Paasch nomme le chef de cabinet - Le patron de Vivant, Balter, s'interroge sur les cabinets minist\u00e9riels | Vie Associative","og_description":"Le Premier ministre Oliver Paasch (ProDG) a confi\u00e9 \u00e0 Mirha Muharemovic la direction de son cabinet. Elle succ\u00e8de \u00e0 Daniel Hilligsmann, qui a d\u00fb d\u00e9missionner","og_url":"https:\/\/vieassociative.be\/actualites\/le-premier-ministre-paasch-nomme-le-chef-de-cabinet-le-patron-de-vivant-balter-sinterroge-sur-les-cabinets-ministeriels\/","og_site_name":"Vie Associative","article_published_time":"2025-01-08T20:18:01+00:00","og_image":[{"width":279,"height":92,"url":"https:\/\/vieassociative.be\/actualites\/wp-content\/uploads\/2024\/09\/header_backgroundk-01-e1726694325946.png","type":"image\/png"}],"author":"Julien","twitter_card":"summary_large_image","twitter_misc":{"\u00c9crit par":"Julien","Dur\u00e9e de lecture est.":"3 minutes"},"schema":{"@context":"https:\/\/schema.org","@graph":[{"@type":"Article","@id":"https:\/\/vieassociative.be\/actualites\/le-premier-ministre-paasch-nomme-le-chef-de-cabinet-le-patron-de-vivant-balter-sinterroge-sur-les-cabinets-ministeriels\/#article","isPartOf":{"@id":"https:\/\/vieassociative.be\/actualites\/le-premier-ministre-paasch-nomme-le-chef-de-cabinet-le-patron-de-vivant-balter-sinterroge-sur-les-cabinets-ministeriels\/"},"author":{"name":"Julien","@id":"https:\/\/vieassociative.be\/actualites\/#\/schema\/person\/b87ac4f82f9d4e7b7cec7395b679edc4"},"headline":"Le Premier ministre Paasch nomme le chef de cabinet &#8211; Le patron de Vivant, Balter, s&rsquo;interroge sur les cabinets minist\u00e9riels","datePublished":"2025-01-08T20:18:01+00:00","dateModified":"2025-01-08T20:18:01+00:00","mainEntityOfPage":{"@id":"https:\/\/vieassociative.be\/actualites\/le-premier-ministre-paasch-nomme-le-chef-de-cabinet-le-patron-de-vivant-balter-sinterroge-sur-les-cabinets-ministeriels\/"},"wordCount":601,"publisher":{"@id":"https:\/\/vieassociative.be\/actualites\/#organization"},"image":{"@id":"https:\/\/vieassociative.be\/actualites\/le-premier-ministre-paasch-nomme-le-chef-de-cabinet-le-patron-de-vivant-balter-sinterroge-sur-les-cabinets-ministeriels\/#primaryimage"},"thumbnailUrl":"https:\/\/vieassociative.be\/actualites\/wp-content\/uploads\/2025\/01\/1736367481_Le-Premier-ministre-Paasch-nomme-le-chef-de-cabinet.jpg","keywords":["Balter","cabinet","cabinets","chef","Les","minist\u00e9riels","ministre","nomme","Paasch","patron","premier","sinterroge","sur","Vivant"],"articleSection":["Belgique"],"inLanguage":"fr-BE"},{"@type":"WebPage","@id":"https:\/\/vieassociative.be\/actualites\/le-premier-ministre-paasch-nomme-le-chef-de-cabinet-le-patron-de-vivant-balter-sinterroge-sur-les-cabinets-ministeriels\/","url":"https:\/\/vieassociative.be\/actualites\/le-premier-ministre-paasch-nomme-le-chef-de-cabinet-le-patron-de-vivant-balter-sinterroge-sur-les-cabinets-ministeriels\/","name":"Le Premier ministre Paasch nomme le chef de cabinet - Le patron de Vivant, Balter, s'interroge sur les cabinets minist\u00e9riels | Vie Associative","isPartOf":{"@id":"https:\/\/vieassociative.be\/actualites\/#website"},"primaryImageOfPage":{"@id":"https:\/\/vieassociative.be\/actualites\/le-premier-ministre-paasch-nomme-le-chef-de-cabinet-le-patron-de-vivant-balter-sinterroge-sur-les-cabinets-ministeriels\/#primaryimage"},"image":{"@id":"https:\/\/vieassociative.be\/actualites\/le-premier-ministre-paasch-nomme-le-chef-de-cabinet-le-patron-de-vivant-balter-sinterroge-sur-les-cabinets-ministeriels\/#primaryimage"},"thumbnailUrl":"https:\/\/vieassociative.be\/actualites\/wp-content\/uploads\/2025\/01\/1736367481_Le-Premier-ministre-Paasch-nomme-le-chef-de-cabinet.jpg","datePublished":"2025-01-08T20:18:01+00:00","dateModified":"2025-01-08T20:18:01+00:00","breadcrumb":{"@id":"https:\/\/vieassociative.be\/actualites\/le-premier-ministre-paasch-nomme-le-chef-de-cabinet-le-patron-de-vivant-balter-sinterroge-sur-les-cabinets-ministeriels\/#breadcrumb"},"inLanguage":"fr-BE","potentialAction":[{"@type":"ReadAction","target":["https:\/\/vieassociative.be\/actualites\/le-premier-ministre-paasch-nomme-le-chef-de-cabinet-le-patron-de-vivant-balter-sinterroge-sur-les-cabinets-ministeriels\/"]}]},{"@type":"ImageObject","inLanguage":"fr-BE","@id":"https:\/\/vieassociative.be\/actualites\/le-premier-ministre-paasch-nomme-le-chef-de-cabinet-le-patron-de-vivant-balter-sinterroge-sur-les-cabinets-ministeriels\/#primaryimage","url":"https:\/\/vieassociative.be\/actualites\/wp-content\/uploads\/2025\/01\/1736367481_Le-Premier-ministre-Paasch-nomme-le-chef-de-cabinet.jpg","contentUrl":"https:\/\/vieassociative.be\/actualites\/wp-content\/uploads\/2025\/01\/1736367481_Le-Premier-ministre-Paasch-nomme-le-chef-de-cabinet.jpg","width":1200,"height":800,"caption":"Le Premier ministre Paasch nomme le chef de cabinet - Le patron de Vivant, Balter, s'interroge sur les cabinets minist\u00e9riels"},{"@type":"BreadcrumbList","@id":"https:\/\/vieassociative.be\/actualites\/le-premier-ministre-paasch-nomme-le-chef-de-cabinet-le-patron-de-vivant-balter-sinterroge-sur-les-cabinets-ministeriels\/#breadcrumb","itemListElement":[{"@type":"ListItem","position":1,"name":"Accueil","item":"https:\/\/vieassociative.be\/actualites\/"},{"@type":"ListItem","position":2,"name":"Le Premier ministre Paasch nomme le chef de cabinet &#8211; Le patron de Vivant, Balter, s&rsquo;interroge sur les cabinets minist\u00e9riels"}]},{"@type":"WebSite","@id":"https:\/\/vieassociative.be\/actualites\/#website","url":"https:\/\/vieassociative.be\/actualites\/","name":"Vie Associative","description":"","publisher":{"@id":"https:\/\/vieassociative.be\/actualites\/#organization"},"potentialAction":[{"@type":"SearchAction","target":{"@type":"EntryPoint","urlTemplate":"https:\/\/vieassociative.be\/actualites\/?s={search_term_string}"},"query-input":{"@type":"PropertyValueSpecification","valueRequired":true,"valueName":"search_term_string"}}],"inLanguage":"fr-BE"},{"@type":"Organization","@id":"https:\/\/vieassociative.be\/actualites\/#organization","name":"Vie Associative","url":"https:\/\/vieassociative.be\/actualites\/","logo":{"@type":"ImageObject","inLanguage":"fr-BE","@id":"https:\/\/vieassociative.be\/actualites\/#\/schema\/logo\/image\/","url":"https:\/\/vieassociative.be\/actualites\/wp-content\/uploads\/2024\/09\/cropped-vieassociative_favicon.ico.png","contentUrl":"https:\/\/vieassociative.be\/actualites\/wp-content\/uploads\/2024\/09\/cropped-vieassociative_favicon.ico.png","width":512,"height":512,"caption":"Vie Associative"},"image":{"@id":"https:\/\/vieassociative.be\/actualites\/#\/schema\/logo\/image\/"}},{"@type":"Person","@id":"https:\/\/vieassociative.be\/actualites\/#\/schema\/person\/b87ac4f82f9d4e7b7cec7395b679edc4","name":"Julien","image":{"@type":"ImageObject","inLanguage":"fr-BE","@id":"https:\/\/vieassociative.be\/actualites\/#\/schema\/person\/image\/","url":"https:\/\/vieassociative.be\/actualites\/wp-content\/uploads\/2024\/09\/vie-associative-1-150x150.jpg","contentUrl":"https:\/\/vieassociative.be\/actualites\/wp-content\/uploads\/2024\/09\/vie-associative-1-150x150.jpg","caption":"Julien"},"description":"Je suis Julien, r\u00e9dacteur pour Vie Associative. Passionn\u00e9 par le monde associatif depuis plus de 10 ans, j'ai \u00e0 c\u0153ur de partager des histoires inspirantes et de mettre en lumi\u00e8re les initiatives locales. Mon objectif est de sensibiliser et d'encourager l'engagement communautaire \u00e0 travers mes articles.","sameAs":["https:\/\/vieassociative.be\/"]}]}},"_links":{"self":[{"href":"https:\/\/vieassociative.be\/actualites\/wp-json\/wp\/v2\/posts\/4173"}],"collection":[{"href":"https:\/\/vieassociative.be\/actualites\/wp-json\/wp\/v2\/posts"}],"about":[{"href":"https:\/\/vieassociative.be\/actualites\/wp-json\/wp\/v2\/types\/post"}],"author":[{"embeddable":true,"href":"https:\/\/vieassociative.be\/actualites\/wp-json\/wp\/v2\/users\/1"}],"replies":[{"embeddable":true,"href":"https:\/\/vieassociative.be\/actualites\/wp-json\/wp\/v2\/comments?post=4173"}],"version-history":[{"count":0,"href":"https:\/\/vieassociative.be\/actualites\/wp-json\/wp\/v2\/posts\/4173\/revisions"}],"wp:featuredmedia":[{"embeddable":true,"href":"https:\/\/vieassociative.be\/actualites\/wp-json\/wp\/v2\/media\/4174"}],"wp:attachment":[{"href":"https:\/\/vieassociative.be\/actualites\/wp-json\/wp\/v2\/media?parent=4173"}],"wp:term":[{"taxonomy":"category","embeddable":true,"href":"https:\/\/vieassociative.be\/actualites\/wp-json\/wp\/v2\/categories?post=4173"},{"taxonomy":"post_tag","embeddable":true,"href":"https:\/\/vieassociative.be\/actualites\/wp-json\/wp\/v2\/tags?post=4173"}],"curies":[{"name":"wp","href":"https:\/\/api.w.org\/{rel}","templated":true}]}}