{"id":417,"date":"2024-09-24T18:18:00","date_gmt":"2024-09-24T16:18:00","guid":{"rendered":"https:\/\/vieassociative.be\/actualites\/vous-devriez-ajouter-un-oeuf-cru-a-votre-gruau\/"},"modified":"2024-09-24T18:18:00","modified_gmt":"2024-09-24T16:18:00","slug":"vous-devriez-ajouter-un-oeuf-cru-a-votre-gruau","status":"publish","type":"post","link":"https:\/\/vieassociative.be\/actualites\/vous-devriez-ajouter-un-oeuf-cru-a-votre-gruau\/","title":{"rendered":"Vous devriez ajouter un \u0153uf cru \u00e0 votre gruau"},"content":{"rendered":"<div class=\"mt-4 leading-6 md:mb-8\">Semblable au riz dans le tamago kake gohan, le gruau chaud \u00ab cuit \u00bb doucement l\u2019\u0153uf, transformant le blanc glissant et le jaune coulant en une sauce cr\u00e9meuse et \u00e9mulsifiante.<\/div>\n<p><\/p>\n<p>Je suis un fabricant et un mangeur de gruau bien document\u00e9, et j&rsquo;ai parcouru toute la gamme des pr\u00e9parations, de la plus basique \u00e0 la plus maison. J&rsquo;ai fait du gruau ridicule \u00e0 partir de pop-corn Smartfood, et j&rsquo;ai fait aussi du bricolage que possible sans cultiver le ma\u00efs moi-m\u00eame, y compris la transformation du ma\u00efs en hominy gr\u00e2ce \u00e0 un processus connu sous le nom de \u00ab nixtamalisation \u00bb. Vous pouvez faire confiance \u00e0 mon avis sur la bouillie chaude \u00e0 base de ma\u00efs, et je suis d&rsquo;avis que vous incorporeriez un \u0153uf entier cru dans votre prochain bol.<\/p>\n<p>Similaire au tamago kake gohan, un plat de petit-d\u00e9jeuner japonais compos\u00e9 de riz chaud, d&rsquo;un \u0153uf cru, de sauce soja et d&rsquo;autres assaisonnements, le gruau chaud \u00ab cuit \u00bb doucement l&rsquo;\u0153uf, transformant le blanc glissant et le jaune coulant en une sauce cr\u00e9meuse et \u00e9mulsifiante. Cela n&rsquo;a pas vraiment le go\u00fbt de l&rsquo;\u0153uf, mais cela donne au gruau un go\u00fbt plus riche, avec une texture plus coh\u00e9rente et collante. C&rsquo;est aussi un moyen facile d&rsquo;y glisser un peu plus de prot\u00e9ines (six grammes par \u0153uf) et j&rsquo;ai trouv\u00e9 que cela amplifiait le go\u00fbt fromag\u00e9 du gruau au fromage, sans ajouter de produits laitiers suppl\u00e9mentaires.<\/p>\n<h2 id=\"theres-no-need-to-temper-the-egg\">Il n&rsquo;est pas n\u00e9cessaire de temp\u00e9rer l&rsquo;\u0153uf<\/h2>\n<p>Les \u0153ufs sont parfois utilis\u00e9s pour \u00e9paissir les soupes comme l&rsquo;avgolemono, une soupe au poulet et au riz parfum\u00e9e au citron et \u00e0 l&rsquo;aneth. C&rsquo;est \u00e9pais et soyeux, mais l&rsquo;\u0153uf doit \u00eatre introduit doucement, pour \u00e9viter qu&rsquo;il ne brouille lorsqu&rsquo;il entre en contact avec le liquide chaud. Mais tout comme pour le tamago kake gohan, vous n&rsquo;avez pas \u00e0 vous soucier de tout cela. Retirez le gruau du feu et la temp\u00e9rature baissera juste assez. L&rsquo;\u0153uf perdra ses qualit\u00e9s crues et gluantes, sans se figer en caill\u00e9. Pr\u00e9parez simplement votre gruau selon les instructions sur l&#8217;emballage (ou selon ma recette \u00e9labor\u00e9e), retirez-le du feu et cassez un \u0153uf directement dans la casserole, en remuant rapidement jusqu&rsquo;\u00e0 ce qu&rsquo;il soit compl\u00e8tement m\u00e9lang\u00e9 et qu&rsquo;il ne reste plus de blanc gluant. Assaisonnez de sel et de poivre et terminez avec un jaune d&rsquo;\u0153uf suppl\u00e9mentaire, car vous m\u00e9ritez un peu de d\u00e9cadence banale. <\/p>\n","protected":false},"excerpt":{"rendered":"<p>Semblable au riz dans le tamago kake gohan, le gruau chaud \u00ab cuit \u00bb doucement l\u2019\u0153uf, transformant le blanc glissant et le jaune coulant en<\/p>\n","protected":false},"author":1,"featured_media":418,"comment_status":"","ping_status":"","sticky":false,"template":"","format":"standard","meta":{"footnotes":""},"categories":[39],"tags":[670,672,636,673,671,8,4],"class_list":["post-417","post","type-post","status-publish","format-standard","has-post-thumbnail","hentry","category-gastronomie","tag-ajouter","tag-cru","tag-devriez","tag-gruau","tag-oeuf","tag-votre","tag-vous","generate-columns","tablet-grid-50","mobile-grid-100","grid-parent","grid-33"],"yoast_head":"<!-- This site is optimized with the Yoast SEO plugin v24.0 - https:\/\/yoast.com\/wordpress\/plugins\/seo\/ -->\n<title>Vous devriez ajouter un \u0153uf cru \u00e0 votre gruau | Vie Associative<\/title>\n<meta name=\"robots\" content=\"index, follow, max-snippet:-1, max-image-preview:large, max-video-preview:-1\" \/>\n<link rel=\"canonical\" href=\"https:\/\/vieassociative.be\/actualites\/vous-devriez-ajouter-un-oeuf-cru-a-votre-gruau\/\" \/>\n<meta property=\"og:locale\" content=\"fr_FR\" \/>\n<meta property=\"og:type\" content=\"article\" \/>\n<meta property=\"og:title\" content=\"Vous devriez ajouter un \u0153uf cru \u00e0 votre gruau | Vie Associative\" \/>\n<meta property=\"og:description\" content=\"Semblable au riz dans le tamago kake gohan, le gruau chaud \u00ab cuit \u00bb doucement l\u2019\u0153uf, transformant le blanc glissant et le jaune coulant en\" \/>\n<meta property=\"og:url\" content=\"https:\/\/vieassociative.be\/actualites\/vous-devriez-ajouter-un-oeuf-cru-a-votre-gruau\/\" \/>\n<meta property=\"og:site_name\" content=\"Vie Associative\" \/>\n<meta property=\"article:published_time\" content=\"2024-09-24T16:18:00+00:00\" \/>\n<meta property=\"og:image\" content=\"https:\/\/vieassociative.be\/actualites\/wp-content\/uploads\/2024\/09\/header_backgroundk-01-e1726694325946.png\" \/>\n\t<meta property=\"og:image:width\" content=\"279\" \/>\n\t<meta property=\"og:image:height\" content=\"92\" \/>\n\t<meta property=\"og:image:type\" content=\"image\/png\" \/>\n<meta name=\"author\" content=\"Julien\" \/>\n<meta name=\"twitter:card\" content=\"summary_large_image\" \/>\n<meta name=\"twitter:label1\" content=\"\u00c9crit par\" \/>\n\t<meta name=\"twitter:data1\" content=\"Julien\" \/>\n\t<meta name=\"twitter:label2\" content=\"Dur\u00e9e de lecture est.\" \/>\n\t<meta name=\"twitter:data2\" content=\"2 minutes\" \/>\n<script type=\"application\/ld+json\" class=\"yoast-schema-graph\">{\"@context\":\"https:\/\/schema.org\",\"@graph\":[{\"@type\":\"Article\",\"@id\":\"https:\/\/vieassociative.be\/actualites\/vous-devriez-ajouter-un-oeuf-cru-a-votre-gruau\/#article\",\"isPartOf\":{\"@id\":\"https:\/\/vieassociative.be\/actualites\/vous-devriez-ajouter-un-oeuf-cru-a-votre-gruau\/\"},\"author\":{\"name\":\"Julien\",\"@id\":\"https:\/\/vieassociative.be\/actualites\/#\/schema\/person\/b87ac4f82f9d4e7b7cec7395b679edc4\"},\"headline\":\"Vous devriez ajouter un \u0153uf cru \u00e0 votre gruau\",\"datePublished\":\"2024-09-24T16:18:00+00:00\",\"dateModified\":\"2024-09-24T16:18:00+00:00\",\"mainEntityOfPage\":{\"@id\":\"https:\/\/vieassociative.be\/actualites\/vous-devriez-ajouter-un-oeuf-cru-a-votre-gruau\/\"},\"wordCount\":441,\"publisher\":{\"@id\":\"https:\/\/vieassociative.be\/actualites\/#organization\"},\"image\":{\"@id\":\"https:\/\/vieassociative.be\/actualites\/vous-devriez-ajouter-un-oeuf-cru-a-votre-gruau\/#primaryimage\"},\"thumbnailUrl\":\"https:\/\/vieassociative.be\/actualites\/wp-content\/uploads\/2024\/09\/Vous-devriez-ajouter-un-oeuf-cru-a-votre-gruau.jpg\",\"keywords\":[\"ajouter\",\"cru\",\"devriez\",\"gruau\",\"\u0153uf\",\"votre\",\"Vous\"],\"articleSection\":[\"Gastronomie\"],\"inLanguage\":\"fr-BE\"},{\"@type\":\"WebPage\",\"@id\":\"https:\/\/vieassociative.be\/actualites\/vous-devriez-ajouter-un-oeuf-cru-a-votre-gruau\/\",\"url\":\"https:\/\/vieassociative.be\/actualites\/vous-devriez-ajouter-un-oeuf-cru-a-votre-gruau\/\",\"name\":\"Vous devriez ajouter un \u0153uf cru \u00e0 votre gruau | Vie Associative\",\"isPartOf\":{\"@id\":\"https:\/\/vieassociative.be\/actualites\/#website\"},\"primaryImageOfPage\":{\"@id\":\"https:\/\/vieassociative.be\/actualites\/vous-devriez-ajouter-un-oeuf-cru-a-votre-gruau\/#primaryimage\"},\"image\":{\"@id\":\"https:\/\/vieassociative.be\/actualites\/vous-devriez-ajouter-un-oeuf-cru-a-votre-gruau\/#primaryimage\"},\"thumbnailUrl\":\"https:\/\/vieassociative.be\/actualites\/wp-content\/uploads\/2024\/09\/Vous-devriez-ajouter-un-oeuf-cru-a-votre-gruau.jpg\",\"datePublished\":\"2024-09-24T16:18:00+00:00\",\"dateModified\":\"2024-09-24T16:18:00+00:00\",\"breadcrumb\":{\"@id\":\"https:\/\/vieassociative.be\/actualites\/vous-devriez-ajouter-un-oeuf-cru-a-votre-gruau\/#breadcrumb\"},\"inLanguage\":\"fr-BE\",\"potentialAction\":[{\"@type\":\"ReadAction\",\"target\":[\"https:\/\/vieassociative.be\/actualites\/vous-devriez-ajouter-un-oeuf-cru-a-votre-gruau\/\"]}]},{\"@type\":\"ImageObject\",\"inLanguage\":\"fr-BE\",\"@id\":\"https:\/\/vieassociative.be\/actualites\/vous-devriez-ajouter-un-oeuf-cru-a-votre-gruau\/#primaryimage\",\"url\":\"https:\/\/vieassociative.be\/actualites\/wp-content\/uploads\/2024\/09\/Vous-devriez-ajouter-un-oeuf-cru-a-votre-gruau.jpg\",\"contentUrl\":\"https:\/\/vieassociative.be\/actualites\/wp-content\/uploads\/2024\/09\/Vous-devriez-ajouter-un-oeuf-cru-a-votre-gruau.jpg\",\"width\":1200,\"height\":674,\"caption\":\"Vous devriez ajouter un \u0153uf cru \u00e0 votre gruau\"},{\"@type\":\"BreadcrumbList\",\"@id\":\"https:\/\/vieassociative.be\/actualites\/vous-devriez-ajouter-un-oeuf-cru-a-votre-gruau\/#breadcrumb\",\"itemListElement\":[{\"@type\":\"ListItem\",\"position\":1,\"name\":\"Accueil\",\"item\":\"https:\/\/vieassociative.be\/actualites\/\"},{\"@type\":\"ListItem\",\"position\":2,\"name\":\"Vous devriez ajouter un \u0153uf cru \u00e0 votre gruau\"}]},{\"@type\":\"WebSite\",\"@id\":\"https:\/\/vieassociative.be\/actualites\/#website\",\"url\":\"https:\/\/vieassociative.be\/actualites\/\",\"name\":\"Vie Associative\",\"description\":\"\",\"publisher\":{\"@id\":\"https:\/\/vieassociative.be\/actualites\/#organization\"},\"potentialAction\":[{\"@type\":\"SearchAction\",\"target\":{\"@type\":\"EntryPoint\",\"urlTemplate\":\"https:\/\/vieassociative.be\/actualites\/?s={search_term_string}\"},\"query-input\":{\"@type\":\"PropertyValueSpecification\",\"valueRequired\":true,\"valueName\":\"search_term_string\"}}],\"inLanguage\":\"fr-BE\"},{\"@type\":\"Organization\",\"@id\":\"https:\/\/vieassociative.be\/actualites\/#organization\",\"name\":\"Vie Associative\",\"url\":\"https:\/\/vieassociative.be\/actualites\/\",\"logo\":{\"@type\":\"ImageObject\",\"inLanguage\":\"fr-BE\",\"@id\":\"https:\/\/vieassociative.be\/actualites\/#\/schema\/logo\/image\/\",\"url\":\"https:\/\/vieassociative.be\/actualites\/wp-content\/uploads\/2024\/09\/cropped-vieassociative_favicon.ico.png\",\"contentUrl\":\"https:\/\/vieassociative.be\/actualites\/wp-content\/uploads\/2024\/09\/cropped-vieassociative_favicon.ico.png\",\"width\":512,\"height\":512,\"caption\":\"Vie Associative\"},\"image\":{\"@id\":\"https:\/\/vieassociative.be\/actualites\/#\/schema\/logo\/image\/\"}},{\"@type\":\"Person\",\"@id\":\"https:\/\/vieassociative.be\/actualites\/#\/schema\/person\/b87ac4f82f9d4e7b7cec7395b679edc4\",\"name\":\"Julien\",\"image\":{\"@type\":\"ImageObject\",\"inLanguage\":\"fr-BE\",\"@id\":\"https:\/\/vieassociative.be\/actualites\/#\/schema\/person\/image\/\",\"url\":\"https:\/\/vieassociative.be\/actualites\/wp-content\/uploads\/2024\/09\/vie-associative-1-150x150.jpg\",\"contentUrl\":\"https:\/\/vieassociative.be\/actualites\/wp-content\/uploads\/2024\/09\/vie-associative-1-150x150.jpg\",\"caption\":\"Julien\"},\"description\":\"Je suis Julien, r\u00e9dacteur pour Vie Associative. Passionn\u00e9 par le monde associatif depuis plus de 10 ans, j'ai \u00e0 c\u0153ur de partager des histoires inspirantes et de mettre en lumi\u00e8re les initiatives locales. Mon objectif est de sensibiliser et d'encourager l'engagement communautaire \u00e0 travers mes articles.\",\"sameAs\":[\"https:\/\/vieassociative.be\/\"]}]}<\/script>\n<!-- \/ Yoast SEO plugin. -->","yoast_head_json":{"title":"Vous devriez ajouter un \u0153uf cru \u00e0 votre gruau | Vie Associative","robots":{"index":"index","follow":"follow","max-snippet":"max-snippet:-1","max-image-preview":"max-image-preview:large","max-video-preview":"max-video-preview:-1"},"canonical":"https:\/\/vieassociative.be\/actualites\/vous-devriez-ajouter-un-oeuf-cru-a-votre-gruau\/","og_locale":"fr_FR","og_type":"article","og_title":"Vous devriez ajouter un \u0153uf cru \u00e0 votre gruau | Vie Associative","og_description":"Semblable au riz dans le tamago kake gohan, le gruau chaud \u00ab cuit \u00bb doucement l\u2019\u0153uf, transformant le blanc glissant et le jaune coulant en","og_url":"https:\/\/vieassociative.be\/actualites\/vous-devriez-ajouter-un-oeuf-cru-a-votre-gruau\/","og_site_name":"Vie Associative","article_published_time":"2024-09-24T16:18:00+00:00","og_image":[{"width":279,"height":92,"url":"https:\/\/vieassociative.be\/actualites\/wp-content\/uploads\/2024\/09\/header_backgroundk-01-e1726694325946.png","type":"image\/png"}],"author":"Julien","twitter_card":"summary_large_image","twitter_misc":{"\u00c9crit par":"Julien","Dur\u00e9e de lecture est.":"2 minutes"},"schema":{"@context":"https:\/\/schema.org","@graph":[{"@type":"Article","@id":"https:\/\/vieassociative.be\/actualites\/vous-devriez-ajouter-un-oeuf-cru-a-votre-gruau\/#article","isPartOf":{"@id":"https:\/\/vieassociative.be\/actualites\/vous-devriez-ajouter-un-oeuf-cru-a-votre-gruau\/"},"author":{"name":"Julien","@id":"https:\/\/vieassociative.be\/actualites\/#\/schema\/person\/b87ac4f82f9d4e7b7cec7395b679edc4"},"headline":"Vous devriez ajouter un \u0153uf cru \u00e0 votre gruau","datePublished":"2024-09-24T16:18:00+00:00","dateModified":"2024-09-24T16:18:00+00:00","mainEntityOfPage":{"@id":"https:\/\/vieassociative.be\/actualites\/vous-devriez-ajouter-un-oeuf-cru-a-votre-gruau\/"},"wordCount":441,"publisher":{"@id":"https:\/\/vieassociative.be\/actualites\/#organization"},"image":{"@id":"https:\/\/vieassociative.be\/actualites\/vous-devriez-ajouter-un-oeuf-cru-a-votre-gruau\/#primaryimage"},"thumbnailUrl":"https:\/\/vieassociative.be\/actualites\/wp-content\/uploads\/2024\/09\/Vous-devriez-ajouter-un-oeuf-cru-a-votre-gruau.jpg","keywords":["ajouter","cru","devriez","gruau","\u0153uf","votre","Vous"],"articleSection":["Gastronomie"],"inLanguage":"fr-BE"},{"@type":"WebPage","@id":"https:\/\/vieassociative.be\/actualites\/vous-devriez-ajouter-un-oeuf-cru-a-votre-gruau\/","url":"https:\/\/vieassociative.be\/actualites\/vous-devriez-ajouter-un-oeuf-cru-a-votre-gruau\/","name":"Vous devriez ajouter un \u0153uf cru \u00e0 votre gruau | Vie Associative","isPartOf":{"@id":"https:\/\/vieassociative.be\/actualites\/#website"},"primaryImageOfPage":{"@id":"https:\/\/vieassociative.be\/actualites\/vous-devriez-ajouter-un-oeuf-cru-a-votre-gruau\/#primaryimage"},"image":{"@id":"https:\/\/vieassociative.be\/actualites\/vous-devriez-ajouter-un-oeuf-cru-a-votre-gruau\/#primaryimage"},"thumbnailUrl":"https:\/\/vieassociative.be\/actualites\/wp-content\/uploads\/2024\/09\/Vous-devriez-ajouter-un-oeuf-cru-a-votre-gruau.jpg","datePublished":"2024-09-24T16:18:00+00:00","dateModified":"2024-09-24T16:18:00+00:00","breadcrumb":{"@id":"https:\/\/vieassociative.be\/actualites\/vous-devriez-ajouter-un-oeuf-cru-a-votre-gruau\/#breadcrumb"},"inLanguage":"fr-BE","potentialAction":[{"@type":"ReadAction","target":["https:\/\/vieassociative.be\/actualites\/vous-devriez-ajouter-un-oeuf-cru-a-votre-gruau\/"]}]},{"@type":"ImageObject","inLanguage":"fr-BE","@id":"https:\/\/vieassociative.be\/actualites\/vous-devriez-ajouter-un-oeuf-cru-a-votre-gruau\/#primaryimage","url":"https:\/\/vieassociative.be\/actualites\/wp-content\/uploads\/2024\/09\/Vous-devriez-ajouter-un-oeuf-cru-a-votre-gruau.jpg","contentUrl":"https:\/\/vieassociative.be\/actualites\/wp-content\/uploads\/2024\/09\/Vous-devriez-ajouter-un-oeuf-cru-a-votre-gruau.jpg","width":1200,"height":674,"caption":"Vous devriez ajouter un \u0153uf cru \u00e0 votre gruau"},{"@type":"BreadcrumbList","@id":"https:\/\/vieassociative.be\/actualites\/vous-devriez-ajouter-un-oeuf-cru-a-votre-gruau\/#breadcrumb","itemListElement":[{"@type":"ListItem","position":1,"name":"Accueil","item":"https:\/\/vieassociative.be\/actualites\/"},{"@type":"ListItem","position":2,"name":"Vous devriez ajouter un \u0153uf cru \u00e0 votre gruau"}]},{"@type":"WebSite","@id":"https:\/\/vieassociative.be\/actualites\/#website","url":"https:\/\/vieassociative.be\/actualites\/","name":"Vie Associative","description":"","publisher":{"@id":"https:\/\/vieassociative.be\/actualites\/#organization"},"potentialAction":[{"@type":"SearchAction","target":{"@type":"EntryPoint","urlTemplate":"https:\/\/vieassociative.be\/actualites\/?s={search_term_string}"},"query-input":{"@type":"PropertyValueSpecification","valueRequired":true,"valueName":"search_term_string"}}],"inLanguage":"fr-BE"},{"@type":"Organization","@id":"https:\/\/vieassociative.be\/actualites\/#organization","name":"Vie Associative","url":"https:\/\/vieassociative.be\/actualites\/","logo":{"@type":"ImageObject","inLanguage":"fr-BE","@id":"https:\/\/vieassociative.be\/actualites\/#\/schema\/logo\/image\/","url":"https:\/\/vieassociative.be\/actualites\/wp-content\/uploads\/2024\/09\/cropped-vieassociative_favicon.ico.png","contentUrl":"https:\/\/vieassociative.be\/actualites\/wp-content\/uploads\/2024\/09\/cropped-vieassociative_favicon.ico.png","width":512,"height":512,"caption":"Vie Associative"},"image":{"@id":"https:\/\/vieassociative.be\/actualites\/#\/schema\/logo\/image\/"}},{"@type":"Person","@id":"https:\/\/vieassociative.be\/actualites\/#\/schema\/person\/b87ac4f82f9d4e7b7cec7395b679edc4","name":"Julien","image":{"@type":"ImageObject","inLanguage":"fr-BE","@id":"https:\/\/vieassociative.be\/actualites\/#\/schema\/person\/image\/","url":"https:\/\/vieassociative.be\/actualites\/wp-content\/uploads\/2024\/09\/vie-associative-1-150x150.jpg","contentUrl":"https:\/\/vieassociative.be\/actualites\/wp-content\/uploads\/2024\/09\/vie-associative-1-150x150.jpg","caption":"Julien"},"description":"Je suis Julien, r\u00e9dacteur pour Vie Associative. Passionn\u00e9 par le monde associatif depuis plus de 10 ans, j'ai \u00e0 c\u0153ur de partager des histoires inspirantes et de mettre en lumi\u00e8re les initiatives locales. Mon objectif est de sensibiliser et d'encourager l'engagement communautaire \u00e0 travers mes articles.","sameAs":["https:\/\/vieassociative.be\/"]}]}},"_links":{"self":[{"href":"https:\/\/vieassociative.be\/actualites\/wp-json\/wp\/v2\/posts\/417"}],"collection":[{"href":"https:\/\/vieassociative.be\/actualites\/wp-json\/wp\/v2\/posts"}],"about":[{"href":"https:\/\/vieassociative.be\/actualites\/wp-json\/wp\/v2\/types\/post"}],"author":[{"embeddable":true,"href":"https:\/\/vieassociative.be\/actualites\/wp-json\/wp\/v2\/users\/1"}],"replies":[{"embeddable":true,"href":"https:\/\/vieassociative.be\/actualites\/wp-json\/wp\/v2\/comments?post=417"}],"version-history":[{"count":0,"href":"https:\/\/vieassociative.be\/actualites\/wp-json\/wp\/v2\/posts\/417\/revisions"}],"wp:featuredmedia":[{"embeddable":true,"href":"https:\/\/vieassociative.be\/actualites\/wp-json\/wp\/v2\/media\/418"}],"wp:attachment":[{"href":"https:\/\/vieassociative.be\/actualites\/wp-json\/wp\/v2\/media?parent=417"}],"wp:term":[{"taxonomy":"category","embeddable":true,"href":"https:\/\/vieassociative.be\/actualites\/wp-json\/wp\/v2\/categories?post=417"},{"taxonomy":"post_tag","embeddable":true,"href":"https:\/\/vieassociative.be\/actualites\/wp-json\/wp\/v2\/tags?post=417"}],"curies":[{"name":"wp","href":"https:\/\/api.w.org\/{rel}","templated":true}]}}